{"id":62874,"date":"2021-09-01T10:04:30","date_gmt":"2021-09-01T15:04:30","guid":{"rendered":"https:\/\/www.grieta.org.mx\/?p=62874"},"modified":"2021-12-16T10:27:52","modified_gmt":"2021-12-16T16:27:52","slug":"jornaleros-agricolas-de-los-mas-vulnerados-ante-covid-19","status":"publish","type":"post","link":"https:\/\/www.grieta.org.mx\/index.php\/2021\/09\/01\/jornaleros-agricolas-de-los-mas-vulnerados-ante-covid-19\/","title":{"rendered":"Jornaleros agr\u00edcolas, de los m\u00e1s vulnerados ante Covid-19"},"content":{"rendered":"<p>\u00c9rika Ram\u00edrez -Contar\u00f1inea,  01 Sep 2021<br \/>\nLa Red Nacional de Jornaleros y Jornaleras Agr\u00edcolas (REJJA), con presencia en Chiapas, Oaxaca, Guerrero, Ciudad de M\u00e9xico, Morelos, San Luis Potos\u00ed, Guanajuato, Sinaloa y Sonora, alert\u00f3 que este grupo de campesinos migrantes se enfrentan \u201ca una serie de situaciones que han vulnerado a\u00fan m\u00e1s sus derechos y disminuido sus garant\u00edas\u201d, en el contexto de la pandemia por Covid-19.<\/p>\n<p>A trav\u00e9s de un comunicado, la organizaci\u00f3n indic\u00f3 que se han registrado, de junio a agosto de 2020, \u201c11 casos positivos en Sonora; en Meoqui, Chihuahua la Secretar\u00eda de Salud estatal report\u00f3 un brote de Covid-19 que infect\u00f3 a 27 jornaleros agr\u00edcolas, y uno falleci\u00f3. En Fresnillo, Zacatecas una mujer jornalera muri\u00f3; mientras que, en Vizca\u00edno, Baja California Sur se report\u00f3 un brote que se extendi\u00f3 a 3 campos, sumando aproximadamente 35 contagios en esa zona agr\u00edcola\u201d.<\/p>\n<p>\u201cEn ese mismo periodo, las autoridades de Zacatecas tambi\u00e9n reportaron que alrededor de tres mil jornaleros procedentes de Guerrero, Michoac\u00e1n, Nayarit y Sinaloa se encontraban en alto riesgo de infecci\u00f3n, debido al hacinamiento en el que viven concentrados en bodegas, en grupos de entre 40 y 60 personas, incluso familias completas.<\/p>\n<p>\u201cEn el estado de Aguascalientes, una beb\u00e9 de tres meses falleci\u00f3 por Covid, era originaria del poblado Barrio de los Hilarios, municipio de Cochoapa el Grande, la Monta\u00f1a Alta de Guerrero\u201d. Mientras que en octubre del 2020, la Secretar\u00eda de Salud de Guanajuato inform\u00f3 que se identific\u00f3 un brote de Covid-19 en la localidad de San Carlos \u201cEl Jag\u00fcey\u201d, municipio de Romita.<\/p>\n<p>Esta situaci\u00f3n ha persistido durante el 2021, a julio se detectaron tres brotes de coronavirus en la poblaci\u00f3n jornalera; el primero, en El Carrizal, Baja California Sur, seg\u00fan datos del delegado, \u201clos 30 contagios que se registraron fueron provocados por los jornaleros que vienen de fuera a trabajar a los campos\u201d. El segundo, en el albergue para familias jornaleras, ubicado en la sindicatura de Isla del Bosque, municipio de Escuinapa, Sinaloa, \u201cse desconoce el n\u00famero exacto de las personas jornaleras contagiadas\u201d. El tercer brote ocurri\u00f3 en los campos meloneros de Zir\u00e1ndaro, Guerrero, donde se registrando 13 casos.<\/p>\n<p>\u201cEn el estado de Aguascalientes, una beb\u00e9 de tres meses falleci\u00f3 por Covid, era originaria del poblado Barrio de los Hilarios, municipio de Cochoapa el Grande, la Monta\u00f1a Alta de Guerrero\u201d. Mientras que en octubre del 2020, la Secretar\u00eda de Salud de Guanajuato inform\u00f3 que se identific\u00f3 un brote de Covid-19 en la localidad de San Carlos \u201cEl Jag\u00fcey\u201d, municipio de Romita.<\/p>\n<p>Esta situaci\u00f3n ha persistido durante el 2021, a julio se detectaron tres brotes de coronavirus en la poblaci\u00f3n jornalera; el primero, en El Carrizal, Baja California Sur, seg\u00fan datos del delegado, \u201clos 30 contagios que se registraron fueron provocados por los jornaleros que vienen de fuera a trabajar a los campos\u201d. El segundo, en el albergue para familias jornaleras, ubicado en la sindicatura de Isla del Bosque, municipio de Escuinapa, Sinaloa, \u201cse desconoce el n\u00famero exacto de las personas jornaleras contagiadas\u201d. El tercer brote ocurri\u00f3 en los campos meloneros de Zir\u00e1ndaro, Guerrero, donde se registrando 13 casos.<\/p>\n<p>Para agosto, en R\u00edo Florido, en el municipio de Fresnillo, Zacatecas, precisa la Red, \u201cfalleci\u00f3 una mujer jornalera de 32 a\u00f1os, una semana despu\u00e9s una ni\u00f1a de un a\u00f1o y dos meses, despu\u00e9s un hombre de 38 a\u00f1os, ambos originarios del estado de Guerrero. Sus familiares solicitaron el traslado del cuerpo del jornalero a su lugar de origen, pero al ser muerte por Covid-19 el protocolo del manejo de cuerpos lo impide y fue sepultado en el pante\u00f3n de la comunidad. La Delegaci\u00f3n Municipal de R\u00edo Florido se hizo cargo de los sepelios, debido a que \u201cla Fiscal\u00eda General de Justicia del estado y la Secretar\u00eda de Salud de Zacatecas no brindaron alg\u00fan apoyo a las familias por considerar que se trataba de trabajadores agr\u00edcolas provenientes de otras entidades.\u201d<\/p>\n<p>Preocupa a la Red, indica el comunicado, particularmente la situaci\u00f3n de las mujeres, ni\u00f1os, adolescentes y \u201cpersonas jornaleras con discapacidad, especialmente de contextos rurales e ind\u00edgenas, ya que se encuentran en una situaci\u00f3n de mayor vulnerabilidad frente a la pandemia. Ante este escenario, a pesar de que ha sido considerado un sector esencial, su situaci\u00f3n se invisibilizado porque viene de la mano de un proceso arraigado de condiciones de explotaci\u00f3n laboral, que se ha agravado ahora por la Covid-19\u201d.<\/p>\n<p><a href=\"https:\/\/contralinea.com.mx\/jornaleros-agricolas-de-los-mas-vulnerados-ante-covid-19\/?utm_source=pocket_mylist\">https:\/\/contralinea.com.mx\/jornaleros-agricolas-de-los-mas-vulnerados-ante-covid-19\/?utm_source=pocket_mylist<\/a><\/p>\n","protected":false},"excerpt":{"rendered":"<p>\u00c9rika Ram\u00edrez -Contar\u00f1inea, 01 Sep 2021 La Red Nacional de Jornaleros y Jornaleras Agr\u00edcolas (REJJA), con presencia en Chiapas, Oaxaca, Guerrero, Ciudad de M\u00e9xico, Morelos, San Luis Potos\u00ed, Guanajuato, Sinaloa &hellip; <a href=\"https:\/\/www.grieta.org.mx\/index.php\/2021\/09\/01\/jornaleros-agricolas-de-los-mas-vulnerados-ante-covid-19\/\" class=\"more-link\">Leer m\u00e1s<\/a><\/p>\n","protected":false},"author":2,"featured_media":62875,"comment_status":"closed","ping_status":"closed","sticky":false,"template":"","format":"standard","meta":{"ngg_post_thumbnail":0,"_jetpack_newsletter_access":"","_jetpack_dont_email_post_to_subs":false,"_jetpack_newsletter_tier_id":0,"_jetpack_memberships_contains_paywalled_content":false,"_jetpack_memberships_contains_paid_content":false,"footnotes":""},"categories":[4,5,3290,3249,1109,18,85,369,2323,1508,1188,2339,76],"tags":[3241,1796,2841,2794,1056],"class_list":["post-62874","post","type-post","status-publish","format-standard","has-post-thumbnail","hentry","category-aguascalientes","category-baja-california","category-covid-19-en-aguascalientes","category-covid-19-en-zacatecas","category-explotacion-y-precariedad-laboral-zacatecas","category-guerrero","category-jornaleros","category-jornaleros-analisis","category-jornaleros-en-baja-california","category-jornaleros-en-zacatecas","category-migrantes-en-aguascalientes","category-pobreza-en-aguascalientes","category-zacatecas","tag-covid-19","tag-explotacion-de-migrantes","tag-explotacion-y-precariedad-laboral","tag-jornaleros-agricolas","tag-lucha-de-jornaleros","entry"],"jetpack_featured_media_url":"https:\/\/www.grieta.org.mx\/wp-content\/uploads\/2021\/12\/Captura-de-pantalla-2021-12-16-a-las-10.23.42.png","jetpack_sharing_enabled":true,"jetpack_shortlink":"https:\/\/wp.me\/p7ZJR4-gm6","jetpack_likes_enabled":false,"jetpack-related-posts":[{"id":47969,"url":"https:\/\/www.grieta.org.mx\/index.php\/2020\/04\/08\/coronavirus-denuncian-riesgo-de-jornaleros-agricolas-a-covid-19\/","url_meta":{"origin":62874,"position":0},"title":"Coronavirus: Denuncian riesgo de jornaleros agr\u00edcolas a COVID-19","author":"grieta","date":"8 abril, 2020","format":false,"excerpt":"En M\u00e9xico, al menos 2 millones de personas migran de su lugar de origen a los campos agr\u00edcolas para emplearse como jornaleras agr\u00edcolas Alina Escobedo, Plumas at\u00f3micas \/8 de abril de 2020 En M\u00e9xico, al menos 2 millones de personas migran de su lugar de origen a los campos agr\u00edcolas\u2026","rel":"","context":"En &quot;Baja California&quot;","block_context":{"text":"Baja California","link":"https:\/\/www.grieta.org.mx\/index.php\/category\/noticias-nacionales\/baja-california\/"},"img":{"alt_text":"","src":"https:\/\/i0.wp.com\/www.grieta.org.mx\/wp-content\/uploads\/2020\/04\/JornalerosCOVID.jpg?resize=350%2C200&ssl=1","width":350,"height":200,"srcset":"https:\/\/i0.wp.com\/www.grieta.org.mx\/wp-content\/uploads\/2020\/04\/JornalerosCOVID.jpg?resize=350%2C200&ssl=1 1x, https:\/\/i0.wp.com\/www.grieta.org.mx\/wp-content\/uploads\/2020\/04\/JornalerosCOVID.jpg?resize=525%2C300&ssl=1 1.5x, https:\/\/i0.wp.com\/www.grieta.org.mx\/wp-content\/uploads\/2020\/04\/JornalerosCOVID.jpg?resize=700%2C400&ssl=1 2x, https:\/\/i0.wp.com\/www.grieta.org.mx\/wp-content\/uploads\/2020\/04\/JornalerosCOVID.jpg?resize=1050%2C600&ssl=1 3x"},"classes":[]},{"id":52238,"url":"https:\/\/www.grieta.org.mx\/index.php\/2020\/07\/08\/covid-19-broto-entre-jornaleros-agricolas-y-sus-familias-en-4-estados-y-hay-dos-muertos-red\/","url_meta":{"origin":62874,"position":1},"title":"COVID-19 brot\u00f3 entre jornaleros agr\u00edcolas y sus familias en 4 estados, y hay dos muertos: Red","author":"grieta","date":"8 julio, 2020","format":false,"excerpt":"Entre hacinamiento, explotaci\u00f3n infantil, desregulaci\u00f3n de transporte de una zona a otra y sin seguridad social, la COVID-19 brot\u00f3 entre jornaleros agr\u00edcolas y sus familias, a pesar de las gu\u00edas de medidas sanitarias distribuidas por la Secretar\u00eda del Trabajo a las empresas productoras. Dulce Olvera \/ Sinembargo, 08 de julio\u2026","rel":"","context":"En &quot;Baja California&quot;","block_context":{"text":"Baja California","link":"https:\/\/www.grieta.org.mx\/index.php\/category\/noticias-nacionales\/baja-california\/"},"img":{"alt_text":"","src":"https:\/\/i0.wp.com\/www.grieta.org.mx\/wp-content\/uploads\/2020\/08\/jornaleros-guerrero.jpg?resize=350%2C200&ssl=1","width":350,"height":200,"srcset":"https:\/\/i0.wp.com\/www.grieta.org.mx\/wp-content\/uploads\/2020\/08\/jornaleros-guerrero.jpg?resize=350%2C200&ssl=1 1x, https:\/\/i0.wp.com\/www.grieta.org.mx\/wp-content\/uploads\/2020\/08\/jornaleros-guerrero.jpg?resize=525%2C300&ssl=1 1.5x, https:\/\/i0.wp.com\/www.grieta.org.mx\/wp-content\/uploads\/2020\/08\/jornaleros-guerrero.jpg?resize=700%2C400&ssl=1 2x, https:\/\/i0.wp.com\/www.grieta.org.mx\/wp-content\/uploads\/2020\/08\/jornaleros-guerrero.jpg?resize=1050%2C600&ssl=1 3x"},"classes":[]},{"id":31676,"url":"https:\/\/www.grieta.org.mx\/index.php\/2019\/04\/01\/auge-agricola-en-sl-aumenta-explotacion-de-jornaleros-san-luis-potosi\/","url_meta":{"origin":62874,"position":2},"title":"Auge agr\u00edcola en SL aumenta explotaci\u00f3n de jornaleros (San Luis Potos\u00ed)","author":"grieta","date":"1 abril, 2019","format":false,"excerpt":"Jaime Hern\u00e1ndez \/ Pulso OSC advierte que se mantienen las condiciones deplorables en las que laboran y viven San Luis Potos\u00ed tiene una poblaci\u00f3n flotante de 94 mil 826 jornaleros agr\u00edcolas migrantes, y ha aumentado en los \u00faltimos a\u00f1os debido al incremento de los cultivos agr\u00edcolas en la entidad. Sin\u2026","rel":"","context":"En &quot;CINTILLO&quot;","block_context":{"text":"CINTILLO","link":"https:\/\/www.grieta.org.mx\/index.php\/category\/cintillo\/"},"img":{"alt_text":"","src":"https:\/\/i0.wp.com\/www.grieta.org.mx\/wp-content\/uploads\/2018\/03\/14524434_1106112876131411_958039263622046936_o.jpg?resize=350%2C200&ssl=1","width":350,"height":200,"srcset":"https:\/\/i0.wp.com\/www.grieta.org.mx\/wp-content\/uploads\/2018\/03\/14524434_1106112876131411_958039263622046936_o.jpg?resize=350%2C200&ssl=1 1x, https:\/\/i0.wp.com\/www.grieta.org.mx\/wp-content\/uploads\/2018\/03\/14524434_1106112876131411_958039263622046936_o.jpg?resize=525%2C300&ssl=1 1.5x, https:\/\/i0.wp.com\/www.grieta.org.mx\/wp-content\/uploads\/2018\/03\/14524434_1106112876131411_958039263622046936_o.jpg?resize=700%2C400&ssl=1 2x"},"classes":[]},{"id":30844,"url":"https:\/\/www.grieta.org.mx\/index.php\/2019\/02\/27\/solo-7-5-de-jornaleros-agricolas-cuentan-con-seguridad-social\/","url_meta":{"origin":62874,"position":3},"title":"S\u00f3lo 7.5% de jornaleros agr\u00edcolas cuentan con seguridad social","author":"grieta","date":"27 febrero, 2019","format":false,"excerpt":"Al\u00e1n Avi\u00f1a\/UNIRADIO NOTICIAS Hermosillo.- S\u00f3lo el 7.5% de los jornaleros agr\u00edcolas del Pa\u00eds cuentan con seguridad social y existe una sobredemanda de trabajadores que ha intensificado la migraci\u00f3n temporal en el interior de M\u00e9xico, indic\u00f3 Mar\u00eda Antonieta Barr\u00f3n P\u00e9rez. La investigadora de la Facultad de Econom\u00eda de la Universidad Nacional\u2026","rel":"","context":"En &quot;Baja California&quot;","block_context":{"text":"Baja California","link":"https:\/\/www.grieta.org.mx\/index.php\/category\/noticias-nacionales\/baja-california\/"},"img":{"alt_text":"","src":"https:\/\/i0.wp.com\/www.grieta.org.mx\/wp-content\/uploads\/2019\/03\/jornaleros-sonora.jpg?resize=350%2C200&ssl=1","width":350,"height":200,"srcset":"https:\/\/i0.wp.com\/www.grieta.org.mx\/wp-content\/uploads\/2019\/03\/jornaleros-sonora.jpg?resize=350%2C200&ssl=1 1x, https:\/\/i0.wp.com\/www.grieta.org.mx\/wp-content\/uploads\/2019\/03\/jornaleros-sonora.jpg?resize=525%2C300&ssl=1 1.5x, https:\/\/i0.wp.com\/www.grieta.org.mx\/wp-content\/uploads\/2019\/03\/jornaleros-sonora.jpg?resize=700%2C400&ssl=1 2x"},"classes":[]},{"id":37208,"url":"https:\/\/www.grieta.org.mx\/index.php\/2019\/07\/28\/explotan-en-slp-a-94-mil-jornaleros-indigenas-de-guerrero\/","url_meta":{"origin":62874,"position":4},"title":"Explotan en SLP a 94 mil jornaleros ind\u00edgenas de Guerrero","author":"grieta","date":"28 julio, 2019","format":false,"excerpt":"Cristian Morales \/ Quadrat\u00edn SLP SAN LUIS POTOS\u00cd, SLP., 28 de julio de 2019.- En condiciones de explotaci\u00f3n, sin servicios m\u00e9dicos y sumidos en la precariedad, han vivido cerca de 94 mil ind\u00edgenas de la regi\u00f3n Costa-Monta\u00f1a de Guerrero cuando llegan a laborar en cultivos de Cedral, Vanegas, Villa de\u2026","rel":"","context":"En &quot;CINTILLO&quot;","block_context":{"text":"CINTILLO","link":"https:\/\/www.grieta.org.mx\/index.php\/category\/cintillo\/"},"img":{"alt_text":"","src":"https:\/\/i0.wp.com\/www.grieta.org.mx\/wp-content\/uploads\/2019\/07\/campo-mexico-1160x700.jpg?resize=350%2C200&ssl=1","width":350,"height":200,"srcset":"https:\/\/i0.wp.com\/www.grieta.org.mx\/wp-content\/uploads\/2019\/07\/campo-mexico-1160x700.jpg?resize=350%2C200&ssl=1 1x, https:\/\/i0.wp.com\/www.grieta.org.mx\/wp-content\/uploads\/2019\/07\/campo-mexico-1160x700.jpg?resize=525%2C300&ssl=1 1.5x, https:\/\/i0.wp.com\/www.grieta.org.mx\/wp-content\/uploads\/2019\/07\/campo-mexico-1160x700.jpg?resize=700%2C400&ssl=1 2x, https:\/\/i0.wp.com\/www.grieta.org.mx\/wp-content\/uploads\/2019\/07\/campo-mexico-1160x700.jpg?resize=1050%2C600&ssl=1 3x"},"classes":[]},{"id":2770,"url":"https:\/\/www.grieta.org.mx\/index.php\/2015\/03\/31\/colima-entre-los-18-estados-donde-se-explota-a-los-jornaleros-agricolas-fiob\/","url_meta":{"origin":62874,"position":5},"title":"Colima, entre los 18 estados donde se explota a los jornaleros agr\u00edcolas: FIOB","author":"grieta","date":"31 marzo, 2015","format":false,"excerpt":"\u201cColima, M\u00e9xico. Avanzada (31 de marzo de 2015).- El Frente Ind\u00edgena de Organizaciones Binacionales (FIOB) denunci\u00f3 que en 18 estados del pa\u00eds, entre ellos Colima, Sinaloa, Sonora, Baja California, Jalisco y Nayarit, los jornaleros agr\u00edcolas viven en condiciones de vulnerabilidad y constante violaci\u00f3n a sus derechos fundamentales. \u201cSin que hasta\u2026","rel":"","context":"En &quot;CINTILLO&quot;","block_context":{"text":"CINTILLO","link":"https:\/\/www.grieta.org.mx\/index.php\/category\/cintillo\/"},"img":{"alt_text":"","src":"https:\/\/i0.wp.com\/www.grieta.org.mx\/wp-content\/uploads\/2018\/03\/14524434_1106112876131411_958039263622046936_o.jpg?resize=350%2C200&ssl=1","width":350,"height":200,"srcset":"https:\/\/i0.wp.com\/www.grieta.org.mx\/wp-content\/uploads\/2018\/03\/14524434_1106112876131411_958039263622046936_o.jpg?resize=350%2C200&ssl=1 1x, https:\/\/i0.wp.com\/www.grieta.org.mx\/wp-content\/uploads\/2018\/03\/14524434_1106112876131411_958039263622046936_o.jpg?resize=525%2C300&ssl=1 1.5x, https:\/\/i0.wp.com\/www.grieta.org.mx\/wp-content\/uploads\/2018\/03\/14524434_1106112876131411_958039263622046936_o.jpg?resize=700%2C400&ssl=1 2x"},"classes":[]}],"_links":{"self":[{"href":"https:\/\/www.grieta.org.mx\/index.php\/wp-json\/wp\/v2\/posts\/62874","targetHints":{"allow":["GET"]}}],"collection":[{"href":"https:\/\/www.grieta.org.mx\/index.php\/wp-json\/wp\/v2\/posts"}],"about":[{"href":"https:\/\/www.grieta.org.mx\/index.php\/wp-json\/wp\/v2\/types\/post"}],"author":[{"embeddable":true,"href":"https:\/\/www.grieta.org.mx\/index.php\/wp-json\/wp\/v2\/users\/2"}],"replies":[{"embeddable":true,"href":"https:\/\/www.grieta.org.mx\/index.php\/wp-json\/wp\/v2\/comments?post=62874"}],"version-history":[{"count":1,"href":"https:\/\/www.grieta.org.mx\/index.php\/wp-json\/wp\/v2\/posts\/62874\/revisions"}],"predecessor-version":[{"id":62876,"href":"https:\/\/www.grieta.org.mx\/index.php\/wp-json\/wp\/v2\/posts\/62874\/revisions\/62876"}],"wp:featuredmedia":[{"embeddable":true,"href":"https:\/\/www.grieta.org.mx\/index.php\/wp-json\/wp\/v2\/media\/62875"}],"wp:attachment":[{"href":"https:\/\/www.grieta.org.mx\/index.php\/wp-json\/wp\/v2\/media?parent=62874"}],"wp:term":[{"taxonomy":"category","embeddable":true,"href":"https:\/\/www.grieta.org.mx\/index.php\/wp-json\/wp\/v2\/categories?post=62874"},{"taxonomy":"post_tag","embeddable":true,"href":"https:\/\/www.grieta.org.mx\/index.php\/wp-json\/wp\/v2\/tags?post=62874"}],"curies":[{"name":"wp","href":"https:\/\/api.w.org\/{rel}","templated":true}]}}