{"id":62860,"date":"2021-11-09T20:32:08","date_gmt":"2021-11-10T02:32:08","guid":{"rendered":"http:\/\/www.grieta.org.mx\/?p=62860"},"modified":"2021-12-15T23:50:46","modified_gmt":"2021-12-16T05:50:46","slug":"mexico-puente-comercial-del-mundo-arrasara-con-los-pueblos-y-la-biodiversidad-oaxaca","status":"publish","type":"post","link":"https:\/\/www.grieta.org.mx\/index.php\/2021\/11\/09\/mexico-puente-comercial-del-mundo-arrasara-con-los-pueblos-y-la-biodiversidad-oaxaca\/","title":{"rendered":"M\u00c9XICO:  Puente comercial del mundo arrasar\u00e1 con los pueblos y la biodiversidad (Oaxaca)"},"content":{"rendered":"<p>Avispa Midia \/ Textos y Fotos: Santiago Navarro F.<\/p>\n<p><img loading=\"lazy\" decoding=\"async\" data-attachment-id=\"62861\" data-permalink=\"https:\/\/www.grieta.org.mx\/index.php\/2021\/11\/09\/mexico-puente-comercial-del-mundo-arrasara-con-los-pueblos-y-la-biodiversidad-oaxaca\/am091121\/\" data-orig-file=\"https:\/\/www.grieta.org.mx\/wp-content\/uploads\/2021\/12\/AM091121.jpg\" data-orig-size=\"1080,568\" data-comments-opened=\"0\" data-image-meta=\"{&quot;aperture&quot;:&quot;0&quot;,&quot;credit&quot;:&quot;&quot;,&quot;camera&quot;:&quot;&quot;,&quot;caption&quot;:&quot;&quot;,&quot;created_timestamp&quot;:&quot;0&quot;,&quot;copyright&quot;:&quot;santiago navarro f&quot;,&quot;focal_length&quot;:&quot;0&quot;,&quot;iso&quot;:&quot;0&quot;,&quot;shutter_speed&quot;:&quot;0&quot;,&quot;title&quot;:&quot;&quot;,&quot;orientation&quot;:&quot;0&quot;}\" data-image-title=\"AM091121\" data-image-description=\"\" data-image-caption=\"\" data-medium-file=\"https:\/\/www.grieta.org.mx\/wp-content\/uploads\/2021\/12\/AM091121-300x158.jpg\" data-large-file=\"https:\/\/www.grieta.org.mx\/wp-content\/uploads\/2021\/12\/AM091121-1024x539.jpg\" class=\"alignnone wp-image-62861\" src=\"http:\/\/www.grieta.org.mx\/wp-content\/uploads\/2021\/12\/AM091121.jpg\" alt=\"\" width=\"800\" height=\"421\" srcset=\"https:\/\/www.grieta.org.mx\/wp-content\/uploads\/2021\/12\/AM091121.jpg 1080w, https:\/\/www.grieta.org.mx\/wp-content\/uploads\/2021\/12\/AM091121-300x158.jpg 300w, https:\/\/www.grieta.org.mx\/wp-content\/uploads\/2021\/12\/AM091121-1024x539.jpg 1024w, https:\/\/www.grieta.org.mx\/wp-content\/uploads\/2021\/12\/AM091121-768x404.jpg 768w\" sizes=\"auto, (max-width: 800px) 100vw, 800px\" \/><\/p>\n<p>Roque Antonio Santiago es un ind\u00edgena zapoteco que tiene m\u00e1s de 80 a\u00f1os de edad y vive en la comunidad de San Pedro Comitancillo, al sur de M\u00e9xico. Escarbando entre sus recuerdos rememora muy bien el a\u00f1o 1958. En aquella \u00e9poca, \u00e9l era estudiante de la Escuela Normal Rural que hab\u00eda en su localidad, donde se form\u00f3 como profesor. Estas escuelas, creadas entre los a\u00f1os 1934-1940 por el gobierno de L\u00e1zaro C\u00e1rdenas del R\u00edo, eran una de las pocas opciones para los ind\u00edgenas y campesinos que quer\u00edan estudiar un nivel superior. \u201cFue lo m\u00e1s importante para nuestra comunidad\u201d, cuenta Roque con cierta nostalgia, al ver que el gobierno ha cerrado la mayor\u00eda de estas instituciones, incluyendo la de su zona.<\/p>\n<p>Adem\u00e1s de esa escuela, otro recuerdo de este campesino es el tren, \u201cporque fue un medio de transporte para los estudiantes y para los habitantes de las comunidades que transportaban su totopo (tortilla de ma\u00edz crujiente)\u201d, dice Roque.<\/p>\n<p>Este ferrocarril que conectaba el oc\u00e9ano Pac\u00edfico con el Atl\u00e1ntico tuvo su apogeo entre 1899 y 1915, hasta que se vino en picada con la construcci\u00f3n del canal de Panam\u00e1. En su punto m\u00e1s \u00e1lgido \u201clleg\u00f3 a cruzar alrededor de 60 trenes diariamente\u201d, dice Jaime Torres Fragoso, investigador de la Universidad del Istmo. Por esta ruta, a\u00f1ade, pasaban las tropas y pertrechos militares de los Estados Unidos. Tambi\u00e9n el az\u00facar y el petr\u00f3leo que ten\u00edan como destino la costa Este estadounidense.<\/p>\n<p>Sesenta y tres a\u00f1os despu\u00e9s de donde se desprenden los pedazos de recuerdos de Roque, las v\u00edas del tren est\u00e1n siendo habilitadas por el gobierno de Andr\u00e9s Manuel L\u00f3pez Obrador. El objetivo es convertir a esta regi\u00f3n en el puente comercial del mundo, a trav\u00e9s de la modernizaci\u00f3n del Ferrocarril del Istmo de Tehuantepec (FIT).<\/p>\n<div style=\"width: 640px;\" class=\"wp-video\"><video class=\"wp-video-shortcode\" id=\"video-62860-1\" width=\"640\" height=\"360\" preload=\"metadata\" controls=\"controls\"><source type=\"video\/mp4\" src=\"https:\/\/avispa.org\/puente-comercial-del-mundo-arrasara-con-los-pueblos\/images\/12.mp4?_=1\" \/><a href=\"https:\/\/avispa.org\/puente-comercial-del-mundo-arrasara-con-los-pueblos\/images\/12.mp4\">https:\/\/avispa.org\/puente-comercial-del-mundo-arrasara-con-los-pueblos\/images\/12.mp4<\/a><\/video><\/div>\n<p>Una de las cuatro Manifestaciones de Impacto Ambiental (MIA), elaborada por la empresa paraestatal FIT, indica que el ferrocarril absorber\u00e1 parte de los contenedores que cruzan por el canal de Panam\u00e1, los cuales, \u201csumado a los 10 d\u00edas que deben esperar para que llegue su turno para pasar, tardan aproximadamente nueve horas en atravesar el canal. En cambio, en el FIT realizar\u00e1n su recorrido en menos de cuatro horas\u201d, es decir, menos de la mitad del tiempo requerido en Panam\u00e1.<\/p>\n<p>Por otra parte, en 2018, el Estudio de Demanda de Carga para la Zona de Influencia de las v\u00edas del sureste, desarrollado por la Agencia Reguladora del Transporte Ferroviario (ARTF), identifico\u0301 que en esta franja de tierra de un poco m\u00e1s de 200 km que separan al Golfo de M\u00e9xico con el oc\u00e9ano Paci\u0301fico, \u201cexiste una demanda potencial de 5 millones 600 mil toneladas anuales que ya se mueven por la carretera trans\u00edstmica\u201d y, tambi\u00e9n, \u201cpueden ser captadas por la Li\u0301nea Z\u201d, como se le denomina a la v\u00eda del FIT.<\/p>\n<p>Dicha modernizaci\u00f3n no cabe en la imaginaci\u00f3n del ind\u00edgena Roque. \u00c9l no sabe que forma parte de un proyecto m\u00e1s amplio de reordenamiento de todo el Istmo, llamado Corredor Multimodal Interoce\u00e1nico (CMI). \u201cLa modernizaci\u00f3n del FIT ser\u00e1 la primera acci\u00f3n a ser desarrollada dentro de un marco estrat\u00e9gico y actuar\u00e1 como elemento catalizador del resto de proyectos de modernizaci\u00f3n y desarrollo del CMI. En este esquema, se contempla que el FIT, a partir de 2023, comience a transportar las mercanc\u00edas que llegan a tierra firme (en los puertos) despu\u00e9s de haber sido movilizadas por cualquiera de ambos oc\u00e9anos\u201d, seg\u00fan la MIA.<\/p>\n<p>Un ferrocarril que impactar\u00e1 muchas vidas<\/p>\n<p>Los principales pueblos originarios afectados son 12: los zapotecos o binniza; mixe o ayuuk; n\u00e1huatl; popoluca; huave o ikjots; chontal o lajl pima; chinanteco o tsa ju jni; mixteco o n\u0303usavi; zoque chimas o angpon; mazateco o shuta enima; tzotzil y barren\u0303os.<\/p>\n<p>Estos pueblos se encuentran distribuidos en los 79 municipios que recorrer\u00e1 el ferrocarril. Y se considera que los impactos que tendr\u00e1n ser\u00e1n severos, porque se convertir\u00e1n en ciudades industriales. Adem\u00e1s, sumada a la reactivaci\u00f3n del FIT, se contempla m\u00e1s \u201cinfraestructura, carreteras, gasoductos, ampliaci\u00f3n y modernizaci\u00f3n de aeropuertos, fibra \u00f3ptica\u201d, pero, sobre todo, \u201cse ir\u00e1n desarrollando polos urbanos\u201d, indica Rafael Mar\u00edn Mollinedo, director del organismo p\u00fablico descentralizado Corredor Interoce\u00e1nico del Istmo de Tehuantepec (CIIT).<\/p>\n<p>La investigadora Ana Esther Cece\u00f1a, del Observatorio Latinoamericano de Geopol\u00edtica, resalta que desde el Tratado de Libre Comercio de Am\u00e9rica del Norte (TLCAN) se propuso que, esta regi\u00f3n, con el programa llamado Plan Puebla Panam\u00e1 (PPP), se reconfigurar\u00eda con infraestructura vial, comunicaciones, puertos y polos industriales y con el sector manofacturero, conocido coloquialmente como maquilador. \u201cEl Istmo ser\u00eda un corredor maquilador e industrial que competir\u00eda con China, ofreciendo bajos salarios, incluso m\u00e1s bajos que el pa\u00eds asi\u00e1tico. Ser\u00e1 una regi\u00f3n donde los ind\u00edgenas dejar\u00e1n de cultivar sus tierras ancestrales para convertirse en obreros\u201d, asevera Cece\u00f1a.<\/p>\n<p>Las v\u00edas del ferrocarril cruzan entre los estados de Oaxaca y Veracruz, una zona altamente productiva, en la que destaca el sistema ancestral de cultivo conocido como milpa, en el que siembran ma\u00edz, frijol y calabaza. Tambi\u00e9n, predomina el caf\u00e9, arroz, ca\u00f1a de az\u00facar, pi\u00f1a, pl\u00e1tano, cacao, mango, tamarindo, naranja, papaya y lim\u00f3n.<\/p>\n<p>Adem\u00e1s, en la parte central del Istmo existe una alta biodiversidad, pues ah\u00ed confluyen la Sierra Madre de Oaxaca, la Sierra Madre del Sur y la Sierra Atravesada.<\/p>\n<p>De acuerdo con el informe El Istmo de Tehuantepec en Riesgo, presentado el pasado mes de marzo por el Observatorio Latinoamericano de Geopol\u00edtica, en la Sierra Atravesada resalta la selva de los Chimalapas, \u201cdefinida como prioritaria por su gran extensio\u0301n (594 mil hect\u00e1reas) y por presentar una de las masas forestales ma\u0301s extensas de Ame\u0301rica, con un elevado i\u0301ndice de especies ende\u0301micas\u201d, es decir, \u00fanicas de este lugar, como las m\u00e1s de 20 especies de c\u00edcadas (de los g\u00e9neros de Dioon y Ceratozamia), identificadas por la investigadora Silvia Salas Morales. Estas c\u00edcadas son plantas cuyas hojas semejan las frondas de las palmas, dispuestas en roseta. Tambi\u00e9n resaltan m\u00e1s de seis orqu\u00eddeas, como la Mexipedium.<\/p>\n<p>La Selva Zoque, que incluye la Sierra Atravesada en Oaxaca hasta la Sierra Madre de Chiapas, es la segunda regi\u00f3n de mayor conservaci\u00f3n de selvas y bosques en el norte de Mesoam\u00e9rica. \u201cTan s\u00f3lo entre las especies de reptiles que se han encontrado en esta zona, el 23% son end\u00e9micas\u201d, seg\u00fan el estudio llamado Mam\u00edferos de la Selva Zoque, M\u00e9xico: riqueza, uso y conservaci\u00f3n, presentado en 2012 por la Revista de Biolog\u00eda Tropical.<\/p>\n<p>No obstante, sostiene la bi\u00f3loga Patricia Mora, del Instituto Polit\u00e9cnico Nacional (IPN), \u201cmientras avanza la remodelaci\u00f3n de esta ruta comercial, tambi\u00e9n viene fracturando el tejido comunitario y la biodiversidad\u201d.<\/p>\n<p>La bi\u00f3loga Mora sostiene que \u201clos primeros impactos hacia el medio ambiente y el tejido comunal comenz\u00f3 con la implementaci\u00f3n de m\u00e1s de 28 parques para la generaci\u00f3n de energ\u00eda e\u00f3lica en la regi\u00f3n\u201d, refiri\u00e9ndose a m\u00e1s de cinco mil aerogeneradores que se han desplegado, desde el a\u00f1o 2000, en diversas partes de la regi\u00f3n del Istmo.<\/p>\n<p><img loading=\"lazy\" decoding=\"async\" data-attachment-id=\"62862\" data-permalink=\"https:\/\/www.grieta.org.mx\/index.php\/2021\/11\/09\/mexico-puente-comercial-del-mundo-arrasara-con-los-pueblos-y-la-biodiversidad-oaxaca\/2-113\/\" data-orig-file=\"https:\/\/www.grieta.org.mx\/wp-content\/uploads\/2021\/12\/2-1.jpg\" data-orig-size=\"1080,680\" data-comments-opened=\"0\" data-image-meta=\"{&quot;aperture&quot;:&quot;0&quot;,&quot;credit&quot;:&quot;&quot;,&quot;camera&quot;:&quot;&quot;,&quot;caption&quot;:&quot;&quot;,&quot;created_timestamp&quot;:&quot;0&quot;,&quot;copyright&quot;:&quot;@Santiago Navarro F&quot;,&quot;focal_length&quot;:&quot;0&quot;,&quot;iso&quot;:&quot;0&quot;,&quot;shutter_speed&quot;:&quot;0&quot;,&quot;title&quot;:&quot;&quot;,&quot;orientation&quot;:&quot;0&quot;}\" data-image-title=\"2\" data-image-description=\"\" data-image-caption=\"\" data-medium-file=\"https:\/\/www.grieta.org.mx\/wp-content\/uploads\/2021\/12\/2-1-300x189.jpg\" data-large-file=\"https:\/\/www.grieta.org.mx\/wp-content\/uploads\/2021\/12\/2-1-1024x645.jpg\" class=\"alignnone wp-image-62862\" src=\"http:\/\/www.grieta.org.mx\/wp-content\/uploads\/2021\/12\/2-1.jpg\" alt=\"\" width=\"800\" height=\"504\" srcset=\"https:\/\/www.grieta.org.mx\/wp-content\/uploads\/2021\/12\/2-1.jpg 1080w, https:\/\/www.grieta.org.mx\/wp-content\/uploads\/2021\/12\/2-1-300x189.jpg 300w, https:\/\/www.grieta.org.mx\/wp-content\/uploads\/2021\/12\/2-1-1024x645.jpg 1024w, https:\/\/www.grieta.org.mx\/wp-content\/uploads\/2021\/12\/2-1-768x484.jpg 768w\" sizes=\"auto, (max-width: 800px) 100vw, 800px\" \/><br \/>\nCampesino acorralado por los aerogeneradores.<br \/>\nFoto: Santiago Navarro F.<\/p>\n<p>Adem\u00e1s de los parques e\u00f3licos, se han edificado l\u00edneas de alta tensi\u00f3n por doquier y una red de carreteras para el flujo de mercanc\u00edas, lo cual \u201cha afectado el sistema milpa de las comunidades y su soberan\u00eda alimentaria\u201d, advierte la bi\u00f3loga Mora. Estos proyectos han sido la primera fase de esta reorganizaci\u00f3n en el Istmo que, con el tren interoce\u00e1nico, vienen cambiando de forma acelerada la cotidianidad de los pueblos ind\u00edgenas de la regi\u00f3n.<\/p>\n<p>Un tren cada 17 minutos<\/p>\n<p>En agosto de 2019, en la ciudad de Oaxaca se realiz\u00f3 el evento \u201cHacia un Sur-Sureste del futuro: una nueva etapa de desarrollo de industrializaci\u00f3n socialmente incluyente\u201d, en el que particip\u00f3 el actual mandatario mexicano, Andr\u00e9s Manuel L\u00f3pez Obrador.<\/p>\n<p>Durante esa actividad, Rafael Mar\u00edn, director del CIIT sostuvo que las proyecciones para el FIT son \u201cmovilizar anualmente 31,111 trenes de 45 vagones al a\u00f1o; 85 trenes diarios; uno cada 17 minutos. Y esta demanda estar\u00e1 muy por encima de los 60 trenes que corr\u00edan diariamente en la d\u00e9cada de 1907\u201d.<\/p>\n<p>Actualmente, esta red ferroviaria cuenta solo con una v\u00eda y, con la remodelaci\u00f3n, \u201cse pretende convertirla en doble, lo que demandara\u0301 un a\u0301rea mayor de la destinada para ello\u201d, siendo uno de los principales objetivos \u201cque el tren alcance velocidades de 160 km\/h\u201d, asevera el documento El Istmo de Tehuantepec en Riesgo.<\/p>\n<p>La Secretar\u00eda del Medio Ambiente y Recursos Naturales (SEMARNAT) autorizo\u0301, entre junio de 2019 y mayo de 2020, la MIA de cuatro obras fragmentadas, referentes a la rehabilitacio\u0301n de vi\u0301a fe\u0301rrea por tramos y de trazo de la vi\u0301a del tren, pero en ninguna contempla la contaminaci\u00f3n ac\u00fastica, uno de los principales impactos que provocar\u00e1 la circulaci\u00f3n del ferrocarril que cruzar\u00e1 cada 17 minutos.<\/p>\n<p>La Organizaci\u00f3n Mundial de la Salud (OMS) define como ruido cualquier sonido superior a 65 decibelios (dB). En concreto, dicho ruido se vuelve da\u00f1ino si supera los 75 dB y doloroso a partir de los 120 db. El l\u00edmite establecido para el ferrocarril en la Uni\u00f3n Europea es de 70 decibelios. Contrario a esto, la normatividad mexicana, permite hasta 96 decibelios en el dispositivo de aviso audible (silbato) de cada locomotora y el mismo l\u00edmite en las cabinas, pero no contempla el ruido que genera el cruce del ferrocarril por poblaciones ind\u00edgenas.<\/p>\n<p>Un megaproyecto que correr\u00e1 a gran velocidad<\/p>\n<p>La informaci\u00f3n solicitada a la Auditori\u0301a Superior de la Federacio\u0301n (ASF) coincide con las MIA asegurando que, el FIT, \u201cser\u00e1 hasta 50% m\u00e1s r\u00e1pido que la opci\u00f3n que ofrece el canal de Panam\u00e1 para cruzar ambos oc\u00e9anos\u201d. Para lograrlo se corregir\u00e1 la curvatura y pendiente en 202.97 km, la longitud de la L\u00ednea Z (como se le conoce a esta v\u00eda f\u00e9rrea).<\/p>\n<p>En la MIA del FIT se justifica la remodelaci\u00f3n porque revivir\u00e1 la vieja ruta comercial que hab\u00eda dejado de funcionar tras un fuerte deterioro provocado por los conflictos sociales y econ\u00f3micos en el contexto de la revoluci\u00f3n mexicana en 1910. Esto \u201cpermitir\u00e1 aumentar su velocidad y absorber el flujo de carga que actualmente se mueve por medio de camiones, as\u00ed como la producci\u00f3n que se generar\u00e1 en los nuevos complejos industriales\u201d, reza el documento del FIT.<\/p>\n<p>Otro dato relevante es que anualmente, entre ambos puertos, se prev\u00e9 circular\u00e1n al menos 1 mill\u00f3n 400 mil contenedores normalizados de 20 pies (6.1 metros cada uno); una caja met\u00e1lica de tama\u00f1o estandarizado en la que se trasportan las mercanc\u00edas o carga en general. Estas cajas mejor conocidas como TEU (Unidad Equivalente a Veinte Pies, en espa\u00f1ol), pueden ser transferidas f\u00e1cilmente entre las embarcaciones o buques, hacia los trenes o camiones.<\/p>\n<p>Sin embargo, el flujo de carga del ferrocarril podr\u00eda ser mucho m\u00e1s elevado de lo que se ha proyectado. Por ello, la Auditor\u00eda Superior de la Federaci\u00f3n requiri\u00f3 realizar un nuevo an\u00e1lisis de este aspecto, contemplando \u201clos escenarios de la reconfiguraci\u00f3n de la regi\u00f3n del Istmo de Tehuantepec con la creaci\u00f3n de los Polos de Desarrollo para el Bienestar (parques industriales) y el conjunto de proyectos contemplados dentro del Corredor Interoce\u00e1nico\u201d, asevera la Auditor\u00eda de Desempe\u00f1o de 2019.<\/p>\n<p>Roque, al igual que sus paisanos, piensa que el tren ser\u00e1 parecido al de sus recuerdos. Pero, comparado con el tren de esa \u00e9poca, no va a trasladar gente con sus totopos y artesan\u00edas. El FIT ser\u00e1 una bestia que diariamente transportar\u00e1 miles de toneladas de cargamento las 24 horas del d\u00eda.<\/p>\n<div class=\"jetpack-video-wrapper\"><iframe loading=\"lazy\" title=\"El Ferrocarril de los a\u00f1os 50 en el Istmo de Tehuantepec\" width=\"1170\" height=\"658\" src=\"https:\/\/www.youtube.com\/embed\/DINaRQbfoQc?feature=oembed\" frameborder=\"0\" allow=\"accelerometer; autoplay; clipboard-write; encrypted-media; gyroscope; picture-in-picture; web-share\" referrerpolicy=\"strict-origin-when-cross-origin\" allowfullscreen><\/iframe><\/div>\n<p>Recuerdos de Roque Antonio Santiago.<\/p>\n<p>De acuerdo con la informaci\u00f3n solicitada sobre la capacidad y n\u00famero de vagones que circular\u00e1n por el ferrocarril, Carolina Medina Laguna, Titular de la Unidad Administrativa del FIT, se limit\u00f3 a indicar v\u00eda correo electr\u00f3nico: \u201cel Ferrocarril del Istmo de Tehuantepec, S.A. de C.V. no cuenta con equipo rodante\u201d, es decir, esta empresa, de participaci\u00f3n estatal mayoritaria, solo es due\u00f1a de la v\u00eda, pero no de los ferrocarriles que trasladar\u00e1n a las personas y las mercanc\u00edas.<\/p>\n<p>Lo que s\u00ed coment\u00f3 Medina es que las unidades que actualmente transitan por una fracci\u00f3n de las l\u00edneas del FIT \u201cson propiedad de otros concesionarios y\/o usuarios\u201d. Esto ya lo hab\u00eda sostenido el presidente mexicano, Andr\u00e9s Manuel L\u00f3pez Obrador al anunciar que los gobiernos que le antecedieron privatizaron el sector ferroviario y que, es parte de \u201clos saldos de la pol\u00edtica neoliberal\u201d.<\/p>\n<p>De acuerdo con la Secretar\u00eda de Comunicaciones y Transportes de M\u00e9xico, desde el a\u00f1o 1998, al menos 22,130 kil\u00f3metros de v\u00eda f\u00e9rreas, 84% de la red mexicana, estaban concesionadas al sector privado, una suerte que tambi\u00e9n correr\u00e1 el FIT.<\/p>\n<p><img loading=\"lazy\" decoding=\"async\" data-attachment-id=\"62863\" data-permalink=\"https:\/\/www.grieta.org.mx\/index.php\/2021\/11\/09\/mexico-puente-comercial-del-mundo-arrasara-con-los-pueblos-y-la-biodiversidad-oaxaca\/4-74\/\" data-orig-file=\"https:\/\/www.grieta.org.mx\/wp-content\/uploads\/2021\/12\/4-1.jpg\" data-orig-size=\"1080,658\" data-comments-opened=\"0\" data-image-meta=\"{&quot;aperture&quot;:&quot;0&quot;,&quot;credit&quot;:&quot;&quot;,&quot;camera&quot;:&quot;&quot;,&quot;caption&quot;:&quot;&quot;,&quot;created_timestamp&quot;:&quot;0&quot;,&quot;copyright&quot;:&quot;Santiago Navarro F&quot;,&quot;focal_length&quot;:&quot;0&quot;,&quot;iso&quot;:&quot;0&quot;,&quot;shutter_speed&quot;:&quot;0&quot;,&quot;title&quot;:&quot;&quot;,&quot;orientation&quot;:&quot;0&quot;}\" data-image-title=\"4\" data-image-description=\"\" data-image-caption=\"\" data-medium-file=\"https:\/\/www.grieta.org.mx\/wp-content\/uploads\/2021\/12\/4-1-300x183.jpg\" data-large-file=\"https:\/\/www.grieta.org.mx\/wp-content\/uploads\/2021\/12\/4-1-1024x624.jpg\" class=\"alignnone wp-image-62863\" src=\"http:\/\/www.grieta.org.mx\/wp-content\/uploads\/2021\/12\/4-1.jpg\" alt=\"\" width=\"800\" height=\"487\" srcset=\"https:\/\/www.grieta.org.mx\/wp-content\/uploads\/2021\/12\/4-1.jpg 1080w, https:\/\/www.grieta.org.mx\/wp-content\/uploads\/2021\/12\/4-1-300x183.jpg 300w, https:\/\/www.grieta.org.mx\/wp-content\/uploads\/2021\/12\/4-1-1024x624.jpg 1024w, https:\/\/www.grieta.org.mx\/wp-content\/uploads\/2021\/12\/4-1-768x468.jpg 768w\" sizes=\"auto, (max-width: 800px) 100vw, 800px\" \/><br \/>\nTramo remodelado de vi\u0301as del Ferrocarril del Istmo de Tehuantepec.<br \/>\nFoto: Santiago Navarro F.<\/p>\n<p>Para la investigadora Cece\u00f1a, \u201cel Istmo de Tehuantepec se convertir\u00e1 en un permanente corredor de flujo de contenedores, que marcar\u00e1 una especie de cintur\u00f3n de traslado de mercanc\u00edas, el cual cortar\u00e1 al pa\u00eds en dos, con fuertes afectaciones, sobre todo, en los pueblos originarios que lo habitan\u201d, adem\u00e1s, advierte la acad\u00e9mica, \u201cesta reconfiguraci\u00f3n del Istmo tambi\u00e9n es una amenaza a la flora y la fauna con la cual conviven los pueblos\u201d.<\/p>\n<p>El informe El Istmo de Tehuantepec en Riesgo, donde particip\u00f3 Cece\u00f1a, con nueve investigadores m\u00e1s, tambi\u00e9n alerta que \u201cel Tren Transi\u0301stmico y los polos de desarrollo que le acompan\u0303an, marcadamente bajo la figura de parques industriales, tambi\u00e9n se convertir\u00e1n en un muro de las dia\u0301sporas migrantes que buscan llegar a Estados Unidos. Son una amenaza de arrasamiento cultural, ambiental y fi\u0301sico del ha\u0301bitat y del modo de vida de sus pobladores, que conducir\u00e1 a un proceso de extincio\u0301n que se resisten a admitir\u201d.<\/p>\n<p>A Perseida Tenorio, ind\u00edgena zapoteca, de Asunci\u00f3n Ixtaltepec, le llena de incertidumbre la reconfiguraci\u00f3n que se est\u00e1 dando en esta regi\u00f3n y que se perfila como una pr\u00f3xima gran urbanidad industrial. \u201cEn mi pueblo quieren instalar un parque metal\u00fargico, y eso, sabemos la cantidad de agua que van a ocupar. Nos van a dejar sin agua y me preocupan nuestros alimentos. \u00bfQu\u00e9 tipo de vida vamos a tener en nuestras comunidades? Hay quienes ya estamos pensando en migrar a otro lugar\u201d, agrega.<\/p>\n<p>El escenario en la vida de los pueblos originarios ser\u00e1 de grandes dimensiones porque, \u201ccambiar\u00e1 su din\u00e1mica cotidiana al estar insertados a un nuevo contexto, al ritmo que exige una ciudad industrial. Van a tener que lidiar con la poluci\u00f3n, con los desechos, con la movilidad de los camiones y el flujo de mercanc\u00edas. Va a cambiar todo. Va a cambiar la vida de los pueblos y tambi\u00e9n la biodiversidad\u201d, agrega la bi\u00f3loga Mora.<\/p>\n<p>Lo que nuestros abuelos no ven, afirma Perseida, es que \u201cestos proyectos nos vienen quitando todo: el aire, el agua, la tierra, la alimentaci\u00f3n, la lengua. Vienen fracturando todo\u201d, y alerta, \u201csi no hacemos nada ahora, va a ser eso, van a ser historias de qu\u00e9 era el Istmo, porque no quedar\u00e1 nada, ni de la cultura, ni las tradiciones. Vamos a desaparecer como pueblos originarios. Seremos como esas ciudades industriales donde nadie se conoce ni nadie se habla. Llenas de c\u00e1rteles de la droga, con la juventud despedazada por la drogadicci\u00f3n, van a denigrar nuestra vida y nuestro territorio, se acabar\u00e1 la diversidad natural y cultural del Istmo\u201d.<\/p>\n<p>En algunas comunidades del Istmo resguardan vestigios milenarios, como la comunidad de Ixtaltep\u00e9c, ah\u00ed se ubica, en la zona conocida como Cerro Blanco, un sitio ceremonial con pinturas rupestres de m\u00e1s de dos mil a\u00f1os. \u201cSe pensaba que ah\u00ed se originaba la vida, por eso se hacen ofrendas. Si no luchamos ahora, nuestra memoria y nuestra historia podr\u00eda desaparecer. Si eso pasa, tambi\u00e9n vamos a desaparecer como pueblos originarios\u201d, coincide la ind\u00edgena zapoteca Victoria Guzm\u00e1n.<\/p>\n<p>Lo m\u00e1s preocupante es el flujo de capitales que se atraer\u00e1 con los parques industriales, porque el Istmo es una posici\u00f3n geopol\u00edtica muy importante para el mercado mundial, adem\u00e1s, porque \u201cen el siglo XX el mercado fluy\u00f3 por el Atl\u00e1ntico y a finales de este siglo se ha trasladado hacia el Pac\u00edfico. Por ello el Istmo es una regi\u00f3n en disputa, principalmente, entre Estados Unidos y China\u201d, destaca Cece\u00f1a.<\/p>\n<p>La investigadora Cece\u00f1a asegura que Estados Unidos sigue siendo un pa\u00eds con mucho poder y est\u00e1 en constante competencia con China. De tal modo que la disputa se trasladar\u00e1 a la regi\u00f3n geoestrat\u00e9gica del Istmo de Tehuantepec. Un objetivo es la mano de obra barata que ofrece la regi\u00f3n, pero tambi\u00e9n la migraci\u00f3n centroamericana que nutrir\u00e1 los parques industriales. \u201cEl Istmo tambi\u00e9n fungir\u00e1 como un muro de contenci\u00f3n de la migraci\u00f3n y absorber\u00e1 la mano de obra para estos parques industriales\u201d, afirma la investigadora.<\/p>\n<p>Esta regi\u00f3n es de vital importancia para los Estados Unidos, ya que por esta ruta cruzan las mercanc\u00edas y materias primas que tienen como destino la costa Este. \u201cEs ah\u00ed donde se genera el 40% de su riqueza econ\u00f3mica (de EEUU). Pero esta costa tiene un problema, ya no est\u00e1 bien ubicada geogr\u00e1ficamente. Le hab\u00eda servido el canal de Panam\u00e1 para hacer el traslado de mercanc\u00edas, petr\u00f3leo y pertrechos militares. Pero esta v\u00eda est\u00e1 cada vez m\u00e1s saturada y no tiene capacidad para mover el actual volumen mundial de mercanc\u00edas\u201d, explica la acad\u00e9mica Cece\u00f1a.<\/p>\n<p>El 80% del comercio mundial se mueve por el mar, entonces, \u201cel Istmo de Tehuantepec es esa pieza clave para resolver el problema en el sentido de la competencia entre el flujo de mercanc\u00edas\u201d, asevera Cece\u00f1a.<\/p>\n<p>Antecedentes de la reconfiguraci\u00f3n del territorio<\/p>\n<p>El viejo sue\u00f1o de conectar al Golfo de M\u00e9xico con el oce\u0301ano Paci\u0301fico data del a\u00f1o 1800 con el Tratado de McLane-Ocampo, \u201cdonde la parte mexicana ced\u00eda a perpetuidad, y con toda libertad, los derechos a Estados Unidos para transportar bienes, tropas, pertrechos militares y gente\u201d, aunque nunca fue ratificado, s\u00ed defini\u00f3 \u201cla geopoli\u0301tica estadunidense en la parte de Las Ame\u0301ricas que va de Panama\u0301 hasta Canada\u0301\u201d, puntualiza la MIA del FIT.<\/p>\n<p>Desde 1800 ha habido diversos intentos por crear las condiciones para lo que ser\u00eda el puente comercial m\u00e1s importante del mundo. Uno de ellos ocurri\u00f3 en un contexto que se present\u00f3 con aires de cambio en M\u00e9xico, en el a\u00f1o 2001, durante el gobierno de Vicente Fox. \u00c9l impuls\u00f3 el \u201cPrograma Integral de Desarrollo Econ\u00f3mico para el Istmo de Tehuantepec\u201d, con el llamado \u201cPlan Puebla Panam\u00e1 (PPP)\u201d, un acuerdo signado por nueve entidades federativas del sur de M\u00e9xico y los gobiernos de Guatemala, Belice, Honduras, El Salvador, Costa Rica y Panam\u00e1.<\/p>\n<p>El viejo plan de reorganizar el sur de M\u00e9xico y el resto de Centroam\u00e9rica tambi\u00e9n viene acompa\u00f1ado de programas de seguridad, como la llamada Iniciativa M\u00e9rida que, con el objetivo de contrarrestar el tr\u00e1fico de drogas y armas, Estados Unidos financi\u00f3 un paquete de \u201cayuda militar\u201d para M\u00e9xico y Centroam\u00e9rica. Tan solo para M\u00e9xico, desde 2008 hasta 2021, \u201cel gobierno estadounidense ha asignado m\u00e1s de 3,300 millones de d\u00f3lares\u201d, seg\u00fan el Departamento de Estado.<\/p>\n<p>Para Am\u00e9rica Central, se implement\u00f3 la Iniciativa de Seguridad Regional de Centroam\u00e9rica (CARSI, por sus siglas en ingl\u00e9s), iniciada en 2008 y la Iniciativa de Seguridad de la Cuenca del Caribe (CBSI), iniciada en 2009.<\/p>\n<p>Desde 2015, el Departamento de Estado de los EEUU ha registrado que han destinado 58.5 millones de d\u00f3lares para control de inmigraci\u00f3n y seguridad fronteriza de M\u00e9xico. \u201cLos fondos han permitido la provisi\u00f3n de equipos de inspecci\u00f3n no intrusivos, quioscos m\u00f3viles, equipos caninos y veh\u00edculos, as\u00ed como la capacitaci\u00f3n de m\u00e1s de mil funcionarios\u201d, seg\u00fan el Congreso estadounidense.<\/p>\n<p>\u201cPrimero empezaron con el Tratado de Libre Comercio de Am\u00e9rica del Norte (NAFTA), porque desde ese momento se piensa este territorio como \u00fanico y articulado. Desde Centroam\u00e9rica hasta el Norte del continente, los Estados Unidos asumen como un solo territorio donde protegen principalmente las inversiones de capital\u201d, agrega la investigadora Cece\u00f1a.<\/p>\n<p>Posterior a la firma del NAFTA, el PPP se present\u00f3 con la urgencia de atender temas de poblaci\u00f3n en condiciones de pobreza y el medioambiente, las estrategias se enfocaron a la mejora de la infraestructura fi\u0301sica, sin que se previera abiertamente la articulacio\u0301n (de los megaproyectos) \u201cni se introdujera el concepto de la interconexi\u00f3n y el transporte\u201d, sostiene el Grupo Funcional Desarrollo Econ\u00f3mico del Corredor Interoce\u00e1nico del Istmo de Tehuantepec.<\/p>\n<p>Hoy, la interconexi\u00f3n y la reorganizaci\u00f3n de todo este territorio se anuncia abiertamente y sin tapujos. Se comienza a perfilar como un objetivo nodal, desde la perspectiva de crear nuevos espacios para el capital, tal y como lo afirma el Comunicado no. 14 del CIIT. Esta integraci\u00f3n del Sur-Sureste de M\u00e9xico tambi\u00e9n se pretende expandir con \u201cCentroam\u00e9rica y la vincular\u00e1 con las corrientes mundiales de producci\u00f3n y comercio\u201d. Para ello se tiene contemplado ampliar la red de gasoductos, oleoductos, carreteras y complejos industriales que absorber\u00e1n la mano de obra barata que ofrece la regi\u00f3n la migraci\u00f3n, dem\u00e1s, m\u00e1s proyectos de seguridad regional.<\/p>\n<p>Mientras tanto, esta \u201creconfiguraci\u00f3n de todo el Sur-Sureste de M\u00e9xico\u201d avanza con la reorganizaci\u00f3n de los territorios ind\u00edgenas que, entre otros objetivos, ha comenzado \u201cmediante la ampliaci\u00f3n de los puertos de Salina Cruz y Coatzacoalcos, incluyendo la terminal de Contenedores en el Recinto Portuario Pajaritos y el mejoramiento de la infraestructura aeroportuaria en Minatitla\u0301n, Veracruz, e Ixtepec, Oaxaca\u201d, seg\u00fan la informaci\u00f3n solicitada a la ASF.<\/p>\n<p>Sin consultas previas<\/p>\n<p>Jorge Arag\u00f3n, campesino oriundo de San Pedro Comitancillo, indica que las comunidades que habitan a orillas de la ruta del tren poco saben de qu\u00e9 va este megaproyecto, este sistema de transporte que pretende mover mercanc\u00edas y materias primas provenientes principalmente de Asia, conectando con la Costa Este de Estados Unidos.<\/p>\n<p>Arag\u00f3n dice: \u201cquienes se han acercado a nosotros para informarnos son puros mensajeros, como las constructoras, pero nada oficial. Una de ellas es COMSA Corporaci\u00f3n (de capital espa\u00f1ol) y la otra, Grupo Diamante (Fideicomiso Grupo Diamante, de capital mexicano). Sus representantes nos han dicho que les urge terminar su compromiso con el tren, pero no conocemos la dimensi\u00f3n de este proyecto\u201d, cuenta Arag\u00f3n. Mientras, las autoridades locales de su comunidad iniciaron desde julio pasado, un bloqueo de las v\u00edas f\u00e9rreas que cruzan por su territorio. Exigen informaci\u00f3n y una serie de proyectos para su comunidad. El gobierno se ha limitado a prometerles obras p\u00fablicas.<\/p>\n<p>\u201cSe habla y se dice que habr\u00e1 dos tipos de trenes, uno de mucha velocidad y de carga; otro de pasajeros. Tal vez dar\u00eda vida al pueblo, pero no sabemos propiamente el resultado que va a dar. \u00bfCu\u00e1l es la ventaja o la desventaja? No la sabemos. Pero Comitancillo, pues s\u00ed, necesita de este medio de transporte ac\u00e1, porque solo tenemos una carretera\u201d, comparte un poco confundido el ind\u00edgena Roque, quien se queda sin palabras cuando se le pregunta si sabe de la contaminaci\u00f3n auditiva que generar\u00e1 el flujo del ferrocarril cada 17 minutos, por 24 horas, los siete d\u00edas de la semana.<\/p>\n<p>Ante el desconocimiento de los detalles del megaproyecto por parte de las comunidades que atravesar\u00e1 el ferrocarril, se le pregunt\u00f3 al titular del Instituto Nacional de los Pueblos Ind\u00edgenas (INPI), Adelfo Regino Montes, si consideraba que los pueblos ind\u00edgenas ten\u00edan la suficiente informaci\u00f3n para emitir su desacuerdo o aprobaci\u00f3n sobre estos proyectos que ya van avanzando y respondi\u00f3: \u201cEl papel que juega el INPI es de car\u00e1cter t\u00e9cnico. Nosotros apoyamos a las instituciones en cuanto a la realizaci\u00f3n de los procesos de consulta, relacionados con el tema del procedimiento. Quien tiene el deber de proporcionar toda la informaci\u00f3n necesaria para conocer los proyectos, es la autoridad responsable de ejecutarlos, que entendemos es el CIIT\u201d.<\/p>\n<p>El INPI ha anunciado m\u00e1s de una vez que se han realizado las consultas correspondientes en los pueblos originarios que ya est\u00e1n siendo afectadas por la polarizaci\u00f3n de las comunidades y los conflictos que han escalado a confrontaciones. Aunque, Montes, se contradice al asegurar que no se ha compartido toda la informaci\u00f3n necesaria, ya que parte de ella \u201ca\u00fan se encuentra en construcci\u00f3n\u201d.<\/p>\n<p><iframe loading=\"lazy\" title=\"Avispa Midia\" width=\"1170\" height=\"450\" scrolling=\"no\" frameborder=\"no\" src=\"https:\/\/w.soundcloud.com\/player\/?visual=true&#038;url=https%3A%2F%2Fapi.soundcloud.com%2Fusers%2F238144358&#038;show_artwork=true&#038;maxheight=1000&#038;maxwidth=1170\"><\/iframe><\/p>\n<p>Fragmento de entrevista al titular del INPI, Adelfo Regino.<\/p>\n<p>En marzo de 2019, la Secretari\u0301a de Hacienda y Cre\u0301dito Pu\u0301blico (SHCP), en coordinaci\u00f3n con el INPI, emiti\u00f3 la convocatoria para realizar Asambleas Regionales Consultivas con respecto de la creaci\u00f3n del Programa para el Desarrollo del Istmo de Tehuantepec 2020-2024. No obstante, de acuerdo con la Auditor\u00eda Superior de la Federaci\u00f3n, \u201cel CIIT, como entidad coordinadora del programa regional, no proporciono\u0301 evidencia documental que acreditara las actividades realizadas en 2019, para dar cumplimiento a los procedimientos, etapas y acuerdos previstos en las Asambleas Regionales; ni las convocatorias de las reuniones de seguimiento de los acuerdos; ni los resultados de la consulta realizada\u201d.<\/p>\n<p>El ind\u00edgena Roque, al igual que las dem\u00e1s personas entrevistadas, asegura que no hay informaci\u00f3n clara de lo que implica toda esta reorganizaci\u00f3n de sus territorios, lo \u00fanico que les han compartido los funcionarios de gobierno es \u201cque van a traer desarrollo, van a generar empleo. Pero no hay documentos o una informaci\u00f3n amplia de estos proyectos\u201d, reflexiona.<\/p>\n<p>Para este reportaje se solicit\u00f3 al CIIT el \u201cPlan Maestro y Plan Estrat\u00e9gico del Corredor Interoce\u00e1nico\u201d, petici\u00f3n a la que respondieron indicando que se trata de \u201cuna informaci\u00f3n reservada\u201d. Esta es la misma respuesta que le han dado a los diversos pueblos que la han requerido.<\/p>\n<p>Los supuestos beneficios del CMI<\/p>\n<p>El Plan de Desarrollo para esta regi\u00f3n busca atender a los municipios m\u00e1s pobres, los mismos que ser\u00e1n impactados por los proyectos. No obstante, la ASF document\u00f3 que \u201cno se estableci\u00f3 la identificaci\u00f3n de las problema\u0301ticas especi\u0301ficas que se buscan resolver en los 79 municipios del Istmo de Tehuantepec\u201d. Por ello, emiti\u00f3 una recomendaci\u00f3n, pues \u201ces primordial que el CIIT establezca los mecanismos de coordinacio\u0301n suficientes con la instancia responsable, a fin de concretar dicha accio\u0301n y que se disponga de un diagno\u0301stico completo de las problema\u0301ticas que afectan a cada uno de los 79 municipios\u201d.<\/p>\n<p>A pesar del desconocimiento de las necesidades espec\u00edficas de cada municipio, para contribuir a su supuesto desarrollo, de acuerdo con la Agenda Estrat\u00e9gica del Sur-Sureste, se busca construir al menos, \u201c10 polos de desarrollo (parques industriales) a lo largo de la regi\u00f3n\u201d, los cuales aprovechar\u00e1n la cercan\u00eda del FIT, y el Estado brindar\u00e1 los servicios necesarios, as\u00ed como la reducci\u00f3n de impuestos y otros incentivos a las empresas que quieran invertir en ellos.<\/p>\n<div class=\"jetpack-video-wrapper\"><iframe loading=\"lazy\" title=\"Discurso de Andr\u00e9s Manuel L\u00f3pez Obrador en el Istmo de Tehuantepec\" width=\"1170\" height=\"658\" src=\"https:\/\/www.youtube.com\/embed\/He-EyWUYae8?feature=oembed\" frameborder=\"0\" allow=\"accelerometer; autoplay; clipboard-write; encrypted-media; gyroscope; picture-in-picture; web-share\" referrerpolicy=\"strict-origin-when-cross-origin\" allowfullscreen><\/iframe><\/div>\n<p>Discurso de Andr\u00e9s Manuel L\u00f3pez Obrador.<\/p>\n<p>En la parte de Oaxaca, los terrenos para los parques industriales \u201cya est\u00e1n en el proceso de adquisici\u00f3n\u201d, se\u00f1al\u00f3 el director del CIIT y, asegura que, una vez cumplidos todos los requisitos, \u201csaldr\u00e1n a licitarlos para que los desarrolladores se queden con ellos y atraigan empresas al pa\u00eds. Un atractivo ser\u00e1n los incentivos fiscales que ofrecer\u00e1n durante un tiempo determinado a los participantes\u201d, destac\u00f3 Rafael Mar\u00edn Mollinedo.<\/p>\n<p>Estos polos de desarrollo, seg\u00fan El Programa para el desarrollo del Istmo de Tehuantepec, se ubicar\u00e1n en los municipios de Coatzacoalcos, Sayula de Alem\u00e1n, Minatitla\u0301n y Acayucan en el estado de Veracruz; en Mati\u0301as Romero, Ciudad Ixtepec, El Espinal, Asuncio\u0301n Ixtaltepec, San Blas Atempa, Santo Domingo Tehuantepec, Juchita\u0301n de Zaragoza y Salina Cruz, en Oaxaca. En total, abarcar\u00edan un \u00e1rea de m\u00e1s de nueve mil kil\u00f3metros cuadrados para actividades industriales, ocho veces m\u00e1s grande que la ciudad de Juchit\u00e1n, una de las principales zonas urbanas de la regi\u00f3n.<\/p>\n<p>Por su parte, el titular del INPI sostuvo que previo a determinar d\u00f3nde se edificar\u00e1n los polos de desarrollo fue necesario \u201cun proceso de consulta, porque se tiene que escuchar la voz de los pueblos, de las comunidades ind\u00edgenas, en cumplimiento a lo que establece el Convenio 169 de la Organizaci\u00f3n Internacional del Trabajo y de otros instrumentos jur\u00eddicos internacionales\u201d. El funcionario argumenta que solo falta una comunidad por consultar.<\/p>\n<p>El ind\u00edgena David Hern\u00e1ndez Salazar, autoridad de la comunidad de Puente Madera, de San Blas Atempa, se muestra esc\u00e9ptico sobre estas consultas y sobre los impactos de estos parques en su territorio y asegura: \u201cno hay informaci\u00f3n real en qu\u00e9 consisten los parques industriales que pretenden instalar en nuestras tierras de uso com\u00fan, por eso, nosotros como comunidad de San Blas Atempa nos mantenemos en resistencia\u201d. Hern\u00e1ndez, junto con su comunidad, han realizado diversos bloqueos carreteros y otras acciones directas como protestas que iniciaron en 2020.<\/p>\n<p>Hern\u00e1ndez agrega que constat\u00f3 que el Estado mexicano est\u00e1 sobornando a los comuneros para que aprueben los parques industriales y hasta est\u00e1n falsificando las firmas. \u201cHubo una supuesta asamblea en la que supuestamente 900 comuneros, de un total de 1,390, aprobaron el parque industrial (en San Blas Atempa). Revis\u00e9 la lista de asistencia y resulta que tan solo de Puente Madera falsificaron 52 firmas de comuneros. Entonces vemos que estos proyectos se quieren imponer a la fuerza y de forma ilegal\u201d, enfatiza el ind\u00edgena zapoteco.<\/p>\n<p>Hern\u00e1ndez, como autoridad comunal, sostiene: \u201cnosotros como comuneros de la comunidad de Puente Madera, asistimos a esa reuni\u00f3n de comuneros (con otras comunidades de la regi\u00f3n) donde se aprob\u00f3 el parque industrial. Al llegar nos encontramos que hab\u00eda pocos comuneros y la mayor\u00eda eran personas pagadas, que, adem\u00e1s, son funcionarios del municipio\u201d. Actualmente, a Hern\u00e1ndez, junto a otros ind\u00edgenas, se les ha ordenado su detenci\u00f3n por haberse manifestado en la autopista principal de esta regi\u00f3n y, por mostrar su inconformidad con el avance de estos proyectos.<\/p>\n<div class=\"jetpack-video-wrapper\"><iframe loading=\"lazy\" title=\"David Hern\u00e1ndez Salazar San Blas Atempa y el Parque industrial en su comunidad\" width=\"1170\" height=\"658\" src=\"https:\/\/www.youtube.com\/embed\/8GiGGaH1pVU?feature=oembed\" frameborder=\"0\" allow=\"accelerometer; autoplay; clipboard-write; encrypted-media; gyroscope; picture-in-picture; web-share\" referrerpolicy=\"strict-origin-when-cross-origin\" allowfullscreen><\/iframe><\/div>\n<p>David Hern\u00e1ndez Salazar-San Blas Atempa.<\/p>\n<p>Perseida Tenorio, de Asunci\u00f3n Ixtaltepec, otra comunidad que se supone ya fue consultada para otro parque industrial, asevera que no participaron todos los habitantes de su comunidad. A Perseida le preocupan las mujeres, \u201cporque somos nosotras las que trabajamos en el Istmo, somos los pilares econ\u00f3micos, culturales, comunitarios y emocionales. Lamentablemente, hay pocas mujeres en el Istmo que tienen la oportunidad de estudiar un nivel medio superior\u201d. Por eso, se pregunta, \u201c\u00bfQu\u00e9 mano de obra va a estar trabajando en estos parques industriales? \u00bfVa a ser la mano de obra menos calificada, con jornadas laborales largas y mal pagadas?\u201d.<\/p>\n<p>En cuanto a los j\u00f3venes, una incertidumbre los ha invadido. Su voz tiene m\u00ednima validez en las asambleas, por no ser comuneros o comuneras, es decir posesionarias de la tierra comunal o colectiva. En esos espacios de decisi\u00f3n, son las personas mayores quienes est\u00e1n tomando la \u00faltima palabra, pero, con una mala o nula informaci\u00f3n y, con los viejos recuerdos del tren, medio siglo atr\u00e1s.<\/p>\n<p>Una selva a la mitad<\/p>\n<p>A orilla de los nuevos rieles del tren existe una gran diversidad de \u00e1rboles nativos, hay ci\u00e9negas y riachuelos, y a simple vista se pueden apreciar distintas especies de aves y reptiles que gozan del clima tropical imperante en la regi\u00f3n.<\/p>\n<p>Sin embargo, los habitantes de las comunidades aleda\u00f1as a las v\u00edas del ferrocarril est\u00e1n preocupados porque atravesar\u00e1 por una de las seis zonas de alta importancia para su conservaci\u00f3n en el estado de Oaxaca, la cintura de la Selva Zoque. Esta selva tiene una superficie de un mill\u00f3n 139 hect\u00e1reas, que comprende las comunidades de los Chimalapas en Oaxaca; El Ocote en Chiapas y Uxpanapa en Veracruz.<\/p>\n<p>De acuerdo con el Fondo Mundial para la Naturaleza (WWF), la selva Zoque \u201ces la segunda superficie m\u00e1s grande de selvas y bosques conservados en Mesoam\u00e9rica, despu\u00e9s de la Selva Maya\u201d, adem\u00e1s \u201cpresenta altos \u00edndices de diversidad biol\u00f3gica y un importante n\u00famero de endemismos, resultado de factores como el relieve, el clima, el tipo del suelo la geolog\u00eda, aspectos evolutivos y condiciones micro-clim\u00e1ticas excepcionales\u201d.<\/p>\n<p>Desafortunadamente, el corte con la v\u00eda f\u00e9rrea tambi\u00e9n afectar\u00e1 la diversidad biol\u00f3gica de la regi\u00f3n y la situaci\u00f3n no se resuelve \u201ccon caminos (que a\u00fan no han sido construidos) para el cruce de la fauna, ya que estos, adem\u00e1s de alterar las rutas de los animales, podr\u00edan generar confrontaciones entre especies\u201d, sostiene el documento El Istmo de Tehuantepec en Riesgo.<\/p>\n<p>Este informe asevera que, \u201cun tren de alta velocidad provoca varios efectos que alteran el dinamismo ambiental. La vibraci\u00f3n y el ruido ocasionan cambios en las rutas y comportamiento de las especies, que reaccionan, aleja\u0301ndose del lugar o sintie\u0301ndose atrai\u0301das a este. Cuando priva lo u\u0301ltimo, corren el riesgo de ser atropelladas por el tren\u201d.<\/p>\n<p>Para la bi\u00f3loga Mora, uno de los principales riesgos con la reconfiguraci\u00f3n del Istmo en su conjunto es que agudizar\u00e1 los cambios clim\u00e1ticos de la zona y esto provocar\u00e1 el desplazamiento de las especies, lo cual cambiar\u00e1 el entorno, porque esta selva es un reservorio \u00fanico que concentra una gran diversidad de vida. En la Selva de los Chimalapas se ha identificado que una sola hect\u00e1rea de vegetaci\u00f3n virgen alberga hasta 900 especies vegetales y m\u00e1s de 200 especies animales, a\u00f1ade Mora.<\/p>\n<p>La investigadora Silvia Salas Morales, de la Sociedad para Estudios de los Recursos Bi\u00f3ticos de Oaxaca, ha registrado siete especies de c\u00edcadas (plantas) en los Chimalapas, especies que se diversificaron en el Jur\u00e1sico (hace 210 a 140 millones de a\u00f1os). Estas especies solo han sido identificadas en Sud\u00e1frica, Australia y M\u00e9xico.<\/p>\n<p>Tras una modificaci\u00f3n de los ecosistemas, \u201ccomenzar\u00e1 un proceso de desertificaci\u00f3n, que har\u00e1 vulnerable a la selva Zoque y en, especial, a los Chimalapas. De tal forma que tambi\u00e9n se ver\u00e1n afectadas las zonas marinas a donde llegar\u00e1n las embarcaciones con los miles de contenedores que cruzar\u00e1n diariamente. Estos escenarios agudizar\u00e1n los impactos del cambio clim\u00e1tico\u201d, advierte la bi\u00f3loga Mora.<\/p>\n<p>Mora agrega que, en el pasado, \u201cya hubo registro de mucho da\u00f1o con las escolleras y dragados en el puerto de Salina Cruz y, en el puerto de Coatzacoalcos, hace tiempo que se viene impactando fuertemente a lo que resta de flora y fauna en las costas. Los da\u00f1os ser\u00e1n de una magnitud inimaginable y esto no lo contemplan en los estudios de impacto ambiental\u201d.<\/p>\n<p>Cece\u00f1a alerta que el riesgo ambiental es de gran dimensi\u00f3n, \u201cporque lo que queda de selva en M\u00e9xico es muy m\u00ednimo\u201d, de facto, una extensi\u00f3n de cerca del 9.2% de selvas en el territorio mexicano se ha reducido a 4.7% (91, 566 km\u00b2), seg\u00fan la Comisi\u00f3n Nacional para el Conocimiento y Uso de la Biodiversidad.<\/p>\n<p>De una superficie de 594 mil hect\u00e1reas que conforman los Chimalapas, el 78.3% se mantiene bien conservada, con 48% cubierta por la selva alta perennifolia y, seguida por la selva mediana subperennifolia, con 14.4% y bosque mes\u00f3filo de monta\u00f1a 13.5%. \u201cEn el Istmo es una manchita de selva, muy importante, m\u00e1s en este momento en que el planeta se encuentra en una situaci\u00f3n muy cr\u00edtica en t\u00e9rminos de la sexta extinci\u00f3n y la aceleraci\u00f3n del aumento de la temperatura\u201d, agrega la investigadora Cece\u00f1a.<\/p>\n<p>La propia Auditor\u00eda Superior de la Federaci\u00f3n ha documentado que en la MIA de la modernizaci\u00f3n del tren, \u201cno se incluyeron indicadores espec\u00edficos de cada tema por entidad federativa y municipio, ni datos cuantitativos y cualitativos en materia de manejo sustentable del medio ambiente: caudal tratado de aguas residuales; p\u00e9rdida de superficie cubierta por \u00e1rboles; volumen de residuos so\u0301lidos generados; disposicio\u0301n adecuada de residuos so\u0301lidos; certificados de \u201cindustria limpia\u201d emitidos; reforestacio\u0301n; empresas socialmente responsables; productividad agr\u00edcola por uso de agua; intensidad del uso agua; contaminacio\u0301n del aire; riesgo ambiental\u201d.<\/p>\n<p>Juan Carlos S\u00e1nchez Antonio, profesor originario de San Pedro Comitancillo, observa que \u201cel desequilibrio ambiental ya se ha sentido con la instalaci\u00f3n de los parques e\u00f3licos\u201d, de los cuales no se realizaron las consultas correspondientes. \u201cAunque no lo percibamos directamente, s\u00ed ha generado cambios en las cadenas de reproducci\u00f3n de los seres vivos. Cada vez llueve menos, hace m\u00e1s calor, las lluvias son impredecibles. Lo que se avecina en los pr\u00f3ximos 30 a\u00f1os es un colapso ambiental en la regi\u00f3n\u201d.<\/p>\n<p>Un estudio encabezado por Robert Vautard, especialista en simulaciones clim\u00e1ticas en el Laboratorio de Ciencias Clim\u00e1ticas y del Medioambiente (LSCE por sus siglas en franc\u00e9s), asegura que \u201ccerca de los parques e\u00f3licos se registra un aumento significativo de las temperaturas, especialmente en la noche. Este escenario es una de las afectaciones en el Istmo, donde actualmente se han instalado m\u00e1s de cinco mil aerogeneradores.<\/p>\n<p><a href=\"https:\/\/avispa.org\/puente-comercial-del-mundo-arrasara-con-los-pueblos\/\" target=\"_blank\" rel=\"noopener\">https:\/\/avispa.org\/puente-comercial-del-mundo-arrasara-con-los-pueblos\/<\/a><\/p>\n","protected":false},"excerpt":{"rendered":"<p>Avispa Midia \/ Textos y Fotos: Santiago Navarro F. Roque Antonio Santiago es un ind\u00edgena zapoteco que tiene m\u00e1s de 80 a\u00f1os de edad y vive en la comunidad de &hellip; <a href=\"https:\/\/www.grieta.org.mx\/index.php\/2021\/11\/09\/mexico-puente-comercial-del-mundo-arrasara-con-los-pueblos-y-la-biodiversidad-oaxaca\/\" class=\"more-link\">Leer m\u00e1s<\/a><\/p>\n","protected":false},"author":2,"featured_media":62861,"comment_status":"closed","ping_status":"closed","sticky":false,"template":"","format":"standard","meta":{"ngg_post_thumbnail":0,"_jetpack_newsletter_access":"","_jetpack_dont_email_post_to_subs":false,"_jetpack_newsletter_tier_id":0,"_jetpack_memberships_contains_paywalled_content":false,"_jetpack_memberships_contains_paid_content":false,"footnotes":""},"categories":[80,1708,2,25],"tags":[],"class_list":["post-62860","post","type-post","status-publish","format-standard","has-post-thumbnail","hentry","category-cintillo","category-corredor-del-istmo-de-tehuantepec","category-noticias-nacionales","category-oaxaca","entry"],"jetpack_featured_media_url":"https:\/\/www.grieta.org.mx\/wp-content\/uploads\/2021\/12\/AM091121.jpg","jetpack_sharing_enabled":true,"jetpack_shortlink":"https:\/\/wp.me\/p7ZJR4-glS","jetpack_likes_enabled":false,"jetpack-related-posts":[{"id":26663,"url":"https:\/\/www.grieta.org.mx\/index.php\/2018\/08\/24\/desplazados-mixes-exigen-a-murat-el-retorno-a-su-comunidad-donde-huyeron-hace-20-meses-por-un-conflicto-agrario-oaxaca\/","url_meta":{"origin":62860,"position":0},"title":"Desplazados mixes exigen a Murat el retorno a su comunidad donde huyeron hace 20 meses por un conflicto agrario (Oaxaca)","author":"grieta","date":"24 agosto, 2018","format":false,"excerpt":"P\u00e1gina 3. Pedro Mat\u00edas, Oaxaca.- \u201cNo queremos m\u00e1s luto, nuevos muertos. Pedimos ayuda al gobierno de Alejandro Murat, que intervenga y resuelva un l\u00edo agrario por la v\u00eda de la paz\u201d, clamaron las ind\u00edgenas mixes Crecencia Dom\u00ednguez, Mariana Mart\u00ednez y Juana Santiago, quienes forman parte de los 350 desplazados de\u2026","rel":"","context":"En &quot;CINTILLO&quot;","block_context":{"text":"CINTILLO","link":"https:\/\/www.grieta.org.mx\/index.php\/category\/cintillo\/"},"img":{"alt_text":"","src":"https:\/\/i0.wp.com\/www.grieta.org.mx\/wp-content\/uploads\/2018\/09\/maxresdefault-2.jpg?resize=350%2C200&ssl=1","width":350,"height":200,"srcset":"https:\/\/i0.wp.com\/www.grieta.org.mx\/wp-content\/uploads\/2018\/09\/maxresdefault-2.jpg?resize=350%2C200&ssl=1 1x, https:\/\/i0.wp.com\/www.grieta.org.mx\/wp-content\/uploads\/2018\/09\/maxresdefault-2.jpg?resize=525%2C300&ssl=1 1.5x, https:\/\/i0.wp.com\/www.grieta.org.mx\/wp-content\/uploads\/2018\/09\/maxresdefault-2.jpg?resize=700%2C400&ssl=1 2x"},"classes":[]},{"id":69094,"url":"https:\/\/www.grieta.org.mx\/index.php\/2024\/06\/04\/minera-aprovecha-contexto-electoral-para-extraer-minerales-en-la-sierra-norte-de-oaxaca\/","url_meta":{"origin":62860,"position":1},"title":"Minera aprovecha contexto electoral para extraer minerales en la Sierra Norte de Oaxaca","author":"grieta","date":"4 junio, 2024","format":false,"excerpt":"Imagen: Santiago Navarro F. Santiago Navarro F. \/ Avispa Midia El pasado s\u00e1bado (1), un d\u00eda antes de la contienda electoral en M\u00e9xico, los comuneros de Capul\u00e1lpam de M\u00e9ndez, en la Sierra Norte de Oaxaca, se declararon en alerta m\u00e1xima tras identificar dos camiones de carga que transportaban minerales extra\u00eddos\u2026","rel":"","context":"En &quot;CINTILLO&quot;","block_context":{"text":"CINTILLO","link":"https:\/\/www.grieta.org.mx\/index.php\/category\/cintillo\/"},"img":{"alt_text":"","src":"https:\/\/i0.wp.com\/www.grieta.org.mx\/wp-content\/uploads\/2024\/06\/Portada-Conferencia-de-prensa-de-comunidades-afectadas-por-la-mineria-en-la-Sierra-Norte-Foto-por-Santiago-Navarro-F.jpg?resize=350%2C200&ssl=1","width":350,"height":200,"srcset":"https:\/\/i0.wp.com\/www.grieta.org.mx\/wp-content\/uploads\/2024\/06\/Portada-Conferencia-de-prensa-de-comunidades-afectadas-por-la-mineria-en-la-Sierra-Norte-Foto-por-Santiago-Navarro-F.jpg?resize=350%2C200&ssl=1 1x, https:\/\/i0.wp.com\/www.grieta.org.mx\/wp-content\/uploads\/2024\/06\/Portada-Conferencia-de-prensa-de-comunidades-afectadas-por-la-mineria-en-la-Sierra-Norte-Foto-por-Santiago-Navarro-F.jpg?resize=525%2C300&ssl=1 1.5x, https:\/\/i0.wp.com\/www.grieta.org.mx\/wp-content\/uploads\/2024\/06\/Portada-Conferencia-de-prensa-de-comunidades-afectadas-por-la-mineria-en-la-Sierra-Norte-Foto-por-Santiago-Navarro-F.jpg?resize=700%2C400&ssl=1 2x, https:\/\/i0.wp.com\/www.grieta.org.mx\/wp-content\/uploads\/2024\/06\/Portada-Conferencia-de-prensa-de-comunidades-afectadas-por-la-mineria-en-la-Sierra-Norte-Foto-por-Santiago-Navarro-F.jpg?resize=1050%2C600&ssl=1 3x"},"classes":[]},{"id":56889,"url":"https:\/\/www.grieta.org.mx\/index.php\/2021\/02\/09\/urgente-atacan-nuevamente-con-armas-de-fuego-a-comuneros-de-cuatro-venados-oaxaca\/","url_meta":{"origin":62860,"position":2},"title":"Urgente: Atacan nuevamente con armas de fuego a comuneros de Cuatro Venados, Oaxaca","author":"grieta","date":"9 febrero, 2021","format":false,"excerpt":"Avispa Midia \/ \u00d1an\u00ed Pinto. Ni\u00f1a de Cuatro Venados cuidando sus chivos. Foto por Santiago Navarro F. Aproximadamente a las 2 de la tarde de este 9 de febrero, unas 20 personas quienes portan armas de fuego de uso exclusivo del ejercito volvieron atacar a los vecinos de la comunidad\u2026","rel":"","context":"En &quot;CINTILLO&quot;","block_context":{"text":"CINTILLO","link":"https:\/\/www.grieta.org.mx\/index.php\/category\/cintillo\/"},"img":{"alt_text":"","src":"https:\/\/i0.wp.com\/www.grieta.org.mx\/wp-content\/uploads\/2021\/02\/1-3.jpg?resize=350%2C200&ssl=1","width":350,"height":200,"srcset":"https:\/\/i0.wp.com\/www.grieta.org.mx\/wp-content\/uploads\/2021\/02\/1-3.jpg?resize=350%2C200&ssl=1 1x, https:\/\/i0.wp.com\/www.grieta.org.mx\/wp-content\/uploads\/2021\/02\/1-3.jpg?resize=525%2C300&ssl=1 1.5x, https:\/\/i0.wp.com\/www.grieta.org.mx\/wp-content\/uploads\/2021\/02\/1-3.jpg?resize=700%2C400&ssl=1 2x, https:\/\/i0.wp.com\/www.grieta.org.mx\/wp-content\/uploads\/2021\/02\/1-3.jpg?resize=1050%2C600&ssl=1 3x"},"classes":[]},{"id":71240,"url":"https:\/\/www.grieta.org.mx\/index.php\/2025\/03\/01\/asesinan-a-cristino-castro-perea-ambientalista-y-defensor-comunitario-en-santiago-astata-oaxaca-contaba-con-medidas-de-proteccion-del-mecanismo\/","url_meta":{"origin":62860,"position":3},"title":"Asesinan a Cristino Castro Perea, ambientalista y defensor comunitario en Santiago Astata, Oaxaca; contaba con medidas de protecci\u00f3n del Mecanismo","author":"grieta","date":"1 marzo, 2025","format":false,"excerpt":"Imagen: Itsmo Press Diana Manzo Oaxaca, Oax.- Ayer por la tarde, a\u00fan con medidas de protecci\u00f3n, fue asesinado Cristino Castro Perea conocido como \u201cTino Castro\u201d de 63 a\u00f1os de edad, integrante del colectivo de defensores ambientalistas de Barra de la Cruz y defensor comunitario en el municipio de Santiago Astata,\u2026","rel":"","context":"En &quot;CINTILLO&quot;","block_context":{"text":"CINTILLO","link":"https:\/\/www.grieta.org.mx\/index.php\/category\/cintillo\/"},"img":{"alt_text":"","src":"https:\/\/i0.wp.com\/www.grieta.org.mx\/wp-content\/uploads\/2025\/03\/Gk_EEiLWYAAuzeD.jpeg?resize=350%2C200&ssl=1","width":350,"height":200,"srcset":"https:\/\/i0.wp.com\/www.grieta.org.mx\/wp-content\/uploads\/2025\/03\/Gk_EEiLWYAAuzeD.jpeg?resize=350%2C200&ssl=1 1x, https:\/\/i0.wp.com\/www.grieta.org.mx\/wp-content\/uploads\/2025\/03\/Gk_EEiLWYAAuzeD.jpeg?resize=525%2C300&ssl=1 1.5x, https:\/\/i0.wp.com\/www.grieta.org.mx\/wp-content\/uploads\/2025\/03\/Gk_EEiLWYAAuzeD.jpeg?resize=700%2C400&ssl=1 2x"},"classes":[]},{"id":52502,"url":"https:\/\/www.grieta.org.mx\/index.php\/2020\/07\/29\/video-que-dijo-amlo-a-campesinos-de-oaxaca-sobre-contaminacion-minera\/","url_meta":{"origin":62860,"position":4},"title":"Video: \u00bfQu\u00e9 dijo Amlo a campesinos de Oaxaca sobre contaminaci\u00f3n minera?","author":"grieta","date":"29 julio, 2020","format":false,"excerpt":"Avispa Midia \/ Santiago Navarro F. El pasado 10 de julio, mujeres y hombres de la comunidad de Magdalena Ocotl\u00e1n, Oaxaca, ubicada al sur de M\u00e9xico, se alertaron por una nueva contaminaci\u00f3n en las aguas que bebe su ganado y de d\u00f3nde se nutren sus cultivos. La comunidad tom\u00f3 acciones\u2026","rel":"","context":"En &quot;CINTILLO&quot;","block_context":{"text":"CINTILLO","link":"https:\/\/www.grieta.org.mx\/index.php\/category\/cintillo\/"},"img":{"alt_text":"","src":"https:\/\/i0.wp.com\/www.grieta.org.mx\/wp-content\/uploads\/2018\/03\/14524434_1106112876131411_958039263622046936_o.jpg?resize=350%2C200&ssl=1","width":350,"height":200,"srcset":"https:\/\/i0.wp.com\/www.grieta.org.mx\/wp-content\/uploads\/2018\/03\/14524434_1106112876131411_958039263622046936_o.jpg?resize=350%2C200&ssl=1 1x, https:\/\/i0.wp.com\/www.grieta.org.mx\/wp-content\/uploads\/2018\/03\/14524434_1106112876131411_958039263622046936_o.jpg?resize=525%2C300&ssl=1 1.5x, https:\/\/i0.wp.com\/www.grieta.org.mx\/wp-content\/uploads\/2018\/03\/14524434_1106112876131411_958039263622046936_o.jpg?resize=700%2C400&ssl=1 2x"},"classes":[]},{"id":53793,"url":"https:\/\/www.grieta.org.mx\/index.php\/2020\/06\/26\/concesiones-mineras-entregadas-en-oaxaca-durante-gobierno-de-amlo\/","url_meta":{"origin":62860,"position":5},"title":"Concesiones mineras entregadas en Oaxaca durante gobierno de AMLO","author":"grieta","date":"26 junio, 2020","format":false,"excerpt":"Regeneraci\u00f3n Radio \/ Daniel Arellano. Al menos seis concesiones mineras han sido otorgadas en la actual administraci\u00f3n del Gobierno Federal, a favor de una empresa de Estados Unidos, con una superficie acumulada de 29 mil 142 hect\u00e1reas en el estado de Oaxaca. Los seis t\u00edtulos de concesi\u00f3n minera est\u00e1n fechados\u2026","rel":"","context":"En &quot;CINTILLO&quot;","block_context":{"text":"CINTILLO","link":"https:\/\/www.grieta.org.mx\/index.php\/category\/cintillo\/"},"img":{"alt_text":"","src":"https:\/\/i0.wp.com\/www.grieta.org.mx\/wp-content\/uploads\/2018\/03\/14524434_1106112876131411_958039263622046936_o.jpg?resize=350%2C200&ssl=1","width":350,"height":200,"srcset":"https:\/\/i0.wp.com\/www.grieta.org.mx\/wp-content\/uploads\/2018\/03\/14524434_1106112876131411_958039263622046936_o.jpg?resize=350%2C200&ssl=1 1x, https:\/\/i0.wp.com\/www.grieta.org.mx\/wp-content\/uploads\/2018\/03\/14524434_1106112876131411_958039263622046936_o.jpg?resize=525%2C300&ssl=1 1.5x, https:\/\/i0.wp.com\/www.grieta.org.mx\/wp-content\/uploads\/2018\/03\/14524434_1106112876131411_958039263622046936_o.jpg?resize=700%2C400&ssl=1 2x"},"classes":[]}],"_links":{"self":[{"href":"https:\/\/www.grieta.org.mx\/index.php\/wp-json\/wp\/v2\/posts\/62860","targetHints":{"allow":["GET"]}}],"collection":[{"href":"https:\/\/www.grieta.org.mx\/index.php\/wp-json\/wp\/v2\/posts"}],"about":[{"href":"https:\/\/www.grieta.org.mx\/index.php\/wp-json\/wp\/v2\/types\/post"}],"author":[{"embeddable":true,"href":"https:\/\/www.grieta.org.mx\/index.php\/wp-json\/wp\/v2\/users\/2"}],"replies":[{"embeddable":true,"href":"https:\/\/www.grieta.org.mx\/index.php\/wp-json\/wp\/v2\/comments?post=62860"}],"version-history":[{"count":1,"href":"https:\/\/www.grieta.org.mx\/index.php\/wp-json\/wp\/v2\/posts\/62860\/revisions"}],"predecessor-version":[{"id":62864,"href":"https:\/\/www.grieta.org.mx\/index.php\/wp-json\/wp\/v2\/posts\/62860\/revisions\/62864"}],"wp:featuredmedia":[{"embeddable":true,"href":"https:\/\/www.grieta.org.mx\/index.php\/wp-json\/wp\/v2\/media\/62861"}],"wp:attachment":[{"href":"https:\/\/www.grieta.org.mx\/index.php\/wp-json\/wp\/v2\/media?parent=62860"}],"wp:term":[{"taxonomy":"category","embeddable":true,"href":"https:\/\/www.grieta.org.mx\/index.php\/wp-json\/wp\/v2\/categories?post=62860"},{"taxonomy":"post_tag","embeddable":true,"href":"https:\/\/www.grieta.org.mx\/index.php\/wp-json\/wp\/v2\/tags?post=62860"}],"curies":[{"name":"wp","href":"https:\/\/api.w.org\/{rel}","templated":true}]}}