{"id":62854,"date":"2021-12-15T20:06:04","date_gmt":"2021-12-16T02:06:04","guid":{"rendered":"http:\/\/www.grieta.org.mx\/?p=62854"},"modified":"2021-12-15T22:10:54","modified_gmt":"2021-12-16T04:10:54","slug":"anuncian-que-transistmico-contara-con-energia-de-hidroelectricas-en-los-mixes-oaxaca","status":"publish","type":"post","link":"https:\/\/www.grieta.org.mx\/index.php\/2021\/12\/15\/anuncian-que-transistmico-contara-con-energia-de-hidroelectricas-en-los-mixes-oaxaca\/","title":{"rendered":"Anuncian que Trans\u00edstmico contar\u00e1 con energ\u00eda de hidroel\u00e9ctricas en los Mixes (Oaxaca)"},"content":{"rendered":"<p>Avispa Midia \/ Sara Fabres.<\/p>\n<p><img loading=\"lazy\" decoding=\"async\" data-attachment-id=\"62856\" data-permalink=\"https:\/\/www.grieta.org.mx\/index.php\/2021\/12\/15\/anuncian-que-transistmico-contara-con-energia-de-hidroelectricas-en-los-mixes-oaxaca\/am151221\/\" data-orig-file=\"https:\/\/www.grieta.org.mx\/wp-content\/uploads\/2021\/12\/AM151221.jpg\" data-orig-size=\"1020,680\" data-comments-opened=\"0\" data-image-meta=\"{&quot;aperture&quot;:&quot;0&quot;,&quot;credit&quot;:&quot;&quot;,&quot;camera&quot;:&quot;&quot;,&quot;caption&quot;:&quot;&quot;,&quot;created_timestamp&quot;:&quot;0&quot;,&quot;copyright&quot;:&quot;santiago navarro f&quot;,&quot;focal_length&quot;:&quot;0&quot;,&quot;iso&quot;:&quot;0&quot;,&quot;shutter_speed&quot;:&quot;0&quot;,&quot;title&quot;:&quot;&quot;,&quot;orientation&quot;:&quot;0&quot;}\" data-image-title=\"AM151221\" data-image-description=\"\" data-image-caption=\"\" data-medium-file=\"https:\/\/www.grieta.org.mx\/wp-content\/uploads\/2021\/12\/AM151221-300x200.jpg\" data-large-file=\"https:\/\/www.grieta.org.mx\/wp-content\/uploads\/2021\/12\/AM151221.jpg\" class=\"alignnone wp-image-62856\" src=\"http:\/\/www.grieta.org.mx\/wp-content\/uploads\/2021\/12\/AM151221.jpg\" alt=\"\" width=\"800\" height=\"533\" srcset=\"https:\/\/www.grieta.org.mx\/wp-content\/uploads\/2021\/12\/AM151221.jpg 1020w, https:\/\/www.grieta.org.mx\/wp-content\/uploads\/2021\/12\/AM151221-300x200.jpg 300w, https:\/\/www.grieta.org.mx\/wp-content\/uploads\/2021\/12\/AM151221-768x512.jpg 768w\" sizes=\"auto, (max-width: 800px) 100vw, 800px\" \/><\/p>\n<p>El lunes (13), asesores de los pueblos de la regi\u00f3n Mixe, en Oaxaca, han alertado que las comunidades originarias de este Estado no han recibido informaci\u00f3n sobre 81 proyectos de generaci\u00f3n de energ\u00eda hidr\u00e1ulica que el gobierno pretender instalar en sus comunidades. Adem\u00e1s, aseguran que esta energ\u00eda renovable ser\u00e1 suministrada a los parques industriales que se edificar\u00e1n en el Corredor Interoce\u00e1nico, en el Istmo de Tehuantepec.<\/p>\n<p>El asesor, Jos\u00e9 Pablo Antonio, del Servicios del Pueblo Mixe, remarca que, de los 81 proyectos planeados para Oaxaca, se dividen en \u201c9 proyectos de grandes presas hidroel\u00e9ctricas, y 72 peque\u00f1as presas\u201d, son datos que han obtenido del Inventario Nacional de Energ\u00edas Renovables (INERE) a trav\u00e9s del Atlas Nacional de Zonas Factibles (AZEL).<\/p>\n<p>Del total de proyectos ya se encuentran tres en construcci\u00f3n. Una en Tuxtepec, la segunda en el municipio de San Felipe Usila y la tercera en en el municipio de Cuyamecalco, Villa de Zaragoza.<\/p>\n<p>Adem\u00e1s, en las plataformas oficiales, hay registros de zonas consideradas \u201caltamente potenciales para generar energ\u00eda e\u00f3lica\u201d en diversas comunidades.<\/p>\n<p>El informe presentado por los asesores de las comunidades mixes ha registrado que el Atlas Nacional del Inventario de Energ\u00edas Renovables, La Secretar\u00eda de Energ\u00eda (SENER) y la Comisi\u00f3n Federal de Electricidad (CFE) viene evaluando el potencial de la energ\u00eda e\u00f3lica, incluso, considerando el uso de aerogeneradores de eje axial, con una altura de torre de 80 metros sobre el nivel de la superficie, as\u00ed como la velocidad media anual del viento a 80 metros de altura.<\/p>\n<p>De acuerdo con el abogado, esta informaci\u00f3n debi\u00f3 haber sido recibida por las comunidades d\u00f3nde se realizar\u00e1n los proyectos, \u201cno es el papel de las organizaciones dar esta informaci\u00f3n, es del Estado quien tiene que informar. Tal y como marcan los convenios internacionales\u201d, puntualiz\u00f3 el abogado.<\/p>\n<p>El equipo asesor argumenta que la falta de informaci\u00f3n hacia las comunidades ind\u00edgenas es un problema latente y esto, \u201ces una violaci\u00f3n grave al derecho a la informaci\u00f3n que tienen los pueblos ind\u00edgenas\u201d, sostuvo Jos\u00e9 Pablo.<\/p>\n<p><a href=\"https:\/\/avispa.org\/anuncian-que-transistmico-contara-con-energia-de-hidroelectricas-en-los-mixes\/\" target=\"_blank\" rel=\"noopener\">https:\/\/avispa.org\/anuncian-que-transistmico-contara-con-energia-de-hidroelectricas-en-los-mixes\/<\/a><\/p>\n","protected":false},"excerpt":{"rendered":"<p>Avispa Midia \/ Sara Fabres. El lunes (13), asesores de los pueblos de la regi\u00f3n Mixe, en Oaxaca, han alertado que las comunidades originarias de este Estado no han recibido &hellip; <a href=\"https:\/\/www.grieta.org.mx\/index.php\/2021\/12\/15\/anuncian-que-transistmico-contara-con-energia-de-hidroelectricas-en-los-mixes-oaxaca\/\" class=\"more-link\">Leer m\u00e1s<\/a><\/p>\n","protected":false},"author":2,"featured_media":62856,"comment_status":"closed","ping_status":"closed","sticky":false,"template":"","format":"standard","meta":{"ngg_post_thumbnail":0,"_jetpack_newsletter_access":"","_jetpack_dont_email_post_to_subs":false,"_jetpack_newsletter_tier_id":0,"_jetpack_memberships_contains_paywalled_content":false,"_jetpack_memberships_contains_paid_content":false,"footnotes":""},"categories":[80,2355,1708,2,25,2909],"tags":[],"class_list":["post-62854","post","type-post","status-publish","format-standard","has-post-thumbnail","hentry","category-cintillo","category-conflictos-por-agua-en-oaxaca","category-corredor-del-istmo-de-tehuantepec","category-noticias-nacionales","category-oaxaca","category-resistencias-y-rebeldias-en-oaxaca","entry"],"jetpack_featured_media_url":"https:\/\/www.grieta.org.mx\/wp-content\/uploads\/2021\/12\/AM151221.jpg","jetpack_sharing_enabled":true,"jetpack_shortlink":"https:\/\/wp.me\/p7ZJR4-glM","jetpack_likes_enabled":false,"jetpack-related-posts":[{"id":60145,"url":"https:\/\/www.grieta.org.mx\/index.php\/2021\/06\/25\/comunidades-indigenas-reunidas-en-el-istmo-exigen-la-cancelacion-del-corredor-interoceanico-oaxaca\/","url_meta":{"origin":62854,"position":0},"title":"Comunidades ind\u00edgenas reunidas en el Istmo exigen la cancelaci\u00f3n del Corredor Interoce\u00e1nico (Oaxaca)","author":"grieta","date":"25 junio, 2021","format":false,"excerpt":"Avispa Midia \/ \u00d1an\u00ed Pinto. En los d\u00edas 19 y 20 de junio, por lo menos 34 comunidades ind\u00edgenas se reunieron en la comunidad Binniz\u00e1 de Puente Madera, municipio de San Blas Atempa, en el Istmo de Tehuantepec, Oaxaca, para analizar el avance de los megaproyectos en todo el pa\u00eds\u2026","rel":"","context":"En &quot;CINTILLO&quot;","block_context":{"text":"CINTILLO","link":"https:\/\/www.grieta.org.mx\/index.php\/category\/cintillo\/"},"img":{"alt_text":"","src":"https:\/\/i0.wp.com\/www.grieta.org.mx\/wp-content\/uploads\/2021\/06\/A-1.jpg?resize=350%2C200&ssl=1","width":350,"height":200,"srcset":"https:\/\/i0.wp.com\/www.grieta.org.mx\/wp-content\/uploads\/2021\/06\/A-1.jpg?resize=350%2C200&ssl=1 1x, https:\/\/i0.wp.com\/www.grieta.org.mx\/wp-content\/uploads\/2021\/06\/A-1.jpg?resize=525%2C300&ssl=1 1.5x, https:\/\/i0.wp.com\/www.grieta.org.mx\/wp-content\/uploads\/2021\/06\/A-1.jpg?resize=700%2C400&ssl=1 2x, https:\/\/i0.wp.com\/www.grieta.org.mx\/wp-content\/uploads\/2021\/06\/A-1.jpg?resize=1050%2C600&ssl=1 3x"},"classes":[]},{"id":26570,"url":"https:\/\/www.grieta.org.mx\/index.php\/2018\/09\/17\/comunidades-del-istmo-se-suman-al-juicio-popular-contra-el-estado-y-empresas-mineras-por-depredadoras-oaxaca\/","url_meta":{"origin":62854,"position":1},"title":"Comunidades del Istmo se suman al juicio popular contra el Estado y empresas mineras por depredadoras (Oaxaca)","author":"grieta","date":"17 septiembre, 2018","format":false,"excerpt":"P\u00e1gina 3. Pedro Mat\u00edas, Oaxaca.- Comunidades, ejidos, organizaciones y colectivos en lucha contra concesiones mineras en el Istmo de Tehuantepec se sumaron al proceso de Juicio Popular comunitario contra el Estado y las empresas mineras en Oaxaca programado para el 11 y 12 de octubre del 2018. Durante el encuentro\u2026","rel":"","context":"En &quot;CINTILLO&quot;","block_context":{"text":"CINTILLO","link":"https:\/\/www.grieta.org.mx\/index.php\/category\/cintillo\/"},"img":{"alt_text":"","src":"https:\/\/i0.wp.com\/www.grieta.org.mx\/wp-content\/uploads\/2018\/09\/Juicio-Popular-comunitario.jpg?resize=350%2C200&ssl=1","width":350,"height":200,"srcset":"https:\/\/i0.wp.com\/www.grieta.org.mx\/wp-content\/uploads\/2018\/09\/Juicio-Popular-comunitario.jpg?resize=350%2C200&ssl=1 1x, https:\/\/i0.wp.com\/www.grieta.org.mx\/wp-content\/uploads\/2018\/09\/Juicio-Popular-comunitario.jpg?resize=525%2C300&ssl=1 1.5x, https:\/\/i0.wp.com\/www.grieta.org.mx\/wp-content\/uploads\/2018\/09\/Juicio-Popular-comunitario.jpg?resize=700%2C400&ssl=1 2x"},"classes":[]},{"id":1853,"url":"https:\/\/www.grieta.org.mx\/index.php\/2015\/09\/24\/eolica-en-mexico-tendra-oaxaca-parque-eolico-mas-grande-de-america-latina\/","url_meta":{"origin":62854,"position":2},"title":"E\u00f3lica en M\u00e9xico: Tendr\u00e1 Oaxaca parque e\u00f3lico m\u00e1s grande de Am\u00e9rica Latina","author":"grieta","date":"24 septiembre, 2015","format":false,"excerpt":"REVE, Oaxaca 24 Redaci\u00f3n Los municipios El Espinal y Juchit\u00e1n de Zaragoza se instalar\u00e1 el parque e\u00f3lico m\u00e1s grande de Am\u00e9rica Latina y crecer\u00e1 la capacidad de generaci\u00f3n en 396 megavatios. Durante una gira de trabajo por la regi\u00f3n del Istmo de Tehuantepec, el funcionario federal destac\u00f3 que Oaxaca es\u2026","rel":"","context":"En &quot;CINTILLO&quot;","block_context":{"text":"CINTILLO","link":"https:\/\/www.grieta.org.mx\/index.php\/category\/cintillo\/"},"img":{"alt_text":"","src":"https:\/\/i0.wp.com\/www.grieta.org.mx\/wp-content\/uploads\/2018\/03\/14524434_1106112876131411_958039263622046936_o.jpg?resize=350%2C200&ssl=1","width":350,"height":200,"srcset":"https:\/\/i0.wp.com\/www.grieta.org.mx\/wp-content\/uploads\/2018\/03\/14524434_1106112876131411_958039263622046936_o.jpg?resize=350%2C200&ssl=1 1x, https:\/\/i0.wp.com\/www.grieta.org.mx\/wp-content\/uploads\/2018\/03\/14524434_1106112876131411_958039263622046936_o.jpg?resize=525%2C300&ssl=1 1.5x, https:\/\/i0.wp.com\/www.grieta.org.mx\/wp-content\/uploads\/2018\/03\/14524434_1106112876131411_958039263622046936_o.jpg?resize=700%2C400&ssl=1 2x"},"classes":[]},{"id":59514,"url":"https:\/\/www.grieta.org.mx\/index.php\/2021\/05\/14\/ejidatarios-de-mogone-viejo-suspenden-trabajos-del-corredor-interoceanico-oaxaca\/","url_meta":{"origin":62854,"position":3},"title":"Ejidatarios de Mogo\u00f1\u00e9 Viejo suspenden trabajos del Corredor Interoce\u00e1nico (Oaxaca)","author":"grieta","date":"14 mayo, 2021","format":false,"excerpt":"La coperacha \/ Redacci\u00f3n. Foto: Ucizoni Denuncian trabajos sin permiso del ejido y da\u00f1os en el abasto de agua. En Oaxaca, ejidatarios de Mogo\u00f1\u00e9 Viejo, municipio San Juan Guichicovi, suspendieron los trabajos de rehabilitaci\u00f3n del Ferrocarril Trans\u00edstmico en demanda de informaci\u00f3n consulta sobre el megaproyecto del Corredor Interoce\u00e1nico. Por acuerdo\u2026","rel":"","context":"En &quot;CINTILLO&quot;","block_context":{"text":"CINTILLO","link":"https:\/\/www.grieta.org.mx\/index.php\/category\/cintillo\/"},"img":{"alt_text":"","src":"https:\/\/i0.wp.com\/www.grieta.org.mx\/wp-content\/uploads\/2021\/05\/x.jpg?resize=350%2C200&ssl=1","width":350,"height":200,"srcset":"https:\/\/i0.wp.com\/www.grieta.org.mx\/wp-content\/uploads\/2021\/05\/x.jpg?resize=350%2C200&ssl=1 1x, https:\/\/i0.wp.com\/www.grieta.org.mx\/wp-content\/uploads\/2021\/05\/x.jpg?resize=525%2C300&ssl=1 1.5x, https:\/\/i0.wp.com\/www.grieta.org.mx\/wp-content\/uploads\/2021\/05\/x.jpg?resize=700%2C400&ssl=1 2x"},"classes":[]},{"id":66884,"url":"https:\/\/www.grieta.org.mx\/index.php\/2023\/04\/29\/guardia-nacional-marina-y-policia-estatal-reprime-campamento-de-ejidatarios-mixe-de-mogone-viejo-vixidu-contra-obras-del-ferrocarril-del-istmo-de-tehuantepec-detienen-a-seis-se-desconoce-su-parader\/","url_meta":{"origin":62854,"position":4},"title":"Guardia Nacional, Marina y Polic\u00eda Estatal reprime campamento de ejidatarios mixe de Mogo\u00f1e Viejo-Vixidu contra obras del Ferrocarril del Istmo de Tehuantepec, detienen a seis, se desconoce su paradero (Oaxaca)","author":"grieta","date":"29 abril, 2023","format":false,"excerpt":"Imagen: Cortes\u00eda JUCHIT\u00c1N, Oaxaca.- El bloqueo a la v\u00edas del ferrocarril que desde hace dos meses manten\u00edan ejidatarios de la comunidad de Mogo\u00f1\u00e9 Viejo, fue desalojado por elementos de la Guardia Nacional (GN), Secretar\u00eda de Marina (Semar) y de la polic\u00eda estatal, inform\u00f3 en un comunicado la Uni\u00f3n de Comunidades\u2026","rel":"","context":"En &quot;Brutalidad polic\u00edaca en Oaxaca&quot;","block_context":{"text":"Brutalidad polic\u00edaca en Oaxaca","link":"https:\/\/www.grieta.org.mx\/index.php\/category\/noticias-nacionales\/oaxaca\/brutalidad-policiaca-en-oaxaca\/"},"img":{"alt_text":"","src":"https:\/\/i0.wp.com\/www.grieta.org.mx\/wp-content\/uploads\/2023\/04\/mogone-desalojo.webp?resize=350%2C200&ssl=1","width":350,"height":200,"srcset":"https:\/\/i0.wp.com\/www.grieta.org.mx\/wp-content\/uploads\/2023\/04\/mogone-desalojo.webp?resize=350%2C200&ssl=1 1x, https:\/\/i0.wp.com\/www.grieta.org.mx\/wp-content\/uploads\/2023\/04\/mogone-desalojo.webp?resize=525%2C300&ssl=1 1.5x, https:\/\/i0.wp.com\/www.grieta.org.mx\/wp-content\/uploads\/2023\/04\/mogone-desalojo.webp?resize=700%2C400&ssl=1 2x, https:\/\/i0.wp.com\/www.grieta.org.mx\/wp-content\/uploads\/2023\/04\/mogone-desalojo.webp?resize=1050%2C600&ssl=1 3x, https:\/\/i0.wp.com\/www.grieta.org.mx\/wp-content\/uploads\/2023\/04\/mogone-desalojo.webp?resize=1400%2C800&ssl=1 4x"},"classes":[]},{"id":51047,"url":"https:\/\/www.grieta.org.mx\/index.php\/2020\/04\/30\/rechazan-programa-de-desarrollo-en-el-istmo-veracruz-oaxaca\/","url_meta":{"origin":62854,"position":5},"title":"Rechazan Programa de Desarrollo en el Istmo (Veracruz, Oaxaca)","author":"grieta","date":"30 abril, 2020","format":false,"excerpt":"Faustino Romo Mart\u00ednez \/ Imparcial de Oaxaca Las organizaciones y movimientos sociales, las comunidades ind\u00edgenas y negras, las organizaciones no gubernamentales y colectivos, acad\u00e9mico, artistas y diversas personalidades, exigen al gobierno federal y a los gobiernos de los estados de Oaxaca, Veracruz, Chiapas y Tabasco, la cancelaci\u00f3n inmediata del llamado\u2026","rel":"","context":"En &quot;2. Nahuas&quot;","block_context":{"text":"2. Nahuas","link":"https:\/\/www.grieta.org.mx\/index.php\/category\/espejos-de-la-resistencia\/2-nahuas\/"},"img":{"alt_text":"","src":"https:\/\/i0.wp.com\/www.grieta.org.mx\/wp-content\/uploads\/2020\/06\/AFIRMAN-1.jpg?resize=350%2C200&ssl=1","width":350,"height":200,"srcset":"https:\/\/i0.wp.com\/www.grieta.org.mx\/wp-content\/uploads\/2020\/06\/AFIRMAN-1.jpg?resize=350%2C200&ssl=1 1x, https:\/\/i0.wp.com\/www.grieta.org.mx\/wp-content\/uploads\/2020\/06\/AFIRMAN-1.jpg?resize=525%2C300&ssl=1 1.5x, https:\/\/i0.wp.com\/www.grieta.org.mx\/wp-content\/uploads\/2020\/06\/AFIRMAN-1.jpg?resize=700%2C400&ssl=1 2x, https:\/\/i0.wp.com\/www.grieta.org.mx\/wp-content\/uploads\/2020\/06\/AFIRMAN-1.jpg?resize=1050%2C600&ssl=1 3x"},"classes":[]}],"_links":{"self":[{"href":"https:\/\/www.grieta.org.mx\/index.php\/wp-json\/wp\/v2\/posts\/62854","targetHints":{"allow":["GET"]}}],"collection":[{"href":"https:\/\/www.grieta.org.mx\/index.php\/wp-json\/wp\/v2\/posts"}],"about":[{"href":"https:\/\/www.grieta.org.mx\/index.php\/wp-json\/wp\/v2\/types\/post"}],"author":[{"embeddable":true,"href":"https:\/\/www.grieta.org.mx\/index.php\/wp-json\/wp\/v2\/users\/2"}],"replies":[{"embeddable":true,"href":"https:\/\/www.grieta.org.mx\/index.php\/wp-json\/wp\/v2\/comments?post=62854"}],"version-history":[{"count":1,"href":"https:\/\/www.grieta.org.mx\/index.php\/wp-json\/wp\/v2\/posts\/62854\/revisions"}],"predecessor-version":[{"id":62857,"href":"https:\/\/www.grieta.org.mx\/index.php\/wp-json\/wp\/v2\/posts\/62854\/revisions\/62857"}],"wp:featuredmedia":[{"embeddable":true,"href":"https:\/\/www.grieta.org.mx\/index.php\/wp-json\/wp\/v2\/media\/62856"}],"wp:attachment":[{"href":"https:\/\/www.grieta.org.mx\/index.php\/wp-json\/wp\/v2\/media?parent=62854"}],"wp:term":[{"taxonomy":"category","embeddable":true,"href":"https:\/\/www.grieta.org.mx\/index.php\/wp-json\/wp\/v2\/categories?post=62854"},{"taxonomy":"post_tag","embeddable":true,"href":"https:\/\/www.grieta.org.mx\/index.php\/wp-json\/wp\/v2\/tags?post=62854"}],"curies":[{"name":"wp","href":"https:\/\/api.w.org\/{rel}","templated":true}]}}