{"id":6285,"date":"2016-02-11T19:52:17","date_gmt":"2016-02-11T19:52:17","guid":{"rendered":"http:\/\/50.22.11.12\/~grietaor\/?p=6285"},"modified":"2016-03-28T19:55:07","modified_gmt":"2016-03-28T19:55:07","slug":"la-violencia-en-contra-de-periodistas-sigue-un-reportero-de-tabasco-es-agredido-en-su-casa","status":"publish","type":"post","link":"https:\/\/www.grieta.org.mx\/index.php\/2016\/02\/11\/la-violencia-en-contra-de-periodistas-sigue-un-reportero-de-tabasco-es-agredido-en-su-casa\/","title":{"rendered":"La violencia en contra de periodistas sigue: un reportero de Tabasco es agredido en su casa"},"content":{"rendered":"<p>Por Redacci\u00f3n \/ Sin Embargo <\/p>\n<p>En lo que va de esta semana, el gremio period\u00edstico ha sido v\u00edctima de diversos ataques incluido el secuestro y asesinato de la periodista veracruzana Anabel Flores, al que se le suman las amenazas en contra de al menos tres periodistas de la Ciudad de M\u00e9xico, Guerrero y Puebla.<\/p>\n<p>Ciudad de M\u00e9xico, 11 de febrero (SinEmbargo).\u2013 Sujetos armados irrumpieron en el domicilio del periodista del diario Tabasco Hoy, Pedro Sala Garc\u00eda, para amenazarlo con una pistola y golpearlo con un tubo.<\/p>\n<p>La esposa del reportero del diario, Odilia Arcos L\u00f3pez, narr\u00f3 a varios medios locales que alrededor de las 07:00 de la ma\u00f1ana de ayer los sujetos ingresaron a su casa, ubicada en la colonia Ganadera, en el municipio de Emiliano Zapata, Tabasco, y empezaron a golpear a su esposo.<\/p>\n<p>Arcos precis\u00f3 que ella trat\u00f3 de pedir ayuda pero tambi\u00e9n fue golpeada y amenazada de muerte. Mientras tanto, su esposo era sometido a golpes hasta quedar inconsciente.<\/p>\n<p>Sin embargo, los gritos de Odilia alertaron a los vecinos, quienes acudieron en auxilio de la pareja, suceso que provoc\u00f3 que los sicarios salieran huyendo de la escena en una motocicleta que posteriormente ser\u00eda hallada cerca del lugar de los hechos.<\/p>\n<p>El corresponsal del diario tabasque\u00f1o sobrevivi\u00f3 al asalto, y posteriormente fue internado en el hospital regional en donde es mantenido bajo observaci\u00f3n.<\/p>\n<p>Por su parte, Sala Garc\u00eda responsabiliz\u00f3 a Jos\u00e9 Arm\u00edn Mar\u00edn Sauri, ex Alcalde priista del municipio Emiliano Zapata, por el atentado, ya que con anterioridad, Sala habr\u00eda sido un severo cr\u00edtico del gobierno de Arm\u00edn Mar\u00edn entre los a\u00f1os de 2013 y 2015.<\/p>\n<p>De acuerdo con medios locales, el periodista teme por su vida y por la seguridad de su familia puesto que este es el segundo atentado al que se enfrenta.<\/p>\n<p>La agresi\u00f3n anterior, sucedida hace dos a\u00f1os, tambi\u00e9n fue perpetrada en su otrora domicilio en la colonia Las Lomas.<\/p>\n<p>Este atentado en contra de Pedro Sala se suma a otros casos similares en los que corresponsales del diario Tabasco Hoy han sido asesinados o desaparecidos. Entre ellos el secuestro en 2007 de Rodolfo Rinc\u00f3n, de quien hasta la fecha no se sabe nada. En tanto, Ismael D\u00edaz, reportero del mismo medio, fue asesinado a pu\u00f1aladas en el municipio de Teapa, Tabasco.<\/p>\n<p>En lo que va de esta semana, el gremio period\u00edstico ha sido v\u00edctima de diversos ataques inclu\u00eddos el secuestro y asesinato de la periodista veracruzana Anabel Flores. A este asesinato que ha sido condenado por diversas organizaciones internacionales como el Consejo de Protecci\u00f3n a Periodistas (CPJ, por sus siglas en ingl\u00e9s), se le han sumado las amenazas en contra de al menos tres periodistas de la Ciudad de M\u00e9xico, Guerrero y Puebla.<\/p>\n<p>TRES PERIODISTAS SON AMENAZADOS EN DOS D\u00cdAS<\/p>\n<p>El pasado martes, tan s\u00f3lo unas cuantas horas despu\u00e9s de que se confirmara el asesinato de Anabel Flores, el reportero del Proceso, \u00c1lvaro Delgado, denunci\u00f3 a trav\u00e9s de su cuenta de Twitter que recibi\u00f3 mensajes e im\u00e1genes intimidatorias, en las que le advert\u00edan que estaba sentenciado y que ya hab\u00eda \u00f3rdenes de proceder en contra suya.<\/p>\n<p>Delgado retuite\u00f3 diversos mensajes que le llegaron a trav\u00e9s de esa red social, algunos desde cuentas de reciente creaci\u00f3n.<\/p>\n<p>Algunos de las amenzas dec\u00edan:<\/p>\n<p>\u201cYA EST\u00c1S SENTENCIADO, HIJO DE TU PUTA MADRE, EL PATR\u00d3N YA DIO LA ORDEN. @alvaro_delgado (sic)\u201d, escribieron desde la cuenta @Tercomonoxidos.<\/p>\n<p>El presunto usuario @BakenecoRaga amenaz\u00f3: \u201c@alvaro_delgado te estamos vigilando (sic.)\u201d.<\/p>\n<p>Un d\u00eda despu\u00e9s, el corresponsal del mismo semanario en Guerrero, Ezequiel Flores Contreras, denunci\u00f3 que fue amenazado de muerte por parte del ex Diputado local perredista, Roger Arellano Sotelo, durante una manifestaci\u00f3n por el asesinato de la periodista veracruzana que se llev\u00f3 a cabo afuera del Congreso de esa entidad.<\/p>\n<p>De acuerdo con lo reportado por el diario El Sur, poco despu\u00e9s de las 11:00 de la ma\u00f1ana de este mi\u00e9rcoles, unos 30 reporteros y fotoreporteros de diferentes medios de comunicaci\u00f3n del estado marcharon y protestaron afuera del Congreso local, de la delegaci\u00f3n de la Procuradur\u00eda General de la Rep\u00fablica (PGR), y del Palacio de Gobierno, en Chilpancingo, para exigir justicia por el asesinato de la reportera veracruzana.<\/p>\n<p>Durante la protesta, Ezequiel Flores denunci\u00f3 a diversos medios que cuando se encontraba afuera del Congreso de Guerrero, el ex Diputado local perredista, Roger Arellano Sotelo, lo amenaz\u00f3 de muerte. Narr\u00f3 incluso que el chofer de un autom\u00f3vil Jetta azul lo llam\u00f3 y cuando se acerc\u00f3 el tambi\u00e9n ex Alcalde de Acapetlahuaya le espet\u00f3: \u201cte va a llevar la verga\u201d.<\/p>\n<p>El reportero dijo que tras ser amenazado en reiteradas ocasiones, decidi\u00f3 encarar al pol\u00edtico por lo que le pidi\u00f3 que se bajara del veh\u00edculo, sin embargo, \u00e9ste arranc\u00f3 y Arellano Sotelo le dijo: \u201cpronto nos vamos a ver y te vas a acordar\u201d.<\/p>\n<p>\u201cAqu\u00ed lo grave es que estamos pidiendo garant\u00edas y el esclarecimiento del asesinato de una compa\u00f1era y un personaje que ha sido v\u00ednculado a la delincuencia, que hay documentos del Gobierno federal que lo ubican como operador pol\u00edtico del grupo delictivo \u2018La Familia\u2019, pues hace esto aqu\u00ed en Chilpancingo\u201d, denunci\u00f3 el reportero.<\/p>\n<p>En tanto, ayer por la noche, la reportera del medio digital Lado B, Aranzaz\u00fa Ayala, dio a conocer que recibi\u00f3 mensajes que la acusaban de estar relacionada con el narcotr\u00e1fico y acompa\u00f1ados con el hashtag #AniquilaUnPeriodistaPor.<\/p>\n<p>Las capturas de pantalla de las agresiones fueron compartidas por la periodista. Mientras que la cuenta @SoloSoykike, desde donde fueron enviados los tuits, fue dada de baja.<\/p>\n<p>El medio poblano reaccion\u00f3 a trav\u00e9s de sus redes sociales y conden\u00f3 \u201cen\u00e9rgicamente cualquier agresi\u00f3n a periodistas, y manifestamos total e incondicional apoyo a nuestra compa\u00f1era y amiga\u201d.<\/p>\n<p><a href=\"http:\/\/www.sinembargo.mx\/11-02-2016\/1618915\" target=\"_blank\">http:\/\/www.sinembargo.mx\/11-02-2016\/1618915<\/a><\/p>\n","protected":false},"excerpt":{"rendered":"<p>Por Redacci\u00f3n \/ Sin Embargo En lo que va de esta semana, el gremio period\u00edstico ha sido v\u00edctima de diversos ataques incluido el secuestro y asesinato de la periodista veracruzana &hellip; <a href=\"https:\/\/www.grieta.org.mx\/index.php\/2016\/02\/11\/la-violencia-en-contra-de-periodistas-sigue-un-reportero-de-tabasco-es-agredido-en-su-casa\/\" class=\"more-link\">Leer m\u00e1s<\/a><\/p>\n","protected":false},"author":2,"featured_media":21928,"comment_status":"closed","ping_status":"open","sticky":false,"template":"","format":"standard","meta":{"ngg_post_thumbnail":0,"_jetpack_newsletter_access":"","_jetpack_dont_email_post_to_subs":false,"_jetpack_newsletter_tier_id":0,"_jetpack_memberships_contains_paywalled_content":false,"_jetpack_memberships_contains_paid_content":false,"footnotes":""},"categories":[80,415],"tags":[120],"class_list":["post-6285","post","type-post","status-publish","format-standard","has-post-thumbnail","hentry","category-cintillo","category-tabasco","tag-violencia-contra-periodistas","entry"],"jetpack_featured_media_url":"https:\/\/www.grieta.org.mx\/wp-content\/uploads\/2018\/03\/14524434_1106112876131411_958039263622046936_o.jpg","jetpack_sharing_enabled":true,"jetpack_shortlink":"https:\/\/wp.me\/p7ZJR4-1Dn","jetpack_likes_enabled":false,"jetpack-related-posts":[{"id":6279,"url":"https:\/\/www.grieta.org.mx\/index.php\/2016\/02\/23\/violencia-contra-periodistas-en-tabasco\/","url_meta":{"origin":6285,"position":0},"title":"Violencia contra periodistas en Tabasco","author":"grieta","date":"23 febrero, 2016","format":false,"excerpt":"23\/02\/16. Asesinan a locutor de radio en TabascoVoces 11\/02\/16. La violencia en contra de periodistas sigue: un reportero de Tabasco es agredido en su casaSin Embargo 02\/10\/15. Tabasco, una zona del silencio m\u00e1s en M\u00e9xico por impunidad ante cr\u00edmenes contra periodistas: CDPP\u00e1gina 3 25\/09\/15. Se investigan muertes de periodistas en\u2026","rel":"","context":"En &quot;NOTICIAS NACIONALES&quot;","block_context":{"text":"NOTICIAS NACIONALES","link":"https:\/\/www.grieta.org.mx\/index.php\/category\/noticias-nacionales\/"},"img":{"alt_text":"","src":"https:\/\/i0.wp.com\/www.grieta.org.mx\/wp-content\/uploads\/2018\/03\/14524434_1106112876131411_958039263622046936_o.jpg?resize=350%2C200&ssl=1","width":350,"height":200,"srcset":"https:\/\/i0.wp.com\/www.grieta.org.mx\/wp-content\/uploads\/2018\/03\/14524434_1106112876131411_958039263622046936_o.jpg?resize=350%2C200&ssl=1 1x, https:\/\/i0.wp.com\/www.grieta.org.mx\/wp-content\/uploads\/2018\/03\/14524434_1106112876131411_958039263622046936_o.jpg?resize=525%2C300&ssl=1 1.5x, https:\/\/i0.wp.com\/www.grieta.org.mx\/wp-content\/uploads\/2018\/03\/14524434_1106112876131411_958039263622046936_o.jpg?resize=700%2C400&ssl=1 2x"},"classes":[]},{"id":37155,"url":"https:\/\/www.grieta.org.mx\/index.php\/2019\/06\/12\/asesinada-la-periodista-norma-sarabia-en-el-estado-mexicano-de-tabasco\/","url_meta":{"origin":6285,"position":1},"title":"Asesinada la periodista Norma Sarabia en el Estado mexicano de Tabasco","author":"grieta","date":"12 junio, 2019","format":false,"excerpt":"V. U.\/El Pa\u00eds Sarabia, corresponsal del diario 'Tabasco hoy' en Huimanguillo, ha recibido varios disparos en la puerta de su casa M\u00e9xico suma ya seis periodistas asesinados en lo que va de 2019. La reportera Norma Sarabia ha fallecido este martes tras ser tiroteada en la puerta de su casa\u2026","rel":"","context":"En &quot;CINTILLO&quot;","block_context":{"text":"CINTILLO","link":"https:\/\/www.grieta.org.mx\/index.php\/category\/cintillo\/"},"img":{"alt_text":"","src":"https:\/\/i0.wp.com\/www.grieta.org.mx\/wp-content\/uploads\/2019\/07\/1560314858_853856_1560315974_noticia_normal_recorte1-e1564453213666.jpg?resize=350%2C200&ssl=1","width":350,"height":200,"srcset":"https:\/\/i0.wp.com\/www.grieta.org.mx\/wp-content\/uploads\/2019\/07\/1560314858_853856_1560315974_noticia_normal_recorte1-e1564453213666.jpg?resize=350%2C200&ssl=1 1x, https:\/\/i0.wp.com\/www.grieta.org.mx\/wp-content\/uploads\/2019\/07\/1560314858_853856_1560315974_noticia_normal_recorte1-e1564453213666.jpg?resize=525%2C300&ssl=1 1.5x, https:\/\/i0.wp.com\/www.grieta.org.mx\/wp-content\/uploads\/2019\/07\/1560314858_853856_1560315974_noticia_normal_recorte1-e1564453213666.jpg?resize=700%2C400&ssl=1 2x"},"classes":[]},{"id":6303,"url":"https:\/\/www.grieta.org.mx\/index.php\/2015\/06\/19\/la-sip-condena-asesinato-de-periodista-en-tabasco\/","url_meta":{"origin":6285,"position":2},"title":"La SIP condena asesinato de periodista en Tabasco","author":"grieta","date":"19 junio, 2015","format":false,"excerpt":"Redacci\u00f3n Informador CIUDAD DE M\u00c9XICO (19\/JUN\/2015).- La Sociedad Interamericana de Prensa (SIP) conden\u00f3 y lament\u00f3 el asesinato en M\u00e9xico del periodista Ismael D\u00edaz L\u00f3pez, e inst\u00f3 a las autoridades a realizar una investigaci\u00f3n urgente y exhaustiva para esclarecer si los m\u00f3viles del crimen est\u00e1n relacionados con la actividad period\u00edstica. En\u2026","rel":"","context":"En &quot;CINTILLO&quot;","block_context":{"text":"CINTILLO","link":"https:\/\/www.grieta.org.mx\/index.php\/category\/cintillo\/"},"img":{"alt_text":"","src":"https:\/\/i0.wp.com\/www.grieta.org.mx\/wp-content\/uploads\/2018\/03\/14524434_1106112876131411_958039263622046936_o.jpg?resize=350%2C200&ssl=1","width":350,"height":200,"srcset":"https:\/\/i0.wp.com\/www.grieta.org.mx\/wp-content\/uploads\/2018\/03\/14524434_1106112876131411_958039263622046936_o.jpg?resize=350%2C200&ssl=1 1x, https:\/\/i0.wp.com\/www.grieta.org.mx\/wp-content\/uploads\/2018\/03\/14524434_1106112876131411_958039263622046936_o.jpg?resize=525%2C300&ssl=1 1.5x, https:\/\/i0.wp.com\/www.grieta.org.mx\/wp-content\/uploads\/2018\/03\/14524434_1106112876131411_958039263622046936_o.jpg?resize=700%2C400&ssl=1 2x"},"classes":[]},{"id":23228,"url":"https:\/\/www.grieta.org.mx\/index.php\/2018\/05\/15\/ejecutan-al-periodista-juan-carlos-huerta-tabasco\/","url_meta":{"origin":6285,"position":3},"title":"Ejecutan al periodista Juan Carlos Huerta (Tabasco)","author":"grieta","date":"15 mayo, 2018","format":false,"excerpt":"Redacci\u00f3n\/Tabasco Hoy Una movilizaci\u00f3n polic\u00edaca en fraccionamiento Flor del Tr\u00f3pico se dio esta ma\u00f1ana por el asesinato del periodista Juan Carlos Huerta. De acuerdo a los primeros reportes, Juan Carlos Huerta iba saliendo del fraccionamiento en su veh\u00edculo, un BMW color gris placas WUB-9999, cuando sujetos que arribaron en una\u2026","rel":"","context":"En &quot;CINTILLO&quot;","block_context":{"text":"CINTILLO","link":"https:\/\/www.grieta.org.mx\/index.php\/category\/cintillo\/"},"img":{"alt_text":"","src":"https:\/\/i0.wp.com\/www.grieta.org.mx\/wp-content\/uploads\/2018\/05\/439683_grande_77f9Xd1w-1.jpg?resize=350%2C200&ssl=1","width":350,"height":200,"srcset":"https:\/\/i0.wp.com\/www.grieta.org.mx\/wp-content\/uploads\/2018\/05\/439683_grande_77f9Xd1w-1.jpg?resize=350%2C200&ssl=1 1x, https:\/\/i0.wp.com\/www.grieta.org.mx\/wp-content\/uploads\/2018\/05\/439683_grande_77f9Xd1w-1.jpg?resize=525%2C300&ssl=1 1.5x, https:\/\/i0.wp.com\/www.grieta.org.mx\/wp-content\/uploads\/2018\/05\/439683_grande_77f9Xd1w-1.jpg?resize=700%2C400&ssl=1 2x"},"classes":[]},{"id":29005,"url":"https:\/\/www.grieta.org.mx\/index.php\/2019\/02\/09\/asesinan-al-periodista-jesus-ramos-rodriguez-en-tabasco\/","url_meta":{"origin":6285,"position":4},"title":"Asesinan al periodista Jes\u00fas Ramos Rodr\u00edguez en Tabasco","author":"grieta","date":"9 febrero, 2019","format":false,"excerpt":"Redacci\u00f3n\/ADN Pol\u00edtico Villahermosa, TABASCO.- El periodista y locutor de radio Jes\u00fas \"Chuch\u00edn\" Ramos Rodr\u00edguez fue asesinado este s\u00e1bado en Tabasco, informaron fuentes oficiales. El crimen fue cometido por un hombre no identificado cuando el periodista estaba desayunando en un hotel del municipio de Emiliano Zapata, localidad en la frontera entre\u2026","rel":"","context":"En &quot;CINTILLO&quot;","block_context":{"text":"CINTILLO","link":"https:\/\/www.grieta.org.mx\/index.php\/category\/cintillo\/"},"img":{"alt_text":"","src":"https:\/\/i0.wp.com\/www.grieta.org.mx\/wp-content\/uploads\/2019\/02\/2095995.jpg?resize=350%2C200&ssl=1","width":350,"height":200,"srcset":"https:\/\/i0.wp.com\/www.grieta.org.mx\/wp-content\/uploads\/2019\/02\/2095995.jpg?resize=350%2C200&ssl=1 1x, https:\/\/i0.wp.com\/www.grieta.org.mx\/wp-content\/uploads\/2019\/02\/2095995.jpg?resize=525%2C300&ssl=1 1.5x"},"classes":[]},{"id":6292,"url":"https:\/\/www.grieta.org.mx\/index.php\/2015\/10\/02\/tabasco-una-zona-del-silencio-mas-en-mexico-por-impunidad-ante-crimenes-contra-periodistas-cdp\/","url_meta":{"origin":6285,"position":5},"title":"Tabasco, una zona del silencio m\u00e1s en M\u00e9xico por impunidad ante cr\u00edmenes contra periodistas: CDP","author":"grieta","date":"2 octubre, 2015","format":false,"excerpt":"P\u00e1gina 3 Oaxaca.- La Casa de los Derechos de Periodistas A.C, eleva su m\u00e1s en\u00e9rgica condena por el asesinato de los comunicadores Jos\u00e9 Joaqu\u00edn P\u00e9rez Morales y Aurelio Hern\u00e1ndez Herrera, de 70 y 63 a\u00f1os de edad, respectivamente, perpetrado en la ciudad de Villahermosa, Tabasco, el pasado 23 de septiembre.\u2026","rel":"","context":"En &quot;CINTILLO&quot;","block_context":{"text":"CINTILLO","link":"https:\/\/www.grieta.org.mx\/index.php\/category\/cintillo\/"},"img":{"alt_text":"","src":"https:\/\/i0.wp.com\/www.grieta.org.mx\/wp-content\/uploads\/2018\/03\/14524434_1106112876131411_958039263622046936_o.jpg?resize=350%2C200&ssl=1","width":350,"height":200,"srcset":"https:\/\/i0.wp.com\/www.grieta.org.mx\/wp-content\/uploads\/2018\/03\/14524434_1106112876131411_958039263622046936_o.jpg?resize=350%2C200&ssl=1 1x, https:\/\/i0.wp.com\/www.grieta.org.mx\/wp-content\/uploads\/2018\/03\/14524434_1106112876131411_958039263622046936_o.jpg?resize=525%2C300&ssl=1 1.5x, https:\/\/i0.wp.com\/www.grieta.org.mx\/wp-content\/uploads\/2018\/03\/14524434_1106112876131411_958039263622046936_o.jpg?resize=700%2C400&ssl=1 2x"},"classes":[]}],"_links":{"self":[{"href":"https:\/\/www.grieta.org.mx\/index.php\/wp-json\/wp\/v2\/posts\/6285","targetHints":{"allow":["GET"]}}],"collection":[{"href":"https:\/\/www.grieta.org.mx\/index.php\/wp-json\/wp\/v2\/posts"}],"about":[{"href":"https:\/\/www.grieta.org.mx\/index.php\/wp-json\/wp\/v2\/types\/post"}],"author":[{"embeddable":true,"href":"https:\/\/www.grieta.org.mx\/index.php\/wp-json\/wp\/v2\/users\/2"}],"replies":[{"embeddable":true,"href":"https:\/\/www.grieta.org.mx\/index.php\/wp-json\/wp\/v2\/comments?post=6285"}],"version-history":[{"count":1,"href":"https:\/\/www.grieta.org.mx\/index.php\/wp-json\/wp\/v2\/posts\/6285\/revisions"}],"predecessor-version":[{"id":6287,"href":"https:\/\/www.grieta.org.mx\/index.php\/wp-json\/wp\/v2\/posts\/6285\/revisions\/6287"}],"wp:featuredmedia":[{"embeddable":true,"href":"https:\/\/www.grieta.org.mx\/index.php\/wp-json\/wp\/v2\/media\/21928"}],"wp:attachment":[{"href":"https:\/\/www.grieta.org.mx\/index.php\/wp-json\/wp\/v2\/media?parent=6285"}],"wp:term":[{"taxonomy":"category","embeddable":true,"href":"https:\/\/www.grieta.org.mx\/index.php\/wp-json\/wp\/v2\/categories?post=6285"},{"taxonomy":"post_tag","embeddable":true,"href":"https:\/\/www.grieta.org.mx\/index.php\/wp-json\/wp\/v2\/tags?post=6285"}],"curies":[{"name":"wp","href":"https:\/\/api.w.org\/{rel}","templated":true}]}}