{"id":62735,"date":"2021-11-13T17:43:20","date_gmt":"2021-11-13T23:43:20","guid":{"rendered":"https:\/\/www.grieta.org.mx\/?p=62735"},"modified":"2021-11-28T18:03:39","modified_gmt":"2021-11-29T00:03:39","slug":"un-ano-sin-justicia-para-los-trabajadores-de-leon-guanajuato","status":"publish","type":"post","link":"https:\/\/www.grieta.org.mx\/index.php\/2021\/11\/13\/un-ano-sin-justicia-para-los-trabajadores-de-leon-guanajuato\/","title":{"rendered":"Un a\u00f1o sin justicia para los trabajadores de Le\u00f3n (Guanajuato)"},"content":{"rendered":"<p><strong>Un a\u00f1o atr\u00e1s, cinco trabajadores del Sistema de Aguas de Le\u00f3n murieron asfixiados en una planta de tratamiento de aguas residuales. Ya hab\u00edan denunciado riesgo laboral y ausencia de seguridad. Hasta la fecha, \u00abno hay\u00bb responsables penales o administrativos, ni reparaci\u00f3n del da\u00f1o; el caso destap\u00f3 la contaminaci\u00f3n ilegal de la industria curtidora<\/strong><\/p>\n<p>Piedepagina, 13 de noviembre de 2021<\/p>\n<p>Texto: Alejandro Ruiz<\/p>\n<p>Fotos: Especial<\/p>\n<p><strong>I<\/strong><\/p>\n<p>LE\u00d3N, GUANAJUATO.- El 13 de noviembre de 2020, cinco trabajadores del Sistema de Agua Potable y Alcantarillado de Le\u00f3n (SAPAL) murieron intoxicados en el m\u00f3dulo de desbaste de una Planta de Tratamiento de Aguas Residuales. La \u00fanica en la ciudad que procesa los desechos de la industria curtidora.<\/p>\n<p>Ese m\u00f3dulo procesa el agua desechada por las curtidoras; que contiene, entre otros elementos, altas dosis de cromo y \u00e1cido sulfh\u00eddrico, qu\u00edmicos que pueden ser mortales para el ser humano.<\/p>\n<p>La noticia circul\u00f3 por redes sociales, y alrededor de las 21:00 horas las familias de los trabajadores llegaron al lugar del accidente. El sitio fue acordonado por personal de Seguridad P\u00fablica municipal, protecci\u00f3n civil, el cuerpo de bomberos y agentes del ministerio p\u00fablico; todos ellos constataron que las condiciones del centro de trabajo eran irregulares.<\/p>\n<p><em> \u201cLas condiciones para laborar no eran las correctas, y mi hijo mand\u00f3 alertas por un grupo de whatsapp que abrieron para emitir reportes. Ah\u00ed mi hijo denunci\u00f3 todas esas irregularidades pero nadie les hizo caso\u201d, asegura el padre de V\u00edctor Ricardo Brise\u00f1o Rangel, uno de los trabajadores fallecidos<\/em>.<\/p>\n<p>Los cinco trabajadores se encontraban cumpliendo el turno nocturno y no contaban con el adecuado equipo de protecci\u00f3n, pese a que semanas antes hab\u00edan insistido a la patronal que se los proporcionara. Asimismo, enviaron informes sobre las fallas en algunas tuber\u00edas y de la sobrecarga de capacidad en el m\u00f3dulo de desbaste.<\/p>\n<p>Nadie escuch\u00f3 a los trabajadores, y ese 13 de noviembre de 2020 murieron intoxicados.<\/p>\n<p>Hasta el d\u00eda de hoy, su muerte sigue impune.<\/p>\n<figure id=\"attachment_62736\" aria-describedby=\"caption-attachment-62736\" style=\"width: 750px\" class=\"wp-caption alignnone\"><img loading=\"lazy\" decoding=\"async\" data-attachment-id=\"62736\" data-permalink=\"https:\/\/www.grieta.org.mx\/index.php\/2021\/11\/13\/un-ano-sin-justicia-para-los-trabajadores-de-leon-guanajuato\/trabajadores10_leon_especial\/\" data-orig-file=\"https:\/\/www.grieta.org.mx\/wp-content\/uploads\/2021\/11\/trabajadores10_Leon_especial.jpg\" data-orig-size=\"992,661\" data-comments-opened=\"0\" data-image-meta=\"{&quot;aperture&quot;:&quot;0&quot;,&quot;credit&quot;:&quot;&quot;,&quot;camera&quot;:&quot;OV3647 3.0 MP VCM AF&quot;,&quot;caption&quot;:&quot;&quot;,&quot;created_timestamp&quot;:&quot;1434635816&quot;,&quot;copyright&quot;:&quot;&quot;,&quot;focal_length&quot;:&quot;0&quot;,&quot;iso&quot;:&quot;0&quot;,&quot;shutter_speed&quot;:&quot;0&quot;,&quot;title&quot;:&quot;&quot;,&quot;orientation&quot;:&quot;1&quot;}\" data-image-title=\"trabajadores10_Leon_especial\" data-image-description=\"\" data-image-caption=\"&lt;p&gt;Condiciones de operaci\u00f3n del m\u00f3dulo de desbaste. Foto: Especial&lt;\/p&gt;\n\" data-medium-file=\"https:\/\/www.grieta.org.mx\/wp-content\/uploads\/2021\/11\/trabajadores10_Leon_especial-300x200.jpg\" data-large-file=\"https:\/\/www.grieta.org.mx\/wp-content\/uploads\/2021\/11\/trabajadores10_Leon_especial.jpg\" class=\"wp-image-62736\" src=\"http:\/\/www.grieta.org.mx\/wp-content\/uploads\/2021\/11\/trabajadores10_Leon_especial.jpg\" alt=\"\" width=\"750\" height=\"500\" srcset=\"https:\/\/www.grieta.org.mx\/wp-content\/uploads\/2021\/11\/trabajadores10_Leon_especial.jpg 992w, https:\/\/www.grieta.org.mx\/wp-content\/uploads\/2021\/11\/trabajadores10_Leon_especial-300x200.jpg 300w, https:\/\/www.grieta.org.mx\/wp-content\/uploads\/2021\/11\/trabajadores10_Leon_especial-768x512.jpg 768w\" sizes=\"auto, (max-width: 750px) 100vw, 750px\" \/><figcaption id=\"caption-attachment-62736\" class=\"wp-caption-text\">Condiciones de operaci\u00f3n del m\u00f3dulo de desbaste. Foto: Especial<\/figcaption><\/figure>\n<p><strong>Accidente o negligencia<\/strong><\/p>\n<p>Adem\u00e1s de los trabajadores operativos, en el m\u00f3dulo de desbaste trabajaban 5 ingenieros supervisando las condiciones laborales. Hac\u00edan recorridos por la ma\u00f1ana y por la noche para verificar los trabajos.<\/p>\n<p>A sus 29 a\u00f1os, V\u00edctor Brise\u00f1o era uno de esos ingenieros, y aunque j\u00f3ven, \u00e9l no era inexperto. Ten\u00eda m\u00e1s de seis a\u00f1os trabajando en las plantas biol\u00f3gicas de SAPAL.<\/p>\n<p>\u201c\u00c9l ya ten\u00eda seis a\u00f1os y siete meses trabajando para SAPAL. Claro, en plantas de tratamiento de agua, no de residuos qu\u00edmicos\u201d, narra el padre de V\u00edctor, quien lleva el mismo nombre.<\/p>\n<p>Desde su entrada a la planta, V\u00edctor comenz\u00f3 a detectar anomal\u00edas que se traduc\u00edan en afectaciones al medio ambiente; as\u00ed como potenciales riesgos para el personal que ah\u00ed trabaja.<\/p>\n<p>Su padre narra:<\/p>\n<p><em> \u201cV\u00edctor era el que le reclamaba constantemente a estas personas (a los directivos de SAPAL); defend\u00eda mucho a los trabajadores; todos quer\u00edan trabajar con \u00e9l porque era de los \u00fanicos que se animaba a levantar la voz. Cuando empezaron estos problemas, V\u00edctor estuvo tres d\u00edas diciendo: \u2018se\u00f1ores, atentos, quieren soldar los tubos cuando se cae a pedazos la soldadura; hay que cerrar; esta fuga va a llegar a los reguladores\u2019. \u00c9l tom\u00f3 fotos, videos, donde [se aprecia que] el \u00e1cido ya sal\u00eda hasta por pedazos de banqueta. V\u00edctor les dec\u00eda: \u2018hay que cerrar; que esta fuga va a llegar a los reguladores\u2019, \u00e9l siempre lo advirti\u00f3\u201d.<\/em><\/p>\n<p>No solo V\u00edctor vi\u00f3 los riesgos, pues en el grupo interno de reportes de la planta de tratamiento, varios ingenieros que supervisaban las condiciones del m\u00f3dulo de desbaste tambi\u00e9n advirtieron esto.<\/p>\n<p>Antes del accidente, relata el padre de V\u00edctor, \u201clos otros ingenieros segu\u00edan reportando estas fallas, incluso un d\u00eda antes del accidente porque tambi\u00e9n eran supervisores, pero nadie les hac\u00eda caso\u201d.<\/p>\n<p>La respuesta de los supervisores fue: \u201ccon cuidado\u201d.<\/p>\n<p>Las denuncias al interior de SAPAL motivaron a sus directores a cambiar a V\u00edctor de \u00e1rea. Ahora \u00e9l se encargaba del trabajo de escritorio. Sin embargo, el 13 de noviembre de 2020, fue requerido para cubrir la incapacidad de uno de sus compa\u00f1eros en el turno nocturno.<br \/>\n<em><br \/>\n\u201cNo tra\u00edan equipo. \u00c9l sab\u00eda que no daban. Hab\u00eda veces que V\u00edctor llevaba caretas para los trabajadores porque SAPAL no les daba nada\u201d, reclama su padre. <\/em><\/p>\n<p>Estos hechos fueron constatados d\u00edas despu\u00e9s en una inspecci\u00f3n extraordinaria practicada en la planta de tratamiento por la Secretar\u00eda del Trabajo y Previsi\u00f3n Social; entonces se determin\u00f3 que las condiciones de seguridad e higiene en el centro de trabajo eran irregulares.<\/p>\n<p>En aquel turno nocturno, V\u00edctor entr\u00f3 al m\u00f3dulo de desbaste junto a Jos\u00e9 Salvador Afanador Mart\u00ednez, Alberto de Jes\u00fas Silva Z\u00fa\u00f1iga y dos hombres m\u00e1s de quienes se omite su identidad debido a que no pudimos contactar a sus familiares. Todos ellos, a excepci\u00f3n de V\u00edctor, pertenec\u00edan al personal operativo de SAPAL. Los cinco murieron por inhalar gases t\u00f3xicos.<\/p>\n<p>La tragedia pudo haberse prevenido si los directivos de SAPAL hubieran escuchado las advertencias de V\u00edctor y del resto de los trabajadores. Sin embargo, la dependencia municipal se ha empe\u00f1ado en negar su responsabilidad, lo que ha dejado este caso en la impunidad durante todo un a\u00f1o.<\/p>\n<p><strong>\u201cNada me va a devolver a mi hijo\u201d<\/strong><\/p>\n<p>A las pocas horas del accidente, el pap\u00e1 de V\u00edctor acudi\u00f3 al Servicio M\u00e9dico Forense para recoger el cuerpo de su hijo. Sin saberlo, ese era el primero de muchos desencuentros con las autoridades gubernamentales.<br \/>\n<em><br \/>\n\u201cCuando fuimos a recoger los cuerpos, ya ten\u00edan sus blocks para preguntar el nombre, su edad, y si viv\u00eda contigo; lo normal que te piden y te preguntan. Despu\u00e9s me piden mi copia del INE para anexarla a un documento; yo comenc\u00e9 a hojearlo y veo unas letrotas que me llaman la atenci\u00f3n; yo no ten\u00eda la intenci\u00f3n de leer todo el documento, pero cuando vi esas letras negras y subrayadas que dec\u00edan: \u2018Cedo mi derecho de que no voy a demandar porque s\u00e9 que es un accidente\u2019, yo dije: \u2018ah caray, \u00bfesto cuando me lo preguntaron?\u2019. Entonces me volteo y le digo a la agente del ministerio p\u00fablico que me estaba atendiendo, le pregunto: \u2018\u00bfy esto? \u00bfcu\u00e1ndo lo dije?\u2019 \u2018no, eso no va a afectar en nada\u2019 me dijo\u201d. <\/em><\/p>\n<p>El padre de V\u00edctor llevaba casi seis horas esperando despu\u00e9s del accidente. Despu\u00e9s de firmar por fin pudo llevarse a su hijo para el \u00faltimo adi\u00f3s junto a su familia. Sin embargo, mientras pasaban los meses no ve\u00eda que las autoridades lo llamaran para recibir la indemnizaci\u00f3n que por ley le corresponde a los familiares de trabajadores que han muerto durante el trabajo.<\/p>\n<p>Finalmente, \u201cme mandan llamar\u201d, narra. \u201cY veo que lo que me tienen preparado es una sarta de mentiras, donde supuestamente ellos pon\u00edan una indemnizaci\u00f3n, solo que ese d\u00eda me acompa\u00f1\u00f3 otro de mis hijos que tambi\u00e9n es ingeniero\u201d. \u201cPero, cuando me mostraron los cheques, vi que ni siquiera le hab\u00edan puesto el sueldo que ten\u00eda mi hijo\u201d, relata. \u00abNada me va a devolver a mi hijo\u00bb, explica el padre, quien explica que nunca pens\u00f3 en demandar o inconformarse, hasta que recibi\u00f3 este trato.<\/p>\n<p>En el cheque de \u201cindemnizaci\u00f3n\u201d SAPAL no reconoc\u00eda que la muerte de su hijo hubiera sido consecuencia de un accidente de trabajo, sino como un hecho fortuito que pas\u00f3 fuera de las instalaciones.<\/p>\n<p><em> \u201cPon\u00edan eso de que \u2018al caminar al aire libre se desvanece y pierde la vida\u2019. Eso no, caray. Fue adentro haciendo un trabajo, haciendo ese recorrido. Cuando llego a SAPAL y me siento, me llevan a dos abogados y a Irma Lira (representante de SAPAL), me dicen: \u2018mire esto es lo que le toca por su hijo\u2019\u201d.<br \/>\nSe\u00f1or V\u00edctor<\/em><\/p>\n<p>Gracias a su otro hijo, el padre de V\u00edctor pudo identificar que lo que le ofrec\u00edan era un finiquito laboral, y no la indemnizaci\u00f3n que marca la ley. Rechaz\u00f3 la oferta de SAPAL, y fue entonces cuando decidi\u00f3 hacer p\u00fablico su testimonio.<\/p>\n<p>La reacci\u00f3n de SAPAL fue inmediata, y en repetidas ocasiones sus directivos quisieron culpar de su propia muerte a V\u00edctor y al resto de trabajadores.<\/p>\n<p>\u201cNo fue culpa de mi hijo. \u00c9l ten\u00eda la experiencia, experiencia en plantas biol\u00f3gicas, para las que lo contrataron; no experiencia en plantas qu\u00edmicas en mal estado y sin ninguna protecci\u00f3n laboral\u201d, enfatiza el padre de V\u00edctor.<\/p>\n<p>En ese devenir se encuentra con el resto de los familiares que segu\u00edan demandando justicia, acompa\u00f1ados del abogado Juan Hern\u00e1ndez.<\/p>\n<figure id=\"attachment_62737\" aria-describedby=\"caption-attachment-62737\" style=\"width: 750px\" class=\"wp-caption alignnone\"><img loading=\"lazy\" decoding=\"async\" data-attachment-id=\"62737\" data-permalink=\"https:\/\/www.grieta.org.mx\/index.php\/2021\/11\/13\/un-ano-sin-justicia-para-los-trabajadores-de-leon-guanajuato\/trabajadores2_leon_especial\/\" data-orig-file=\"https:\/\/www.grieta.org.mx\/wp-content\/uploads\/2021\/11\/trabajadores2_Leon_especial.jpg\" data-orig-size=\"992,661\" data-comments-opened=\"0\" data-image-meta=\"{&quot;aperture&quot;:&quot;2.2&quot;,&quot;credit&quot;:&quot;&quot;,&quot;camera&quot;:&quot;moto e5 play&quot;,&quot;caption&quot;:&quot;&quot;,&quot;created_timestamp&quot;:&quot;1574329247&quot;,&quot;copyright&quot;:&quot;&quot;,&quot;focal_length&quot;:&quot;3.2&quot;,&quot;iso&quot;:&quot;50&quot;,&quot;shutter_speed&quot;:&quot;0.0021881838074398&quot;,&quot;title&quot;:&quot;&quot;,&quot;orientation&quot;:&quot;1&quot;}\" data-image-title=\"trabajadores2_Leon_especial\" data-image-description=\"\" data-image-caption=\"&lt;p&gt;Contaminaci\u00f3n en las aguas residuales tratadas en el m\u00f3dulo de desbaste. Foto: Especial&lt;\/p&gt;\n\" data-medium-file=\"https:\/\/www.grieta.org.mx\/wp-content\/uploads\/2021\/11\/trabajadores2_Leon_especial-300x200.jpg\" data-large-file=\"https:\/\/www.grieta.org.mx\/wp-content\/uploads\/2021\/11\/trabajadores2_Leon_especial.jpg\" class=\"wp-image-62737\" src=\"http:\/\/www.grieta.org.mx\/wp-content\/uploads\/2021\/11\/trabajadores2_Leon_especial.jpg\" alt=\"\" width=\"750\" height=\"500\" srcset=\"https:\/\/www.grieta.org.mx\/wp-content\/uploads\/2021\/11\/trabajadores2_Leon_especial.jpg 992w, https:\/\/www.grieta.org.mx\/wp-content\/uploads\/2021\/11\/trabajadores2_Leon_especial-300x200.jpg 300w, https:\/\/www.grieta.org.mx\/wp-content\/uploads\/2021\/11\/trabajadores2_Leon_especial-768x512.jpg 768w\" sizes=\"auto, (max-width: 750px) 100vw, 750px\" \/><figcaption id=\"caption-attachment-62737\" class=\"wp-caption-text\">Contaminaci\u00f3n en las aguas residuales tratadas en el m\u00f3dulo de desbaste. Foto: Especial<\/figcaption><\/figure>\n<p><strong><br \/>\n\u201cIntoxicaci\u00f3n de origen <em>a determinar<\/em>\u201d<\/strong><\/p>\n<p>Alberto de Jes\u00fas Z\u00fa\u00f1iga ten\u00eda 52 d\u00edas trabajando en SAPAL. Primero ingres\u00f3 a una planta cerca de su casa, despu\u00e9s lo trasladaron a la Planta de Tratamiento de Aguas Residuales.<\/p>\n<p>Su padre narra:<\/p>\n<p><em>\u201cYo me enter\u00e9 del accidente por un conocido que me dijo que algo hab\u00eda pasado en la planta donde trabajaba Alberto, y ya fuimos. Llegu\u00e9 como a las 10 de la noche y ya estaba acordonado por los bomberos, los forenses y protecci\u00f3n civil\u201d. <\/em><\/p>\n<p>Alberto ten\u00eda 19 a\u00f1os; acababa de ser padre.<\/p>\n<p>Al igual que en el caso de V\u00edctor, a la familia de Alberto le ofrecieron 30 mil pesos por concepto de finiquito. Tambi\u00e9n le hicieron firmar una hoja donde lo compromet\u00edan a no demandar penalmente a la empresa.<\/p>\n<p>\u201c\u00bfPara ellos la vida vale 30 mil pesos? Es un insulto\u201d.<br \/>\nPadre de Jes\u00fas.<\/p>\n<p>Antes de aceptar el dinero, el abogado Juan Hern\u00e1ndez, quien adem\u00e1s asesoraba a la familia de Jos\u00e9 Salvador Afanador Mart\u00ednez (de 25 a\u00f1os), se percat\u00f3 de que en el documento, la causa de muerte aparec\u00eda con la siguiente leyenda: Intoxicaci\u00f3n de origen a determinar.<\/p>\n<p>Las familias de Jos\u00e9 y Alberto decidieron no aceptar nada hasta que la causa de muerte se esclareciera. Hasta el d\u00eda de hoy siguen sin recibir su indemnizaci\u00f3n.<\/p>\n<p>El 5 de enero de 2021, y despu\u00e9s de iniciar un proceso laboral y otro administrativo en contra de la Contralor\u00eda del municipio de Le\u00f3n, las familias de Jos\u00e9 y Alberto iniciaron un proceso penal en contra de la SAPAL. Denunciaron a la empresa por homicidio culposo. El caso sigue sin una resoluci\u00f3n.<\/p>\n<p><strong>Una cadena de inconsistencias<\/strong><\/p>\n<p>Una de las pruebas fundamentales para determinar la responsabilidad de la empresa en la muerte de los trabajadores es el celular de V\u00edctor Brise\u00f1o, donde se quedaron almacenadas todas las conversaciones, fotos y videos en los que denunci\u00f3 las irregularidades al interior de la planta de tratamiento.<\/p>\n<p>El celular, sin embargo, est\u00e1 apagado y no ha sido investigado por la Fiscal\u00eda.<\/p>\n<p>Asimismo, el 14 de diciembre de 2020, las familias de Alberto y Jos\u00e9 acudieron al palacio municipal para solicitar una entrevista con el ex alcalde H\u00e9ctor L\u00f3pez Santillana. Fueron recibidos por funcionarios de su gabinete, pero jam\u00e1s pudieron entablar comunicaci\u00f3n con el ex presidente municipal.<\/p>\n<p>El 30 de diciembre de 2020, estas mismas familias acudieron con el encargado de despacho de la Unidad No. 9 del Ministerio P\u00fablico, un hombre llamado Ignacio P\u00e9rez, quien adelant\u00f3 que la causa de muerte de los trabajadores pudo haber sido la inhalaci\u00f3n de \u00e1cido clorh\u00eddrico y \u00e1cido hipocloroso.<\/p>\n<p>El agente ministerial, acusan los familiares, lleg\u00f3 a esta conclusi\u00f3n despu\u00e9s de admitir que, en su momento, no se hab\u00edan practicado ex\u00e1menes m\u00e9dicos a los cuerpos. Tampoco se conservaron \u00f3rganos fundamentales para determinar el motivo del deceso. Las familias no dieron por v\u00e1lida la conclusi\u00f3n del se\u00f1or Ignacio P\u00e9rez.<\/p>\n<p>Al igual que en el caso de V\u00edctor, las autoridades gubernamentales pretend\u00edan hacer firmar a las familias de Alberto y Jos\u00e9 un documento en donde admit\u00edan que la causa de muerte fue al aire libre y tras un desvanecimiento de los trabajadores, motiv\u00e1ndolos a desistir de cualquier acci\u00f3n penal en contra de SAPAL.<\/p>\n<p>Posterior a la denuncia, la relator\u00eda de reuniones con funcionarios estatales, municipales y sindicales es extensa, y aunque en la mayor\u00eda de los casos las autoridades cancelaban o reagendaban las citas, en todas les ped\u00edan lo mismo: que desistieran del proceso penal en contra de SAPAL.<\/p>\n<p>Los casos, sin embargo, segu\u00edan sin avanzar.<\/p>\n<p>\u201cOjal\u00e1 y existiera la justicia\u201d, agrega el padre de Alberto.<\/p>\n<figure id=\"attachment_62738\" aria-describedby=\"caption-attachment-62738\" style=\"width: 750px\" class=\"wp-caption alignnone\"><img loading=\"lazy\" decoding=\"async\" data-attachment-id=\"62738\" data-permalink=\"https:\/\/www.grieta.org.mx\/index.php\/2021\/11\/13\/un-ano-sin-justicia-para-los-trabajadores-de-leon-guanajuato\/sony-dsc-17\/\" data-orig-file=\"https:\/\/www.grieta.org.mx\/wp-content\/uploads\/2021\/11\/trabajadores5_Leon_especial.jpg\" data-orig-size=\"992,661\" data-comments-opened=\"0\" data-image-meta=\"{&quot;aperture&quot;:&quot;5.6&quot;,&quot;credit&quot;:&quot;&quot;,&quot;camera&quot;:&quot;DSLR-A350&quot;,&quot;caption&quot;:&quot;SONY DSC&quot;,&quot;created_timestamp&quot;:&quot;1634211968&quot;,&quot;copyright&quot;:&quot;&quot;,&quot;focal_length&quot;:&quot;50&quot;,&quot;iso&quot;:&quot;400&quot;,&quot;shutter_speed&quot;:&quot;0.01&quot;,&quot;title&quot;:&quot;SONY DSC&quot;,&quot;orientation&quot;:&quot;1&quot;}\" data-image-title=\"SONY DSC\" data-image-description=\"\" data-image-caption=\"&lt;p&gt;Documentos del proceso jur\u00eddico que desde el 13 de noviembre de 2020 han iniciado las familias de los trabajadores fallecidos. Foto: Especial&lt;\/p&gt;\n\" data-medium-file=\"https:\/\/www.grieta.org.mx\/wp-content\/uploads\/2021\/11\/trabajadores5_Leon_especial-300x200.jpg\" data-large-file=\"https:\/\/www.grieta.org.mx\/wp-content\/uploads\/2021\/11\/trabajadores5_Leon_especial.jpg\" class=\"wp-image-62738\" src=\"http:\/\/www.grieta.org.mx\/wp-content\/uploads\/2021\/11\/trabajadores5_Leon_especial.jpg\" alt=\"\" width=\"750\" height=\"500\" srcset=\"https:\/\/www.grieta.org.mx\/wp-content\/uploads\/2021\/11\/trabajadores5_Leon_especial.jpg 992w, https:\/\/www.grieta.org.mx\/wp-content\/uploads\/2021\/11\/trabajadores5_Leon_especial-300x200.jpg 300w, https:\/\/www.grieta.org.mx\/wp-content\/uploads\/2021\/11\/trabajadores5_Leon_especial-768x512.jpg 768w\" sizes=\"auto, (max-width: 750px) 100vw, 750px\" \/><figcaption id=\"caption-attachment-62738\" class=\"wp-caption-text\">Documentos del proceso jur\u00eddico que desde el 13 de noviembre de 2020 han iniciado las familias de los trabajadores fallecidos. Foto: Especial<\/figcaption><\/figure>\n<p><strong>El olvido institucional<\/strong><\/p>\n<p>El 8 de febrero de 2021, las familias de los trabajadores presentaron una queja ante la Procuradur\u00eda de los Derechos Humanos del Estado de Guanajuato (PRODHEG). Solicitaron la determinaci\u00f3n de la causa de muerte y las garant\u00edas jur\u00eddicas que la ley establece para las v\u00edctimas indirectas.<\/p>\n<p>SAPAL es un \u00f3rgano aut\u00f3nomo desconcentrado del municipio, por lo que todas las recomendaciones o exhortos por parte de las autoridades municipales o estatales no tienen un car\u00e1cter vinculante al interior del sistema de aguas.<\/p>\n<p>La queja fue admitida, y el 29 de octubre la PRODHEG emiti\u00f3 un resolutivo en donde se fincan responsabilidades laborales y administrativas contra SAPAL y la Contralor\u00eda municipal. De igual forma se instruye a incorporar a las v\u00edctimas indirectas al mecanismo de Protecci\u00f3n Estatal de V\u00edctimas.<\/p>\n<p>Empero, en rueda de prensa, las familias demandantes cuestionaron la resoluci\u00f3n de la comisi\u00f3n de derechos humanos, pues argumentan que no se est\u00e1 garantizando la plena reparaci\u00f3n del da\u00f1o a las familias de los 5 trabajadores.<\/p>\n<p>Los resolutivos del documento surten efectos para las familias de V\u00edctor, Jos\u00e9 y Alberto, dado que, debido a las presiones econ\u00f3micas, las familias de los otros dos trabajadores aceptaron el dinero que en un inicio ofreci\u00f3 SAPAL.<\/p>\n<p>En ambos casos, las viudas de los trabajadores se encontraban embarazadas o con hijos reci\u00e9n nacidos, y apenas rebasaban los 20 a\u00f1os de edad.<\/p>\n<p>Asimismo, se\u00f1alaron que la PRODHEG no exhorta a la Fiscal\u00eda del estado a determinar la causa de muerte, por lo que se sigue deteniendo el proceso penal en contra de la SAPAL.<\/p>\n<p>Pero \u00bfqu\u00e9 motiva a que el municipio no permita que las v\u00edctimas indirectas accedan a la justicia?<\/p>\n<p>Activistas de la ciudad se\u00f1alan que, detr\u00e1s del encubrimiento, est\u00e1 la protecci\u00f3n a las empresas curtidoras, las cuales, ilegalmente, vierten sus desechos t\u00f3xicos a los arroyos que cruzan por el municipio.<\/p>\n<p>De fondo, acusan, est\u00e1 la estrecha relaci\u00f3n entre el \u00f3rgano de aguas y los empresarios curtidores, pues en su consejo directivo no son pocos los nombres que, adem\u00e1s de ser vocales o presidentes, son personajes ligados a la industria curtidora de la ciudad.<\/p>\n<p><strong>II<\/strong><\/p>\n<figure id=\"attachment_62739\" aria-describedby=\"caption-attachment-62739\" style=\"width: 750px\" class=\"wp-caption alignnone\"><img loading=\"lazy\" decoding=\"async\" data-attachment-id=\"62739\" data-permalink=\"https:\/\/www.grieta.org.mx\/index.php\/2021\/11\/13\/un-ano-sin-justicia-para-los-trabajadores-de-leon-guanajuato\/trabajadores4_leon_especial-1\/\" data-orig-file=\"https:\/\/www.grieta.org.mx\/wp-content\/uploads\/2021\/11\/trabajadores4_Leon_especial-1.jpg\" data-orig-size=\"992,661\" data-comments-opened=\"0\" data-image-meta=\"{&quot;aperture&quot;:&quot;0&quot;,&quot;credit&quot;:&quot;&quot;,&quot;camera&quot;:&quot;OV3647 3.0 MP VCM AF&quot;,&quot;caption&quot;:&quot;&quot;,&quot;created_timestamp&quot;:&quot;1435427941&quot;,&quot;copyright&quot;:&quot;&quot;,&quot;focal_length&quot;:&quot;0&quot;,&quot;iso&quot;:&quot;0&quot;,&quot;shutter_speed&quot;:&quot;0&quot;,&quot;title&quot;:&quot;&quot;,&quot;orientation&quot;:&quot;1&quot;}\" data-image-title=\"trabajadores4_Leon_especial-1\" data-image-description=\"\" data-image-caption=\"&lt;p&gt;Desechos encontrados en las bombas del m\u00f3dulo de desbaste.  Foto: Especial&lt;\/p&gt;\n\" data-medium-file=\"https:\/\/www.grieta.org.mx\/wp-content\/uploads\/2021\/11\/trabajadores4_Leon_especial-1-300x200.jpg\" data-large-file=\"https:\/\/www.grieta.org.mx\/wp-content\/uploads\/2021\/11\/trabajadores4_Leon_especial-1.jpg\" class=\"wp-image-62739\" src=\"http:\/\/www.grieta.org.mx\/wp-content\/uploads\/2021\/11\/trabajadores4_Leon_especial-1.jpg\" alt=\"\" width=\"750\" height=\"500\" srcset=\"https:\/\/www.grieta.org.mx\/wp-content\/uploads\/2021\/11\/trabajadores4_Leon_especial-1.jpg 992w, https:\/\/www.grieta.org.mx\/wp-content\/uploads\/2021\/11\/trabajadores4_Leon_especial-1-300x200.jpg 300w, https:\/\/www.grieta.org.mx\/wp-content\/uploads\/2021\/11\/trabajadores4_Leon_especial-1-768x512.jpg 768w\" sizes=\"auto, (max-width: 750px) 100vw, 750px\" \/><figcaption id=\"caption-attachment-62739\" class=\"wp-caption-text\">Desechos encontrados en las bombas del m\u00f3dulo de desbaste. Foto: Especial<\/figcaption><\/figure>\n<p><strong>Una industria omnipresente<\/strong><\/p>\n<p>\u201cS\u00edmbolo de identidad\u201d y \u201cmotor del desarrollo\u201d, as\u00ed definen algunos habitantes de Le\u00f3n a la industria curtidora de su ciudad.<\/p>\n<p>Y no es menor, pues sus or\u00edgenes datan desde la llegada de los espa\u00f1oles a este territorio del baj\u00edo mexicano, por lo que, en gran medida, las curtidoras son parte de su memoria hist\u00f3rica.<\/p>\n<p>Pero no todo es nostalgia, pues tras la acelerada etapa de industrializaci\u00f3n del baj\u00edo, la cual coincide con el auge del estado benefactor y el consecuente impulso de las industrias mexicanas a finales de los 80\u2019s, la curtidur\u00eda leonense abandon\u00f3 su forma artesanal para insertarse en el mercado mundial.<\/p>\n<p>M\u00e1s que monumentos, las curtidoras del municipio generan el 80% del Producto Interno Bruto local, y se estima que diariamente, el 80% de la producci\u00f3n de cueros a nivel nacional se realiza en Le\u00f3n. Es decir, m\u00e1s de 30 mil productos de cuero al d\u00eda (inclusive hay quienes estiman una producci\u00f3n de m\u00e1s de 50 mil cueros diarios).<\/p>\n<p>Para 2020 se calculaba que las ganancias por exportaci\u00f3n de esta industria rebasaban los 200 millones de d\u00f3lares anuales.<\/p>\n<p>De acuerdo con informaci\u00f3n de la C\u00e1mara de la Industria del Calzado del Estado de Guanajuato (CICEG), la industria curtidora de Le\u00f3n exporta producto a China, Italia, Estados Unidos, Jap\u00f3n e Inglaterra, y encontr\u00f3 su maximizaci\u00f3n a partir de la firma del Tratado de Libre Comercio con Am\u00e9rica del Norte en 1994.<\/p>\n<p>Aunado a esto, contrario a lo que abunda en el sentido com\u00fan, no son las zapater\u00edas o muebler\u00edas quienes requieren la mayor cantidad de cueros de la ciudad, sino la industria automotriz y aeron\u00e1utica, actividades econ\u00f3micas que en la \u00faltima d\u00e9cada, se han establecido, principalmente, en la zona del baj\u00edo.<\/p>\n<p>Pero no todo es color de rosa, pues dos de los principales componentes para el proceso de curtido son el cromo y el ars\u00e9nico, elementos altamente contaminantes.<\/p>\n<p>El uso de estos qu\u00edmicos ha provocado que, al no contar con eficientes sistemas tecnol\u00f3gicos, las aguas de desecho empleadas en el proceso de curtido sean altamente contaminantes y se conviertan en un riesgo para el medio ambiente.<\/p>\n<p>Esto motiv\u00f3 a que, en 1994, el ayuntamiento otorgara una concesi\u00f3n a Grupo Ecosys III S.A. de C.V. para operar una planta de tratamiento de aguas residuales en la ciudad. La misma en la que, 26 a\u00f1os despu\u00e9s, fallecer\u00edan los 5 trabajadores de la SAPAL.<\/p>\n<figure id=\"attachment_62740\" aria-describedby=\"caption-attachment-62740\" style=\"width: 750px\" class=\"wp-caption alignnone\"><img loading=\"lazy\" decoding=\"async\" data-attachment-id=\"62740\" data-permalink=\"https:\/\/www.grieta.org.mx\/index.php\/2021\/11\/13\/un-ano-sin-justicia-para-los-trabajadores-de-leon-guanajuato\/trabajadores_leon_especial-1\/\" data-orig-file=\"https:\/\/www.grieta.org.mx\/wp-content\/uploads\/2021\/11\/trabajadores_Leon_especial-1.jpg\" data-orig-size=\"992,661\" data-comments-opened=\"0\" data-image-meta=\"{&quot;aperture&quot;:&quot;0&quot;,&quot;credit&quot;:&quot;&quot;,&quot;camera&quot;:&quot;&quot;,&quot;caption&quot;:&quot;&quot;,&quot;created_timestamp&quot;:&quot;0&quot;,&quot;copyright&quot;:&quot;&quot;,&quot;focal_length&quot;:&quot;0&quot;,&quot;iso&quot;:&quot;0&quot;,&quot;shutter_speed&quot;:&quot;0&quot;,&quot;title&quot;:&quot;&quot;,&quot;orientation&quot;:&quot;1&quot;}\" data-image-title=\"trabajadores_Leon_especial-1\" data-image-description=\"\" data-image-caption=\"&lt;p&gt;Vista panor\u00e1mica de la Planta de Tratamiento de Aguas Residuales. Foto: Especial&lt;\/p&gt;\n\" data-medium-file=\"https:\/\/www.grieta.org.mx\/wp-content\/uploads\/2021\/11\/trabajadores_Leon_especial-1-300x200.jpg\" data-large-file=\"https:\/\/www.grieta.org.mx\/wp-content\/uploads\/2021\/11\/trabajadores_Leon_especial-1.jpg\" class=\"wp-image-62740\" src=\"http:\/\/www.grieta.org.mx\/wp-content\/uploads\/2021\/11\/trabajadores_Leon_especial-1.jpg\" alt=\"\" width=\"750\" height=\"500\" srcset=\"https:\/\/www.grieta.org.mx\/wp-content\/uploads\/2021\/11\/trabajadores_Leon_especial-1.jpg 992w, https:\/\/www.grieta.org.mx\/wp-content\/uploads\/2021\/11\/trabajadores_Leon_especial-1-300x200.jpg 300w, https:\/\/www.grieta.org.mx\/wp-content\/uploads\/2021\/11\/trabajadores_Leon_especial-1-768x512.jpg 768w\" sizes=\"auto, (max-width: 750px) 100vw, 750px\" \/><figcaption id=\"caption-attachment-62740\" class=\"wp-caption-text\">Vista panor\u00e1mica de la Planta de Tratamiento de Aguas Residuales. Foto: Especial<\/figcaption><\/figure>\n<p><strong>Los buenos amigos<\/strong><\/p>\n<p>Grupo Ecosys III SA de CV es un conglomerado empresarial integrado por Intensa SA de CV y Fypasa Construcciones SA de CV; dirigidas por Ernestos Rodolfo Kilian Gonz\u00e1lez y Francisco Jos\u00e9 Chozas Rizo, respectivamente.<\/p>\n<p>Durante 26 a\u00f1os, esta empresa oper\u00f3 la Planta de Tratamiento de Aguas Residuales de la ciudad para reducir los niveles de contaminaci\u00f3n de las aguas t\u00f3xicas provenientes de las curtidoras.<\/p>\n<p>En su esquema de financiamiento, el municipio de Le\u00f3n contemplaba una serie de inversiones millonarias y un cr\u00e9dito otorgado a Ecosys a nombre de SAPAL.<\/p>\n<p>Tan solo en la segunda fase de la concesi\u00f3n (2004) el gobierno municipal otorg\u00f3 746.4 millones de pesos para la ampliaci\u00f3n del m\u00f3dulo de desbaste y la planta de tratamiento. En 2010 se agregaron 23.4 millones de pesos para la cogeneraci\u00f3n de energ\u00eda el\u00e9ctrica a partir de los residuos.<\/p>\n<p>Inclusive se contempl\u00f3 la creaci\u00f3n de un sitio para la disposici\u00f3n final de lodos, el cual ayudar\u00eda a la generaci\u00f3n de energ\u00eda. Este lugar qued\u00f3 en completo abandono.<\/p>\n<p>El 4 de agosto de 2020, SAPAL anunciaba una nueva inversi\u00f3n de mil 500 millones para mejorar el tratamiento de agua en Le\u00f3n, inclu\u00eddo el tratamiento de aguas residuales.<\/p>\n<p>Parec\u00eda que la relaci\u00f3n entre SAPAL y Ecosys iban viento en popa, hasta que una denuncia an\u00f3nima cambi\u00f3 todo por completo.<br \/>\nLa ruptura<\/p>\n<p>El 18 de agosto de 2020, la organizaci\u00f3n Acci\u00f3n Colectiva Socioambiental present\u00f3 ante SAPAL una denuncia popular en contra de las empresas curtidoras responsables de contaminar con aguas residuales los arroyos Hondo y Las Mulas, ambos con conexiones al R\u00edo Lerma.<\/p>\n<p>En su respuesta (emitida el 1 de septiembre de ese a\u00f1o bajo el folio SGO\/597\/2020) SAPAL inform\u00f3 que la denuncia hab\u00eda sido turnada a la Comisi\u00f3n Nacional de Aguas (Conagua) y a la Procuradur\u00eda Federal de Protecci\u00f3n del Medio Ambiente (PROFEPA) \u201cpor ser las autoridades que cuentan con facultades para su atenci\u00f3n\u201d.<\/p>\n<p>La denuncia identific\u00f3 vertederos ilegales de aguas residuales en las inmediaciones de algunas empresas curtidoras.<\/p>\n<p>Ante esto, el Grupo Ecosys III \u2013en ese entonces responsable del tratamiento de aguas residuales\u2013 respondi\u00f3, a trav\u00e9s de un comunicado de prensa, que desde 2014 SAPAL estaba incumpliendo uno de sus compromisos establecidos en el contrato de concesi\u00f3n: la entrega de aguas residuales con una calidad manejable.<\/p>\n<p><em> \u201cA partir de 2014 se detect\u00f3 la problem\u00e1tica que se ha venido arrastrando hasta la fecha, consistente en la entrega por parte del Sistema de Agua Potable y Alcantarillado de Le\u00f3n (Sapal) de aguas residuales de calidades diferentes a las acordadas, integr\u00e1ndose en \u00e9stas, arenas, basura, recortes de cuero, sales, sulfuros, amoniaco, cromo, cal, pelambres y grasas, que han perjudicado el equipo mec\u00e1nico, el\u00e9ctrico y de proceso de la infraestructura de tratamiento, incluy\u00e9ndose al propio colector que conduce las aguas residuales.\u201d<\/em><\/p>\n<p>Es decir, desde 2014 (de acuerdo con los registros de Ecosys), las plantas curtidoras hab\u00edan dejado de cumplir con sus compromisos ambientales, amparados bajo la protecci\u00f3n u omisi\u00f3n de SAPAL.<\/p>\n<p>Este problema, se\u00f1al\u00f3 Ecosys, afect\u00f3 la tecnolog\u00eda del m\u00f3dulo de desbaste, pues \u201cla falta de atenci\u00f3n por parte de SAPAL a la fiscalizaci\u00f3n y control de contaminantes industriales la ha afectado, como afectar\u00e1 a cualquier otra tecnolog\u00eda que se pretenda integrar para el tratamiento de aguas residuales que no sean debidamente reguladas y controladas.\u201d<\/p>\n<p>Esto orill\u00f3 a que, el 22 de septiembre de 2020, SAPAL terminara el contrato de concesi\u00f3n con Grupo Ecosys y asumiera el control de la planta de tratamiento de aguas residuales y el m\u00f3dulo de desbaste.<\/p>\n<p>Al d\u00eda siguiente, SAPAL envi\u00f3 a una planilla de sus trabajadores a operar en esta planta, sin ninguna capacitaci\u00f3n previa. Entre este grupo de trabajadores se encontraban V\u00edctor, Jos\u00e9 y Alberto, y los otros dos trabajadores que morir\u00edan el 13 de noviembre de 2020.<\/p>\n<p>Los reportes que V\u00edctor enviaba a trav\u00e9s de whatsapp, coinciden con la versi\u00f3n p\u00fablica de Ecosys: la planta estaba en p\u00e9simas condiciones, recibiendo aguas residuales con desechos que se fueron acumulando y desgastando la maquinaria.<\/p>\n<figure id=\"attachment_62741\" aria-describedby=\"caption-attachment-62741\" style=\"width: 750px\" class=\"wp-caption alignnone\"><img loading=\"lazy\" decoding=\"async\" data-attachment-id=\"62741\" data-permalink=\"https:\/\/www.grieta.org.mx\/index.php\/2021\/11\/13\/un-ano-sin-justicia-para-los-trabajadores-de-leon-guanajuato\/trabajadores9_leon_especial\/\" data-orig-file=\"https:\/\/www.grieta.org.mx\/wp-content\/uploads\/2021\/11\/trabajadores9_Leon_especial.jpg\" data-orig-size=\"992,661\" data-comments-opened=\"0\" data-image-meta=\"{&quot;aperture&quot;:&quot;0&quot;,&quot;credit&quot;:&quot;&quot;,&quot;camera&quot;:&quot;&quot;,&quot;caption&quot;:&quot;&quot;,&quot;created_timestamp&quot;:&quot;0&quot;,&quot;copyright&quot;:&quot;&quot;,&quot;focal_length&quot;:&quot;0&quot;,&quot;iso&quot;:&quot;0&quot;,&quot;shutter_speed&quot;:&quot;0&quot;,&quot;title&quot;:&quot;&quot;,&quot;orientation&quot;:&quot;1&quot;}\" data-image-title=\"trabajadores9_Leon_especial\" data-image-description=\"\" data-image-caption=\"&lt;p&gt;Vertederos clandestinos de aguas residuales de las curtidoras en el Arroyo Hondo, Le\u00f3n. Foto: Esepcial&lt;\/p&gt;\n\" data-medium-file=\"https:\/\/www.grieta.org.mx\/wp-content\/uploads\/2021\/11\/trabajadores9_Leon_especial-300x200.jpg\" data-large-file=\"https:\/\/www.grieta.org.mx\/wp-content\/uploads\/2021\/11\/trabajadores9_Leon_especial.jpg\" class=\"wp-image-62741\" src=\"http:\/\/www.grieta.org.mx\/wp-content\/uploads\/2021\/11\/trabajadores9_Leon_especial.jpg\" alt=\"\" width=\"750\" height=\"500\" srcset=\"https:\/\/www.grieta.org.mx\/wp-content\/uploads\/2021\/11\/trabajadores9_Leon_especial.jpg 992w, https:\/\/www.grieta.org.mx\/wp-content\/uploads\/2021\/11\/trabajadores9_Leon_especial-300x200.jpg 300w, https:\/\/www.grieta.org.mx\/wp-content\/uploads\/2021\/11\/trabajadores9_Leon_especial-768x512.jpg 768w\" sizes=\"auto, (max-width: 750px) 100vw, 750px\" \/><figcaption id=\"caption-attachment-62741\" class=\"wp-caption-text\">Vertederos clandestinos de aguas residuales de las curtidoras en el Arroyo Hondo, Le\u00f3n. Foto: Esepcial<\/figcaption><\/figure>\n<p><strong><br \/>\nSe destapa la cloaca<\/strong><\/p>\n<p>5 d\u00edas despu\u00e9s de la muerte de los trabajadores, la Conagua respondi\u00f3 a la denuncia popular que la SAPAL turn\u00f3 de su competencia.<\/p>\n<p>En el oficio B00.910.014\/001862, Conagua admite que, despu\u00e9s de una inspecci\u00f3n en el terreno, los hechos reclamados en la denuncia de Acci\u00f3n Colectiva Socioambiental eran ciertos: las empresas curtidoras estaban contaminando los arroyos municipales.<\/p>\n<p>Este posicionamiento, sumado a las declaraciones p\u00fablicas de Grupo Ecosys, as\u00ed como a la tragedia del 13 de noviembre, pon\u00edan a SAPAL en la mira. Pero ahora, era Conagua quien amenazaba con iniciar las investigaciones procedentes.<\/p>\n<p>Pas\u00f3 un mes, pero la denuncia no llegaba. Mientras tanto la planta de tratamiento segu\u00eda operando, y la justicia para los familiares de las v\u00edctimas cada vez se ve\u00eda m\u00e1s lejana.<\/p>\n<p>Los pendientes se acumulaban, y las demandas crec\u00edan.<\/p>\n<p>Pues mientras los r\u00edos se segu\u00edan contaminando, el abandono del sitio para la disposici\u00f3n final de lodos proveniente de residuos \u2013 inaugurado en 2016 por el entonces presidente municipal, el panista H\u00e9ctor L\u00f3pez Santillana \u2013 pon\u00eda a la ciudad en una grave crisis ambiental.<\/p>\n<p>A\u00fan con estas denuncias a cuestas, el acuerdo entre el gobierno de Andr\u00e9s Manuel L\u00f3pez Obrador y los habitantes de las comunidades aleda\u00f1as al proyecto de la presa El Zapotillo, hizo que los funcionarios del agua de Le\u00f3n sacaran sus garras.<\/p>\n<p>No fueron pocas las veces que Sihnue Rodr\u00edguez, gobernador de Guanajuato, as\u00ed como L\u00f3pez Santillana, denunciaron que el proyecto del Zapotillo iba a dejar sin agua al estado, concretamente al municipio de Le\u00f3n.<\/p>\n<p>Pese a estas declaraciones, el ayuntamiento leon\u00e9s se comprometi\u00f3 a dotar de agua proveniente de la planta de tratamiento para acrecentar las reservas de la nueva presa.<\/p>\n<p>La misma agua contaminada de cromo, \u00e1cido, arena y otros desechos de la industria curtidora.<\/p>\n<p>Ante esto, el 6 de diciembre de 2020, Acci\u00f3n Colectiva promovi\u00f3 una segunda denuncia popular, ahora contra SAPAL, exigiendo que responda a la contaminaci\u00f3n de los r\u00edos, as\u00ed como a la operaci\u00f3n final del sitio para la disposici\u00f3n final de lodos.<\/p>\n<p>Ambas denuncias (la del 13 de agosto y el 6 de diciembre) fueron impugnadas por SAPAL, debido a cuestiones de procedimiento, y no de fondo; por lo que fueron desechadas.<\/p>\n<p>Los arroyos y r\u00edos siguen contaminados, y los vertederos clandestinos siguen operando. Mientras que en la planta de tratamiento no se ha vuelto a hacer ninguna inspecci\u00f3n para asegurar que ning\u00fan trabajador vuelva a morir en ella.<\/p>\n<p><strong>III <\/strong><\/p>\n<figure id=\"attachment_62742\" aria-describedby=\"caption-attachment-62742\" style=\"width: 750px\" class=\"wp-caption alignnone\"><img loading=\"lazy\" decoding=\"async\" data-attachment-id=\"62742\" data-permalink=\"https:\/\/www.grieta.org.mx\/index.php\/2021\/11\/13\/un-ano-sin-justicia-para-los-trabajadores-de-leon-guanajuato\/sony-dsc-18\/\" data-orig-file=\"https:\/\/www.grieta.org.mx\/wp-content\/uploads\/2021\/11\/trabajadores7_Leon_especial.jpg\" data-orig-size=\"992,661\" data-comments-opened=\"0\" data-image-meta=\"{&quot;aperture&quot;:&quot;5.6&quot;,&quot;credit&quot;:&quot;&quot;,&quot;camera&quot;:&quot;DSLR-A350&quot;,&quot;caption&quot;:&quot;SONY DSC&quot;,&quot;created_timestamp&quot;:&quot;1634210359&quot;,&quot;copyright&quot;:&quot;&quot;,&quot;focal_length&quot;:&quot;50&quot;,&quot;iso&quot;:&quot;400&quot;,&quot;shutter_speed&quot;:&quot;0.005&quot;,&quot;title&quot;:&quot;SONY DSC&quot;,&quot;orientation&quot;:&quot;1&quot;}\" data-image-title=\"SONY DSC\" data-image-description=\"\" data-image-caption=\"&lt;p&gt;Manifestaci\u00f3n de familiares de trabajadores muertos en el Congreso del Estado de Guanajuato. Foto: Especial&lt;\/p&gt;\n\" data-medium-file=\"https:\/\/www.grieta.org.mx\/wp-content\/uploads\/2021\/11\/trabajadores7_Leon_especial-300x200.jpg\" data-large-file=\"https:\/\/www.grieta.org.mx\/wp-content\/uploads\/2021\/11\/trabajadores7_Leon_especial.jpg\" class=\"wp-image-62742\" src=\"http:\/\/www.grieta.org.mx\/wp-content\/uploads\/2021\/11\/trabajadores7_Leon_especial.jpg\" alt=\"\" width=\"750\" height=\"500\" srcset=\"https:\/\/www.grieta.org.mx\/wp-content\/uploads\/2021\/11\/trabajadores7_Leon_especial.jpg 992w, https:\/\/www.grieta.org.mx\/wp-content\/uploads\/2021\/11\/trabajadores7_Leon_especial-300x200.jpg 300w, https:\/\/www.grieta.org.mx\/wp-content\/uploads\/2021\/11\/trabajadores7_Leon_especial-768x512.jpg 768w\" sizes=\"auto, (max-width: 750px) 100vw, 750px\" \/><figcaption id=\"caption-attachment-62742\" class=\"wp-caption-text\">Manifestaci\u00f3n de familiares de trabajadores muertos en el Congreso del Estado de Guanajuato. Foto: Especial<\/figcaption><\/figure>\n<p>\u201cQueremos justicia\u201d<\/p>\n<p>La resoluci\u00f3n de la PRODHEG no fue espont\u00e1nea, es producto de la presi\u00f3n pol\u00edtica que las familias de las v\u00edctimas han ejercido en diversos frentes.<\/p>\n<p>El 14 de octubre, durante la sesi\u00f3n ordinaria del Congreso del estado, las y los familiares acudieron a protestar; se hab\u00edan cumplido 11 meses de la tragedia y a\u00fan no ten\u00edan respuestas.<\/p>\n<p>Durante la sesi\u00f3n, el diputado morenista, David Mart\u00ednez Mendizabal, present\u00f3 una propuesta durante la sesi\u00f3n para que el congreso exhortara a la SAPAL, a la Fiscal\u00eda Estatal y a la Procuradur\u00eda de Derechos Humanos a que cumplieran los derechos a las v\u00edctimas.<\/p>\n<p>Despu\u00e9s de esto, el 11 de noviembre, la nueva alcaldesa de Le\u00f3n, Alejandra Guti\u00e9rrez, se pronunci\u00f3 por el respeto de los derechos de las familias de las v\u00edctimas, e igualmente exhort\u00f3 a SAPAL a que mejorara las condiciones laborales para prevenir incidentes.<\/p>\n<p>El 12 de noviembre, un d\u00eda despu\u00e9s de esta declaraci\u00f3n, la Fiscal\u00eda del estado se reuni\u00f3 con las familias para persistir en la intenci\u00f3n de que las familias desistieran del proceso penal. Ofrecieron una indemnizaci\u00f3n de m\u00e1s de 400 mil pesos a cada familiar.<\/p>\n<p>Empero, y aunque las familias se muestran en sinton\u00eda con las resoluciones de la PRODHEG, el objetivo de su lucha, a un a\u00f1o de haber iniciado, rebasa las pretensiones econ\u00f3micas.<\/p>\n<p>Las demandas de las familias son claras:<\/p>\n<p>1.- Disculpa p\u00fablica por parte de las autoridades estatales y municipales, espec\u00edficamente de SAPAL, por denigrar su integridad durante todo un a\u00f1o.<\/p>\n<p>2.- La destituci\u00f3n, renuncia o dimisi\u00f3n del actual director de SAPAL: Enrique de Haro Maldonado, y del presidente del consejo directivo: Jorge Ram\u00edrez Hern\u00e1ndez<\/p>\n<p>3.- Que se aseguren medidas de no repetici\u00f3n para que ning\u00fan trabajador vuelva a morir a causa de negligencias e intereses econ\u00f3micos, lo que incluye poner en orden a las empresas de la industria curtidora y asegurar la no contaminaci\u00f3n de la cuenca del r\u00edo Turbio<\/p>\n<p>El padre de Alberto concluye:<\/p>\n<p><em> \u201cLo que queremos es justicia, que paguen los responsables, pero no en dinero, sino que paguen de verdad\u201d.<\/em><\/p>\n<p><a href=\"https:\/\/piedepagina.mx\/un-ano-sin-justicia-para-los-trabajadores-de-leon\/\">https:\/\/piedepagina.mx\/un-ano-sin-justicia-para-los-trabajadores-de-leon\/<\/a><\/p>\n","protected":false},"excerpt":{"rendered":"<p>Un a\u00f1o atr\u00e1s, cinco trabajadores del Sistema de Aguas de Le\u00f3n murieron asfixiados en una planta de tratamiento de aguas residuales. Ya hab\u00edan denunciado riesgo laboral y ausencia de seguridad. &hellip; <a href=\"https:\/\/www.grieta.org.mx\/index.php\/2021\/11\/13\/un-ano-sin-justicia-para-los-trabajadores-de-leon-guanajuato\/\" class=\"more-link\">Leer m\u00e1s<\/a><\/p>\n","protected":false},"author":2,"featured_media":62744,"comment_status":"closed","ping_status":"closed","sticky":false,"template":"","format":"standard","meta":{"ngg_post_thumbnail":0,"_jetpack_newsletter_access":"","_jetpack_dont_email_post_to_subs":false,"_jetpack_newsletter_tier_id":0,"_jetpack_memberships_contains_paywalled_content":false,"_jetpack_memberships_contains_paid_content":false,"footnotes":""},"categories":[80,4010,1066,2746,1258,17,3948],"tags":[1547,2738,634,2250,425,91,2170,1290,3753,1117],"class_list":["post-62735","post","type-post","status-publish","format-standard","has-post-thumbnail","hentry","category-cintillo","category-conflictos-laborales-en-guanajuato","category-contaminacion-ambiental-en-guanajuato","category-destruccion-de-la-naturaleza-en-guanajuato","category-explotacion-y-precariedad-laboral-en-guanajuato","category-guanajuato","category-protestas-de-trabajadores-en-guanajuato","tag-aguas-residuales","tag-autoridades-omisas","tag-condiciones-laborales","tag-conflictos-laborales-en-el-sector-publico","tag-contaminacion-agua","tag-contaminacion-ambiental","tag-danos-a-la-salud","tag-precariedad-laboral","tag-riesgo-laboral","tag-violacion-de-derechos-laborales","entry"],"jetpack_featured_media_url":"https:\/\/www.grieta.org.mx\/wp-content\/uploads\/2021\/11\/trabajadores6_Leon_especial.jpg","jetpack_sharing_enabled":true,"jetpack_shortlink":"https:\/\/wp.me\/p7ZJR4-gjR","jetpack_likes_enabled":false,"jetpack-related-posts":[{"id":55405,"url":"https:\/\/www.grieta.org.mx\/index.php\/2020\/11\/14\/mueren-5-trabajadores-en-planta-de-tratamiento-de-aguas-residuales-de-leon-guanajuato\/","url_meta":{"origin":62735,"position":0},"title":"Mueren 5 trabajadores en planta de tratamiento de aguas residuales de Le\u00f3n (Guanajuato)","author":"grieta","date":"14 noviembre, 2020","format":false,"excerpt":"Los cuerpos de los cinco trabajadores quedaron junto a un estanque donde se mezclan varios qu\u00edmicos, por lo que se sospecha murieron intoxicados Ver\u00f3nica Espinoza \/ Proceso, 14 de noviembre de 2020 GUANAJUATO, Gto. (proceso.com.mx).\u2013 Cinco trabajadores de la planta de tratamiento de aguas residuales del Sistema de Agua Potable\u2026","rel":"","context":"En &quot;CINTILLO&quot;","block_context":{"text":"CINTILLO","link":"https:\/\/www.grieta.org.mx\/index.php\/category\/cintillo\/"},"img":{"alt_text":"","src":"https:\/\/i0.wp.com\/www.grieta.org.mx\/wp-content\/uploads\/2020\/11\/f800x450-124779_176225_5050.jpg?resize=350%2C200&ssl=1","width":350,"height":200,"srcset":"https:\/\/i0.wp.com\/www.grieta.org.mx\/wp-content\/uploads\/2020\/11\/f800x450-124779_176225_5050.jpg?resize=350%2C200&ssl=1 1x, https:\/\/i0.wp.com\/www.grieta.org.mx\/wp-content\/uploads\/2020\/11\/f800x450-124779_176225_5050.jpg?resize=525%2C300&ssl=1 1.5x, https:\/\/i0.wp.com\/www.grieta.org.mx\/wp-content\/uploads\/2020\/11\/f800x450-124779_176225_5050.jpg?resize=700%2C400&ssl=1 2x"},"classes":[]},{"id":7254,"url":"https:\/\/www.grieta.org.mx\/index.php\/2016\/08\/17\/conflictos-laborales-en-guanajuato\/","url_meta":{"origin":62735,"position":1},"title":"Conflictos laborales en Guanajuato","author":"grieta","date":"17 agosto, 2016","format":false,"excerpt":"17\/08\/16. Crece n\u00famero de muertes por accidentes laborales en Guanajuato El Financiero 24\/04\/2016. Empresas concesionarias explotan a barrenderos en Le\u00f3n AM 30\/03\/2016. Estalla huelga en Cecyteg en Guanajuato, maestros exigen mejores salarios y condiciones dignas de trabajo Zona Franca 03\/08\/2015. Explotan a ni\u00f1os ind\u00edgenas en campos agr\u00edcolas de Guanajuato La\u2026","rel":"","context":"En &quot;Guanajuato&quot;","block_context":{"text":"Guanajuato","link":"https:\/\/www.grieta.org.mx\/index.php\/category\/noticias-nacionales\/guanajuato\/"},"img":{"alt_text":"","src":"https:\/\/i0.wp.com\/www.grieta.org.mx\/wp-content\/uploads\/2018\/03\/14524434_1106112876131411_958039263622046936_o.jpg?resize=350%2C200&ssl=1","width":350,"height":200,"srcset":"https:\/\/i0.wp.com\/www.grieta.org.mx\/wp-content\/uploads\/2018\/03\/14524434_1106112876131411_958039263622046936_o.jpg?resize=350%2C200&ssl=1 1x, https:\/\/i0.wp.com\/www.grieta.org.mx\/wp-content\/uploads\/2018\/03\/14524434_1106112876131411_958039263622046936_o.jpg?resize=525%2C300&ssl=1 1.5x, https:\/\/i0.wp.com\/www.grieta.org.mx\/wp-content\/uploads\/2018\/03\/14524434_1106112876131411_958039263622046936_o.jpg?resize=700%2C400&ssl=1 2x"},"classes":[]},{"id":23215,"url":"https:\/\/www.grieta.org.mx\/index.php\/2015\/03\/15\/conflictos-laborales-aumentaron-133-leon-guanajuato\/","url_meta":{"origin":62735,"position":2},"title":"Conflictos laborales aumentaron 133% (Le\u00f3n, Guanajuato)","author":"grieta","date":"15 marzo, 2015","format":false,"excerpt":"El INEGI inform\u00f3 quede 2006 a 2013, fueron 8 mil 660 los casos reportados Dami\u00e1n Godoy\/Peri\u00f3dico Correo LE\u00d3N, Gto.- Los conflictos laborales en esta ciudad se incrementaron m\u00e1s del doble en s\u00f3lo ocho a\u00f1os, revelan cifras del Instituto Nacional de Estad\u00edstica y Geograf\u00eda (INEGI). De acuerdo con la \u00faltima actualizaci\u00f3n\u2026","rel":"","context":"En &quot;CINTILLO&quot;","block_context":{"text":"CINTILLO","link":"https:\/\/www.grieta.org.mx\/index.php\/category\/cintillo\/"},"img":{"alt_text":"","src":"https:\/\/i0.wp.com\/www.grieta.org.mx\/wp-content\/uploads\/2018\/05\/LL-201-JULCAS-2.jpg?resize=350%2C200&ssl=1","width":350,"height":200,"srcset":"https:\/\/i0.wp.com\/www.grieta.org.mx\/wp-content\/uploads\/2018\/05\/LL-201-JULCAS-2.jpg?resize=350%2C200&ssl=1 1x, https:\/\/i0.wp.com\/www.grieta.org.mx\/wp-content\/uploads\/2018\/05\/LL-201-JULCAS-2.jpg?resize=525%2C300&ssl=1 1.5x, https:\/\/i0.wp.com\/www.grieta.org.mx\/wp-content\/uploads\/2018\/05\/LL-201-JULCAS-2.jpg?resize=700%2C400&ssl=1 2x"},"classes":[]},{"id":63510,"url":"https:\/\/www.grieta.org.mx\/index.php\/2022\/02\/24\/acusan-represalias-en-mazda-salamanca-tras-despido-de-280-trabajadores-guanajuato\/","url_meta":{"origin":62735,"position":3},"title":"Acusan represalias en Mazda Salamanca tras despido de 280 trabajadores (Guanajuato","author":"grieta","date":"24 febrero, 2022","format":false,"excerpt":"Por: Redacci\u00f3n\/El Pulso Laboral, 24 de febrero de 2022 Otro conflicto laboral de grandes proporciones toca la puerta en el Baj\u00edo mexicano, ahora protagonizado por trabajadores de la empresa Mazda planta Salamanca, quienes acusan 280 despidos injustificados. El Movimiento Industrial Automotriz Independiente (MIAI) aglutina a un grupo de trabajadores de\u2026","rel":"","context":"En &quot;CINTILLO&quot;","block_context":{"text":"CINTILLO","link":"https:\/\/www.grieta.org.mx\/index.php\/category\/cintillo\/"},"img":{"alt_text":"","src":"https:\/\/i0.wp.com\/www.grieta.org.mx\/wp-content\/uploads\/2022\/02\/284UO_MAZDA.jpg?resize=350%2C200&ssl=1","width":350,"height":200,"srcset":"https:\/\/i0.wp.com\/www.grieta.org.mx\/wp-content\/uploads\/2022\/02\/284UO_MAZDA.jpg?resize=350%2C200&ssl=1 1x, https:\/\/i0.wp.com\/www.grieta.org.mx\/wp-content\/uploads\/2022\/02\/284UO_MAZDA.jpg?resize=525%2C300&ssl=1 1.5x, https:\/\/i0.wp.com\/www.grieta.org.mx\/wp-content\/uploads\/2022\/02\/284UO_MAZDA.jpg?resize=700%2C400&ssl=1 2x, https:\/\/i0.wp.com\/www.grieta.org.mx\/wp-content\/uploads\/2022\/02\/284UO_MAZDA.jpg?resize=1050%2C600&ssl=1 3x"},"classes":[]},{"id":60251,"url":"https:\/\/www.grieta.org.mx\/index.php\/2021\/06\/18\/aumentaran-sueldo-a-personal-de-recoleccion-de-basura-leon-guanajuato\/","url_meta":{"origin":62735,"position":4},"title":"Aumentar\u00e1n sueldo a personal de recolecci\u00f3n de basura  (Le\u00f3n, Guanajuato)","author":"grieta","date":"18 junio, 2021","format":false,"excerpt":"Desde la noche de este jueves, las unidades salieron a brindar el servicio que afect\u00f3 a 75 colonias Roc\u00edo God\u00ednez | El Sol de Le\u00f3n, 18 de junio de 2021 Le\u00f3n, Gto. - El paro de labores por parte del personal de recolecci\u00f3n de basura, termin\u00f3 la noche de este\u2026","rel":"","context":"En &quot;CINTILLO&quot;","block_context":{"text":"CINTILLO","link":"https:\/\/www.grieta.org.mx\/index.php\/category\/cintillo\/"},"img":{"alt_text":"","src":"https:\/\/i0.wp.com\/www.grieta.org.mx\/wp-content\/uploads\/2021\/07\/Aumentara%CC%81n-sueldo-a-personal-de-recoleccio%CC%81n-de-basura.jpg?resize=350%2C200&ssl=1","width":350,"height":200,"srcset":"https:\/\/i0.wp.com\/www.grieta.org.mx\/wp-content\/uploads\/2021\/07\/Aumentara%CC%81n-sueldo-a-personal-de-recoleccio%CC%81n-de-basura.jpg?resize=350%2C200&ssl=1 1x, https:\/\/i0.wp.com\/www.grieta.org.mx\/wp-content\/uploads\/2021\/07\/Aumentara%CC%81n-sueldo-a-personal-de-recoleccio%CC%81n-de-basura.jpg?resize=525%2C300&ssl=1 1.5x, https:\/\/i0.wp.com\/www.grieta.org.mx\/wp-content\/uploads\/2021\/07\/Aumentara%CC%81n-sueldo-a-personal-de-recoleccio%CC%81n-de-basura.jpg?resize=700%2C400&ssl=1 2x"},"classes":[]},{"id":23630,"url":"https:\/\/www.grieta.org.mx\/index.php\/2018\/03\/20\/derraman-aguas-negras-en-vialidades-del-guanajuato-puerto-interior\/","url_meta":{"origin":62735,"position":5},"title":"Derraman aguas negras en vialidades del Guanajuato Puerto Interior","author":"grieta","date":"20 marzo, 2018","format":false,"excerpt":"Empleados de varias empresas sufren por la contaminaci\u00f3n Cruz S\u00e1nchez \/Peri\u00f3dico Correo Silao.- La falta de mantenimiento desborda las aguas negras de la planta de tratamiento de aguas residuales ubicada dentro de las instalaciones de Guanajuato Puerto Interior, generando un grave foco de contaminaci\u00f3n. Ya comienza el calor y aumentan\u2026","rel":"","context":"En &quot;CINTILLO&quot;","block_context":{"text":"CINTILLO","link":"https:\/\/www.grieta.org.mx\/index.php\/category\/cintillo\/"},"img":{"alt_text":"","src":"https:\/\/i0.wp.com\/www.grieta.org.mx\/wp-content\/uploads\/2018\/06\/LR190701b.jpg?resize=350%2C200&ssl=1","width":350,"height":200,"srcset":"https:\/\/i0.wp.com\/www.grieta.org.mx\/wp-content\/uploads\/2018\/06\/LR190701b.jpg?resize=350%2C200&ssl=1 1x, https:\/\/i0.wp.com\/www.grieta.org.mx\/wp-content\/uploads\/2018\/06\/LR190701b.jpg?resize=525%2C300&ssl=1 1.5x, https:\/\/i0.wp.com\/www.grieta.org.mx\/wp-content\/uploads\/2018\/06\/LR190701b.jpg?resize=700%2C400&ssl=1 2x"},"classes":[]}],"_links":{"self":[{"href":"https:\/\/www.grieta.org.mx\/index.php\/wp-json\/wp\/v2\/posts\/62735","targetHints":{"allow":["GET"]}}],"collection":[{"href":"https:\/\/www.grieta.org.mx\/index.php\/wp-json\/wp\/v2\/posts"}],"about":[{"href":"https:\/\/www.grieta.org.mx\/index.php\/wp-json\/wp\/v2\/types\/post"}],"author":[{"embeddable":true,"href":"https:\/\/www.grieta.org.mx\/index.php\/wp-json\/wp\/v2\/users\/2"}],"replies":[{"embeddable":true,"href":"https:\/\/www.grieta.org.mx\/index.php\/wp-json\/wp\/v2\/comments?post=62735"}],"version-history":[{"count":1,"href":"https:\/\/www.grieta.org.mx\/index.php\/wp-json\/wp\/v2\/posts\/62735\/revisions"}],"predecessor-version":[{"id":62745,"href":"https:\/\/www.grieta.org.mx\/index.php\/wp-json\/wp\/v2\/posts\/62735\/revisions\/62745"}],"wp:featuredmedia":[{"embeddable":true,"href":"https:\/\/www.grieta.org.mx\/index.php\/wp-json\/wp\/v2\/media\/62744"}],"wp:attachment":[{"href":"https:\/\/www.grieta.org.mx\/index.php\/wp-json\/wp\/v2\/media?parent=62735"}],"wp:term":[{"taxonomy":"category","embeddable":true,"href":"https:\/\/www.grieta.org.mx\/index.php\/wp-json\/wp\/v2\/categories?post=62735"},{"taxonomy":"post_tag","embeddable":true,"href":"https:\/\/www.grieta.org.mx\/index.php\/wp-json\/wp\/v2\/tags?post=62735"}],"curies":[{"name":"wp","href":"https:\/\/api.w.org\/{rel}","templated":true}]}}