{"id":62730,"date":"2021-11-10T17:55:58","date_gmt":"2021-11-10T23:55:58","guid":{"rendered":"http:\/\/www.grieta.org.mx\/?p=62730"},"modified":"2021-11-24T01:04:38","modified_gmt":"2021-11-24T07:04:38","slug":"el-lavado-verde-de-iberdrola-desde-el-istmo-hasta-glasgow-oaxaca","status":"publish","type":"post","link":"https:\/\/www.grieta.org.mx\/index.php\/2021\/11\/10\/el-lavado-verde-de-iberdrola-desde-el-istmo-hasta-glasgow-oaxaca\/","title":{"rendered":"El lavado verde de Iberdrola desde el Istmo hasta Glasgow (Oaxaca)"},"content":{"rendered":"<p>Avispa Midia \/ Samantha Demby.<\/p>\n<p><img loading=\"lazy\" decoding=\"async\" data-attachment-id=\"62731\" data-permalink=\"https:\/\/www.grieta.org.mx\/index.php\/2021\/11\/10\/el-lavado-verde-de-iberdrola-desde-el-istmo-hasta-glasgow-oaxaca\/1-200\/\" data-orig-file=\"https:\/\/www.grieta.org.mx\/wp-content\/uploads\/2021\/11\/1-3.jpg\" data-orig-size=\"1000,613\" data-comments-opened=\"0\" data-image-meta=\"{&quot;aperture&quot;:&quot;0&quot;,&quot;credit&quot;:&quot;&quot;,&quot;camera&quot;:&quot;&quot;,&quot;caption&quot;:&quot;&quot;,&quot;created_timestamp&quot;:&quot;0&quot;,&quot;copyright&quot;:&quot;&quot;,&quot;focal_length&quot;:&quot;0&quot;,&quot;iso&quot;:&quot;0&quot;,&quot;shutter_speed&quot;:&quot;0&quot;,&quot;title&quot;:&quot;&quot;,&quot;orientation&quot;:&quot;1&quot;}\" data-image-title=\"1\" data-image-description=\"\" data-image-caption=\"\" data-medium-file=\"https:\/\/www.grieta.org.mx\/wp-content\/uploads\/2021\/11\/1-3-300x184.jpg\" data-large-file=\"https:\/\/www.grieta.org.mx\/wp-content\/uploads\/2021\/11\/1-3.jpg\" class=\"alignnone wp-image-62731\" src=\"http:\/\/www.grieta.org.mx\/wp-content\/uploads\/2021\/11\/1-3.jpg\" alt=\"\" width=\"800\" height=\"490\" srcset=\"https:\/\/www.grieta.org.mx\/wp-content\/uploads\/2021\/11\/1-3.jpg 1000w, https:\/\/www.grieta.org.mx\/wp-content\/uploads\/2021\/11\/1-3-300x184.jpg 300w, https:\/\/www.grieta.org.mx\/wp-content\/uploads\/2021\/11\/1-3-768x471.jpg 768w\" sizes=\"auto, (max-width: 800px) 100vw, 800px\" \/><\/p>\n<p>M\u00e1s de una docena de rostros blancos recorren sin esfuerzo las laderas escocesas en bicicletas el\u00e9ctricas de alta gama. Sus uniformes, una paleta de tonos verdes, llevan el logotipo del gigante energ\u00e9tico espa\u00f1ol Iberdrola, junto al emblema de la Conferencia de las Naciones Unidas, com\u00fanmente conocida como la COP, que se celebra actualmente en Glasgow (Reino Unido) hasta el 12 de noviembre.<\/p>\n<p>Cada a\u00f1o, Iberdrola organiza la rodada a la COP para \u201cconcienciar en la lucha contra el cambio clim\u00e1tico\u201d, seg\u00fan la propia ONU. Este mes la empresa multinacional anuncia en tuits decorados con corazones verdes y emojis de bicicletas: \u201cLideramos la lucha contra la #EmergenciaClim\u00e1tica con las #renovables, pero no es suficiente: \u00a1TODOS debemos acelerar la transici\u00f3n energ\u00e9tica!\u201d. Con el objetivo declarado de hacerlo, Iberdrola patrocina a sus empleados de alto nivel, junto con representantes de la ONU y otras instituciones ambientales influyentes, para que acudan a la COP 26 en bicicleta el\u00e9ctrica para entregar un \u201cmanifiesto para la acci\u00f3n clim\u00e1tica\u201d.<\/p>\n<p>Iberdrola proyecta una imagen de empresa l\u00edder en energ\u00edas renovables. La asociaci\u00f3n de la empresa con la ONU contribuye en gran medida a esta imagen.<\/p>\n<p>La filial de Iberdrola, Scottish Power, es un \u201csocio principal\u201d de la COP 26. Durante la conferencia, el Grupo Iberdrola organiza eventos con actores clave en la toma de decisiones en torno a la crisis clim\u00e1tica, como el gobierno brit\u00e1nico, el pa\u00eds anfitri\u00f3n de la conferencia este a\u00f1o. Adem\u00e1s, el \u201cAuditorio Scottish Power\u201d es la sede de \u201csesiones interactivas\u201d organizadas con instituciones como el Consejo Empresarial Mundial para el Desarrollo Sostenible (WBCSD). Finalmente, Iberdrola cuenta con una caseta en la \u201cZona Verde\u201d de la COP 26, donde visibiliza su propio \u201cliderazgo clim\u00e1tico\u201d.<\/p>\n<p>Lejos de la pompa verde de Glasgow, en M\u00e9xico, casi el 90% de la energ\u00eda que produce Iberdrola no es renovable. De un total de 10.511 megavatios generados por la empresa en el pa\u00eds, 9.146 proceden de 12 centrales de ciclo combinado, mientras 4 plantas de cogeneraci\u00f3n producen otros 202 MW. En cuanto a las energ\u00eda renovables, Iberdrola \u2013 que ha jugado un papel destacado en el sector energ\u00e9tico del pa\u00eds desde los 1990 \u2013 opera 7 parques e\u00f3licos con una capacidad total de 693 MW, adem\u00e1s de 3 parques fotovoltaicos capaces de producir 470 MW, lo que supone una producci\u00f3n total de 1.163 MW en energ\u00edas renovables.<\/p>\n<p>Defensoras ind\u00edgenas denuncian a Iberdrola<\/p>\n<p>De los 7 parques e\u00f3licos de la empresa en M\u00e9xico, 4 se encuentran en la regi\u00f3n del Istmo de Tehuantepec en Oaxaca, donde el aprovechamiento de las intensas r\u00e1fagas de viento por empresas como Iberdrola ha provocado intensos conflictos territoriales.<\/p>\n<p>El 4 de noviembre, un par de d\u00edas antes de que la rodada de Iberdrola partiera de Edimburgo hacia Glasgow, defensoras y defensores ind\u00edgenas se concentraron frente a las oficinas de la empresa en la Ciudad de M\u00e9xico para denunciar \u201cel enga\u00f1o, el despojo, la destrucci\u00f3n y la contaminaci\u00f3n\u201d ocasionados por Iberdrola.<\/p>\n<p>En el marco del d\u00eda de acci\u00f3n contra el lavado verde, convocado por el Encuentro de los Pueblos que se celebra paralelamente a la COP 26 en Glasgow, integrantes de la Asamblea de los Pueblos Ind\u00edgenas del Istmo en Defensa de la Tierra y el Territorio (APIDTT), la Coordinadora de Pueblos y Organizaciones del Oriente del Estado de M\u00e9xico en Defensa de la Tierra, el Agua y su Cultura y del Congreso Nacional Ind\u00edgena precisaron en un comunicado que las \u201cSoluciones Basadas en la Naturaleza\u201d, as\u00ed como \u201clas supuestas \u2018energ\u00edas limpias\u2019 como los parques e\u00f3licos y fotovoltaicos tambi\u00e9n despojan, contaminan y matan la tierra f\u00e9rtil, lo mismo que explotan y desplazan a los pueblos.\u201d<\/p>\n<p><img loading=\"lazy\" decoding=\"async\" data-attachment-id=\"62732\" data-permalink=\"https:\/\/www.grieta.org.mx\/index.php\/2021\/11\/10\/el-lavado-verde-de-iberdrola-desde-el-istmo-hasta-glasgow-oaxaca\/2-111\/\" data-orig-file=\"https:\/\/www.grieta.org.mx\/wp-content\/uploads\/2021\/11\/2-3.jpg\" data-orig-size=\"960,720\" data-comments-opened=\"0\" data-image-meta=\"{&quot;aperture&quot;:&quot;0&quot;,&quot;credit&quot;:&quot;&quot;,&quot;camera&quot;:&quot;&quot;,&quot;caption&quot;:&quot;&quot;,&quot;created_timestamp&quot;:&quot;0&quot;,&quot;copyright&quot;:&quot;&quot;,&quot;focal_length&quot;:&quot;0&quot;,&quot;iso&quot;:&quot;0&quot;,&quot;shutter_speed&quot;:&quot;0&quot;,&quot;title&quot;:&quot;&quot;,&quot;orientation&quot;:&quot;0&quot;}\" data-image-title=\"2\" data-image-description=\"\" data-image-caption=\"\" data-medium-file=\"https:\/\/www.grieta.org.mx\/wp-content\/uploads\/2021\/11\/2-3-300x225.jpg\" data-large-file=\"https:\/\/www.grieta.org.mx\/wp-content\/uploads\/2021\/11\/2-3.jpg\" class=\"alignnone wp-image-62732\" src=\"http:\/\/www.grieta.org.mx\/wp-content\/uploads\/2021\/11\/2-3.jpg\" alt=\"\" width=\"800\" height=\"600\" srcset=\"https:\/\/www.grieta.org.mx\/wp-content\/uploads\/2021\/11\/2-3.jpg 960w, https:\/\/www.grieta.org.mx\/wp-content\/uploads\/2021\/11\/2-3-300x225.jpg 300w, https:\/\/www.grieta.org.mx\/wp-content\/uploads\/2021\/11\/2-3-768x576.jpg 768w\" sizes=\"auto, (max-width: 800px) 100vw, 800px\" \/><\/p>\n<p>Usando un meg\u00e1fono para tapar el sonido de los coches que pasaban por la autopista, una miembra de la APIDTT ley\u00f3 una carta que se entreg\u00f3 a los directores de la empresa, en la que se expresa \u201cnuestra indignaci\u00f3n porque empresas trasnacionales como Iberdrola y su filial Scottish Power, responsables de tales delitos en contra de los pueblos en M\u00e9xico\u2026sean los socios principales de la Organizaci\u00f3n de las Naciones Unidas-ONU en la Cumbre Clim\u00e1tica Mundial COP 26.\u201d<\/p>\n<p>En el Istmo, Iberdrola actualmente opera 4 parques e\u00f3licos: Bii Nee Stipa en el Espinal; Dos Arbolitos en Juchit\u00e1n; PEM (Parques Ecol\u00f3gicos de M\u00e9xico), antes conocido como La Ventosa, en Juchit\u00e1n; y el Parque E\u00f3lico La Venta III en Santo Domingo Ingenio. Desde que Iberdrola comenz\u00f3 a operar en la regi\u00f3n, ha sido acusada de corrupci\u00f3n, falta de transparencia y graves impactos ambientales y sociales.<\/p>\n<p>Como documenta el investigador Luis Miguel Uharte Pozas: \u201cEn los proyectos e\u00f3licos que Iberdrola tiene en Oaxaca\u2026los testimonios recogidos en el marco de nuestra investigaci\u00f3n indican que Iberdrola soborn\u00f3 a las autoridades municipales para que convencieran a los ejidatarios de alquilar sus tierras para instalar los molinos de la empresa.\u201d<\/p>\n<p>Uharte Pozas agrega: \u201cLa Asamblea de los Pueblos del Istmo en Defensa de la Tierra y el Territorio (2011) tiene registradas diversas denuncias contra \u2018el representante en la regi\u00f3n de Iberdrola\u2019 por haber intimidado y amedrentado a los ejidatarios del parque La Venta III. En el parque de La Ventosa, tambi\u00e9n gestionado por Iberdrola, el proceso fue muy similar, seg\u00fan testimonios de habitantes del municipio.\u201d<\/p>\n<p>Los impactos ambientales de los parques e\u00f3licos est\u00e1n bien documentados. Un ejemplo que ata\u00f1e a Iberdrola es la muerte de unas 3 mil 900 aves y 6 mil murci\u00e9lagos al a\u00f1o como consecuencia de la colisi\u00f3n con las turbinas del parque e\u00f3lico La Venta II, en el que Iberdrola particip\u00f3. Al mismo tiempo, en la COP 26 la multinacional promueve actos con su socio Birdlife International, una mega-asociaci\u00f3n de grandes organizaciones de conversaci\u00f3n dedicada a la protecci\u00f3n de las aves.<\/p>\n<p>A estas acusaciones se suma la evidencia de las puertas giratorias que han existido entre Iberdrola y el gobierno mexicano durante d\u00e9cadas, como documenta el informe \u201cLa insolaci\u00f3n mexicana de Iberdrola\u201d (2020). Por ejemplo, hasta 2015, el presidente de la filial mexicana de Iberdrola fue Herminio Blanco Mendoza, jefe negociador del Tratado de Libre Comercio de Norteam\u00e9rica (TLCAN) y ex-Secretario de Comercio y Fomento Industrial de M\u00e9xico en el gobierno de Ernesto Zedillo (1994 \u2013 2000). Entre 2016 y 2019, el ex presidente mexicano Felipe Calder\u00f3n (2006 \u2013 2012) \u2013 cuyo sexenio dio lugar a la adjudicaci\u00f3n de varios contratos para Iberdrola \u2013 se desempe\u00f1\u00f3 como consejero independiente de Avangrid, la filial estadounidense de la empresa.<\/p>\n<p>COP 26: Plataforma para el lavado verde<\/p>\n<p>Mientras la COP 26 llega a su fin este viernes, los activistas ind\u00edgenas y medioambientales siguen denunciando que la conferencia es una plataforma para las estrategias de lavado verde de empresas contaminantes como Iberdrola.<\/p>\n<p>Como resume la destacada activista clim\u00e1tica Greta Thunberg: \u201cLos l\u00edderes no se est\u00e1n quedando de brazos cruzados, sino que est\u00e1n creando activamente lagunas y configurando marcos para beneficiarse a s\u00ed mismos y seguir sacando provecho de este sistema destructivo\u201d.<\/p>\n<p>Las y los defensores del territorio tampoco se quedan de brazos cruzados. M\u00e1s all\u00e1 de manifestarse en contra de Iberdrola y sus socios en la ONU y en la COP, buscan generar salidas alternativas a la crisis clim\u00e1tica. Como dicen los propios pueblos en su carta a los directores de Iberdrola, \u201csoluciones reales y verdaderas (\u2026) apegadas a la Naturaleza y en defensa de la Vida.\u201d<\/p>\n<p><a href=\"https:\/\/avispa.org\/el-lavado-verde-de-iberdrola-desde-el-istmo-hasta-glasgow\/\" target=\"_blank\" rel=\"noopener\">https:\/\/avispa.org\/el-lavado-verde-de-iberdrola-desde-el-istmo-hasta-glasgow\/<\/a><\/p>\n","protected":false},"excerpt":{"rendered":"<p>Avispa Midia \/ Samantha Demby. M\u00e1s de una docena de rostros blancos recorren sin esfuerzo las laderas escocesas en bicicletas el\u00e9ctricas de alta gama. Sus uniformes, una paleta de tonos &hellip; <a href=\"https:\/\/www.grieta.org.mx\/index.php\/2021\/11\/10\/el-lavado-verde-de-iberdrola-desde-el-istmo-hasta-glasgow-oaxaca\/\" class=\"more-link\">Leer m\u00e1s<\/a><\/p>\n","protected":false},"author":2,"featured_media":62731,"comment_status":"closed","ping_status":"closed","sticky":false,"template":"","format":"standard","meta":{"ngg_post_thumbnail":0,"_jetpack_newsletter_access":"","_jetpack_dont_email_post_to_subs":false,"_jetpack_newsletter_tier_id":0,"_jetpack_memberships_contains_paywalled_content":false,"_jetpack_memberships_contains_paid_content":false,"footnotes":""},"categories":[80,1306,2,25,2909],"tags":[],"class_list":["post-62730","post","type-post","status-publish","format-standard","has-post-thumbnail","hentry","category-cintillo","category-conflictos-por-parques-eolicos-en-oaxaca","category-noticias-nacionales","category-oaxaca","category-resistencias-y-rebeldias-en-oaxaca","entry"],"jetpack_featured_media_url":"https:\/\/www.grieta.org.mx\/wp-content\/uploads\/2021\/11\/1-3.jpg","jetpack_sharing_enabled":true,"jetpack_shortlink":"https:\/\/wp.me\/p7ZJR4-gjM","jetpack_likes_enabled":false,"jetpack-related-posts":[{"id":45853,"url":"https:\/\/www.grieta.org.mx\/index.php\/2020\/03\/08\/marchan-zapotecas-para-exigir-niunamas-en-juchitan-oaxaca\/","url_meta":{"origin":62730,"position":0},"title":"Marchan zapotecas para exigir #NiUnaMas en Juchit\u00e1n (Oaxaca)","author":"grieta","date":"8 marzo, 2020","format":false,"excerpt":"P\u00e1gina 3 \/ Diana Manzo. Aspecto de la marcha feminista. Imagen: Diana Manzo. Juchit\u00e1n, Oax.- Zapotecas, mixes e Ikoots as\u00ed como j\u00f3venes feministas del Istmo de Tehuantepec marcharon para exigir un alto a los feminicidios y violencia que viven las mujeres de esta regi\u00f3n de Oaxaca, considerada la m\u00e1s violenta\u2026","rel":"","context":"En &quot;CINTILLO&quot;","block_context":{"text":"CINTILLO","link":"https:\/\/www.grieta.org.mx\/index.php\/category\/cintillo\/"},"img":{"alt_text":"","src":"https:\/\/i0.wp.com\/www.grieta.org.mx\/wp-content\/uploads\/2020\/03\/Marcha-mujeres-Istmo-696x357.jpeg?resize=350%2C200&ssl=1","width":350,"height":200,"srcset":"https:\/\/i0.wp.com\/www.grieta.org.mx\/wp-content\/uploads\/2020\/03\/Marcha-mujeres-Istmo-696x357.jpeg?resize=350%2C200&ssl=1 1x, https:\/\/i0.wp.com\/www.grieta.org.mx\/wp-content\/uploads\/2020\/03\/Marcha-mujeres-Istmo-696x357.jpeg?resize=525%2C300&ssl=1 1.5x"},"classes":[]},{"id":31571,"url":"https:\/\/www.grieta.org.mx\/index.php\/2019\/04\/01\/y-la-conquista-sigue-detienen-a-10-zapotecas-por-orden-de-empresas-eolicas-iberdrola-y-grupo-mexico-oaxaca\/","url_meta":{"origin":62730,"position":1},"title":"Y la Conquista sigue: detienen a 10 zapotecas por orden de empresas e\u00f3licas Iberdrola y Grupo M\u00e9xico (Oaxaca)","author":"grieta","date":"1 abril, 2019","format":false,"excerpt":"P\u00e1gina 3. Por Diana Manzo y Pedro Mat\u00edas, Mientras AMLO pide que la Corona de Espa\u00f1a pida perd\u00f3n a M\u00e9xico por la conquista aqu\u00ed siguen pisoteando a ind\u00edgenas. OAXACA, Oax. (#pagina3.mx).- Mientras el presidente Andr\u00e9s Manuel L\u00f3pez Obrador pide a la corona espa\u00f1ola perd\u00f3n por los agravios cometidos en la\u2026","rel":"","context":"En &quot;CINTILLO&quot;","block_context":{"text":"CINTILLO","link":"https:\/\/www.grieta.org.mx\/index.php\/category\/cintillo\/"},"img":{"alt_text":"","src":"https:\/\/i0.wp.com\/www.grieta.org.mx\/wp-content\/uploads\/2019\/04\/Iberdrola.jpg?resize=350%2C200&ssl=1","width":350,"height":200,"srcset":"https:\/\/i0.wp.com\/www.grieta.org.mx\/wp-content\/uploads\/2019\/04\/Iberdrola.jpg?resize=350%2C200&ssl=1 1x, https:\/\/i0.wp.com\/www.grieta.org.mx\/wp-content\/uploads\/2019\/04\/Iberdrola.jpg?resize=525%2C300&ssl=1 1.5x, https:\/\/i0.wp.com\/www.grieta.org.mx\/wp-content\/uploads\/2019\/04\/Iberdrola.jpg?resize=700%2C400&ssl=1 2x"},"classes":[]},{"id":32766,"url":"https:\/\/www.grieta.org.mx\/index.php\/2019\/04\/26\/campesinos-sin-respuesta-de-eolicas-oaxaca\/","url_meta":{"origin":62730,"position":2},"title":"Campesinos, sin respuesta de e\u00f3licas (Oaxaca)","author":"grieta","date":"26 abril, 2019","format":false,"excerpt":"Noticias. Armando Orozco, Campesinos contin\u00faan bloqueando el acceso de las empresas y no permiten el ingreso de ninguna persona. Juchit\u00e1n, Oaxaca.- El presidente de la Uni\u00f3n de Propietarios de Energ\u00edas Renovables del Istmo (UPERI), Porfirio Montero Fuentes, lament\u00f3 que a casi un mes de haber iniciado una movilizaci\u00f3n, los propietarios\u2026","rel":"","context":"En &quot;CINTILLO&quot;","block_context":{"text":"CINTILLO","link":"https:\/\/www.grieta.org.mx\/index.php\/category\/cintillo\/"},"img":{"alt_text":"","src":"https:\/\/i0.wp.com\/www.grieta.org.mx\/wp-content\/uploads\/2019\/04\/image_26_321.jpg?resize=350%2C200&ssl=1","width":350,"height":200,"srcset":"https:\/\/i0.wp.com\/www.grieta.org.mx\/wp-content\/uploads\/2019\/04\/image_26_321.jpg?resize=350%2C200&ssl=1 1x, https:\/\/i0.wp.com\/www.grieta.org.mx\/wp-content\/uploads\/2019\/04\/image_26_321.jpg?resize=525%2C300&ssl=1 1.5x, https:\/\/i0.wp.com\/www.grieta.org.mx\/wp-content\/uploads\/2019\/04\/image_26_321.jpg?resize=700%2C400&ssl=1 2x, https:\/\/i0.wp.com\/www.grieta.org.mx\/wp-content\/uploads\/2019\/04\/image_26_321.jpg?resize=1050%2C600&ssl=1 3x"},"classes":[]},{"id":65823,"url":"https:\/\/www.grieta.org.mx\/index.php\/2022\/11\/26\/piden-justicia-por-cuatro-feminicidios-y-tres-desapariciones-en-oaxaca\/","url_meta":{"origin":62730,"position":3},"title":"Piden justicia por cuatro feminicidios y tres desapariciones en Oaxaca","author":"grieta","date":"26 noviembre, 2022","format":false,"excerpt":"Imagen: NVI Noticas Lesle Aguilar \/NVI Noticias HUAJUAPAN DE LE\u00d3N, Oaxaca. - Colectivos feministas pidieron a la Fiscal\u00eda de Oaxaca que se aclaren cuatro casos de feminicidios y tres desapariciones ocurridas en la Mixteca. La colectiva feminista Marea Verde Mixteca dio a conocer en el marco del D\u00eda Internacional para\u2026","rel":"","context":"En &quot;CINTILLO&quot;","block_context":{"text":"CINTILLO","link":"https:\/\/www.grieta.org.mx\/index.php\/category\/cintillo\/"},"img":{"alt_text":"","src":"https:\/\/i0.wp.com\/www.grieta.org.mx\/wp-content\/uploads\/2022\/11\/protesta-dia-naranja.webp?resize=350%2C200&ssl=1","width":350,"height":200,"srcset":"https:\/\/i0.wp.com\/www.grieta.org.mx\/wp-content\/uploads\/2022\/11\/protesta-dia-naranja.webp?resize=350%2C200&ssl=1 1x, https:\/\/i0.wp.com\/www.grieta.org.mx\/wp-content\/uploads\/2022\/11\/protesta-dia-naranja.webp?resize=525%2C300&ssl=1 1.5x, https:\/\/i0.wp.com\/www.grieta.org.mx\/wp-content\/uploads\/2022\/11\/protesta-dia-naranja.webp?resize=700%2C400&ssl=1 2x"},"classes":[]},{"id":65754,"url":"https:\/\/www.grieta.org.mx\/index.php\/2022\/11\/02\/con-ofrenda-piden-justicia-para-victimas-de-feminicidio-en-oaxaca\/","url_meta":{"origin":62730,"position":4},"title":"Con ofrenda piden justicia para v\u00edctimas de feminicidio en Oaxaca","author":"grieta","date":"2 noviembre, 2022","format":false,"excerpt":"Imagen: El Solo de Nayarit Redacci\u00f3n \/ El Sol de Nayarit Integrantes de la colectiva \"las nietas de Lilith Oaxaca\", instalaron un altar en memoria de las mujeres que fueron v\u00edctimas de feminicidio en Oaxaca. El altar est\u00e1 ubicado a un costado del atrio de Santo Domingo de Guzm\u00e1n, en\u2026","rel":"","context":"En &quot;CINTILLO&quot;","block_context":{"text":"CINTILLO","link":"https:\/\/www.grieta.org.mx\/index.php\/category\/cintillo\/"},"img":{"alt_text":"","src":"https:\/\/i0.wp.com\/www.grieta.org.mx\/wp-content\/uploads\/2022\/11\/87688_17_20221102213731_117captura_de_pantalla_2022-11-02_a_la_s__2.47.41_p.m.png?resize=350%2C200&ssl=1","width":350,"height":200,"srcset":"https:\/\/i0.wp.com\/www.grieta.org.mx\/wp-content\/uploads\/2022\/11\/87688_17_20221102213731_117captura_de_pantalla_2022-11-02_a_la_s__2.47.41_p.m.png?resize=350%2C200&ssl=1 1x, https:\/\/i0.wp.com\/www.grieta.org.mx\/wp-content\/uploads\/2022\/11\/87688_17_20221102213731_117captura_de_pantalla_2022-11-02_a_la_s__2.47.41_p.m.png?resize=525%2C300&ssl=1 1.5x"},"classes":[]},{"id":45919,"url":"https:\/\/www.grieta.org.mx\/index.php\/2020\/03\/10\/galeria-fotografica-del-dia-internacional-de-la-mujer-en-oaxaca\/","url_meta":{"origin":62730,"position":5},"title":"Galer\u00eda fotogr\u00e1fica del d\u00eda internacional de la mujer en Oaxaca","author":"grieta","date":"10 marzo, 2020","format":false,"excerpt":"Colectivo Grieta. D\u00eda internacional de la mujer. Actividad: Marcha y jornada de lucha. Lugar: Oaxaca, Oaxaca Fotos: Colectivo Grieta, Centro de Ciencias y Artes \"La Luciernaga\" y Colectivo Colmena. Video: Centro de Ciencias y Artes \"La Luciernaga\" \"Como mujeres zapatistas que somos esto es lo que pensamos y sentimos cuando\u2026","rel":"","context":"En &quot;CINTILLO&quot;","block_context":{"text":"CINTILLO","link":"https:\/\/www.grieta.org.mx\/index.php\/category\/cintillo\/"},"img":{"alt_text":"","src":"https:\/\/i0.wp.com\/www.grieta.org.mx\/wp-content\/uploads\/2020\/03\/Portada.jpeg?resize=350%2C200&ssl=1","width":350,"height":200,"srcset":"https:\/\/i0.wp.com\/www.grieta.org.mx\/wp-content\/uploads\/2020\/03\/Portada.jpeg?resize=350%2C200&ssl=1 1x, https:\/\/i0.wp.com\/www.grieta.org.mx\/wp-content\/uploads\/2020\/03\/Portada.jpeg?resize=525%2C300&ssl=1 1.5x, https:\/\/i0.wp.com\/www.grieta.org.mx\/wp-content\/uploads\/2020\/03\/Portada.jpeg?resize=700%2C400&ssl=1 2x, https:\/\/i0.wp.com\/www.grieta.org.mx\/wp-content\/uploads\/2020\/03\/Portada.jpeg?resize=1050%2C600&ssl=1 3x"},"classes":[]}],"_links":{"self":[{"href":"https:\/\/www.grieta.org.mx\/index.php\/wp-json\/wp\/v2\/posts\/62730","targetHints":{"allow":["GET"]}}],"collection":[{"href":"https:\/\/www.grieta.org.mx\/index.php\/wp-json\/wp\/v2\/posts"}],"about":[{"href":"https:\/\/www.grieta.org.mx\/index.php\/wp-json\/wp\/v2\/types\/post"}],"author":[{"embeddable":true,"href":"https:\/\/www.grieta.org.mx\/index.php\/wp-json\/wp\/v2\/users\/2"}],"replies":[{"embeddable":true,"href":"https:\/\/www.grieta.org.mx\/index.php\/wp-json\/wp\/v2\/comments?post=62730"}],"version-history":[{"count":1,"href":"https:\/\/www.grieta.org.mx\/index.php\/wp-json\/wp\/v2\/posts\/62730\/revisions"}],"predecessor-version":[{"id":62733,"href":"https:\/\/www.grieta.org.mx\/index.php\/wp-json\/wp\/v2\/posts\/62730\/revisions\/62733"}],"wp:featuredmedia":[{"embeddable":true,"href":"https:\/\/www.grieta.org.mx\/index.php\/wp-json\/wp\/v2\/media\/62731"}],"wp:attachment":[{"href":"https:\/\/www.grieta.org.mx\/index.php\/wp-json\/wp\/v2\/media?parent=62730"}],"wp:term":[{"taxonomy":"category","embeddable":true,"href":"https:\/\/www.grieta.org.mx\/index.php\/wp-json\/wp\/v2\/categories?post=62730"},{"taxonomy":"post_tag","embeddable":true,"href":"https:\/\/www.grieta.org.mx\/index.php\/wp-json\/wp\/v2\/tags?post=62730"}],"curies":[{"name":"wp","href":"https:\/\/api.w.org\/{rel}","templated":true}]}}