{"id":62720,"date":"2021-11-19T19:39:17","date_gmt":"2021-11-20T01:39:17","guid":{"rendered":"https:\/\/www.grieta.org.mx\/?p=62720"},"modified":"2021-11-23T19:52:22","modified_gmt":"2021-11-24T01:52:22","slug":"ejidatarios-de-bacalar-clausuran-obras-de-sedatu-por-desacato-federal-y-dano-ambiental-paran-trabajos-en-el-parque-ecologico-quintana-roo","status":"publish","type":"post","link":"https:\/\/www.grieta.org.mx\/index.php\/2021\/11\/19\/ejidatarios-de-bacalar-clausuran-obras-de-sedatu-por-desacato-federal-y-dano-ambiental-paran-trabajos-en-el-parque-ecologico-quintana-roo\/","title":{"rendered":"Ejidatarios de Bacalar clausuran obras de  SEDATU: Por desacato federal y da\u00f1o ambiental, paran trabajos en el Parque Ecol\u00f3gico (Quintana Roo)"},"content":{"rendered":"<p>Rafael Brice\u00f1o \/ Noticaribe<\/p>\n<p>BACALAR, MX.- Ante la actitud de rebeld\u00eda y desacato de las autoridades del municipio de Bacalar del mandato judicial del Tribunal Agrario otorgado desde el 2016 para no realizar ninguna obra en el parque ecol\u00f3gico, ejidatarios y habitantes pararon las obras que se realizan en la zona y que han afectado el entorno ecol\u00f3gico.<\/p>\n<p>Explicaron que el mandato del Tribunal Agrario otorga una suspensi\u00f3n a favor de los ejidatarios y habitantes para que las autoridades federal, estatal y municipal se abstengan de realizar cualquier obra sobre el pol\u00edgono del Parque Ecol\u00f3gico que comprende unas 354 hect\u00e1reas \u201cpero el municipio se ha mostrado en rebeld\u00eda y desacato\u201d.<\/p>\n<p><img loading=\"lazy\" decoding=\"async\" data-attachment-id=\"62722\" data-permalink=\"https:\/\/www.grieta.org.mx\/index.php\/2021\/11\/19\/ejidatarios-de-bacalar-clausuran-obras-de-sedatu-por-desacato-federal-y-dano-ambiental-paran-trabajos-en-el-parque-ecologico-quintana-roo\/bacalarclausuran2\/\" data-orig-file=\"https:\/\/www.grieta.org.mx\/wp-content\/uploads\/2021\/11\/BacalarClausuran2-e1637718509393.png\" data-orig-size=\"500,917\" data-comments-opened=\"0\" data-image-meta=\"{&quot;aperture&quot;:&quot;0&quot;,&quot;credit&quot;:&quot;&quot;,&quot;camera&quot;:&quot;&quot;,&quot;caption&quot;:&quot;&quot;,&quot;created_timestamp&quot;:&quot;0&quot;,&quot;copyright&quot;:&quot;&quot;,&quot;focal_length&quot;:&quot;0&quot;,&quot;iso&quot;:&quot;0&quot;,&quot;shutter_speed&quot;:&quot;0&quot;,&quot;title&quot;:&quot;&quot;,&quot;orientation&quot;:&quot;0&quot;}\" data-image-title=\"BacalarClausuran2\" data-image-description=\"\" data-image-caption=\"\" data-medium-file=\"https:\/\/www.grieta.org.mx\/wp-content\/uploads\/2021\/11\/BacalarClausuran2-164x300.png\" data-large-file=\"https:\/\/www.grieta.org.mx\/wp-content\/uploads\/2021\/11\/BacalarClausuran2-558x1024.png\" src=\"http:\/\/www.grieta.org.mx\/wp-content\/uploads\/2021\/11\/BacalarClausuran2-e1637718509393.png\" alt=\"\" width=\"500\" height=\"917\" class=\"alignnone size-full wp-image-62722\" \/><\/p>\n<p>Recordaron que el ex presidente municipal, Alexander Zetina Aguiluz gestion\u00f3 recursos ante la Sedatu para construir en la zona, aun cuando no se cuenta con los estudios de impacto ambiental lo que origin\u00f3 la afectaci\u00f3n de zonas de mangle.<\/p>\n<p>Desde temprano, ejidatarios y habitantes de Bacalar llegaron al parque ecol\u00f3gico rompieron candados para ingresar y suspender las obras que se realizan para tomar el control de las instalaciones de forma pac\u00edfica.<\/p>\n<p>El abogado Rafael Rosales dijo que la zona es una reserva natural protegida y est\u00e1 en litigio, por tal motivo son ilegales las obras y modificaciones en dicho terreno.<\/p>\n<p><img loading=\"lazy\" decoding=\"async\" data-attachment-id=\"62723\" data-permalink=\"https:\/\/www.grieta.org.mx\/index.php\/2021\/11\/19\/ejidatarios-de-bacalar-clausuran-obras-de-sedatu-por-desacato-federal-y-dano-ambiental-paran-trabajos-en-el-parque-ecologico-quintana-roo\/bacalarclausuran3\/\" data-orig-file=\"https:\/\/www.grieta.org.mx\/wp-content\/uploads\/2021\/11\/BacalarClausuran3-e1637718630135.png\" data-orig-size=\"500,884\" data-comments-opened=\"0\" data-image-meta=\"{&quot;aperture&quot;:&quot;0&quot;,&quot;credit&quot;:&quot;&quot;,&quot;camera&quot;:&quot;&quot;,&quot;caption&quot;:&quot;&quot;,&quot;created_timestamp&quot;:&quot;0&quot;,&quot;copyright&quot;:&quot;&quot;,&quot;focal_length&quot;:&quot;0&quot;,&quot;iso&quot;:&quot;0&quot;,&quot;shutter_speed&quot;:&quot;0&quot;,&quot;title&quot;:&quot;&quot;,&quot;orientation&quot;:&quot;0&quot;}\" data-image-title=\"BacalarClausuran3\" data-image-description=\"\" data-image-caption=\"\" data-medium-file=\"https:\/\/www.grieta.org.mx\/wp-content\/uploads\/2021\/11\/BacalarClausuran3-170x300.png\" data-large-file=\"https:\/\/www.grieta.org.mx\/wp-content\/uploads\/2021\/11\/BacalarClausuran3-579x1024.png\" src=\"http:\/\/www.grieta.org.mx\/wp-content\/uploads\/2021\/11\/BacalarClausuran3-e1637718630135.png\" alt=\"\" width=\"500\" height=\"884\" class=\"alignnone size-full wp-image-62723\" \/><\/p>\n<p>Cabe recordar que el gobierno Federal, a trav\u00e9s de la Sedatu, realiza trabajos en el parque ecol\u00f3gico con estudios de impacto ambiental aprobados por la SEMARNAT a pesar de tener varias irregularidades en el proceso y en violaci\u00f3n a una suspensi\u00f3n con la que cuenta el Ejido Bacalar en el juicio agrario n\u00famero TUA 44 -256\/2016.<\/p>\n<p>\u201cHay estudios realizados por el ECOSUR donde se explica que el humedal ubicado en el Parque Ecol\u00f3gico es \u00fanico, debido a sus condiciones de suelo que no se encuentran en otras partes de la orilla por que es importante su preservaci\u00f3n\u201d, se\u00f1al\u00f3. <\/p>\n<p><a href=\"https:\/\/noticaribe.com.mx\/2021\/11\/19\/ejidatarios-de-bacalar-clausuran-obras-de-sedatu-por-desacato-federal-y-dano-ambiental-paran-trabajos-en-el-parque-ecologico\/\" rel=\"noopener\" target=\"_blank\">https:\/\/noticaribe.com.mx\/2021\/11\/19\/ejidatarios-de-bacalar-clausuran-obras-de-sedatu-por-desacato-federal-y-dano-ambiental-paran-trabajos-en-el-parque-ecologico\/<\/a><\/p>\n","protected":false},"excerpt":{"rendered":"<p>Rafael Brice\u00f1o \/ Noticaribe BACALAR, MX.- Ante la actitud de rebeld\u00eda y desacato de las autoridades del municipio de Bacalar del mandato judicial del Tribunal Agrario otorgado desde el 2016 &hellip; <a href=\"https:\/\/www.grieta.org.mx\/index.php\/2021\/11\/19\/ejidatarios-de-bacalar-clausuran-obras-de-sedatu-por-desacato-federal-y-dano-ambiental-paran-trabajos-en-el-parque-ecologico-quintana-roo\/\" class=\"more-link\">Leer m\u00e1s<\/a><\/p>\n","protected":false},"author":2,"featured_media":62721,"comment_status":"closed","ping_status":"closed","sticky":false,"template":"","format":"standard","meta":{"ngg_post_thumbnail":0,"_jetpack_newsletter_access":"","_jetpack_dont_email_post_to_subs":false,"_jetpack_newsletter_tier_id":0,"_jetpack_memberships_contains_paywalled_content":false,"_jetpack_memberships_contains_paid_content":false,"footnotes":""},"categories":[80,2748,2749,2,28],"tags":[315,1689,175],"class_list":["post-62720","post","type-post","status-publish","format-standard","has-post-thumbnail","hentry","category-cintillo","category-conflictos-por-contaminacion-en-quintana-roo","category-destruccion-y-contaminacion-ambiental-en-quintana-roo","category-noticias-nacionales","category-quintana-roo","tag-bacalar","tag-danos-ambientales","tag-ejidatarios","entry"],"jetpack_featured_media_url":"https:\/\/www.grieta.org.mx\/wp-content\/uploads\/2021\/11\/BacalarClausuran-e1637718293755.png","jetpack_sharing_enabled":true,"jetpack_shortlink":"https:\/\/wp.me\/p7ZJR4-gjC","jetpack_likes_enabled":false,"jetpack-related-posts":[{"id":71727,"url":"https:\/\/www.grieta.org.mx\/index.php\/2025\/05\/16\/ejidatarios-rechazan-intento-de-imponer-area-natural-protegida-en-bacalar-quintana-roo\/","url_meta":{"origin":62720,"position":0},"title":"Ejidatarios rechazan intento de imponer \u00e1rea natural protegida en Bacalar (Quintana Roo)","author":"grieta","date":"16 mayo, 2025","format":false,"excerpt":"Efra\u00edn Castro \/ El Heraldo de M\u00e9xico QUINTANA ROO Se\u00f1alan antecedentes similares en Sian Ka\u2019an y acusan que este tipo de medidas frena el desarrollo econ\u00f3mico y desplaza a los habitantes locales bajo el pretexto de la conservaci\u00f3n ambiental. Representantes ejidales y organizaciones comunitarias del sur de Quintana Roo alertaron\u2026","rel":"","context":"En &quot;\u00c1reas naturales protegidas&quot;","block_context":{"text":"\u00c1reas naturales protegidas","link":"https:\/\/www.grieta.org.mx\/index.php\/category\/megaproyectos\/areas-naturales-protegidas\/"},"img":{"alt_text":"","src":"https:\/\/i0.wp.com\/www.grieta.org.mx\/wp-content\/uploads\/2025\/05\/Ejidos-e1747658089111.jpg?resize=350%2C200&ssl=1","width":350,"height":200,"srcset":"https:\/\/i0.wp.com\/www.grieta.org.mx\/wp-content\/uploads\/2025\/05\/Ejidos-e1747658089111.jpg?resize=350%2C200&ssl=1 1x, https:\/\/i0.wp.com\/www.grieta.org.mx\/wp-content\/uploads\/2025\/05\/Ejidos-e1747658089111.jpg?resize=525%2C300&ssl=1 1.5x, https:\/\/i0.wp.com\/www.grieta.org.mx\/wp-content\/uploads\/2025\/05\/Ejidos-e1747658089111.jpg?resize=700%2C400&ssl=1 2x"},"classes":[]},{"id":69310,"url":"https:\/\/www.grieta.org.mx\/index.php\/2024\/07\/21\/culpan-a-obras-del-tren-maya-de-inundaciones-en-bacalar-quintana-roo\/","url_meta":{"origin":62720,"position":1},"title":"Culpan a obras del Tren Maya de inundaciones en Bacalar (Quintana Roo)","author":"grieta","date":"21 julio, 2024","format":false,"excerpt":"Carolina Carrasco \/ Foto: @VisionRedTez \/ Infobae Los pobladores de la zona advirtieron a los ingenieros del Tren Maya que esto pod\u00eda ocurrir. Comunidades de la zona de Bacalar que llevan poco m\u00e1s de 10 d\u00edas inundadas aseguran que este fen\u00f3meno ha sido culpa de las construcciones del Tren Maya,\u2026","rel":"","context":"En &quot;CINTILLO&quot;","block_context":{"text":"CINTILLO","link":"https:\/\/www.grieta.org.mx\/index.php\/category\/cintillo\/"},"img":{"alt_text":"","src":"https:\/\/i0.wp.com\/www.grieta.org.mx\/wp-content\/uploads\/2024\/07\/Bacalar-e1721568433550.jpg?resize=350%2C200&ssl=1","width":350,"height":200,"srcset":"https:\/\/i0.wp.com\/www.grieta.org.mx\/wp-content\/uploads\/2024\/07\/Bacalar-e1721568433550.jpg?resize=350%2C200&ssl=1 1x, https:\/\/i0.wp.com\/www.grieta.org.mx\/wp-content\/uploads\/2024\/07\/Bacalar-e1721568433550.jpg?resize=525%2C300&ssl=1 1.5x, https:\/\/i0.wp.com\/www.grieta.org.mx\/wp-content\/uploads\/2024\/07\/Bacalar-e1721568433550.jpg?resize=700%2C400&ssl=1 2x"},"classes":[]},{"id":67152,"url":"https:\/\/www.grieta.org.mx\/index.php\/2023\/07\/08\/ejercito-suspende-relleno-del-estero-de-chac-ante-quejas-de-habitantes-de-bacalar-quintana-roo\/","url_meta":{"origin":62720,"position":2},"title":"Ej\u00e9rcito suspende relleno del estero de Chac ante quejas de habitantes de Bacalar (Quintana Roo)","author":"grieta","date":"8 julio, 2023","format":false,"excerpt":"Emilio G\u00f3mez \/ Foto: Facebook Acci\u00f3n Juvenil Quintana Roo \/ La Jornada Maya Chetumal, Quintana Roo El Ej\u00e9rcito mexicano suspendi\u00f3 el relleno del estero de Chac, un canal de agua que parte de la ciudad de Chetumal, de norte a sur y que conecta a la laguna de Bacalar con\u2026","rel":"","context":"En &quot;CINTILLO&quot;","block_context":{"text":"CINTILLO","link":"https:\/\/www.grieta.org.mx\/index.php\/category\/cintillo\/"},"img":{"alt_text":"","src":"https:\/\/i0.wp.com\/www.grieta.org.mx\/wp-content\/uploads\/2023\/07\/RellenoChetumal-e1688839701794.jpg?resize=350%2C200&ssl=1","width":350,"height":200,"srcset":"https:\/\/i0.wp.com\/www.grieta.org.mx\/wp-content\/uploads\/2023\/07\/RellenoChetumal-e1688839701794.jpg?resize=350%2C200&ssl=1 1x, https:\/\/i0.wp.com\/www.grieta.org.mx\/wp-content\/uploads\/2023\/07\/RellenoChetumal-e1688839701794.jpg?resize=525%2C300&ssl=1 1.5x, https:\/\/i0.wp.com\/www.grieta.org.mx\/wp-content\/uploads\/2023\/07\/RellenoChetumal-e1688839701794.jpg?resize=700%2C400&ssl=1 2x"},"classes":[]},{"id":64546,"url":"https:\/\/www.grieta.org.mx\/index.php\/2022\/07\/04\/ganan-ejidatarios-juicio-millonario-a-slim-quintana-roo\/","url_meta":{"origin":62720,"position":3},"title":"Ganan ejidatarios juicio millonario a Slim (Quintana Roo)","author":"grieta","date":"4 julio, 2022","format":false,"excerpt":"Marleny Maga\u00f1a\/Quadrat\u00edn Quintana Roo CANCUN, QRoo, 4 de julio de 2022.- Que siempre s\u00ed, despu\u00e9s de un juicio agrario que tiene m\u00e1s de 32 a\u00f1os en Chetumal, Quintana Roo, entre el ejido Aar\u00f3n Merino Fern\u00e1ndez y la compa\u00f1\u00eda Telmex de Carlos Slim, finalmente se indemnizar\u00e1 a los hombres de campo.\u2026","rel":"","context":"En &quot;CINTILLO&quot;","block_context":{"text":"CINTILLO","link":"https:\/\/www.grieta.org.mx\/index.php\/category\/cintillo\/"},"img":{"alt_text":"","src":"https:\/\/i0.wp.com\/www.grieta.org.mx\/wp-content\/uploads\/2022\/07\/GananaSlim-e1657565791781.png?resize=350%2C200&ssl=1","width":350,"height":200,"srcset":"https:\/\/i0.wp.com\/www.grieta.org.mx\/wp-content\/uploads\/2022\/07\/GananaSlim-e1657565791781.png?resize=350%2C200&ssl=1 1x, https:\/\/i0.wp.com\/www.grieta.org.mx\/wp-content\/uploads\/2022\/07\/GananaSlim-e1657565791781.png?resize=525%2C300&ssl=1 1.5x, https:\/\/i0.wp.com\/www.grieta.org.mx\/wp-content\/uploads\/2022\/07\/GananaSlim-e1657565791781.png?resize=700%2C400&ssl=1 2x"},"classes":[]},{"id":69827,"url":"https:\/\/www.grieta.org.mx\/index.php\/2024\/09\/06\/ejidatarios-de-limones-bloquean-acceso-al-tren-maya-quintana-roo\/","url_meta":{"origin":62720,"position":4},"title":"Ejidatarios de Limones bloquean acceso al Tren Maya (Quintana Roo)","author":"grieta","date":"6 septiembre, 2024","format":false,"excerpt":"Christian Christ \/ De Peso Quintana Roo Este viernes 6 de septiembre habitantes del poblado de Limones, en el municipio de Bacalar, bloquearon temporalmente la entrada principal que conduce a la estaci\u00f3n del Tren Maya, debido al incumplimiento de acuerdos previamente pactados. El bloqueo se realiz\u00f3 en la carretera Chetumal-Canc\u00fan,\u2026","rel":"","context":"En &quot;CINTILLO&quot;","block_context":{"text":"CINTILLO","link":"https:\/\/www.grieta.org.mx\/index.php\/category\/cintillo\/"},"img":{"alt_text":"","src":"https:\/\/i0.wp.com\/www.grieta.org.mx\/wp-content\/uploads\/2024\/09\/bloqueo-e1727228798471.jpg?resize=350%2C200&ssl=1","width":350,"height":200,"srcset":"https:\/\/i0.wp.com\/www.grieta.org.mx\/wp-content\/uploads\/2024\/09\/bloqueo-e1727228798471.jpg?resize=350%2C200&ssl=1 1x, https:\/\/i0.wp.com\/www.grieta.org.mx\/wp-content\/uploads\/2024\/09\/bloqueo-e1727228798471.jpg?resize=525%2C300&ssl=1 1.5x, https:\/\/i0.wp.com\/www.grieta.org.mx\/wp-content\/uploads\/2024\/09\/bloqueo-e1727228798471.jpg?resize=700%2C400&ssl=1 2x"},"classes":[]},{"id":69463,"url":"https:\/\/www.grieta.org.mx\/index.php\/2024\/08\/25\/alarman-danos-a-estero-de-chac-hay-visible-coloracion-de-agua-quintna-roo\/","url_meta":{"origin":62720,"position":5},"title":"Alarman da\u00f1os a Estero de Chac, hay visible coloraci\u00f3n de agua (Quintna Roo)","author":"grieta","date":"25 agosto, 2024","format":false,"excerpt":"REDACCI\u00d3N \/ GRUPO CANT\u00d3N \/ Quintana Roo Hoy Acusan expertos que los espacios para las obras interfieren con el flujo de agua, afectando al cauce y a la laguna CANC\u00daN.- Las obras del Tren Maya en Quintana Roo han sido se\u00f1aladas de afectar de nuevo los humedales, en este caso\u2026","rel":"","context":"En &quot;CINTILLO&quot;","block_context":{"text":"CINTILLO","link":"https:\/\/www.grieta.org.mx\/index.php\/category\/cintillo\/"},"img":{"alt_text":"","src":"https:\/\/i0.wp.com\/www.grieta.org.mx\/wp-content\/uploads\/2024\/08\/Estero-e1724699059158.jpg?resize=350%2C200&ssl=1","width":350,"height":200,"srcset":"https:\/\/i0.wp.com\/www.grieta.org.mx\/wp-content\/uploads\/2024\/08\/Estero-e1724699059158.jpg?resize=350%2C200&ssl=1 1x, https:\/\/i0.wp.com\/www.grieta.org.mx\/wp-content\/uploads\/2024\/08\/Estero-e1724699059158.jpg?resize=525%2C300&ssl=1 1.5x, https:\/\/i0.wp.com\/www.grieta.org.mx\/wp-content\/uploads\/2024\/08\/Estero-e1724699059158.jpg?resize=700%2C400&ssl=1 2x"},"classes":[]}],"_links":{"self":[{"href":"https:\/\/www.grieta.org.mx\/index.php\/wp-json\/wp\/v2\/posts\/62720","targetHints":{"allow":["GET"]}}],"collection":[{"href":"https:\/\/www.grieta.org.mx\/index.php\/wp-json\/wp\/v2\/posts"}],"about":[{"href":"https:\/\/www.grieta.org.mx\/index.php\/wp-json\/wp\/v2\/types\/post"}],"author":[{"embeddable":true,"href":"https:\/\/www.grieta.org.mx\/index.php\/wp-json\/wp\/v2\/users\/2"}],"replies":[{"embeddable":true,"href":"https:\/\/www.grieta.org.mx\/index.php\/wp-json\/wp\/v2\/comments?post=62720"}],"version-history":[{"count":1,"href":"https:\/\/www.grieta.org.mx\/index.php\/wp-json\/wp\/v2\/posts\/62720\/revisions"}],"predecessor-version":[{"id":62724,"href":"https:\/\/www.grieta.org.mx\/index.php\/wp-json\/wp\/v2\/posts\/62720\/revisions\/62724"}],"wp:featuredmedia":[{"embeddable":true,"href":"https:\/\/www.grieta.org.mx\/index.php\/wp-json\/wp\/v2\/media\/62721"}],"wp:attachment":[{"href":"https:\/\/www.grieta.org.mx\/index.php\/wp-json\/wp\/v2\/media?parent=62720"}],"wp:term":[{"taxonomy":"category","embeddable":true,"href":"https:\/\/www.grieta.org.mx\/index.php\/wp-json\/wp\/v2\/categories?post=62720"},{"taxonomy":"post_tag","embeddable":true,"href":"https:\/\/www.grieta.org.mx\/index.php\/wp-json\/wp\/v2\/tags?post=62720"}],"curies":[{"name":"wp","href":"https:\/\/api.w.org\/{rel}","templated":true}]}}