{"id":62701,"date":"2021-11-18T17:23:03","date_gmt":"2021-11-18T23:23:03","guid":{"rendered":"http:\/\/www.grieta.org.mx\/?p=62701"},"modified":"2021-11-22T00:51:31","modified_gmt":"2021-11-22T06:51:31","slug":"exigen-colectivas-feministas-la-aparacion-con-vida-de-la-defensora-irma-galindo-barrios-oaxaca","status":"publish","type":"post","link":"https:\/\/www.grieta.org.mx\/index.php\/2021\/11\/18\/exigen-colectivas-feministas-la-aparacion-con-vida-de-la-defensora-irma-galindo-barrios-oaxaca\/","title":{"rendered":"Exigen colectivas feministas la aparaci\u00f3n con vida de la defensora Irma Galindo Barrios (Oaxaca)"},"content":{"rendered":"<p>Avispa Midia \/ Samantha Demby.<\/p>\n<p><img loading=\"lazy\" decoding=\"async\" data-attachment-id=\"62702\" data-permalink=\"https:\/\/www.grieta.org.mx\/index.php\/2021\/11\/18\/exigen-colectivas-feministas-la-aparacion-con-vida-de-la-defensora-irma-galindo-barrios-oaxaca\/1-199\/\" data-orig-file=\"https:\/\/www.grieta.org.mx\/wp-content\/uploads\/2021\/11\/1-2.jpg\" data-orig-size=\"324,160\" data-comments-opened=\"0\" data-image-meta=\"{&quot;aperture&quot;:&quot;0&quot;,&quot;credit&quot;:&quot;&quot;,&quot;camera&quot;:&quot;&quot;,&quot;caption&quot;:&quot;&quot;,&quot;created_timestamp&quot;:&quot;0&quot;,&quot;copyright&quot;:&quot;&quot;,&quot;focal_length&quot;:&quot;0&quot;,&quot;iso&quot;:&quot;0&quot;,&quot;shutter_speed&quot;:&quot;0&quot;,&quot;title&quot;:&quot;&quot;,&quot;orientation&quot;:&quot;0&quot;}\" data-image-title=\"1\" data-image-description=\"\" data-image-caption=\"\" data-medium-file=\"https:\/\/www.grieta.org.mx\/wp-content\/uploads\/2021\/11\/1-2-300x148.jpg\" data-large-file=\"https:\/\/www.grieta.org.mx\/wp-content\/uploads\/2021\/11\/1-2.jpg\" class=\"alignnone wp-image-62702\" src=\"http:\/\/www.grieta.org.mx\/wp-content\/uploads\/2021\/11\/1-2.jpg\" alt=\"\" width=\"800\" height=\"395\" srcset=\"https:\/\/www.grieta.org.mx\/wp-content\/uploads\/2021\/11\/1-2.jpg 324w, https:\/\/www.grieta.org.mx\/wp-content\/uploads\/2021\/11\/1-2-300x148.jpg 300w\" sizes=\"auto, (max-width: 800px) 100vw, 800px\" \/><\/p>\n<p>Integrantes de Mujeres que Luchan Oaxaca, la Colectiva Jur\u00eddica por la Dignidad Disidente, la Comedora Comunitaria y otras agrupaciones y personas aliadas marcharon la ma\u00f1ana de mi\u00e9rcoles, 17 de noviembre, desde el Z\u00f3calo de la Ciudad de Oaxaca hasta las instalaciones de la Fiscal\u00eda General del Estado, para exigir la aparici\u00f3n con vida de Irma Galindo Barrios, defensora comunitaria \u00d1uu Savi, cuyo paradero no se sabe desde el pasado 27 de octubre.<\/p>\n<p>Guadalupe Santaella, una integrante de Mujeres que Luchan Oaxaca, pronunci\u00f3: \u201cPor sus familiares sabemos que nuestra compa no aparece. Estamos esperando y estamos exigiendo su pronta aparici\u00f3n. Estamos exigiendo que el gobierno agilice su b\u00fasqueda. Sabemos que en lo que va de este sexenio han desaparecido muchas defensoras de la tierra. Irma Galindo Barrios es una defensora de la Madre Tierra\u201d.<\/p>\n<p>Una miembra de la Colectiva Jur\u00eddica por la Dignidad Disidente, cuyo nombre se reserva por motivos de seguridad, precis\u00f3: \u201cComo defensoras, como feministas comuntarias, nos pronunciamos en exigencia al gobierno del Estado de Oaxaca, a Alejandro Murat Hinojosa, en la exigencia de la aparici\u00f3n con vida de nuestra compa\u00f1era defensora de la Madre Tierra, Irma Galindo Barrios, desaparecida en la Mixteca por defender su territorio, por defenderse en contra de los talamontes de la regi\u00f3n de la Mixteca\u2026Irma Galindo te estamos buscando y te vamos a encontrar, hermana\u201d.<\/p>\n<p>De acuerdo con la Red de Defensoras de Derechos Humanos en M\u00e9xico (RNDDHM), Irma Galindo fue vista por \u00faltima vez el 27 de octubre en la Ciudad de M\u00e9xico, a donde se hab\u00eda desplazado para asistir a la Junta de Gobierno del Mecanismo de Protecci\u00f3n para Personas Defensoras de Derechos Humanos y Periodistas. Nunca lleg\u00f3 a esta reuni\u00f3n.<\/p>\n<p>En un comunicado publicado el 6 de noviembre, la RNDDHM precisa: \u201cEl 27 de octubre fue tambi\u00e9n el \u00faltimo d\u00eda en que se conect\u00f3 a redes sociales, donde denunci\u00f3 el conflicto que vive su pueblo \u00d1uu Savi y se\u00f1al\u00f3 que el gobierno del Estado de Oaxaca lleva m\u00e1s de dos a\u00f1os \u2018aplicando estrategias\u2019 entre las que se encuentran el desplazamiento forzado, \u2018que vulneran a las y los habitantes defensores de Mier, Ter\u00e1n y Ndoyonuyuji\u2019.\u201d<\/p>\n<p>La organizaci\u00f3n agrega que desde 2018, \u201cIrma ha enfrentado intimidaci\u00f3n por parte de personas servidoras p\u00fablicas, as\u00ed como hostigamiento, persecuci\u00f3n, campa\u00f1as de difamaci\u00f3n y amenazas de muerte a ra\u00edz de su defensa de los bosques en el municipio de San Esteban Atatlahuca, Oaxaca, M\u00e9xico, y a ra\u00edz de su denuncia de tala ante la Secretar\u00eda del Medio Ambiente y Recursos Naturales\u201d.<\/p>\n<p>Seg\u00fan la RNDDHM, la desaparici\u00f3n se produce en un contexto de violencia generalizada en la regi\u00f3n, que incluye la quema de las viviendas de Irma Galindo y de una decena de familias en 2019, as\u00ed como un ataque armado que dej\u00f3 varios personas muertes en el municipio de San Esteban Atatlahuca el pasado 23 de octubre de 2021, de acuerdo con organizaciones sociales.<\/p>\n<p>Ante este panorama, las colectivos feministas llegaron a la Fiscal\u00eda para exigir que pongan todos sus recursos en acci\u00f3n para localizar a su compa\u00f1era desaparecida.<\/p>\n<p><img loading=\"lazy\" decoding=\"async\" data-attachment-id=\"62703\" data-permalink=\"https:\/\/www.grieta.org.mx\/index.php\/2021\/11\/18\/exigen-colectivas-feministas-la-aparacion-con-vida-de-la-defensora-irma-galindo-barrios-oaxaca\/2-110\/\" data-orig-file=\"https:\/\/www.grieta.org.mx\/wp-content\/uploads\/2021\/11\/2-2.jpg\" data-orig-size=\"1024,768\" data-comments-opened=\"0\" data-image-meta=\"{&quot;aperture&quot;:&quot;0&quot;,&quot;credit&quot;:&quot;&quot;,&quot;camera&quot;:&quot;&quot;,&quot;caption&quot;:&quot;&quot;,&quot;created_timestamp&quot;:&quot;0&quot;,&quot;copyright&quot;:&quot;&quot;,&quot;focal_length&quot;:&quot;0&quot;,&quot;iso&quot;:&quot;0&quot;,&quot;shutter_speed&quot;:&quot;0&quot;,&quot;title&quot;:&quot;&quot;,&quot;orientation&quot;:&quot;0&quot;}\" data-image-title=\"2\" data-image-description=\"\" data-image-caption=\"\" data-medium-file=\"https:\/\/www.grieta.org.mx\/wp-content\/uploads\/2021\/11\/2-2-300x225.jpg\" data-large-file=\"https:\/\/www.grieta.org.mx\/wp-content\/uploads\/2021\/11\/2-2.jpg\" class=\"alignnone wp-image-62703\" src=\"http:\/\/www.grieta.org.mx\/wp-content\/uploads\/2021\/11\/2-2.jpg\" alt=\"\" width=\"800\" height=\"600\" srcset=\"https:\/\/www.grieta.org.mx\/wp-content\/uploads\/2021\/11\/2-2.jpg 1024w, https:\/\/www.grieta.org.mx\/wp-content\/uploads\/2021\/11\/2-2-300x225.jpg 300w, https:\/\/www.grieta.org.mx\/wp-content\/uploads\/2021\/11\/2-2-768x576.jpg 768w\" sizes=\"auto, (max-width: 800px) 100vw, 800px\" \/><\/p>\n<p>\u201c\u00a1Viva la queremos!\u201d<\/p>\n<p>Guadalupe levant\u00f3 su sahumerio con copal del tapete construido bajo la sombra del catedral y dio inicio a la marcha. El acto de protesta avanz\u00f3 por la Avenida Independencia ante la mirada de las comerciantes de la ma\u00f1ana y los turistas que deambulaban: \u201c\u00a1Se\u00f1or! \u00a1Se\u00f1ora! No sea indiferente. \u00a1Matan a las mujeres en la cara del gente!\u201d, clamaban las manifestantes.<\/p>\n<p>Cuando la marcha gir\u00f3 hacia la calle Melchor Ocampo, paralizando el tr\u00e1fico, se hicieron palpables el dolor colectivo y la rabia sostenida pero tambi\u00e9n la ternura radical. Una batucada feminista bati\u00f3 los ritmos de resistencia de Abya Yala, militantes y a la vez alegres, en sinton\u00eda con la gravedad de la situaci\u00f3n pero sin nunca renunciar al baile. Al tambor se le uni\u00f3 una maraca oaxaque\u00f1a y la omnipresente olla azul, golpeada con lo que hab\u00eda a mano. \u201c\u00a1Viva se lo llevaron!\u201d llam\u00f3 alguien desde detr\u00e1s de su cubreboca. \u201c\u00a1Viva la queremos!\u201d respondieron las manifestantes que la rodeaban.<\/p>\n<p>Al frente de la marcha, una se\u00f1ora con rebozo portaba una pancarta morada en la que se le\u00eda: \u201cLos feminicidios son la pandemia de la que no se habla\u201d. Con la otra mano empujaba una carriola que llevaba a su nieta, que se un\u00eda a la percusi\u00f3n persistente con su paleta.<\/p>\n<p>Al llegar a la Fiscal\u00eda, algunos hombres con chalecos aparecieron para tomar fotograf\u00edas de la marcha antes de retirarse abruptamente. Las manifestantes pintaron mensajes \u2013\u201cIrma Galindo presente\u201d, \u201cFuera megaproyectos de muerte de nuestros territorios\u201d\u2013 en las paredes del edificio, gruesas con tantas capas de pintura blanca utilizadas para cubrir las demandas de protestas pasadas por la desaparici\u00f3n de mujeres y defensoras de la tierra.<\/p>\n<p>Frente a la Fiscal\u00eda grafiteada, el sonido de los tambores ya desvaneci\u00e9ndose, se ley\u00f3 en un pronunciamiento: \u201cLas defensoras y defensores son esperanza de vida y no se tocan. Nuevamente la violencia nos alcanza. Roce la cercan\u00eda. Nuevamente la vida de quienes defienden a la Madre Tierra y el territorio, el pa\u00eds, los bosques, est\u00e1 en peligro. Con dolor, con un nudo en la garganta, denunciamos que la hermana Irma Galindo Barrios se encuentra desaparecida.\u201d<\/p>\n<p><img loading=\"lazy\" decoding=\"async\" data-attachment-id=\"62704\" data-permalink=\"https:\/\/www.grieta.org.mx\/index.php\/2021\/11\/18\/exigen-colectivas-feministas-la-aparacion-con-vida-de-la-defensora-irma-galindo-barrios-oaxaca\/3-84\/\" data-orig-file=\"https:\/\/www.grieta.org.mx\/wp-content\/uploads\/2021\/11\/3-2.jpg\" data-orig-size=\"485,1024\" data-comments-opened=\"0\" data-image-meta=\"{&quot;aperture&quot;:&quot;0&quot;,&quot;credit&quot;:&quot;&quot;,&quot;camera&quot;:&quot;&quot;,&quot;caption&quot;:&quot;&quot;,&quot;created_timestamp&quot;:&quot;0&quot;,&quot;copyright&quot;:&quot;&quot;,&quot;focal_length&quot;:&quot;0&quot;,&quot;iso&quot;:&quot;0&quot;,&quot;shutter_speed&quot;:&quot;0&quot;,&quot;title&quot;:&quot;&quot;,&quot;orientation&quot;:&quot;0&quot;}\" data-image-title=\"3\" data-image-description=\"\" data-image-caption=\"\" data-medium-file=\"https:\/\/www.grieta.org.mx\/wp-content\/uploads\/2021\/11\/3-2-142x300.jpg\" data-large-file=\"https:\/\/www.grieta.org.mx\/wp-content\/uploads\/2021\/11\/3-2.jpg\" class=\"alignnone wp-image-62704\" src=\"http:\/\/www.grieta.org.mx\/wp-content\/uploads\/2021\/11\/3-2.jpg\" alt=\"\" width=\"800\" height=\"1689\" srcset=\"https:\/\/www.grieta.org.mx\/wp-content\/uploads\/2021\/11\/3-2.jpg 485w, https:\/\/www.grieta.org.mx\/wp-content\/uploads\/2021\/11\/3-2-142x300.jpg 142w\" sizes=\"auto, (max-width: 800px) 100vw, 800px\" \/><\/p>\n<p><img loading=\"lazy\" decoding=\"async\" data-attachment-id=\"62705\" data-permalink=\"https:\/\/www.grieta.org.mx\/index.php\/2021\/11\/18\/exigen-colectivas-feministas-la-aparacion-con-vida-de-la-defensora-irma-galindo-barrios-oaxaca\/4-72\/\" data-orig-file=\"https:\/\/www.grieta.org.mx\/wp-content\/uploads\/2021\/11\/4-1.jpg\" data-orig-size=\"485,1024\" data-comments-opened=\"0\" data-image-meta=\"{&quot;aperture&quot;:&quot;0&quot;,&quot;credit&quot;:&quot;&quot;,&quot;camera&quot;:&quot;&quot;,&quot;caption&quot;:&quot;&quot;,&quot;created_timestamp&quot;:&quot;0&quot;,&quot;copyright&quot;:&quot;&quot;,&quot;focal_length&quot;:&quot;0&quot;,&quot;iso&quot;:&quot;0&quot;,&quot;shutter_speed&quot;:&quot;0&quot;,&quot;title&quot;:&quot;&quot;,&quot;orientation&quot;:&quot;0&quot;}\" data-image-title=\"4\" data-image-description=\"\" data-image-caption=\"\" data-medium-file=\"https:\/\/www.grieta.org.mx\/wp-content\/uploads\/2021\/11\/4-1-142x300.jpg\" data-large-file=\"https:\/\/www.grieta.org.mx\/wp-content\/uploads\/2021\/11\/4-1.jpg\" class=\"alignnone wp-image-62705\" src=\"http:\/\/www.grieta.org.mx\/wp-content\/uploads\/2021\/11\/4-1.jpg\" alt=\"\" width=\"800\" height=\"1689\" srcset=\"https:\/\/www.grieta.org.mx\/wp-content\/uploads\/2021\/11\/4-1.jpg 485w, https:\/\/www.grieta.org.mx\/wp-content\/uploads\/2021\/11\/4-1-142x300.jpg 142w\" sizes=\"auto, (max-width: 800px) 100vw, 800px\" \/><\/p>\n<p><img loading=\"lazy\" decoding=\"async\" data-attachment-id=\"62706\" data-permalink=\"https:\/\/www.grieta.org.mx\/index.php\/2021\/11\/18\/exigen-colectivas-feministas-la-aparacion-con-vida-de-la-defensora-irma-galindo-barrios-oaxaca\/5-53\/\" data-orig-file=\"https:\/\/www.grieta.org.mx\/wp-content\/uploads\/2021\/11\/5-1.jpg\" data-orig-size=\"1024,485\" data-comments-opened=\"0\" data-image-meta=\"{&quot;aperture&quot;:&quot;0&quot;,&quot;credit&quot;:&quot;&quot;,&quot;camera&quot;:&quot;&quot;,&quot;caption&quot;:&quot;&quot;,&quot;created_timestamp&quot;:&quot;0&quot;,&quot;copyright&quot;:&quot;&quot;,&quot;focal_length&quot;:&quot;0&quot;,&quot;iso&quot;:&quot;0&quot;,&quot;shutter_speed&quot;:&quot;0&quot;,&quot;title&quot;:&quot;&quot;,&quot;orientation&quot;:&quot;0&quot;}\" data-image-title=\"5\" data-image-description=\"\" data-image-caption=\"\" data-medium-file=\"https:\/\/www.grieta.org.mx\/wp-content\/uploads\/2021\/11\/5-1-300x142.jpg\" data-large-file=\"https:\/\/www.grieta.org.mx\/wp-content\/uploads\/2021\/11\/5-1.jpg\" class=\"alignnone wp-image-62706\" src=\"http:\/\/www.grieta.org.mx\/wp-content\/uploads\/2021\/11\/5-1.jpg\" alt=\"\" width=\"800\" height=\"379\" srcset=\"https:\/\/www.grieta.org.mx\/wp-content\/uploads\/2021\/11\/5-1.jpg 1024w, https:\/\/www.grieta.org.mx\/wp-content\/uploads\/2021\/11\/5-1-300x142.jpg 300w, https:\/\/www.grieta.org.mx\/wp-content\/uploads\/2021\/11\/5-1-768x364.jpg 768w\" sizes=\"auto, (max-width: 800px) 100vw, 800px\" \/><\/p>\n<p><img loading=\"lazy\" decoding=\"async\" data-attachment-id=\"62707\" data-permalink=\"https:\/\/www.grieta.org.mx\/index.php\/2021\/11\/18\/exigen-colectivas-feministas-la-aparacion-con-vida-de-la-defensora-irma-galindo-barrios-oaxaca\/6-43\/\" data-orig-file=\"https:\/\/www.grieta.org.mx\/wp-content\/uploads\/2021\/11\/6-1.jpg\" data-orig-size=\"1280,665\" data-comments-opened=\"0\" data-image-meta=\"{&quot;aperture&quot;:&quot;0&quot;,&quot;credit&quot;:&quot;&quot;,&quot;camera&quot;:&quot;&quot;,&quot;caption&quot;:&quot;&quot;,&quot;created_timestamp&quot;:&quot;0&quot;,&quot;copyright&quot;:&quot;&quot;,&quot;focal_length&quot;:&quot;0&quot;,&quot;iso&quot;:&quot;0&quot;,&quot;shutter_speed&quot;:&quot;0&quot;,&quot;title&quot;:&quot;&quot;,&quot;orientation&quot;:&quot;0&quot;}\" data-image-title=\"6\" data-image-description=\"\" data-image-caption=\"\" data-medium-file=\"https:\/\/www.grieta.org.mx\/wp-content\/uploads\/2021\/11\/6-1-300x156.jpg\" data-large-file=\"https:\/\/www.grieta.org.mx\/wp-content\/uploads\/2021\/11\/6-1-1024x532.jpg\" class=\"alignnone wp-image-62707\" src=\"http:\/\/www.grieta.org.mx\/wp-content\/uploads\/2021\/11\/6-1.jpg\" alt=\"\" width=\"800\" height=\"416\" srcset=\"https:\/\/www.grieta.org.mx\/wp-content\/uploads\/2021\/11\/6-1.jpg 1280w, https:\/\/www.grieta.org.mx\/wp-content\/uploads\/2021\/11\/6-1-300x156.jpg 300w, https:\/\/www.grieta.org.mx\/wp-content\/uploads\/2021\/11\/6-1-1024x532.jpg 1024w, https:\/\/www.grieta.org.mx\/wp-content\/uploads\/2021\/11\/6-1-768x399.jpg 768w\" sizes=\"auto, (max-width: 800px) 100vw, 800px\" \/><\/p>\n<p><a href=\"https:\/\/avispa.org\/exigen-colectivas-feministas-la-aparacion-con-vida-de-la-defensora-irma-galindo-barrios\/\" target=\"_blank\" rel=\"noopener\">https:\/\/avispa.org\/exigen-colectivas-feministas-la-aparacion-con-vida-de-la-defensora-irma-galindo-barrios\/<\/a><\/p>\n","protected":false},"excerpt":{"rendered":"<p>Avispa Midia \/ Samantha Demby. Integrantes de Mujeres que Luchan Oaxaca, la Colectiva Jur\u00eddica por la Dignidad Disidente, la Comedora Comunitaria y otras agrupaciones y personas aliadas marcharon la ma\u00f1ana &hellip; <a href=\"https:\/\/www.grieta.org.mx\/index.php\/2021\/11\/18\/exigen-colectivas-feministas-la-aparacion-con-vida-de-la-defensora-irma-galindo-barrios-oaxaca\/\" class=\"more-link\">Leer m\u00e1s<\/a><\/p>\n","protected":false},"author":2,"featured_media":62702,"comment_status":"closed","ping_status":"closed","sticky":false,"template":"","format":"standard","meta":{"ngg_post_thumbnail":0,"_jetpack_newsletter_access":"","_jetpack_dont_email_post_to_subs":false,"_jetpack_newsletter_tier_id":0,"_jetpack_memberships_contains_paywalled_content":false,"_jetpack_memberships_contains_paid_content":false,"footnotes":""},"categories":[80,1325,3163,25,83,1665],"tags":[],"class_list":["post-62701","post","type-post","status-publish","format-standard","has-post-thumbnail","hentry","category-cintillo","category-feminicidios-en-oaxaca-oaxaca","category-la-lucha-de-las-mujeres-en-oaxaca","category-oaxaca","category-temas-nacionales","category-violencia-contra-las-mujeres-en-oaxaca","entry"],"jetpack_featured_media_url":"https:\/\/www.grieta.org.mx\/wp-content\/uploads\/2021\/11\/1-2.jpg","jetpack_sharing_enabled":true,"jetpack_shortlink":"https:\/\/wp.me\/p7ZJR4-gjj","jetpack_likes_enabled":false,"jetpack-related-posts":[{"id":62652,"url":"https:\/\/www.grieta.org.mx\/index.php\/2021\/11\/11\/desaparece-irma-galindo-barrios-defensora-mixteca-del-bosque-en-oaxaca-fiscalia-emite-alerta-rosa\/","url_meta":{"origin":62701,"position":0},"title":"Desaparece Irma Galindo Barrios, defensora mixteca del bosque en Oaxaca; Fiscal\u00eda emite alerta rosa","author":"grieta","date":"11 noviembre, 2021","format":false,"excerpt":"Redacci\u00f3n AN \/ Diana Manzo. La ambientalista de 41 a\u00f1os de edad fue vista por \u00faltima vez el pasado 27 de octubre en la comunidad de Mier y Ter\u00e1n en el municipio de Atatlahuca, en la Mixteca de Oaxaca. La defensora del Bosque \u00d1uu Savi (Mixteca), Irma Galindo Barrios est\u00e1\u2026","rel":"","context":"En &quot;CINTILLO&quot;","block_context":{"text":"CINTILLO","link":"https:\/\/www.grieta.org.mx\/index.php\/category\/cintillo\/"},"img":{"alt_text":"","src":"https:\/\/i0.wp.com\/www.grieta.org.mx\/wp-content\/uploads\/2021\/11\/Z.jpg?resize=350%2C200&ssl=1","width":350,"height":200,"srcset":"https:\/\/i0.wp.com\/www.grieta.org.mx\/wp-content\/uploads\/2021\/11\/Z.jpg?resize=350%2C200&ssl=1 1x, https:\/\/i0.wp.com\/www.grieta.org.mx\/wp-content\/uploads\/2021\/11\/Z.jpg?resize=525%2C300&ssl=1 1.5x, https:\/\/i0.wp.com\/www.grieta.org.mx\/wp-content\/uploads\/2021\/11\/Z.jpg?resize=700%2C400&ssl=1 2x"},"classes":[]},{"id":41529,"url":"https:\/\/www.grieta.org.mx\/index.php\/2019\/11\/20\/coordinacion-entre-defensoras-y-sociedad-civil-permitio-la-localizacion-de-la-ambientalista-irma-galindo-rnddhm-oaxaca\/","url_meta":{"origin":62701,"position":1},"title":"Coordinaci\u00f3n entre defensoras y sociedad civil permiti\u00f3 la localizaci\u00f3n de la ambientalista Irma Galindo: RNDDHM (Oaxaca)","author":"grieta","date":"20 noviembre, 2019","format":false,"excerpt":"Proceso \/ Pedro Mat\u00edas. La ambientalista Irma Galindo hab\u00eda desaparecido el 10 de noviembre. Foto: Especial. Oaxaca, Oax. (apro).- La Red Nacional de Defensoras de Derechos Humanos en M\u00e9xico (RNDDHM) afirm\u00f3 que por acciones de coordinaci\u00f3n entre defensoras y la sociedad civil se logr\u00f3 dar con el paradero de la\u2026","rel":"","context":"En &quot;CINTILLO&quot;","block_context":{"text":"CINTILLO","link":"https:\/\/www.grieta.org.mx\/index.php\/category\/cintillo\/"},"img":{"alt_text":"","src":"https:\/\/i0.wp.com\/www.grieta.org.mx\/wp-content\/uploads\/2019\/11\/Irma-870x522-1.jpg?resize=350%2C200&ssl=1","width":350,"height":200,"srcset":"https:\/\/i0.wp.com\/www.grieta.org.mx\/wp-content\/uploads\/2019\/11\/Irma-870x522-1.jpg?resize=350%2C200&ssl=1 1x, https:\/\/i0.wp.com\/www.grieta.org.mx\/wp-content\/uploads\/2019\/11\/Irma-870x522-1.jpg?resize=525%2C300&ssl=1 1.5x, https:\/\/i0.wp.com\/www.grieta.org.mx\/wp-content\/uploads\/2019\/11\/Irma-870x522-1.jpg?resize=700%2C400&ssl=1 2x"},"classes":[]},{"id":41300,"url":"https:\/\/www.grieta.org.mx\/index.php\/2019\/11\/19\/emiten-alerta-tras-la-desaparicion-de-la-ambientalista-irma-galindo-oaxaca\/","url_meta":{"origin":62701,"position":2},"title":"Emiten alerta tras la desaparici\u00f3n de la ambientalista Irma Galindo (Oaxaca)","author":"grieta","date":"19 noviembre, 2019","format":false,"excerpt":"Proceso \/ Pedro Mat\u00edas. La ambientalista Irma Galindo fue vista por \u00faltima vez el 10 de noviembre. Foto: Especial Oaxaca, Oax. (apro).- La Red Nacional de Defensoras de Derechos Humanos en M\u00e9xico emiti\u00f3 una alerta por la desaparici\u00f3n de la defensora ind\u00edgena de los bosques de la mixteca de Oaxaca,\u2026","rel":"","context":"En &quot;CINTILLO&quot;","block_context":{"text":"CINTILLO","link":"https:\/\/www.grieta.org.mx\/index.php\/category\/cintillo\/"},"img":{"alt_text":"","src":"https:\/\/i0.wp.com\/www.grieta.org.mx\/wp-content\/uploads\/2019\/11\/Irma-870x522.jpg?resize=350%2C200&ssl=1","width":350,"height":200,"srcset":"https:\/\/i0.wp.com\/www.grieta.org.mx\/wp-content\/uploads\/2019\/11\/Irma-870x522.jpg?resize=350%2C200&ssl=1 1x, https:\/\/i0.wp.com\/www.grieta.org.mx\/wp-content\/uploads\/2019\/11\/Irma-870x522.jpg?resize=525%2C300&ssl=1 1.5x, https:\/\/i0.wp.com\/www.grieta.org.mx\/wp-content\/uploads\/2019\/11\/Irma-870x522.jpg?resize=700%2C400&ssl=1 2x"},"classes":[]},{"id":41303,"url":"https:\/\/www.grieta.org.mx\/index.php\/2019\/11\/20\/denuncio-amenazas-irma-galindo-oaxaca\/","url_meta":{"origin":62701,"position":3},"title":"Denunci\u00f3 amenazas Irma Galindo (Oaxaca)","author":"grieta","date":"20 noviembre, 2019","format":false,"excerpt":"Noticias \/ Citlalli Luciana. EXIGEN INVESTIGAR DESAPARICI\u00d3N La activista present\u00f3 varias quejas ante la DDHPO. \u201cMe di cuenta que todos me miraban y pues s\u00ed, me dio un poco de escalofr\u00edo las miradas y movidas de cabeza de todos. Desde hace d\u00edas mis propios vecinos me dijeron que vendr\u00edan por\u2026","rel":"","context":"En &quot;CINTILLO&quot;","block_context":{"text":"CINTILLO","link":"https:\/\/www.grieta.org.mx\/index.php\/category\/cintillo\/"},"img":{"alt_text":"","src":"https:\/\/i0.wp.com\/www.grieta.org.mx\/wp-content\/uploads\/2019\/11\/copia_de_irma_galindo.jpg?resize=350%2C200&ssl=1","width":350,"height":200,"srcset":"https:\/\/i0.wp.com\/www.grieta.org.mx\/wp-content\/uploads\/2019\/11\/copia_de_irma_galindo.jpg?resize=350%2C200&ssl=1 1x, https:\/\/i0.wp.com\/www.grieta.org.mx\/wp-content\/uploads\/2019\/11\/copia_de_irma_galindo.jpg?resize=525%2C300&ssl=1 1.5x, https:\/\/i0.wp.com\/www.grieta.org.mx\/wp-content\/uploads\/2019\/11\/copia_de_irma_galindo.jpg?resize=700%2C400&ssl=1 2x, https:\/\/i0.wp.com\/www.grieta.org.mx\/wp-content\/uploads\/2019\/11\/copia_de_irma_galindo.jpg?resize=1050%2C600&ssl=1 3x"},"classes":[]},{"id":70122,"url":"https:\/\/www.grieta.org.mx\/index.php\/2024\/10\/13\/demandan-busqueda-eficaz-para-la-presentacion-con-vida-de-sandra-dominguez-martinez-defensora-de-derechos-humanos-oaxaca\/","url_meta":{"origin":62701,"position":4},"title":"Demandan b\u00fasqueda eficaz para la presentaci\u00f3n con vida de Sandra Dom\u00ednguez Mart\u00ednez, defensora de derechos humanos (Oaxaca)","author":"grieta","date":"13 octubre, 2024","format":false,"excerpt":"Imagen: Especial Redacci\u00f3n\u00a0 \/ Redacci\u00f3n P\u00e1gina 3 OAXACA. \u2013 Sandra Est\u00e9fana Dom\u00ednguez Mart\u00ednez esta desaparecida desde el 4 de octubre del 2024, tan pronto la familia se enter\u00f3 de tal situaci\u00f3n acudi\u00f3 a la fiscal\u00eda general de Justicia del Estado de Oaxaca a presentar la Denuncia Formal por su desaparici\u00f3n,\u2026","rel":"","context":"En &quot;CINTILLO&quot;","block_context":{"text":"CINTILLO","link":"https:\/\/www.grieta.org.mx\/index.php\/category\/cintillo\/"},"img":{"alt_text":"","src":"https:\/\/i0.wp.com\/www.grieta.org.mx\/wp-content\/uploads\/2024\/10\/SandraMartinez_Pagina3.jpeg?resize=350%2C200&ssl=1","width":350,"height":200,"srcset":"https:\/\/i0.wp.com\/www.grieta.org.mx\/wp-content\/uploads\/2024\/10\/SandraMartinez_Pagina3.jpeg?resize=350%2C200&ssl=1 1x, https:\/\/i0.wp.com\/www.grieta.org.mx\/wp-content\/uploads\/2024\/10\/SandraMartinez_Pagina3.jpeg?resize=525%2C300&ssl=1 1.5x, https:\/\/i0.wp.com\/www.grieta.org.mx\/wp-content\/uploads\/2024\/10\/SandraMartinez_Pagina3.jpeg?resize=700%2C400&ssl=1 2x, https:\/\/i0.wp.com\/www.grieta.org.mx\/wp-content\/uploads\/2024\/10\/SandraMartinez_Pagina3.jpeg?resize=1050%2C600&ssl=1 3x, https:\/\/i0.wp.com\/www.grieta.org.mx\/wp-content\/uploads\/2024\/10\/SandraMartinez_Pagina3.jpeg?resize=1400%2C800&ssl=1 4x"},"classes":[]},{"id":71251,"url":"https:\/\/www.grieta.org.mx\/index.php\/2025\/03\/05\/a-sandra-la-desaparecio-el-estado-marchan-para-exigir-aparicion-con-vida-de-la-activista-activista-ayuuk-sandra-dominguez-oaxaca\/","url_meta":{"origin":62701,"position":5},"title":"\u00a1A Sandra la desapareci\u00f3 el estado! : Marchan para exigir aparici\u00f3n con vida de la activista activista ayuuk Sandra Dom\u00ednguez (Oaxaca)","author":"grieta","date":"5 marzo, 2025","format":false,"excerpt":"Imagen: Istmo Press Diana Manzo \/ Istmo Press Oaxaca, Oax.- \u00a1A Sandra, la desapareci\u00f3 el estado, y la queremos con vida!, as\u00ed marcharon por las calles de la capital de Oaxaca, familiares, activistas y amigas de la defensora ayuuk Sandra Dom\u00ednguez para exigir su localizaci\u00f3n con vida a 5 meses\u2026","rel":"","context":"En &quot;CINTILLO&quot;","block_context":{"text":"CINTILLO","link":"https:\/\/www.grieta.org.mx\/index.php\/category\/cintillo\/"},"img":{"alt_text":"","src":"https:\/\/i0.wp.com\/www.grieta.org.mx\/wp-content\/uploads\/2025\/03\/71725775-070a-4a72-ba97-890138cc96a0-800x445-1.jpeg?resize=350%2C200&ssl=1","width":350,"height":200,"srcset":"https:\/\/i0.wp.com\/www.grieta.org.mx\/wp-content\/uploads\/2025\/03\/71725775-070a-4a72-ba97-890138cc96a0-800x445-1.jpeg?resize=350%2C200&ssl=1 1x, https:\/\/i0.wp.com\/www.grieta.org.mx\/wp-content\/uploads\/2025\/03\/71725775-070a-4a72-ba97-890138cc96a0-800x445-1.jpeg?resize=525%2C300&ssl=1 1.5x, https:\/\/i0.wp.com\/www.grieta.org.mx\/wp-content\/uploads\/2025\/03\/71725775-070a-4a72-ba97-890138cc96a0-800x445-1.jpeg?resize=700%2C400&ssl=1 2x"},"classes":[]}],"_links":{"self":[{"href":"https:\/\/www.grieta.org.mx\/index.php\/wp-json\/wp\/v2\/posts\/62701","targetHints":{"allow":["GET"]}}],"collection":[{"href":"https:\/\/www.grieta.org.mx\/index.php\/wp-json\/wp\/v2\/posts"}],"about":[{"href":"https:\/\/www.grieta.org.mx\/index.php\/wp-json\/wp\/v2\/types\/post"}],"author":[{"embeddable":true,"href":"https:\/\/www.grieta.org.mx\/index.php\/wp-json\/wp\/v2\/users\/2"}],"replies":[{"embeddable":true,"href":"https:\/\/www.grieta.org.mx\/index.php\/wp-json\/wp\/v2\/comments?post=62701"}],"version-history":[{"count":1,"href":"https:\/\/www.grieta.org.mx\/index.php\/wp-json\/wp\/v2\/posts\/62701\/revisions"}],"predecessor-version":[{"id":62708,"href":"https:\/\/www.grieta.org.mx\/index.php\/wp-json\/wp\/v2\/posts\/62701\/revisions\/62708"}],"wp:featuredmedia":[{"embeddable":true,"href":"https:\/\/www.grieta.org.mx\/index.php\/wp-json\/wp\/v2\/media\/62702"}],"wp:attachment":[{"href":"https:\/\/www.grieta.org.mx\/index.php\/wp-json\/wp\/v2\/media?parent=62701"}],"wp:term":[{"taxonomy":"category","embeddable":true,"href":"https:\/\/www.grieta.org.mx\/index.php\/wp-json\/wp\/v2\/categories?post=62701"},{"taxonomy":"post_tag","embeddable":true,"href":"https:\/\/www.grieta.org.mx\/index.php\/wp-json\/wp\/v2\/tags?post=62701"}],"curies":[{"name":"wp","href":"https:\/\/api.w.org\/{rel}","templated":true}]}}