{"id":62698,"date":"2021-11-19T16:48:26","date_gmt":"2021-11-19T22:48:26","guid":{"rendered":"https:\/\/www.grieta.org.mx\/?p=62698"},"modified":"2021-11-21T17:01:35","modified_gmt":"2021-11-21T23:01:35","slug":"en-reunion-con-comite-de-la-onu-colectivos-de-familiares-desaparecidos-revelan-deficiencias-estatal-y-nacional-nayarit","status":"publish","type":"post","link":"https:\/\/www.grieta.org.mx\/index.php\/2021\/11\/19\/en-reunion-con-comite-de-la-onu-colectivos-de-familiares-desaparecidos-revelan-deficiencias-estatal-y-nacional-nayarit\/","title":{"rendered":"En reuni\u00f3n con Comit\u00e9 de la ONU colectivos de familiares desaparecidos revelan deficiencias estatal y nacional (Nayarit)"},"content":{"rendered":"<p>Foto: El Occidental<\/p>\n<p>Crys Ben\u00edtez \/ El Occidental<\/p>\n<p>Integrantes del Comit\u00e9 Contra las Desaparici\u00f3n Forzada de la Organizaci\u00f3n de las Naciones Unidades (ONU), sostuvieron una reuni\u00f3n con la Comisi\u00f3n de la Verdad, as\u00ed como con diversos colectivos de familiares desaparecidos.<\/p>\n<p>El objetivo fue conocer la situaci\u00f3n que se guarda en la entidad respecto a la desaparici\u00f3n forzada de 39 personas y de los casos en general que estiman m\u00e1s de 600 y, que en muchos de ellos, participaron funcionarios.<\/p>\n<p>La vocera de la organizaci\u00f3n &#8220;Por Nuestros Corazones&#8221;, Rosa Mar\u00eda Jara Montes, explic\u00f3 que en este encuentro informaron al organismo internacional las deficiencias que existen tanto para la b\u00fasqueda, como para identificaci\u00f3n de los restos y la falta de an\u00e1lisis de contexto que sirve para dar con los posibles perpetradores.<\/p>\n<p>Afirm\u00f3 que las 29 fosas clandestinas que se han descubierto del 2017 al 2020 encontradas por los colectivos, pues ni Comisi\u00f3n de B\u00fasqueda Estatal, ni Nacional y mucho menos la Fiscal\u00eda Estatal han realizado trabajos de este tipo, lo que atribuyen a que ni siquiera tienen un plan para localizaci\u00f3n de las mismas.<\/p>\n<p>De las 29 entierros clandestinos, coment\u00f3 que han exhumados 143 cuerpos de los que 69 han sido identificados y entregados, por lo tanto todav\u00eda quedan pendientes 72, lo cual atribuye a que no hay todo lo que se requiere para avanzar en rubro, ejemplo de ello es que la Fiscal\u00eda no tiene un antrop\u00f3logo, lo que es sumamente indispensable.<\/p>\n<p>Jara Montes, a\u00f1adi\u00f3 que el informe preliminar de todo lo recabado les indicaron que saldr\u00e1 entre marzo y abril y, con ello, las acciones que les solicita la ONU para esclarecer las desapariciones.<\/p>\n<p><a href=\"https:\/\/www.eloccidental.com.mx\/local\/personal-de-la-onu-se-reune-con-colectivos-de-familiares-desaparecidos-en-nayarit-7496302.html\">https:\/\/www.eloccidental.com.mx\/local\/personal-de-la-onu-se-reune-con-colectivos-de-familiares-desaparecidos-en-nayarit-7496302.html<\/a><\/p>\n","protected":false},"excerpt":{"rendered":"<p>Foto: El Occidental Crys Ben\u00edtez \/ El Occidental Integrantes del Comit\u00e9 Contra las Desaparici\u00f3n Forzada de la Organizaci\u00f3n de las Naciones Unidades (ONU), sostuvieron una reuni\u00f3n con la Comisi\u00f3n de &hellip; <a href=\"https:\/\/www.grieta.org.mx\/index.php\/2021\/11\/19\/en-reunion-con-comite-de-la-onu-colectivos-de-familiares-desaparecidos-revelan-deficiencias-estatal-y-nacional-nayarit\/\" class=\"more-link\">Leer m\u00e1s<\/a><\/p>\n","protected":false},"author":2,"featured_media":62699,"comment_status":"closed","ping_status":"closed","sticky":false,"template":"","format":"standard","meta":{"ngg_post_thumbnail":0,"_jetpack_newsletter_access":"","_jetpack_dont_email_post_to_subs":false,"_jetpack_newsletter_tier_id":0,"_jetpack_memberships_contains_paywalled_content":false,"_jetpack_memberships_contains_paid_content":false,"footnotes":""},"categories":[80,87,2267,23,2,83],"tags":[1828,3018,121,1668,1228],"class_list":["post-62698","post","type-post","status-publish","format-standard","has-post-thumbnail","hentry","category-cintillo","category-desaparecidos","category-desaparecidos-en-nayarit","category-nayarit","category-noticias-nacionales","category-temas-nacionales","tag-busqueda-de-desaparecidos","tag-colectivos-de-busqueda-de-desaparecidos","tag-desaparecidos","tag-familiares-de-desaparecidos","tag-protestas-por-desaparecidos","entry"],"jetpack_featured_media_url":"https:\/\/www.grieta.org.mx\/wp-content\/uploads\/2021\/11\/Vocera-del-colectivo.jpg","jetpack_sharing_enabled":true,"jetpack_shortlink":"https:\/\/wp.me\/p7ZJR4-gjg","jetpack_likes_enabled":false,"jetpack-related-posts":[{"id":62572,"url":"https:\/\/www.grieta.org.mx\/index.php\/2021\/10\/28\/colectivos-de-familias-de-personas-desaparecidas-en-nayarit-piden-reunion-con-comite-de-la-onu-ced\/","url_meta":{"origin":62698,"position":0},"title":"Colectivos de familias de personas desaparecidas en Nayarit piden reuni\u00f3n con Comit\u00e9 de la ONU (CED)","author":"grieta","date":"28 octubre, 2021","format":false,"excerpt":"Foto: El Sol de Nayarit Redacci\u00f3n \/ El Sol de Nayarit Los colectivos de familias de personas desaparecidas en el estado de Nayarit, \"Familias Unidas por Nayarit (COFAUNNAY)\", \"En Busca de Verdad y Justicia\", \"Por Nuestros Corazones\" y \"Renacer por Amor a Ellos\", acompa\u00f1ados por\u00a0la\u00a0Federaci\u00f3n Internacional de Derechos Humanos\u00a0(FIDH)\u00a0y por\u00a0IDHEAS\u2026","rel":"","context":"En &quot;CINTILLO&quot;","block_context":{"text":"CINTILLO","link":"https:\/\/www.grieta.org.mx\/index.php\/category\/cintillo\/"},"img":{"alt_text":"","src":"https:\/\/i0.wp.com\/www.grieta.org.mx\/wp-content\/uploads\/2021\/11\/temp_nota_01_80776_17_20211028175548_117captura_de_pantalla_2021-10-28_a_la_s__11.55.31_a.m.jpg?resize=350%2C200&ssl=1","width":350,"height":200,"srcset":"https:\/\/i0.wp.com\/www.grieta.org.mx\/wp-content\/uploads\/2021\/11\/temp_nota_01_80776_17_20211028175548_117captura_de_pantalla_2021-10-28_a_la_s__11.55.31_a.m.jpg?resize=350%2C200&ssl=1 1x, https:\/\/i0.wp.com\/www.grieta.org.mx\/wp-content\/uploads\/2021\/11\/temp_nota_01_80776_17_20211028175548_117captura_de_pantalla_2021-10-28_a_la_s__11.55.31_a.m.jpg?resize=525%2C300&ssl=1 1.5x"},"classes":[]},{"id":71500,"url":"https:\/\/www.grieta.org.mx\/index.php\/2025\/03\/15\/colectivos-nayaritas-de-busqueda-se-unen-a-luto-nacional-por-las-victimas-de-teuchitlan-nayarit\/","url_meta":{"origin":62698,"position":1},"title":"Colectivos nayaritas de b\u00fasqueda se unen a luto nacional por las v\u00edctimas de Teuchitl\u00e1n (Nayarit)","author":"grieta","date":"15 marzo, 2025","format":false,"excerpt":"Imagen: Crys Ben\u00edtez \/ El Occidental Tepic, Nayarit (OEM-Informex).- Colectivos de familiares desaparecidos se reunieron este s\u00e1bado por la tarde frente a Palacio de Gobierno, para unirse al luto nacional por el rancho de reclutamiento y exterminio encontrado en Teuchitl\u00e1n, Jalisco. Las organizaciones de b\u00fasqueda, confirmaron que esta actividad es\u2026","rel":"","context":"En &quot;CINTILLO&quot;","block_context":{"text":"CINTILLO","link":"https:\/\/www.grieta.org.mx\/index.php\/category\/cintillo\/"},"img":{"alt_text":"","src":"https:\/\/i0.wp.com\/www.grieta.org.mx\/wp-content\/uploads\/2025\/03\/Colectivos-Nayarit.webp?resize=350%2C200&ssl=1","width":350,"height":200,"srcset":"https:\/\/i0.wp.com\/www.grieta.org.mx\/wp-content\/uploads\/2025\/03\/Colectivos-Nayarit.webp?resize=350%2C200&ssl=1 1x, https:\/\/i0.wp.com\/www.grieta.org.mx\/wp-content\/uploads\/2025\/03\/Colectivos-Nayarit.webp?resize=525%2C300&ssl=1 1.5x, https:\/\/i0.wp.com\/www.grieta.org.mx\/wp-content\/uploads\/2025\/03\/Colectivos-Nayarit.webp?resize=700%2C400&ssl=1 2x, https:\/\/i0.wp.com\/www.grieta.org.mx\/wp-content\/uploads\/2025\/03\/Colectivos-Nayarit.webp?resize=1050%2C600&ssl=1 3x"},"classes":[]},{"id":52865,"url":"https:\/\/www.grieta.org.mx\/index.php\/2020\/08\/25\/denuncian-ante-la-onu-encubrimiento-y-pasividad-de-la-fiscalia-en-la-busqueda-de-desaparecidos-en-nayarit\/","url_meta":{"origin":62698,"position":2},"title":"Denuncian ante la ONU encubrimiento y pasividad de la Fiscal\u00eda en la b\u00fasqueda de desaparecidos en Nayarit","author":"grieta","date":"25 agosto, 2020","format":false,"excerpt":"Foto: Cuartoscuro Crys Benitez \/ El Occidental TEPIC, Nayarit (OEM-Informex).- Debido a la falta de acciones por parte de la Fiscal\u00eda General del Estado, para investigar los casos de desapariciones forzadas que se presentaron principalmente durante el mando del ex fiscal Edgar Veytia, quien presuntamente sosten\u00eda v\u00ednculos con el crimen\u2026","rel":"","context":"En &quot;CINTILLO&quot;","block_context":{"text":"CINTILLO","link":"https:\/\/www.grieta.org.mx\/index.php\/category\/cintillo\/"},"img":{"alt_text":"","src":"https:\/\/i0.wp.com\/www.grieta.org.mx\/wp-content\/uploads\/2020\/08\/Desaparecidos.jpeg?resize=350%2C200&ssl=1","width":350,"height":200,"srcset":"https:\/\/i0.wp.com\/www.grieta.org.mx\/wp-content\/uploads\/2020\/08\/Desaparecidos.jpeg?resize=350%2C200&ssl=1 1x, https:\/\/i0.wp.com\/www.grieta.org.mx\/wp-content\/uploads\/2020\/08\/Desaparecidos.jpeg?resize=525%2C300&ssl=1 1.5x, https:\/\/i0.wp.com\/www.grieta.org.mx\/wp-content\/uploads\/2020\/08\/Desaparecidos.jpeg?resize=700%2C400&ssl=1 2x"},"classes":[]},{"id":65039,"url":"https:\/\/www.grieta.org.mx\/index.php\/2022\/08\/30\/colectivos-ponen-memorial-frente-a-la-casa-de-gobierno-de-nayarit-exigen-a-autoridades-continuar-con-la-busqueda\/","url_meta":{"origin":62698,"position":3},"title":"Colectivos ponen memorial frente a la Casa de Gobierno de Nayarit, exigen a autoridades continuar con la b\u00fasqueda","author":"grieta","date":"30 agosto, 2022","format":false,"excerpt":"Imagen: Especial Karina Cancino \/ El Heraldo Buscadores del\u00a0Colectivo Familias Unidas por Nayarit\u00a0(COFAUNAY) conmemoraron el\u00a0D\u00eda Internacional de V\u00edctimas de Desaparici\u00f3n Forzada, instalando un memorial frente a Casa de Gobierno del estado, en la Plaza Benito Ju\u00e1rez, donde hicieron un llamado a las autoridades para continuar con las b\u00fasquedas, as\u00ed como\u00a0garantizar\u2026","rel":"","context":"En &quot;CINTILLO&quot;","block_context":{"text":"CINTILLO","link":"https:\/\/www.grieta.org.mx\/index.php\/category\/cintillo\/"},"img":{"alt_text":"","src":"https:\/\/i0.wp.com\/www.grieta.org.mx\/wp-content\/uploads\/2022\/09\/f960x540-567818_641893_0.jpg?resize=350%2C200&ssl=1","width":350,"height":200,"srcset":"https:\/\/i0.wp.com\/www.grieta.org.mx\/wp-content\/uploads\/2022\/09\/f960x540-567818_641893_0.jpg?resize=350%2C200&ssl=1 1x, https:\/\/i0.wp.com\/www.grieta.org.mx\/wp-content\/uploads\/2022\/09\/f960x540-567818_641893_0.jpg?resize=525%2C300&ssl=1 1.5x, https:\/\/i0.wp.com\/www.grieta.org.mx\/wp-content\/uploads\/2022\/09\/f960x540-567818_641893_0.jpg?resize=700%2C400&ssl=1 2x"},"classes":[]},{"id":67676,"url":"https:\/\/www.grieta.org.mx\/index.php\/2023\/08\/30\/nayarit-colectivo-de-familias-de-desaparecidos-reclaman-la-falta-de-operativos-de-busquedas\/","url_meta":{"origin":62698,"position":4},"title":"Nayarit: Colectivo de familias de desaparecidos reclaman la falta de operativos de b\u00fasquedas","author":"grieta","date":"30 agosto, 2023","format":false,"excerpt":"imagen: El Occidental Crys Benitez \/ El Occidental Tepic, Nayarit (OEM- Informex).- En el marco del\u00a0\"D\u00eda Internacional de las V\u00edctimas de Desapariciones Forzadas\", el cual se instituy\u00f3 el 21 de diciembre de 2010 por la Asamblea General de Naciones Unidas, los integrantes de la asociaci\u00f3n denominada, \"B\u00fasqueda de Desaparecidos Nayarit\",\u2026","rel":"","context":"En &quot;CINTILLO&quot;","block_context":{"text":"CINTILLO","link":"https:\/\/www.grieta.org.mx\/index.php\/category\/cintillo\/"},"img":{"alt_text":"","src":"https:\/\/i0.wp.com\/www.grieta.org.mx\/wp-content\/uploads\/2023\/09\/Colectivo-de-busqueda-de-personas-desaparecidas-en-Nayarit.jpg?resize=350%2C200&ssl=1","width":350,"height":200,"srcset":"https:\/\/i0.wp.com\/www.grieta.org.mx\/wp-content\/uploads\/2023\/09\/Colectivo-de-busqueda-de-personas-desaparecidas-en-Nayarit.jpg?resize=350%2C200&ssl=1 1x, https:\/\/i0.wp.com\/www.grieta.org.mx\/wp-content\/uploads\/2023\/09\/Colectivo-de-busqueda-de-personas-desaparecidas-en-Nayarit.jpg?resize=525%2C300&ssl=1 1.5x, https:\/\/i0.wp.com\/www.grieta.org.mx\/wp-content\/uploads\/2023\/09\/Colectivo-de-busqueda-de-personas-desaparecidas-en-Nayarit.jpg?resize=700%2C400&ssl=1 2x"},"classes":[]},{"id":67747,"url":"https:\/\/www.grieta.org.mx\/index.php\/2023\/09\/14\/nayarit-colectivos-de-familiares-de-desaparecidos-temen-represalias-tras-liberacion-de-fiscal\/","url_meta":{"origin":62698,"position":5},"title":"Nayarit: Colectivos de familiares de desaparecidos temen represalias tras liberaci\u00f3n de fiscal","author":"grieta","date":"14 septiembre, 2023","format":false,"excerpt":"Imagen: Crys Ben\u00edtez Crys Ben\u00edtez \/ El Occidental TEPIC, Nayarit (OEM-Informex).- A ra\u00edz de que el juez de control ordenara la liberaci\u00f3n de la fiscal de Desaparecidos de la Fiscal\u00eda General del Estado, quien fue detenida el pasado jueves en las instalaciones de la dependencia,\u00a0los colectivos temen represalias\u00a0en su contra.\u2026","rel":"","context":"En &quot;CINTILLO&quot;","block_context":{"text":"CINTILLO","link":"https:\/\/www.grieta.org.mx\/index.php\/category\/cintillo\/"},"img":{"alt_text":"","src":"https:\/\/i0.wp.com\/www.grieta.org.mx\/wp-content\/uploads\/2023\/09\/Foto.-Por-Crys-Benitez.jpeg?resize=350%2C200&ssl=1","width":350,"height":200,"srcset":"https:\/\/i0.wp.com\/www.grieta.org.mx\/wp-content\/uploads\/2023\/09\/Foto.-Por-Crys-Benitez.jpeg?resize=350%2C200&ssl=1 1x, https:\/\/i0.wp.com\/www.grieta.org.mx\/wp-content\/uploads\/2023\/09\/Foto.-Por-Crys-Benitez.jpeg?resize=525%2C300&ssl=1 1.5x, https:\/\/i0.wp.com\/www.grieta.org.mx\/wp-content\/uploads\/2023\/09\/Foto.-Por-Crys-Benitez.jpeg?resize=700%2C400&ssl=1 2x"},"classes":[]}],"_links":{"self":[{"href":"https:\/\/www.grieta.org.mx\/index.php\/wp-json\/wp\/v2\/posts\/62698","targetHints":{"allow":["GET"]}}],"collection":[{"href":"https:\/\/www.grieta.org.mx\/index.php\/wp-json\/wp\/v2\/posts"}],"about":[{"href":"https:\/\/www.grieta.org.mx\/index.php\/wp-json\/wp\/v2\/types\/post"}],"author":[{"embeddable":true,"href":"https:\/\/www.grieta.org.mx\/index.php\/wp-json\/wp\/v2\/users\/2"}],"replies":[{"embeddable":true,"href":"https:\/\/www.grieta.org.mx\/index.php\/wp-json\/wp\/v2\/comments?post=62698"}],"version-history":[{"count":1,"href":"https:\/\/www.grieta.org.mx\/index.php\/wp-json\/wp\/v2\/posts\/62698\/revisions"}],"predecessor-version":[{"id":62700,"href":"https:\/\/www.grieta.org.mx\/index.php\/wp-json\/wp\/v2\/posts\/62698\/revisions\/62700"}],"wp:featuredmedia":[{"embeddable":true,"href":"https:\/\/www.grieta.org.mx\/index.php\/wp-json\/wp\/v2\/media\/62699"}],"wp:attachment":[{"href":"https:\/\/www.grieta.org.mx\/index.php\/wp-json\/wp\/v2\/media?parent=62698"}],"wp:term":[{"taxonomy":"category","embeddable":true,"href":"https:\/\/www.grieta.org.mx\/index.php\/wp-json\/wp\/v2\/categories?post=62698"},{"taxonomy":"post_tag","embeddable":true,"href":"https:\/\/www.grieta.org.mx\/index.php\/wp-json\/wp\/v2\/tags?post=62698"}],"curies":[{"name":"wp","href":"https:\/\/api.w.org\/{rel}","templated":true}]}}