{"id":62662,"date":"2021-11-09T18:04:54","date_gmt":"2021-11-10T00:04:54","guid":{"rendered":"http:\/\/www.grieta.org.mx\/?p=62662"},"modified":"2021-11-13T01:11:38","modified_gmt":"2021-11-13T07:11:38","slug":"violencia-feminicida-que-en-oaxaca-no-puede-detenerse-suman-79-mujeres-asesinadas-en-2021-gesmujer","status":"publish","type":"post","link":"https:\/\/www.grieta.org.mx\/index.php\/2021\/11\/09\/violencia-feminicida-que-en-oaxaca-no-puede-detenerse-suman-79-mujeres-asesinadas-en-2021-gesmujer\/","title":{"rendered":"Violencia feminicida que en Oaxaca no puede detenerse; suman 79 mujeres asesinadas en 2021: GESMujer"},"content":{"rendered":"<p>P\u00e1gina 3 \/ Pedro Mat\u00edas.<\/p>\n<p>Historias de dolor que forman parte de un recuento de violencia feminicida que en Oaxaca no puede detenerse y que suman 79 mujeres asesinadas en 2021.<\/p>\n<p><img loading=\"lazy\" decoding=\"async\" data-attachment-id=\"62663\" data-permalink=\"https:\/\/www.grieta.org.mx\/index.php\/2021\/11\/09\/violencia-feminicida-que-en-oaxaca-no-puede-detenerse-suman-79-mujeres-asesinadas-en-2021-gesmujer\/13-13\/\" data-orig-file=\"https:\/\/www.grieta.org.mx\/wp-content\/uploads\/2021\/11\/13.jpg\" data-orig-size=\"595,337\" data-comments-opened=\"0\" data-image-meta=\"{&quot;aperture&quot;:&quot;0&quot;,&quot;credit&quot;:&quot;&quot;,&quot;camera&quot;:&quot;&quot;,&quot;caption&quot;:&quot;&quot;,&quot;created_timestamp&quot;:&quot;0&quot;,&quot;copyright&quot;:&quot;&quot;,&quot;focal_length&quot;:&quot;0&quot;,&quot;iso&quot;:&quot;0&quot;,&quot;shutter_speed&quot;:&quot;0&quot;,&quot;title&quot;:&quot;&quot;,&quot;orientation&quot;:&quot;0&quot;}\" data-image-title=\"13\" data-image-description=\"\" data-image-caption=\"\" data-medium-file=\"https:\/\/www.grieta.org.mx\/wp-content\/uploads\/2021\/11\/13-300x170.jpg\" data-large-file=\"https:\/\/www.grieta.org.mx\/wp-content\/uploads\/2021\/11\/13.jpg\" class=\"alignnone wp-image-62663\" src=\"http:\/\/www.grieta.org.mx\/wp-content\/uploads\/2021\/11\/13.jpg\" alt=\"\" width=\"800\" height=\"453\" srcset=\"https:\/\/www.grieta.org.mx\/wp-content\/uploads\/2021\/11\/13.jpg 595w, https:\/\/www.grieta.org.mx\/wp-content\/uploads\/2021\/11\/13-300x170.jpg 300w\" sizes=\"auto, (max-width: 800px) 100vw, 800px\" \/><\/p>\n<p>Oaxaca, Oax.- A plena luz del d\u00eda fue ejecutada una mujer, otra fue asesinada con arma de fuego frente a los ojos de su hijo y una m\u00e1s fue degollada para simular un suicidio.<\/p>\n<p>Estas son las historias de dolor m\u00e1s recientes y que forman parte de un recuento de violencia feminicida que en Oaxaca no puede detenerse y que suman 79 mujeres asesinadas hasta este martes nueve de noviembre de 2021.<\/p>\n<p>El caso m\u00e1s reciente ocurri\u00f3 este martes cuando Guadalupe M. C., de 46 a\u00f1os de edad, fue ejecutada alrededor de las 11:30 horas a un costado de la carretera federal 200 casi frente a la gasolinera G500 que se localiza en la colonia aviaci\u00f3n, de Jamiltepec, en la regi\u00f3n de la costa de Oaxaca.<\/p>\n<p>De acuerdo con el seguimiento de violencia feminicida que realiza el Grupo de Estudios sobre la Mujer \u201cRosario Castellanos\u201d (GESMujer), en los casi cinco a\u00f1os de gobierno del priista Alejandro Murat Hinojosa suman 574 mujeres asesinadas.<\/p>\n<p>Violencia feminicida en Oaxaca no se detiene; van 79 feminicidios en 2021<\/p>\n<p>Detall\u00f3 que, de 79 mujeres asesinadas de manera violenta en este a\u00f1o, 20 oscilaban entre los 30 y los 44 a\u00f1os, quienes dejaron hijas o hijos en la orfandad.<\/p>\n<p>Aclar\u00f3 que \u201caunque la cifra es inexacta porque carecemos de una instancia oficial que se encargue de dar seguimiento y mucho menos de proporcionarles ayuda econ\u00f3mica para tratar de compensar y atender lo que detona la ausencia de una jefa de familia\u201d.<\/p>\n<p>Reconoci\u00f3 que en el GESMujer tampoco ha sido posible acercarse a una cifra de hu\u00e9rfanos y hu\u00e9rfanas de la violencia feminicida porque se basan en las notas period\u00edsticas y dependen de los datos que ah\u00ed se asientan.<\/p>\n<p>Hicieron un llamado a las autoridades encargadas de prevenir nuevos feminicidios, pero tambi\u00e9n a las que est\u00e1n encargadas de investigarlos y sancionarlos, a que \u201cdejemos de mirar el problema como una guerra de cifras y tratemos de atender toda la estela de dolor que la ausencia de cada una de las 79 ni\u00f1as, adolescentes y mujeres asesinadas en este 2021 dejan en su familia, pero tambi\u00e9n el impacto que ello tiene en la sociedad\u201d.<\/p>\n<p>Consideran que mientras de manera oficial el tema se siga tratando como un hecho aislado, con temor a reconocer el alto n\u00famero de feminicidios y tratando de justificar que son menos, las mujeres seguir\u00e1n siendo asesinadas porque el \u00fanico mensaje claro que existe es que su vida no importa.<\/p>\n<p>Finalmente, destacaron que \u201cla impunidad es un grave problema, pues a todas las violencias que sufren las ni\u00f1as y las mujeres, se suma una violencia institucional que por acciones o por omisiones, es responsable de que la violencia feminicida se mantenga en nuestro estado\u201d.<\/p>\n<p><a href=\"https:\/\/pagina3.mx\/2021\/11\/violencia-feminicida-que-en-oaxaca-no-puede-detenerse\/\" target=\"_blank\" rel=\"noopener\">https:\/\/pagina3.mx\/2021\/11\/violencia-feminicida-que-en-oaxaca-no-puede-detenerse\/<\/a><\/p>\n","protected":false},"excerpt":{"rendered":"<p>P\u00e1gina 3 \/ Pedro Mat\u00edas. Historias de dolor que forman parte de un recuento de violencia feminicida que en Oaxaca no puede detenerse y que suman 79 mujeres asesinadas en &hellip; <a href=\"https:\/\/www.grieta.org.mx\/index.php\/2021\/11\/09\/violencia-feminicida-que-en-oaxaca-no-puede-detenerse-suman-79-mujeres-asesinadas-en-2021-gesmujer\/\" class=\"more-link\">Leer m\u00e1s<\/a><\/p>\n","protected":false},"author":2,"featured_media":62663,"comment_status":"closed","ping_status":"closed","sticky":false,"template":"","format":"standard","meta":{"ngg_post_thumbnail":0,"_jetpack_newsletter_access":"","_jetpack_dont_email_post_to_subs":false,"_jetpack_newsletter_tier_id":0,"_jetpack_memberships_contains_paywalled_content":false,"_jetpack_memberships_contains_paid_content":false,"footnotes":""},"categories":[80,1325,3163,2,25,1665],"tags":[],"class_list":["post-62662","post","type-post","status-publish","format-standard","has-post-thumbnail","hentry","category-cintillo","category-feminicidios-en-oaxaca-oaxaca","category-la-lucha-de-las-mujeres-en-oaxaca","category-noticias-nacionales","category-oaxaca","category-violencia-contra-las-mujeres-en-oaxaca","entry"],"jetpack_featured_media_url":"https:\/\/www.grieta.org.mx\/wp-content\/uploads\/2021\/11\/13.jpg","jetpack_sharing_enabled":true,"jetpack_shortlink":"https:\/\/wp.me\/p7ZJR4-giG","jetpack_likes_enabled":false,"jetpack-related-posts":[{"id":32358,"url":"https:\/\/www.grieta.org.mx\/index.php\/2019\/04\/19\/recrudece-violencia-feminicida-en-oaxaca\/","url_meta":{"origin":62662,"position":0},"title":"Recrudece violencia feminicida en Oaxaca","author":"grieta","date":"19 abril, 2019","format":false,"excerpt":"Noticias. Citlalli Luciana, Protesta por la violencia contra las mujeres, que en Oaxaca toman ya rango de feminicidios. El secuestro de una mujer en su casa y posterior asesinato, muestra el recrudecimiento de la violencia feminicida en la entidad a pesar de la Alerta de Violencia de G\u00e9nero (AVG) establecida\u2026","rel":"","context":"En &quot;CINTILLO&quot;","block_context":{"text":"CINTILLO","link":"https:\/\/www.grieta.org.mx\/index.php\/category\/cintillo\/"},"img":{"alt_text":"","src":"https:\/\/i0.wp.com\/www.grieta.org.mx\/wp-content\/uploads\/2019\/04\/image_16_426.jpg?resize=350%2C200&ssl=1","width":350,"height":200,"srcset":"https:\/\/i0.wp.com\/www.grieta.org.mx\/wp-content\/uploads\/2019\/04\/image_16_426.jpg?resize=350%2C200&ssl=1 1x, https:\/\/i0.wp.com\/www.grieta.org.mx\/wp-content\/uploads\/2019\/04\/image_16_426.jpg?resize=525%2C300&ssl=1 1.5x, https:\/\/i0.wp.com\/www.grieta.org.mx\/wp-content\/uploads\/2019\/04\/image_16_426.jpg?resize=700%2C400&ssl=1 2x, https:\/\/i0.wp.com\/www.grieta.org.mx\/wp-content\/uploads\/2019\/04\/image_16_426.jpg?resize=1050%2C600&ssl=1 3x"},"classes":[]},{"id":38858,"url":"https:\/\/www.grieta.org.mx\/index.php\/2019\/09\/02\/no-cesa-la-violencia-feminicida-ahora-aparece-mujer-degollada-en-pinotepa-oaxaca\/","url_meta":{"origin":62662,"position":1},"title":"No cesa la violencia feminicida, ahora aparece mujer degollada en Pinotepa (Oaxaca)","author":"grieta","date":"2 septiembre, 2019","format":false,"excerpt":"Pedro Mat\u00edas \/ P\u00e1gina 3. Oaxaca.- Una mujer fue degollada de la comunidad de Motillas, perteneciente a Pinotepa Nacional, en la regi\u00f3n de la Costa; con lo que suman 127 mujeres y ni\u00f1as que han sido asesinadas de manera violenta, desde la Declaraci\u00f3n de la Alerta por Violencia de G\u00e9nero\u2026","rel":"","context":"En &quot;CINTILLO&quot;","block_context":{"text":"CINTILLO","link":"https:\/\/www.grieta.org.mx\/index.php\/category\/cintillo\/"},"img":{"alt_text":"","src":"https:\/\/i0.wp.com\/www.grieta.org.mx\/wp-content\/uploads\/2018\/03\/14524434_1106112876131411_958039263622046936_o.jpg?resize=350%2C200&ssl=1","width":350,"height":200,"srcset":"https:\/\/i0.wp.com\/www.grieta.org.mx\/wp-content\/uploads\/2018\/03\/14524434_1106112876131411_958039263622046936_o.jpg?resize=350%2C200&ssl=1 1x, https:\/\/i0.wp.com\/www.grieta.org.mx\/wp-content\/uploads\/2018\/03\/14524434_1106112876131411_958039263622046936_o.jpg?resize=525%2C300&ssl=1 1.5x, https:\/\/i0.wp.com\/www.grieta.org.mx\/wp-content\/uploads\/2018\/03\/14524434_1106112876131411_958039263622046936_o.jpg?resize=700%2C400&ssl=1 2x"},"classes":[]},{"id":51988,"url":"https:\/\/www.grieta.org.mx\/index.php\/2020\/07\/21\/234-mujeres-asesinadas-en-oaxaca-a-dos-anos-de-la-alerta-de-violencia-de-genero\/","url_meta":{"origin":62662,"position":2},"title":"234 mujeres asesinadas en Oaxaca, a dos a\u00f1os de la Alerta de Violencia de G\u00e9nero","author":"grieta","date":"21 julio, 2020","format":false,"excerpt":"Noticias \/ Citlalli Luciana. *AVGM fue emitida en 40 municipios de Oaxaca A casi dos a\u00f1os de que se emitiera la Alerta de Violencia de G\u00e9nero contra las Mujeres en 40 municipios de Oaxaca, los \u00edndices de violencia feminicida evidencian la falta de impacto para salvaguardar su vida. En ese\u2026","rel":"","context":"En &quot;CINTILLO&quot;","block_context":{"text":"CINTILLO","link":"https:\/\/www.grieta.org.mx\/index.php\/category\/cintillo\/"},"img":{"alt_text":"","src":"https:\/\/i0.wp.com\/www.grieta.org.mx\/wp-content\/uploads\/2018\/03\/14524434_1106112876131411_958039263622046936_o.jpg?resize=350%2C200&ssl=1","width":350,"height":200,"srcset":"https:\/\/i0.wp.com\/www.grieta.org.mx\/wp-content\/uploads\/2018\/03\/14524434_1106112876131411_958039263622046936_o.jpg?resize=350%2C200&ssl=1 1x, https:\/\/i0.wp.com\/www.grieta.org.mx\/wp-content\/uploads\/2018\/03\/14524434_1106112876131411_958039263622046936_o.jpg?resize=525%2C300&ssl=1 1.5x, https:\/\/i0.wp.com\/www.grieta.org.mx\/wp-content\/uploads\/2018\/03\/14524434_1106112876131411_958039263622046936_o.jpg?resize=700%2C400&ssl=1 2x"},"classes":[]},{"id":68537,"url":"https:\/\/www.grieta.org.mx\/index.php\/2024\/02\/22\/ejecutan-a-norma-maribel-en-miahuatlan-suman-17-asesinatos-de-mujeres-en-oaxaca-en-2024\/","url_meta":{"origin":62662,"position":3},"title":"Ejecutan a Norma Maribel en Miahuatl\u00e1n; suman 17 asesinatos de mujeres en Oaxaca en 2024","author":"grieta","date":"22 febrero, 2024","format":false,"excerpt":"Imagen: P\u00e1gina 3 Pedro Mat\u00edas \/ P\u00e1gina OAXACA, Oax. (pagina3.mx).- Norma Maribel es la mujer que fue ejecutada este jueves en el municipio Miahuatl\u00e1n de Porfirio D\u00edaz, en la Sierra Sur. Con ella suman 17 mujeres asesinadas en Oaxaca en lo que va del a\u00f1o. Seg\u00fan el Informe del Grupo\u2026","rel":"","context":"En &quot;CINTILLO&quot;","block_context":{"text":"CINTILLO","link":"https:\/\/www.grieta.org.mx\/index.php\/category\/cintillo\/"},"img":{"alt_text":"","src":"https:\/\/i0.wp.com\/www.grieta.org.mx\/wp-content\/uploads\/2024\/02\/feminicidios.webp?resize=350%2C200&ssl=1","width":350,"height":200,"srcset":"https:\/\/i0.wp.com\/www.grieta.org.mx\/wp-content\/uploads\/2024\/02\/feminicidios.webp?resize=350%2C200&ssl=1 1x, https:\/\/i0.wp.com\/www.grieta.org.mx\/wp-content\/uploads\/2024\/02\/feminicidios.webp?resize=525%2C300&ssl=1 1.5x"},"classes":[]},{"id":52987,"url":"https:\/\/www.grieta.org.mx\/index.php\/2020\/08\/31\/gesmujer-perfila-al-gobierno-de-murat-como-el-de-mayor-violencia-feminicida-oaxaca\/","url_meta":{"origin":62662,"position":4},"title":"GESMujer perfila al gobierno de Murat como el de mayor violencia feminicida (Oaxaca)","author":"grieta","date":"31 agosto, 2020","format":false,"excerpt":"Proceso \/ Pedro Mat\u00edas. Alertan por feminicidios en Oaxaca. Foto: Twitter @GES_Mujer OAXACA, Oax. (apro).- El gobierno de Alejandro Murat Hinojosa se perfila como el de mayor violencia feminicida en la historia reciente de Oaxaca, con 458 casos de mujeres asesinadas, afirm\u00f3 el Grupo de Estudios sobre la Mujer \u201cRosario\u2026","rel":"","context":"En &quot;CINTILLO&quot;","block_context":{"text":"CINTILLO","link":"https:\/\/www.grieta.org.mx\/index.php\/category\/cintillo\/"},"img":{"alt_text":"","src":"https:\/\/i0.wp.com\/www.grieta.org.mx\/wp-content\/uploads\/2020\/09\/ges-1.jpg?resize=350%2C200&ssl=1","width":350,"height":200,"srcset":"https:\/\/i0.wp.com\/www.grieta.org.mx\/wp-content\/uploads\/2020\/09\/ges-1.jpg?resize=350%2C200&ssl=1 1x, https:\/\/i0.wp.com\/www.grieta.org.mx\/wp-content\/uploads\/2020\/09\/ges-1.jpg?resize=525%2C300&ssl=1 1.5x, https:\/\/i0.wp.com\/www.grieta.org.mx\/wp-content\/uploads\/2020\/09\/ges-1.jpg?resize=700%2C400&ssl=1 2x, https:\/\/i0.wp.com\/www.grieta.org.mx\/wp-content\/uploads\/2020\/09\/ges-1.jpg?resize=1050%2C600&ssl=1 3x"},"classes":[]},{"id":41525,"url":"https:\/\/www.grieta.org.mx\/index.php\/2019\/11\/22\/matan-a-dos-mujeres-en-la-costa-suman-124-muertes-violentas-de-mujeres-en-oaxaca-en-lo-que-va-del-ano\/","url_meta":{"origin":62662,"position":5},"title":"Matan a dos mujeres en la Costa; suman 124 muertes violentas de mujeres en Oaxaca en lo que va del a\u00f1o","author":"grieta","date":"22 noviembre, 2019","format":false,"excerpt":"P\u00e1gina 3 \/ Pedro Mat\u00edas. Oaxaca, Oax.- Matan a dos mujeres en una fiesta patronal en el municipio de Santo Domingo Armenta, en la regi\u00f3n de la Costa de Oaxaca, con lo que suman 124 muertes violentas de mujeres en lo que va del a\u00f1o. Los hechos donde fueron asesinadas\u2026","rel":"","context":"En &quot;CINTILLO&quot;","block_context":{"text":"CINTILLO","link":"https:\/\/www.grieta.org.mx\/index.php\/category\/cintillo\/"},"img":{"alt_text":"","src":"https:\/\/i0.wp.com\/www.grieta.org.mx\/wp-content\/uploads\/2018\/03\/14524434_1106112876131411_958039263622046936_o.jpg?resize=350%2C200&ssl=1","width":350,"height":200,"srcset":"https:\/\/i0.wp.com\/www.grieta.org.mx\/wp-content\/uploads\/2018\/03\/14524434_1106112876131411_958039263622046936_o.jpg?resize=350%2C200&ssl=1 1x, https:\/\/i0.wp.com\/www.grieta.org.mx\/wp-content\/uploads\/2018\/03\/14524434_1106112876131411_958039263622046936_o.jpg?resize=525%2C300&ssl=1 1.5x, https:\/\/i0.wp.com\/www.grieta.org.mx\/wp-content\/uploads\/2018\/03\/14524434_1106112876131411_958039263622046936_o.jpg?resize=700%2C400&ssl=1 2x"},"classes":[]}],"_links":{"self":[{"href":"https:\/\/www.grieta.org.mx\/index.php\/wp-json\/wp\/v2\/posts\/62662","targetHints":{"allow":["GET"]}}],"collection":[{"href":"https:\/\/www.grieta.org.mx\/index.php\/wp-json\/wp\/v2\/posts"}],"about":[{"href":"https:\/\/www.grieta.org.mx\/index.php\/wp-json\/wp\/v2\/types\/post"}],"author":[{"embeddable":true,"href":"https:\/\/www.grieta.org.mx\/index.php\/wp-json\/wp\/v2\/users\/2"}],"replies":[{"embeddable":true,"href":"https:\/\/www.grieta.org.mx\/index.php\/wp-json\/wp\/v2\/comments?post=62662"}],"version-history":[{"count":1,"href":"https:\/\/www.grieta.org.mx\/index.php\/wp-json\/wp\/v2\/posts\/62662\/revisions"}],"predecessor-version":[{"id":62664,"href":"https:\/\/www.grieta.org.mx\/index.php\/wp-json\/wp\/v2\/posts\/62662\/revisions\/62664"}],"wp:featuredmedia":[{"embeddable":true,"href":"https:\/\/www.grieta.org.mx\/index.php\/wp-json\/wp\/v2\/media\/62663"}],"wp:attachment":[{"href":"https:\/\/www.grieta.org.mx\/index.php\/wp-json\/wp\/v2\/media?parent=62662"}],"wp:term":[{"taxonomy":"category","embeddable":true,"href":"https:\/\/www.grieta.org.mx\/index.php\/wp-json\/wp\/v2\/categories?post=62662"},{"taxonomy":"post_tag","embeddable":true,"href":"https:\/\/www.grieta.org.mx\/index.php\/wp-json\/wp\/v2\/tags?post=62662"}],"curies":[{"name":"wp","href":"https:\/\/api.w.org\/{rel}","templated":true}]}}