{"id":62647,"date":"2021-10-27T19:17:20","date_gmt":"2021-10-28T00:17:20","guid":{"rendered":"http:\/\/www.grieta.org.mx\/?p=62647"},"modified":"2021-11-13T00:30:23","modified_gmt":"2021-11-13T06:30:23","slug":"buscan-a-nueve-personas-desaparecidas-en-atatlahuca-cedhapi-oaxaca","status":"publish","type":"post","link":"https:\/\/www.grieta.org.mx\/index.php\/2021\/10\/27\/buscan-a-nueve-personas-desaparecidas-en-atatlahuca-cedhapi-oaxaca\/","title":{"rendered":"Buscan a nueve personas desaparecidas en Atatlahuca: Cedhapi (Oaxaca)"},"content":{"rendered":"<p>Noticias \/ Lesli Aguilar \/ Corresponsal.<\/p>\n<p><img loading=\"lazy\" decoding=\"async\" data-attachment-id=\"62648\" data-permalink=\"https:\/\/www.grieta.org.mx\/index.php\/2021\/10\/27\/buscan-a-nueve-personas-desaparecidas-en-atatlahuca-cedhapi-oaxaca\/1-198\/\" data-orig-file=\"https:\/\/www.grieta.org.mx\/wp-content\/uploads\/2021\/11\/1-1.jpg\" data-orig-size=\"900,560\" data-comments-opened=\"0\" data-image-meta=\"{&quot;aperture&quot;:&quot;0&quot;,&quot;credit&quot;:&quot;&quot;,&quot;camera&quot;:&quot;&quot;,&quot;caption&quot;:&quot;&quot;,&quot;created_timestamp&quot;:&quot;0&quot;,&quot;copyright&quot;:&quot;&quot;,&quot;focal_length&quot;:&quot;0&quot;,&quot;iso&quot;:&quot;0&quot;,&quot;shutter_speed&quot;:&quot;0&quot;,&quot;title&quot;:&quot;&quot;,&quot;orientation&quot;:&quot;0&quot;}\" data-image-title=\"1\" data-image-description=\"\" data-image-caption=\"\" data-medium-file=\"https:\/\/www.grieta.org.mx\/wp-content\/uploads\/2021\/11\/1-1-300x187.jpg\" data-large-file=\"https:\/\/www.grieta.org.mx\/wp-content\/uploads\/2021\/11\/1-1.jpg\" class=\"alignnone wp-image-62648\" src=\"http:\/\/www.grieta.org.mx\/wp-content\/uploads\/2021\/11\/1-1.jpg\" alt=\"\" width=\"800\" height=\"498\" srcset=\"https:\/\/www.grieta.org.mx\/wp-content\/uploads\/2021\/11\/1-1.jpg 900w, https:\/\/www.grieta.org.mx\/wp-content\/uploads\/2021\/11\/1-1-300x187.jpg 300w, https:\/\/www.grieta.org.mx\/wp-content\/uploads\/2021\/11\/1-1-768x478.jpg 768w\" sizes=\"auto, (max-width: 800px) 100vw, 800px\" \/><br \/>\nOtros habitantes m\u00e1s permanecen en el albergue del INPI, en San Esteban Atatlahuca.<\/p>\n<p>HUAJUAPAN DE LE\u00d3N, Oaxaca.- El presidente del Centro de Derechos Humanos y Asesor\u00eda a Pueblos Ind\u00edgenas (Cedhapi), Maurilio Santiago Reyes, inform\u00f3 que buscan a nueve personas que est\u00e1n en calidad de desaparecidas y que hasta la fecha no han sido localizadas; sin embargo, confirm\u00f3 el hallazgo del cuerpo sin vida de un hombre de 49 a\u00f1os de edad, originario de Mier y Ter\u00e1n \u2014agencia de San Esteban Atatlahuca-.<\/p>\n<p><img loading=\"lazy\" decoding=\"async\" data-attachment-id=\"62649\" data-permalink=\"https:\/\/www.grieta.org.mx\/index.php\/2021\/10\/27\/buscan-a-nueve-personas-desaparecidas-en-atatlahuca-cedhapi-oaxaca\/2-109\/\" data-orig-file=\"https:\/\/www.grieta.org.mx\/wp-content\/uploads\/2021\/11\/2-1.jpg\" data-orig-size=\"900,560\" data-comments-opened=\"0\" data-image-meta=\"{&quot;aperture&quot;:&quot;0&quot;,&quot;credit&quot;:&quot;&quot;,&quot;camera&quot;:&quot;&quot;,&quot;caption&quot;:&quot;&quot;,&quot;created_timestamp&quot;:&quot;0&quot;,&quot;copyright&quot;:&quot;&quot;,&quot;focal_length&quot;:&quot;0&quot;,&quot;iso&quot;:&quot;0&quot;,&quot;shutter_speed&quot;:&quot;0&quot;,&quot;title&quot;:&quot;&quot;,&quot;orientation&quot;:&quot;0&quot;}\" data-image-title=\"2\" data-image-description=\"\" data-image-caption=\"\" data-medium-file=\"https:\/\/www.grieta.org.mx\/wp-content\/uploads\/2021\/11\/2-1-300x187.jpg\" data-large-file=\"https:\/\/www.grieta.org.mx\/wp-content\/uploads\/2021\/11\/2-1.jpg\" class=\"alignnone wp-image-62649\" src=\"http:\/\/www.grieta.org.mx\/wp-content\/uploads\/2021\/11\/2-1.jpg\" alt=\"\" width=\"800\" height=\"498\" srcset=\"https:\/\/www.grieta.org.mx\/wp-content\/uploads\/2021\/11\/2-1.jpg 900w, https:\/\/www.grieta.org.mx\/wp-content\/uploads\/2021\/11\/2-1-300x187.jpg 300w, https:\/\/www.grieta.org.mx\/wp-content\/uploads\/2021\/11\/2-1-768x478.jpg 768w\" sizes=\"auto, (max-width: 800px) 100vw, 800px\" \/><br \/>\nLos desplazados a\u00fan permanecen en un albergue en Tlaxiaco.<\/p>\n<p>Santiago Reyes dijo que los d\u00edas 21, 22 y 23 de octubre ocurri\u00f3 un ataque armado en las comunidades de Guerrero Grande, Mier y Ter\u00e1n y Ndoyonoyuxi, donde fueron quemadas m\u00e1s de 100 casas y cinco personas perdieron la vida.<\/p>\n<p>Indic\u00f3 que este martes fue localizado el cad\u00e1ver de Isidoro Hern\u00e1ndez, de 49 a\u00f1os de edad, en el paraje Shinito&#8217;o perteneciente a Mier y Ter\u00e1n, el cual presentaba disparos de arma de fuego y signos de tortura.<\/p>\n<p>Refiri\u00f3 que fue personal de la Fiscal\u00eda de Tlaxiaco el que realiz\u00f3 el levantamiento del cad\u00e1ver, mismo que fue entregado a sus familiares el martes y este mi\u00e9rcoles ser\u00e1 sepultado en la comunidad de Mier y Ter\u00e1n.<\/p>\n<p>Detall\u00f3 que a\u00fan falta por ubicar a Feliciano Bautista Sandoval, Austreberto Barrios Hern\u00e1ndez, Raymundo L\u00f3pez Sandoval, Felipe Reyes Velasco, Dominga Garc\u00eda Ria\u00f1o, Donato Bautista Avenda\u00f1o, Martina Sandoval, Marcos Quiroz Ria\u00f1o y Mayolo Barrios, quienes est\u00e1n en calidad de desaparecidos.<\/p>\n<p>Recalc\u00f3 que la Secretar\u00eda de Seguridad P\u00fablica (SSP) no debe de emitir declaraciones respecto al caso de San Esteban Atatlahuca, ya que las investigaciones est\u00e1n a cargo de la Fiscal\u00eda de Oaxaca, por lo que es necesario que la Fiscal\u00eda General de la Rep\u00fablica (FGR) se haga cargo del caso y que no mal informe en este tema.<\/p>\n<p><img loading=\"lazy\" decoding=\"async\" data-attachment-id=\"62650\" data-permalink=\"https:\/\/www.grieta.org.mx\/index.php\/2021\/10\/27\/buscan-a-nueve-personas-desaparecidas-en-atatlahuca-cedhapi-oaxaca\/3-83\/\" data-orig-file=\"https:\/\/www.grieta.org.mx\/wp-content\/uploads\/2021\/11\/3-1.jpg\" data-orig-size=\"900,560\" data-comments-opened=\"0\" data-image-meta=\"{&quot;aperture&quot;:&quot;0&quot;,&quot;credit&quot;:&quot;&quot;,&quot;camera&quot;:&quot;&quot;,&quot;caption&quot;:&quot;&quot;,&quot;created_timestamp&quot;:&quot;0&quot;,&quot;copyright&quot;:&quot;&quot;,&quot;focal_length&quot;:&quot;0&quot;,&quot;iso&quot;:&quot;0&quot;,&quot;shutter_speed&quot;:&quot;0&quot;,&quot;title&quot;:&quot;&quot;,&quot;orientation&quot;:&quot;0&quot;}\" data-image-title=\"3\" data-image-description=\"\" data-image-caption=\"\" data-medium-file=\"https:\/\/www.grieta.org.mx\/wp-content\/uploads\/2021\/11\/3-1-300x187.jpg\" data-large-file=\"https:\/\/www.grieta.org.mx\/wp-content\/uploads\/2021\/11\/3-1.jpg\" class=\"alignnone wp-image-62650\" src=\"http:\/\/www.grieta.org.mx\/wp-content\/uploads\/2021\/11\/3-1.jpg\" alt=\"\" width=\"800\" height=\"498\" srcset=\"https:\/\/www.grieta.org.mx\/wp-content\/uploads\/2021\/11\/3-1.jpg 900w, https:\/\/www.grieta.org.mx\/wp-content\/uploads\/2021\/11\/3-1-300x187.jpg 300w, https:\/\/www.grieta.org.mx\/wp-content\/uploads\/2021\/11\/3-1-768x478.jpg 768w\" sizes=\"auto, (max-width: 800px) 100vw, 800px\" \/><br \/>\nEn el ataque armado fueron quemadas m\u00e1s de 100 viviendas, acusa Cedhapi.<\/p>\n<p>Asimismo, detall\u00f3 que los desplazados de Guerrero Grande contin\u00faan refugiados en un albergue en Tlaxiaco y otros m\u00e1s permanecen en el albergue del Instituto Nacional de Pueblos Ind\u00edgenas (INPI), en San Esteban Atatlahuca.<\/p>\n<p>3 d\u00edas ocurrieron los ataques armados<br \/>\n100 viviendas fueron incendiadas<br \/>\n5 personas fueron asesinadas<br \/>\n9 habitantes est\u00e1n desaparecidos<\/p>\n<p>Fuente: Cedhapi<\/p>\n<p><a href=\"https:\/\/www.nvinoticias.com\/oaxaca\/general\/buscan-nueve-personas-desaparecidas-en-atatlahuca-cedhapi\/120403\" target=\"_blank\" rel=\"noopener\">https:\/\/www.nvinoticias.com\/oaxaca\/general\/buscan-nueve-personas-desaparecidas-en-atatlahuca-cedhapi\/120403<\/a><\/p>\n","protected":false},"excerpt":{"rendered":"<p>Noticias \/ Lesli Aguilar \/ Corresponsal. Otros habitantes m\u00e1s permanecen en el albergue del INPI, en San Esteban Atatlahuca. HUAJUAPAN DE LE\u00d3N, Oaxaca.- El presidente del Centro de Derechos Humanos &hellip; <a href=\"https:\/\/www.grieta.org.mx\/index.php\/2021\/10\/27\/buscan-a-nueve-personas-desaparecidas-en-atatlahuca-cedhapi-oaxaca\/\" class=\"more-link\">Leer m\u00e1s<\/a><\/p>\n","protected":false},"author":2,"featured_media":62650,"comment_status":"closed","ping_status":"closed","sticky":false,"template":"","format":"standard","meta":{"ngg_post_thumbnail":0,"_jetpack_newsletter_access":"","_jetpack_dont_email_post_to_subs":false,"_jetpack_newsletter_tier_id":0,"_jetpack_memberships_contains_paywalled_content":false,"_jetpack_memberships_contains_paid_content":false,"footnotes":""},"categories":[80,1495,2832,2392,1605,1727,2,25,1496],"tags":[],"class_list":["post-62647","post","type-post","status-publish","format-standard","has-post-thumbnail","hentry","category-cintillo","category-conflictos-agrarios-en-oaxaca","category-desaparecidos-en-oaxaca","category-desplazados-por-violencia-en-oaxaca","category-despojo-de-tierras-en-oaxaca","category-destruccion-ambiental-en-oaxaca","category-noticias-nacionales","category-oaxaca","category-represion-en-oaxaca","entry"],"jetpack_featured_media_url":"https:\/\/www.grieta.org.mx\/wp-content\/uploads\/2021\/11\/3-1.jpg","jetpack_sharing_enabled":true,"jetpack_shortlink":"https:\/\/wp.me\/p7ZJR4-gir","jetpack_likes_enabled":false,"jetpack-related-posts":[{"id":62636,"url":"https:\/\/www.grieta.org.mx\/index.php\/2021\/11\/09\/territorios-ultimas-por-defender-nuestro-bosque-nos-quemaron-nuestras-casas-habitantes-de-atatlahuca-oaxaca\/","url_meta":{"origin":62647,"position":0},"title":"Territorios, \u00faltimas \u201cPor defender nuestro bosque nos quemaron nuestras casas\u201d: habitantes de Atatlahuca, Oaxaca","author":"grieta","date":"9 noviembre, 2021","format":false,"excerpt":"Pi\u00e9 de P\u00e1gina \/ Texto y fotos: Diana Manzo (IstmoPress)* Cuatro personas desaparecidas y 152 casas quemadas es el saldo del ataque que recibi\u00f3 la comunidad Guerrero Grande, en el municipio de Atatlahuaca, Oaxaca, por personas dedicadas a la tala ilegal. Las familias que defienden el bosque permanecen desplazadas. GUERRERO\u2026","rel":"","context":"En &quot;CINTILLO&quot;","block_context":{"text":"CINTILLO","link":"https:\/\/www.grieta.org.mx\/index.php\/category\/cintillo\/"},"img":{"alt_text":"","src":"https:\/\/i0.wp.com\/www.grieta.org.mx\/wp-content\/uploads\/2021\/11\/1.jpg?resize=350%2C200&ssl=1","width":350,"height":200,"srcset":"https:\/\/i0.wp.com\/www.grieta.org.mx\/wp-content\/uploads\/2021\/11\/1.jpg?resize=350%2C200&ssl=1 1x, https:\/\/i0.wp.com\/www.grieta.org.mx\/wp-content\/uploads\/2021\/11\/1.jpg?resize=525%2C300&ssl=1 1.5x, https:\/\/i0.wp.com\/www.grieta.org.mx\/wp-content\/uploads\/2021\/11\/1.jpg?resize=700%2C400&ssl=1 2x"},"classes":[]},{"id":62652,"url":"https:\/\/www.grieta.org.mx\/index.php\/2021\/11\/11\/desaparece-irma-galindo-barrios-defensora-mixteca-del-bosque-en-oaxaca-fiscalia-emite-alerta-rosa\/","url_meta":{"origin":62647,"position":1},"title":"Desaparece Irma Galindo Barrios, defensora mixteca del bosque en Oaxaca; Fiscal\u00eda emite alerta rosa","author":"grieta","date":"11 noviembre, 2021","format":false,"excerpt":"Redacci\u00f3n AN \/ Diana Manzo. La ambientalista de 41 a\u00f1os de edad fue vista por \u00faltima vez el pasado 27 de octubre en la comunidad de Mier y Ter\u00e1n en el municipio de Atatlahuca, en la Mixteca de Oaxaca. La defensora del Bosque \u00d1uu Savi (Mixteca), Irma Galindo Barrios est\u00e1\u2026","rel":"","context":"En &quot;CINTILLO&quot;","block_context":{"text":"CINTILLO","link":"https:\/\/www.grieta.org.mx\/index.php\/category\/cintillo\/"},"img":{"alt_text":"","src":"https:\/\/i0.wp.com\/www.grieta.org.mx\/wp-content\/uploads\/2021\/11\/Z.jpg?resize=350%2C200&ssl=1","width":350,"height":200,"srcset":"https:\/\/i0.wp.com\/www.grieta.org.mx\/wp-content\/uploads\/2021\/11\/Z.jpg?resize=350%2C200&ssl=1 1x, https:\/\/i0.wp.com\/www.grieta.org.mx\/wp-content\/uploads\/2021\/11\/Z.jpg?resize=525%2C300&ssl=1 1.5x, https:\/\/i0.wp.com\/www.grieta.org.mx\/wp-content\/uploads\/2021\/11\/Z.jpg?resize=700%2C400&ssl=1 2x"},"classes":[]},{"id":41300,"url":"https:\/\/www.grieta.org.mx\/index.php\/2019\/11\/19\/emiten-alerta-tras-la-desaparicion-de-la-ambientalista-irma-galindo-oaxaca\/","url_meta":{"origin":62647,"position":2},"title":"Emiten alerta tras la desaparici\u00f3n de la ambientalista Irma Galindo (Oaxaca)","author":"grieta","date":"19 noviembre, 2019","format":false,"excerpt":"Proceso \/ Pedro Mat\u00edas. La ambientalista Irma Galindo fue vista por \u00faltima vez el 10 de noviembre. Foto: Especial Oaxaca, Oax. (apro).- La Red Nacional de Defensoras de Derechos Humanos en M\u00e9xico emiti\u00f3 una alerta por la desaparici\u00f3n de la defensora ind\u00edgena de los bosques de la mixteca de Oaxaca,\u2026","rel":"","context":"En &quot;CINTILLO&quot;","block_context":{"text":"CINTILLO","link":"https:\/\/www.grieta.org.mx\/index.php\/category\/cintillo\/"},"img":{"alt_text":"","src":"https:\/\/i0.wp.com\/www.grieta.org.mx\/wp-content\/uploads\/2019\/11\/Irma-870x522.jpg?resize=350%2C200&ssl=1","width":350,"height":200,"srcset":"https:\/\/i0.wp.com\/www.grieta.org.mx\/wp-content\/uploads\/2019\/11\/Irma-870x522.jpg?resize=350%2C200&ssl=1 1x, https:\/\/i0.wp.com\/www.grieta.org.mx\/wp-content\/uploads\/2019\/11\/Irma-870x522.jpg?resize=525%2C300&ssl=1 1.5x, https:\/\/i0.wp.com\/www.grieta.org.mx\/wp-content\/uploads\/2019\/11\/Irma-870x522.jpg?resize=700%2C400&ssl=1 2x"},"classes":[]},{"id":41303,"url":"https:\/\/www.grieta.org.mx\/index.php\/2019\/11\/20\/denuncio-amenazas-irma-galindo-oaxaca\/","url_meta":{"origin":62647,"position":3},"title":"Denunci\u00f3 amenazas Irma Galindo (Oaxaca)","author":"grieta","date":"20 noviembre, 2019","format":false,"excerpt":"Noticias \/ Citlalli Luciana. EXIGEN INVESTIGAR DESAPARICI\u00d3N La activista present\u00f3 varias quejas ante la DDHPO. \u201cMe di cuenta que todos me miraban y pues s\u00ed, me dio un poco de escalofr\u00edo las miradas y movidas de cabeza de todos. Desde hace d\u00edas mis propios vecinos me dijeron que vendr\u00edan por\u2026","rel":"","context":"En &quot;CINTILLO&quot;","block_context":{"text":"CINTILLO","link":"https:\/\/www.grieta.org.mx\/index.php\/category\/cintillo\/"},"img":{"alt_text":"","src":"https:\/\/i0.wp.com\/www.grieta.org.mx\/wp-content\/uploads\/2019\/11\/copia_de_irma_galindo.jpg?resize=350%2C200&ssl=1","width":350,"height":200,"srcset":"https:\/\/i0.wp.com\/www.grieta.org.mx\/wp-content\/uploads\/2019\/11\/copia_de_irma_galindo.jpg?resize=350%2C200&ssl=1 1x, https:\/\/i0.wp.com\/www.grieta.org.mx\/wp-content\/uploads\/2019\/11\/copia_de_irma_galindo.jpg?resize=525%2C300&ssl=1 1.5x, https:\/\/i0.wp.com\/www.grieta.org.mx\/wp-content\/uploads\/2019\/11\/copia_de_irma_galindo.jpg?resize=700%2C400&ssl=1 2x, https:\/\/i0.wp.com\/www.grieta.org.mx\/wp-content\/uploads\/2019\/11\/copia_de_irma_galindo.jpg?resize=1050%2C600&ssl=1 3x"},"classes":[]},{"id":57867,"url":"https:\/\/www.grieta.org.mx\/index.php\/2021\/03\/07\/cedhapi-exige-a-autoridades-investigar-feminicidios-y-desapariciones-forzadas-de-mujeres-de-la-mixteca-oaxaca\/","url_meta":{"origin":62647,"position":4},"title":"Cedhapi exige a autoridades investigar feminicidios y desapariciones forzadas de mujeres de la mixteca (Oaxaca)","author":"grieta","date":"7 marzo, 2021","format":false,"excerpt":"Animal Pol\u00edtico \/ Redacci\u00f3n. Cedhapi denunci\u00f3 que las autoridades han olvidado casos de feminicidio, desaparici\u00f3n forzada y fraudes contra mujeres de la mixteca. El Centro de Derechos Humanos y Asesor\u00eda a Pueblos Indigenas (Cedhapi) denunci\u00f3 este domingo la nula investigaci\u00f3n de casos de feminicidios, desapariciones forzadas, tratos crueles y degradantes,\u2026","rel":"","context":"En &quot;CINTILLO&quot;","block_context":{"text":"CINTILLO","link":"https:\/\/www.grieta.org.mx\/index.php\/category\/cintillo\/"},"img":{"alt_text":"","src":"https:\/\/i0.wp.com\/www.grieta.org.mx\/wp-content\/uploads\/2021\/03\/1-7.jpeg?resize=350%2C200&ssl=1","width":350,"height":200,"srcset":"https:\/\/i0.wp.com\/www.grieta.org.mx\/wp-content\/uploads\/2021\/03\/1-7.jpeg?resize=350%2C200&ssl=1 1x, https:\/\/i0.wp.com\/www.grieta.org.mx\/wp-content\/uploads\/2021\/03\/1-7.jpeg?resize=525%2C300&ssl=1 1.5x, https:\/\/i0.wp.com\/www.grieta.org.mx\/wp-content\/uploads\/2021\/03\/1-7.jpeg?resize=700%2C400&ssl=1 2x, https:\/\/i0.wp.com\/www.grieta.org.mx\/wp-content\/uploads\/2021\/03\/1-7.jpeg?resize=1050%2C600&ssl=1 3x, https:\/\/i0.wp.com\/www.grieta.org.mx\/wp-content\/uploads\/2021\/03\/1-7.jpeg?resize=1400%2C800&ssl=1 4x"},"classes":[]},{"id":65938,"url":"https:\/\/www.grieta.org.mx\/index.php\/2022\/12\/12\/oaxaca-el-estado-mas-peligroso-para-defensores-de-derechos-humanos-en-mexico\/","url_meta":{"origin":62647,"position":5},"title":"Oaxaca, el estado m\u00e1s peligroso para defensores de derechos humanos en M\u00e9xico","author":"grieta","date":"12 diciembre, 2022","format":false,"excerpt":"Imagen: Santiago Navarro F. \u00d1an\u00ed Pinto \/ Avispa Media El estado de Oaxaca se ha convertido en el estado m\u00e1s peligroso para las y los defensores de derechos humanos en el pa\u00eds. Con un registro de 34 cr\u00edmenes, las agresiones en el estado al sur de M\u00e9xico provienen principalmente de\u2026","rel":"","context":"En &quot;CINTILLO&quot;","block_context":{"text":"CINTILLO","link":"https:\/\/www.grieta.org.mx\/index.php\/category\/cintillo\/"},"img":{"alt_text":"","src":"https:\/\/i0.wp.com\/www.grieta.org.mx\/wp-content\/uploads\/2022\/12\/Samir-somos-todas-y-todos-Oaxaca-21.jpg?resize=350%2C200&ssl=1","width":350,"height":200,"srcset":"https:\/\/i0.wp.com\/www.grieta.org.mx\/wp-content\/uploads\/2022\/12\/Samir-somos-todas-y-todos-Oaxaca-21.jpg?resize=350%2C200&ssl=1 1x, https:\/\/i0.wp.com\/www.grieta.org.mx\/wp-content\/uploads\/2022\/12\/Samir-somos-todas-y-todos-Oaxaca-21.jpg?resize=525%2C300&ssl=1 1.5x, https:\/\/i0.wp.com\/www.grieta.org.mx\/wp-content\/uploads\/2022\/12\/Samir-somos-todas-y-todos-Oaxaca-21.jpg?resize=700%2C400&ssl=1 2x"},"classes":[]}],"_links":{"self":[{"href":"https:\/\/www.grieta.org.mx\/index.php\/wp-json\/wp\/v2\/posts\/62647","targetHints":{"allow":["GET"]}}],"collection":[{"href":"https:\/\/www.grieta.org.mx\/index.php\/wp-json\/wp\/v2\/posts"}],"about":[{"href":"https:\/\/www.grieta.org.mx\/index.php\/wp-json\/wp\/v2\/types\/post"}],"author":[{"embeddable":true,"href":"https:\/\/www.grieta.org.mx\/index.php\/wp-json\/wp\/v2\/users\/2"}],"replies":[{"embeddable":true,"href":"https:\/\/www.grieta.org.mx\/index.php\/wp-json\/wp\/v2\/comments?post=62647"}],"version-history":[{"count":1,"href":"https:\/\/www.grieta.org.mx\/index.php\/wp-json\/wp\/v2\/posts\/62647\/revisions"}],"predecessor-version":[{"id":62651,"href":"https:\/\/www.grieta.org.mx\/index.php\/wp-json\/wp\/v2\/posts\/62647\/revisions\/62651"}],"wp:featuredmedia":[{"embeddable":true,"href":"https:\/\/www.grieta.org.mx\/index.php\/wp-json\/wp\/v2\/media\/62650"}],"wp:attachment":[{"href":"https:\/\/www.grieta.org.mx\/index.php\/wp-json\/wp\/v2\/media?parent=62647"}],"wp:term":[{"taxonomy":"category","embeddable":true,"href":"https:\/\/www.grieta.org.mx\/index.php\/wp-json\/wp\/v2\/categories?post=62647"},{"taxonomy":"post_tag","embeddable":true,"href":"https:\/\/www.grieta.org.mx\/index.php\/wp-json\/wp\/v2\/tags?post=62647"}],"curies":[{"name":"wp","href":"https:\/\/api.w.org\/{rel}","templated":true}]}}