{"id":62636,"date":"2021-11-09T20:59:27","date_gmt":"2021-11-10T02:59:27","guid":{"rendered":"http:\/\/www.grieta.org.mx\/?p=62636"},"modified":"2021-11-13T00:16:46","modified_gmt":"2021-11-13T06:16:46","slug":"territorios-ultimas-por-defender-nuestro-bosque-nos-quemaron-nuestras-casas-habitantes-de-atatlahuca-oaxaca","status":"publish","type":"post","link":"https:\/\/www.grieta.org.mx\/index.php\/2021\/11\/09\/territorios-ultimas-por-defender-nuestro-bosque-nos-quemaron-nuestras-casas-habitantes-de-atatlahuca-oaxaca\/","title":{"rendered":"Territorios, \u00faltimas \u201cPor defender nuestro bosque nos quemaron nuestras casas\u201d: habitantes de Atatlahuca, Oaxaca"},"content":{"rendered":"<p>Pi\u00e9 de P\u00e1gina \/ Texto y fotos: Diana Manzo (IstmoPress)*<\/p>\n<p>Cuatro personas desaparecidas y 152 casas quemadas es el saldo del ataque que recibi\u00f3 la comunidad Guerrero Grande, en el municipio de Atatlahuaca, Oaxaca, por personas dedicadas a la tala ilegal. Las familias que defienden el bosque permanecen desplazadas.<\/p>\n<p><img loading=\"lazy\" decoding=\"async\" data-attachment-id=\"62637\" data-permalink=\"https:\/\/www.grieta.org.mx\/index.php\/2021\/11\/09\/territorios-ultimas-por-defender-nuestro-bosque-nos-quemaron-nuestras-casas-habitantes-de-atatlahuca-oaxaca\/1-197\/\" data-orig-file=\"https:\/\/www.grieta.org.mx\/wp-content\/uploads\/2021\/11\/1.jpg\" data-orig-size=\"992,620\" data-comments-opened=\"0\" data-image-meta=\"{&quot;aperture&quot;:&quot;0&quot;,&quot;credit&quot;:&quot;&quot;,&quot;camera&quot;:&quot;&quot;,&quot;caption&quot;:&quot;&quot;,&quot;created_timestamp&quot;:&quot;0&quot;,&quot;copyright&quot;:&quot;&quot;,&quot;focal_length&quot;:&quot;0&quot;,&quot;iso&quot;:&quot;0&quot;,&quot;shutter_speed&quot;:&quot;0&quot;,&quot;title&quot;:&quot;&quot;,&quot;orientation&quot;:&quot;1&quot;}\" data-image-title=\"1\" data-image-description=\"\" data-image-caption=\"\" data-medium-file=\"https:\/\/www.grieta.org.mx\/wp-content\/uploads\/2021\/11\/1-300x188.jpg\" data-large-file=\"https:\/\/www.grieta.org.mx\/wp-content\/uploads\/2021\/11\/1.jpg\" class=\"alignnone wp-image-62637\" src=\"http:\/\/www.grieta.org.mx\/wp-content\/uploads\/2021\/11\/1.jpg\" alt=\"\" width=\"800\" height=\"500\" srcset=\"https:\/\/www.grieta.org.mx\/wp-content\/uploads\/2021\/11\/1.jpg 992w, https:\/\/www.grieta.org.mx\/wp-content\/uploads\/2021\/11\/1-300x188.jpg 300w, https:\/\/www.grieta.org.mx\/wp-content\/uploads\/2021\/11\/1-768x480.jpg 768w\" sizes=\"auto, (max-width: 800px) 100vw, 800px\" \/><\/p>\n<p>GUERRERO GRANDE, OAXACA.- Los ni\u00f1os corren y juegan mientras ellas elaboran tortillas a mano para el desayuno, aqu\u00ed se refugian personas desplazadas.<\/p>\n<p>\u201cPor defender nuestro bosque nos quemaron nuestras casas\u201d, cuenta Mar\u00eda Garc\u00eda Garc\u00eda, una mujer de 43 a\u00f1os de edad que desde el 23 de octubre del 2021 huy\u00f3 de su comunidad de Guerrero Grande del municipio de Atatlahuaca, Oaxaca, cuando su casa qued\u00f3 en cenizas y su vida corr\u00eda peligro, porque un grupo de personas que viven del tr\u00e1fico de madera ingresaron a su pueblo para violentarlos.<\/p>\n<p><img loading=\"lazy\" decoding=\"async\" data-attachment-id=\"62638\" data-permalink=\"https:\/\/www.grieta.org.mx\/index.php\/2021\/11\/09\/territorios-ultimas-por-defender-nuestro-bosque-nos-quemaron-nuestras-casas-habitantes-de-atatlahuca-oaxaca\/2-108\/\" data-orig-file=\"https:\/\/www.grieta.org.mx\/wp-content\/uploads\/2021\/11\/2.jpg\" data-orig-size=\"992,620\" data-comments-opened=\"0\" data-image-meta=\"{&quot;aperture&quot;:&quot;0&quot;,&quot;credit&quot;:&quot;&quot;,&quot;camera&quot;:&quot;&quot;,&quot;caption&quot;:&quot;&quot;,&quot;created_timestamp&quot;:&quot;0&quot;,&quot;copyright&quot;:&quot;&quot;,&quot;focal_length&quot;:&quot;0&quot;,&quot;iso&quot;:&quot;0&quot;,&quot;shutter_speed&quot;:&quot;0&quot;,&quot;title&quot;:&quot;&quot;,&quot;orientation&quot;:&quot;1&quot;}\" data-image-title=\"2\" data-image-description=\"\" data-image-caption=\"\" data-medium-file=\"https:\/\/www.grieta.org.mx\/wp-content\/uploads\/2021\/11\/2-300x188.jpg\" data-large-file=\"https:\/\/www.grieta.org.mx\/wp-content\/uploads\/2021\/11\/2.jpg\" class=\"alignnone wp-image-62638\" src=\"http:\/\/www.grieta.org.mx\/wp-content\/uploads\/2021\/11\/2.jpg\" alt=\"\" width=\"800\" height=\"500\" srcset=\"https:\/\/www.grieta.org.mx\/wp-content\/uploads\/2021\/11\/2.jpg 992w, https:\/\/www.grieta.org.mx\/wp-content\/uploads\/2021\/11\/2-300x188.jpg 300w, https:\/\/www.grieta.org.mx\/wp-content\/uploads\/2021\/11\/2-768x480.jpg 768w\" sizes=\"auto, (max-width: 800px) 100vw, 800px\" \/><\/p>\n<p>\u201cNosotros los ni\u00f1os exigimos\u201d es la leyenda de un cartel tapizado con cartas y dibujos de menores de edad que viven desplazados y exigen volver a sus hogares sanos y salvos.<\/p>\n<p>\u201cMe corrieron a balazos, destruyeron mi comunidad, sal\u00ed lejos de mi pueblo, y me quemaron todas mis cosas y las de mi familia, nos quedamos sin nada\u201d, dice la carta de un ni\u00f1o mixteco que vive desplazado en un refugio temporal de Tlaxiaco, que acompa\u00f1a el Centro de Derechos Humanos y Asesor\u00eda de los Pueblos ind\u00edgenas (CEDHAPI, AC).<\/p>\n<p><img loading=\"lazy\" decoding=\"async\" data-attachment-id=\"62639\" data-permalink=\"https:\/\/www.grieta.org.mx\/index.php\/2021\/11\/09\/territorios-ultimas-por-defender-nuestro-bosque-nos-quemaron-nuestras-casas-habitantes-de-atatlahuca-oaxaca\/3-82\/\" data-orig-file=\"https:\/\/www.grieta.org.mx\/wp-content\/uploads\/2021\/11\/3.jpg\" data-orig-size=\"992,620\" data-comments-opened=\"0\" data-image-meta=\"{&quot;aperture&quot;:&quot;0&quot;,&quot;credit&quot;:&quot;&quot;,&quot;camera&quot;:&quot;&quot;,&quot;caption&quot;:&quot;&quot;,&quot;created_timestamp&quot;:&quot;0&quot;,&quot;copyright&quot;:&quot;&quot;,&quot;focal_length&quot;:&quot;0&quot;,&quot;iso&quot;:&quot;0&quot;,&quot;shutter_speed&quot;:&quot;0&quot;,&quot;title&quot;:&quot;&quot;,&quot;orientation&quot;:&quot;1&quot;}\" data-image-title=\"3\" data-image-description=\"\" data-image-caption=\"\" data-medium-file=\"https:\/\/www.grieta.org.mx\/wp-content\/uploads\/2021\/11\/3-300x188.jpg\" data-large-file=\"https:\/\/www.grieta.org.mx\/wp-content\/uploads\/2021\/11\/3.jpg\" class=\"alignnone wp-image-62639\" src=\"http:\/\/www.grieta.org.mx\/wp-content\/uploads\/2021\/11\/3.jpg\" alt=\"\" width=\"800\" height=\"500\" srcset=\"https:\/\/www.grieta.org.mx\/wp-content\/uploads\/2021\/11\/3.jpg 992w, https:\/\/www.grieta.org.mx\/wp-content\/uploads\/2021\/11\/3-300x188.jpg 300w, https:\/\/www.grieta.org.mx\/wp-content\/uploads\/2021\/11\/3-768x480.jpg 768w\" sizes=\"auto, (max-width: 800px) 100vw, 800px\" \/><br \/>\nDibujo realizado por uno de los ni\u00f1os de la comunidad agredida.<\/p>\n<p>A dos horas y media de Tlaxiaco, Oaxaca, y a ocho horas de la capital oaxaque\u00f1a, atravesando un camino terracero cubierto de colinas verdes que forman el Cerro del Rat\u00f3n y el llano de oyameles considerados el pulm\u00f3n de la mixteca de Oaxaca, est\u00e1 ubicada la comunidad de Guerrero Grande, donde viven 250 habitantes. Junto con las comunidades de Mier y Ter\u00e1n y Ndoyonoyuji defienden su territorio de la tala clandestina. Ah\u00ed tambi\u00e9n hay 152 casas quemadas y desplazados.<\/p>\n<p>En esta zona habitan ind\u00edgenas \u00d1uu Savi (mixtecos). Atatlahuca significa \u201dTierra colorada entre dos r\u00edos\u201d \u2013 Independencia y Morelos- y anualmente realizan festividades en honor a San Esteban. La celebraci\u00f3n de D\u00eda de Muertos es sagrada y acuden a los panteones. Sin embargo, por esta violencia que viven en este a\u00f1o no hubo celebraci\u00f3n a los Fieles difuntos.<\/p>\n<p>El municipio de Atatlahuaca, Oaxaca, est\u00e1 dividido por 9 agencias municipales, de las cuales Guerrero Grande, Mier y Ter\u00e1n y Ndoyonoyuji se han opuesto a la tala clandestina en 2 mil 640 hect\u00e1reas de bosque, que aseguran ejerce el presidente municipal Rogelio Bautista Barrios y al comisariado ejidal Eulogio Alvarado. La comunidad denuncia que esta \u00faltima persona es la causante de la violencia que ahora viven.<\/p>\n<p>Entre las personas perseguidas y amenazadas est\u00e1 Irma Galindo, defensora mixteca del bosque y originaria de Atatlahuca. Ella alert\u00f3 hace un a\u00f1o del conflicto interno que viven estas tres comunidades por la defensa del bosque. Fue una de las primeras v\u00edctimas de la violencia, en noviembre del 2019, cuando su casa fue incendiada. Desde entonces vive desplazada como lo comparti\u00f3 en el reportaje \u201cDefensores bajo ataque\u201d.<\/p>\n<p>Un autom\u00f3vil blanco con impactos de bala da la bienvenida a Guerrero Grande. El coche est\u00e1 ubicado sobre el camino en una posici\u00f3n de declive, fue vandalizado y abandonado en el lugar por los violentadores.<\/p>\n<p>\u201cTra\u00edan el rostro cubierto, vaciaron la casa, se llevaron mi auto, quemaron todo y se llevaron a mis dos hijos Miguel y Donato Bautista Avenda\u00f1o, est\u00e1n desaparecidos,\u201d narra Jer\u00f3nima Avenda\u00f1o Sandoval de 73 a\u00f1os de edad.<\/p>\n<p><img loading=\"lazy\" decoding=\"async\" data-attachment-id=\"62640\" data-permalink=\"https:\/\/www.grieta.org.mx\/index.php\/2021\/11\/09\/territorios-ultimas-por-defender-nuestro-bosque-nos-quemaron-nuestras-casas-habitantes-de-atatlahuca-oaxaca\/4-71\/\" data-orig-file=\"https:\/\/www.grieta.org.mx\/wp-content\/uploads\/2021\/11\/4.jpg\" data-orig-size=\"992,620\" data-comments-opened=\"0\" data-image-meta=\"{&quot;aperture&quot;:&quot;0&quot;,&quot;credit&quot;:&quot;&quot;,&quot;camera&quot;:&quot;&quot;,&quot;caption&quot;:&quot;&quot;,&quot;created_timestamp&quot;:&quot;0&quot;,&quot;copyright&quot;:&quot;&quot;,&quot;focal_length&quot;:&quot;0&quot;,&quot;iso&quot;:&quot;0&quot;,&quot;shutter_speed&quot;:&quot;0&quot;,&quot;title&quot;:&quot;&quot;,&quot;orientation&quot;:&quot;1&quot;}\" data-image-title=\"4\" data-image-description=\"\" data-image-caption=\"\" data-medium-file=\"https:\/\/www.grieta.org.mx\/wp-content\/uploads\/2021\/11\/4-300x188.jpg\" data-large-file=\"https:\/\/www.grieta.org.mx\/wp-content\/uploads\/2021\/11\/4.jpg\" class=\"alignnone wp-image-62640\" src=\"http:\/\/www.grieta.org.mx\/wp-content\/uploads\/2021\/11\/4.jpg\" alt=\"\" width=\"800\" height=\"500\" srcset=\"https:\/\/www.grieta.org.mx\/wp-content\/uploads\/2021\/11\/4.jpg 992w, https:\/\/www.grieta.org.mx\/wp-content\/uploads\/2021\/11\/4-300x188.jpg 300w, https:\/\/www.grieta.org.mx\/wp-content\/uploads\/2021\/11\/4-768x480.jpg 768w\" sizes=\"auto, (max-width: 800px) 100vw, 800px\" \/><\/p>\n<p>Ella se dedica al cultivo de pera, manzana y ma\u00edz. Qued\u00f3 sin hogar y ahora vive con su hija, lo \u00fanico que exige es justicia y que los responsables paguen por la desaparici\u00f3n de sus dos hijos.<\/p>\n<p>\u201cEl 18 de octubre recib\u00ed una llamada telef\u00f3nica donde me dec\u00edan que matar\u00edan a mis hermanos y que quemaran todo, no lo cre\u00ed, pero le avis\u00e9 a mi familia, y mira, ahora lo que pas\u00f3, mis dos hermanos est\u00e1n desaparecidos, exigimos justicia\u201d, denunci\u00f3 Alejandrina Bautista, hermana de los desaparecidos.<\/p>\n<p>Conforme se avanza en el camino, aparecen los restos de viviendas calcinadas. \u201cEsta gente lleg\u00f3 y arras\u00f3 con todo, tuvimos que refugiarnos como pudimos\u201d, explican las familias que perdieron todo y que han declarado su testimonio ante las autoridades de justicia como la Vicefiscal\u00eda de la regi\u00f3n de la mixteca.<\/p>\n<p>El \u00fanico cibercaf\u00e9 de la comunidad tambi\u00e9n qued\u00f3 en cenizas. El due\u00f1o expres\u00f3 que con esta acci\u00f3n violenta la educaci\u00f3n de 150 estudiantes que se conectaban todos los d\u00edas para tomar sus clases a distancia. Desde que eso ocurri\u00f3, \u00e9l y la comunidad desconocen c\u00f3mo y cu\u00e1ndo se reparar\u00e1n los da\u00f1os.<\/p>\n<p>\u201cHay viviendas de 50, 80 y hasta de 3 millones de pesos que se calcinaron, est\u00e1 gente ten\u00eda la intenci\u00f3n de desplazarnos y adue\u00f1arse de nuestras tierras, y eso es algo que no vamos a permitir, vamos a defender nuestro bosque y nuestro territorio hasta las \u00faltimas consecuencias\u201d, explic\u00f3 uno de los afectados.<\/p>\n<p><img loading=\"lazy\" decoding=\"async\" data-attachment-id=\"62641\" data-permalink=\"https:\/\/www.grieta.org.mx\/index.php\/2021\/11\/09\/territorios-ultimas-por-defender-nuestro-bosque-nos-quemaron-nuestras-casas-habitantes-de-atatlahuca-oaxaca\/5-52\/\" data-orig-file=\"https:\/\/www.grieta.org.mx\/wp-content\/uploads\/2021\/11\/5.jpg\" data-orig-size=\"992,620\" data-comments-opened=\"0\" data-image-meta=\"{&quot;aperture&quot;:&quot;0&quot;,&quot;credit&quot;:&quot;&quot;,&quot;camera&quot;:&quot;&quot;,&quot;caption&quot;:&quot;&quot;,&quot;created_timestamp&quot;:&quot;0&quot;,&quot;copyright&quot;:&quot;&quot;,&quot;focal_length&quot;:&quot;0&quot;,&quot;iso&quot;:&quot;0&quot;,&quot;shutter_speed&quot;:&quot;0&quot;,&quot;title&quot;:&quot;&quot;,&quot;orientation&quot;:&quot;1&quot;}\" data-image-title=\"5\" data-image-description=\"\" data-image-caption=\"\" data-medium-file=\"https:\/\/www.grieta.org.mx\/wp-content\/uploads\/2021\/11\/5-300x188.jpg\" data-large-file=\"https:\/\/www.grieta.org.mx\/wp-content\/uploads\/2021\/11\/5.jpg\" class=\"alignnone wp-image-62641\" src=\"http:\/\/www.grieta.org.mx\/wp-content\/uploads\/2021\/11\/5.jpg\" alt=\"\" width=\"800\" height=\"500\" srcset=\"https:\/\/www.grieta.org.mx\/wp-content\/uploads\/2021\/11\/5.jpg 992w, https:\/\/www.grieta.org.mx\/wp-content\/uploads\/2021\/11\/5-300x188.jpg 300w, https:\/\/www.grieta.org.mx\/wp-content\/uploads\/2021\/11\/5-768x480.jpg 768w\" sizes=\"auto, (max-width: 800px) 100vw, 800px\" \/><\/p>\n<p>La capilla principal de la comunidad hoy funciona como refugio. Ah\u00ed entre todos se organizan para elaborar sus alimentos, y tienen la protecci\u00f3n de la Guardia Nacional, la Secretar\u00eda de la Defensa Nacional (Sedena) y personal de la Agencia Estatal de Investigaciones.<\/p>\n<p>El agente municipal de Guerrero Grande, Juan Gabriel Hern\u00e1ndez Garc\u00eda, inform\u00f3 que 112 viviendas fueron quemadas y quedaron calcinadas, lo que equivale a un 70 por ciento de la comunidad, y m\u00e1s de 100 personas est\u00e1n desplazadas en diversos refugios improvisados, el m\u00e1s alejado est\u00e1 en Tlaxiaco, Oaxaca.<\/p>\n<p>\u201cNosotros lo \u00fanico que pedimos es justicia por toda esta atrocidad que hemos pasado, y que nos reconozcan las 2 mil 640 hect\u00e1reas de bosque que hemos cuidado y protegido de la tala que encabezan las autoridades locales y agrarias, no estamos peleando otra cosa que nuestros bienes naturales, no queremos que se mueran, pero por eso nos han desplazado\u201d, extern\u00f3.<\/p>\n<p>Asimismo, se\u00f1al\u00f3 que una de las demandas principales son los recursos municipales, ramo 28 y 33 que el presidente municipal no les otorga. \u201cNos construyeron una cancha y nos dijeron eso cuesta un mill\u00f3n 200 mil pesos, y ah\u00ed est\u00e1 lo que les tocaba en este 2021, as\u00ed nos traen\u201d.<\/p>\n<p><img loading=\"lazy\" decoding=\"async\" data-attachment-id=\"62642\" data-permalink=\"https:\/\/www.grieta.org.mx\/index.php\/2021\/11\/09\/territorios-ultimas-por-defender-nuestro-bosque-nos-quemaron-nuestras-casas-habitantes-de-atatlahuca-oaxaca\/6-42\/\" data-orig-file=\"https:\/\/www.grieta.org.mx\/wp-content\/uploads\/2021\/11\/6.jpg\" data-orig-size=\"992,620\" data-comments-opened=\"0\" data-image-meta=\"{&quot;aperture&quot;:&quot;0&quot;,&quot;credit&quot;:&quot;&quot;,&quot;camera&quot;:&quot;&quot;,&quot;caption&quot;:&quot;&quot;,&quot;created_timestamp&quot;:&quot;0&quot;,&quot;copyright&quot;:&quot;&quot;,&quot;focal_length&quot;:&quot;0&quot;,&quot;iso&quot;:&quot;0&quot;,&quot;shutter_speed&quot;:&quot;0&quot;,&quot;title&quot;:&quot;&quot;,&quot;orientation&quot;:&quot;1&quot;}\" data-image-title=\"6\" data-image-description=\"\" data-image-caption=\"\" data-medium-file=\"https:\/\/www.grieta.org.mx\/wp-content\/uploads\/2021\/11\/6-300x188.jpg\" data-large-file=\"https:\/\/www.grieta.org.mx\/wp-content\/uploads\/2021\/11\/6.jpg\" class=\"alignnone wp-image-62642\" src=\"http:\/\/www.grieta.org.mx\/wp-content\/uploads\/2021\/11\/6.jpg\" alt=\"\" width=\"800\" height=\"500\" srcset=\"https:\/\/www.grieta.org.mx\/wp-content\/uploads\/2021\/11\/6.jpg 992w, https:\/\/www.grieta.org.mx\/wp-content\/uploads\/2021\/11\/6-300x188.jpg 300w, https:\/\/www.grieta.org.mx\/wp-content\/uploads\/2021\/11\/6-768x480.jpg 768w\" sizes=\"auto, (max-width: 800px) 100vw, 800px\" \/><\/p>\n<p>Los afectados hicieron un llamado a los organismos internacionales a manifestarse respecto a la violencia que viven. Hasta el momento la CNDH no se ha pronunciado sobre esta violencia y desplazamiento que viven los defensores comunitarios.<\/p>\n<p>Magdiel Hern\u00e1ndez Caballero, activista especializado de la defensor\u00eda de los derechos humanos del pueblo de Oaxaca, se\u00f1al\u00f3 que lo que viven las tres comunidades de Atatlahuca es una situaci\u00f3n que se dio por la defensa del bosque, posteriormente un tema agrario por disputa de tierras, y tambi\u00e9n la exigencia de recursos del ramo federal 28 y 33, y finalmente social en la violacion a los derechos a la educaci\u00f3n, vivienda y salud.<\/p>\n<p>Por su parte, Maurilio Santiago, activista de los derechos humanos de la CEDHAPI se\u00f1al\u00f3 que son cientos de personas ind\u00edgenas mixtecas afectadas por la violencia de la zona.<\/p>\n<p>\u201cEso que ocurri\u00f3 en estas tres comunidades parece un sitio de guerra, casas quemadas, cuatro personas desaparecidas, y varios desplazados, lo que nos indica que la violencia est\u00e1 fea en la zona, lo que estamos haciendo es brindar acompa\u00f1amiento, ya hay denuncias y exigimos se haga una investigaci\u00f3n exhaustiva para dar con los responsables\u201d.<br \/>\nMaurilio Santiago, activista.<\/p>\n<p><img loading=\"lazy\" decoding=\"async\" data-attachment-id=\"62643\" data-permalink=\"https:\/\/www.grieta.org.mx\/index.php\/2021\/11\/09\/territorios-ultimas-por-defender-nuestro-bosque-nos-quemaron-nuestras-casas-habitantes-de-atatlahuca-oaxaca\/7-30\/\" data-orig-file=\"https:\/\/www.grieta.org.mx\/wp-content\/uploads\/2021\/11\/7.jpg\" data-orig-size=\"992,620\" data-comments-opened=\"0\" data-image-meta=\"{&quot;aperture&quot;:&quot;0&quot;,&quot;credit&quot;:&quot;&quot;,&quot;camera&quot;:&quot;&quot;,&quot;caption&quot;:&quot;&quot;,&quot;created_timestamp&quot;:&quot;0&quot;,&quot;copyright&quot;:&quot;&quot;,&quot;focal_length&quot;:&quot;0&quot;,&quot;iso&quot;:&quot;0&quot;,&quot;shutter_speed&quot;:&quot;0&quot;,&quot;title&quot;:&quot;&quot;,&quot;orientation&quot;:&quot;1&quot;}\" data-image-title=\"7\" data-image-description=\"\" data-image-caption=\"\" data-medium-file=\"https:\/\/www.grieta.org.mx\/wp-content\/uploads\/2021\/11\/7-300x188.jpg\" data-large-file=\"https:\/\/www.grieta.org.mx\/wp-content\/uploads\/2021\/11\/7.jpg\" class=\"alignnone wp-image-62643\" src=\"http:\/\/www.grieta.org.mx\/wp-content\/uploads\/2021\/11\/7.jpg\" alt=\"\" width=\"800\" height=\"500\" srcset=\"https:\/\/www.grieta.org.mx\/wp-content\/uploads\/2021\/11\/7.jpg 992w, https:\/\/www.grieta.org.mx\/wp-content\/uploads\/2021\/11\/7-300x188.jpg 300w, https:\/\/www.grieta.org.mx\/wp-content\/uploads\/2021\/11\/7-768x480.jpg 768w\" sizes=\"auto, (max-width: 800px) 100vw, 800px\" \/><\/p>\n<p>La s\u00edndica municipal de Atatlahuca, Maribel Velasco Garc\u00eda dijo que la violencia en la zona la ha \u201csembrado\u201d el Frente de Resistencia Ind\u00edgena de Juxtlahuaca (FRIJ) y que en nada tiene que ver la autoridad local.<\/p>\n<p>\u201cLas mujeres, ni\u00f1as, ni\u00f1os y personas de la tercera edad son los m\u00e1s vulnerables al ataque, ya lo hemos denunciado y exigimos protecci\u00f3n, porque nos han amenazado\u201d, se\u00f1al\u00f3.<\/p>\n<p>Sobre este tema, la Fiscal\u00eda General del Estado de Oaxaca inform\u00f3 que se iniciaron carpetas de investigaci\u00f3n por la desaparici\u00f3n de cuatro persona por la violencia que hay en las tres comunidades y el 25 de octubre de 2021 elementos de la Agencia Estatal de Investigaciones realizaron el levantamiento del cuerpo sin vida de una persona localizado en el paraje Shinitoo, de la Agencia de Ndoyonuyuji, por el que se abri\u00f3 la carpeta de investigaci\u00f3n 35213\/FMIX\/TLAXIACO\/ 2021 por el delito de homicidio.<\/p>\n<p>De acuerdo a un an\u00e1lisis realizado por la Organizaci\u00f3n de las Naciones Unidas (ONU) , en el mundo son 82 millones de personas desplazadas forzadamente, lo que equivale a un aumento del 4 por ciento sobre el 2019.<\/p>\n<p>En su informe 2020, el Centro Mexicano de Derecho Ambiental (CEMDA) inform\u00f3 que 16 ambientalistas fueron asesinados en M\u00e9xico y que en ese mismo a\u00f1o hubo alrededor de 90 agresiones contra activistas en 65 ataques distintos.<\/p>\n<p>*Este trabajo fue realizado por ISTMO PRESS, integrante de la alianza de medios de la Red de Periodistas de a Pie. Aqu\u00ed puedes leer la original.<\/p>\n<p><a href=\"https:\/\/piedepagina.mx\/por-defender-nuestro-bosque-nos-quemaron-nuestras-casas-habitantes-de-atatlahuca-oaxaca\/\" target=\"_blank\" rel=\"noopener\">https:\/\/piedepagina.mx\/por-defender-nuestro-bosque-nos-quemaron-nuestras-casas-habitantes-de-atatlahuca-oaxaca\/<\/a><\/p>\n","protected":false},"excerpt":{"rendered":"<p>Pi\u00e9 de P\u00e1gina \/ Texto y fotos: Diana Manzo (IstmoPress)* Cuatro personas desaparecidas y 152 casas quemadas es el saldo del ataque que recibi\u00f3 la comunidad Guerrero Grande, en el &hellip; <a href=\"https:\/\/www.grieta.org.mx\/index.php\/2021\/11\/09\/territorios-ultimas-por-defender-nuestro-bosque-nos-quemaron-nuestras-casas-habitantes-de-atatlahuca-oaxaca\/\" class=\"more-link\">Leer m\u00e1s<\/a><\/p>\n","protected":false},"author":2,"featured_media":62637,"comment_status":"closed","ping_status":"closed","sticky":false,"template":"","format":"standard","meta":{"ngg_post_thumbnail":0,"_jetpack_newsletter_access":"","_jetpack_dont_email_post_to_subs":false,"_jetpack_newsletter_tier_id":0,"_jetpack_memberships_contains_paywalled_content":false,"_jetpack_memberships_contains_paid_content":false,"footnotes":""},"categories":[80,1495,2392,1605,2,25,1496],"tags":[],"class_list":["post-62636","post","type-post","status-publish","format-standard","has-post-thumbnail","hentry","category-cintillo","category-conflictos-agrarios-en-oaxaca","category-desplazados-por-violencia-en-oaxaca","category-despojo-de-tierras-en-oaxaca","category-noticias-nacionales","category-oaxaca","category-represion-en-oaxaca","entry"],"jetpack_featured_media_url":"https:\/\/www.grieta.org.mx\/wp-content\/uploads\/2021\/11\/1.jpg","jetpack_sharing_enabled":true,"jetpack_shortlink":"https:\/\/wp.me\/p7ZJR4-gig","jetpack_likes_enabled":false,"jetpack-related-posts":[{"id":64351,"url":"https:\/\/www.grieta.org.mx\/index.php\/2022\/05\/28\/oaxaca-nuevo-ataque-armado-y-destruccion-de-viviendas-en-el-rebollero-oaxaca\/","url_meta":{"origin":62636,"position":0},"title":"Oaxaca: Nuevo ataque armado y destrucci\u00f3n de viviendas en El Rebollero (Oaxaca)","author":"grieta","date":"28 mayo, 2022","format":false,"excerpt":"Avispa Midia \/ Redacci\u00f3n. Una vez m\u00e1s, un grupo de m\u00e1s de 100 paramilitares armados entraron, atacaron a balazos y destruyeron las viviendas de la comunidad zapoteca de El Rebollero, San Pablo Cuatro Venados, en Oaxaca. As\u00ed lo denunciaron hoy sus habitantes en un comunicado en el que se\u00f1alan que\u2026","rel":"","context":"En &quot;CINTILLO&quot;","block_context":{"text":"CINTILLO","link":"https:\/\/www.grieta.org.mx\/index.php\/category\/cintillo\/"},"img":{"alt_text":"","src":"https:\/\/i0.wp.com\/www.grieta.org.mx\/wp-content\/uploads\/2018\/03\/14524434_1106112876131411_958039263622046936_o.jpg?resize=350%2C200&ssl=1","width":350,"height":200,"srcset":"https:\/\/i0.wp.com\/www.grieta.org.mx\/wp-content\/uploads\/2018\/03\/14524434_1106112876131411_958039263622046936_o.jpg?resize=350%2C200&ssl=1 1x, https:\/\/i0.wp.com\/www.grieta.org.mx\/wp-content\/uploads\/2018\/03\/14524434_1106112876131411_958039263622046936_o.jpg?resize=525%2C300&ssl=1 1.5x, https:\/\/i0.wp.com\/www.grieta.org.mx\/wp-content\/uploads\/2018\/03\/14524434_1106112876131411_958039263622046936_o.jpg?resize=700%2C400&ssl=1 2x"},"classes":[]},{"id":59657,"url":"https:\/\/www.grieta.org.mx\/index.php\/2021\/06\/01\/a-dos-anos-del-intento-de-desalojo-nos-mantenemos-en-resistencia-contra-el-extractivismo-comunidades-de-el-rebollero-los-arquitos-y-rio-minas-cuatro-venados-oaxaca\/","url_meta":{"origin":62636,"position":1},"title":"A dos a\u00f1os del intento de desalojo, nos mantenemos en resistencia contra el extractivismo: Comunidades de El Rebollero, Los Arquitos y R\u00edo Minas, Cuatro Venados, Oaxaca.","author":"grieta","date":"1 junio, 2021","format":false,"excerpt":"Colectivo Grieta. En comunicado dirigido al CNI-CIG, al EZLN y a los medios libres y alternativos, recordaron que han pasado ya dos a\u00f1os desde aquel 31 de mayo del 2019 cu\u00e1ndo un grupo de personas, armadas con armas de grueso calibre, tomaron por asalto nuestra comunidad que habita los parajes,\u2026","rel":"","context":"En &quot;CINTILLO&quot;","block_context":{"text":"CINTILLO","link":"https:\/\/www.grieta.org.mx\/index.php\/category\/cintillo\/"},"img":{"alt_text":"","src":"https:\/\/i0.wp.com\/www.grieta.org.mx\/wp-content\/uploads\/2021\/06\/4v.png?resize=350%2C200&ssl=1","width":350,"height":200,"srcset":"https:\/\/i0.wp.com\/www.grieta.org.mx\/wp-content\/uploads\/2021\/06\/4v.png?resize=350%2C200&ssl=1 1x, https:\/\/i0.wp.com\/www.grieta.org.mx\/wp-content\/uploads\/2021\/06\/4v.png?resize=525%2C300&ssl=1 1.5x"},"classes":[]},{"id":56906,"url":"https:\/\/www.grieta.org.mx\/index.php\/2021\/02\/10\/accion-urgente-denuncia-comunidades-indigenas-pertenecientes-a-cuatro-venados-oaxaca\/","url_meta":{"origin":62636,"position":2},"title":"Acci\u00f3n Urgente. Denuncia comunidades ind\u00edgenas pertenecientes a Cuatro Venados, Oaxaca.","author":"grieta","date":"10 febrero, 2021","format":false,"excerpt":"A los medios de comunicaci\u00f3n A los medios Libres e independientes Al Congreso Nacional Ind\u00edgena y su Concejo Ind\u00edgena de Gobierno Al Ejercito Zapatista de Liberaci\u00f3n Nacional 9 de febrero del 2021 Nosotras, nosotros, comuneros y vecinos de la localidad el Rebollero, Rio Minas y Paraje los Arquitos, pertenecientes al\u2026","rel":"","context":"En &quot;CINTILLO&quot;","block_context":{"text":"CINTILLO","link":"https:\/\/www.grieta.org.mx\/index.php\/category\/cintillo\/"},"img":{"alt_text":"","src":"https:\/\/i0.wp.com\/www.grieta.org.mx\/wp-content\/uploads\/2021\/02\/IMG-20210209-WA0023-670x400-1.jpg?resize=350%2C200&ssl=1","width":350,"height":200,"srcset":"https:\/\/i0.wp.com\/www.grieta.org.mx\/wp-content\/uploads\/2021\/02\/IMG-20210209-WA0023-670x400-1.jpg?resize=350%2C200&ssl=1 1x, https:\/\/i0.wp.com\/www.grieta.org.mx\/wp-content\/uploads\/2021\/02\/IMG-20210209-WA0023-670x400-1.jpg?resize=525%2C300&ssl=1 1.5x"},"classes":[]},{"id":62647,"url":"https:\/\/www.grieta.org.mx\/index.php\/2021\/10\/27\/buscan-a-nueve-personas-desaparecidas-en-atatlahuca-cedhapi-oaxaca\/","url_meta":{"origin":62636,"position":3},"title":"Buscan a nueve personas desaparecidas en Atatlahuca: Cedhapi (Oaxaca)","author":"grieta","date":"27 octubre, 2021","format":false,"excerpt":"Noticias \/ Lesli Aguilar \/ Corresponsal. Otros habitantes m\u00e1s permanecen en el albergue del INPI, en San Esteban Atatlahuca. HUAJUAPAN DE LE\u00d3N, Oaxaca.- El presidente del Centro de Derechos Humanos y Asesor\u00eda a Pueblos Ind\u00edgenas (Cedhapi), Maurilio Santiago Reyes, inform\u00f3 que buscan a nueve personas que est\u00e1n en calidad de\u2026","rel":"","context":"En &quot;CINTILLO&quot;","block_context":{"text":"CINTILLO","link":"https:\/\/www.grieta.org.mx\/index.php\/category\/cintillo\/"},"img":{"alt_text":"","src":"https:\/\/i0.wp.com\/www.grieta.org.mx\/wp-content\/uploads\/2021\/11\/3-1.jpg?resize=350%2C200&ssl=1","width":350,"height":200,"srcset":"https:\/\/i0.wp.com\/www.grieta.org.mx\/wp-content\/uploads\/2021\/11\/3-1.jpg?resize=350%2C200&ssl=1 1x, https:\/\/i0.wp.com\/www.grieta.org.mx\/wp-content\/uploads\/2021\/11\/3-1.jpg?resize=525%2C300&ssl=1 1.5x, https:\/\/i0.wp.com\/www.grieta.org.mx\/wp-content\/uploads\/2021\/11\/3-1.jpg?resize=700%2C400&ssl=1 2x"},"classes":[]},{"id":60692,"url":"https:\/\/www.grieta.org.mx\/index.php\/2021\/07\/20\/gobierno-de-oaxaca-prepara-represion-contra-indigenas-zapotecas\/","url_meta":{"origin":62636,"position":4},"title":"Gobierno de Oaxaca prepara represi\u00f3n contra ind\u00edgenas zapotecas","author":"grieta","date":"20 julio, 2021","format":false,"excerpt":"Avispa Midia \/ Texto: \u00d1an\u00ed Pinto; Fotos: Santiago Navarro F. Ind\u00edgenas zapotecas pertenecientes al municipio de San Pablo Cuatro Venados denuncian que el gobierno del estado de Oaxaca est\u00e1 preparando la represi\u00f3n y despojo de su territorio con el uso de la Guardia Nacional. Alertan que \u00e9ste ha sido un\u2026","rel":"","context":"En &quot;CINTILLO&quot;","block_context":{"text":"CINTILLO","link":"https:\/\/www.grieta.org.mx\/index.php\/category\/cintillo\/"},"img":{"alt_text":"","src":"https:\/\/i0.wp.com\/www.grieta.org.mx\/wp-content\/uploads\/2021\/07\/1-3.jpg?resize=350%2C200&ssl=1","width":350,"height":200,"srcset":"https:\/\/i0.wp.com\/www.grieta.org.mx\/wp-content\/uploads\/2021\/07\/1-3.jpg?resize=350%2C200&ssl=1 1x, https:\/\/i0.wp.com\/www.grieta.org.mx\/wp-content\/uploads\/2021\/07\/1-3.jpg?resize=525%2C300&ssl=1 1.5x, https:\/\/i0.wp.com\/www.grieta.org.mx\/wp-content\/uploads\/2021\/07\/1-3.jpg?resize=700%2C400&ssl=1 2x, https:\/\/i0.wp.com\/www.grieta.org.mx\/wp-content\/uploads\/2021\/07\/1-3.jpg?resize=1050%2C600&ssl=1 3x"},"classes":[]},{"id":60284,"url":"https:\/\/www.grieta.org.mx\/index.php\/2021\/07\/06\/alerta-un-dia-despues-de-descender-un-helicoptero-en-el-rebollero-oaxaca-personas-armadas-atacan-a-los-comuneros\/","url_meta":{"origin":62636,"position":5},"title":"Alerta: Un d\u00eda despu\u00e9s de descender un helic\u00f3ptero en El Rebollero, Oaxaca, personas armadas atacan a los comuneros","author":"grieta","date":"6 julio, 2021","format":false,"excerpt":"Colectivo Grieta. En comunicado urgente dirigido al Ejercito Zapatista de Liberaci\u00f3n Nacional, al Congreso Nacional Ind\u00edgena-Concejo Ind\u00edgena de Gobierno y a los Medios Libres e Independientes, \"los comuneros de El Rebollero y R\u00edo Minas, perteneciente al municipio de Cuatro Venados, ubicado a menos de 1 hora de la ciudad de\u2026","rel":"","context":"En &quot;CINTILLO&quot;","block_context":{"text":"CINTILLO","link":"https:\/\/www.grieta.org.mx\/index.php\/category\/cintillo\/"},"img":{"alt_text":"","src":"https:\/\/i0.wp.com\/www.grieta.org.mx\/wp-content\/uploads\/2021\/07\/a-1.jpg?resize=350%2C200&ssl=1","width":350,"height":200,"srcset":"https:\/\/i0.wp.com\/www.grieta.org.mx\/wp-content\/uploads\/2021\/07\/a-1.jpg?resize=350%2C200&ssl=1 1x, https:\/\/i0.wp.com\/www.grieta.org.mx\/wp-content\/uploads\/2021\/07\/a-1.jpg?resize=525%2C300&ssl=1 1.5x"},"classes":[]}],"_links":{"self":[{"href":"https:\/\/www.grieta.org.mx\/index.php\/wp-json\/wp\/v2\/posts\/62636","targetHints":{"allow":["GET"]}}],"collection":[{"href":"https:\/\/www.grieta.org.mx\/index.php\/wp-json\/wp\/v2\/posts"}],"about":[{"href":"https:\/\/www.grieta.org.mx\/index.php\/wp-json\/wp\/v2\/types\/post"}],"author":[{"embeddable":true,"href":"https:\/\/www.grieta.org.mx\/index.php\/wp-json\/wp\/v2\/users\/2"}],"replies":[{"embeddable":true,"href":"https:\/\/www.grieta.org.mx\/index.php\/wp-json\/wp\/v2\/comments?post=62636"}],"version-history":[{"count":1,"href":"https:\/\/www.grieta.org.mx\/index.php\/wp-json\/wp\/v2\/posts\/62636\/revisions"}],"predecessor-version":[{"id":62646,"href":"https:\/\/www.grieta.org.mx\/index.php\/wp-json\/wp\/v2\/posts\/62636\/revisions\/62646"}],"wp:featuredmedia":[{"embeddable":true,"href":"https:\/\/www.grieta.org.mx\/index.php\/wp-json\/wp\/v2\/media\/62637"}],"wp:attachment":[{"href":"https:\/\/www.grieta.org.mx\/index.php\/wp-json\/wp\/v2\/media?parent=62636"}],"wp:term":[{"taxonomy":"category","embeddable":true,"href":"https:\/\/www.grieta.org.mx\/index.php\/wp-json\/wp\/v2\/categories?post=62636"},{"taxonomy":"post_tag","embeddable":true,"href":"https:\/\/www.grieta.org.mx\/index.php\/wp-json\/wp\/v2\/tags?post=62636"}],"curies":[{"name":"wp","href":"https:\/\/api.w.org\/{rel}","templated":true}]}}