{"id":62602,"date":"2021-09-01T20:10:45","date_gmt":"2021-09-02T01:10:45","guid":{"rendered":"https:\/\/www.grieta.org.mx\/?p=62602"},"modified":"2021-11-08T20:16:34","modified_gmt":"2021-11-09T02:16:34","slug":"protestan-en-zacatecas-contra-la-aprobacion-de-la-reforma-al-issstezac","status":"publish","type":"post","link":"https:\/\/www.grieta.org.mx\/index.php\/2021\/09\/01\/protestan-en-zacatecas-contra-la-aprobacion-de-la-reforma-al-issstezac\/","title":{"rendered":"Protestan en Zacatecas contra la aprobaci\u00f3n de la reforma al Issstezac"},"content":{"rendered":"<p>Con informaci\u00f3n de Proceso, mi\u00e9rcoles, 1 de septiembre de 2021<\/p>\n<p>ZACATECAS, Zac. (apro).- Maestros y bur\u00f3cratas del gobierno estatal realizaron una marcha, pararon labores en escuelas y tomaron vialidades en la capital del estado en rechazo a la pretensi\u00f3n del Congreso de Zacatecas, donde tienen la mayor\u00eda Morena y sus aliados, de aprobar este 2 de septiembre una serie de reformas a la Ley del Instituto de Seguridad y Servicios Sociales de los Trabajadores del Estado de Zacatecas (Issstezac).<\/p>\n<p>La iniciativa de reformas a la Ley del Issstezac fue presentada el 21 de junio por el gobernador saliente, el priista Alejandro Tello, a la 63 Legislatura del Estado, con el argumento de que, de no hacer cambios el organismo \u201ccolapsar\u00eda y se llevar\u00eda consigo las finanzas del estado de Zacatecas\u201d.<\/p>\n<p>La Auditor\u00eda Superior del Estado (ASE) report\u00f3 en quiebra t\u00e9cnica al Issstezac, que enfrenta ya dificultades para pagar pensiones a maestros jubilados de primarias, telesecundarias, de colegios de bachilleres del estado de Zacatecas, de trabajadores del gobierno estatal, del Poder Judicial, del Poder Legislativo, de los 58 municipios y de los organismos p\u00fablicos descentralizados y aut\u00f3nomos.<\/p>\n<p>En su iniciativa, el mandatario expone que en la actualidad son 4 mil 485 jubilados mientras que para 2025 el n\u00famero de jubilados, seg\u00fan los estudios actuariales, ser\u00e1 de 8 mil 998, por lo que es necesario hacer las modificaciones para obtener los respectivos recursos financieros para el fondo de pensiones.<\/p>\n<p>La llamada \u201cLey Tello\u201d ha encontrado resistencia en los sindicatos de trabajadores cotizantes al Instituto, quienes han conformado el \u201cFrente Com\u00fan de Defensa de los Derechohabientes del Issstezac\u201d, al considerar que el quebranto financiero del fondo de pensiones se debe a la mala administraci\u00f3n y la corrupci\u00f3n, por lo que piden sanciones para los responsables antes de modificar la ley para incrementarles cuotas de aportaci\u00f3n.<\/p>\n<p>\u201cPretende incrementar del 12 al 16 por ciento las cuotas de los trabajadores al fondo de pensiones, pero \u00e9stas ya hab\u00edan sido incrementadas en el 2015 del 6 al 12 por ciento\u201d, se\u00f1al\u00f3 la diputada morenista Alma D\u00e1vila, quien junto a los l\u00edderes sindicales tomaron desde el lunes 31 de agosto la sede del Congreso de Zacatecas para evitar un \u201calbazo\u201d legislativo.<\/p>\n<p>La iniciativa de Tello incrementa la edad de jubilaci\u00f3n, pone tope a las pensiones, reduce los d\u00edas de aguinaldo y propone que dentro de los 60 d\u00edas naturales posteriores a la entrada en vigor de su decreto, la Junta Directiva deber\u00e1 constituir la Unidad de Liquidaci\u00f3n de la Actividad Comercial y Tur\u00edstica, la cual dise\u00f1ar\u00e1 e implementar\u00e1 acciones para la liquidaci\u00f3n gradual de los recursos humanos y bienes del Instituto, tales como hoteles, farmacias, balnearios y terrenos.<\/p>\n<p>El bloque de diputados del PRI, PAN y PRD se opone a una aprobaci\u00f3n apresurada de la Ley Tello sin consultar a la base trabajadora mientras que los diputados de Morena y sus aliados impulsan su r\u00e1pida aprobaci\u00f3n, \u201cporque quieren que sea la actual administraci\u00f3n estatal y no el nuevo gobierno de Morena, de David Monreal, el que cargue con el costo pol\u00edtico de esta reforma\u201d, advirti\u00f3 el diputado perredista Juan Mendoza.<\/p>\n<p>La promesa de realizaci\u00f3n de foros y consulta a la base trabajadora por parte de la comisi\u00f3n de Parlamento Abierto, quien dictamina la iniciativa, apag\u00f3 las protestas y manifestaciones. Sin embargo, la Comisi\u00f3n Permanente de la Legislatura Local, integrada por diputados de Morena y de sus partidos aliados, sorprendieron con una sesi\u00f3n este lunes 31 de agosto en el auditorio del museo Manuel Felguerez, declarado como sede alterna.<\/p>\n<p>Para cuando los integrantes del Frente Com\u00fan de Defensa de los Derechohabientes del Issstezac llegaron al museo, al interior, la Comisi\u00f3n Permanente hab\u00eda aprobado ya la convocatoria a un periodo extraordinario de sesiones para este jueves 2 al mediod\u00eda para discutir y aprobar el dictamen, mientras diputados priistas, panistas y perredistas denunciaban que fueron citados de \u00faltimo momento para que no alcanzaran a llegar y participar en la sesi\u00f3n.<\/p>\n<p>El Frente Com\u00fan de Defensa de los Derechohabientes del Issstezac realiza desde las 7 horas de este mi\u00e9rcoles una marcha en rechazo a la aprobaci\u00f3n del dictamen de la iniciativa de reforma, y acusan a los diputados de Morena de traicionarlos al no tomar en cuesta a la base trabajadora para legislar.<\/p>\n<p>A la par los inconformes comenzaron un paro de labores en la Secretar\u00eda de Educaci\u00f3n del Estado, en Ciudad Administrativa, complejo de oficinas del gobierno estatal, en la secretar\u00eda de Finanzas del estado, y cientos de escuelas p\u00fablicas de educaci\u00f3n b\u00e1sica pararon labores.<\/p>\n<p>Despu\u00e9s de la marcha, en la que participaron miles de cotizantes y que sali\u00f3 de la M\u00e1quina 30-30 para llegar al Congreso del Estado, bloquearon el boulevard Eje Metropolitano, principal v\u00eda que conecta a la capital y Guadalupe, as\u00ed como los ingresos y salidas a ambas ciudades.<\/p>\n<p><a href=\"https:\/\/www.proceso.com.mx\/nacional\/2021\/9\/1\/protestan-en-zacatecas-contra-la-aprobacion-de-la-reforma-al-issstezac-271084.html?utm_source=pocket_mylist\">https:\/\/www.proceso.com.mx\/nacional\/2021\/9\/1\/protestan-en-zacatecas-contra-la-aprobacion-de-la-reforma-al-issstezac-271084.html?utm_source=pocket_mylist<\/a><\/p>\n","protected":false},"excerpt":{"rendered":"<p>Con informaci\u00f3n de Proceso, mi\u00e9rcoles, 1 de septiembre de 2021 ZACATECAS, Zac. (apro).- Maestros y bur\u00f3cratas del gobierno estatal realizaron una marcha, pararon labores en escuelas y tomaron vialidades en &hellip; <a href=\"https:\/\/www.grieta.org.mx\/index.php\/2021\/09\/01\/protestan-en-zacatecas-contra-la-aprobacion-de-la-reforma-al-issstezac\/\" class=\"more-link\">Leer m\u00e1s<\/a><\/p>\n","protected":false},"author":2,"featured_media":62603,"comment_status":"closed","ping_status":"closed","sticky":false,"template":"","format":"standard","meta":{"ngg_post_thumbnail":0,"_jetpack_newsletter_access":"","_jetpack_dont_email_post_to_subs":false,"_jetpack_newsletter_tier_id":0,"_jetpack_memberships_contains_paywalled_content":false,"_jetpack_memberships_contains_paid_content":false,"footnotes":""},"categories":[3773,76],"tags":[1563,2250,2841,3642],"class_list":["post-62602","post","type-post","status-publish","format-standard","has-post-thumbnail","hentry","category-conflictos-laborales-en-el-sector-publico-en-zacatecas","category-zacatecas","tag-burocratas","tag-conflictos-laborales-en-el-sector-publico","tag-explotacion-y-precariedad-laboral","tag-sistema-de-pensiones","entry"],"jetpack_featured_media_url":"https:\/\/www.grieta.org.mx\/wp-content\/uploads\/2021\/11\/141797.jpg","jetpack_sharing_enabled":true,"jetpack_shortlink":"https:\/\/wp.me\/p7ZJR4-ghI","jetpack_likes_enabled":false,"jetpack-related-posts":[{"id":60448,"url":"https:\/\/www.grieta.org.mx\/index.php\/2021\/07\/01\/se-suma-sitez-a-protestas-contra-reforma-a-la-ley-de-issstezac-zacatecas\/","url_meta":{"origin":62602,"position":0},"title":"Se suma SITEZ a protestas contra reforma a la Ley de Issstezac (Zacatecas)","author":"grieta","date":"1 julio, 2021","format":false,"excerpt":"KAREN CALDER\u00d3N \/ NTRZACATECAS.COM, 01 de julio de 2021 ZACATECAS. El Sindicato Independiente de Trabajadores del Estado de Zacatecas (SITEZ) se manifest\u00f3 a las afueras del Congreso del Estado y en Plaza de Armas en contra de la reforma a la Ley de Issstezac y de las percepciones extraordinarias del\u2026","rel":"","context":"En &quot;CINTILLO&quot;","block_context":{"text":"CINTILLO","link":"https:\/\/www.grieta.org.mx\/index.php\/category\/cintillo\/"},"img":{"alt_text":"","src":"https:\/\/i0.wp.com\/www.grieta.org.mx\/wp-content\/uploads\/2021\/07\/sitez-4-650x380-1.jpeg?resize=350%2C200&ssl=1","width":350,"height":200,"srcset":"https:\/\/i0.wp.com\/www.grieta.org.mx\/wp-content\/uploads\/2021\/07\/sitez-4-650x380-1.jpeg?resize=350%2C200&ssl=1 1x, https:\/\/i0.wp.com\/www.grieta.org.mx\/wp-content\/uploads\/2021\/07\/sitez-4-650x380-1.jpeg?resize=525%2C300&ssl=1 1.5x"},"classes":[]},{"id":60455,"url":"https:\/\/www.grieta.org.mx\/index.php\/2021\/07\/14\/estallan-protestas-por-nueva-de-ley-del-issstezac-zacatecas\/","url_meta":{"origin":62602,"position":1},"title":"Estallan protestas por nueva de Ley del Issstezac (Zacatecas)","author":"grieta","date":"14 julio, 2021","format":false,"excerpt":"Mi\u00e9rcoles, 14, Julio 2021 13:33. Escrito por Zacatecasonline Ante la posibilidad de que sea aprobada la iniciativa, enviada por el gobernador Alejandro Tello Cisterna, de reformas al Instituto de Seguridad y Servicios Sociales de los Trabajadores del Estado de Zacatecas (Issstezac), cientos de trabajadores y docentes de sindicatos salieron a\u2026","rel":"","context":"En &quot;CINTILLO&quot;","block_context":{"text":"CINTILLO","link":"https:\/\/www.grieta.org.mx\/index.php\/category\/cintillo\/"},"img":{"alt_text":"","src":"https:\/\/i0.wp.com\/www.grieta.org.mx\/wp-content\/uploads\/2021\/07\/protesta_1.jpeg?resize=350%2C200&ssl=1","width":350,"height":200,"srcset":"https:\/\/i0.wp.com\/www.grieta.org.mx\/wp-content\/uploads\/2021\/07\/protesta_1.jpeg?resize=350%2C200&ssl=1 1x, https:\/\/i0.wp.com\/www.grieta.org.mx\/wp-content\/uploads\/2021\/07\/protesta_1.jpeg?resize=525%2C300&ssl=1 1.5x"},"classes":[]},{"id":56044,"url":"https:\/\/www.grieta.org.mx\/index.php\/2020\/11\/13\/protestan-contra-la-reforma-a-issstezac-zacatecas\/","url_meta":{"origin":62602,"position":2},"title":"Protestan contra la reforma a Issstezac (Zacatecas)","author":"grieta","date":"13 noviembre, 2020","format":false,"excerpt":"FRANZELY REYNA \/ NTRZACATECAS.COM, 13 de noviembre de 2020 ZACATECAS. El Movimiento de Bases en Defensa del Instituto de Seguridad y Servicios Sociales de los Trabajadores del Estado de Zacatecas (Issstezac), se manifest\u00f3 en Zacatecas y Guadalupe, as\u00ed como en las principales calles del Centro Hist\u00f3rico de la capital con\u2026","rel":"","context":"En &quot;CINTILLO&quot;","block_context":{"text":"CINTILLO","link":"https:\/\/www.grieta.org.mx\/index.php\/category\/cintillo\/"},"img":{"alt_text":"","src":"https:\/\/i0.wp.com\/www.grieta.org.mx\/wp-content\/uploads\/2020\/12\/issstezac1.jpg?resize=350%2C200&ssl=1","width":350,"height":200,"srcset":"https:\/\/i0.wp.com\/www.grieta.org.mx\/wp-content\/uploads\/2020\/12\/issstezac1.jpg?resize=350%2C200&ssl=1 1x, https:\/\/i0.wp.com\/www.grieta.org.mx\/wp-content\/uploads\/2020\/12\/issstezac1.jpg?resize=525%2C300&ssl=1 1.5x, https:\/\/i0.wp.com\/www.grieta.org.mx\/wp-content\/uploads\/2020\/12\/issstezac1.jpg?resize=700%2C400&ssl=1 2x, https:\/\/i0.wp.com\/www.grieta.org.mx\/wp-content\/uploads\/2020\/12\/issstezac1.jpg?resize=1050%2C600&ssl=1 3x, https:\/\/i0.wp.com\/www.grieta.org.mx\/wp-content\/uploads\/2020\/12\/issstezac1.jpg?resize=1400%2C800&ssl=1 4x"},"classes":[]},{"id":8482,"url":"https:\/\/www.grieta.org.mx\/index.php\/2015\/03\/26\/reforma-a-la-ley-del-issstezac\/","url_meta":{"origin":62602,"position":3},"title":"Reforma a la ley del  ISSSTEZAC","author":"grieta","date":"26 marzo, 2015","format":false,"excerpt":"26\/03\/15. Una decena de maestros heridos, saldo de enfrentamiento de ayer por nueva Ley del Issstezac: disidencia de SNTE 58 La Jornada Zacatecas 25\/03\/15. Imparten charla sobre c\u00f3mo ampararse ante ley Issstezac NTR Period\u00edsmo Critico 25\/03\/15. Publican reforma Ley Issstezac en Peri\u00f3dico Oficial NTR Period\u00edsmo Critico 23\/03\/15. Este mi\u00e9rcoles, trabajadores\u2026","rel":"","context":"En &quot;Zacatecas&quot;","block_context":{"text":"Zacatecas","link":"https:\/\/www.grieta.org.mx\/index.php\/category\/noticias-nacionales\/zacatecas\/"},"img":{"alt_text":"","src":"https:\/\/i0.wp.com\/www.grieta.org.mx\/wp-content\/uploads\/2018\/03\/14524434_1106112876131411_958039263622046936_o.jpg?resize=350%2C200&ssl=1","width":350,"height":200,"srcset":"https:\/\/i0.wp.com\/www.grieta.org.mx\/wp-content\/uploads\/2018\/03\/14524434_1106112876131411_958039263622046936_o.jpg?resize=350%2C200&ssl=1 1x, https:\/\/i0.wp.com\/www.grieta.org.mx\/wp-content\/uploads\/2018\/03\/14524434_1106112876131411_958039263622046936_o.jpg?resize=525%2C300&ssl=1 1.5x, https:\/\/i0.wp.com\/www.grieta.org.mx\/wp-content\/uploads\/2018\/03\/14524434_1106112876131411_958039263622046936_o.jpg?resize=700%2C400&ssl=1 2x"},"classes":[]},{"id":60460,"url":"https:\/\/www.grieta.org.mx\/index.php\/2021\/07\/15\/frenan-protestas-reforma-issstezac-zacatecas\/","url_meta":{"origin":62602,"position":4},"title":"Frenan protestas reforma Issstezac (Zacatecas)","author":"grieta","date":"15 julio, 2021","format":false,"excerpt":"LANDY VALLE Y FRANZELY REYNA\/NTRZACATECAS.COM 15 de julio de 2021. Zacatecas, Zacatecas.-Tras horas de protestas en la capital del estado, sindicalizados acordaron con los diputados locales que recibieran sus propuestas y ampliaran la discusi\u00f3n de la reforma al Instituto de Seguridad y Servicios Sociales de los Trabajadores del Estado de\u2026","rel":"","context":"En &quot;CINTILLO&quot;","block_context":{"text":"CINTILLO","link":"https:\/\/www.grieta.org.mx\/index.php\/category\/cintillo\/"},"img":{"alt_text":"","src":"https:\/\/i0.wp.com\/www.grieta.org.mx\/wp-content\/uploads\/2021\/07\/sindicatos-2.jpg?resize=350%2C200&ssl=1","width":350,"height":200,"srcset":"https:\/\/i0.wp.com\/www.grieta.org.mx\/wp-content\/uploads\/2021\/07\/sindicatos-2.jpg?resize=350%2C200&ssl=1 1x, https:\/\/i0.wp.com\/www.grieta.org.mx\/wp-content\/uploads\/2021\/07\/sindicatos-2.jpg?resize=525%2C300&ssl=1 1.5x, https:\/\/i0.wp.com\/www.grieta.org.mx\/wp-content\/uploads\/2021\/07\/sindicatos-2.jpg?resize=700%2C400&ssl=1 2x, https:\/\/i0.wp.com\/www.grieta.org.mx\/wp-content\/uploads\/2021\/07\/sindicatos-2.jpg?resize=1050%2C600&ssl=1 3x, https:\/\/i0.wp.com\/www.grieta.org.mx\/wp-content\/uploads\/2021\/07\/sindicatos-2.jpg?resize=1400%2C800&ssl=1 4x"},"classes":[]},{"id":8393,"url":"https:\/\/www.grieta.org.mx\/index.php\/2015\/03\/25\/publican-reforma-ley-issstezac-en-periodico-oficial\/","url_meta":{"origin":62602,"position":5},"title":"Publican reforma Ley Issstezac en Peri\u00f3dico Oficial","author":"grieta","date":"25 marzo, 2015","format":false,"excerpt":"Mi\u00e9rcoles, 25 de marzo de 2015 STAFF \/ NTRZACATECAS.COM NTR Period\u00edsmo Critico Zacatecas.- Mediante un comunicado de prensa enviado por gobierno del estado se inform\u00f3 que este 21 de marzo se public\u00f3 la reforma a la ley del Instituto de Seguridad y Servicios Sociales de los Trabajadores del Estado de\u2026","rel":"","context":"En &quot;CINTILLO&quot;","block_context":{"text":"CINTILLO","link":"https:\/\/www.grieta.org.mx\/index.php\/category\/cintillo\/"},"img":{"alt_text":"","src":"https:\/\/i0.wp.com\/www.grieta.org.mx\/wp-content\/uploads\/2018\/03\/14524434_1106112876131411_958039263622046936_o.jpg?resize=350%2C200&ssl=1","width":350,"height":200,"srcset":"https:\/\/i0.wp.com\/www.grieta.org.mx\/wp-content\/uploads\/2018\/03\/14524434_1106112876131411_958039263622046936_o.jpg?resize=350%2C200&ssl=1 1x, https:\/\/i0.wp.com\/www.grieta.org.mx\/wp-content\/uploads\/2018\/03\/14524434_1106112876131411_958039263622046936_o.jpg?resize=525%2C300&ssl=1 1.5x, https:\/\/i0.wp.com\/www.grieta.org.mx\/wp-content\/uploads\/2018\/03\/14524434_1106112876131411_958039263622046936_o.jpg?resize=700%2C400&ssl=1 2x"},"classes":[]}],"_links":{"self":[{"href":"https:\/\/www.grieta.org.mx\/index.php\/wp-json\/wp\/v2\/posts\/62602","targetHints":{"allow":["GET"]}}],"collection":[{"href":"https:\/\/www.grieta.org.mx\/index.php\/wp-json\/wp\/v2\/posts"}],"about":[{"href":"https:\/\/www.grieta.org.mx\/index.php\/wp-json\/wp\/v2\/types\/post"}],"author":[{"embeddable":true,"href":"https:\/\/www.grieta.org.mx\/index.php\/wp-json\/wp\/v2\/users\/2"}],"replies":[{"embeddable":true,"href":"https:\/\/www.grieta.org.mx\/index.php\/wp-json\/wp\/v2\/comments?post=62602"}],"version-history":[{"count":1,"href":"https:\/\/www.grieta.org.mx\/index.php\/wp-json\/wp\/v2\/posts\/62602\/revisions"}],"predecessor-version":[{"id":62604,"href":"https:\/\/www.grieta.org.mx\/index.php\/wp-json\/wp\/v2\/posts\/62602\/revisions\/62604"}],"wp:featuredmedia":[{"embeddable":true,"href":"https:\/\/www.grieta.org.mx\/index.php\/wp-json\/wp\/v2\/media\/62603"}],"wp:attachment":[{"href":"https:\/\/www.grieta.org.mx\/index.php\/wp-json\/wp\/v2\/media?parent=62602"}],"wp:term":[{"taxonomy":"category","embeddable":true,"href":"https:\/\/www.grieta.org.mx\/index.php\/wp-json\/wp\/v2\/categories?post=62602"},{"taxonomy":"post_tag","embeddable":true,"href":"https:\/\/www.grieta.org.mx\/index.php\/wp-json\/wp\/v2\/tags?post=62602"}],"curies":[{"name":"wp","href":"https:\/\/api.w.org\/{rel}","templated":true}]}}