{"id":62601,"date":"2021-11-07T20:09:42","date_gmt":"2021-11-08T02:09:42","guid":{"rendered":"https:\/\/www.grieta.org.mx\/?p=62601"},"modified":"2021-11-08T20:28:30","modified_gmt":"2021-11-09T02:28:30","slug":"minera-de-canada-cimbra-area-protegida-de-salamanca-en-busca-de-oro-guanajuato","status":"publish","type":"post","link":"https:\/\/www.grieta.org.mx\/index.php\/2021\/11\/07\/minera-de-canada-cimbra-area-protegida-de-salamanca-en-busca-de-oro-guanajuato\/","title":{"rendered":"Minera de Canad\u00e1 cimbra \u00e1rea protegida de Salamanca en busca de oro (Guanajuato)"},"content":{"rendered":"<p>Cuca Dom\u00ednguez, Peri\u00f3dico Correo, 07 de noviembre de 2021<\/p>\n<p>Salamanca.- Los hermanos Nemorio y Mariano Villafa\u00f1a Garc\u00eda denunciaron que una empresa minera canadiense realiza exploraci\u00f3n en la zona de la comunidad Potrerillos, aleda\u00f1a a El Guangoche, de donde ellos son originarios y hasta donde se cimbra la tierra.<\/p>\n<blockquote><p>Est\u00e1n buscando oro y yo creo que s\u00ed hay algo ah\u00ed. Ya tienen ocho a\u00f1os trabajando, si no, ya se hubieran ido. Si fuera el caso, no nos va a tocar ver las monedas de oro; si lo encuentran nada se queda en M\u00e9xico, la mayor\u00eda se lo llevan a Canad\u00e1 de donde vienen (la empresa minera)\u201d, dijo uno de los hermanos.<\/p><\/blockquote>\n<p><a href=\"https:\/\/periodicocorreo.com.mx\/minera-de-canada-cimbra-area-protegida-de-salamanca-en-busca-de-oro\/\">https:\/\/periodicocorreo.com.mx\/minera-de-canada-cimbra-area-protegida-de-salamanca-en-busca-de-oro\/<\/a><\/p>\n<p>Los vecinos de las comunidades de El Guangoche y Los Organitos, ubicada a m\u00e1s de 30 kil\u00f3metros de la cabecera municipal denunciaron que las explosiones provenientes de la comunidad cimbran la tierra.<\/p>\n<figure id=\"attachment_62605\" aria-describedby=\"caption-attachment-62605\" style=\"width: 750px\" class=\"wp-caption alignnone\"><img loading=\"lazy\" decoding=\"async\" data-attachment-id=\"62605\" data-permalink=\"https:\/\/www.grieta.org.mx\/index.php\/2021\/11\/07\/minera-de-canada-cimbra-area-protegida-de-salamanca-en-busca-de-oro-guanajuato\/minera1-2\/\" data-orig-file=\"https:\/\/www.grieta.org.mx\/wp-content\/uploads\/2021\/11\/minera1.jpg\" data-orig-size=\"1280,720\" data-comments-opened=\"0\" data-image-meta=\"{&quot;aperture&quot;:&quot;0&quot;,&quot;credit&quot;:&quot;&quot;,&quot;camera&quot;:&quot;&quot;,&quot;caption&quot;:&quot;&quot;,&quot;created_timestamp&quot;:&quot;0&quot;,&quot;copyright&quot;:&quot;&quot;,&quot;focal_length&quot;:&quot;0&quot;,&quot;iso&quot;:&quot;0&quot;,&quot;shutter_speed&quot;:&quot;0&quot;,&quot;title&quot;:&quot;&quot;,&quot;orientation&quot;:&quot;0&quot;}\" data-image-title=\"minera1\" data-image-description=\"\" data-image-caption=\"&lt;p&gt;Hermanos Villafa\u00f1a. Foto: Cuca Dom\u00ednguez&lt;\/p&gt;\n\" data-medium-file=\"https:\/\/www.grieta.org.mx\/wp-content\/uploads\/2021\/11\/minera1-300x169.jpg\" data-large-file=\"https:\/\/www.grieta.org.mx\/wp-content\/uploads\/2021\/11\/minera1-1024x576.jpg\" class=\"wp-image-62605\" src=\"http:\/\/www.grieta.org.mx\/wp-content\/uploads\/2021\/11\/minera1.jpg\" alt=\"\" width=\"750\" height=\"422\" srcset=\"https:\/\/www.grieta.org.mx\/wp-content\/uploads\/2021\/11\/minera1.jpg 1280w, https:\/\/www.grieta.org.mx\/wp-content\/uploads\/2021\/11\/minera1-300x169.jpg 300w, https:\/\/www.grieta.org.mx\/wp-content\/uploads\/2021\/11\/minera1-1024x576.jpg 1024w, https:\/\/www.grieta.org.mx\/wp-content\/uploads\/2021\/11\/minera1-768x432.jpg 768w\" sizes=\"auto, (max-width: 750px) 100vw, 750px\" \/><figcaption id=\"caption-attachment-62605\" class=\"wp-caption-text\">Hermanos Villafa\u00f1a. Foto: Cuca Dom\u00ednguez<\/figcaption><\/figure>\n<p>Explicaron que los ensayos consisten en hacer perforaciones como para bombas de agua de entre cinco a diez pulgadas y de hasta mil metros de profundidad para detectar si hay metal suficiente, que sea costeable, para perforar la mina y afirmaron que las personas de la mina \u2014con enga\u00f1os\u2014 trabajan en esa zona:<\/p>\n<blockquote><p>\u201cEnga\u00f1an a la gente de la comunidad. Les dicen que les van a hacer caminos y no hacen nada; adem\u00e1s, si encuentran metales, se los llevan fuera del pa\u00eds. Yo opino que definitivamente no deber\u00eda de haber explotaciones mineras porque de haberlas nos van a contaminar el agua y si nos contaminan el agua los afectados somos los ciudadanos\u201d, insisti\u00f3 don Nemorio.<\/p><\/blockquote>\n<p>Remarc\u00f3 que la minera no les da nada a las personas de la comunidad, \u201csi acaso les dan trabajo y eso a los m\u00e1s j\u00f3venes y en esa comunidad no han de llegar a diez\u201d.<\/p>\n<p><strong><br \/>\nSin permiso\u2026 aparente<\/strong><\/p>\n<figure id=\"attachment_62606\" aria-describedby=\"caption-attachment-62606\" style=\"width: 750px\" class=\"wp-caption alignnone\"><img loading=\"lazy\" decoding=\"async\" data-attachment-id=\"62606\" data-permalink=\"https:\/\/www.grieta.org.mx\/index.php\/2021\/11\/07\/minera-de-canada-cimbra-area-protegida-de-salamanca-en-busca-de-oro-guanajuato\/minera2\/\" data-orig-file=\"https:\/\/www.grieta.org.mx\/wp-content\/uploads\/2021\/11\/minera2.jpg\" data-orig-size=\"1280,720\" data-comments-opened=\"0\" data-image-meta=\"{&quot;aperture&quot;:&quot;0&quot;,&quot;credit&quot;:&quot;&quot;,&quot;camera&quot;:&quot;&quot;,&quot;caption&quot;:&quot;&quot;,&quot;created_timestamp&quot;:&quot;0&quot;,&quot;copyright&quot;:&quot;&quot;,&quot;focal_length&quot;:&quot;0&quot;,&quot;iso&quot;:&quot;0&quot;,&quot;shutter_speed&quot;:&quot;0&quot;,&quot;title&quot;:&quot;&quot;,&quot;orientation&quot;:&quot;0&quot;}\" data-image-title=\"minera2\" data-image-description=\"\" data-image-caption=\"&lt;p&gt;Alcalde C\u00e9sar Prieto. Foto: Cuca Dom\u00ednguez&lt;\/p&gt;\n\" data-medium-file=\"https:\/\/www.grieta.org.mx\/wp-content\/uploads\/2021\/11\/minera2-300x169.jpg\" data-large-file=\"https:\/\/www.grieta.org.mx\/wp-content\/uploads\/2021\/11\/minera2-1024x576.jpg\" class=\"wp-image-62606\" src=\"http:\/\/www.grieta.org.mx\/wp-content\/uploads\/2021\/11\/minera2.jpg\" alt=\"\" width=\"750\" height=\"422\" srcset=\"https:\/\/www.grieta.org.mx\/wp-content\/uploads\/2021\/11\/minera2.jpg 1280w, https:\/\/www.grieta.org.mx\/wp-content\/uploads\/2021\/11\/minera2-300x169.jpg 300w, https:\/\/www.grieta.org.mx\/wp-content\/uploads\/2021\/11\/minera2-1024x576.jpg 1024w, https:\/\/www.grieta.org.mx\/wp-content\/uploads\/2021\/11\/minera2-768x432.jpg 768w\" sizes=\"auto, (max-width: 750px) 100vw, 750px\" \/><figcaption id=\"caption-attachment-62606\" class=\"wp-caption-text\">Alcalde C\u00e9sar Prieto. Foto: Cuca Dom\u00ednguez<\/figcaption><\/figure>\n<p>Por su parte, el alcalde C\u00e9sar Prieto Gallardo dijo que la operatividad de una mina en esta zona es un error.<\/p>\n<p>\u201cNo s\u00e9 qui\u00e9n est\u00e9 dando esos permisos porque son ilegales. Sabemos que las mineras vienen a destruir, no traen progreso como lo llaman, por ello estaremos muy al pendiente de revisar el tema (\u2026) Vamos a estar cuidando porque adem\u00e1s esta es un \u00c1rea Natural Protegida, es algo de lo que Salamanca se puede enorgullecer (\u2026)\u201d y a\u00f1adi\u00f3 que no permitir\u00e1n que s envenene y contamine el agua<\/p>\n<p>De acuerdo a la manifestaci\u00f3n de Impacto Ambiental, se autoriz\u00f3 un proyecto de Exploraci\u00f3n Minera Palma Grande, ANP Cuenca Alta del r\u00edo Temascat\u00edo y promovida por Exploraciones Mineras Parre\u00f1a S.A. de C.V. (con domicilio en Metepec, Estado de M\u00e9xico) el que debi\u00f3 concluir el agosto del 2019, pero se desconoce si obtuvieron otro permiso.<\/p>\n<p>El proyecto Palma Grande est\u00e1 ubicado al norte del municipio casi en los l\u00edmites con Irapuato al poniente, al norponiente con Guanajuato, al norte con Dolores Hidalgo y al nororiente con San Miguel de Allende. El predio se ubica a 400 metros al noreste de la comunidad La Palma y a 1,750 metros al noreste de la comunidad Potrerillos.<\/p>\n<figure id=\"attachment_62607\" aria-describedby=\"caption-attachment-62607\" style=\"width: 647px\" class=\"wp-caption alignnone\"><img loading=\"lazy\" decoding=\"async\" data-attachment-id=\"62607\" data-permalink=\"https:\/\/www.grieta.org.mx\/index.php\/2021\/11\/07\/minera-de-canada-cimbra-area-protegida-de-salamanca-en-busca-de-oro-guanajuato\/image-23-2\/\" data-orig-file=\"https:\/\/www.grieta.org.mx\/wp-content\/uploads\/2021\/11\/image-23.png\" data-orig-size=\"647,504\" data-comments-opened=\"0\" data-image-meta=\"{&quot;aperture&quot;:&quot;0&quot;,&quot;credit&quot;:&quot;&quot;,&quot;camera&quot;:&quot;&quot;,&quot;caption&quot;:&quot;&quot;,&quot;created_timestamp&quot;:&quot;0&quot;,&quot;copyright&quot;:&quot;&quot;,&quot;focal_length&quot;:&quot;0&quot;,&quot;iso&quot;:&quot;0&quot;,&quot;shutter_speed&quot;:&quot;0&quot;,&quot;title&quot;:&quot;&quot;,&quot;orientation&quot;:&quot;0&quot;}\" data-image-title=\"image-23\" data-image-description=\"\" data-image-caption=\"&lt;p&gt;Foto: Semarnat&lt;\/p&gt;\n\" data-medium-file=\"https:\/\/www.grieta.org.mx\/wp-content\/uploads\/2021\/11\/image-23-300x234.png\" data-large-file=\"https:\/\/www.grieta.org.mx\/wp-content\/uploads\/2021\/11\/image-23.png\" class=\"size-full wp-image-62607\" src=\"http:\/\/www.grieta.org.mx\/wp-content\/uploads\/2021\/11\/image-23.png\" alt=\"\" width=\"647\" height=\"504\" srcset=\"https:\/\/www.grieta.org.mx\/wp-content\/uploads\/2021\/11\/image-23.png 647w, https:\/\/www.grieta.org.mx\/wp-content\/uploads\/2021\/11\/image-23-300x234.png 300w\" sizes=\"auto, (max-width: 647px) 100vw, 647px\" \/><figcaption id=\"caption-attachment-62607\" class=\"wp-caption-text\">Foto: Semarnat<\/figcaption><\/figure>\n<p>Consiste en la utilizaci\u00f3n de espacios dentro del ANP para habilitar si son necesarias las brechas que permitir\u00e1n el acceso a las \u00e1reas (planillas de barrenaci\u00f3n) donde se instalar\u00e1n de manera temporal los equipos, herramientas e insumos necesarios para el proceso de exploraci\u00f3n.<\/p>\n<p>Se precis\u00f3 en el informe de impacto ambiental que en cuanto al ruido y control de humo y part\u00edculas, se tendr\u00edan las medidas de prevenci\u00f3n para minimizar las emisiones de la atm\u00f3sfera y que contratar\u00edan unidades con verificaciones y mantenimiento peri\u00f3dico.<\/p>\n<p>Y se\u00f1alaron que la afectaci\u00f3n a la flora y fauna ser\u00eda m\u00ednima pues \u201cla perforaci\u00f3n no es da\u00f1ina\u201d.<\/p>\n<p><a href=\"https:\/\/periodicocorreo.com.mx\/minera-de-canada-cimbra-area-protegida-de-salamanca-en-busca-de-oro\/\">https:\/\/periodicocorreo.com.mx\/minera-de-canada-cimbra-area-protegida-de-salamanca-en-busca-de-oro\/<\/a><\/p>\n","protected":false},"excerpt":{"rendered":"<p>Cuca Dom\u00ednguez, Peri\u00f3dico Correo, 07 de noviembre de 2021 Salamanca.- Los hermanos Nemorio y Mariano Villafa\u00f1a Garc\u00eda denunciaron que una empresa minera canadiense realiza exploraci\u00f3n en la zona de la &hellip; <a href=\"https:\/\/www.grieta.org.mx\/index.php\/2021\/11\/07\/minera-de-canada-cimbra-area-protegida-de-salamanca-en-busca-de-oro-guanajuato\/\" class=\"more-link\">Leer m\u00e1s<\/a><\/p>\n","protected":false},"author":2,"featured_media":62608,"comment_status":"closed","ping_status":"closed","sticky":false,"template":"","format":"standard","meta":{"ngg_post_thumbnail":0,"_jetpack_newsletter_access":"","_jetpack_dont_email_post_to_subs":false,"_jetpack_newsletter_tier_id":0,"_jetpack_memberships_contains_paywalled_content":false,"_jetpack_memberships_contains_paid_content":false,"footnotes":""},"categories":[2739,1066,3582,2746,17],"tags":[2967,154,2216,394,3918,1178,3149],"class_list":["post-62601","post","type-post","status-publish","format-standard","has-post-thumbnail","hentry","category-conflictos-por-mineria-en-guanajuato","category-contaminacion-ambiental-en-guanajuato","category-defensa-de-la-tierra-y-el-territorio-en-guanajuato","category-destruccion-de-la-naturaleza-en-guanajuato","category-guanajuato","tag-afectaciones-por-mineria","tag-areas-naturales-protegidas","tag-conflictos-por-mineria","tag-contaminacion-por-mineria","tag-defensa-de-la-naturaleza","tag-destruccion-de-la-naturaleza","tag-lucha-contra-mineras","entry"],"jetpack_featured_media_url":"https:\/\/www.grieta.org.mx\/wp-content\/uploads\/2021\/11\/minera.jpg","jetpack_sharing_enabled":true,"jetpack_shortlink":"https:\/\/wp.me\/p7ZJR4-ghH","jetpack_likes_enabled":false,"jetpack-related-posts":[{"id":52689,"url":"https:\/\/www.grieta.org.mx\/index.php\/2020\/07\/22\/manifestacion-virtual-no-a-la-mina-en-dolores-hidalgo-guanajuato\/","url_meta":{"origin":62601,"position":0},"title":"Manifestaci\u00f3n Virtual \u201cNo a la Mina\u201d En Dolores Hidalgo  (Guanajuato)","author":"grieta","date":"22 julio, 2020","format":false,"excerpt":"En conmemoraci\u00f3n del \u201cDia Mundial Contra la Miner\u00eda a Cielo Abierto\u201d, activistas se manifestaron virtualmente para reiterar su inconformidad por la pretensi\u00f3n de explotaci\u00f3n que tiene la minera canadiense Argonaut Gold, sobre la mina en el Cerro Del Gallo, en la comunidad de San Ant\u00f3n de las minas, en Dolores\u2026","rel":"","context":"En &quot;CINTILLO&quot;","block_context":{"text":"CINTILLO","link":"https:\/\/www.grieta.org.mx\/index.php\/category\/cintillo\/"},"img":{"alt_text":"","src":"https:\/\/i0.wp.com\/www.grieta.org.mx\/wp-content\/uploads\/2020\/08\/0p.jpg?resize=350%2C200&ssl=1","width":350,"height":200,"srcset":"https:\/\/i0.wp.com\/www.grieta.org.mx\/wp-content\/uploads\/2020\/08\/0p.jpg?resize=350%2C200&ssl=1 1x, https:\/\/i0.wp.com\/www.grieta.org.mx\/wp-content\/uploads\/2020\/08\/0p.jpg?resize=525%2C300&ssl=1 1.5x, https:\/\/i0.wp.com\/www.grieta.org.mx\/wp-content\/uploads\/2020\/08\/0p.jpg?resize=700%2C400&ssl=1 2x, https:\/\/i0.wp.com\/www.grieta.org.mx\/wp-content\/uploads\/2020\/08\/0p.jpg?resize=1050%2C600&ssl=1 3x"},"classes":[]},{"id":37311,"url":"https:\/\/www.grieta.org.mx\/index.php\/2019\/07\/17\/la-cuenca-de-la-independencia-amenazada-por-proyecto-minero-guanajuato\/","url_meta":{"origin":62601,"position":1},"title":"La Cuenca de la Independencia amenazada por proyecto minero (Guanajuato)","author":"grieta","date":"17 julio, 2019","format":false,"excerpt":"Se contaminar\u00eda el acu\u00edfero que surte a municipios como Dolores Hidalgo y San Miguel de Allende. \u00a0 Redacci\u00f3n La Coperacha Ciudad de M\u00e9xico \/\/ 17 de julio de 2019 a Coalici\u00f3n en Defensa de la Cuenca de la Independencia y el colectivo Guardianes de la Cuenca, advirtieron que el proyecto\u2026","rel":"","context":"En &quot;CINTILLO&quot;","block_context":{"text":"CINTILLO","link":"https:\/\/www.grieta.org.mx\/index.php\/category\/cintillo\/"},"img":{"alt_text":"","src":"https:\/\/i0.wp.com\/www.grieta.org.mx\/wp-content\/uploads\/2019\/08\/cuenca-independencia-amenazada-proyecto-minero.jpg?resize=350%2C200&ssl=1","width":350,"height":200,"srcset":"https:\/\/i0.wp.com\/www.grieta.org.mx\/wp-content\/uploads\/2019\/08\/cuenca-independencia-amenazada-proyecto-minero.jpg?resize=350%2C200&ssl=1 1x, https:\/\/i0.wp.com\/www.grieta.org.mx\/wp-content\/uploads\/2019\/08\/cuenca-independencia-amenazada-proyecto-minero.jpg?resize=525%2C300&ssl=1 1.5x, https:\/\/i0.wp.com\/www.grieta.org.mx\/wp-content\/uploads\/2019\/08\/cuenca-independencia-amenazada-proyecto-minero.jpg?resize=700%2C400&ssl=1 2x, https:\/\/i0.wp.com\/www.grieta.org.mx\/wp-content\/uploads\/2019\/08\/cuenca-independencia-amenazada-proyecto-minero.jpg?resize=1050%2C600&ssl=1 3x"},"classes":[]},{"id":67975,"url":"https:\/\/www.grieta.org.mx\/index.php\/2023\/07\/18\/agrupaciones-protestan-contra-explotacion-del-cerro-del-gallo-en-dolores-hidalgo-por-minera-canadiense-guanajuato\/","url_meta":{"origin":62601,"position":2},"title":"Agrupaciones protestan contra explotaci\u00f3n del cerro del Gallo en Dolores Hidalgo por minera canadiense (Guanajuato)","author":"grieta","date":"18 julio, 2023","format":false,"excerpt":"Roberto L\u00f3pez Martes, Peri\u00f3dico Correo, 18 Julio, 2023 Dolores Hidalgo, Guanajuato.- A prop\u00f3sito del d\u00eda mundial contra la miner\u00eda a cielo abierto, el pr\u00f3ximo 22 de julio, tres agrupaciones se reunieron para dar a conocer que se mantienen en lucha contra la explotaci\u00f3n del cerro del Gallo, en San Ant\u00f3n\u2026","rel":"","context":"En &quot;CINTILLO&quot;","block_context":{"text":"CINTILLO","link":"https:\/\/www.grieta.org.mx\/index.php\/category\/cintillo\/"},"img":{"alt_text":"","src":"https:\/\/i0.wp.com\/www.grieta.org.mx\/wp-content\/uploads\/2023\/10\/cerro-610432957.jpg?resize=350%2C200&ssl=1","width":350,"height":200,"srcset":"https:\/\/i0.wp.com\/www.grieta.org.mx\/wp-content\/uploads\/2023\/10\/cerro-610432957.jpg?resize=350%2C200&ssl=1 1x, https:\/\/i0.wp.com\/www.grieta.org.mx\/wp-content\/uploads\/2023\/10\/cerro-610432957.jpg?resize=525%2C300&ssl=1 1.5x, https:\/\/i0.wp.com\/www.grieta.org.mx\/wp-content\/uploads\/2023\/10\/cerro-610432957.jpg?resize=700%2C400&ssl=1 2x, https:\/\/i0.wp.com\/www.grieta.org.mx\/wp-content\/uploads\/2023\/10\/cerro-610432957.jpg?resize=1050%2C600&ssl=1 3x"},"classes":[]},{"id":41518,"url":"https:\/\/www.grieta.org.mx\/index.php\/2019\/11\/21\/preparan-conversatorio-en-dolores-hidalgo-agua-y-mineria-guanajuato\/","url_meta":{"origin":62601,"position":3},"title":"Preparan conversatorio en Dolores Hidalgo \u201cAgua y Miner\u00eda\u201d (Guanajuato)","author":"grieta","date":"21 noviembre, 2019","format":false,"excerpt":"La Coalici\u00f3n en Defensa de la Cuenca de la Independencia CODECIN, Centro de Desarrollo Agropecuario A.C. CEDESA y el Colectivo Guardianes de la Cuenca convocan al conversatorio \u201cAgua y Miner\u00eda\u201d este s\u00e1bado 23 de Noviembre en el museo Bicentenario. Zona Franca, 21 de noviembre de 2019 Dolores Hidalgo Gto. Activistas\u2026","rel":"","context":"En &quot;CINTILLO&quot;","block_context":{"text":"CINTILLO","link":"https:\/\/www.grieta.org.mx\/index.php\/category\/cintillo\/"},"img":{"alt_text":"","src":"https:\/\/i0.wp.com\/www.grieta.org.mx\/wp-content\/uploads\/2019\/11\/h0.jpeg?resize=350%2C200&ssl=1","width":350,"height":200,"srcset":"https:\/\/i0.wp.com\/www.grieta.org.mx\/wp-content\/uploads\/2019\/11\/h0.jpeg?resize=350%2C200&ssl=1 1x, https:\/\/i0.wp.com\/www.grieta.org.mx\/wp-content\/uploads\/2019\/11\/h0.jpeg?resize=525%2C300&ssl=1 1.5x, https:\/\/i0.wp.com\/www.grieta.org.mx\/wp-content\/uploads\/2019\/11\/h0.jpeg?resize=700%2C400&ssl=1 2x"},"classes":[]},{"id":39630,"url":"https:\/\/www.grieta.org.mx\/index.php\/2019\/09\/17\/dolores-hidalgo-y-otros-seis-municipios-guanajuatenses-se-oponen-a-minera-a-cielo-abierto\/","url_meta":{"origin":62601,"position":4},"title":"Dolores Hidalgo, y otros seis municipios guanajuatenses se oponen a minera a cielo abierto","author":"grieta","date":"17 septiembre, 2019","format":false,"excerpt":"Pobladores de la zona del cerro del Gallo se oponen a yacimiento de oro concesionado a empresa canadiense Antonieta Herrera | El Sol del Bajio, 17b de septiembre de 2019 DOLORES HIDALGO. Campesinos de 21 comunidades del municipio de Dolores Hidalgo y de otros seis municipios de Guanajuato se oponen\u2026","rel":"","context":"En &quot;CINTILLO&quot;","block_context":{"text":"CINTILLO","link":"https:\/\/www.grieta.org.mx\/index.php\/category\/cintillo\/"},"img":{"alt_text":"","src":"https:\/\/i0.wp.com\/www.grieta.org.mx\/wp-content\/uploads\/2019\/09\/gto-minera.jpg?resize=350%2C200&ssl=1","width":350,"height":200,"srcset":"https:\/\/i0.wp.com\/www.grieta.org.mx\/wp-content\/uploads\/2019\/09\/gto-minera.jpg?resize=350%2C200&ssl=1 1x, https:\/\/i0.wp.com\/www.grieta.org.mx\/wp-content\/uploads\/2019\/09\/gto-minera.jpg?resize=525%2C300&ssl=1 1.5x, https:\/\/i0.wp.com\/www.grieta.org.mx\/wp-content\/uploads\/2019\/09\/gto-minera.jpg?resize=700%2C400&ssl=1 2x"},"classes":[]},{"id":62885,"url":"https:\/\/www.grieta.org.mx\/index.php\/2021\/11\/23\/marchan-por-alejar-de-dolores-hidalgo-el-proyecto-de-mina-a-cielo-abierto-guanajuato\/","url_meta":{"origin":62601,"position":5},"title":"Marchan por alejar de Dolores Hidalgo el proyecto de mina a cielo abierto (Guanajuato)","author":"grieta","date":"23 noviembre, 2021","format":false,"excerpt":"Mil personas realizan protesta pac\u00edfica en defensa de la Cuenca de la Independencia, sus recursos, su industria, y la salud y la vida de sus m\u00e1s de 600 mil habitantes POPLab, 23 de nov. 2021, Con informaci\u00f3n de Martha Silva. Fotos: Alonso Merino Lubetzky El Movimiento Social Contra la Miner\u00eda\u2026","rel":"","context":"En &quot;CINTILLO&quot;","block_context":{"text":"CINTILLO","link":"https:\/\/www.grieta.org.mx\/index.php\/category\/cintillo\/"},"img":{"alt_text":"","src":"https:\/\/i0.wp.com\/www.grieta.org.mx\/wp-content\/uploads\/2021\/12\/DH43-scaled.jpg?resize=350%2C200&ssl=1","width":350,"height":200,"srcset":"https:\/\/i0.wp.com\/www.grieta.org.mx\/wp-content\/uploads\/2021\/12\/DH43-scaled.jpg?resize=350%2C200&ssl=1 1x, https:\/\/i0.wp.com\/www.grieta.org.mx\/wp-content\/uploads\/2021\/12\/DH43-scaled.jpg?resize=525%2C300&ssl=1 1.5x, https:\/\/i0.wp.com\/www.grieta.org.mx\/wp-content\/uploads\/2021\/12\/DH43-scaled.jpg?resize=700%2C400&ssl=1 2x, https:\/\/i0.wp.com\/www.grieta.org.mx\/wp-content\/uploads\/2021\/12\/DH43-scaled.jpg?resize=1050%2C600&ssl=1 3x, https:\/\/i0.wp.com\/www.grieta.org.mx\/wp-content\/uploads\/2021\/12\/DH43-scaled.jpg?resize=1400%2C800&ssl=1 4x"},"classes":[]}],"_links":{"self":[{"href":"https:\/\/www.grieta.org.mx\/index.php\/wp-json\/wp\/v2\/posts\/62601","targetHints":{"allow":["GET"]}}],"collection":[{"href":"https:\/\/www.grieta.org.mx\/index.php\/wp-json\/wp\/v2\/posts"}],"about":[{"href":"https:\/\/www.grieta.org.mx\/index.php\/wp-json\/wp\/v2\/types\/post"}],"author":[{"embeddable":true,"href":"https:\/\/www.grieta.org.mx\/index.php\/wp-json\/wp\/v2\/users\/2"}],"replies":[{"embeddable":true,"href":"https:\/\/www.grieta.org.mx\/index.php\/wp-json\/wp\/v2\/comments?post=62601"}],"version-history":[{"count":1,"href":"https:\/\/www.grieta.org.mx\/index.php\/wp-json\/wp\/v2\/posts\/62601\/revisions"}],"predecessor-version":[{"id":62609,"href":"https:\/\/www.grieta.org.mx\/index.php\/wp-json\/wp\/v2\/posts\/62601\/revisions\/62609"}],"wp:featuredmedia":[{"embeddable":true,"href":"https:\/\/www.grieta.org.mx\/index.php\/wp-json\/wp\/v2\/media\/62608"}],"wp:attachment":[{"href":"https:\/\/www.grieta.org.mx\/index.php\/wp-json\/wp\/v2\/media?parent=62601"}],"wp:term":[{"taxonomy":"category","embeddable":true,"href":"https:\/\/www.grieta.org.mx\/index.php\/wp-json\/wp\/v2\/categories?post=62601"},{"taxonomy":"post_tag","embeddable":true,"href":"https:\/\/www.grieta.org.mx\/index.php\/wp-json\/wp\/v2\/tags?post=62601"}],"curies":[{"name":"wp","href":"https:\/\/api.w.org\/{rel}","templated":true}]}}