{"id":62572,"date":"2021-10-28T14:34:12","date_gmt":"2021-10-28T19:34:12","guid":{"rendered":"https:\/\/www.grieta.org.mx\/?p=62572"},"modified":"2021-11-01T14:40:41","modified_gmt":"2021-11-01T20:40:41","slug":"colectivos-de-familias-de-personas-desaparecidas-en-nayarit-piden-reunion-con-comite-de-la-onu-ced","status":"publish","type":"post","link":"https:\/\/www.grieta.org.mx\/index.php\/2021\/10\/28\/colectivos-de-familias-de-personas-desaparecidas-en-nayarit-piden-reunion-con-comite-de-la-onu-ced\/","title":{"rendered":"Colectivos de familias de personas desaparecidas en Nayarit piden reuni\u00f3n con Comit\u00e9 de la ONU (CED)"},"content":{"rendered":"<p>Foto: El Sol de Nayarit<\/p>\n<p>Redacci\u00f3n \/ El Sol de Nayarit<\/p>\n<p>Los colectivos de familias de personas desaparecidas en el estado de Nayarit, &#8220;Familias Unidas por Nayarit (COFAUNNAY)&#8221;, &#8220;En Busca de Verdad y Justicia&#8221;, &#8220;Por Nuestros Corazones&#8221; y &#8220;Renacer por Amor a Ellos&#8221;, acompa\u00f1ados por\u00a0la\u00a0Federaci\u00f3n Internacional de Derechos Humanos\u00a0(FIDH)\u00a0y por\u00a0IDHEAS Litigio Estrat\u00e9gico en Derechos Humanos A.C.,\u00a0enviaron una carta formal al Comit\u00e9 CED, solicitando que durante su visita a M\u00e9xico en el mes de noviembre del presente a\u00f1o, asistan a Nayarit y se re\u00fanan con los colectivos de familiares de personas desaparecidas, para dar conocer de primera mano la situaci\u00f3n que se vive en la entidad.<\/p>\n<p>Dicha petici\u00f3n est\u00e1 basada en lo sucedido entre los a\u00f1os 2011 y 2017, donde los colectivos han denunciado los delitos de desaparici\u00f3n forzada atribuidos a autoridades estatales ministeriales y policiales, y la ausencia de investigaci\u00f3n y castigo de los responsables.<\/p>\n<p>Las familias de Nayarit, al no obtener avances sobre la b\u00fasqueda de sus seres queridos, ni de las investigaciones sobre los autores de las desapariciones, acompa\u00f1ados por IDHEAS,\u00a0acudieron al Comit\u00e9 contra las Desapariciones Forzadas de la ONU (CED), para denunciar las desapariciones forzadas. Este \u00f3rgano, atendiendo la comunicaci\u00f3n, emiti\u00f3 acciones urgentes para la b\u00fasqueda de 39 personas desaparecidas en agosto de 2020.<\/p>\n<p>Como resultado del proceso de documentaci\u00f3n y acompa\u00f1amiento en los casos, el 29 de junio de 2021 la FIDH e IDHEA, presentan un informe donde se denuncia la posible comisi\u00f3n de cr\u00edmenes de lesa humanidad en el Estado de Nayarit ante la Corte Penal Internacional (CPI), y se urge a la Corte que considere abrir un examen preliminar sobre M\u00e9xico.<\/p>\n<p>El informe detalla la falta de acci\u00f3n y negligencia de las autoridades locales en la investigaci\u00f3n y el enjuiciamiento de casos de desaparici\u00f3n forzada cometidos durante el gobierno en ese periodo de tiempo, a pesar de los arduos esfuerzos para obtener alguna medida de justicia realizados por los colectivos de familiares de v\u00edctimas de desaparici\u00f3n forzada del Estado de Nayarit.<\/p>\n<p>Ante este contexto, los colectivos han solicitado que los miembros del CED acudan a Nayarit y se re\u00fanan con las familias quienes podr\u00e1n informar la terrible situaci\u00f3n de impunidad, la ausencia de investigaciones efectivas, la omisi\u00f3n en el castigo de los responsables, el retraso en las b\u00fasquedas e identificaciones, as\u00ed como las amenazas contra los y las l\u00edderes de los colectivos.<\/p>\n<p><a href=\"http:\/\/www.elsoldenayarit.mx\/cultura\/80776-colectivos-de-familias-de-personas-desaparecidas-en-nayarit-solicitan-reunion-con-el-comite-contra-la-desaparicion-forzada-de-la-onu-ced\">http:\/\/www.elsoldenayarit.mx\/cultura\/80776-colectivos-de-familias-de-personas-desaparecidas-en-nayarit-solicitan-reunion-con-el-comite-contra-la-desaparicion-forzada-de-la-onu-ced<\/a><\/p>\n","protected":false},"excerpt":{"rendered":"<p>Foto: El Sol de Nayarit Redacci\u00f3n \/ El Sol de Nayarit Los colectivos de familias de personas desaparecidas en el estado de Nayarit, &#8220;Familias Unidas por Nayarit (COFAUNNAY)&#8221;, &#8220;En Busca &hellip; <a href=\"https:\/\/www.grieta.org.mx\/index.php\/2021\/10\/28\/colectivos-de-familias-de-personas-desaparecidas-en-nayarit-piden-reunion-con-comite-de-la-onu-ced\/\" class=\"more-link\">Leer m\u00e1s<\/a><\/p>\n","protected":false},"author":2,"featured_media":62573,"comment_status":"closed","ping_status":"closed","sticky":false,"template":"","format":"standard","meta":{"ngg_post_thumbnail":0,"_jetpack_newsletter_access":"","_jetpack_dont_email_post_to_subs":false,"_jetpack_newsletter_tier_id":0,"_jetpack_memberships_contains_paywalled_content":false,"_jetpack_memberships_contains_paid_content":false,"footnotes":""},"categories":[80,87,2267,23,2,83],"tags":[1828,3018,121,1668],"class_list":["post-62572","post","type-post","status-publish","format-standard","has-post-thumbnail","hentry","category-cintillo","category-desaparecidos","category-desaparecidos-en-nayarit","category-nayarit","category-noticias-nacionales","category-temas-nacionales","tag-busqueda-de-desaparecidos","tag-colectivos-de-busqueda-de-desaparecidos","tag-desaparecidos","tag-familiares-de-desaparecidos","entry"],"jetpack_featured_media_url":"https:\/\/www.grieta.org.mx\/wp-content\/uploads\/2021\/11\/temp_nota_01_80776_17_20211028175548_117captura_de_pantalla_2021-10-28_a_la_s__11.55.31_a.m.jpg","jetpack_sharing_enabled":true,"jetpack_shortlink":"https:\/\/wp.me\/p7ZJR4-ghe","jetpack_likes_enabled":false,"jetpack-related-posts":[{"id":72277,"url":"https:\/\/www.grieta.org.mx\/index.php\/2025\/08\/21\/desaparecen-a-los-desaparecidos-nayarit-registra-doble-desaparicion-de-cuerpos\/","url_meta":{"origin":62572,"position":0},"title":"Desaparecen a los desaparecidos, Nayarit registra doble desaparici\u00f3n de cuerpos","author":"grieta","date":"21 agosto, 2025","format":false,"excerpt":"Imagen:\u00a0 Tomada de Pagina de Facebook, Colectivo Familias Unidas por Nayarit Alberto Cardona\/ Meganoticias Mx En M\u00e9xico, el Registro Nacional de Personas Desaparecidas y No Localizadas (RNPDNO) precisa m\u00e1s de 125 mil personas desaparecidas hasta la fecha, seg\u00fan datos de la Secretar\u00eda de Gobernaci\u00f3n, la mayor\u00eda de estas desapariciones, al\u2026","rel":"","context":"En &quot;CINTILLO&quot;","block_context":{"text":"CINTILLO","link":"https:\/\/www.grieta.org.mx\/index.php\/category\/cintillo\/"},"img":{"alt_text":"","src":"https:\/\/i0.wp.com\/www.grieta.org.mx\/wp-content\/uploads\/2025\/08\/482253949_1068616391976670_6560847312181179540_n.jpg?resize=350%2C200&ssl=1","width":350,"height":200,"srcset":"https:\/\/i0.wp.com\/www.grieta.org.mx\/wp-content\/uploads\/2025\/08\/482253949_1068616391976670_6560847312181179540_n.jpg?resize=350%2C200&ssl=1 1x, https:\/\/i0.wp.com\/www.grieta.org.mx\/wp-content\/uploads\/2025\/08\/482253949_1068616391976670_6560847312181179540_n.jpg?resize=525%2C300&ssl=1 1.5x, https:\/\/i0.wp.com\/www.grieta.org.mx\/wp-content\/uploads\/2025\/08\/482253949_1068616391976670_6560847312181179540_n.jpg?resize=700%2C400&ssl=1 2x, https:\/\/i0.wp.com\/www.grieta.org.mx\/wp-content\/uploads\/2025\/08\/482253949_1068616391976670_6560847312181179540_n.jpg?resize=1050%2C600&ssl=1 3x, https:\/\/i0.wp.com\/www.grieta.org.mx\/wp-content\/uploads\/2025\/08\/482253949_1068616391976670_6560847312181179540_n.jpg?resize=1400%2C800&ssl=1 4x"},"classes":[]},{"id":67094,"url":"https:\/\/www.grieta.org.mx\/index.php\/2023\/05\/10\/nayarit-activistas-temen-por-su-vida-tras-la-busqueda-de-desaparecidos\/","url_meta":{"origin":62572,"position":1},"title":"Nayarit: Activistas temen por su vida tras la b\u00fasqueda de desaparecidos","author":"grieta","date":"10 mayo, 2023","format":false,"excerpt":"Imagen: Familias Unidas Por Nayarit 21 activistas buscadores han sido asesinados del 2010 a la fecha Crys Ben\u00edtez \/ El Occodental TEPIC, Nayarit (OEM-Informex).- Del 2010 a la fecha al menos\u00a021 activistas buscadores han sido asesinados, tan solo en el 2022 a cinco madres les han quitado la vida. A\u2026","rel":"","context":"En &quot;CINTILLO&quot;","block_context":{"text":"CINTILLO","link":"https:\/\/www.grieta.org.mx\/index.php\/category\/cintillo\/"},"img":{"alt_text":"","src":"https:\/\/i0.wp.com\/www.grieta.org.mx\/wp-content\/uploads\/2023\/06\/WhatsApp-Image-2023-05-10-at-3.00.29-PM.jpeg?resize=350%2C200&ssl=1","width":350,"height":200,"srcset":"https:\/\/i0.wp.com\/www.grieta.org.mx\/wp-content\/uploads\/2023\/06\/WhatsApp-Image-2023-05-10-at-3.00.29-PM.jpeg?resize=350%2C200&ssl=1 1x, https:\/\/i0.wp.com\/www.grieta.org.mx\/wp-content\/uploads\/2023\/06\/WhatsApp-Image-2023-05-10-at-3.00.29-PM.jpeg?resize=525%2C300&ssl=1 1.5x, https:\/\/i0.wp.com\/www.grieta.org.mx\/wp-content\/uploads\/2023\/06\/WhatsApp-Image-2023-05-10-at-3.00.29-PM.jpeg?resize=700%2C400&ssl=1 2x"},"classes":[]},{"id":65987,"url":"https:\/\/www.grieta.org.mx\/index.php\/2022\/12\/24\/nayarit-familiares-montan-el-desgarrador-arbol-de-navidad-para-recordar-a-los-desaparecidos-en-la-entidad\/","url_meta":{"origin":62572,"position":2},"title":"Nayarit: familiares montan el desgarrador \u00e1rbol de Navidad para recordar a los desaparecidos en la entidad","author":"grieta","date":"24 diciembre, 2022","format":false,"excerpt":"Imagen: Especial Karina Cancino \/ El Heraldo de M\u00e9xico El Colectivo Familias Unidas por Nayarit (COFAUNAY) coloc\u00f3 un \u00e1rbol de Navidad frente a la catedral de la Asunci\u00f3n de Tepic, para conmemorar y exigir el regreso de personas desaparecidas, en la v\u00edspera de la Nochebuena. El \"\u00c1rbol de la Esperanza\"\u00a0muestra\u2026","rel":"","context":"En &quot;CINTILLO&quot;","block_context":{"text":"CINTILLO","link":"https:\/\/www.grieta.org.mx\/index.php\/category\/cintillo\/"},"img":{"alt_text":"","src":"https:\/\/i0.wp.com\/www.grieta.org.mx\/wp-content\/uploads\/2022\/12\/f768x1-642795_642922_5050.jpeg?resize=350%2C200&ssl=1","width":350,"height":200,"srcset":"https:\/\/i0.wp.com\/www.grieta.org.mx\/wp-content\/uploads\/2022\/12\/f768x1-642795_642922_5050.jpeg?resize=350%2C200&ssl=1 1x, https:\/\/i0.wp.com\/www.grieta.org.mx\/wp-content\/uploads\/2022\/12\/f768x1-642795_642922_5050.jpeg?resize=525%2C300&ssl=1 1.5x, https:\/\/i0.wp.com\/www.grieta.org.mx\/wp-content\/uploads\/2022\/12\/f768x1-642795_642922_5050.jpeg?resize=700%2C400&ssl=1 2x"},"classes":[]},{"id":65039,"url":"https:\/\/www.grieta.org.mx\/index.php\/2022\/08\/30\/colectivos-ponen-memorial-frente-a-la-casa-de-gobierno-de-nayarit-exigen-a-autoridades-continuar-con-la-busqueda\/","url_meta":{"origin":62572,"position":3},"title":"Colectivos ponen memorial frente a la Casa de Gobierno de Nayarit, exigen a autoridades continuar con la b\u00fasqueda","author":"grieta","date":"30 agosto, 2022","format":false,"excerpt":"Imagen: Especial Karina Cancino \/ El Heraldo Buscadores del\u00a0Colectivo Familias Unidas por Nayarit\u00a0(COFAUNAY) conmemoraron el\u00a0D\u00eda Internacional de V\u00edctimas de Desaparici\u00f3n Forzada, instalando un memorial frente a Casa de Gobierno del estado, en la Plaza Benito Ju\u00e1rez, donde hicieron un llamado a las autoridades para continuar con las b\u00fasquedas, as\u00ed como\u00a0garantizar\u2026","rel":"","context":"En &quot;CINTILLO&quot;","block_context":{"text":"CINTILLO","link":"https:\/\/www.grieta.org.mx\/index.php\/category\/cintillo\/"},"img":{"alt_text":"","src":"https:\/\/i0.wp.com\/www.grieta.org.mx\/wp-content\/uploads\/2022\/09\/f960x540-567818_641893_0.jpg?resize=350%2C200&ssl=1","width":350,"height":200,"srcset":"https:\/\/i0.wp.com\/www.grieta.org.mx\/wp-content\/uploads\/2022\/09\/f960x540-567818_641893_0.jpg?resize=350%2C200&ssl=1 1x, https:\/\/i0.wp.com\/www.grieta.org.mx\/wp-content\/uploads\/2022\/09\/f960x540-567818_641893_0.jpg?resize=525%2C300&ssl=1 1.5x, https:\/\/i0.wp.com\/www.grieta.org.mx\/wp-content\/uploads\/2022\/09\/f960x540-567818_641893_0.jpg?resize=700%2C400&ssl=1 2x"},"classes":[]},{"id":56623,"url":"https:\/\/www.grieta.org.mx\/index.php\/2021\/01\/30\/gobierno-de-nayarit-desata-represion-sobre-familiares-de-desaparecidos-el-jueves-pasado-detuvo-a-santiago-perez-becerra-coordinador-de-familias-unidas-por-nayarit-organizaciones-denuncian\/","url_meta":{"origin":62572,"position":4},"title":"Gobierno de Nayarit desata represi\u00f3n sobre familiares de desaparecidos, el jueves pasado detuvo a Santiago P\u00e9rez Becerra, Coordinador de Familias Unidas por Nayarit; organizaciones denuncian","author":"grieta","date":"30 enero, 2021","format":false,"excerpt":"Foto: Realidades de Nayarit Naciones Unidas exhorta al Estado mexicano a garantizar la vida, seguridad e integridad de personas que han denunciado desapariciones forzadas cometidas por integrantes de la Fiscal\u00eda de Nayarit El Comit\u00e9 contra las Desapariciones Forzadas manifiesta su preocupaci\u00f3n por la campa\u00f1a de persecuci\u00f3n y falsos se\u00f1alamientos iniciada\u2026","rel":"","context":"En &quot;CINTILLO&quot;","block_context":{"text":"CINTILLO","link":"https:\/\/www.grieta.org.mx\/index.php\/category\/cintillo\/"},"img":{"alt_text":"","src":"https:\/\/i0.wp.com\/www.grieta.org.mx\/wp-content\/uploads\/2021\/02\/Santiago-Perez-representante-del-Colectivo-Familias-Unidad-por-Nayarit.jpg?resize=350%2C200&ssl=1","width":350,"height":200,"srcset":"https:\/\/i0.wp.com\/www.grieta.org.mx\/wp-content\/uploads\/2021\/02\/Santiago-Perez-representante-del-Colectivo-Familias-Unidad-por-Nayarit.jpg?resize=350%2C200&ssl=1 1x, https:\/\/i0.wp.com\/www.grieta.org.mx\/wp-content\/uploads\/2021\/02\/Santiago-Perez-representante-del-Colectivo-Familias-Unidad-por-Nayarit.jpg?resize=525%2C300&ssl=1 1.5x, https:\/\/i0.wp.com\/www.grieta.org.mx\/wp-content\/uploads\/2021\/02\/Santiago-Perez-representante-del-Colectivo-Familias-Unidad-por-Nayarit.jpg?resize=700%2C400&ssl=1 2x"},"classes":[]},{"id":68443,"url":"https:\/\/www.grieta.org.mx\/index.php\/2024\/01\/09\/madres-buscadoras-y-familiares-realizan-busqueda-de-desaparecidos-en-el-guamuchil\/","url_meta":{"origin":62572,"position":5},"title":"Madres buscadoras y familiares realizan b\u00fasqueda de desaparecidos en El Guam\u00fachil","author":"grieta","date":"9 enero, 2024","format":false,"excerpt":"Imagen:Especial Isrrael Torres \/ Tribuna de la Bah\u00eda La Comisi\u00f3n Estatal de Personas Desaparecidas, en conjunto con familias de desaparecidos y apoyados por la Guardia Nacional y la Polic\u00eda Estatal Coordinada,\u00a0realizaron labores de b\u00fasqueda en la ribera del r\u00edo de la localidad El Guam\u00fachil, en Bah\u00eda de Banderas. Hubo excavaciones\u2026","rel":"","context":"En &quot;CINTILLO&quot;","block_context":{"text":"CINTILLO","link":"https:\/\/www.grieta.org.mx\/index.php\/category\/cintillo\/"},"img":{"alt_text":"","src":"https:\/\/i0.wp.com\/www.grieta.org.mx\/wp-content\/uploads\/2024\/02\/busqueda-personas-desaparecidas-905x613-1.jpeg?resize=350%2C200&ssl=1","width":350,"height":200,"srcset":"https:\/\/i0.wp.com\/www.grieta.org.mx\/wp-content\/uploads\/2024\/02\/busqueda-personas-desaparecidas-905x613-1.jpeg?resize=350%2C200&ssl=1 1x, https:\/\/i0.wp.com\/www.grieta.org.mx\/wp-content\/uploads\/2024\/02\/busqueda-personas-desaparecidas-905x613-1.jpeg?resize=525%2C300&ssl=1 1.5x, https:\/\/i0.wp.com\/www.grieta.org.mx\/wp-content\/uploads\/2024\/02\/busqueda-personas-desaparecidas-905x613-1.jpeg?resize=700%2C400&ssl=1 2x"},"classes":[]}],"_links":{"self":[{"href":"https:\/\/www.grieta.org.mx\/index.php\/wp-json\/wp\/v2\/posts\/62572","targetHints":{"allow":["GET"]}}],"collection":[{"href":"https:\/\/www.grieta.org.mx\/index.php\/wp-json\/wp\/v2\/posts"}],"about":[{"href":"https:\/\/www.grieta.org.mx\/index.php\/wp-json\/wp\/v2\/types\/post"}],"author":[{"embeddable":true,"href":"https:\/\/www.grieta.org.mx\/index.php\/wp-json\/wp\/v2\/users\/2"}],"replies":[{"embeddable":true,"href":"https:\/\/www.grieta.org.mx\/index.php\/wp-json\/wp\/v2\/comments?post=62572"}],"version-history":[{"count":1,"href":"https:\/\/www.grieta.org.mx\/index.php\/wp-json\/wp\/v2\/posts\/62572\/revisions"}],"predecessor-version":[{"id":62574,"href":"https:\/\/www.grieta.org.mx\/index.php\/wp-json\/wp\/v2\/posts\/62572\/revisions\/62574"}],"wp:featuredmedia":[{"embeddable":true,"href":"https:\/\/www.grieta.org.mx\/index.php\/wp-json\/wp\/v2\/media\/62573"}],"wp:attachment":[{"href":"https:\/\/www.grieta.org.mx\/index.php\/wp-json\/wp\/v2\/media?parent=62572"}],"wp:term":[{"taxonomy":"category","embeddable":true,"href":"https:\/\/www.grieta.org.mx\/index.php\/wp-json\/wp\/v2\/categories?post=62572"},{"taxonomy":"post_tag","embeddable":true,"href":"https:\/\/www.grieta.org.mx\/index.php\/wp-json\/wp\/v2\/tags?post=62572"}],"curies":[{"name":"wp","href":"https:\/\/api.w.org\/{rel}","templated":true}]}}