{"id":62561,"date":"2021-10-20T13:16:52","date_gmt":"2021-10-20T18:16:52","guid":{"rendered":"https:\/\/www.grieta.org.mx\/?p=62561"},"modified":"2021-11-01T13:28:08","modified_gmt":"2021-11-01T19:28:08","slug":"ni-una-agresion-mas-a-la-comunidad-lgbt-condenan-ataque-con-acido-a-mujer-trans-en-guadalajara-jalisco","status":"publish","type":"post","link":"https:\/\/www.grieta.org.mx\/index.php\/2021\/10\/20\/ni-una-agresion-mas-a-la-comunidad-lgbt-condenan-ataque-con-acido-a-mujer-trans-en-guadalajara-jalisco\/","title":{"rendered":"\u201cNi una agresi\u00f3n m\u00e1s a la comunidad LGBT+\u201d: condenan ataque con \u00e1cido a mujer trans en Guadalajara (Jalisco)"},"content":{"rendered":"<p>Imagen: Zona Docs<\/p>\n<p><strong>La red feminista Yo Voy 8 de Marzo y organizaciones de la comunidad LGBTTTIQ+ en Jalisco manifestaron su repudio ante el ataque perpetrado en contra de una mujer trans en Guadalajara y la negaci\u00f3n del derecho a la atenci\u00f3n m\u00e9dica integral parte de un hospital privado.<\/strong><\/p>\n<p><strong>Expusieron a trav\u00e9s de un comunicado que esta agresi\u00f3n \u201ces una muestra clara de las consecuencias que tienen los prejuicios y los discursos de odio en contra de las personas trans y las disidencias sexuales, promovidos desde varios frentes conservadores en Jalisco y en M\u00e9xico\u201d.<\/strong><\/p>\n<p>Dalia Souza \/ Zona Docs<\/p>\n<p>De acuerdo con la Fiscal\u00eda del Estado de Jalisco,\u00a0<strong>una mujer trans fue agredida con \u00e1cido, la noche del martes 19 de octubre en el centro de Guadalajara<\/strong>. Se encontraba caminando con una amiga sobre las calles Francisco I. Madero en su cruce con la Calzada Independencia.\u00a0<strong>El agresor se acerc\u00f3 en una en motocicleta convers\u00f3 con ambas y finalmente arroj\u00f3 sobre el cuerpo y cara de la v\u00edctima un l\u00edquido corrosivo.<\/strong><\/p>\n<p>Por su parte, la organizaci\u00f3n\u00a0<em>Uni\u00f3n Diversa de Jalisco<\/em>\u00a0denunci\u00f3 que, si bien, param\u00e9dicos de servicios m\u00e9dicos municipales le brindaron atenci\u00f3n tras el llamado de auxilio,\u00a0<strong>cuando fue trasladada en una ambulancia al Hospital la Sant\u00edsima Trinidad, nosocomio particular, la atenci\u00f3n le fue negada.<\/strong><\/p>\n<p>El medio\u00a0<em>El debate inform\u00f3<\/em>\u00a0que la joven de 26 a\u00f1os de edad present\u00f3 quemaduras de segundo grado en el 60% de su cuerpo, de manera puntual en ambos brazos, cara y pecho. Por lo que, luego de ser negada la atenci\u00f3n en dicho hospital,\u00a0<strong>fue trasladada a la Cruz Verde Delgadillo Araujo, lugar del que \u201cfue dada de alta\u201d<\/strong>, seg\u00fan el comunicado de la Fiscal\u00eda, por encontrarse \u201cestable de salud y fuera de peligro\u201d. La dependencia afirm\u00f3 que \u201cde acuerdo con los reportes m\u00e9dicos su vida no est\u00e1 en riesgo\u201d.<\/p>\n<p>Sin embargo, la\u00a0<em>Red Yo Voy 8 de Marzo<\/em>, agrupaci\u00f3n feminista en el estado, repudi\u00f3 el ataque y el acto de discriminaci\u00f3n\u00a0presuntamente cometido por el hospital; advirtieron que\u00a0<strong>es una grave violaci\u00f3n a los derechos humanos haberle negado el acceso a los servicios de salud<\/strong>\u00a0y llamaron a que sean revisados los protocolos m\u00e9dicos y de operatividad de las pol\u00edticas p\u00fablicas existentes que protejan a la comunidad LGBTTTIQ+.<\/p>\n<p>De acuerdo con\u00a0el comunicado del Gobierno del estado de Jalisco,\u00a0<strong>la presunta negaci\u00f3n de servicios est\u00e1 siendo investigada\u00a0<\/strong>a trav\u00e9s del \u00d3rgano Interno de Control de la Secretar\u00eda de Salud Jalisco \u201cen los t\u00e9rminos que establece la Ley Estatal para Promover la Igualdad, Prevenir y Eliminar la Discriminaci\u00f3n (LEPIPED) y La Ley de Salud del Estado de Jalisco\u201d.<\/p>\n<p>Adem\u00e1s, informaron que\u00a0<strong>se present\u00f3 una queja ante el Consejo Nacional para Prevenir la Discriminaci\u00f3n (CONAPRED).<\/strong><\/p>\n<p>Por su parte, la red de feministas inst\u00f3 a la Secretar\u00eda de Igualdad Sustantiva entre Mujeres y Hombres (SISEMH), a la Direcci\u00f3n de Diversidad Sexual de la Subsecretar\u00eda de Derechos Humanos y a la Secretar\u00eda de Salud Jalisco a\u00a0<strong>crear e implementar medidas urgentes \u201cpara que, bajo ninguna circunstancia, vuelvan a ocurrir agresiones y ataques por cuesti\u00f3n de identidad, orientaci\u00f3n sexual y expresi\u00f3n de G\u00e9nero\u201d.<\/strong><\/p>\n<p>Hasta el momento, se sabe que la Fiscal\u00eda Especial en Derechos Humanos ha iniciado las investigaciones necesarias\u00a0<strong>\u201cbajo los protocolos especializados dirigidos a mujeres, mujeres trans y personas de la comunidad de la diversidad sexual\u201d\u00a0<\/strong>que permitan dar con el responsable de la agresi\u00f3n y\u00a0<strong>\u201cgarantizar a la v\u00edctima el acceso a la justicia\u201d<\/strong>\u00a0aseguraron en sus respectivos comunicados el Gobierno del Estado y la Fiscal\u00eda.<\/p>\n<p>Mientras tanto, advirtieron que la Direcci\u00f3n de Diversidad Sexual de la SISEMH y la Subsecretar\u00eda de Derechos Humanos\u00a0<strong>est\u00e1n procurando el acercamiento con la mujer agredida<\/strong>\u00a0\u201cpara ofrecer los\u00a0<strong>servicios de atenci\u00f3n integral especializada, acompa\u00f1amiento psicol\u00f3gico y jur\u00eddico<\/strong>\u00a0durante todo el proceso\u201d.<\/p>\n<p>Tanto la\u00a0<em>Red Yo Voy 8 de Marzo\u00a0<\/em>como la organizaci\u00f3n\u00a0<em>Uni\u00f3n Diversa de Jalisco<\/em>\u00a0coincidieron en que este ataque\u00a0<strong>es evidencia de la violencia desmedida que se ejerce en contra de las mujeres trans, comunidades diversas y dem\u00e1s disidencias sexuales<\/strong>, no s\u00f3lo de parte de la sociedad, sino tambi\u00e9n desde las instituciones.<\/p>\n<p>La red de feministas no dud\u00f3 en asegurar que tambi\u00e9n es una muestra clara de\u00a0<strong>\u201clas consecuencias que tienen los prejuicios y los discursos de odio\u201d\u00a0<\/strong>que promueven los frentes conservadores de Jalisco y M\u00e9xico en contra de la comunidad LGBTTTIQ+. En ese sentido,\u00a0<em>Uni\u00f3n Diversa<\/em>\u00a0sentenci\u00f3 que mientras no se atienda la violencia social y estructural que se ejerce hacia estas poblaciones, eventos lamentables como \u00e9ste seguir\u00e1n sucediendo.<\/p>\n<p>Finalmente, la red exigi\u00f3 que\u00a0<strong>se investigue a fondo la agresi\u00f3n y se lleven a cabo todas las acciones de reparaci\u00f3n del da\u00f1o, f\u00edsicas y psicol\u00f3gicas<\/strong>. Aunado a ello, en\u00a0<strong>un llamado de solidaridad y empat\u00eda<\/strong>\u00a0convocaron a la sociedad a no ser c\u00f3mplices de \u201clos discursos de odio con los que se perpet\u00faan diariamente los prejuicios que sustentan la violencia y la discriminaci\u00f3n.<\/p>\n<p>\u201cNi una agresi\u00f3n m\u00e1s a la comunidad LGBT+\u201d concluyeron.<\/p>\n<p>***<\/p>\n<p>La plataforma\u00a0<a href=\"https:\/\/visible.lgbt\/\">Visible<\/a>, creada por la organizaci\u00f3n\u00a0<em>Amicus A.C<\/em>, revela que\u00a0<strong>Jalisco ocupa el tercer lugar nacional con m\u00e1s ataques perpetrados en contra de la comunidad LGBTTTIQ+, 43 hasta octubre de 2021.<\/strong>\u00a0El primer lugar lo tiene Ciudad de M\u00e9xico con 58 y en segundo el Estado de M\u00e9xico con 45. En total, en el \u00faltimo a\u00f1o han sido reportados 293 incidentes de violencia en todo el pa\u00eds y\u00a0<strong>80 de estos han sido hacia mujeres transg\u00e9nero.<\/strong><\/p>\n<p><img decoding=\"async\" src=\"https:\/\/www.zonadocs.mx\/wp-content\/uploads\/2021\/10\/Mapa-ataques-contra-la-comunidad-LGBT_Visible.png\" \/><\/p>\n<p>Visible es la primera plataforma en l\u00ednea que permite reportar incidentes de violencia y discriminaci\u00f3n cometidos hacia las personas LGBTTTIQ+ en M\u00e9xico.<\/p>\n<p><a href=\"https:\/\/www.zonadocs.mx\/2021\/10\/20\/ni-una-agresion-mas-a-la-comunidad-lgbt-condenan-ataque-con-acido-a-mujer-trans-en-guadalajara\/\">https:\/\/www.zonadocs.mx\/2021\/10\/20\/ni-una-agresion-mas-a-la-comunidad-lgbt-condenan-ataque-con-acido-a-mujer-trans-en-guadalajara\/<\/a><\/p>\n","protected":false},"excerpt":{"rendered":"<p>Imagen: Zona Docs La red feminista Yo Voy 8 de Marzo y organizaciones de la comunidad LGBTTTIQ+ en Jalisco manifestaron su repudio ante el ataque perpetrado en contra de una &hellip; <a href=\"https:\/\/www.grieta.org.mx\/index.php\/2021\/10\/20\/ni-una-agresion-mas-a-la-comunidad-lgbt-condenan-ataque-con-acido-a-mujer-trans-en-guadalajara-jalisco\/\" class=\"more-link\">Leer m\u00e1s<\/a><\/p>\n","protected":false},"author":2,"featured_media":62562,"comment_status":"closed","ping_status":"closed","sticky":false,"template":"","format":"standard","meta":{"ngg_post_thumbnail":0,"_jetpack_newsletter_access":"","_jetpack_dont_email_post_to_subs":false,"_jetpack_newsletter_tier_id":0,"_jetpack_memberships_contains_paywalled_content":false,"_jetpack_memberships_contains_paid_content":false,"footnotes":""},"categories":[80,20,2,3670],"tags":[1954,3046,3045,3394,1226],"class_list":["post-62561","post","type-post","status-publish","format-standard","has-post-thumbnail","hentry","category-cintillo","category-jalisco","category-noticias-nacionales","category-violencia-contra-la-comunidad-lgbtttiq-en-jalisco","tag-alerta-de-violencia-de-genero","tag-exclusion-mujeres-trans","tag-lucha-personas-trans","tag-transfobia","tag-violencia-contra-la-comunidad-lgbttti","entry"],"jetpack_featured_media_url":"https:\/\/www.grieta.org.mx\/wp-content\/uploads\/2021\/11\/Portada_Ataque-a-Mujer-trans-en-Guadalajara_.jpg","jetpack_sharing_enabled":true,"jetpack_shortlink":"https:\/\/wp.me\/p7ZJR4-gh3","jetpack_likes_enabled":false,"jetpack-related-posts":[{"id":57697,"url":"https:\/\/www.grieta.org.mx\/index.php\/2021\/03\/07\/exigen-politicas-para-detener-violencia-contra-mujeres-de-la-comunidad-lgbtttiq-jalisco\/","url_meta":{"origin":62561,"position":0},"title":"Exigen pol\u00edticas para detener violencia contra mujeres de la comunidad LGBTTTIQ+ (Jalisco)","author":"grieta","date":"7 marzo, 2021","format":false,"excerpt":"Foto: Cuartoscuro Jalisco est\u00e1 entre los primeros 10 estados con mayor n\u00famero de asesinatos de la comunidad gay Elizabeth R\u00edos \/ El Occidental Porque las acciones que se han llevado hasta el momento para abatir el problema no han dado resultado, la agrupaci\u00f3n Uni\u00f3n Diversa de Jalisco exigi\u00f3 a autoridades\u2026","rel":"","context":"En &quot;CINTILLO&quot;","block_context":{"text":"CINTILLO","link":"https:\/\/www.grieta.org.mx\/index.php\/category\/cintillo\/"},"img":{"alt_text":"","src":"https:\/\/i0.wp.com\/www.grieta.org.mx\/wp-content\/uploads\/2021\/03\/comunidad-LGBTTTIQ.jpeg?resize=350%2C200&ssl=1","width":350,"height":200,"srcset":"https:\/\/i0.wp.com\/www.grieta.org.mx\/wp-content\/uploads\/2021\/03\/comunidad-LGBTTTIQ.jpeg?resize=350%2C200&ssl=1 1x, https:\/\/i0.wp.com\/www.grieta.org.mx\/wp-content\/uploads\/2021\/03\/comunidad-LGBTTTIQ.jpeg?resize=525%2C300&ssl=1 1.5x, https:\/\/i0.wp.com\/www.grieta.org.mx\/wp-content\/uploads\/2021\/03\/comunidad-LGBTTTIQ.jpeg?resize=700%2C400&ssl=1 2x"},"classes":[]},{"id":72300,"url":"https:\/\/www.grieta.org.mx\/index.php\/2025\/08\/18\/transfeminicidio-en-tepatitlan-joselinne-paez-muere-tras-brutal-ataque-activistas-exigen-justicia-jalisco\/","url_meta":{"origin":62561,"position":1},"title":"Transfeminicidio en Tepatitl\u00e1n: Joselinne P\u00e1ez muere tras brutal ataque, activistas exigen justicia (Jalisco)","author":"grieta","date":"18 agosto, 2025","format":false,"excerpt":"Imagen: Zona Docs Redacci\u00f3n \/ Zona Docs La agresi\u00f3n que sufri\u00f3 Joselinne P\u00e1ez deriv\u00f3 en lesiones graves que la llevaron a cuidados cr\u00edticos,\u00a0donde finalmente perdi\u00f3 la vida este 18 de agosto de 2025, esto a pesar de recibir atenci\u00f3n m\u00e9dica. Su muerte se suma a una ola de violencia contra\u2026","rel":"","context":"En &quot;CINTILLO&quot;","block_context":{"text":"CINTILLO","link":"https:\/\/www.grieta.org.mx\/index.php\/category\/cintillo\/"},"img":{"alt_text":"","src":"https:\/\/i0.wp.com\/www.grieta.org.mx\/wp-content\/uploads\/2025\/09\/2458bfcd-bd60-4316-a804-4e0144cbce58.jpeg?resize=350%2C200&ssl=1","width":350,"height":200,"srcset":"https:\/\/i0.wp.com\/www.grieta.org.mx\/wp-content\/uploads\/2025\/09\/2458bfcd-bd60-4316-a804-4e0144cbce58.jpeg?resize=350%2C200&ssl=1 1x, https:\/\/i0.wp.com\/www.grieta.org.mx\/wp-content\/uploads\/2025\/09\/2458bfcd-bd60-4316-a804-4e0144cbce58.jpeg?resize=525%2C300&ssl=1 1.5x, https:\/\/i0.wp.com\/www.grieta.org.mx\/wp-content\/uploads\/2025\/09\/2458bfcd-bd60-4316-a804-4e0144cbce58.jpeg?resize=700%2C400&ssl=1 2x"},"classes":[]},{"id":62896,"url":"https:\/\/www.grieta.org.mx\/index.php\/2021\/12\/06\/reportan-11-asesinatos-de-mujeres-trans-en-jalisco\/","url_meta":{"origin":62561,"position":2},"title":"Reportan 11 asesinatos de mujeres trans en Jalisco","author":"grieta","date":"6 diciembre, 2021","format":false,"excerpt":"Foto: Tomada de la Red Juan Levario \/ El Diario NTR De 2019 al 13 de junio de este a\u00f1o, en Jalisco ocurrieron 11 asesinatos de mujeres transexuales. Tras una solicitud de informaci\u00f3n, la Fiscal\u00eda del Estado dio a conocer que tiene registro de 10 v\u00edctimas entre 2019 y junio\u2026","rel":"","context":"En &quot;CINTILLO&quot;","block_context":{"text":"CINTILLO","link":"https:\/\/www.grieta.org.mx\/index.php\/category\/cintillo\/"},"img":{"alt_text":"","src":"","width":0,"height":0},"classes":[]},{"id":62575,"url":"https:\/\/www.grieta.org.mx\/index.php\/2021\/10\/24\/organizaciones-solicitan-ayuda-para-zoe-joven-trans-victima-de-agresion-con-acido-en-guadalajara-jalisco\/","url_meta":{"origin":62561,"position":3},"title":"Organizaciones solicitan ayuda para Zo\u00e9, joven trans v\u00edctima de agresi\u00f3n con \u00e1cido en Guadalajara (Jalisco)","author":"grieta","date":"24 octubre, 2021","format":false,"excerpt":"Imagen: Zona Docs La organizaci\u00f3n\u00a0Uni\u00f3n Diversa de Jalisco\u00a0alert\u00f3 el pasado mi\u00e9rcoles 20 de octubre sobre la situaci\u00f3n de una joven trans, quien fue agredida por un sujeto con una sustancia corrosiva mientras caminaba por la noche junto a una de sus amigas en el centro de Guadalajara, Jalisco. Aunque el\u2026","rel":"","context":"En &quot;CINTILLO&quot;","block_context":{"text":"CINTILLO","link":"https:\/\/www.grieta.org.mx\/index.php\/category\/cintillo\/"},"img":{"alt_text":"","src":"https:\/\/i0.wp.com\/www.grieta.org.mx\/wp-content\/uploads\/2021\/11\/246430744_4583576455031747_491345734025026301_n-1.png?resize=350%2C200&ssl=1","width":350,"height":200,"srcset":"https:\/\/i0.wp.com\/www.grieta.org.mx\/wp-content\/uploads\/2021\/11\/246430744_4583576455031747_491345734025026301_n-1.png?resize=350%2C200&ssl=1 1x, https:\/\/i0.wp.com\/www.grieta.org.mx\/wp-content\/uploads\/2021\/11\/246430744_4583576455031747_491345734025026301_n-1.png?resize=525%2C300&ssl=1 1.5x, https:\/\/i0.wp.com\/www.grieta.org.mx\/wp-content\/uploads\/2021\/11\/246430744_4583576455031747_491345734025026301_n-1.png?resize=700%2C400&ssl=1 2x"},"classes":[]},{"id":60509,"url":"https:\/\/www.grieta.org.mx\/index.php\/2021\/07\/11\/asesinan-a-cinco-mujeres-trans-en-un-mes-en-mexico-dos-de-ellas-de-el-salto-y-tonala-jalisco\/","url_meta":{"origin":62561,"position":4},"title":"Asesinan a cinco mujeres trans en un mes en M\u00e9xico; dos de ellas de El Salto y Tonal\u00e1 (Jalisco)","author":"grieta","date":"11 julio, 2021","format":false,"excerpt":"Foto: Ignacio P\u00e9rez Vega El mes de junio y lo que va de julio han sido letales para la comunidad trans en M\u00e9xico. En un lapso de 30 d\u00edas, cinco mujeres trans han sido asesinadas, estos posibles feminicidios se cometieron entre el 7 de junio y el 7 de julio:\u2026","rel":"","context":"En &quot;Baja California&quot;","block_context":{"text":"Baja California","link":"https:\/\/www.grieta.org.mx\/index.php\/category\/noticias-nacionales\/baja-california\/"},"img":{"alt_text":"","src":"https:\/\/i0.wp.com\/www.grieta.org.mx\/wp-content\/uploads\/2021\/07\/Cri%CC%81menes-de-odio-Ignacio-Pere%CC%81z-Vega.jpeg?resize=350%2C200&ssl=1","width":350,"height":200,"srcset":"https:\/\/i0.wp.com\/www.grieta.org.mx\/wp-content\/uploads\/2021\/07\/Cri%CC%81menes-de-odio-Ignacio-Pere%CC%81z-Vega.jpeg?resize=350%2C200&ssl=1 1x, https:\/\/i0.wp.com\/www.grieta.org.mx\/wp-content\/uploads\/2021\/07\/Cri%CC%81menes-de-odio-Ignacio-Pere%CC%81z-Vega.jpeg?resize=525%2C300&ssl=1 1.5x"},"classes":[]},{"id":60066,"url":"https:\/\/www.grieta.org.mx\/index.php\/2021\/06\/15\/comunidad-lgbt-exige-tipificacion-de-crimenes-de-odio-en-jalisco\/","url_meta":{"origin":62561,"position":5},"title":"Comunidad LGBT exige tipificaci\u00f3n de cr\u00edmenes de odio en Jalisco","author":"grieta","date":"15 junio, 2021","format":false,"excerpt":"Foto: Jorge Alberto Mendoza Redacci\u00f3n \/ El Diario NTR A pesar de los m\u00faltiples casos que se han registrado en Jalisco sobre la desaparici\u00f3n y asesinato de miembros de la Comunidad L\u00e9sbico, Gay, Bisexual, Transexual, Transg\u00e9nero, Travesti, Intersexual, y Queer (LGBTTTIQ+) ni los cr\u00edmenes de odio ni los transfeminicidios han\u2026","rel":"","context":"En &quot;CINTILLO&quot;","block_context":{"text":"CINTILLO","link":"https:\/\/www.grieta.org.mx\/index.php\/category\/cintillo\/"},"img":{"alt_text":"","src":"https:\/\/i0.wp.com\/www.grieta.org.mx\/wp-content\/uploads\/2021\/06\/2021-06-15_06-06-59___7161.jpg?resize=350%2C200&ssl=1","width":350,"height":200,"srcset":"https:\/\/i0.wp.com\/www.grieta.org.mx\/wp-content\/uploads\/2021\/06\/2021-06-15_06-06-59___7161.jpg?resize=350%2C200&ssl=1 1x, https:\/\/i0.wp.com\/www.grieta.org.mx\/wp-content\/uploads\/2021\/06\/2021-06-15_06-06-59___7161.jpg?resize=525%2C300&ssl=1 1.5x, https:\/\/i0.wp.com\/www.grieta.org.mx\/wp-content\/uploads\/2021\/06\/2021-06-15_06-06-59___7161.jpg?resize=700%2C400&ssl=1 2x"},"classes":[]}],"_links":{"self":[{"href":"https:\/\/www.grieta.org.mx\/index.php\/wp-json\/wp\/v2\/posts\/62561","targetHints":{"allow":["GET"]}}],"collection":[{"href":"https:\/\/www.grieta.org.mx\/index.php\/wp-json\/wp\/v2\/posts"}],"about":[{"href":"https:\/\/www.grieta.org.mx\/index.php\/wp-json\/wp\/v2\/types\/post"}],"author":[{"embeddable":true,"href":"https:\/\/www.grieta.org.mx\/index.php\/wp-json\/wp\/v2\/users\/2"}],"replies":[{"embeddable":true,"href":"https:\/\/www.grieta.org.mx\/index.php\/wp-json\/wp\/v2\/comments?post=62561"}],"version-history":[{"count":1,"href":"https:\/\/www.grieta.org.mx\/index.php\/wp-json\/wp\/v2\/posts\/62561\/revisions"}],"predecessor-version":[{"id":62564,"href":"https:\/\/www.grieta.org.mx\/index.php\/wp-json\/wp\/v2\/posts\/62561\/revisions\/62564"}],"wp:featuredmedia":[{"embeddable":true,"href":"https:\/\/www.grieta.org.mx\/index.php\/wp-json\/wp\/v2\/media\/62562"}],"wp:attachment":[{"href":"https:\/\/www.grieta.org.mx\/index.php\/wp-json\/wp\/v2\/media?parent=62561"}],"wp:term":[{"taxonomy":"category","embeddable":true,"href":"https:\/\/www.grieta.org.mx\/index.php\/wp-json\/wp\/v2\/categories?post=62561"},{"taxonomy":"post_tag","embeddable":true,"href":"https:\/\/www.grieta.org.mx\/index.php\/wp-json\/wp\/v2\/tags?post=62561"}],"curies":[{"name":"wp","href":"https:\/\/api.w.org\/{rel}","templated":true}]}}