{"id":62551,"date":"2021-10-20T19:28:35","date_gmt":"2021-10-21T00:28:35","guid":{"rendered":"https:\/\/www.grieta.org.mx\/?p=62551"},"modified":"2021-10-30T21:27:48","modified_gmt":"2021-10-31T02:27:48","slug":"policia-de-colima-no-participa-en-busqueda-de-desaparecidos","status":"publish","type":"post","link":"https:\/\/www.grieta.org.mx\/index.php\/2021\/10\/20\/policia-de-colima-no-participa-en-busqueda-de-desaparecidos\/","title":{"rendered":"Polic\u00eda de Colima no participa en b\u00fasqueda de desaparecidos"},"content":{"rendered":"<p>Imagen: Ilustrativa tomada de https:\/\/www.facebook.com\/reddesaparecidoscolima<\/p>\n<p>La Polic\u00eda Estatal de Colima report\u00f3 al Inegi no haber realizado acciones orientadas a la b\u00fasqueda y localizaci\u00f3n de personas desaparecidas o no localizadas durante todo el 2020 y, por lo tanto,\u00a0 dicho instituto no incluy\u00f3 ning\u00fan dato estad\u00edstico de la entidad sobre este tema en los resultados del Censo Nacional del Seguridad P\u00fablica Estatal (CNSPE) 2021.<\/p>\n<p>A pesar de que Instituto Nacional de Estad\u00edstica y Geograf\u00eda (Inegi) no tiene datos disponibles, la Fiscal\u00eda General del Estado (FGE) ha compartido con medios de comunicaci\u00f3n que desde el a\u00f1o 2000 y hasta el 30 de diciembre de 2020, sumaron 467 personas desaparecidas en Colima, de las cuales s\u00f3lo aparecieron 94 v\u00edctimas, es decir,\u00a0 \u00a0apenas 20 porciento de los registros.<\/p>\n<p>Por su parte, la presidenta de la Red de Desaparecidos Colima A.C., Carmen Sep\u00falveda,\u00a0 comparti\u00f3 que el estado ha sumado mil 700 v\u00edctimas desaparecidas en el sexenio de Ignacio Peralta que termina este mes. En el CNSPE, con datos de varias instituciones de seguridad p\u00fablica estatales del pa\u00eds, el Inegi reporta variables respecto a casos conocidos, personas mayores y menores de edad, no especificadas y localizadas, datos que no pudo obtener en el caso de Colima.<\/p>\n<p><a href=\"https:\/\/www.elnoticieroenlinea.com\/policia-de-colima-no-participa-en-busqueda-de-desaparecidos\/\">https:\/\/www.elnoticieroenlinea.com\/policia-de-colima-no-participa-en-busqueda-de-desaparecidos\/<\/a><\/p>\n","protected":false},"excerpt":{"rendered":"<p>Imagen: Ilustrativa tomada de https:\/\/www.facebook.com\/reddesaparecidoscolima La Polic\u00eda Estatal de Colima report\u00f3 al Inegi no haber realizado acciones orientadas a la b\u00fasqueda y localizaci\u00f3n de personas desaparecidas o no localizadas durante &hellip; <a href=\"https:\/\/www.grieta.org.mx\/index.php\/2021\/10\/20\/policia-de-colima-no-participa-en-busqueda-de-desaparecidos\/\" class=\"more-link\">Leer m\u00e1s<\/a><\/p>\n","protected":false},"author":2,"featured_media":62554,"comment_status":"closed","ping_status":"closed","sticky":false,"template":"","format":"standard","meta":{"ngg_post_thumbnail":0,"_jetpack_newsletter_access":"","_jetpack_dont_email_post_to_subs":false,"_jetpack_newsletter_tier_id":0,"_jetpack_memberships_contains_paywalled_content":false,"_jetpack_memberships_contains_paid_content":false,"footnotes":""},"categories":[80,13,87,1829,2,83],"tags":[1828,121,1668,3509],"class_list":["post-62551","post","type-post","status-publish","format-standard","has-post-thumbnail","hentry","category-cintillo","category-colima","category-desaparecidos","category-desaparecidos-en-colima","category-noticias-nacionales","category-temas-nacionales","tag-busqueda-de-desaparecidos","tag-desaparecidos","tag-familiares-de-desaparecidos","tag-red-de-desaparecidos","entry"],"jetpack_featured_media_url":"https:\/\/www.grieta.org.mx\/wp-content\/uploads\/2021\/10\/244513521_2920365668201563_6904633650870123236_n.jpg","jetpack_sharing_enabled":true,"jetpack_shortlink":"https:\/\/wp.me\/p7ZJR4-ggT","jetpack_likes_enabled":false,"jetpack-related-posts":[{"id":64890,"url":"https:\/\/www.grieta.org.mx\/index.php\/2022\/08\/12\/policia-estatal-guardia-nacional-y-la-fiscalia-estado-retiran-a-la-fuerza-bloqueo-de-familiares-de-desaparecido-colima\/","url_meta":{"origin":62551,"position":0},"title":"Polic\u00eda Estatal, Guardia Nacional y la Fiscal\u00eda Estado retiran a la fuerza bloqueo de familiares de desaparecido (Colima)","author":"grieta","date":"12 agosto, 2022","format":false,"excerpt":"Foto: El Comentario Redacci\u00f3n \/ El Comentario Familiares de\u00a0Jos\u00e9 Heriberto, joven que se encuentra\u00a0desaparecido, denunciaron que fueron retirados a la fuerza por elementos de la\u00a0Polic\u00eda Estatal,\u00a0Guardia Nacional\u00a0y la Fiscal\u00eda General del Estado (FGE), del bloqueo que manten\u00edan desde el martes en una de las v\u00edas del\u00a0libramiento Ej\u00e9rcito Mexicano, donde se\u2026","rel":"","context":"En &quot;CINTILLO&quot;","block_context":{"text":"CINTILLO","link":"https:\/\/www.grieta.org.mx\/index.php\/category\/cintillo\/"},"img":{"alt_text":"","src":"https:\/\/i0.wp.com\/www.grieta.org.mx\/wp-content\/uploads\/2022\/08\/340b62a61090d74de58998fc7ce0d7ed-1-780x470-1.jpg?resize=350%2C200&ssl=1","width":350,"height":200,"srcset":"https:\/\/i0.wp.com\/www.grieta.org.mx\/wp-content\/uploads\/2022\/08\/340b62a61090d74de58998fc7ce0d7ed-1-780x470-1.jpg?resize=350%2C200&ssl=1 1x, https:\/\/i0.wp.com\/www.grieta.org.mx\/wp-content\/uploads\/2022\/08\/340b62a61090d74de58998fc7ce0d7ed-1-780x470-1.jpg?resize=525%2C300&ssl=1 1.5x, https:\/\/i0.wp.com\/www.grieta.org.mx\/wp-content\/uploads\/2022\/08\/340b62a61090d74de58998fc7ce0d7ed-1-780x470-1.jpg?resize=700%2C400&ssl=1 2x"},"classes":[]},{"id":60398,"url":"https:\/\/www.grieta.org.mx\/index.php\/2021\/07\/06\/familias-de-colima-recorren-jalisco-buscando-a-sus-desaparecidos\/","url_meta":{"origin":62551,"position":1},"title":"Familias de Colima recorren Jalisco buscando a sus desaparecidos","author":"grieta","date":"6 julio, 2021","format":false,"excerpt":"Foto:\u00a0 Diario Avanzada Heidi de Le\u00f3n Guti\u00e9rrez \/ Diario Avanzada Colima, M\u00e9xico, Avanzada (06\/07\/2021).- Integrantes de la Red de Personas Desaparecidas en Colima se encuentran en Jalisco para buscar a sus familiares \u00a0en hospitales, albergues,\u00a0 centros penitenciarios \u00a0y en distintos puntos de esa entidad como parte de la Jornada Nacional\u2026","rel":"","context":"En &quot;CINTILLO&quot;","block_context":{"text":"CINTILLO","link":"https:\/\/www.grieta.org.mx\/index.php\/category\/cintillo\/"},"img":{"alt_text":"","src":"https:\/\/i0.wp.com\/www.grieta.org.mx\/wp-content\/uploads\/2021\/07\/Des.png?resize=350%2C200&ssl=1","width":350,"height":200},"classes":[]},{"id":55620,"url":"https:\/\/www.grieta.org.mx\/index.php\/2020\/11\/30\/piden-destituir-a-la-titular-de-la-comision-de-busqueda-de-personas-del-estado-colima\/","url_meta":{"origin":62551,"position":2},"title":"Piden destituir a la titular de la Comisi\u00f3n de B\u00fasqueda de Personas del Estado (Colima)","author":"grieta","date":"30 noviembre, 2020","format":false,"excerpt":"Foto: Colima Noticias Alfredo Qu\u00edles \/ Colima Noticia Colima.- Debido a la falta de \u201capoyos\u201d a las familias de las personas desaparecidas, integrantes de la Red Estatal Desaparecidos en Colima pidieron la destituci\u00f3n la Titular de la Comisi\u00f3n de B\u00fasqueda de Personas de Colima, Rosa Evelia P\u00e9rez Valdivia, quien fuera\u2026","rel":"","context":"En &quot;CINTILLO&quot;","block_context":{"text":"CINTILLO","link":"https:\/\/www.grieta.org.mx\/index.php\/category\/cintillo\/"},"img":{"alt_text":"","src":"https:\/\/i0.wp.com\/www.grieta.org.mx\/wp-content\/uploads\/2020\/12\/personas-desaparecidas-696x284-1.png?resize=350%2C200&ssl=1","width":350,"height":200,"srcset":"https:\/\/i0.wp.com\/www.grieta.org.mx\/wp-content\/uploads\/2020\/12\/personas-desaparecidas-696x284-1.png?resize=350%2C200&ssl=1 1x, https:\/\/i0.wp.com\/www.grieta.org.mx\/wp-content\/uploads\/2020\/12\/personas-desaparecidas-696x284-1.png?resize=525%2C300&ssl=1 1.5x"},"classes":[]},{"id":55994,"url":"https:\/\/www.grieta.org.mx\/index.php\/2020\/12\/19\/sin-recursos-para-apoyar-trabajos-de-busqueda-red-de-desaparecidos-colima\/","url_meta":{"origin":62551,"position":3},"title":"Sin recursos para apoyar trabajos de b\u00fasqueda: Red de Desaparecidos (Colima)","author":"grieta","date":"19 diciembre, 2020","format":false,"excerpt":"Foto: El Comentario C\u00e9sar Barreda V\u00e1zquez \/ El Comentario Integrantes de la\u00a0Red de Desaparecidos en Colima\u00a0acusaron a\u00a0Rosa Evelia P\u00e9rez Valdivia,\u00a0comisionada estatal\u00a0de B\u00fasqueda, de no haber gestionado oportunamente los recursos para los trabajos de b\u00fasqueda de desaparecidos, lo que\u00a0limit\u00f3 y\u00a0complic\u00f3 los trabajos\u00a0este a\u00f1o. Encabezados por\u00a0Mar\u00eda del Carmen Sep\u00falveda G\u00f3mez,\u00a0presidenta\u00a0de este colectivo,\u2026","rel":"","context":"En &quot;CINTILLO&quot;","block_context":{"text":"CINTILLO","link":"https:\/\/www.grieta.org.mx\/index.php\/category\/cintillo\/"},"img":{"alt_text":"","src":"https:\/\/i0.wp.com\/www.grieta.org.mx\/wp-content\/uploads\/2020\/12\/669244a6d4c7dbf83453fcbb3d545baf.jpg?resize=350%2C200&ssl=1","width":350,"height":200,"srcset":"https:\/\/i0.wp.com\/www.grieta.org.mx\/wp-content\/uploads\/2020\/12\/669244a6d4c7dbf83453fcbb3d545baf.jpg?resize=350%2C200&ssl=1 1x, https:\/\/i0.wp.com\/www.grieta.org.mx\/wp-content\/uploads\/2020\/12\/669244a6d4c7dbf83453fcbb3d545baf.jpg?resize=525%2C300&ssl=1 1.5x, https:\/\/i0.wp.com\/www.grieta.org.mx\/wp-content\/uploads\/2020\/12\/669244a6d4c7dbf83453fcbb3d545baf.jpg?resize=700%2C400&ssl=1 2x"},"classes":[]},{"id":71951,"url":"https:\/\/www.grieta.org.mx\/index.php\/2025\/07\/03\/sospecha-red-de-desaparecidos-de-colima-que-en-jalisco-se-encuentran-sus-familiares\/","url_meta":{"origin":62551,"position":4},"title":"Sospecha Red de Desaparecidos de Colima que en Jalisco se encuentran sus familiares","author":"grieta","date":"3 julio, 2025","format":false,"excerpt":"Imagen: Tomada de Redes Sociales C\u00e9sar Barrera \/ El Comentario, Colima a\u00a0Red de Desaparecidos del Estado de Colima\u00a0expres\u00f3 su preocupaci\u00f3n por la posibilidad de que\u00a0personas desaparecidas\u00a0en territorio colimense est\u00e9n siendo trasladadas a Jalisco, estado al que apuntan diversos indicios recabados por integrantes del colectivo. Blanca Estela Ram\u00edrez, vocera de la\u2026","rel":"","context":"En &quot;CINTILLO&quot;","block_context":{"text":"CINTILLO","link":"https:\/\/www.grieta.org.mx\/index.php\/category\/cintillo\/"},"img":{"alt_text":"","src":"https:\/\/i0.wp.com\/www.grieta.org.mx\/wp-content\/uploads\/2025\/07\/desaparecidos.webp?resize=350%2C200&ssl=1","width":350,"height":200,"srcset":"https:\/\/i0.wp.com\/www.grieta.org.mx\/wp-content\/uploads\/2025\/07\/desaparecidos.webp?resize=350%2C200&ssl=1 1x, https:\/\/i0.wp.com\/www.grieta.org.mx\/wp-content\/uploads\/2025\/07\/desaparecidos.webp?resize=525%2C300&ssl=1 1.5x, https:\/\/i0.wp.com\/www.grieta.org.mx\/wp-content\/uploads\/2025\/07\/desaparecidos.webp?resize=700%2C400&ssl=1 2x"},"classes":[]},{"id":52641,"url":"https:\/\/www.grieta.org.mx\/index.php\/2020\/08\/13\/colectivos-piden-a-la-comisionada-presentarse-en-el-predio-donde-exhuman-cadaveres-colima\/","url_meta":{"origin":62551,"position":5},"title":"Colectivos piden a la Comisionada, presentarse en el predio donde exhuman cad\u00e1veres (Colima)","author":"grieta","date":"13 agosto, 2020","format":false,"excerpt":"Foto: Diario Avanzada Heidi de Le\u00f3n Guti\u00e9rrez \/ Diario Avanzada Colima, M\u00e9xico, Avanzada (13\/08\/2020).- Tres organizaciones civiles demandaron a la comisionada estatal de b\u00fasqueda de personas, Rosa Evelia P\u00e9rez a presentarse en el predio de Tecom\u00e1n, donde desde hace una semana se exhuman cad\u00e1veres de diversas fosas clandestinas. Los integrantes\u2026","rel":"","context":"En &quot;CINTILLO&quot;","block_context":{"text":"CINTILLO","link":"https:\/\/www.grieta.org.mx\/index.php\/category\/cintillo\/"},"img":{"alt_text":"","src":"https:\/\/i0.wp.com\/www.grieta.org.mx\/wp-content\/uploads\/2020\/08\/Fosas-clandestinas-1-1.jpg?resize=350%2C200&ssl=1","width":350,"height":200,"srcset":"https:\/\/i0.wp.com\/www.grieta.org.mx\/wp-content\/uploads\/2020\/08\/Fosas-clandestinas-1-1.jpg?resize=350%2C200&ssl=1 1x, https:\/\/i0.wp.com\/www.grieta.org.mx\/wp-content\/uploads\/2020\/08\/Fosas-clandestinas-1-1.jpg?resize=525%2C300&ssl=1 1.5x, https:\/\/i0.wp.com\/www.grieta.org.mx\/wp-content\/uploads\/2020\/08\/Fosas-clandestinas-1-1.jpg?resize=700%2C400&ssl=1 2x"},"classes":[]}],"_links":{"self":[{"href":"https:\/\/www.grieta.org.mx\/index.php\/wp-json\/wp\/v2\/posts\/62551","targetHints":{"allow":["GET"]}}],"collection":[{"href":"https:\/\/www.grieta.org.mx\/index.php\/wp-json\/wp\/v2\/posts"}],"about":[{"href":"https:\/\/www.grieta.org.mx\/index.php\/wp-json\/wp\/v2\/types\/post"}],"author":[{"embeddable":true,"href":"https:\/\/www.grieta.org.mx\/index.php\/wp-json\/wp\/v2\/users\/2"}],"replies":[{"embeddable":true,"href":"https:\/\/www.grieta.org.mx\/index.php\/wp-json\/wp\/v2\/comments?post=62551"}],"version-history":[{"count":1,"href":"https:\/\/www.grieta.org.mx\/index.php\/wp-json\/wp\/v2\/posts\/62551\/revisions"}],"predecessor-version":[{"id":62555,"href":"https:\/\/www.grieta.org.mx\/index.php\/wp-json\/wp\/v2\/posts\/62551\/revisions\/62555"}],"wp:featuredmedia":[{"embeddable":true,"href":"https:\/\/www.grieta.org.mx\/index.php\/wp-json\/wp\/v2\/media\/62554"}],"wp:attachment":[{"href":"https:\/\/www.grieta.org.mx\/index.php\/wp-json\/wp\/v2\/media?parent=62551"}],"wp:term":[{"taxonomy":"category","embeddable":true,"href":"https:\/\/www.grieta.org.mx\/index.php\/wp-json\/wp\/v2\/categories?post=62551"},{"taxonomy":"post_tag","embeddable":true,"href":"https:\/\/www.grieta.org.mx\/index.php\/wp-json\/wp\/v2\/tags?post=62551"}],"curies":[{"name":"wp","href":"https:\/\/api.w.org\/{rel}","templated":true}]}}