{"id":62511,"date":"2021-10-28T11:11:47","date_gmt":"2021-10-28T16:11:47","guid":{"rendered":"http:\/\/www.grieta.org.mx\/?p=62511"},"modified":"2021-10-29T11:26:19","modified_gmt":"2021-10-29T16:26:19","slug":"familia-de-joven-asesinado-por-policias-vive-con-miedo-por-amenazas-recibidas-yucatan","status":"publish","type":"post","link":"https:\/\/www.grieta.org.mx\/index.php\/2021\/10\/28\/familia-de-joven-asesinado-por-policias-vive-con-miedo-por-amenazas-recibidas-yucatan\/","title":{"rendered":"Familia de joven asesinado por polic\u00edas vive con miedo por amenazas recibidas (Yucat\u00e1n)"},"content":{"rendered":"<p>Texto y fotos: Claudia Victoria Arriaga \/ Pie de P\u00e1gina<\/p>\n<blockquote><p>\nTres polic\u00edas municipales de Tecoh, Yucat\u00e1n fueron sentenciados a 30 a\u00f1os de prisi\u00f3n por asesinar al joven Jos\u00e9 Luis Cauich Yerbes. Sin embargo, la familia de la v\u00edctima vive con miedo por amenazas<\/p><\/blockquote>\n<p>TECOH, YUCAT\u00c1N.- El 24 de diciembre del 2020, Jos\u00e9 Luis Cauich Yerbes fue asesinado por polic\u00edas municipales de Tecoh, Yucat\u00e1n. Diez meses despu\u00e9s del crimen, se determin\u00f3 culpables de homicidio calificado a E.F.U.Ch., A.Ch.M. y M. A.C.Ch. La familia lejos de sentirse tranquila con el veredicto, vive con miedo. Constantemente son amenazados y hostigados por personas cercanas a los responsables. <\/p>\n<p>El joven de 27 a\u00f1os y de oficio alba\u00f1il, falleci\u00f3 en el trayecto de la comisar\u00eda X\u00b4canchak\u00e1n \u2013 de donde era originario- a la c\u00e1rcel p\u00fablica. Ese d\u00eda, su hermana, quien tambi\u00e9n era su vecina, solicit\u00f3 ayuda a la polic\u00eda porque hab\u00edan discutido. Nunca pens\u00f3 que lo asesinar\u00edan.<\/p>\n<p>Su padre, Mart\u00edn Olavo Cauich Iuit relat\u00f3 que, desde el inicio del proceso legal, la familia es v\u00edctima de agresiones. En una ocasi\u00f3n ingresaron a su terreno y robaron sus animales. Sus nietos, que apenas son unos ni\u00f1os, tambi\u00e9n son hostigados:<\/p>\n<p><img loading=\"lazy\" decoding=\"async\" data-attachment-id=\"62513\" data-permalink=\"https:\/\/www.grieta.org.mx\/index.php\/2021\/10\/28\/familia-de-joven-asesinado-por-policias-vive-con-miedo-por-amenazas-recibidas-yucatan\/yucatan_policias_asesinos_carla_victoria_arriaga3\/\" data-orig-file=\"https:\/\/www.grieta.org.mx\/wp-content\/uploads\/2021\/10\/Yucatan_policias_asesinos_Carla_victoria_arriaga3-e1635524283586.jpg\" data-orig-size=\"800,533\" data-comments-opened=\"0\" data-image-meta=\"{&quot;aperture&quot;:&quot;5&quot;,&quot;credit&quot;:&quot;&quot;,&quot;camera&quot;:&quot;Canon EOS 60D&quot;,&quot;caption&quot;:&quot;&quot;,&quot;created_timestamp&quot;:&quot;1634741662&quot;,&quot;copyright&quot;:&quot;&quot;,&quot;focal_length&quot;:&quot;44&quot;,&quot;iso&quot;:&quot;800&quot;,&quot;shutter_speed&quot;:&quot;0.016666666666667&quot;,&quot;title&quot;:&quot;&quot;,&quot;orientation&quot;:&quot;1&quot;}\" data-image-title=\"Yucatan_policias_asesinos_Carla_victoria_arriaga3\" data-image-description=\"\" data-image-caption=\"\" data-medium-file=\"https:\/\/www.grieta.org.mx\/wp-content\/uploads\/2021\/10\/Yucatan_policias_asesinos_Carla_victoria_arriaga3-300x200.jpg\" data-large-file=\"https:\/\/www.grieta.org.mx\/wp-content\/uploads\/2021\/10\/Yucatan_policias_asesinos_Carla_victoria_arriaga3-1024x683.jpg\" src=\"http:\/\/www.grieta.org.mx\/wp-content\/uploads\/2021\/10\/Yucatan_policias_asesinos_Carla_victoria_arriaga3-e1635524283586.jpg\" alt=\"\" width=\"800\" height=\"533\" class=\"alignnone size-full wp-image-62513\" \/><\/p>\n<p>    \u201c\u00bfC\u00f3mo no me va a doler si es mi hijo? Yo si estoy andando como un perro en la calle porque nadie me defiende, porque nos odian mucho. Los polic\u00edas me odian porque estamos tras de esto. \u00bfCu\u00e1ntas amenazas ya me hicieron? Me dijeron que me van a secuestrar, me dijeron que nos van a mandar a abollar (apedrear) la casa, por gente de los que est\u00e1n (polic\u00edas) presos, te asustan, gente que ni conoces te mandan a amenazar\u201d, dice entre l\u00e1grimas.<\/p>\n<p>\u201cUno de mis nietos que est\u00e1 en la escuela, tengo uno de 12 y 7 a\u00f1os de edad, que cuando vienen me dicen \u2018Papito, cuidate mucho que te van a matar como mataron a tu hijo\u2019, que un se\u00f1or se los dijo\u201d.<\/p>\n<p>Mar\u00eda Cauich Yervez cree que la condena de 30 a\u00f1os que recibi\u00f3 cada oficial por el asesinato de su hermano es solo justicia parcial. La familia se siente abandonada por las autoridades y debe enfrentarse sola al acoso de quienes los culpan por buscar justicia. Lo que m\u00e1s le duele, dice, es que Jos\u00e9 Luis cre\u00eda en la corporaci\u00f3n, pues \u00e9l fue polic\u00eda.<\/p>\n<p>\u201cLos que fueron responsables tienen que pagarlo porque mi hermano no era un animal para hacerle eso. \u00c9l fue polic\u00eda, ah\u00ed se recibi\u00f3 termin\u00f3 sus estudios, cuando entr\u00f3 era un muchacho que no sab\u00eda leer y escribir. Recibi\u00f3 su diploma donde \u00e9l entrenaba. \u00c9l s\u00ed tuvo realmente capacitaci\u00f3n de c\u00f3mo debe agarrar, tratar a una persona, no con maltrato echando ese gas langui\u00f1eo (lacrim\u00f3geno)\u201d, comenta Mar\u00eda.<\/p>\n<p><img loading=\"lazy\" decoding=\"async\" data-attachment-id=\"62515\" data-permalink=\"https:\/\/www.grieta.org.mx\/index.php\/2021\/10\/28\/familia-de-joven-asesinado-por-policias-vive-con-miedo-por-amenazas-recibidas-yucatan\/yucatan_policias_asesinos_carla_victoria_arriaga4\/\" data-orig-file=\"https:\/\/www.grieta.org.mx\/wp-content\/uploads\/2021\/10\/Yucatan_policias_asesinos_Carla_victoria_arriaga4-e1635524357180.jpg\" data-orig-size=\"800,533\" data-comments-opened=\"0\" data-image-meta=\"{&quot;aperture&quot;:&quot;3.5&quot;,&quot;credit&quot;:&quot;&quot;,&quot;camera&quot;:&quot;Canon EOS 60D&quot;,&quot;caption&quot;:&quot;&quot;,&quot;created_timestamp&quot;:&quot;1634741693&quot;,&quot;copyright&quot;:&quot;&quot;,&quot;focal_length&quot;:&quot;18&quot;,&quot;iso&quot;:&quot;800&quot;,&quot;shutter_speed&quot;:&quot;0.005&quot;,&quot;title&quot;:&quot;&quot;,&quot;orientation&quot;:&quot;1&quot;}\" data-image-title=\"Yucatan_policias_asesinos_Carla_victoria_arriaga4\" data-image-description=\"\" data-image-caption=\"\" data-medium-file=\"https:\/\/www.grieta.org.mx\/wp-content\/uploads\/2021\/10\/Yucatan_policias_asesinos_Carla_victoria_arriaga4-300x200.jpg\" data-large-file=\"https:\/\/www.grieta.org.mx\/wp-content\/uploads\/2021\/10\/Yucatan_policias_asesinos_Carla_victoria_arriaga4-1024x683.jpg\" src=\"http:\/\/www.grieta.org.mx\/wp-content\/uploads\/2021\/10\/Yucatan_policias_asesinos_Carla_victoria_arriaga4-e1635524357180.jpg\" alt=\"\" width=\"800\" height=\"533\" class=\"alignnone size-full wp-image-62515\" \/><\/p>\n<p>Testigos falsos para defender a polic\u00edas<\/p>\n<p>Al inicio de las investigaciones se presentaron a declarar a la agencia de la Fiscal\u00eda General del Estado (FGE) supuestos testigos del arresto de Jos\u00e9 Luis Cauich. Enojada con la situaci\u00f3n, Lizbeth Maribel Cauich Yerbes asegura que buscar\u00e1 la forma de demandar a estas personas, que mintieron para obstaculizar la justicia.<\/p>\n<p>Ella acudi\u00f3 a la mayor\u00eda de las audiencias y fue la encargada de hacer los tr\u00e1mites para que le entregaran el cuerpo de su hermano. Nunca olvidar\u00e1 que pas\u00f3 una semana en las diligencias, incluso algunos d\u00edas tuvo que pasar la noche en la Fiscal\u00eda de M\u00e9rida porque era muy tarde para regresar a su comisar\u00eda.<\/p>\n<p>Para Lizbeth est\u00e1 claro que, aunque solo tres pagar\u00e1n por el crimen cometido contra su familia, hubo dos personas m\u00e1s involucradas. Uno de ellos es el comisario municipal de X-Kanchak\u00e1n, Reynaldo Chuc Puc, quien es padre de uno de los polic\u00edas.<\/p>\n<p>    \u201cQue le d\u00e9 gracias a Dios que \u00e9l tiene a su hijo en la c\u00e1rcel, por lo menos \u00e9l lo puede ver. \u00bfYo cuando voy a ver a mi hermano otra vez? No lo puedo ver otra vez, que dicha tengo yo de que se va a condenar a tres, si mi hermano no va a regresar con eso. \u00bfC\u00f3mo le voy a explicar a mi hijo que me pregunta \u2018d\u00f3nde est\u00e1 mi t\u00edo\u2019? \u00bfC\u00f3mo le voy a decir yo que ya no est\u00e1?\u201d.<\/p>\n<p>El Servicio M\u00e9dico Forense (Semefo) determin\u00f3 que Jos\u00e9 Luis falleci\u00f3 por \u201casfixia mec\u00e1nica por oclusi\u00f3n de v\u00eda a\u00e9rea\u201d, su familia cree que se ahog\u00f3 con su propia sangre a consecuencia de los golpes.<\/p>\n<p><img loading=\"lazy\" decoding=\"async\" data-attachment-id=\"62516\" data-permalink=\"https:\/\/www.grieta.org.mx\/index.php\/2021\/10\/28\/familia-de-joven-asesinado-por-policias-vive-con-miedo-por-amenazas-recibidas-yucatan\/yucatan_policias_asesinos_carla_victoria_arriaga2\/\" data-orig-file=\"https:\/\/www.grieta.org.mx\/wp-content\/uploads\/2021\/10\/Yucatan_policias_asesinos_Carla_victoria_arriaga2-e1635524420604.jpg\" data-orig-size=\"800,533\" data-comments-opened=\"0\" data-image-meta=\"{&quot;aperture&quot;:&quot;4.5&quot;,&quot;credit&quot;:&quot;&quot;,&quot;camera&quot;:&quot;Canon EOS 60D&quot;,&quot;caption&quot;:&quot;&quot;,&quot;created_timestamp&quot;:&quot;1634740147&quot;,&quot;copyright&quot;:&quot;&quot;,&quot;focal_length&quot;:&quot;31&quot;,&quot;iso&quot;:&quot;500&quot;,&quot;shutter_speed&quot;:&quot;0.0125&quot;,&quot;title&quot;:&quot;&quot;,&quot;orientation&quot;:&quot;1&quot;}\" data-image-title=\"Yucatan_policias_asesinos_Carla_victoria_arriaga2\" data-image-description=\"\" data-image-caption=\"\" data-medium-file=\"https:\/\/www.grieta.org.mx\/wp-content\/uploads\/2021\/10\/Yucatan_policias_asesinos_Carla_victoria_arriaga2-300x200.jpg\" data-large-file=\"https:\/\/www.grieta.org.mx\/wp-content\/uploads\/2021\/10\/Yucatan_policias_asesinos_Carla_victoria_arriaga2-1024x683.jpg\" src=\"http:\/\/www.grieta.org.mx\/wp-content\/uploads\/2021\/10\/Yucatan_policias_asesinos_Carla_victoria_arriaga2-e1635524420604.jpg\" alt=\"\" width=\"800\" height=\"533\" class=\"alignnone size-full wp-image-62516\" \/><\/p>\n<p>\u00abFue una venganza\u00bb<\/p>\n<p>El padre de Jos\u00e9 Luis, el se\u00f1or Mart\u00edn Olavo Cauich Iuit, est\u00e1 seguro de que asesinaron a su hijo en venganza porque lo defendi\u00f3 de los polic\u00edas hace algunos a\u00f1os. En aquella ocasi\u00f3n, antes de remitirlo a la c\u00e1rcel p\u00fablica de Tecoh, lo llevaron al calabozo de la comisar\u00eda de X\u00b4canchak\u00e1n. <\/p>\n<p>\u201cMe quitaron todo mi dinero, me metieron al calabozo de aqu\u00ed como dos horas y despu\u00e9s a Tecoh, entonces, mi hijo fue a reclamar y le dijeron \u2018vas a caer y pagar lo que hiciste\u2019. Fue una venganza lo que le hicieron\u201d, apunt\u00f3.<\/p>\n<p>La Comisi\u00f3n de Derechos Humanos del Estado de Yucat\u00e1n (Codhey) document\u00f3 en el 2020 la muerte de 10 personas bajo custodia de polic\u00edas, se trata de seis en corporaciones municipales y cuatro con la polic\u00eda estatal.<\/p>\n<p><a href=\"https:\/\/piedepagina.mx\/familia-de-joven-asesinado-por-policias-vive-con-miedo-por-amenazas-recibidas\/\" rel=\"noopener\" target=\"_blank\">https:\/\/piedepagina.mx\/familia-de-joven-asesinado-por-policias-vive-con-miedo-por-amenazas-recibidas\/<\/a><\/p>\n","protected":false},"excerpt":{"rendered":"<p>Texto y fotos: Claudia Victoria Arriaga \/ Pie de P\u00e1gina Tres polic\u00edas municipales de Tecoh, Yucat\u00e1n fueron sentenciados a 30 a\u00f1os de prisi\u00f3n por asesinar al joven Jos\u00e9 Luis Cauich &hellip; <a href=\"https:\/\/www.grieta.org.mx\/index.php\/2021\/10\/28\/familia-de-joven-asesinado-por-policias-vive-con-miedo-por-amenazas-recibidas-yucatan\/\" class=\"more-link\">Leer m\u00e1s<\/a><\/p>\n","protected":false},"author":2,"featured_media":62512,"comment_status":"closed","ping_status":"closed","sticky":false,"template":"","format":"standard","meta":{"ngg_post_thumbnail":0,"_jetpack_newsletter_access":"","_jetpack_dont_email_post_to_subs":false,"_jetpack_newsletter_tier_id":0,"_jetpack_memberships_contains_paywalled_content":false,"_jetpack_memberships_contains_paid_content":false,"footnotes":""},"categories":[2789,80,2,36],"tags":[199,3486],"class_list":["post-62511","post","type-post","status-publish","format-standard","has-post-thumbnail","hentry","category-abuso-autoridades-en-yucatan","category-cintillo","category-noticias-nacionales","category-yucatan","tag-abuso-policiaco","tag-brutalidad-policiaca","entry"],"jetpack_featured_media_url":"https:\/\/www.grieta.org.mx\/wp-content\/uploads\/2021\/10\/Yucatan_policias_asesinos_Carla_victoria_arriaga-e1635524185186.jpg","jetpack_sharing_enabled":true,"jetpack_shortlink":"https:\/\/wp.me\/p7ZJR4-ggf","jetpack_likes_enabled":false,"jetpack-related-posts":[{"id":65967,"url":"https:\/\/www.grieta.org.mx\/index.php\/2022\/12\/19\/al-menos-seis-decesos-de-personas-detenidas-por-policias-yucatan\/","url_meta":{"origin":62511,"position":0},"title":"Al menos seis decesos de personas detenidas por polic\u00edas  (Yucat\u00e1n)","author":"grieta","date":"19 diciembre, 2022","format":false,"excerpt":"Por Herbeth Escalante \/ Haz Ruido \u00danicamente en dos de los casos se procesaron y condenaron a los agentes involucrados. Los actos violentos ocurrieron en Progreso, Akil, Tecoh y M\u00e9rida. M\u00e9rida, Yucat\u00e1n, 19 de diciembre de 2022.- Al menos seis personas detenidas por Polic\u00edas Municipales y Estatales murieron en circunstancias\u2026","rel":"","context":"En &quot;Abuso Autoridades en Yucat\u00e1n&quot;","block_context":{"text":"Abuso Autoridades en Yucat\u00e1n","link":"https:\/\/www.grieta.org.mx\/index.php\/category\/noticias-nacionales\/yucatan\/abuso-autoridades-en-yucatan\/"},"img":{"alt_text":"","src":"https:\/\/i0.wp.com\/www.grieta.org.mx\/wp-content\/uploads\/2022\/12\/TorturaPoliciaca-e1671925534903.jpg?resize=350%2C200&ssl=1","width":350,"height":200,"srcset":"https:\/\/i0.wp.com\/www.grieta.org.mx\/wp-content\/uploads\/2022\/12\/TorturaPoliciaca-e1671925534903.jpg?resize=350%2C200&ssl=1 1x, https:\/\/i0.wp.com\/www.grieta.org.mx\/wp-content\/uploads\/2022\/12\/TorturaPoliciaca-e1671925534903.jpg?resize=525%2C300&ssl=1 1.5x, https:\/\/i0.wp.com\/www.grieta.org.mx\/wp-content\/uploads\/2022\/12\/TorturaPoliciaca-e1671925534903.jpg?resize=700%2C400&ssl=1 2x"},"classes":[]},{"id":56061,"url":"https:\/\/www.grieta.org.mx\/index.php\/2020\/12\/27\/detienen-a-policias-por-muerte-de-un-detenido-en-tecoh-yucatan\/","url_meta":{"origin":62511,"position":1},"title":"Detienen a polic\u00edas por muerte de un detenido en Tecoh, Yucat\u00e1n","author":"grieta","date":"27 diciembre, 2020","format":false,"excerpt":"Rosa Santana \/ Proceso M\u00c9RIDA, Yuc. (proceso.com.mx).- Cuatro polic\u00edas del municipio de Tecoh, en Yucat\u00e1n, fueron imputados por el delito de homicidio calificado de una persona que estaba bajo su custodia. El hecho ocurri\u00f3 la noche del 24 de diciembre cuando los agentes ahora imputados acudieron a atender un reporte\u2026","rel":"","context":"En &quot;Abuso Autoridades en Yucat\u00e1n&quot;","block_context":{"text":"Abuso Autoridades en Yucat\u00e1n","link":"https:\/\/www.grieta.org.mx\/index.php\/category\/noticias-nacionales\/yucatan\/abuso-autoridades-en-yucatan\/"},"img":{"alt_text":"","src":"https:\/\/i0.wp.com\/www.grieta.org.mx\/wp-content\/uploads\/2020\/12\/PoliciasTecoh.png?resize=350%2C200&ssl=1","width":350,"height":200,"srcset":"https:\/\/i0.wp.com\/www.grieta.org.mx\/wp-content\/uploads\/2020\/12\/PoliciasTecoh.png?resize=350%2C200&ssl=1 1x, https:\/\/i0.wp.com\/www.grieta.org.mx\/wp-content\/uploads\/2020\/12\/PoliciasTecoh.png?resize=525%2C300&ssl=1 1.5x, https:\/\/i0.wp.com\/www.grieta.org.mx\/wp-content\/uploads\/2020\/12\/PoliciasTecoh.png?resize=700%2C400&ssl=1 2x"},"classes":[]},{"id":56218,"url":"https:\/\/www.grieta.org.mx\/index.php\/2021\/01\/04\/preocupa-falta-de-sanciones-por-los-abusos-policiales-yucatan\/","url_meta":{"origin":62511,"position":2},"title":"Preocupa falta de sanciones por los abusos policiales (Yucat\u00e1n)","author":"grieta","date":"4 enero, 2021","format":false,"excerpt":"Iv\u00e1n Canul \/ Diario de Yucat\u00e1n Piden protocolo contra tortura \u201cUna de las preocupaciones en Yucat\u00e1n es la persistencia de la tortura\u201d, se\u00f1al\u00f3 Martha Capetillo Pasos, integrante de Equipo Indignaci\u00f3n, al opinar sobre el caso del joven de Xkanchak\u00e1n que presuntamente muri\u00f3 a manos de polic\u00edas municipales de Tecoh. Como\u2026","rel":"","context":"En &quot;Abuso Autoridades en Yucat\u00e1n&quot;","block_context":{"text":"Abuso Autoridades en Yucat\u00e1n","link":"https:\/\/www.grieta.org.mx\/index.php\/category\/noticias-nacionales\/yucatan\/abuso-autoridades-en-yucatan\/"},"img":{"alt_text":"","src":"https:\/\/i0.wp.com\/www.grieta.org.mx\/wp-content\/uploads\/2021\/01\/Tecoh.png?resize=350%2C200&ssl=1","width":350,"height":200,"srcset":"https:\/\/i0.wp.com\/www.grieta.org.mx\/wp-content\/uploads\/2021\/01\/Tecoh.png?resize=350%2C200&ssl=1 1x, https:\/\/i0.wp.com\/www.grieta.org.mx\/wp-content\/uploads\/2021\/01\/Tecoh.png?resize=525%2C300&ssl=1 1.5x"},"classes":[]},{"id":53139,"url":"https:\/\/www.grieta.org.mx\/index.php\/2020\/09\/03\/denuncian-que-policias-de-yucatan-dan-golpizas-a-aquellos-que-caen-en-la-carcel\/","url_meta":{"origin":62511,"position":3},"title":"Denuncian que polic\u00edas de Yucat\u00e1n dan golpizas a aquellos que caen en la c\u00e1rcel","author":"grieta","date":"3 septiembre, 2020","format":false,"excerpt":"La Verdad Una vez m\u00e1s polic\u00edas de Yucat\u00e1n son acusados de abuso policial; en Hoct\u00fan, dan golpizas a aquellos que entran a la c\u00e1rcel. De acuerdo con vecinos del municipio de Hoct\u00fan, los polic\u00edas de esta comunidad de Yucat\u00e1n ejercen abuso de poder en contra de aquellas personas que caen\u2026","rel":"","context":"En &quot;Abuso Autoridades en Yucat\u00e1n&quot;","block_context":{"text":"Abuso Autoridades en Yucat\u00e1n","link":"https:\/\/www.grieta.org.mx\/index.php\/category\/noticias-nacionales\/yucatan\/abuso-autoridades-en-yucatan\/"},"img":{"alt_text":"","src":"https:\/\/i0.wp.com\/www.grieta.org.mx\/wp-content\/uploads\/2020\/09\/yucatan_policias_abuso_policial_1.jpg_793492074.jpg?resize=350%2C200&ssl=1","width":350,"height":200,"srcset":"https:\/\/i0.wp.com\/www.grieta.org.mx\/wp-content\/uploads\/2020\/09\/yucatan_policias_abuso_policial_1.jpg_793492074.jpg?resize=350%2C200&ssl=1 1x, https:\/\/i0.wp.com\/www.grieta.org.mx\/wp-content\/uploads\/2020\/09\/yucatan_policias_abuso_policial_1.jpg_793492074.jpg?resize=525%2C300&ssl=1 1.5x, https:\/\/i0.wp.com\/www.grieta.org.mx\/wp-content\/uploads\/2020\/09\/yucatan_policias_abuso_policial_1.jpg_793492074.jpg?resize=700%2C400&ssl=1 2x"},"classes":[]},{"id":65970,"url":"https:\/\/www.grieta.org.mx\/index.php\/2022\/12\/18\/exigen-justicia-para-roberto-asesinado-por-la-policia-de-progreso-yucatan\/","url_meta":{"origin":62511,"position":4},"title":"Exigen justicia para Roberto, asesinado por la Polic\u00eda de Progreso (Yucat\u00e1n)","author":"grieta","date":"18 diciembre, 2022","format":false,"excerpt":"Herbeth Escalante \/ Haz Ruido Indignaci\u00f3n sostuvo que en vez de ofrecer garant\u00edas de no repetici\u00f3n en otros casos de decesos en los que han estado implicados polic\u00edas, las autoridades de Yucat\u00e1n garantizan impunidad, lo que perpet\u00faa procedimientos y actuaciones que ponen en riesgo la vida y la integridad de\u2026","rel":"","context":"En &quot;Abuso Autoridades en Yucat\u00e1n&quot;","block_context":{"text":"Abuso Autoridades en Yucat\u00e1n","link":"https:\/\/www.grieta.org.mx\/index.php\/category\/noticias-nacionales\/yucatan\/abuso-autoridades-en-yucatan\/"},"img":{"alt_text":"","src":"https:\/\/i0.wp.com\/www.grieta.org.mx\/wp-content\/uploads\/2022\/12\/Asesinato-e1671926604502.jpg?resize=350%2C200&ssl=1","width":350,"height":200,"srcset":"https:\/\/i0.wp.com\/www.grieta.org.mx\/wp-content\/uploads\/2022\/12\/Asesinato-e1671926604502.jpg?resize=350%2C200&ssl=1 1x, https:\/\/i0.wp.com\/www.grieta.org.mx\/wp-content\/uploads\/2022\/12\/Asesinato-e1671926604502.jpg?resize=525%2C300&ssl=1 1.5x, https:\/\/i0.wp.com\/www.grieta.org.mx\/wp-content\/uploads\/2022\/12\/Asesinato-e1671926604502.jpg?resize=700%2C400&ssl=1 2x"},"classes":[]},{"id":48926,"url":"https:\/\/www.grieta.org.mx\/index.php\/2020\/05\/10\/denuncian-ejidatarios-de-tecoh-despojo-de-tierras-yucatan\/","url_meta":{"origin":62511,"position":5},"title":"Denuncian ejidatarios de Tecoh despojo de tierras (Yucat\u00e1n)","author":"grieta","date":"10 mayo, 2020","format":false,"excerpt":"Rafael Mis Cob\u00e1 \/ PorEsto! Ejidatarios de Tecoh denunciaron que el alcalde y el comisario de esa comunidad act\u00faan en complicidad para despojar de sus tierras a los campesinos, adem\u00e1s de que han celebrado asambleas sin acatar las medidas de prevenci\u00f3n sanitaria, con los riesgos que ello implica para la\u2026","rel":"","context":"En &quot;CINTILLO&quot;","block_context":{"text":"CINTILLO","link":"https:\/\/www.grieta.org.mx\/index.php\/category\/cintillo\/"},"img":{"alt_text":"","src":"https:\/\/i0.wp.com\/www.grieta.org.mx\/wp-content\/uploads\/2020\/05\/DespojoTecoh.png?resize=350%2C200&ssl=1","width":350,"height":200,"srcset":"https:\/\/i0.wp.com\/www.grieta.org.mx\/wp-content\/uploads\/2020\/05\/DespojoTecoh.png?resize=350%2C200&ssl=1 1x, https:\/\/i0.wp.com\/www.grieta.org.mx\/wp-content\/uploads\/2020\/05\/DespojoTecoh.png?resize=525%2C300&ssl=1 1.5x"},"classes":[]}],"_links":{"self":[{"href":"https:\/\/www.grieta.org.mx\/index.php\/wp-json\/wp\/v2\/posts\/62511","targetHints":{"allow":["GET"]}}],"collection":[{"href":"https:\/\/www.grieta.org.mx\/index.php\/wp-json\/wp\/v2\/posts"}],"about":[{"href":"https:\/\/www.grieta.org.mx\/index.php\/wp-json\/wp\/v2\/types\/post"}],"author":[{"embeddable":true,"href":"https:\/\/www.grieta.org.mx\/index.php\/wp-json\/wp\/v2\/users\/2"}],"replies":[{"embeddable":true,"href":"https:\/\/www.grieta.org.mx\/index.php\/wp-json\/wp\/v2\/comments?post=62511"}],"version-history":[{"count":1,"href":"https:\/\/www.grieta.org.mx\/index.php\/wp-json\/wp\/v2\/posts\/62511\/revisions"}],"predecessor-version":[{"id":62517,"href":"https:\/\/www.grieta.org.mx\/index.php\/wp-json\/wp\/v2\/posts\/62511\/revisions\/62517"}],"wp:featuredmedia":[{"embeddable":true,"href":"https:\/\/www.grieta.org.mx\/index.php\/wp-json\/wp\/v2\/media\/62512"}],"wp:attachment":[{"href":"https:\/\/www.grieta.org.mx\/index.php\/wp-json\/wp\/v2\/media?parent=62511"}],"wp:term":[{"taxonomy":"category","embeddable":true,"href":"https:\/\/www.grieta.org.mx\/index.php\/wp-json\/wp\/v2\/categories?post=62511"},{"taxonomy":"post_tag","embeddable":true,"href":"https:\/\/www.grieta.org.mx\/index.php\/wp-json\/wp\/v2\/tags?post=62511"}],"curies":[{"name":"wp","href":"https:\/\/api.w.org\/{rel}","templated":true}]}}