{"id":62508,"date":"2021-10-11T12:20:40","date_gmt":"2021-10-11T17:20:40","guid":{"rendered":"http:\/\/www.grieta.org.mx\/?p=62508"},"modified":"2021-10-28T22:26:23","modified_gmt":"2021-10-29T03:26:23","slug":"con-bloqueo-carretero-piden-cancelar-proyecto-minero-san-jose-en-oaxaca","status":"publish","type":"post","link":"https:\/\/www.grieta.org.mx\/index.php\/2021\/10\/11\/con-bloqueo-carretero-piden-cancelar-proyecto-minero-san-jose-en-oaxaca\/","title":{"rendered":"Con bloqueo carretero piden cancelar proyecto minero San Jos\u00e9, en Oaxaca"},"content":{"rendered":"<p>Proceso \/ Pedro Mat\u00edas.<\/p>\n<p>El Frente No a la Miner\u00eda pidi\u00f3 al gobierno de Andr\u00e9s Manuel L\u00f3pez Obrador garantizar y respetar los derechos de los pueblos ind\u00edgenas porque la minera Cuzcatl\u00e1n ha violentado la legislaci\u00f3n ambiental vigente y los derechos como pueblos ind\u00edgenas.<\/p>\n<p><img loading=\"lazy\" decoding=\"async\" data-attachment-id=\"62509\" data-permalink=\"https:\/\/www.grieta.org.mx\/index.php\/2021\/10\/11\/con-bloqueo-carretero-piden-cancelar-proyecto-minero-san-jose-en-oaxaca\/z-18\/\" data-orig-file=\"https:\/\/www.grieta.org.mx\/wp-content\/uploads\/2021\/10\/Z-1.jpg\" data-orig-size=\"800,450\" data-comments-opened=\"0\" data-image-meta=\"{&quot;aperture&quot;:&quot;0&quot;,&quot;credit&quot;:&quot;&quot;,&quot;camera&quot;:&quot;&quot;,&quot;caption&quot;:&quot;&quot;,&quot;created_timestamp&quot;:&quot;0&quot;,&quot;copyright&quot;:&quot;&quot;,&quot;focal_length&quot;:&quot;0&quot;,&quot;iso&quot;:&quot;0&quot;,&quot;shutter_speed&quot;:&quot;0&quot;,&quot;title&quot;:&quot;&quot;,&quot;orientation&quot;:&quot;0&quot;}\" data-image-title=\"Z\" data-image-description=\"\" data-image-caption=\"\" data-medium-file=\"https:\/\/www.grieta.org.mx\/wp-content\/uploads\/2021\/10\/Z-1-300x169.jpg\" data-large-file=\"https:\/\/www.grieta.org.mx\/wp-content\/uploads\/2021\/10\/Z-1.jpg\" class=\"alignnone wp-image-62509\" src=\"http:\/\/www.grieta.org.mx\/wp-content\/uploads\/2021\/10\/Z-1.jpg\" alt=\"\" width=\"800\" height=\"450\" srcset=\"https:\/\/www.grieta.org.mx\/wp-content\/uploads\/2021\/10\/Z-1.jpg 800w, https:\/\/www.grieta.org.mx\/wp-content\/uploads\/2021\/10\/Z-1-300x169.jpg 300w, https:\/\/www.grieta.org.mx\/wp-content\/uploads\/2021\/10\/Z-1-768x432.jpg 768w\" sizes=\"auto, (max-width: 800px) 100vw, 800px\" \/><\/p>\n<p>OAXACA, Oax. (apro).- Con bloqueos en la carretera federal 175 en inmediaciones de Magdalena Ocotl\u00e1n y Monte del Toro, el Frente no a la miner\u00eda por un futuro de Todxs, exigi\u00f3 la cancelaci\u00f3n de proyecto minero San Jos\u00e9 de la empresa Cuzcatl\u00e1n, filial de la canadiense Fortuna Silver Mines, por afectar el ambiente de las comunidades de Valles Centrales al construir 75 obras irregulares.<\/p>\n<p>En respuesta, las autoridades agrarias y municipales integrantes del Frente no a la miner\u00eda denunciaron han recibido una serie de amenazas por exigir cancelaci\u00f3n de proyecto minero a trav\u00e9s de bloqueos carreteros.<\/p>\n<p>\u201cLas autoridades municipales y agrarias integrantes del Frente no a la miner\u00eda por un futuro de Todxs denunciamos que el d\u00eda de hoy, 11 de octubre de 2021, hemos recibido amenazas durante la movilizaci\u00f3n efectuada para exigir la cancelaci\u00f3n del proyecto minero San Jos\u00e9, operado por Fortuna Silver Mines\u201d.<\/p>\n<p>\u201cEn la primera ocasi\u00f3n, unas personas dijeron que \u2018iban a venir personas para quitar el bloqueo\u2019, que a ellos no les gustaba esa \u2018chingadera\u2019 y se\u00f1alaron que la gente que estaba en el bloqueo no era de Magdalena\u201d.<\/p>\n<p>Otros les dijeron \u201cque ellos traer\u00edan armas para sacar a los de la movilizaci\u00f3n\u201d, aunado a ello las autoridades integrantes del Frente tambi\u00e9n han recibido mensajes diciendo: \u201cya sabemos qui\u00e9nes son, que los tenemos ubicados\u201d.<\/p>\n<p>Por tal raz\u00f3n, responsabilizaron a la empresa minera Cuzcatl\u00e1n-FSM por cualquier por agresi\u00f3n hacia las autoridades o participantes en esta movilizaci\u00f3n.<\/p>\n<p>\u201cLas autoridades municipales constitucionales y \u00f3rganos de representaci\u00f3n agraria de 10 comunidades que en ejercicio de nuestra libre determinaci\u00f3n mantenemos una oposici\u00f3n rotunda a la empresa minera Cuzcatl\u00e1n, filial de la Canadiense Fortuna Silver Mines\u201d, puntualizaron.<\/p>\n<p>El Frente No a la Miner\u00eda pidi\u00f3 al gobierno de Andr\u00e9s Manuel L\u00f3pez Obrador garantizar y respetar los derechos de los pueblos ind\u00edgenas porque la minera Cuzcatl\u00e1n ha violentado la legislaci\u00f3n ambiental vigente y los derechos como pueblos ind\u00edgenas. Ning\u00fan proyecto minero debe estar por encima de la ley\u201d, agregaron.<\/p>\n<p>Explicaron que decidieron movilizarse porque la minera Cuzcatl\u00e1n, filial de la Canadiense Fortuna Silver Mines, contin\u00faa afectando el ambiente de las comunidades de Valles Centrales al construir 75 obras irregulares.<\/p>\n<p>Mencionaron que en dos ocasiones anteriores la minera Cuzcatl\u00e1n ha querido justificar mediante este permiso 75 obras irregulares y explotar por 10 a\u00f1os m\u00e1s el territorio de Valles Centrales.<\/p>\n<p>Es por ello que exigieron a la autoridad ambiental audiencia con la secretaria de Medio Ambiente, Mar\u00eda Luisa Albores.<\/p>\n<p>El Frente no a la Miner\u00eda es una organizaci\u00f3n regional integrada por 10 comunidades de Valles Centrales representadas por sus respectivas autoridades municipales y agrarias, que en el ejercicio de su derecho a la libre determinaci\u00f3n decidieron rechazar cualquier proyecto minero en sus territorios porque sus asambleas han decidido \u201c\u00a1S\u00ed a la vida, no a la miner\u00eda!\u201d.<\/p>\n<p>Apenas el cuatro de octubre el Frente No a la Miner\u00eda integrado por autoridades de las comunidades Magdalena Ocotl\u00e1n, San Mat\u00edas Chilazoa, Monte del Toro, San Mart\u00edn de los Cansecos, Los Ocotes, El Vergel, Santa Catarina Minas, San Nicol\u00e1s Yaxe, San Dionisio Ocotepec y la Coordinadora de Pueblos Unidos del Valle de Ocotl\u00e1n, denunciaron que la \u201cminera canadiense Cuzcatl\u00e1n desacata por tercera ocasi\u00f3n legislaci\u00f3n ambiental vigente\u201d.<\/p>\n<p>El Frente exige a la Semarnat negar permiso ambiental y sancionar a la empresa minera por violentar la legislaci\u00f3n vigente.<\/p>\n<p>Consideran que aprobar nuevos permisos ambientales a empresas mineras representar\u00eda una traici\u00f3n del gobierno de la Cuarta Transformaci\u00f3n, quien se comprometi\u00f3 a respetar los derechos colectivos de las comunidades.<\/p>\n<p>Es que la empresa canadiense Fortuna Silver Mines a trav\u00e9s de su filial \u201cMinera Cuzcatl\u00e1n S.A. de C.V.\u201d present\u00f3, por tercera vez, un permiso ambiental para justificar 75 obras irregulares en territorios de Valles Centrales y pedir autorizaci\u00f3n para explotar plata y oro hasta el a\u00f1o 2031.<\/p>\n<p>Las comunidades que integran el Frente han logrado comprobar ante la Secretar\u00eda de Medio Ambiente y Recursos Naturales (Semarnat) las afectaciones socioambientales producidas por el proyecto minero \u201cSan Jos\u00e9\u201d, por lo que la autoridad encargada del cuidado y protecci\u00f3n del medio ambiente ha negado dicho permiso ambiental en dos ocasiones (enero de 2020 y julio de 2021).<\/p>\n<p>La Semarnat fue contundente en la \u00faltima resoluci\u00f3n al declarar mediante el oficio N\u00b0 SGPA\/DGIRA\/DG\/03305 que el proyecto minero y la construcci\u00f3n de obras sin autorizaci\u00f3n ambiental \u201c\u2026ha vulnerado el derecho humano a un medio ambiente sano de las comunidades involucradas\u201d, mencionaron.<\/p>\n<p>Y agregaron que en este tercer intento la empresa minera omite informaci\u00f3n relacionada al impacto total de las obras construidas, minimiza los da\u00f1os en los territorios de Valles Centrales y argumenta que las irregularidades e ilegalidad del proyecto se tratan simplemente de una \u2018actualizaci\u00f3n de obras y actividades\u2019\u201d.<\/p>\n<p>\u201cExigimos a la Semarnat negar la autorizaci\u00f3n de la MIA regional \u201cActualizaci\u00f3n de Obras y Actividades\u201d 20OA2021M0042\u201d, remataron.<\/p>\n<p>Recordaron que las comunidades que integran el Frente decidieron desde 2015 no recibir ning\u00fan proyecto, programa o d\u00e1diva de la empresa minera Cuzcatl\u00e1n.<\/p>\n<p>Finalmente, el Frente rechaz\u00f3 rotundamente los \u201cEncuentros Ind\u00edgenas Canad\u00e1-Oaxaca 2021\u201d impulsados por el gobernador Alejandro Murat y el embajador de Canad\u00e1, Graeme C. Clark.<\/p>\n<p><a href=\"https:\/\/www.proceso.com.mx\/nacional\/estados\/2021\/10\/11\/con-bloqueo-carretero-piden-cancelar-proyecto-minero-san-jose-en-oaxaca-273655.html\" target=\"_blank\" rel=\"noopener\">https:\/\/www.proceso.com.mx\/nacional\/estados\/2021\/10\/11\/con-bloqueo-carretero-piden-cancelar-proyecto-minero-san-jose-en-oaxaca-273655.html<\/a><\/p>\n","protected":false},"excerpt":{"rendered":"<p>Proceso \/ Pedro Mat\u00edas. El Frente No a la Miner\u00eda pidi\u00f3 al gobierno de Andr\u00e9s Manuel L\u00f3pez Obrador garantizar y respetar los derechos de los pueblos ind\u00edgenas porque la minera &hellip; <a href=\"https:\/\/www.grieta.org.mx\/index.php\/2021\/10\/11\/con-bloqueo-carretero-piden-cancelar-proyecto-minero-san-jose-en-oaxaca\/\" class=\"more-link\">Leer m\u00e1s<\/a><\/p>\n","protected":false},"author":2,"featured_media":62509,"comment_status":"closed","ping_status":"closed","sticky":false,"template":"","format":"standard","meta":{"ngg_post_thumbnail":0,"_jetpack_newsletter_access":"","_jetpack_dont_email_post_to_subs":false,"_jetpack_newsletter_tier_id":0,"_jetpack_memberships_contains_paywalled_content":false,"_jetpack_memberships_contains_paid_content":false,"footnotes":""},"categories":[80,1357,2355,2,25,2909],"tags":[],"class_list":["post-62508","post","type-post","status-publish","format-standard","has-post-thumbnail","hentry","category-cintillo","category-conflictos-mineros-en-oaxaca","category-conflictos-por-agua-en-oaxaca","category-noticias-nacionales","category-oaxaca","category-resistencias-y-rebeldias-en-oaxaca","entry"],"jetpack_featured_media_url":"https:\/\/www.grieta.org.mx\/wp-content\/uploads\/2021\/10\/Z-1.jpg","jetpack_sharing_enabled":true,"jetpack_shortlink":"https:\/\/wp.me\/p7ZJR4-ggc","jetpack_likes_enabled":false,"jetpack-related-posts":[{"id":55655,"url":"https:\/\/www.grieta.org.mx\/index.php\/2020\/12\/08\/gobierno-de-la-4t-favorece-intereses-mineros-y-a-comunidades-les-niega-audiencia-frente-no-a-la-mineria-oaxaca\/","url_meta":{"origin":62508,"position":0},"title":"Gobierno de la 4T favorece intereses mineros y a comunidades les niega audiencia: Frente no a la Miner\u00eda  (Oaxaca)","author":"grieta","date":"8 diciembre, 2020","format":false,"excerpt":"P\u00e1gina 3 \/ Pedro Mat\u00edas. OAXACA, Oax.- El Frente No a la Miner\u00eda denunci\u00f3 que el gobierno de la 4T favorece los intereses mineros. La Secretar\u00eda de Medio Ambiente y Recursos Naturales (Semarnat) organiz\u00f3 una consulta expr\u00e9s en el marco de la expansi\u00f3n del proyecto \u201cSan Jos\u00e9\u201d de la Compa\u00f1\u00eda\u2026","rel":"","context":"En &quot;CINTILLO&quot;","block_context":{"text":"CINTILLO","link":"https:\/\/www.grieta.org.mx\/index.php\/category\/cintillo\/"},"img":{"alt_text":"","src":"https:\/\/i0.wp.com\/www.grieta.org.mx\/wp-content\/uploads\/2020\/12\/A-1.jpg?resize=350%2C200&ssl=1","width":350,"height":200,"srcset":"https:\/\/i0.wp.com\/www.grieta.org.mx\/wp-content\/uploads\/2020\/12\/A-1.jpg?resize=350%2C200&ssl=1 1x, https:\/\/i0.wp.com\/www.grieta.org.mx\/wp-content\/uploads\/2020\/12\/A-1.jpg?resize=525%2C300&ssl=1 1.5x, https:\/\/i0.wp.com\/www.grieta.org.mx\/wp-content\/uploads\/2020\/12\/A-1.jpg?resize=700%2C400&ssl=1 2x"},"classes":[]},{"id":55652,"url":"https:\/\/www.grieta.org.mx\/index.php\/2020\/12\/07\/zapotecos-emplazan-a-semarnat-a-una-mesa-de-dialogo-para-exponer-afectaciones-de-minera-cuzcatlan-oaxaca\/","url_meta":{"origin":62508,"position":1},"title":"Zapotecos emplazan a Semarnat a una mesa de di\u00e1logo para exponer afectaciones de minera Cuzcatl\u00e1n (Oaxaca)","author":"grieta","date":"7 diciembre, 2020","format":false,"excerpt":"Avispa Midia \/ \u00d1an\u00ed Pinto. Foto: Archivo de Avispa Midia Pese a que Obrador se comprometi\u00f3 en dos momentos distintos a establecer el di\u00e1logo con las comunidades que denuncian afectaciones por la empresa de capital canadiense Minera Cuzcatl\u00e1n, Semarnat se ha negado a abrir un canal de comunicaci\u00f3n. El Frente\u2026","rel":"","context":"En &quot;CINTILLO&quot;","block_context":{"text":"CINTILLO","link":"https:\/\/www.grieta.org.mx\/index.php\/category\/cintillo\/"},"img":{"alt_text":"","src":"https:\/\/i0.wp.com\/www.grieta.org.mx\/wp-content\/uploads\/2020\/12\/1-2.jpg?resize=350%2C200&ssl=1","width":350,"height":200,"srcset":"https:\/\/i0.wp.com\/www.grieta.org.mx\/wp-content\/uploads\/2020\/12\/1-2.jpg?resize=350%2C200&ssl=1 1x, https:\/\/i0.wp.com\/www.grieta.org.mx\/wp-content\/uploads\/2020\/12\/1-2.jpg?resize=525%2C300&ssl=1 1.5x, https:\/\/i0.wp.com\/www.grieta.org.mx\/wp-content\/uploads\/2020\/12\/1-2.jpg?resize=700%2C400&ssl=1 2x, https:\/\/i0.wp.com\/www.grieta.org.mx\/wp-content\/uploads\/2020\/12\/1-2.jpg?resize=1050%2C600&ssl=1 3x"},"classes":[]},{"id":2086,"url":"https:\/\/www.grieta.org.mx\/index.php\/2016\/07\/24\/conflictos-mineros-en-oaxaca\/","url_meta":{"origin":62508,"position":2},"title":"Conflictos ambientales y sociales por miner\u00eda en Oaxaca","author":"grieta","date":"24 julio, 2016","format":false,"excerpt":"24\/07\/16. Comuneros exigir\u00e1n a Congreso de Oaxaca que no avale proyectos mineros P\u00e1gina 3 23\/07\/16. Concesiones mineras acaparan 47 mil hect\u00e1reas en el istmo Istmo Press 18\/07\/16. Marchan en rechazo a la miner\u00eda en Ixtepec El Imparcial 06\/05\/16. Manifestantes exigen, en San Jos\u00e9 del Progreso, Oaxaca, la salida de empresa\u2026","rel":"","context":"En &quot;Miner\u00eda&quot;","block_context":{"text":"Miner\u00eda","link":"https:\/\/www.grieta.org.mx\/index.php\/category\/megaproyectos\/mineria\/"},"img":{"alt_text":"","src":"https:\/\/i0.wp.com\/www.grieta.org.mx\/wp-content\/uploads\/2018\/03\/14524434_1106112876131411_958039263622046936_o.jpg?resize=350%2C200&ssl=1","width":350,"height":200,"srcset":"https:\/\/i0.wp.com\/www.grieta.org.mx\/wp-content\/uploads\/2018\/03\/14524434_1106112876131411_958039263622046936_o.jpg?resize=350%2C200&ssl=1 1x, https:\/\/i0.wp.com\/www.grieta.org.mx\/wp-content\/uploads\/2018\/03\/14524434_1106112876131411_958039263622046936_o.jpg?resize=525%2C300&ssl=1 1.5x, https:\/\/i0.wp.com\/www.grieta.org.mx\/wp-content\/uploads\/2018\/03\/14524434_1106112876131411_958039263622046936_o.jpg?resize=700%2C400&ssl=1 2x"},"classes":[]},{"id":62835,"url":"https:\/\/www.grieta.org.mx\/index.php\/2021\/12\/13\/frente-no-a-la-mineria-acusa-a-la-semarnat-por-consulta-amanada-y-favorecer-a-empresa-cuzcatlan-oaxaca\/","url_meta":{"origin":62508,"position":3},"title":"Frente No a la Miner\u00eda acusa a la Semarnat por consulta ama\u00f1ada y favorecer a empresa Cuzcatl\u00e1n (Oaxaca)","author":"grieta","date":"13 diciembre, 2021","format":false,"excerpt":"Proceso \/ Pedro Mat\u00edas. Comunidades zapotecas hicieron valer su derecho de libre determinaci\u00f3n como pueblos ind\u00edgenas por lo que realizaron su propia consulta en una Asamblea Regional en Santa Catarina Minas, Ocotl\u00e1n, donde ratificaron su acuerdo para frenar la explotaci\u00f3n en la regi\u00f3n. Di\u00e1logo.La sesi\u00f3n donde se rechaz\u00f3 la miner\u00eda\u2026","rel":"","context":"En &quot;CINTILLO&quot;","block_context":{"text":"CINTILLO","link":"https:\/\/www.grieta.org.mx\/index.php\/category\/cintillo\/"},"img":{"alt_text":"","src":"https:\/\/i0.wp.com\/www.grieta.org.mx\/wp-content\/uploads\/2021\/12\/1-1.jpg?resize=350%2C200&ssl=1","width":350,"height":200,"srcset":"https:\/\/i0.wp.com\/www.grieta.org.mx\/wp-content\/uploads\/2021\/12\/1-1.jpg?resize=350%2C200&ssl=1 1x, https:\/\/i0.wp.com\/www.grieta.org.mx\/wp-content\/uploads\/2021\/12\/1-1.jpg?resize=525%2C300&ssl=1 1.5x, https:\/\/i0.wp.com\/www.grieta.org.mx\/wp-content\/uploads\/2021\/12\/1-1.jpg?resize=700%2C400&ssl=1 2x"},"classes":[]},{"id":62871,"url":"https:\/\/www.grieta.org.mx\/index.php\/2021\/11\/30\/pueblos-de-los-valles-de-oaxaca-se-oponen-a-consulta-de-la-minera-cuzcatlan\/","url_meta":{"origin":62508,"position":4},"title":"Pueblos de los Valles de Oaxaca se oponen a consulta de la minera Cuzcatl\u00e1n","author":"grieta","date":"30 noviembre, 2021","format":false,"excerpt":"Avispa Midia \/ Redacci\u00f3n. Foto: Santiago Navarro F. Comunidades zapotecas de San Pedro Mart\u00edn y San Pedro Ap\u00f3stol, en el Valle de Ocotl\u00e1n, Oaxaca, se posicionaron en contra de la realizaci\u00f3n de una consulta ind\u00edgena que pretende realizar la Secretar\u00eda del Medio Ambiente y Recursos Naturales (Semanart), como parte del\u2026","rel":"","context":"En &quot;CINTILLO&quot;","block_context":{"text":"CINTILLO","link":"https:\/\/www.grieta.org.mx\/index.php\/category\/cintillo\/"},"img":{"alt_text":"","src":"https:\/\/i0.wp.com\/www.grieta.org.mx\/wp-content\/uploads\/2021\/12\/AM301121_2.jpg?resize=350%2C200&ssl=1","width":350,"height":200,"srcset":"https:\/\/i0.wp.com\/www.grieta.org.mx\/wp-content\/uploads\/2021\/12\/AM301121_2.jpg?resize=350%2C200&ssl=1 1x, https:\/\/i0.wp.com\/www.grieta.org.mx\/wp-content\/uploads\/2021\/12\/AM301121_2.jpg?resize=525%2C300&ssl=1 1.5x, https:\/\/i0.wp.com\/www.grieta.org.mx\/wp-content\/uploads\/2021\/12\/AM301121_2.jpg?resize=700%2C400&ssl=1 2x"},"classes":[]},{"id":55948,"url":"https:\/\/www.grieta.org.mx\/index.php\/2020\/12\/14\/tras-bloqueo-zapotecas-logran-apertura-de-dialogo-con-semanart-sobre-mina-de-cuzcatlan-oaxaca\/","url_meta":{"origin":62508,"position":5},"title":"Tras bloqueo, zapotecas logran apertura de di\u00e1logo con Semanart sobre mina de Cuzcatl\u00e1n (Oaxaca)","author":"grieta","date":"14 diciembre, 2020","format":false,"excerpt":"Avisoa Midia \/ Sare Frabes. Tras el bloqueo de la carretera federal 175, que liga los Valles Centrales de Oaxaca con las zonas tur\u00edsticas de la costa, en la ma\u00f1ana de este lunes (14), 16 comunidades que hacen parte de un frente contra la miner\u00eda en el estado lograron una\u2026","rel":"","context":"En &quot;CINTILLO&quot;","block_context":{"text":"CINTILLO","link":"https:\/\/www.grieta.org.mx\/index.php\/category\/cintillo\/"},"img":{"alt_text":"","src":"https:\/\/i0.wp.com\/www.grieta.org.mx\/wp-content\/uploads\/2020\/12\/X.jpg?resize=350%2C200&ssl=1","width":350,"height":200,"srcset":"https:\/\/i0.wp.com\/www.grieta.org.mx\/wp-content\/uploads\/2020\/12\/X.jpg?resize=350%2C200&ssl=1 1x, https:\/\/i0.wp.com\/www.grieta.org.mx\/wp-content\/uploads\/2020\/12\/X.jpg?resize=525%2C300&ssl=1 1.5x, https:\/\/i0.wp.com\/www.grieta.org.mx\/wp-content\/uploads\/2020\/12\/X.jpg?resize=700%2C400&ssl=1 2x"},"classes":[]}],"_links":{"self":[{"href":"https:\/\/www.grieta.org.mx\/index.php\/wp-json\/wp\/v2\/posts\/62508","targetHints":{"allow":["GET"]}}],"collection":[{"href":"https:\/\/www.grieta.org.mx\/index.php\/wp-json\/wp\/v2\/posts"}],"about":[{"href":"https:\/\/www.grieta.org.mx\/index.php\/wp-json\/wp\/v2\/types\/post"}],"author":[{"embeddable":true,"href":"https:\/\/www.grieta.org.mx\/index.php\/wp-json\/wp\/v2\/users\/2"}],"replies":[{"embeddable":true,"href":"https:\/\/www.grieta.org.mx\/index.php\/wp-json\/wp\/v2\/comments?post=62508"}],"version-history":[{"count":1,"href":"https:\/\/www.grieta.org.mx\/index.php\/wp-json\/wp\/v2\/posts\/62508\/revisions"}],"predecessor-version":[{"id":62510,"href":"https:\/\/www.grieta.org.mx\/index.php\/wp-json\/wp\/v2\/posts\/62508\/revisions\/62510"}],"wp:featuredmedia":[{"embeddable":true,"href":"https:\/\/www.grieta.org.mx\/index.php\/wp-json\/wp\/v2\/media\/62509"}],"wp:attachment":[{"href":"https:\/\/www.grieta.org.mx\/index.php\/wp-json\/wp\/v2\/media?parent=62508"}],"wp:term":[{"taxonomy":"category","embeddable":true,"href":"https:\/\/www.grieta.org.mx\/index.php\/wp-json\/wp\/v2\/categories?post=62508"},{"taxonomy":"post_tag","embeddable":true,"href":"https:\/\/www.grieta.org.mx\/index.php\/wp-json\/wp\/v2\/tags?post=62508"}],"curies":[{"name":"wp","href":"https:\/\/api.w.org\/{rel}","templated":true}]}}