{"id":62498,"date":"2021-09-21T20:27:29","date_gmt":"2021-09-22T01:27:29","guid":{"rendered":"https:\/\/www.grieta.org.mx\/?p=62498"},"modified":"2021-10-28T20:33:26","modified_gmt":"2021-10-29T01:33:26","slug":"gobierno-de-michoacan-adeuda-mas-de-mil-millones-al-magisterio-que-decide-no-iniciar-clases","status":"publish","type":"post","link":"https:\/\/www.grieta.org.mx\/index.php\/2021\/09\/21\/gobierno-de-michoacan-adeuda-mas-de-mil-millones-al-magisterio-que-decide-no-iniciar-clases\/","title":{"rendered":"Gobierno de Michoac\u00e1n adeuda m\u00e1s de mil millones al magisterio, que decide no iniciar clases"},"content":{"rendered":"<blockquote><p><strong>Docentes agrupados en la Secci\u00f3n XVIII del SNTE-CNTE en Michoac\u00e1n denuncian que, pese a tener un acuerdo con autoridades federales y estatales, no les han pagado m\u00e1s de mil millones, por lo que han determinado no iniciar el ciclo escolar hasta que se cubran sus salarios. La deuda contin\u00faa a semanas de que Silvano Aureoles deje la gubernatura<\/strong><\/p><\/blockquote>\n<p>PiedeP\u00e1gina, 21 septiembre, 2021<\/p>\n<p>Texto: Alejandro Ruiz<\/p>\n<p>Fotos: Especial<\/p>\n<p>QUER\u00c9TARO.- Las escuelas p\u00fablicas de Michoac\u00e1n no arrancaron clases el pasado 20 de septiembre, esto debido a un paro de labores convocado por la Secci\u00f3n XVIII del SNTE-CNTE para exigirle a la federaci\u00f3n y al gobierno estatal el pago pendiente de los salarios de m\u00e1s de 28 mil trabajadores de la educaci\u00f3n en la entidad.<\/p>\n<p>Entre estos trabajadores se encuentran docentes, intendentes, administrativos y personal que labora en los centros educativos.<\/p>\n<p>En entrevista con Pie de P\u00e1gina, el secretario general de la Secci\u00f3n XVIII del SNTE-CNTE, Gamaliel Guzm\u00e1n Cruz, afirm\u00f3 que hasta el momento se adeudan m\u00e1s de mil millones de pesos que corresponden a pendientes de la administraci\u00f3n estatal desde 2020.<\/p>\n<p>\u201cEn 2020 nos quedaron a deber 651 millones de pesos por concepto de 6 bonificaciones, si a eso le sumas las tres quincenas que no hemos cobrado durante este a\u00f1o, que equivalen a alrededor de 258 millones de pesos, m\u00e1s el retroactivo del aumento salarial de 3.9% de este a\u00f1o, que son 140 millones, tenemos una cifra que rebasa los mil millones de pesos. Eso es lo que nos deben y que no nos han pagado\u201d.<\/p>\n<p>Pese a que desde el a\u00f1o pasado el magisterio michoacano ha exigido a trav\u00e9s de diversas movilizaciones que se les paguen sus salarios, la respuesta del gobierno estatal ha pasado de ser insuficiente a pr\u00e1cticamente nula.<\/p>\n<p>\u201cAntes el gobierno del estado al menos nos dec\u00eda que se estaban haciendo las gestiones correspondientes, pero ahora que se acerca la fecha en la que Silvano Auroeoles va a entregar su administraci\u00f3n simplemente han dejado de responder nuestras llamadas, y hemos tocado todas las puertas\u201d sostiene Guzm\u00e1n.<\/p>\n<p>Caravanas motorizadas, toma de casetas, manifestaciones en edificios gubernamentales e inclusive el bloqueo de centros comerciales han sido algunas de las acciones que el magisterio michoacano ha realizado durante varios meses para exigir el pago de sus salarios, sin embargo, acusan que el gobierno \u201cno los ha volteado a ver\u201d.<\/p>\n<p>\u201cComo no nos hac\u00edan caso comenzamos a bloquear los centros comerciales, pues sabemos que a los grupos empresariales s\u00ed los escuchan, y a lo mejor eso pod\u00eda hacer mayor presi\u00f3n, pero ni as\u00ed nos voltean a ver\u201d lamenta el profesor Gamaliel.<\/p>\n<p>\u201cNo podemos seguir aguantando esta situaci\u00f3n\u201d, agrega, \u201cnosotros hemos cumplido a cabalidad con el compromiso de educar a\u00fan con las lamentables condiciones de la pandemia, solo estamos exigiendo nuestro salario y ojal\u00e1 la poblaci\u00f3n nos comprendiera, pues son meses en los que m\u00e1s de 28 mil compa\u00f1eros no han cobrado su salario, y eso es algo que ning\u00fan trabajador puede aguantar.\u201d<\/p>\n<figure id=\"attachment_62499\" aria-describedby=\"caption-attachment-62499\" style=\"width: 750px\" class=\"wp-caption alignnone\"><img loading=\"lazy\" decoding=\"async\" data-attachment-id=\"62499\" data-permalink=\"https:\/\/www.grieta.org.mx\/index.php\/2021\/09\/21\/gobierno-de-michoacan-adeuda-mas-de-mil-millones-al-magisterio-que-decide-no-iniciar-clases\/pdp_magisteriomichoacano_especial01-1\/\" data-orig-file=\"https:\/\/www.grieta.org.mx\/wp-content\/uploads\/2021\/10\/pdp_magisteriomichoacano_especial01-1.jpg\" data-orig-size=\"1280,958\" data-comments-opened=\"0\" data-image-meta=\"{&quot;aperture&quot;:&quot;0&quot;,&quot;credit&quot;:&quot;&quot;,&quot;camera&quot;:&quot;&quot;,&quot;caption&quot;:&quot;&quot;,&quot;created_timestamp&quot;:&quot;0&quot;,&quot;copyright&quot;:&quot;&quot;,&quot;focal_length&quot;:&quot;0&quot;,&quot;iso&quot;:&quot;0&quot;,&quot;shutter_speed&quot;:&quot;0&quot;,&quot;title&quot;:&quot;&quot;,&quot;orientation&quot;:&quot;0&quot;}\" data-image-title=\"pdp_magisteriomichoacano_especial01-1\" data-image-description=\"\" data-image-caption=\"&lt;p&gt;Foto: PiedePagina.mx&lt;\/p&gt;\n\" data-medium-file=\"https:\/\/www.grieta.org.mx\/wp-content\/uploads\/2021\/10\/pdp_magisteriomichoacano_especial01-1-300x225.jpg\" data-large-file=\"https:\/\/www.grieta.org.mx\/wp-content\/uploads\/2021\/10\/pdp_magisteriomichoacano_especial01-1-1024x766.jpg\" class=\"wp-image-62499\" src=\"http:\/\/www.grieta.org.mx\/wp-content\/uploads\/2021\/10\/pdp_magisteriomichoacano_especial01-1.jpg\" alt=\"\" width=\"750\" height=\"561\" srcset=\"https:\/\/www.grieta.org.mx\/wp-content\/uploads\/2021\/10\/pdp_magisteriomichoacano_especial01-1.jpg 1280w, https:\/\/www.grieta.org.mx\/wp-content\/uploads\/2021\/10\/pdp_magisteriomichoacano_especial01-1-300x225.jpg 300w, https:\/\/www.grieta.org.mx\/wp-content\/uploads\/2021\/10\/pdp_magisteriomichoacano_especial01-1-1024x766.jpg 1024w, https:\/\/www.grieta.org.mx\/wp-content\/uploads\/2021\/10\/pdp_magisteriomichoacano_especial01-1-768x575.jpg 768w\" sizes=\"auto, (max-width: 750px) 100vw, 750px\" \/><figcaption id=\"caption-attachment-62499\" class=\"wp-caption-text\">Foto: PiedePagina.mx<\/figcaption><\/figure>\n<p><strong><br \/>\nNadie cumple su palabra<\/strong><\/p>\n<p>La Asamblea General Estatal de la Secci\u00f3n XVIII decidi\u00f3 no iniciar el nuevo ciclo escolar hasta que se cumplimentara el pago de los salarios pendientes.<\/p>\n<p>Esta acci\u00f3n lleg\u00f3 hasta Palacio Nacional y la respuesta presidencial fue convocar a una mesa de negociaci\u00f3n donde participaron la Secretar\u00eda de Gobernaci\u00f3n, la SEP, autoridades del estado de Michoac\u00e1n, la Secci\u00f3n XVIII de la CNTE y el gobernador electo de la entidad: Alfredo Ram\u00edrez Bedolla.<\/p>\n<p>\u201cEl 8 de septiembre tuvimos esta reuni\u00f3n para dar salida a nuestra problem\u00e1tica\u201d, detalla Gamaliel Cruz, \u201cy llegamos al acuerdo de que se iba a establecer una ruta de pago en 4 tiempos para las tres quincenas que nos adeudan, pero hasta el d\u00eda de hoy no se ha cumplido esta propuesta y por eso seguimos firmes en la determinaci\u00f3n de no iniciar el ciclo escolar hasta que no se nos pague, pues nadie est\u00e1 cumpliendo su palabra\u201d.<\/p>\n<p>La ruta de 4 pagos se iba a llevar a cabo a trav\u00e9s de una gesti\u00f3n de 3 mil 800 millones de pesos que Ram\u00edrez Bedolla hab\u00eda realizado en su papel de gobernador electo, y no por parte de las actuales autoridades estatales que formalmente son quienes contrajeron la deuda, sin embargo la fecha l\u00edmite para que comenzara a operar este acuerdo fue el pasado 20 de septiembre, y ni la actual administraci\u00f3n estatal, as\u00ed como la federaci\u00f3n y el gobierno electo, efectuaron el pago a las y los trabajadores.<\/p>\n<p>\u201cYa no les creemos ni a la federaci\u00f3n, ni al gobierno del estado ni a Bedolla, incumplieron su palabra y por eso no vamos a iniciar clases, pero s\u00ed queremos recalcar que esto es reponsabilidad de las autoridades, no de las y los trabajadores que desde que inici\u00f3 la pandemia hemos estado continuando con nuestra labor.\u201d Concluye el profesor Gamaliel Guzm\u00e1n Cruz.<\/p>\n<p>Hasta el momento ni el gobierno federal, ni estatal, han emitido ning\u00fan pronunciamiento respecto a las demandas del magisterio, quienes aseguran que en los pr\u00f3ximos d\u00edas convocar\u00e1n a una jornada de movilizaci\u00f3n en la entidad para exigir el respeto de sus derechos laborales.<\/p>\n<p><a href=\"https:\/\/piedepagina.mx\/gobierno-de-michoacan-adeuda-mas-de-mil-millones-al-magisterio-que-decide-no-iniciar-clases\/?utm_source=pocket_mylist\">https:\/\/piedepagina.mx\/gobierno-de-michoacan-adeuda-mas-de-mil-millones-al-magisterio-que-decide-no-iniciar-clases\/?utm_source=pocket_mylist<\/a><\/p>\n","protected":false},"excerpt":{"rendered":"<p>Docentes agrupados en la Secci\u00f3n XVIII del SNTE-CNTE en Michoac\u00e1n denuncian que, pese a tener un acuerdo con autoridades federales y estatales, no les han pagado m\u00e1s de mil millones, &hellip; <a href=\"https:\/\/www.grieta.org.mx\/index.php\/2021\/09\/21\/gobierno-de-michoacan-adeuda-mas-de-mil-millones-al-magisterio-que-decide-no-iniciar-clases\/\" class=\"more-link\">Leer m\u00e1s<\/a><\/p>\n","protected":false},"author":2,"featured_media":62500,"comment_status":"closed","ping_status":"closed","sticky":false,"template":"","format":"standard","meta":{"ngg_post_thumbnail":0,"_jetpack_newsletter_access":"","_jetpack_dont_email_post_to_subs":false,"_jetpack_newsletter_tier_id":0,"_jetpack_memberships_contains_paywalled_content":false,"_jetpack_memberships_contains_paid_content":false,"footnotes":""},"categories":[80,999,2210,910,21,1007,2752],"tags":[2566,2841,3217,3457,1679],"class_list":["post-62498","post","type-post","status-publish","format-standard","has-post-thumbnail","hentry","category-cintillo","category-conflictos-laborales-en-michoacan","category-crisis-en-el-sistema-educativo-de-michoacan","category-explotacion-y-precariedad-laboral","category-michoacan","category-movilizaciones-del-magisterio-en-michoacan","category-precariedad-laboral-en-michoacan","tag-crisis-en-el-sistema-educativo","tag-explotacion-y-precariedad-laboral","tag-falta-de-pagos-a-maestros","tag-manifestaciones-de-maestros","tag-protestas-magisteriales","entry"],"jetpack_featured_media_url":"https:\/\/www.grieta.org.mx\/wp-content\/uploads\/2021\/10\/pdp_magisteriomichoacano_especial00-1.jpg","jetpack_sharing_enabled":true,"jetpack_shortlink":"https:\/\/wp.me\/p7ZJR4-gg2","jetpack_likes_enabled":false,"jetpack-related-posts":[{"id":67606,"url":"https:\/\/www.grieta.org.mx\/index.php\/2023\/05\/15\/insuficiente-el-incremento-salarial-a-los-maestros-cnte-michoacan\/","url_meta":{"origin":62498,"position":0},"title":"Insuficiente, el incremento salarial a los maestros: CNTE (Michoac\u00e1n)","author":"grieta","date":"15 mayo, 2023","format":false,"excerpt":"Dirigente de fracci\u00f3n magisterial se\u00f1ala que el aumento debe superar al 10 por ciento, dado que los aumentos no se aplican directa a ingresos","rel":"","context":"En &quot;CINTILLO&quot;","block_context":{"text":"CINTILLO","link":"https:\/\/www.grieta.org.mx\/index.php\/category\/cintillo\/"},"img":{"alt_text":"","src":"https:\/\/i0.wp.com\/www.grieta.org.mx\/wp-content\/uploads\/2023\/09\/CNTE-2-marcha-acg.jpg?resize=350%2C200&ssl=1","width":350,"height":200,"srcset":"https:\/\/i0.wp.com\/www.grieta.org.mx\/wp-content\/uploads\/2023\/09\/CNTE-2-marcha-acg.jpg?resize=350%2C200&ssl=1 1x, https:\/\/i0.wp.com\/www.grieta.org.mx\/wp-content\/uploads\/2023\/09\/CNTE-2-marcha-acg.jpg?resize=525%2C300&ssl=1 1.5x, https:\/\/i0.wp.com\/www.grieta.org.mx\/wp-content\/uploads\/2023\/09\/CNTE-2-marcha-acg.jpg?resize=700%2C400&ssl=1 2x, https:\/\/i0.wp.com\/www.grieta.org.mx\/wp-content\/uploads\/2023\/09\/CNTE-2-marcha-acg.jpg?resize=1050%2C600&ssl=1 3x, https:\/\/i0.wp.com\/www.grieta.org.mx\/wp-content\/uploads\/2023\/09\/CNTE-2-marcha-acg.jpg?resize=1400%2C800&ssl=1 4x"},"classes":[]},{"id":39031,"url":"https:\/\/www.grieta.org.mx\/index.php\/2019\/09\/09\/cnte-inicia-paro-de-72-horas-en-michoacan\/","url_meta":{"origin":62498,"position":1},"title":"CNTE inicia paro de 72 horas en Michoac\u00e1n","author":"grieta","date":"9 septiembre, 2019","format":false,"excerpt":"Los maestros de la Secci\u00f3n 18 de la CNTE demandan el pago de quincenas y prestaciones atrasadas Exc\u00e9lsior, 09 de septiembre de 2019 Integrantes de la Coordinadora Nacional de Trabajadores de la Educaci\u00f3n (CNTE) comenzaron un paro de labores de 72 horas en Michoac\u00e1n, ante la demanda del pago de\u2026","rel":"","context":"En &quot;CINTILLO&quot;","block_context":{"text":"CINTILLO","link":"https:\/\/www.grieta.org.mx\/index.php\/category\/cintillo\/"},"img":{"alt_text":"","src":"https:\/\/i0.wp.com\/www.grieta.org.mx\/wp-content\/uploads\/2019\/09\/2215678.jpg?resize=350%2C200&ssl=1","width":350,"height":200,"srcset":"https:\/\/i0.wp.com\/www.grieta.org.mx\/wp-content\/uploads\/2019\/09\/2215678.jpg?resize=350%2C200&ssl=1 1x, https:\/\/i0.wp.com\/www.grieta.org.mx\/wp-content\/uploads\/2019\/09\/2215678.jpg?resize=525%2C300&ssl=1 1.5x"},"classes":[]},{"id":62598,"url":"https:\/\/www.grieta.org.mx\/index.php\/2021\/10\/21\/con-protesta-en-uruapan-exigen-maestros-al-gobernador-pagos-quincenales-michoacan\/","url_meta":{"origin":62498,"position":2},"title":"Con protesta en Uruapan exigen maestros al Gobernador pagos quincenales (Michoac\u00e1n)","author":"grieta","date":"21 octubre, 2021","format":false,"excerpt":"Uriel Morales \/Quadat\u00edn, 21 de octubre de 2021 MORELIA, Mich., 21 de octubre de 2021.- \u201c\u00a1Si los m\u00e1rtires vivieran, con nosotros andar\u00edan!\u201d, con este grito, integrantes del magisterio michoacano recibieron al gobernador Alfredo Ram\u00edrez Bedolla a su llegada a Uruapan. Son docentes de la Secci\u00f3n XVIII de la Coordinadora Nacional\u2026","rel":"","context":"En &quot;Conflictos laborales en Michoac\u00e1n&quot;","block_context":{"text":"Conflictos laborales en Michoac\u00e1n","link":"https:\/\/www.grieta.org.mx\/index.php\/category\/noticias-nacionales\/michoacan\/conflictos-laborales-en-michoacan\/"},"img":{"alt_text":"","src":"https:\/\/i0.wp.com\/www.grieta.org.mx\/wp-content\/uploads\/2021\/11\/Con-protesta-en-Uruapan-exigen-maestros-al-Gobernador-pagos-quincenales-1160x700-1.jpg?resize=350%2C200&ssl=1","width":350,"height":200,"srcset":"https:\/\/i0.wp.com\/www.grieta.org.mx\/wp-content\/uploads\/2021\/11\/Con-protesta-en-Uruapan-exigen-maestros-al-Gobernador-pagos-quincenales-1160x700-1.jpg?resize=350%2C200&ssl=1 1x, https:\/\/i0.wp.com\/www.grieta.org.mx\/wp-content\/uploads\/2021\/11\/Con-protesta-en-Uruapan-exigen-maestros-al-Gobernador-pagos-quincenales-1160x700-1.jpg?resize=525%2C300&ssl=1 1.5x, https:\/\/i0.wp.com\/www.grieta.org.mx\/wp-content\/uploads\/2021\/11\/Con-protesta-en-Uruapan-exigen-maestros-al-Gobernador-pagos-quincenales-1160x700-1.jpg?resize=700%2C400&ssl=1 2x, https:\/\/i0.wp.com\/www.grieta.org.mx\/wp-content\/uploads\/2021\/11\/Con-protesta-en-Uruapan-exigen-maestros-al-Gobernador-pagos-quincenales-1160x700-1.jpg?resize=1050%2C600&ssl=1 3x"},"classes":[]},{"id":59379,"url":"https:\/\/www.grieta.org.mx\/index.php\/2021\/02\/08\/maestros-de-michoacan-realizan-caravana-hacia-cdmx\/","url_meta":{"origin":62498,"position":3},"title":"Maestros de Michoac\u00e1n realizan caravana hacia CdMx","author":"grieta","date":"8 febrero, 2021","format":false,"excerpt":"Alma Paola Wong y Jocelyn Estrada Milenio Michoac\u00e1n \/ 08.02.2021 16:01:52 Maestros de Michoac\u00e1n iniciaron una caravana vehicular con rumbo a la Ciudad de M\u00e9xico para pedir al gobierno federal intervenga para que la administraci\u00f3n estatal cumpla el pago de adeudos econ\u00f3micos y la entrega de mil 200 plazas a\u2026","rel":"","context":"En &quot;Conflictos laborales en Michoac\u00e1n&quot;","block_context":{"text":"Conflictos laborales en Michoac\u00e1n","link":"https:\/\/www.grieta.org.mx\/index.php\/category\/noticias-nacionales\/michoacan\/conflictos-laborales-en-michoacan\/"},"img":{"alt_text":"","src":"https:\/\/i0.wp.com\/www.grieta.org.mx\/wp-content\/uploads\/2021\/05\/maestros-marcharon-morelia-cdmx-jocelyn_0_65_1024_638.jpeg?resize=350%2C200&ssl=1","width":350,"height":200,"srcset":"https:\/\/i0.wp.com\/www.grieta.org.mx\/wp-content\/uploads\/2021\/05\/maestros-marcharon-morelia-cdmx-jocelyn_0_65_1024_638.jpeg?resize=350%2C200&ssl=1 1x, https:\/\/i0.wp.com\/www.grieta.org.mx\/wp-content\/uploads\/2021\/05\/maestros-marcharon-morelia-cdmx-jocelyn_0_65_1024_638.jpeg?resize=525%2C300&ssl=1 1.5x, https:\/\/i0.wp.com\/www.grieta.org.mx\/wp-content\/uploads\/2021\/05\/maestros-marcharon-morelia-cdmx-jocelyn_0_65_1024_638.jpeg?resize=700%2C400&ssl=1 2x"},"classes":[]},{"id":61021,"url":"https:\/\/www.grieta.org.mx\/index.php\/2021\/07\/17\/exigen-docentes-pago-de-adeudos-pendientes-michoacan\/","url_meta":{"origin":62498,"position":4},"title":"Exigen docentes pago de adeudos pendientes (Michoac\u00e1n)","author":"grieta","date":"17 julio, 2021","format":false,"excerpt":"\ufeff Uriel Morales P\u00e9rez\/ Quadrat\u00edn, 17 de julio de 2021 MORELIA, Mich., 17 de julio de 2021.- Debido a la persistencia de los atrasos en los pagos, docentes del Sindicato Nacional de Trabajadores de la Educaci\u00f3n (SNTE) salieron este s\u00e1bado a exigir sus salarios. Al reciente modo de protesta que\u2026","rel":"","context":"En &quot;CINTILLO&quot;","block_context":{"text":"CINTILLO","link":"https:\/\/www.grieta.org.mx\/index.php\/category\/cintillo\/"},"img":{"alt_text":"","src":"https:\/\/i0.wp.com\/www.grieta.org.mx\/wp-content\/uploads\/2018\/03\/14524434_1106112876131411_958039263622046936_o.jpg?resize=350%2C200&ssl=1","width":350,"height":200,"srcset":"https:\/\/i0.wp.com\/www.grieta.org.mx\/wp-content\/uploads\/2018\/03\/14524434_1106112876131411_958039263622046936_o.jpg?resize=350%2C200&ssl=1 1x, https:\/\/i0.wp.com\/www.grieta.org.mx\/wp-content\/uploads\/2018\/03\/14524434_1106112876131411_958039263622046936_o.jpg?resize=525%2C300&ssl=1 1.5x, https:\/\/i0.wp.com\/www.grieta.org.mx\/wp-content\/uploads\/2018\/03\/14524434_1106112876131411_958039263622046936_o.jpg?resize=700%2C400&ssl=1 2x"},"classes":[]},{"id":43781,"url":"https:\/\/www.grieta.org.mx\/index.php\/2020\/01\/28\/marchan-sindicados-en-morelia-en-demanda-de-sus-pagos-atrasados\/","url_meta":{"origin":62498,"position":5},"title":"Marchan sindicados en Morelia en demanda de sus pagos atrasados","author":"grieta","date":"28 enero, 2020","format":false,"excerpt":"Uriel Morales P\u00e9rez \/Quadrat\u00edn, 28 de enero de 2019 MORELIA, Mich., 28 de enero de 2020.- Trabajadores del sector educativo en Michoac\u00e1n participan en la marcha en calles de Morelia en demanda de cumplimiento a pliegos petitorios que por meses se arrastran como pendientes. En el contingente se encuentran integrantes\u2026","rel":"","context":"En &quot;CINTILLO&quot;","block_context":{"text":"CINTILLO","link":"https:\/\/www.grieta.org.mx\/index.php\/category\/cintillo\/"},"img":{"alt_text":"","src":"https:\/\/i0.wp.com\/www.grieta.org.mx\/wp-content\/uploads\/2020\/01\/images.jpg?resize=350%2C200&ssl=1","width":350,"height":200,"srcset":"https:\/\/i0.wp.com\/www.grieta.org.mx\/wp-content\/uploads\/2020\/01\/images.jpg?resize=350%2C200&ssl=1 1x, https:\/\/i0.wp.com\/www.grieta.org.mx\/wp-content\/uploads\/2020\/01\/images.jpg?resize=525%2C300&ssl=1 1.5x"},"classes":[]}],"_links":{"self":[{"href":"https:\/\/www.grieta.org.mx\/index.php\/wp-json\/wp\/v2\/posts\/62498","targetHints":{"allow":["GET"]}}],"collection":[{"href":"https:\/\/www.grieta.org.mx\/index.php\/wp-json\/wp\/v2\/posts"}],"about":[{"href":"https:\/\/www.grieta.org.mx\/index.php\/wp-json\/wp\/v2\/types\/post"}],"author":[{"embeddable":true,"href":"https:\/\/www.grieta.org.mx\/index.php\/wp-json\/wp\/v2\/users\/2"}],"replies":[{"embeddable":true,"href":"https:\/\/www.grieta.org.mx\/index.php\/wp-json\/wp\/v2\/comments?post=62498"}],"version-history":[{"count":1,"href":"https:\/\/www.grieta.org.mx\/index.php\/wp-json\/wp\/v2\/posts\/62498\/revisions"}],"predecessor-version":[{"id":62501,"href":"https:\/\/www.grieta.org.mx\/index.php\/wp-json\/wp\/v2\/posts\/62498\/revisions\/62501"}],"wp:featuredmedia":[{"embeddable":true,"href":"https:\/\/www.grieta.org.mx\/index.php\/wp-json\/wp\/v2\/media\/62500"}],"wp:attachment":[{"href":"https:\/\/www.grieta.org.mx\/index.php\/wp-json\/wp\/v2\/media?parent=62498"}],"wp:term":[{"taxonomy":"category","embeddable":true,"href":"https:\/\/www.grieta.org.mx\/index.php\/wp-json\/wp\/v2\/categories?post=62498"},{"taxonomy":"post_tag","embeddable":true,"href":"https:\/\/www.grieta.org.mx\/index.php\/wp-json\/wp\/v2\/tags?post=62498"}],"curies":[{"name":"wp","href":"https:\/\/api.w.org\/{rel}","templated":true}]}}