{"id":62443,"date":"2021-10-20T18:27:36","date_gmt":"2021-10-20T23:27:36","guid":{"rendered":"http:\/\/www.grieta.org.mx\/?p=62443"},"modified":"2022-10-01T20:39:59","modified_gmt":"2022-10-02T01:39:59","slug":"denuncian-siembra-ilegal-de-maiz-y-soya-transgenicos-campeche","status":"publish","type":"post","link":"https:\/\/www.grieta.org.mx\/index.php\/2021\/10\/20\/denuncian-siembra-ilegal-de-maiz-y-soya-transgenicos-campeche\/","title":{"rendered":"Denuncian siembra ilegal de ma\u00edz y soya transg\u00e9nicos (Campeche)"},"content":{"rendered":"<p>Prensa Animal<\/p>\n<blockquote><p>Urgimos a Semarnat y Profepa a cumplir con lo establecido en sus competencias y garantizar el derecho humano de toda persona a un medio ambiente sano<\/p><\/blockquote>\n<p>La organizaci\u00f3n ambientalista Greenpeace y Cemda presentaron una denuncia ante la Procuradur\u00eda Federal de Protecci\u00f3n al Ambiente (Profepa) y el Servicio Nacional de Sanidad Inocuidad y Calidad Agroalimentaria (Senasica) en contra de quien o quienes resulten responsables por las actividades de siembra de soya y ma\u00edz probablemente transg\u00e9nicos que se est\u00e1n realizando en las comunidades de Santa Rosa, Xtampac, Huechil, Bolonchen, Ich Ek, Santa Fe, Crucero San Luis, Nueva Esperanza, Sacabchen, Poste, Katab, Xcalot, Komch\u00e9n y Nuevo Progreso, del Municipio de Hopelch\u00e9n, estado de Campeche.<br \/>\nDenuncian siembra ilegal de ma\u00edz y soya transg\u00e9nicos<\/p>\n<p>La denuncia, respaldada por las organizaciones Indignaci\u00f3n y la Alianza Kabnalo\u00b4on,  surge a partir de que los habitantes de las comunidades informaron que durante los meses de junio, julio y agosto de 2021, observaron la siembra de semillas de ma\u00edz y soya, as\u00ed como la aplicaci\u00f3n agroqu\u00edmicos, entre ellos el glifosato, por lo que se sospecha que dichas semillas sean transg\u00e9nicas y se urge a las autoridades a tomar cartas en el asunto.<\/p>\n<p>El 18 de junio de 2021, los denunciantes presentaron una solicitud ante la Profepa y el Senasica para pedir la realizaci\u00f3n de inspecciones para detectar y evitar la liberaci\u00f3n y siembra de semillas de ma\u00edz y soya gen\u00e9ticamente modificadas.<\/p>\n<p>\u201cSenasica debe proceder tanto al aseguramiento del material como a la investigaci\u00f3n e identificaci\u00f3n de los puntos de comercializaci\u00f3n, distribuci\u00f3n y\/o las rutas de ingreso de la soya GM, alleg\u00e1ndose de la informaci\u00f3n correspondiente sobre la movilizaci\u00f3n, almacenamiento, distribuci\u00f3n y venta de la semilla utilizada para la siembra de soya transg\u00e9nica en el estado de Campeche\u201d, se\u00f1al\u00f3 Viridiana L\u00e1zaro, especialista en Agricultura y cambio clim\u00e1tico de Greenpeace M\u00e9xico.<\/p>\n<p>Urgimos a Semarnat y Profepa a cumplir con lo establecido en sus competencias y garantizar el derecho humano de toda persona a un medio ambiente sano, a trav\u00e9s de la regulaci\u00f3n y vigilancia de las actividades que puedan poner en peligro la preservaci\u00f3n de una o m\u00e1s especies o causar da\u00f1os a los ecosistemas, as\u00ed como realizar el monitoreo de los efectos que pudiera causar la liberaci\u00f3n de OGM, accidental o ilegal, al medio ambiente y a la diversidad biol\u00f3gica. <\/p>\n<p>Estas instancias deben programar, ordenar y realizar visitas u operativos de inspecci\u00f3n, para vigilar y evaluar el cumplimiento de las disposiciones jur\u00eddicas aplicables a la preservaci\u00f3n y protecci\u00f3n de la vida silvestre, sus ecosistemas, as\u00ed como la bioseguridad de organismos gen\u00e9ticamente modificados como lo establecen el propio reglamento interno de Semarnat (1).<\/p>\n<p>Es urgente la aplicaci\u00f3n del decreto presidencial que proh\u00edbe el ma\u00edz transg\u00e9nico y el glifosato al 2024, para evitar eventos de contaminaci\u00f3n y proteger a las razas de ma\u00edces nativos en M\u00e9xico y la agrobiodiversidad, mediante biomonitoreos constantes con el objeto de garantizar que las semillas no sean transg\u00e9nicas. Se debe llevar a cabo un fomento a la siembra de variedades nativas, entre otras.<\/p>\n<p>Invocamos el Acuerdo de Escaz\u00fa, el cual tiene por objeto garantizar la implementaci\u00f3n plena y efectiva en Am\u00e9rica Latina y el Caribe de los derechos de acceso a la informaci\u00f3n ambiental, participaci\u00f3n p\u00fablica en los procesos de toma de decisiones ambientales y acceso a la justicia en asuntos ambientales.<\/p>\n<p>Notas.<\/p>\n<p>     Art\u00edculo 45, fracci\u00f3n I del Reglamento Interior de la Secretar\u00eda de Medio Ambiente y Recursos Naturales<\/p>\n<p><a href=\"https:\/\/prensaanimal.com\/denuncian-siembra-ilegal-de-maiz-y-soya-transgenicos\/\" rel=\"noopener\" target=\"_blank\">https:\/\/prensaanimal.com\/denuncian-siembra-ilegal-de-maiz-y-soya-transgenicos\/<\/a><\/p>\n","protected":false},"excerpt":{"rendered":"<p>Prensa Animal Urgimos a Semarnat y Profepa a cumplir con lo establecido en sus competencias y garantizar el derecho humano de toda persona a un medio ambiente sano La organizaci\u00f3n &hellip; <a href=\"https:\/\/www.grieta.org.mx\/index.php\/2021\/10\/20\/denuncian-siembra-ilegal-de-maiz-y-soya-transgenicos-campeche\/\" class=\"more-link\">Leer m\u00e1s<\/a><\/p>\n","protected":false},"author":2,"featured_media":62444,"comment_status":"closed","ping_status":"closed","sticky":false,"template":"","format":"standard","meta":{"ngg_post_thumbnail":0,"_jetpack_newsletter_access":"","_jetpack_dont_email_post_to_subs":false,"_jetpack_newsletter_tier_id":0,"_jetpack_memberships_contains_paywalled_content":false,"_jetpack_memberships_contains_paid_content":false,"footnotes":""},"categories":[42,11,80,1311,2258,3,922,926,2,1151],"tags":[281,744,91,883,161,159],"class_list":["post-62443","post","type-post","status-publish","format-standard","has-post-thumbnail","hentry","category-agroindustria","category-campeche","category-cintillo","category-contaminacion-y-danos-a-la-salud-en-campeche","category-ecocidio-en-campeche","category-megaproyectos","category-megaproyectos-estados","category-mp-campeche","category-noticias-nacionales","category-se-organizan-para-frenar-avance-de-transgenicos-en-yucatan-campeche-y-quintana-roo","tag-agroindustria","tag-agroquimicos","tag-contaminacion-ambiental","tag-glifosato","tag-monsanto","tag-transgenicos","entry"],"jetpack_featured_media_url":"https:\/\/www.grieta.org.mx\/wp-content\/uploads\/2021\/10\/maiz.jpg","jetpack_sharing_enabled":true,"jetpack_shortlink":"https:\/\/wp.me\/p7ZJR4-gf9","jetpack_likes_enabled":false,"jetpack-related-posts":[{"id":55707,"url":"https:\/\/www.grieta.org.mx\/index.php\/2020\/12\/03\/mayas-denuncian-la-siembra-de-soya-y-maiz-transgenico-en-hopelchen-campeche\/","url_meta":{"origin":62443,"position":0},"title":"Mayas denuncian la siembra de soya y ma\u00edz transg\u00e9nico en Hopelch\u00e9n, Campeche","author":"grieta","date":"3 diciembre, 2020","format":false,"excerpt":"Rosa Santana \/ Proceso Comunidades mayas y organizaciones civiles denunciaron que productores incurrieron en desacato judicial al sembrar, de nuevo, semillas transg\u00e9nicas CAMPECHE, Camp. (apro).- Comunidades mayas y organizaciones civiles denunciaron ante autoridades federales en la capital del pa\u00eds el cultivo clandestino de semillas transg\u00e9nicas ya no solo de soya,\u2026","rel":"","context":"En &quot;Agroindustria&quot;","block_context":{"text":"Agroindustria","link":"https:\/\/www.grieta.org.mx\/index.php\/category\/megaproyectos\/agroindustria\/"},"img":{"alt_text":"","src":"https:\/\/i0.wp.com\/www.grieta.org.mx\/wp-content\/uploads\/2020\/12\/CosechaMaiz.png?resize=350%2C200&ssl=1","width":350,"height":200,"srcset":"https:\/\/i0.wp.com\/www.grieta.org.mx\/wp-content\/uploads\/2020\/12\/CosechaMaiz.png?resize=350%2C200&ssl=1 1x, https:\/\/i0.wp.com\/www.grieta.org.mx\/wp-content\/uploads\/2020\/12\/CosechaMaiz.png?resize=525%2C300&ssl=1 1.5x, https:\/\/i0.wp.com\/www.grieta.org.mx\/wp-content\/uploads\/2020\/12\/CosechaMaiz.png?resize=700%2C400&ssl=1 2x"},"classes":[]},{"id":1459,"url":"https:\/\/www.grieta.org.mx\/index.php\/2015\/10\/08\/autoridades-mayas-de-yucatan-y-campeche-congelan-avance-de-soya-transgenica-de-monsanto\/","url_meta":{"origin":62443,"position":1},"title":"Autoridades mayas de Yucat\u00e1n y Campeche congelan avance de soya transg\u00e9nica de Monsanto","author":"grieta","date":"8 octubre, 2015","format":false,"excerpt":"(08 de octubre, 2015).- La Suprema Corte de Justicia de la Naci\u00f3n (SCJN) acord\u00f3 que el 28 de octubre discutir\u00e1 en paquete los siete recursos de amparo en revisi\u00f3n interpuestos por apicultores de Yucat\u00e1n y Campeche contra la siembra de soya transg\u00e9nica, inform\u00f3 Jorge Fern\u00e1ndez, abogado que apoya a los\u2026","rel":"","context":"En &quot;16. Pueblo Maya&quot;","block_context":{"text":"16. Pueblo Maya","link":"https:\/\/www.grieta.org.mx\/index.php\/category\/espejos-de-la-resistencia\/16-pueblo-maya\/"},"img":{"alt_text":"","src":"https:\/\/i0.wp.com\/www.grieta.org.mx\/wp-content\/uploads\/2018\/03\/14524434_1106112876131411_958039263622046936_o.jpg?resize=350%2C200&ssl=1","width":350,"height":200,"srcset":"https:\/\/i0.wp.com\/www.grieta.org.mx\/wp-content\/uploads\/2018\/03\/14524434_1106112876131411_958039263622046936_o.jpg?resize=350%2C200&ssl=1 1x, https:\/\/i0.wp.com\/www.grieta.org.mx\/wp-content\/uploads\/2018\/03\/14524434_1106112876131411_958039263622046936_o.jpg?resize=525%2C300&ssl=1 1.5x, https:\/\/i0.wp.com\/www.grieta.org.mx\/wp-content\/uploads\/2018\/03\/14524434_1106112876131411_958039263622046936_o.jpg?resize=700%2C400&ssl=1 2x"},"classes":[]},{"id":912,"url":"https:\/\/www.grieta.org.mx\/index.php\/2016\/09\/13\/se-organizan-para-frenar-avance-de-transgenicos-en-yucatan-campeche-y-quintana-roo\/","url_meta":{"origin":62443,"position":2},"title":"Se organizan para frenar avance de transg\u00e9nicos en Yucat\u00e1n, Campeche y Quintana Roo","author":"grieta","date":"13 septiembre, 2016","format":false,"excerpt":"13\/04\/16. Conformaci\u00f3n de la Misi\u00f3n de Observaci\u00f3n de la Consulta al pueblo Maya sobre la siembra de soya gen\u00e9ticamente modificada de la empresa Monsanto Cayacyucatan 01\/04\/16. Irregularidades en Consulta Ind\u00edgena sobre la siembra de soya gen\u00e9ticamente en Campeche Infolliteras 22\/02\/16. Campeche, en mapa global sobre Riesgos Ambientales. Lo catalogan por\u2026","rel":"","context":"En &quot;16. Pueblo Maya&quot;","block_context":{"text":"16. Pueblo Maya","link":"https:\/\/www.grieta.org.mx\/index.php\/category\/espejos-de-la-resistencia\/16-pueblo-maya\/"},"img":{"alt_text":"","src":"https:\/\/i0.wp.com\/www.grieta.org.mx\/wp-content\/uploads\/2018\/03\/14524434_1106112876131411_958039263622046936_o.jpg?resize=350%2C200&ssl=1","width":350,"height":200,"srcset":"https:\/\/i0.wp.com\/www.grieta.org.mx\/wp-content\/uploads\/2018\/03\/14524434_1106112876131411_958039263622046936_o.jpg?resize=350%2C200&ssl=1 1x, https:\/\/i0.wp.com\/www.grieta.org.mx\/wp-content\/uploads\/2018\/03\/14524434_1106112876131411_958039263622046936_o.jpg?resize=525%2C300&ssl=1 1.5x, https:\/\/i0.wp.com\/www.grieta.org.mx\/wp-content\/uploads\/2018\/03\/14524434_1106112876131411_958039263622046936_o.jpg?resize=700%2C400&ssl=1 2x"},"classes":[]},{"id":41806,"url":"https:\/\/www.grieta.org.mx\/index.php\/2019\/11\/18\/incrementa-contaminacion-por-siembra-de-soya-transgenica-en-mas-de-70-mil-hectareas-de-la-peninsula-de-yucatan-alertan-apicultores\/","url_meta":{"origin":62443,"position":3},"title":"Incrementa contaminaci\u00f3n por siembra de soya transg\u00e9nica en m\u00e1s de 70 mil hect\u00e1reas de la Pen\u00ednsula de Yucat\u00e1n, alertan apicultores","author":"grieta","date":"18 noviembre, 2019","format":false,"excerpt":"Agencia SIM\/ Noticaribe PLAYA DEL CARMEN, MX.- La contaminaci\u00f3n por la siembra ilegal de cultivos transg\u00e9nicos sol\u00eda estar confinada a la zona de Holpech\u00e9n, en Campeche, pero ahora ya se ha expandido a otros puntos, como M\u00e9rida, Yucat\u00e1n y Felipe Carrillo Puerto y Bacalar, en Quintana Roo. Advertisement Anastasio Oliveros\u2026","rel":"","context":"En &quot;Campeche&quot;","block_context":{"text":"Campeche","link":"https:\/\/www.grieta.org.mx\/index.php\/category\/noticias-nacionales\/campeche\/"},"img":{"alt_text":"","src":"https:\/\/i0.wp.com\/www.grieta.org.mx\/wp-content\/uploads\/2019\/12\/ContaminacionSoya-e1575489474127.png?resize=350%2C200&ssl=1","width":350,"height":200,"srcset":"https:\/\/i0.wp.com\/www.grieta.org.mx\/wp-content\/uploads\/2019\/12\/ContaminacionSoya-e1575489474127.png?resize=350%2C200&ssl=1 1x, https:\/\/i0.wp.com\/www.grieta.org.mx\/wp-content\/uploads\/2019\/12\/ContaminacionSoya-e1575489474127.png?resize=525%2C300&ssl=1 1.5x, https:\/\/i0.wp.com\/www.grieta.org.mx\/wp-content\/uploads\/2019\/12\/ContaminacionSoya-e1575489474127.png?resize=700%2C400&ssl=1 2x"},"classes":[]},{"id":20568,"url":"https:\/\/www.grieta.org.mx\/index.php\/2016\/08\/30\/contaminan-pozos-cuenca-peninsular-campeche\/","url_meta":{"origin":62443,"position":4},"title":"Contaminan pozos en cuenca peninsular (Campeche)","author":"grieta","date":"30 agosto, 2016","format":false,"excerpt":"Representantes de comunidades mayas de Hopelch\u00e9n denunciaron que en gran parte del territorio estatal existen decenas de pozos ilegales de absorci\u00f3n, que contribuyen a la contaminaci\u00f3n de la cuenca de la Pen\u00ednsula de Yucat\u00e1n y da\u00f1an al medio ambiente sano, lo que repercute en la salud de las personas. Miembros\u2026","rel":"","context":"En &quot;16. Pueblo Maya&quot;","block_context":{"text":"16. Pueblo Maya","link":"https:\/\/www.grieta.org.mx\/index.php\/category\/espejos-de-la-resistencia\/16-pueblo-maya\/"},"img":{"alt_text":"","src":"https:\/\/i0.wp.com\/www.grieta.org.mx\/wp-content\/uploads\/2018\/03\/14524434_1106112876131411_958039263622046936_o.jpg?resize=350%2C200&ssl=1","width":350,"height":200,"srcset":"https:\/\/i0.wp.com\/www.grieta.org.mx\/wp-content\/uploads\/2018\/03\/14524434_1106112876131411_958039263622046936_o.jpg?resize=350%2C200&ssl=1 1x, https:\/\/i0.wp.com\/www.grieta.org.mx\/wp-content\/uploads\/2018\/03\/14524434_1106112876131411_958039263622046936_o.jpg?resize=525%2C300&ssl=1 1.5x, https:\/\/i0.wp.com\/www.grieta.org.mx\/wp-content\/uploads\/2018\/03\/14524434_1106112876131411_958039263622046936_o.jpg?resize=700%2C400&ssl=1 2x"},"classes":[]},{"id":17435,"url":"https:\/\/www.grieta.org.mx\/index.php\/2016\/07\/20\/firmas-contra-transgenicos-campeche\/","url_meta":{"origin":62443,"position":5},"title":"Firmas contra transg\u00e9nicos (Campeche)","author":"grieta","date":"20 julio, 2016","format":false,"excerpt":"Ejidatarios de Iturbide, Hopelch\u00e9n, entregaron ayer documento con 540 firmas a la Comisi\u00f3n de Derechos Humanos del Estado de Campeche (Codhecam), en que rechazan la siembra de soya transg\u00e9nica, ya que la consideran da\u00f1ina para la salud y de inter\u00e9s exclusivo de menonitas. Los comisarios ejidal y municipal Abelardo Brice\u00f1o\u2026","rel":"","context":"En &quot;16. Pueblo Maya&quot;","block_context":{"text":"16. Pueblo Maya","link":"https:\/\/www.grieta.org.mx\/index.php\/category\/espejos-de-la-resistencia\/16-pueblo-maya\/"},"img":{"alt_text":"","src":"https:\/\/i0.wp.com\/www.grieta.org.mx\/wp-content\/uploads\/2018\/03\/14524434_1106112876131411_958039263622046936_o.jpg?resize=350%2C200&ssl=1","width":350,"height":200,"srcset":"https:\/\/i0.wp.com\/www.grieta.org.mx\/wp-content\/uploads\/2018\/03\/14524434_1106112876131411_958039263622046936_o.jpg?resize=350%2C200&ssl=1 1x, https:\/\/i0.wp.com\/www.grieta.org.mx\/wp-content\/uploads\/2018\/03\/14524434_1106112876131411_958039263622046936_o.jpg?resize=525%2C300&ssl=1 1.5x, https:\/\/i0.wp.com\/www.grieta.org.mx\/wp-content\/uploads\/2018\/03\/14524434_1106112876131411_958039263622046936_o.jpg?resize=700%2C400&ssl=1 2x"},"classes":[]}],"_links":{"self":[{"href":"https:\/\/www.grieta.org.mx\/index.php\/wp-json\/wp\/v2\/posts\/62443","targetHints":{"allow":["GET"]}}],"collection":[{"href":"https:\/\/www.grieta.org.mx\/index.php\/wp-json\/wp\/v2\/posts"}],"about":[{"href":"https:\/\/www.grieta.org.mx\/index.php\/wp-json\/wp\/v2\/types\/post"}],"author":[{"embeddable":true,"href":"https:\/\/www.grieta.org.mx\/index.php\/wp-json\/wp\/v2\/users\/2"}],"replies":[{"embeddable":true,"href":"https:\/\/www.grieta.org.mx\/index.php\/wp-json\/wp\/v2\/comments?post=62443"}],"version-history":[{"count":1,"href":"https:\/\/www.grieta.org.mx\/index.php\/wp-json\/wp\/v2\/posts\/62443\/revisions"}],"predecessor-version":[{"id":62445,"href":"https:\/\/www.grieta.org.mx\/index.php\/wp-json\/wp\/v2\/posts\/62443\/revisions\/62445"}],"wp:featuredmedia":[{"embeddable":true,"href":"https:\/\/www.grieta.org.mx\/index.php\/wp-json\/wp\/v2\/media\/62444"}],"wp:attachment":[{"href":"https:\/\/www.grieta.org.mx\/index.php\/wp-json\/wp\/v2\/media?parent=62443"}],"wp:term":[{"taxonomy":"category","embeddable":true,"href":"https:\/\/www.grieta.org.mx\/index.php\/wp-json\/wp\/v2\/categories?post=62443"},{"taxonomy":"post_tag","embeddable":true,"href":"https:\/\/www.grieta.org.mx\/index.php\/wp-json\/wp\/v2\/tags?post=62443"}],"curies":[{"name":"wp","href":"https:\/\/api.w.org\/{rel}","templated":true}]}}