{"id":62421,"date":"2021-09-23T19:30:29","date_gmt":"2021-09-24T00:30:29","guid":{"rendered":"https:\/\/www.grieta.org.mx\/?p=62421"},"modified":"2021-10-17T20:35:35","modified_gmt":"2021-10-18T01:35:35","slug":"familias-zacatecanas-huyen-por-la-violencia-hacia-la-frontera-buscan-asilo-en-eu-zacatecas","status":"publish","type":"post","link":"https:\/\/www.grieta.org.mx\/index.php\/2021\/09\/23\/familias-zacatecanas-huyen-por-la-violencia-hacia-la-frontera-buscan-asilo-en-eu-zacatecas\/","title":{"rendered":"Familias zacatecanas huyen por la violencia hacia la frontera. Buscan asilo en EU (Zacatecas)"},"content":{"rendered":"<blockquote><p>La disputa que sostienen las organizaciones del crimen organizado en Zacatecas ha llevado a que los habitantes de algunas comunidades dejen atr\u00e1s sus hogares y se desplacen a comunidades aleda\u00f1as, en algunos casos, o que salgan de la entidad rumbo a Estados Unidos, donde han pedido asilo.<\/p><\/blockquote>\n<p>Por Redacci\u00f3n\/SinEmbargo , 23 de septiembre de 2021<\/p>\n<p>Ciudad de M\u00e9xico, 23 de septiembre (SinEmbargo).\u2013 El incremento de la violencia en Zacatecas, estado que se disputan organizaciones del crimen organizado, ha ahuyentado a algunas de las familias que ah\u00ed viven, quienes en su desesperaci\u00f3n han huido a localidades vecinas o hacia la frontera norte, a Tamaulipas, en busca de asilo en Estados Unidos.<\/p>\n<p>La movilizaci\u00f3n de zacatecanos se ha dado desde inicios de este mes, cuando un grupo de habitantes de Ermita de los Correa, localidad del municipio de Jerez, una de las principales ciudades de la entidad, dejaron la mayor\u00eda de sus pertenencias para salvaguardarse de los enfrentamientos que han protagonizado en este territorio grupos antag\u00f3nicos del narcotr\u00e1fico.<\/p>\n<p>La agencia Cuartoscuro consign\u00f3 el pasado 9 de septiembre c\u00f3mo esta comunidad luc\u00eda como un pueblo fantasma, con animales muertos por las calles y corrales, otros m\u00e1s encerrados y con s\u00f3lo un par de personas recorriendo las calles. De acuerdo con los mismos reportes, cerca del 90 por ciento de la poblaci\u00f3n se desplaz\u00f3 a diferentes comunidades vecinas y cabeceras municipales, como Fresnillo, Calera y Jerez, mientras otros m\u00e1s optaron por viajar hacia Estados Unidos tras las amenazas de la delincuencia.<\/p>\n<figure id=\"attachment_62422\" aria-describedby=\"caption-attachment-62422\" style=\"width: 750px\" class=\"wp-caption alignnone\"><img loading=\"lazy\" decoding=\"async\" data-attachment-id=\"62422\" data-permalink=\"https:\/\/www.grieta.org.mx\/index.php\/2021\/09\/23\/familias-zacatecanas-huyen-por-la-violencia-hacia-la-frontera-buscan-asilo-en-eu-zacatecas\/captura-de-pantalla-2021-10-17-a-las-19-40-18\/\" data-orig-file=\"https:\/\/www.grieta.org.mx\/wp-content\/uploads\/2021\/10\/Captura-de-pantalla-2021-10-17-a-las-19.40.18.png\" data-orig-size=\"1368,890\" data-comments-opened=\"0\" data-image-meta=\"{&quot;aperture&quot;:&quot;0&quot;,&quot;credit&quot;:&quot;&quot;,&quot;camera&quot;:&quot;&quot;,&quot;caption&quot;:&quot;&quot;,&quot;created_timestamp&quot;:&quot;0&quot;,&quot;copyright&quot;:&quot;&quot;,&quot;focal_length&quot;:&quot;0&quot;,&quot;iso&quot;:&quot;0&quot;,&quot;shutter_speed&quot;:&quot;0&quot;,&quot;title&quot;:&quot;&quot;,&quot;orientation&quot;:&quot;0&quot;}\" data-image-title=\"Captura de pantalla 2021-10-17 a la(s) 19.40.18\" data-image-description=\"\" data-image-caption=\"&lt;p&gt;Pobladores de la comunidad de Ermita de Los Correa desplazados por la violencia. Foto: Cuartoscuro.&lt;\/p&gt;\n\" data-medium-file=\"https:\/\/www.grieta.org.mx\/wp-content\/uploads\/2021\/10\/Captura-de-pantalla-2021-10-17-a-las-19.40.18-300x195.png\" data-large-file=\"https:\/\/www.grieta.org.mx\/wp-content\/uploads\/2021\/10\/Captura-de-pantalla-2021-10-17-a-las-19.40.18-1024x666.png\" class=\"wp-image-62422\" src=\"http:\/\/www.grieta.org.mx\/wp-content\/uploads\/2021\/10\/Captura-de-pantalla-2021-10-17-a-las-19.40.18.png\" alt=\"\" width=\"750\" height=\"488\" srcset=\"https:\/\/www.grieta.org.mx\/wp-content\/uploads\/2021\/10\/Captura-de-pantalla-2021-10-17-a-las-19.40.18.png 1368w, https:\/\/www.grieta.org.mx\/wp-content\/uploads\/2021\/10\/Captura-de-pantalla-2021-10-17-a-las-19.40.18-300x195.png 300w, https:\/\/www.grieta.org.mx\/wp-content\/uploads\/2021\/10\/Captura-de-pantalla-2021-10-17-a-las-19.40.18-1024x666.png 1024w, https:\/\/www.grieta.org.mx\/wp-content\/uploads\/2021\/10\/Captura-de-pantalla-2021-10-17-a-las-19.40.18-768x500.png 768w\" sizes=\"auto, (max-width: 750px) 100vw, 750px\" \/><figcaption id=\"caption-attachment-62422\" class=\"wp-caption-text\">Pobladores de la comunidad de Ermita de Los Correa desplazados por la violencia. Foto: Cuartoscuro.<\/figcaption><\/figure>\n<figure id=\"attachment_62424\" aria-describedby=\"caption-attachment-62424\" style=\"width: 750px\" class=\"wp-caption alignnone\"><img loading=\"lazy\" decoding=\"async\" data-attachment-id=\"62424\" data-permalink=\"https:\/\/www.grieta.org.mx\/index.php\/2021\/09\/23\/familias-zacatecanas-huyen-por-la-violencia-hacia-la-frontera-buscan-asilo-en-eu-zacatecas\/captura-de-pantalla-2021-10-17-a-las-19-40-28\/\" data-orig-file=\"https:\/\/www.grieta.org.mx\/wp-content\/uploads\/2021\/10\/Captura-de-pantalla-2021-10-17-a-las-19.40.28.png\" data-orig-size=\"1360,886\" data-comments-opened=\"0\" data-image-meta=\"{&quot;aperture&quot;:&quot;0&quot;,&quot;credit&quot;:&quot;&quot;,&quot;camera&quot;:&quot;&quot;,&quot;caption&quot;:&quot;&quot;,&quot;created_timestamp&quot;:&quot;0&quot;,&quot;copyright&quot;:&quot;&quot;,&quot;focal_length&quot;:&quot;0&quot;,&quot;iso&quot;:&quot;0&quot;,&quot;shutter_speed&quot;:&quot;0&quot;,&quot;title&quot;:&quot;&quot;,&quot;orientation&quot;:&quot;0&quot;}\" data-image-title=\"Captura de pantalla 2021-10-17 a la(s) 19.40.28\" data-image-description=\"\" data-image-caption=\"&lt;p&gt;Albergues habilitados para los desplazados de Zacatecas. Foto: Cuartoscuro.&lt;\/p&gt;\n\" data-medium-file=\"https:\/\/www.grieta.org.mx\/wp-content\/uploads\/2021\/10\/Captura-de-pantalla-2021-10-17-a-las-19.40.28-300x195.png\" data-large-file=\"https:\/\/www.grieta.org.mx\/wp-content\/uploads\/2021\/10\/Captura-de-pantalla-2021-10-17-a-las-19.40.28-1024x667.png\" class=\"wp-image-62424\" src=\"http:\/\/www.grieta.org.mx\/wp-content\/uploads\/2021\/10\/Captura-de-pantalla-2021-10-17-a-las-19.40.28.png\" alt=\"\" width=\"750\" height=\"489\" srcset=\"https:\/\/www.grieta.org.mx\/wp-content\/uploads\/2021\/10\/Captura-de-pantalla-2021-10-17-a-las-19.40.28.png 1360w, https:\/\/www.grieta.org.mx\/wp-content\/uploads\/2021\/10\/Captura-de-pantalla-2021-10-17-a-las-19.40.28-300x195.png 300w, https:\/\/www.grieta.org.mx\/wp-content\/uploads\/2021\/10\/Captura-de-pantalla-2021-10-17-a-las-19.40.28-1024x667.png 1024w, https:\/\/www.grieta.org.mx\/wp-content\/uploads\/2021\/10\/Captura-de-pantalla-2021-10-17-a-las-19.40.28-768x500.png 768w, https:\/\/www.grieta.org.mx\/wp-content\/uploads\/2021\/10\/Captura-de-pantalla-2021-10-17-a-las-19.40.28-765x500.png 765w\" sizes=\"auto, (max-width: 750px) 100vw, 750px\" \/><figcaption id=\"caption-attachment-62424\" class=\"wp-caption-text\">Albergues habilitados para los desplazados de Zacatecas. Foto: Cuartoscuro.<\/figcaption><\/figure>\n<figure id=\"attachment_62425\" aria-describedby=\"caption-attachment-62425\" style=\"width: 750px\" class=\"wp-caption alignnone\"><img loading=\"lazy\" decoding=\"async\" data-attachment-id=\"62425\" data-permalink=\"https:\/\/www.grieta.org.mx\/index.php\/2021\/09\/23\/familias-zacatecanas-huyen-por-la-violencia-hacia-la-frontera-buscan-asilo-en-eu-zacatecas\/captura-de-pantalla-2021-10-17-a-las-19-40-39\/\" data-orig-file=\"https:\/\/www.grieta.org.mx\/wp-content\/uploads\/2021\/10\/Captura-de-pantalla-2021-10-17-a-las-19.40.39.png\" data-orig-size=\"1352,886\" data-comments-opened=\"0\" data-image-meta=\"{&quot;aperture&quot;:&quot;0&quot;,&quot;credit&quot;:&quot;&quot;,&quot;camera&quot;:&quot;&quot;,&quot;caption&quot;:&quot;&quot;,&quot;created_timestamp&quot;:&quot;0&quot;,&quot;copyright&quot;:&quot;&quot;,&quot;focal_length&quot;:&quot;0&quot;,&quot;iso&quot;:&quot;0&quot;,&quot;shutter_speed&quot;:&quot;0&quot;,&quot;title&quot;:&quot;&quot;,&quot;orientation&quot;:&quot;0&quot;}\" data-image-title=\"Captura de pantalla 2021-10-17 a la(s) 19.40.39\" data-image-description=\"\" data-image-caption=\"&lt;p&gt;Familias de Zacatecas huyeron de sus comunidades por las amenazas de grupos del crimen organizado. Foto: Cuartoscuro.&lt;\/p&gt;\n\" data-medium-file=\"https:\/\/www.grieta.org.mx\/wp-content\/uploads\/2021\/10\/Captura-de-pantalla-2021-10-17-a-las-19.40.39-300x197.png\" data-large-file=\"https:\/\/www.grieta.org.mx\/wp-content\/uploads\/2021\/10\/Captura-de-pantalla-2021-10-17-a-las-19.40.39-1024x671.png\" class=\"wp-image-62425\" src=\"http:\/\/www.grieta.org.mx\/wp-content\/uploads\/2021\/10\/Captura-de-pantalla-2021-10-17-a-las-19.40.39.png\" alt=\"\" width=\"750\" height=\"491\" srcset=\"https:\/\/www.grieta.org.mx\/wp-content\/uploads\/2021\/10\/Captura-de-pantalla-2021-10-17-a-las-19.40.39.png 1352w, https:\/\/www.grieta.org.mx\/wp-content\/uploads\/2021\/10\/Captura-de-pantalla-2021-10-17-a-las-19.40.39-300x197.png 300w, https:\/\/www.grieta.org.mx\/wp-content\/uploads\/2021\/10\/Captura-de-pantalla-2021-10-17-a-las-19.40.39-1024x671.png 1024w, https:\/\/www.grieta.org.mx\/wp-content\/uploads\/2021\/10\/Captura-de-pantalla-2021-10-17-a-las-19.40.39-768x503.png 768w, https:\/\/www.grieta.org.mx\/wp-content\/uploads\/2021\/10\/Captura-de-pantalla-2021-10-17-a-las-19.40.39-765x500.png 765w\" sizes=\"auto, (max-width: 750px) 100vw, 750px\" \/><figcaption id=\"caption-attachment-62425\" class=\"wp-caption-text\">Familias de Zacatecas huyeron de sus comunidades por las amenazas de grupos del crimen organizado. Foto: Cuartoscuro.<\/figcaption><\/figure>\n<p>Algunos de los desplazados regresaron d\u00edas despu\u00e9s, acompa\u00f1ados por elementos de la Polic\u00eda Estatal y del municipio, para intentar rescatar sus pertenencias, sobre todo ganado, que dejaron atr\u00e1s al salir de sus casas, seg\u00fan report\u00f3 El Sol de Zacatecas. Sin embargo, las viviendas lucen en su mayor\u00eda abandonadas ya que \u00fanicamente el 10 por ciento retorn\u00f3, refiere la misma informaci\u00f3n.<\/p>\n<p>A este \u00e9xodo se sum\u00f3 el registrado esta semana, cuando un grupo de 45 personas, 16 de ellos ni\u00f1os, se trasladaron a Nuevo Laredo, Tamaulipas. Encabezados por Yolanda \u201cN\u201d, pastora de la iglesia Hispanoamericana Pentecost\u00e9s \u201cManantial de Esperanza\u201d que se ubica en el municipio de Calera V\u00edctor Rosales, que colinda con Jer\u00e9z, los pobladores han pedido a las autoridades estadounidenses el asilo por las amenazas de muerte que recibieron.<\/p>\n<p>La pastora coment\u00f3 al diario Exc\u00e9lsior que se trata de habitantes de diferentes municipios de Zacatecas que han dejado atr\u00e1s sus hogares ante la guerra de los diversos grupos delincuenciales. Asegur\u00f3 que ellos iban huyendo debido a que el crimen organizado amenaz\u00f3 con matarlos.<\/p>\n<figure id=\"attachment_62427\" aria-describedby=\"caption-attachment-62427\" style=\"width: 750px\" class=\"wp-caption alignnone\"><img loading=\"lazy\" decoding=\"async\" data-attachment-id=\"62427\" data-permalink=\"https:\/\/www.grieta.org.mx\/index.php\/2021\/09\/23\/familias-zacatecanas-huyen-por-la-violencia-hacia-la-frontera-buscan-asilo-en-eu-zacatecas\/captura-de-pantalla-2021-10-17-a-las-20-01-43\/\" data-orig-file=\"https:\/\/www.grieta.org.mx\/wp-content\/uploads\/2021\/10\/Captura-de-pantalla-2021-10-17-a-las-20.01.43.png\" data-orig-size=\"1364,888\" data-comments-opened=\"0\" data-image-meta=\"{&quot;aperture&quot;:&quot;0&quot;,&quot;credit&quot;:&quot;&quot;,&quot;camera&quot;:&quot;&quot;,&quot;caption&quot;:&quot;&quot;,&quot;created_timestamp&quot;:&quot;0&quot;,&quot;copyright&quot;:&quot;&quot;,&quot;focal_length&quot;:&quot;0&quot;,&quot;iso&quot;:&quot;0&quot;,&quot;shutter_speed&quot;:&quot;0&quot;,&quot;title&quot;:&quot;&quot;,&quot;orientation&quot;:&quot;0&quot;}\" data-image-title=\"Captura de pantalla 2021-10-17 a la(s) 20.01.43\" data-image-description=\"\" data-image-caption=\"&lt;p&gt;La comunidad de Ermita de los Correa se percibe como pueblo fantasma debido a la violencia. Foto: Cuartoscuro.&lt;\/p&gt;\n\" data-medium-file=\"https:\/\/www.grieta.org.mx\/wp-content\/uploads\/2021\/10\/Captura-de-pantalla-2021-10-17-a-las-20.01.43-300x195.png\" data-large-file=\"https:\/\/www.grieta.org.mx\/wp-content\/uploads\/2021\/10\/Captura-de-pantalla-2021-10-17-a-las-20.01.43-1024x667.png\" class=\"wp-image-62427\" src=\"http:\/\/www.grieta.org.mx\/wp-content\/uploads\/2021\/10\/Captura-de-pantalla-2021-10-17-a-las-20.01.43.png\" alt=\"\" width=\"750\" height=\"488\" srcset=\"https:\/\/www.grieta.org.mx\/wp-content\/uploads\/2021\/10\/Captura-de-pantalla-2021-10-17-a-las-20.01.43.png 1364w, https:\/\/www.grieta.org.mx\/wp-content\/uploads\/2021\/10\/Captura-de-pantalla-2021-10-17-a-las-20.01.43-300x195.png 300w, https:\/\/www.grieta.org.mx\/wp-content\/uploads\/2021\/10\/Captura-de-pantalla-2021-10-17-a-las-20.01.43-1024x667.png 1024w, https:\/\/www.grieta.org.mx\/wp-content\/uploads\/2021\/10\/Captura-de-pantalla-2021-10-17-a-las-20.01.43-768x500.png 768w\" sizes=\"auto, (max-width: 750px) 100vw, 750px\" \/><figcaption id=\"caption-attachment-62427\" class=\"wp-caption-text\">La comunidad de Ermita de los Correa se percibe como pueblo fantasma debido a la violencia. Foto: Cuartoscuro.<\/figcaption><\/figure>\n<figure id=\"attachment_62428\" aria-describedby=\"caption-attachment-62428\" style=\"width: 750px\" class=\"wp-caption alignnone\"><img loading=\"lazy\" decoding=\"async\" data-attachment-id=\"62428\" data-permalink=\"https:\/\/www.grieta.org.mx\/index.php\/2021\/09\/23\/familias-zacatecanas-huyen-por-la-violencia-hacia-la-frontera-buscan-asilo-en-eu-zacatecas\/captura-de-pantalla-2021-10-17-a-las-20-02-50\/\" data-orig-file=\"https:\/\/www.grieta.org.mx\/wp-content\/uploads\/2021\/10\/Captura-de-pantalla-2021-10-17-a-las-20.02.50.png\" data-orig-size=\"1370,912\" data-comments-opened=\"0\" data-image-meta=\"{&quot;aperture&quot;:&quot;0&quot;,&quot;credit&quot;:&quot;&quot;,&quot;camera&quot;:&quot;&quot;,&quot;caption&quot;:&quot;&quot;,&quot;created_timestamp&quot;:&quot;0&quot;,&quot;copyright&quot;:&quot;&quot;,&quot;focal_length&quot;:&quot;0&quot;,&quot;iso&quot;:&quot;0&quot;,&quot;shutter_speed&quot;:&quot;0&quot;,&quot;title&quot;:&quot;&quot;,&quot;orientation&quot;:&quot;0&quot;}\" data-image-title=\"Captura de pantalla 2021-10-17 a la(s) 20.02.50\" data-image-description=\"\" data-image-caption=\"&lt;p&gt;Casas abandonadas en comunidades de Zacatecas debido a la violencia. Foto: Cuartoscuro.&lt;\/p&gt;\n\" data-medium-file=\"https:\/\/www.grieta.org.mx\/wp-content\/uploads\/2021\/10\/Captura-de-pantalla-2021-10-17-a-las-20.02.50-300x200.png\" data-large-file=\"https:\/\/www.grieta.org.mx\/wp-content\/uploads\/2021\/10\/Captura-de-pantalla-2021-10-17-a-las-20.02.50-1024x682.png\" class=\"wp-image-62428\" src=\"http:\/\/www.grieta.org.mx\/wp-content\/uploads\/2021\/10\/Captura-de-pantalla-2021-10-17-a-las-20.02.50.png\" alt=\"\" width=\"750\" height=\"499\" srcset=\"https:\/\/www.grieta.org.mx\/wp-content\/uploads\/2021\/10\/Captura-de-pantalla-2021-10-17-a-las-20.02.50.png 1370w, https:\/\/www.grieta.org.mx\/wp-content\/uploads\/2021\/10\/Captura-de-pantalla-2021-10-17-a-las-20.02.50-300x200.png 300w, https:\/\/www.grieta.org.mx\/wp-content\/uploads\/2021\/10\/Captura-de-pantalla-2021-10-17-a-las-20.02.50-1024x682.png 1024w, https:\/\/www.grieta.org.mx\/wp-content\/uploads\/2021\/10\/Captura-de-pantalla-2021-10-17-a-las-20.02.50-768x511.png 768w\" sizes=\"auto, (max-width: 750px) 100vw, 750px\" \/><figcaption id=\"caption-attachment-62428\" class=\"wp-caption-text\">Casas abandonadas en comunidades de Zacatecas debido a la violencia. Foto: Cuartoscuro.<\/figcaption><\/figure>\n<figure id=\"attachment_62429\" aria-describedby=\"caption-attachment-62429\" style=\"width: 750px\" class=\"wp-caption alignnone\"><img loading=\"lazy\" decoding=\"async\" data-attachment-id=\"62429\" data-permalink=\"https:\/\/www.grieta.org.mx\/index.php\/2021\/09\/23\/familias-zacatecanas-huyen-por-la-violencia-hacia-la-frontera-buscan-asilo-en-eu-zacatecas\/captura-de-pantalla-2021-10-17-a-las-20-03-42\/\" data-orig-file=\"https:\/\/www.grieta.org.mx\/wp-content\/uploads\/2021\/10\/Captura-de-pantalla-2021-10-17-a-las-20.03.42.png\" data-orig-size=\"1368,912\" data-comments-opened=\"0\" data-image-meta=\"{&quot;aperture&quot;:&quot;0&quot;,&quot;credit&quot;:&quot;&quot;,&quot;camera&quot;:&quot;&quot;,&quot;caption&quot;:&quot;&quot;,&quot;created_timestamp&quot;:&quot;0&quot;,&quot;copyright&quot;:&quot;&quot;,&quot;focal_length&quot;:&quot;0&quot;,&quot;iso&quot;:&quot;0&quot;,&quot;shutter_speed&quot;:&quot;0&quot;,&quot;title&quot;:&quot;&quot;,&quot;orientation&quot;:&quot;0&quot;}\" data-image-title=\"Captura de pantalla 2021-10-17 a la(s) 20.03.42\" data-image-description=\"\" data-image-caption=\"&lt;p&gt;Locales abandonados debido a la violencia. Foto: Cuartoscuro.&lt;\/p&gt;\n\" data-medium-file=\"https:\/\/www.grieta.org.mx\/wp-content\/uploads\/2021\/10\/Captura-de-pantalla-2021-10-17-a-las-20.03.42-300x200.png\" data-large-file=\"https:\/\/www.grieta.org.mx\/wp-content\/uploads\/2021\/10\/Captura-de-pantalla-2021-10-17-a-las-20.03.42-1024x683.png\" class=\"wp-image-62429\" src=\"http:\/\/www.grieta.org.mx\/wp-content\/uploads\/2021\/10\/Captura-de-pantalla-2021-10-17-a-las-20.03.42.png\" alt=\"\" width=\"750\" height=\"500\" srcset=\"https:\/\/www.grieta.org.mx\/wp-content\/uploads\/2021\/10\/Captura-de-pantalla-2021-10-17-a-las-20.03.42.png 1368w, https:\/\/www.grieta.org.mx\/wp-content\/uploads\/2021\/10\/Captura-de-pantalla-2021-10-17-a-las-20.03.42-300x200.png 300w, https:\/\/www.grieta.org.mx\/wp-content\/uploads\/2021\/10\/Captura-de-pantalla-2021-10-17-a-las-20.03.42-1024x683.png 1024w, https:\/\/www.grieta.org.mx\/wp-content\/uploads\/2021\/10\/Captura-de-pantalla-2021-10-17-a-las-20.03.42-768x512.png 768w\" sizes=\"auto, (max-width: 750px) 100vw, 750px\" \/><figcaption id=\"caption-attachment-62429\" class=\"wp-caption-text\">Locales abandonados debido a la violencia. Foto: Cuartoscuro.<\/figcaption><\/figure>\n<p>En ese sentido, el d\u00eda de ayer el Congreso del estado exhort\u00f3 al Gobernador David Monreal, quien apenas asumi\u00f3 el cargo esta semana, para que se conforme un grupo operativo que est\u00e9 permanentemente en Ermita de los Correa para detener el desplazamiento forzado de personas. Los legisladores tambi\u00e9n solicitaron a la Comisi\u00f3n de Derechos Humanos del Estado de Zacatecas (CDHEZ) asignar a un Visitador Especial para dar seguimiento a este desplazamiento forzado.<\/p>\n<p>Zacatecas afronta una pugna entre los c\u00e1rteles de Sinaloa y el Jalisco Nueva Generaci\u00f3n (CJNG), por lo que es uno de los estados con mayor \u00edndice de homicidios en lo que va del a\u00f1o, con cerca de 37 por cada 100 mil habitantes. Adem\u00e1s ha sido escenario de hechos de extrema violencia durante los \u00faltimos meses.<\/p>\n<p>La entidad ha visto crecer los homicidios dolosos y se perfila que este a\u00f1o sea el m\u00e1s violento del que se tenga registro. Por ejemplo, en 2018 se contabilizaron 686 homicidios dolosos; para 2019 fueron 634; un a\u00f1o despu\u00e9s ascend\u00edan a mil 065, casi el doble, y en ocho meses de este 2021, suman mil 032, un incremento del 59.01 por ciento con respecto al mismo periodo de 2020, cuando se contabilizaron 649 asesinatos.<\/p>\n<figure id=\"attachment_62430\" aria-describedby=\"caption-attachment-62430\" style=\"width: 750px\" class=\"wp-caption alignnone\"><img loading=\"lazy\" decoding=\"async\" data-attachment-id=\"62430\" data-permalink=\"https:\/\/www.grieta.org.mx\/index.php\/2021\/09\/23\/familias-zacatecanas-huyen-por-la-violencia-hacia-la-frontera-buscan-asilo-en-eu-zacatecas\/captura-de-pantalla-2021-10-17-a-las-20-28-37\/\" data-orig-file=\"https:\/\/www.grieta.org.mx\/wp-content\/uploads\/2021\/10\/Captura-de-pantalla-2021-10-17-a-las-20.28.37.png\" data-orig-size=\"1364,906\" data-comments-opened=\"0\" data-image-meta=\"{&quot;aperture&quot;:&quot;0&quot;,&quot;credit&quot;:&quot;&quot;,&quot;camera&quot;:&quot;&quot;,&quot;caption&quot;:&quot;&quot;,&quot;created_timestamp&quot;:&quot;0&quot;,&quot;copyright&quot;:&quot;&quot;,&quot;focal_length&quot;:&quot;0&quot;,&quot;iso&quot;:&quot;0&quot;,&quot;shutter_speed&quot;:&quot;0&quot;,&quot;title&quot;:&quot;&quot;,&quot;orientation&quot;:&quot;0&quot;}\" data-image-title=\"Captura de pantalla 2021-10-17 a la(s) 20.28.37\" data-image-description=\"\" data-image-caption=\"&lt;p&gt;Comunidades de Zacatecas se han convertido en pueblos fantasma. Foto: Cuartoscuro.&lt;\/p&gt;\n\" data-medium-file=\"https:\/\/www.grieta.org.mx\/wp-content\/uploads\/2021\/10\/Captura-de-pantalla-2021-10-17-a-las-20.28.37-300x199.png\" data-large-file=\"https:\/\/www.grieta.org.mx\/wp-content\/uploads\/2021\/10\/Captura-de-pantalla-2021-10-17-a-las-20.28.37-1024x680.png\" class=\"wp-image-62430\" src=\"http:\/\/www.grieta.org.mx\/wp-content\/uploads\/2021\/10\/Captura-de-pantalla-2021-10-17-a-las-20.28.37.png\" alt=\"\" width=\"750\" height=\"498\" srcset=\"https:\/\/www.grieta.org.mx\/wp-content\/uploads\/2021\/10\/Captura-de-pantalla-2021-10-17-a-las-20.28.37.png 1364w, https:\/\/www.grieta.org.mx\/wp-content\/uploads\/2021\/10\/Captura-de-pantalla-2021-10-17-a-las-20.28.37-300x199.png 300w, https:\/\/www.grieta.org.mx\/wp-content\/uploads\/2021\/10\/Captura-de-pantalla-2021-10-17-a-las-20.28.37-1024x680.png 1024w, https:\/\/www.grieta.org.mx\/wp-content\/uploads\/2021\/10\/Captura-de-pantalla-2021-10-17-a-las-20.28.37-768x510.png 768w\" sizes=\"auto, (max-width: 750px) 100vw, 750px\" \/><figcaption id=\"caption-attachment-62430\" class=\"wp-caption-text\">Comunidades de Zacatecas se han convertido en pueblos fantasma. Foto: Cuartoscuro.<\/figcaption><\/figure>\n<p>La semana pasada, las autoridades del estado hallaron 10 cad\u00e1veres en una vivienda en la comunidad rural de Machines, del municipio de Zacatecas, capital del estado. Las autoridades lo ocurrido con el crimen organizado, pero medios locales han reportado que se trata de una fosa clandestina, inform\u00f3 la agencia Efe.<\/p>\n<p>Un mes antes, el 13 de agosto, en Fresnillo fueron dejados cinco cad\u00e1veres envueltos en cobijas sobre la Carretera Federal 49. Previamente, las autoridades encontraron los cuerpos semidesnudos de seis hombres colgados de un puente vehicular en Zacatecas, la capital.<\/p>\n<p>Estas escenas se suman a la del pasado 24 de junio, cuando la Secretar\u00eda de Seguridad P\u00fablica de Zacatecas inform\u00f3 sobre el hallazgo de 18 cuerpos tras un supuesto enfrentamiento entre grupos criminales en la localidad de San Juan Capistrano del municipio de Valpara\u00edso.<\/p>\n<p>Los habitantes de este municipio narraron que comandos del C\u00e1rtel Jalisco Nueva Generaci\u00f3n y el C\u00e1rtel de Sinaloa llegaron al municipio desde finales de 2020 y se disputaban el territorio con extrema violencia, provocando precisamente el desplazamiento forzado de los pobladores.<\/p>\n<p>Esta disputa, han se\u00f1alado analistas, se debe a que Zacatecas est\u00e1 en el camino de dos importantes rutas que son utilizadas para el trasiego de drogas hacia Estados Unidos, pa\u00eds en el que ahora algunos zacatecanos buscan refugio.<\/p>\n<p><a href=\"https:\/\/www.sinembargo.mx\/23-09-2021\/4031916?utm_source=pocket_mylist\">https:\/\/www.sinembargo.mx\/23-09-2021\/4031916?utm_source=pocket_mylist<\/a><\/p>\n","protected":false},"excerpt":{"rendered":"<p>La disputa que sostienen las organizaciones del crimen organizado en Zacatecas ha llevado a que los habitantes de algunas comunidades dejen atr\u00e1s sus hogares y se desplacen a comunidades aleda\u00f1as, &hellip; <a href=\"https:\/\/www.grieta.org.mx\/index.php\/2021\/09\/23\/familias-zacatecanas-huyen-por-la-violencia-hacia-la-frontera-buscan-asilo-en-eu-zacatecas\/\" class=\"more-link\">Leer m\u00e1s<\/a><\/p>\n","protected":false},"author":2,"featured_media":62423,"comment_status":"closed","ping_status":"closed","sticky":false,"template":"","format":"standard","meta":{"ngg_post_thumbnail":0,"_jetpack_newsletter_access":"","_jetpack_dont_email_post_to_subs":false,"_jetpack_newsletter_tier_id":0,"_jetpack_memberships_contains_paywalled_content":false,"_jetpack_memberships_contains_paid_content":false,"footnotes":""},"categories":[80,2708,2709,1502,1561,76],"tags":[1092,2857,2157,2158],"class_list":["post-62421","post","type-post","status-publish","format-standard","has-post-thumbnail","hentry","category-cintillo","category-desplazados","category-desplazados_analisis","category-desplazados-por-mineria-en-zacatecas","category-incremento-de-la-violencia-en-zacatecas","category-zacatecas","tag-desplazados-por-la-violencia","tag-desplazados-por-la-violencia-en-mexico","tag-desplazados-por-violencia","tag-planton-desplazados","entry"],"jetpack_featured_media_url":"https:\/\/www.grieta.org.mx\/wp-content\/uploads\/2021\/10\/Captura-de-pantalla-2021-10-17-a-las-20.11.29.png","jetpack_sharing_enabled":true,"jetpack_shortlink":"https:\/\/wp.me\/p7ZJR4-geN","jetpack_likes_enabled":false,"jetpack-related-posts":[{"id":66134,"url":"https:\/\/www.grieta.org.mx\/index.php\/2022\/12\/26\/desplazamiento-interno-se-dispara-en-ultimo-trimestre-en-mexico-zacatecas-jalisco-y-san-luis-potosi\/","url_meta":{"origin":62421,"position":0},"title":"Desplazamiento interno se dispara en \u00faltimo trimestre en M\u00e9xico (Zacatecas, Jalisco y San Luis Potos\u00ed)","author":"grieta","date":"26 diciembre, 2022","format":false,"excerpt":"Con informaci\u00f3n de: Alejandro P\u00e1ez, 26\/12\/2022, Cr\u00f3nica En el \u00faltimo trimestre del a\u00f1o, de octubre a diciembre, el desplazamiento interno de familias en M\u00e9xico se dispar\u00f3 en un 250% principalmente por la violencia que generan los grupos criminales o crimen organizado. De acuerdo a un reporte de la Comisi\u00f3n Mexicana\u2026","rel":"","context":"En &quot;CINTILLO&quot;","block_context":{"text":"CINTILLO","link":"https:\/\/www.grieta.org.mx\/index.php\/category\/cintillo\/"},"img":{"alt_text":"","src":"https:\/\/i0.wp.com\/www.grieta.org.mx\/wp-content\/uploads\/2023\/01\/62ba2f0e764a0.jpeg?resize=350%2C200&ssl=1","width":350,"height":200,"srcset":"https:\/\/i0.wp.com\/www.grieta.org.mx\/wp-content\/uploads\/2023\/01\/62ba2f0e764a0.jpeg?resize=350%2C200&ssl=1 1x, https:\/\/i0.wp.com\/www.grieta.org.mx\/wp-content\/uploads\/2023\/01\/62ba2f0e764a0.jpeg?resize=525%2C300&ssl=1 1.5x, https:\/\/i0.wp.com\/www.grieta.org.mx\/wp-content\/uploads\/2023\/01\/62ba2f0e764a0.jpeg?resize=700%2C400&ssl=1 2x"},"classes":[]},{"id":63582,"url":"https:\/\/www.grieta.org.mx\/index.php\/2022\/02\/23\/llegan-desplazados-por-violencia-a-aguascalientes\/","url_meta":{"origin":62421,"position":1},"title":"Llegan desplazados por violencia a Aguascalientes","author":"grieta","date":"23 febrero, 2022","format":false,"excerpt":"Jos\u00e9 Luis Bonilla Barr\u00f3n\/Hidroc\u00e1lido Digital 23 febrero 2022 El \u00e9xodo se est\u00e1 dando principalmente de Fresnillo, Jerez, Valpara\u00edso, Loreto y de otros puntos del vecino Estado del norte. Aguascalientes se est\u00e1 convirtiendo en el refugio de miles de personas que est\u00e1n huyendo de manera obligada de Zacatecas a consecuencia de\u2026","rel":"","context":"En &quot;Aguascalientes&quot;","block_context":{"text":"Aguascalientes","link":"https:\/\/www.grieta.org.mx\/index.php\/category\/noticias-nacionales\/aguascalientes\/"},"img":{"alt_text":"","src":"https:\/\/i0.wp.com\/www.grieta.org.mx\/wp-content\/uploads\/2022\/02\/hidro1-25-1280x853-1.jpg?resize=350%2C200&ssl=1","width":350,"height":200,"srcset":"https:\/\/i0.wp.com\/www.grieta.org.mx\/wp-content\/uploads\/2022\/02\/hidro1-25-1280x853-1.jpg?resize=350%2C200&ssl=1 1x, https:\/\/i0.wp.com\/www.grieta.org.mx\/wp-content\/uploads\/2022\/02\/hidro1-25-1280x853-1.jpg?resize=525%2C300&ssl=1 1.5x, https:\/\/i0.wp.com\/www.grieta.org.mx\/wp-content\/uploads\/2022\/02\/hidro1-25-1280x853-1.jpg?resize=700%2C400&ssl=1 2x, https:\/\/i0.wp.com\/www.grieta.org.mx\/wp-content\/uploads\/2022\/02\/hidro1-25-1280x853-1.jpg?resize=1050%2C600&ssl=1 3x"},"classes":[]},{"id":59633,"url":"https:\/\/www.grieta.org.mx\/index.php\/2021\/05\/28\/familias-desplazadas-por-violencia-en-teocaltiche-jalisco\/","url_meta":{"origin":62421,"position":2},"title":"Familias desplazadas por violencia en Teocaltiche, Jalisco","author":"grieta","date":"28 mayo, 2021","format":false,"excerpt":"Foto: Jorge Alberto Mendoza Lauro Rodr\u00edguez \/ El Diario NTR Hace justamente tres semanas comenz\u00f3 el exilio de centenas de habitantes de comunidades rurales de Teocaltiche en su colindancia con el estado de Zacatecas. El crimen organizado y la disputa de la plaza entre los delincuentes, los orillaron a dejar\u2026","rel":"","context":"En &quot;CINTILLO&quot;","block_context":{"text":"CINTILLO","link":"https:\/\/www.grieta.org.mx\/index.php\/category\/cintillo\/"},"img":{"alt_text":"","src":"https:\/\/i0.wp.com\/www.grieta.org.mx\/wp-content\/uploads\/2021\/05\/2021-05-28_03-05-06___8477.jpg?resize=350%2C200&ssl=1","width":350,"height":200,"srcset":"https:\/\/i0.wp.com\/www.grieta.org.mx\/wp-content\/uploads\/2021\/05\/2021-05-28_03-05-06___8477.jpg?resize=350%2C200&ssl=1 1x, https:\/\/i0.wp.com\/www.grieta.org.mx\/wp-content\/uploads\/2021\/05\/2021-05-28_03-05-06___8477.jpg?resize=525%2C300&ssl=1 1.5x, https:\/\/i0.wp.com\/www.grieta.org.mx\/wp-content\/uploads\/2021\/05\/2021-05-28_03-05-06___8477.jpg?resize=700%2C400&ssl=1 2x"},"classes":[]},{"id":70371,"url":"https:\/\/www.grieta.org.mx\/index.php\/2024\/10\/19\/familias-desplazadas-por-el-crimen-organizado-en-michoacan-piden-ayuda-humanitaria\/","url_meta":{"origin":62421,"position":3},"title":"Familias desplazadas por el crimen organizado en Michoac\u00e1n piden ayuda humanitaria","author":"grieta","date":"19 octubre, 2024","format":false,"excerpt":"Seg\u00fan el colectivo Desaparecidos de la Costa y Feminicidios de Michoac\u00e1n, 242 habitantes han sido desplazados desde el 13 de agosto como consecuencia de la violencia criminal CIUDAD DE M\u00c9XICO (apro).- Evangelina Contreras, representante del colectivo Desaparecidos de la Costa y Feminicidios de Michoac\u00e1n (Decofem) lanz\u00f3 un llamado al gobierno\u2026","rel":"","context":"En &quot;CINTILLO&quot;","block_context":{"text":"CINTILLO","link":"https:\/\/www.grieta.org.mx\/index.php\/category\/cintillo\/"},"img":{"alt_text":"","src":"https:\/\/i0.wp.com\/www.grieta.org.mx\/wp-content\/uploads\/2024\/11\/f685x385-207266_244959_5050.jpg?resize=350%2C200&ssl=1","width":350,"height":200,"srcset":"https:\/\/i0.wp.com\/www.grieta.org.mx\/wp-content\/uploads\/2024\/11\/f685x385-207266_244959_5050.jpg?resize=350%2C200&ssl=1 1x, https:\/\/i0.wp.com\/www.grieta.org.mx\/wp-content\/uploads\/2024\/11\/f685x385-207266_244959_5050.jpg?resize=525%2C300&ssl=1 1.5x"},"classes":[]},{"id":22301,"url":"https:\/\/www.grieta.org.mx\/index.php\/2018\/03\/16\/desplazados-por-la-violencia-en-guerrero-y-michoacan-a-la-intemperie-en-tijuana\/","url_meta":{"origin":62421,"position":4},"title":"Desplazados por la violencia en Guerrero y Michoac\u00e1n, a la intemperie en Tijuana","author":"grieta","date":"16 marzo, 2018","format":false,"excerpt":"Antonio Heras Mexicali, 16 de marzo.- Al menos 15 familias desplazadas por la violencia permanecen a la intemperie, bajo la lluvia y el calor, en un corredor de la garita El Chaparral, en Tijuana, en espera de que funcionarios de Aduanas y Protecci\u00f3n Fronteriza de Estados Unidos atiendan sus peticiones\u2026","rel":"","context":"En &quot;Baja California&quot;","block_context":{"text":"Baja California","link":"https:\/\/www.grieta.org.mx\/index.php\/category\/noticias-nacionales\/baja-california\/"},"img":{"alt_text":"","src":"https:\/\/i0.wp.com\/www.grieta.org.mx\/wp-content\/uploads\/2018\/03\/chapa.jpg?resize=350%2C200&ssl=1","width":350,"height":200,"srcset":"https:\/\/i0.wp.com\/www.grieta.org.mx\/wp-content\/uploads\/2018\/03\/chapa.jpg?resize=350%2C200&ssl=1 1x, https:\/\/i0.wp.com\/www.grieta.org.mx\/wp-content\/uploads\/2018\/03\/chapa.jpg?resize=525%2C300&ssl=1 1.5x"},"classes":[]},{"id":9451,"url":"https:\/\/www.grieta.org.mx\/index.php\/2016\/09\/09\/desplazados-por-la-violencia-en-guerrero\/","url_meta":{"origin":62421,"position":5},"title":"Desplazados por la violencia en Guerrero","author":"grieta","date":"9 septiembre, 2016","format":false,"excerpt":"09\/09\/16. Aumentan desplazados por violencia en Guerrero y Michoac\u00e1nMilenio 08\/08\/16. Huyen familias de Guerrero por crimen organizado Vanguardia 22\/06\/16. Desplazados en Guerrero, viven en el olvido Bajo Palabra 02\/04\/16. 12 mil 590 desplazados por inseguridad en Guerrero de 2009 a 2014: Inegi El Sur 28\/02\/16. Desplazados por la violencia en\u2026","rel":"","context":"En &quot;Guerrero&quot;","block_context":{"text":"Guerrero","link":"https:\/\/www.grieta.org.mx\/index.php\/category\/noticias-nacionales\/guerrero\/"},"img":{"alt_text":"","src":"https:\/\/i0.wp.com\/www.grieta.org.mx\/wp-content\/uploads\/2018\/03\/14524434_1106112876131411_958039263622046936_o.jpg?resize=350%2C200&ssl=1","width":350,"height":200,"srcset":"https:\/\/i0.wp.com\/www.grieta.org.mx\/wp-content\/uploads\/2018\/03\/14524434_1106112876131411_958039263622046936_o.jpg?resize=350%2C200&ssl=1 1x, https:\/\/i0.wp.com\/www.grieta.org.mx\/wp-content\/uploads\/2018\/03\/14524434_1106112876131411_958039263622046936_o.jpg?resize=525%2C300&ssl=1 1.5x, https:\/\/i0.wp.com\/www.grieta.org.mx\/wp-content\/uploads\/2018\/03\/14524434_1106112876131411_958039263622046936_o.jpg?resize=700%2C400&ssl=1 2x"},"classes":[]}],"_links":{"self":[{"href":"https:\/\/www.grieta.org.mx\/index.php\/wp-json\/wp\/v2\/posts\/62421","targetHints":{"allow":["GET"]}}],"collection":[{"href":"https:\/\/www.grieta.org.mx\/index.php\/wp-json\/wp\/v2\/posts"}],"about":[{"href":"https:\/\/www.grieta.org.mx\/index.php\/wp-json\/wp\/v2\/types\/post"}],"author":[{"embeddable":true,"href":"https:\/\/www.grieta.org.mx\/index.php\/wp-json\/wp\/v2\/users\/2"}],"replies":[{"embeddable":true,"href":"https:\/\/www.grieta.org.mx\/index.php\/wp-json\/wp\/v2\/comments?post=62421"}],"version-history":[{"count":1,"href":"https:\/\/www.grieta.org.mx\/index.php\/wp-json\/wp\/v2\/posts\/62421\/revisions"}],"predecessor-version":[{"id":62431,"href":"https:\/\/www.grieta.org.mx\/index.php\/wp-json\/wp\/v2\/posts\/62421\/revisions\/62431"}],"wp:featuredmedia":[{"embeddable":true,"href":"https:\/\/www.grieta.org.mx\/index.php\/wp-json\/wp\/v2\/media\/62423"}],"wp:attachment":[{"href":"https:\/\/www.grieta.org.mx\/index.php\/wp-json\/wp\/v2\/media?parent=62421"}],"wp:term":[{"taxonomy":"category","embeddable":true,"href":"https:\/\/www.grieta.org.mx\/index.php\/wp-json\/wp\/v2\/categories?post=62421"},{"taxonomy":"post_tag","embeddable":true,"href":"https:\/\/www.grieta.org.mx\/index.php\/wp-json\/wp\/v2\/tags?post=62421"}],"curies":[{"name":"wp","href":"https:\/\/api.w.org\/{rel}","templated":true}]}}