{"id":62234,"date":"2021-10-08T13:14:24","date_gmt":"2021-10-08T18:14:24","guid":{"rendered":"https:\/\/www.grieta.org.mx\/?p=62234"},"modified":"2021-10-10T13:50:13","modified_gmt":"2021-10-10T18:50:13","slug":"personal-medico-denuncia-falta-de-insumos-estado-de-mexico","status":"publish","type":"post","link":"https:\/\/www.grieta.org.mx\/index.php\/2021\/10\/08\/personal-medico-denuncia-falta-de-insumos-estado-de-mexico\/","title":{"rendered":"Personal m\u00e9dico denuncia falta de insumos (Estado de M\u00e9xico)"},"content":{"rendered":"<p>Claudia Garc\u00eda \/ ADNoticias<\/p>\n<p><strong>La exigencia por parte de enfermeras, camilleros y doctores del hospital Adolfo L\u00f3pez Mateos ha sido constante desde el inicio de la pandemia<\/strong><\/p>\n<p class=\"has-drop-cap\">La situaci\u00f3n que vive el personal m\u00e9dico del hospital es complicada<strong>: los guantes, cubre bocas, gel antibacterial y sanitizante son escasos<\/strong>. Esto compromete su salud, principalmente de quienes se encuentran en zona COVID-19.<\/p>\n<p><em>\u201cNos dan una caja de guantes para 24 horas, somos varios los m\u00e9dicos y m\u00e1s en \u00e1rea COVID la protecci\u00f3n debe estar al m\u00e1ximo, no nos alcanza, algunos compa\u00f1eros han tenido que comprar, por decir [de alg\u00fan modo] guantes de su bolsa\u201d<\/em>, explica en entrevista un trabajador del \u00e1rea Covid del centro m\u00e9dico Adolfo L\u00f3pez Mateos.<\/p>\n<p>Esta ma\u00f1ana, ten\u00edan programado un paro de labores de 15 minutos; sin embargo, no se concret\u00f3 ante las amenazas que han recibido y las bajas de doctores y doctoras sin motivo alguno.<\/p>\n<p>&nbsp;<\/p>\n<div class=\"wp-block-spacer\" aria-hidden=\"true\"><\/div>\n<figure class=\"wp-block-gallery alignwide columns-3 is-cropped\">\n<ul class=\"blocks-gallery-grid\">\n<li class=\"blocks-gallery-item\">\n<figure><a class=\"inited\" href=\"https:\/\/adnoticias.mx\/wp-content\/uploads\/2021\/10\/WhatsApp-Image-2021-10-08-at-15.26.27-1024x768.jpeg\" rel=\"magnific\" data-elementor-open-lightbox=\"no\"><img decoding=\"async\" class=\"wp-image-269604 lazy-loaded\" src=\"https:\/\/adnoticias.mx\/wp-content\/uploads\/2021\/10\/WhatsApp-Image-2021-10-08-at-15.26.27-1024x768.jpeg\" sizes=\"(max-width: 1024px) 100vw, 1024px\" srcset=\"https:\/\/adnoticias.mx\/wp-content\/uploads\/2021\/10\/WhatsApp-Image-2021-10-08-at-15.26.27-1024x768.jpeg 1024w, https:\/\/adnoticias.mx\/wp-content\/uploads\/2021\/10\/WhatsApp-Image-2021-10-08-at-15.26.27-300x225.jpeg 300w, https:\/\/adnoticias.mx\/wp-content\/uploads\/2021\/10\/WhatsApp-Image-2021-10-08-at-15.26.27-768x576.jpeg 768w, https:\/\/adnoticias.mx\/wp-content\/uploads\/2021\/10\/WhatsApp-Image-2021-10-08-at-15.26.27-1536x1152.jpeg 1536w, https:\/\/adnoticias.mx\/wp-content\/uploads\/2021\/10\/WhatsApp-Image-2021-10-08-at-15.26.27-370x278.jpeg 370w, https:\/\/adnoticias.mx\/wp-content\/uploads\/2021\/10\/WhatsApp-Image-2021-10-08-at-15.26.27-1010x758.jpeg 1010w, https:\/\/adnoticias.mx\/wp-content\/uploads\/2021\/10\/WhatsApp-Image-2021-10-08-at-15.26.27-470x353.jpeg 470w, https:\/\/adnoticias.mx\/wp-content\/uploads\/2021\/10\/WhatsApp-Image-2021-10-08-at-15.26.27.jpeg 1600w\" alt=\"\" data-lazy-type=\"image\" data-src=\"https:\/\/adnoticias.mx\/wp-content\/uploads\/2021\/10\/WhatsApp-Image-2021-10-08-at-15.26.27-1024x768.jpeg\" data-id=\"269604\" data-link=\"https:\/\/adnoticias.mx\/?attachment_id=269604\" data-srcset=\"\" \/><\/a><\/figure>\n<\/li>\n<li class=\"blocks-gallery-item\">\n<figure><a class=\"inited\" href=\"https:\/\/adnoticias.mx\/wp-content\/uploads\/2021\/10\/WhatsApp-Image-2021-10-08-at-15.26.26-1024x768.jpeg\" rel=\"magnific\" data-elementor-open-lightbox=\"no\"><img decoding=\"async\" class=\"wp-image-269606 lazy-loaded\" src=\"https:\/\/adnoticias.mx\/wp-content\/uploads\/2021\/10\/WhatsApp-Image-2021-10-08-at-15.26.26-1024x768.jpeg\" sizes=\"(max-width: 1024px) 100vw, 1024px\" srcset=\"https:\/\/adnoticias.mx\/wp-content\/uploads\/2021\/10\/WhatsApp-Image-2021-10-08-at-15.26.26-1024x768.jpeg 1024w, https:\/\/adnoticias.mx\/wp-content\/uploads\/2021\/10\/WhatsApp-Image-2021-10-08-at-15.26.26-300x225.jpeg 300w, https:\/\/adnoticias.mx\/wp-content\/uploads\/2021\/10\/WhatsApp-Image-2021-10-08-at-15.26.26-768x576.jpeg 768w, https:\/\/adnoticias.mx\/wp-content\/uploads\/2021\/10\/WhatsApp-Image-2021-10-08-at-15.26.26-1536x1152.jpeg 1536w, https:\/\/adnoticias.mx\/wp-content\/uploads\/2021\/10\/WhatsApp-Image-2021-10-08-at-15.26.26-370x278.jpeg 370w, https:\/\/adnoticias.mx\/wp-content\/uploads\/2021\/10\/WhatsApp-Image-2021-10-08-at-15.26.26-1010x758.jpeg 1010w, https:\/\/adnoticias.mx\/wp-content\/uploads\/2021\/10\/WhatsApp-Image-2021-10-08-at-15.26.26-470x353.jpeg 470w, https:\/\/adnoticias.mx\/wp-content\/uploads\/2021\/10\/WhatsApp-Image-2021-10-08-at-15.26.26.jpeg 1600w\" alt=\"\" data-lazy-type=\"image\" data-src=\"https:\/\/adnoticias.mx\/wp-content\/uploads\/2021\/10\/WhatsApp-Image-2021-10-08-at-15.26.26-1024x768.jpeg\" data-id=\"269606\" data-link=\"https:\/\/adnoticias.mx\/?attachment_id=269606\" data-srcset=\"\" \/><\/a><\/figure>\n<\/li>\n<li class=\"blocks-gallery-item\">\n<figure><a class=\"inited\" href=\"https:\/\/adnoticias.mx\/wp-content\/uploads\/2021\/10\/WhatsApp-Image-2021-10-08-at-15.26.25.jpeg\" rel=\"magnific\" data-elementor-open-lightbox=\"no\"><img decoding=\"async\" class=\"wp-image-269607 lazy-loaded\" src=\"https:\/\/adnoticias.mx\/wp-content\/uploads\/2021\/10\/WhatsApp-Image-2021-10-08-at-15.26.25-1024x768.jpeg\" sizes=\"(max-width: 1024px) 100vw, 1024px\" srcset=\"https:\/\/adnoticias.mx\/wp-content\/uploads\/2021\/10\/WhatsApp-Image-2021-10-08-at-15.26.25-1024x768.jpeg 1024w, https:\/\/adnoticias.mx\/wp-content\/uploads\/2021\/10\/WhatsApp-Image-2021-10-08-at-15.26.25-300x225.jpeg 300w, https:\/\/adnoticias.mx\/wp-content\/uploads\/2021\/10\/WhatsApp-Image-2021-10-08-at-15.26.25-768x576.jpeg 768w, https:\/\/adnoticias.mx\/wp-content\/uploads\/2021\/10\/WhatsApp-Image-2021-10-08-at-15.26.25-1536x1152.jpeg 1536w, https:\/\/adnoticias.mx\/wp-content\/uploads\/2021\/10\/WhatsApp-Image-2021-10-08-at-15.26.25-370x278.jpeg 370w, https:\/\/adnoticias.mx\/wp-content\/uploads\/2021\/10\/WhatsApp-Image-2021-10-08-at-15.26.25-1010x758.jpeg 1010w, https:\/\/adnoticias.mx\/wp-content\/uploads\/2021\/10\/WhatsApp-Image-2021-10-08-at-15.26.25-470x353.jpeg 470w, https:\/\/adnoticias.mx\/wp-content\/uploads\/2021\/10\/WhatsApp-Image-2021-10-08-at-15.26.25.jpeg 1600w\" alt=\"\" data-lazy-type=\"image\" data-src=\"https:\/\/adnoticias.mx\/wp-content\/uploads\/2021\/10\/WhatsApp-Image-2021-10-08-at-15.26.25-1024x768.jpeg\" data-id=\"269607\" data-full-url=\"https:\/\/adnoticias.mx\/wp-content\/uploads\/2021\/10\/WhatsApp-Image-2021-10-08-at-15.26.25.jpeg\" data-link=\"https:\/\/adnoticias.mx\/?attachment_id=269607\" data-srcset=\"\" \/><\/a><\/figure>\n<\/li>\n<\/ul>\n<\/figure>\n<div class=\"wp-block-spacer\" aria-hidden=\"true\"><\/div>\n<p class=\"has-text-align-center has-small-font-size\"><em>Instalaciones del hospital Adolfo L\u00f3pez Mateos. Fotos: Claudia Garc\u00eda<\/em><\/p>\n<p><em>\u201cNos tienen muy muy amenazados, por esa situaci\u00f3n prefiero yo salvar mi pellejo. [\u2026] Los directivos son malos, si pens\u00e1bamos que la anterior direcci\u00f3n eran corruptos no sab\u00edamos lo que ten\u00edamos, estos est\u00e1n terribles. Est\u00e1n destituyendo gente, ayer pidieron cargos y pues hay muchas cosas en juego\u201d<\/em>, narra de manera an\u00f3nima por miedo a represalias.<\/p>\n<p>La exigencia de insumos por parte de enfermeras, camilleros, doctoras y doctores ha sido constante desde el inicio de la pandemia. Durante la segunda ola de casos positivos, el personal m\u00e9dico se manifest\u00f3 y lograron que se les otorgara equipo por algunos meses.<\/p>\n<p><em>\u201cVarios compa\u00f1eros as\u00ed como yo prefieren traer de sus casas antes de exponerse, porque es nuestra salud, ahorita ya no tenemos defunciones de compa\u00f1eros aun sigue el miedo porque aun tenemos casos positivos\u201d<\/em>.<\/p>\n<p><strong>La problem\u00e1tica tambi\u00e9n se agrava para los pacientes, ya que se carece de equipo quir\u00fargico, para realizar limpiezas.<\/strong><\/p>\n<p><em>\u201cLos insumos siguen fallando. No hay material, se los est\u00e1n pidiendo. Les pueden preguntar a los mismos familiares, est\u00e1n comprando material para aspirar a los pacientes y se los est\u00e1n dando hasta en 5 mil pesos y a veces les piden hasta cuatro\u201d<\/em>.<\/p>\n<p>Para el Personal M\u00e9dico, la respuesta aun no llega por parte de directivos y del propio Secretario de Salud, Francisco Javier Fern\u00e1ndez Clamont.<\/p>\n<p>\u201c<em>Nos dan atole con el dedo, lo \u00fanico que escuchamos es que empeorar\u00e1, ya que no hay presupuesto, que si esto es ahorita que esperamos para diciembre, [\u2026] <\/em><strong>incluso se rumoraba que se iban a cerrar el segundo y tercer piso y solo se iban a quedar activos el cuarto piso para COVID <\/strong><em>y el primero para pacientes de otro tipo por falta de insumos\u201d<\/em>.<\/p>\n<p><a href=\"https:\/\/adnoticias.mx\/nos-tienen-amenazados-personal-medico-denuncia-falta-de-insumos\/\" target=\"_blank\" rel=\"noopener\">https:\/\/adnoticias.mx\/nos-tienen-amenazados-personal-medico-denuncia-falta-de-insumos\/<\/a><\/p>\n","protected":false},"excerpt":{"rendered":"<p>Claudia Garc\u00eda \/ ADNoticias La exigencia por parte de enfermeras, camilleros y doctores del hospital Adolfo L\u00f3pez Mateos ha sido constante desde el inicio de la pandemia La situaci\u00f3n que &hellip; <a href=\"https:\/\/www.grieta.org.mx\/index.php\/2021\/10\/08\/personal-medico-denuncia-falta-de-insumos-estado-de-mexico\/\" class=\"more-link\">Leer m\u00e1s<\/a><\/p>\n","protected":false},"author":2,"featured_media":62235,"comment_status":"closed","ping_status":"closed","sticky":false,"template":"","format":"standard","meta":{"ngg_post_thumbnail":0,"_jetpack_newsletter_access":"","_jetpack_dont_email_post_to_subs":false,"_jetpack_newsletter_tier_id":0,"_jetpack_memberships_contains_paywalled_content":false,"_jetpack_memberships_contains_paid_content":false,"footnotes":""},"categories":[80,3270,918,2957,16,910,2768,2996,3035,2,83],"tags":[3241,3133,4063,3284],"class_list":["post-62234","post","type-post","status-publish","format-standard","has-post-thumbnail","hentry","category-cintillo","category-covid-19-en-estado-de-mexico","category-privatizacion-del-sector-salud","category-crisis-del-sector-salud-en-el-estado-de-mexico","category-estado-de-mexico","category-explotacion-y-precariedad-laboral","category-explotacion-y-precariedad-laboral-en-el-estado-de-mexico","category-incremento-del-costo-de-la-vida-en-el-estado-de-mexico","category-movilizaciones-y-protestas-de-habitantes-en-el-estado-de-mexico","category-noticias-nacionales","category-temas-nacionales","tag-covid-19","tag-crisis-del-sector-salud","tag-exploat","tag-falta-de-insumos-en-hospitales","entry"],"jetpack_featured_media_url":"https:\/\/www.grieta.org.mx\/wp-content\/uploads\/2021\/10\/personal-medico-denuncia-falta-de-insumos-edomex-oct.jpg","jetpack_sharing_enabled":true,"jetpack_shortlink":"https:\/\/wp.me\/p7ZJR4-gbM","jetpack_likes_enabled":false,"jetpack-related-posts":[{"id":47564,"url":"https:\/\/www.grieta.org.mx\/index.php\/2020\/03\/30\/protestan-medicos-de-hospitales-de-naucalpan-atizapan-y-coacalco-por-falta-de-insumos-estado-de-mexico\/","url_meta":{"origin":62234,"position":0},"title":"Protestan m\u00e9dicos de hospitales de Naucalpan, Atizap\u00e1n y Coacalco por falta de insumos (Estado de M\u00e9xico)","author":"grieta","date":"30 marzo, 2020","format":false,"excerpt":"Foto: Patricia Venegas \/ El Sol de Toluca Patricia Venegas \/ El Sol de Toluca Temen personal del sector salud infectarse por el COVID-19 M\u00e9dicos y enfermeras de los Hospitales Generales Salvador Gonz\u00e1lez Herrejon de Atizap\u00e1n, Maximiliano Ruiz Casta\u00f1eda de Naucalpan y del Centro de Salud de Coacalco realizaron protestas\u2026","rel":"","context":"En &quot;CINTILLO&quot;","block_context":{"text":"CINTILLO","link":"https:\/\/www.grieta.org.mx\/index.php\/category\/cintillo\/"},"img":{"alt_text":"","src":"https:\/\/i0.wp.com\/www.grieta.org.mx\/wp-content\/uploads\/2020\/04\/Protestan-m%C3%A9dicos-de-hospitales-de-Naucalpan-Atizap%C3%A1n-y-Coacalco-por-falta-de-insumos-edomex-abr.jpg?resize=350%2C200&ssl=1","width":350,"height":200,"srcset":"https:\/\/i0.wp.com\/www.grieta.org.mx\/wp-content\/uploads\/2020\/04\/Protestan-m%C3%A9dicos-de-hospitales-de-Naucalpan-Atizap%C3%A1n-y-Coacalco-por-falta-de-insumos-edomex-abr.jpg?resize=350%2C200&ssl=1 1x, https:\/\/i0.wp.com\/www.grieta.org.mx\/wp-content\/uploads\/2020\/04\/Protestan-m%C3%A9dicos-de-hospitales-de-Naucalpan-Atizap%C3%A1n-y-Coacalco-por-falta-de-insumos-edomex-abr.jpg?resize=525%2C300&ssl=1 1.5x, https:\/\/i0.wp.com\/www.grieta.org.mx\/wp-content\/uploads\/2020\/04\/Protestan-m%C3%A9dicos-de-hospitales-de-Naucalpan-Atizap%C3%A1n-y-Coacalco-por-falta-de-insumos-edomex-abr.jpg?resize=700%2C400&ssl=1 2x"},"classes":[]},{"id":48327,"url":"https:\/\/www.grieta.org.mx\/index.php\/2020\/04\/27\/personal-medico-bloquea-ermita-iztapalapa-por-falta-de-insumos-ciudad-de-mexico\/","url_meta":{"origin":62234,"position":1},"title":"Personal m\u00e9dico bloquea Ermita Iztapalapa por falta de insumos (Ciudad de M\u00e9xico)","author":"grieta","date":"27 abril, 2020","format":false,"excerpt":"Foto: @GRAWPEREZ Diario de M\u00e9xico Ciudad de M\u00e9xico. -M\u00e9dicos, enfermeras y personal de salud que trabaja en el Hospital Pedi\u00e1trico de Iztapalapa, mantienen bloqueada la circulaci\u00f3n en la Avenida Ermita Iztapalapa, entre Eje 3 Oriente y La Viga. El personal m\u00e9dico asegura que no tienen los materiales necesarios, como cubrebocas\u2026","rel":"","context":"En &quot;CINTILLO&quot;","block_context":{"text":"CINTILLO","link":"https:\/\/www.grieta.org.mx\/index.php\/category\/cintillo\/"},"img":{"alt_text":"","src":"https:\/\/i0.wp.com\/www.grieta.org.mx\/wp-content\/uploads\/2020\/04\/Personal-m%C3%A9dico-bloquea-Ermita-Iztapalapa-por-falta-de-insumos-cdmx-abr.jpg?resize=350%2C200&ssl=1","width":350,"height":200,"srcset":"https:\/\/i0.wp.com\/www.grieta.org.mx\/wp-content\/uploads\/2020\/04\/Personal-m%C3%A9dico-bloquea-Ermita-Iztapalapa-por-falta-de-insumos-cdmx-abr.jpg?resize=350%2C200&ssl=1 1x, https:\/\/i0.wp.com\/www.grieta.org.mx\/wp-content\/uploads\/2020\/04\/Personal-m%C3%A9dico-bloquea-Ermita-Iztapalapa-por-falta-de-insumos-cdmx-abr.jpg?resize=525%2C300&ssl=1 1.5x, https:\/\/i0.wp.com\/www.grieta.org.mx\/wp-content\/uploads\/2020\/04\/Personal-m%C3%A9dico-bloquea-Ermita-Iztapalapa-por-falta-de-insumos-cdmx-abr.jpg?resize=700%2C400&ssl=1 2x, https:\/\/i0.wp.com\/www.grieta.org.mx\/wp-content\/uploads\/2020\/04\/Personal-m%C3%A9dico-bloquea-Ermita-Iztapalapa-por-falta-de-insumos-cdmx-abr.jpg?resize=1050%2C600&ssl=1 3x"},"classes":[]},{"id":56557,"url":"https:\/\/www.grieta.org.mx\/index.php\/2020\/12\/31\/protestan-por-segundo-dia-medicos-del-hospital-lopez-mateos-estado-de-mexico\/","url_meta":{"origin":62234,"position":2},"title":"Protestan por segundo d\u00eda m\u00e9dicos del hospital L\u00f3pez Mateos (Estado de M\u00e9xico)","author":"grieta","date":"31 diciembre, 2020","format":false,"excerpt":"Imagen tomada de: ADNoticias Claudia Garc\u00eda \/ ADNoticias Exigen a la Secretar\u00eda de Salud no designar a un director que repita los actos de influyentismos y que ignore las necesidades Por segundo d\u00eda, m\u00e9dicos del hospital Adolfo L\u00f3pez Mateos se manifestaron en la explanada del nosocomio, la finalidad exigir mejores\u2026","rel":"","context":"En &quot;CINTILLO&quot;","block_context":{"text":"CINTILLO","link":"https:\/\/www.grieta.org.mx\/index.php\/category\/cintillo\/"},"img":{"alt_text":"","src":"https:\/\/i0.wp.com\/www.grieta.org.mx\/wp-content\/uploads\/2021\/01\/Protestan-por-segundo-dia-medicos-del-hospital-Lopez-Mateos-edomex-ene.jpeg?resize=350%2C200&ssl=1","width":350,"height":200,"srcset":"https:\/\/i0.wp.com\/www.grieta.org.mx\/wp-content\/uploads\/2021\/01\/Protestan-por-segundo-dia-medicos-del-hospital-Lopez-Mateos-edomex-ene.jpeg?resize=350%2C200&ssl=1 1x, https:\/\/i0.wp.com\/www.grieta.org.mx\/wp-content\/uploads\/2021\/01\/Protestan-por-segundo-dia-medicos-del-hospital-Lopez-Mateos-edomex-ene.jpeg?resize=525%2C300&ssl=1 1.5x, https:\/\/i0.wp.com\/www.grieta.org.mx\/wp-content\/uploads\/2021\/01\/Protestan-por-segundo-dia-medicos-del-hospital-Lopez-Mateos-edomex-ene.jpeg?resize=700%2C400&ssl=1 2x, https:\/\/i0.wp.com\/www.grieta.org.mx\/wp-content\/uploads\/2021\/01\/Protestan-por-segundo-dia-medicos-del-hospital-Lopez-Mateos-edomex-ene.jpeg?resize=1050%2C600&ssl=1 3x"},"classes":[]},{"id":47721,"url":"https:\/\/www.grieta.org.mx\/index.php\/2020\/04\/10\/hospital-la-perla-se-va-a-paro-exigen-insumos-para-atender-covid-19-estado-de-mexico\/","url_meta":{"origin":62234,"position":3},"title":"Hospital La Perla se va a paro; exigen insumos para atender Covid-19 (Estado de M\u00e9xico)","author":"grieta","date":"10 abril, 2020","format":false,"excerpt":"Imagen tomada de: laverdadnoticias.com La Verdad Noticias Los m\u00e9dicos del Hospital La Perla pidieron de manera urgente la dotaci\u00f3n de insumos para atender a pacientes con Covid-19. Personal m\u00e9dico del Hospital General La Perla, en Nezahualc\u00f3yotl, Estado de M\u00e9xico, inici\u00f3 un paro de actividades para exigir a las autoridades de\u2026","rel":"","context":"En &quot;CINTILLO&quot;","block_context":{"text":"CINTILLO","link":"https:\/\/www.grieta.org.mx\/index.php\/category\/cintillo\/"},"img":{"alt_text":"","src":"https:\/\/i0.wp.com\/www.grieta.org.mx\/wp-content\/uploads\/2020\/04\/Hospital-La-Perla-se-va-a-paro-exigen-insumos-para-atender-Covid-19-edomex-abr.jpg?resize=350%2C200&ssl=1","width":350,"height":200,"srcset":"https:\/\/i0.wp.com\/www.grieta.org.mx\/wp-content\/uploads\/2020\/04\/Hospital-La-Perla-se-va-a-paro-exigen-insumos-para-atender-Covid-19-edomex-abr.jpg?resize=350%2C200&ssl=1 1x, https:\/\/i0.wp.com\/www.grieta.org.mx\/wp-content\/uploads\/2020\/04\/Hospital-La-Perla-se-va-a-paro-exigen-insumos-para-atender-Covid-19-edomex-abr.jpg?resize=525%2C300&ssl=1 1.5x, https:\/\/i0.wp.com\/www.grieta.org.mx\/wp-content\/uploads\/2020\/04\/Hospital-La-Perla-se-va-a-paro-exigen-insumos-para-atender-Covid-19-edomex-abr.jpg?resize=700%2C400&ssl=1 2x"},"classes":[]},{"id":47560,"url":"https:\/\/www.grieta.org.mx\/index.php\/2020\/04\/06\/medicos-y-enfermeros-protestan-ante-la-falta-de-insumos-en-la-clinica-76-del-imss-estado-de-mexico\/","url_meta":{"origin":62234,"position":4},"title":"M\u00e9dicos y enfermeros protestan ante la falta de insumos en la cl\u00ednica 76 del IMSS (Estado de M\u00e9xico)","author":"grieta","date":"6 abril, 2020","format":false,"excerpt":"Fotos: Osvaldo Muller Orlando Salinas \/ El Sol de Toluca Ubicada en el municipio de Ecatepec Trabajadores del Hospital General #76 del Instituto Mexicano del Seguro Social (IMSS), ubicado en el municipio de Ecatepec, protestan por la falta de insumos para tratar casos sospechosos de COVID-19. Por segunda ocasi\u00f3n, un\u2026","rel":"","context":"En &quot;CINTILLO&quot;","block_context":{"text":"CINTILLO","link":"https:\/\/www.grieta.org.mx\/index.php\/category\/cintillo\/"},"img":{"alt_text":"","src":"https:\/\/i0.wp.com\/www.grieta.org.mx\/wp-content\/uploads\/2020\/04\/M%C3%A9dicos-y-enfermeros-protestan-ante-la-falta-de-insumos-en-la-cl%C3%ADnica-76-del-IMSS-edomex-abr.jpg?resize=350%2C200&ssl=1","width":350,"height":200,"srcset":"https:\/\/i0.wp.com\/www.grieta.org.mx\/wp-content\/uploads\/2020\/04\/M%C3%A9dicos-y-enfermeros-protestan-ante-la-falta-de-insumos-en-la-cl%C3%ADnica-76-del-IMSS-edomex-abr.jpg?resize=350%2C200&ssl=1 1x, https:\/\/i0.wp.com\/www.grieta.org.mx\/wp-content\/uploads\/2020\/04\/M%C3%A9dicos-y-enfermeros-protestan-ante-la-falta-de-insumos-en-la-cl%C3%ADnica-76-del-IMSS-edomex-abr.jpg?resize=525%2C300&ssl=1 1.5x, https:\/\/i0.wp.com\/www.grieta.org.mx\/wp-content\/uploads\/2020\/04\/M%C3%A9dicos-y-enfermeros-protestan-ante-la-falta-de-insumos-en-la-cl%C3%ADnica-76-del-IMSS-edomex-abr.jpg?resize=700%2C400&ssl=1 2x"},"classes":[]},{"id":48333,"url":"https:\/\/www.grieta.org.mx\/index.php\/2020\/04\/27\/bloquean-calzada-vallejo-por-falta-de-insumos-en-el-hospital-la-raza-ciudad-de-mexico\/","url_meta":{"origin":62234,"position":5},"title":"Bloquean Calzada Vallejo por falta de insumos en el Hospital La Raza (Ciudad de M\u00e9xico)","author":"grieta","date":"27 abril, 2020","format":false,"excerpt":"Personal de La Raza exige insumos m\u00e9dicos para laborar. Foto: Germ\u00e1n Canseco Rodrigo Vera \/ Proceso Personal m\u00e9dico del Hospital La Raza realiz\u00f3 esta tarde una protesta para exigir insumos m\u00e9dicos que les permitan atender a sus pacientes con coronavirus, aparte de que, se\u00f1alan, 45 de sus compa\u00f1eros ya han\u2026","rel":"","context":"En &quot;CINTILLO&quot;","block_context":{"text":"CINTILLO","link":"https:\/\/www.grieta.org.mx\/index.php\/category\/cintillo\/"},"img":{"alt_text":"","src":"https:\/\/i0.wp.com\/www.grieta.org.mx\/wp-content\/uploads\/2020\/04\/Bloquean-Calzada-Vallejo-por-falta-de-insumos-en-el-Hospital-La-Raza-cdmx-abr.jpg?resize=350%2C200&ssl=1","width":350,"height":200,"srcset":"https:\/\/i0.wp.com\/www.grieta.org.mx\/wp-content\/uploads\/2020\/04\/Bloquean-Calzada-Vallejo-por-falta-de-insumos-en-el-Hospital-La-Raza-cdmx-abr.jpg?resize=350%2C200&ssl=1 1x, https:\/\/i0.wp.com\/www.grieta.org.mx\/wp-content\/uploads\/2020\/04\/Bloquean-Calzada-Vallejo-por-falta-de-insumos-en-el-Hospital-La-Raza-cdmx-abr.jpg?resize=525%2C300&ssl=1 1.5x, https:\/\/i0.wp.com\/www.grieta.org.mx\/wp-content\/uploads\/2020\/04\/Bloquean-Calzada-Vallejo-por-falta-de-insumos-en-el-Hospital-La-Raza-cdmx-abr.jpg?resize=700%2C400&ssl=1 2x"},"classes":[]}],"_links":{"self":[{"href":"https:\/\/www.grieta.org.mx\/index.php\/wp-json\/wp\/v2\/posts\/62234","targetHints":{"allow":["GET"]}}],"collection":[{"href":"https:\/\/www.grieta.org.mx\/index.php\/wp-json\/wp\/v2\/posts"}],"about":[{"href":"https:\/\/www.grieta.org.mx\/index.php\/wp-json\/wp\/v2\/types\/post"}],"author":[{"embeddable":true,"href":"https:\/\/www.grieta.org.mx\/index.php\/wp-json\/wp\/v2\/users\/2"}],"replies":[{"embeddable":true,"href":"https:\/\/www.grieta.org.mx\/index.php\/wp-json\/wp\/v2\/comments?post=62234"}],"version-history":[{"count":1,"href":"https:\/\/www.grieta.org.mx\/index.php\/wp-json\/wp\/v2\/posts\/62234\/revisions"}],"predecessor-version":[{"id":62236,"href":"https:\/\/www.grieta.org.mx\/index.php\/wp-json\/wp\/v2\/posts\/62234\/revisions\/62236"}],"wp:featuredmedia":[{"embeddable":true,"href":"https:\/\/www.grieta.org.mx\/index.php\/wp-json\/wp\/v2\/media\/62235"}],"wp:attachment":[{"href":"https:\/\/www.grieta.org.mx\/index.php\/wp-json\/wp\/v2\/media?parent=62234"}],"wp:term":[{"taxonomy":"category","embeddable":true,"href":"https:\/\/www.grieta.org.mx\/index.php\/wp-json\/wp\/v2\/categories?post=62234"},{"taxonomy":"post_tag","embeddable":true,"href":"https:\/\/www.grieta.org.mx\/index.php\/wp-json\/wp\/v2\/tags?post=62234"}],"curies":[{"name":"wp","href":"https:\/\/api.w.org\/{rel}","templated":true}]}}