{"id":6222,"date":"2013-07-16T18:51:37","date_gmt":"2013-07-16T18:51:37","guid":{"rendered":"http:\/\/50.22.11.12\/~grietaor\/?p=6222"},"modified":"2018-03-23T15:05:42","modified_gmt":"2018-03-23T21:05:42","slug":"parque-eolico-de-dzilam-bravo-a-segunda-vuelta","status":"publish","type":"post","link":"https:\/\/www.grieta.org.mx\/index.php\/2013\/07\/16\/parque-eolico-de-dzilam-bravo-a-segunda-vuelta\/","title":{"rendered":"Parque e\u00f3lico de Dzilam Bravo, a segunda vuelta"},"content":{"rendered":"<p>El proyecto plantea 36 aerogeneradores, el doble de la capacidad expuesta en la primera estrategia rechazada en febrero.<\/p>\n<p>Canc\u00fan, Qroo. La firma e\u00f3lica del Golfo 1 reingres\u00f3 a la Secretar\u00eda de Medio Ambiente y Recursos Naturales (Semarnat) su proyecto de parque e\u00f3lico para el municipio de Dzilam de Bravo, Yucat\u00e1n. Se trata de un nuevo intento, m\u00e1s ambicioso, que busca generar 70 megawatts de energ\u00eda el\u00e9ctrica, suficientes para abastecer 300,000 hogares en la pen\u00ednsula de Yucat\u00e1n.<\/p>\n<p>El proyecto plantea la instalaci\u00f3n de 36 aerogeneradores, es decir, m\u00e1s del doble de las 16 turbinas e\u00f3licas que planteaba el primer intento, rechazado por la dependencia apenas en febrero de este mismo a\u00f1o. La Manifestaci\u00f3n de Impacto Ambiental (MIA), a la que El Economista tuvo acceso, expone que esta infraestructura se desarrollar\u00e1 en un predio de 1,345 hect\u00e1reas, con una inversi\u00f3n inicial de 190.5 millones de pesos.<\/p>\n<p>El primer intento fue rechazado por cuestiones de procedimiento, como el no haber publicado en medios impresos de circulaci\u00f3n estatal los pormenores del proyecto, para que la sociedad yucateca conociera y pudiera dar su opini\u00f3n sobre la conveniencia de contar con una infraestructura de esta naturaleza.<\/p>\n<p>Jorge Carlos Berl\u00edn Montero, delegado de la Semarnat en Yucat\u00e1n, declar\u00f3 entonces a El Economista que dada esa circunstancia operativa, el proyecto e\u00f3lico ni siquiera hab\u00eda llegado a la etapa de las valoraciones t\u00e9cnicas, por lo que estaba impedido a opinar si ten\u00eda o carec\u00eda de viabilidad con relaci\u00f3n a las leyes ambientales vigentes.<\/p>\n<p>EN L\u00cdNEA CON ESTRATEGIA NACIONAL<\/p>\n<p>La empresa promotora expone que el parque e\u00f3lico se al\u00ednea con el Plan Nacional de Desarrollo, el cual se refiere, en su eje cinco, a la necesidad de impulsar proyectos que tengan como objetivo reducir las emisiones de gases de efecto invernadero, mediante el impulso de tecnolog\u00edas limpias para la generaci\u00f3n de energ\u00eda.<\/p>\n<p>Se asegura que el parque e\u00f3lico de Dzilam de Bravo ser\u00eda el primero en su tipo en toda la pen\u00ednsula de Yucat\u00e1n y vendr\u00eda a paliar el d\u00e9ficit de energ\u00eda el\u00e9ctrica que padece la pen\u00ednsula, pues gran parte de la energ\u00eda consumida debe ser tra\u00edda desde otras regiones del pa\u00eds.<\/p>\n<p><a href=\"http:\/\/eleconomista.com.mx\/estados\/2013\/07\/16\/parque-eolico-dzilam-bravo-segunda-vuelta\" target=\"_blank\">eleconomista.com.mx\/estados\/2013\/07\/16\/parque-eolico-dzilam-bravo-segunda-vuelta<\/a><\/p>\n","protected":false},"excerpt":{"rendered":"<p>El proyecto plantea 36 aerogeneradores, el doble de la capacidad expuesta en la primera estrategia rechazada en febrero. Canc\u00fan, Qroo. La firma e\u00f3lica del Golfo 1 reingres\u00f3 a la Secretar\u00eda &hellip; <a href=\"https:\/\/www.grieta.org.mx\/index.php\/2013\/07\/16\/parque-eolico-de-dzilam-bravo-a-segunda-vuelta\/\" class=\"more-link\">Leer m\u00e1s<\/a><\/p>\n","protected":false},"author":2,"featured_media":21928,"comment_status":"closed","ping_status":"open","sticky":false,"template":"","format":"standard","meta":{"ngg_post_thumbnail":0,"_jetpack_newsletter_access":"","_jetpack_dont_email_post_to_subs":false,"_jetpack_newsletter_tier_id":0,"_jetpack_memberships_contains_paywalled_content":false,"_jetpack_memberships_contains_paid_content":false,"footnotes":""},"categories":[80,1051,1058,153],"tags":[177],"class_list":["post-6222","post","type-post","status-publish","format-standard","has-post-thumbnail","hentry","category-cintillo","category-parques-eolicos-y-solares-en-yucatan","category-parques-eolicos-y-solares-en-yucatan-mp-yucatan","category-yucatan","tag-parque-eolico","entry"],"jetpack_featured_media_url":"https:\/\/www.grieta.org.mx\/wp-content\/uploads\/2018\/03\/14524434_1106112876131411_958039263622046936_o.jpg","jetpack_sharing_enabled":true,"jetpack_shortlink":"https:\/\/wp.me\/p7ZJR4-1Cm","jetpack_likes_enabled":false,"jetpack-related-posts":[{"id":6189,"url":"https:\/\/www.grieta.org.mx\/index.php\/2016\/08\/29\/avanzan-proyectos-de-parques-eolicos-en-yucatan\/","url_meta":{"origin":6222,"position":0},"title":"Avanzan proyectos de parques e\u00f3licos en Yucat\u00e1n","author":"grieta","date":"29 agosto, 2016","format":false,"excerpt":"29\/08\/16. Sorpresa en obra e\u00f3lica (Yucat\u00e1n) Diario de Yucat\u00e1n 11\/06\/16. En Yucat\u00e1n, empresas de energ\u00eda e\u00f3lica obtendr\u00e1n cr\u00e9ditos hipotecando tierras mayas Mayapolitikon 31\/03\/16. Motul y Ticul \u201cacaparan\u201d parques e\u00f3licos y solares en Yucat\u00e1n Mayapolitikon 03\/12\/15. Pronto nuevo parque e\u00f3lico Diario de Yucat\u00e1n 23\/10\/15. Primer parque e\u00f3lico de Yucat\u00e1n 'alimentar\u00e1' todos\u2026","rel":"","context":"En &quot;16. Pueblo Maya&quot;","block_context":{"text":"16. Pueblo Maya","link":"https:\/\/www.grieta.org.mx\/index.php\/category\/espejos-de-la-resistencia\/16-pueblo-maya\/"},"img":{"alt_text":"","src":"https:\/\/i0.wp.com\/www.grieta.org.mx\/wp-content\/uploads\/2018\/03\/14524434_1106112876131411_958039263622046936_o.jpg?resize=350%2C200&ssl=1","width":350,"height":200,"srcset":"https:\/\/i0.wp.com\/www.grieta.org.mx\/wp-content\/uploads\/2018\/03\/14524434_1106112876131411_958039263622046936_o.jpg?resize=350%2C200&ssl=1 1x, https:\/\/i0.wp.com\/www.grieta.org.mx\/wp-content\/uploads\/2018\/03\/14524434_1106112876131411_958039263622046936_o.jpg?resize=525%2C300&ssl=1 1.5x, https:\/\/i0.wp.com\/www.grieta.org.mx\/wp-content\/uploads\/2018\/03\/14524434_1106112876131411_958039263622046936_o.jpg?resize=700%2C400&ssl=1 2x"},"classes":[]},{"id":6220,"url":"https:\/\/www.grieta.org.mx\/index.php\/2013\/09\/12\/parque-eolico-dzilam-bravo-proyecto-reprobado-por-ambientalistas\/","url_meta":{"origin":6222,"position":1},"title":"Parque E\u00f3lico Dzilam Bravo, proyecto reprobado por ambientalistas","author":"grieta","date":"12 septiembre, 2013","format":false,"excerpt":"En Yucat\u00e1n, a s\u00f3lo 1.28 kil\u00f3metros de la costa, se planea la instalaci\u00f3n de un parque e\u00f3lico. Su Manifestaci\u00f3n de Impacto Ambiental deja entrever la falta de seriedad y responsabilidad con respecto al impacto que generar\u00e1 en la localidad. En el sur de la Rep\u00fablica Mexicana se planea un desarrollo\u2026","rel":"","context":"En &quot;CINTILLO&quot;","block_context":{"text":"CINTILLO","link":"https:\/\/www.grieta.org.mx\/index.php\/category\/cintillo\/"},"img":{"alt_text":"","src":"https:\/\/i0.wp.com\/www.grieta.org.mx\/wp-content\/uploads\/2018\/03\/14524434_1106112876131411_958039263622046936_o.jpg?resize=350%2C200&ssl=1","width":350,"height":200,"srcset":"https:\/\/i0.wp.com\/www.grieta.org.mx\/wp-content\/uploads\/2018\/03\/14524434_1106112876131411_958039263622046936_o.jpg?resize=350%2C200&ssl=1 1x, https:\/\/i0.wp.com\/www.grieta.org.mx\/wp-content\/uploads\/2018\/03\/14524434_1106112876131411_958039263622046936_o.jpg?resize=525%2C300&ssl=1 1.5x, https:\/\/i0.wp.com\/www.grieta.org.mx\/wp-content\/uploads\/2018\/03\/14524434_1106112876131411_958039263622046936_o.jpg?resize=700%2C400&ssl=1 2x"},"classes":[]},{"id":6225,"url":"https:\/\/www.grieta.org.mx\/index.php\/2013\/01\/22\/rechaza-semarnat-proyecto-eolico-para-dzilam-bravo\/","url_meta":{"origin":6222,"position":2},"title":"Rechaza Semarnat proyecto e\u00f3lico para Dzilam Bravo","author":"grieta","date":"22 enero, 2013","format":false,"excerpt":"El parque e\u00f3lico que la empresa Vive Energ\u00eda o E\u00f3lica del Golfo 1 proyectaba para Dzilam de Bravo fue rechazado por la Delegaci\u00f3n de Semarnat en Yucat\u00e1n porque no cumpli\u00f3 con todos los requisitos normativos. Jorge Carlos Berl\u00edn Montero, delegado de esa dependencia en la Entidad, inform\u00f3 que el proyecto\u2026","rel":"","context":"En &quot;CINTILLO&quot;","block_context":{"text":"CINTILLO","link":"https:\/\/www.grieta.org.mx\/index.php\/category\/cintillo\/"},"img":{"alt_text":"","src":"https:\/\/i0.wp.com\/www.grieta.org.mx\/wp-content\/uploads\/2018\/03\/14524434_1106112876131411_958039263622046936_o.jpg?resize=350%2C200&ssl=1","width":350,"height":200,"srcset":"https:\/\/i0.wp.com\/www.grieta.org.mx\/wp-content\/uploads\/2018\/03\/14524434_1106112876131411_958039263622046936_o.jpg?resize=350%2C200&ssl=1 1x, https:\/\/i0.wp.com\/www.grieta.org.mx\/wp-content\/uploads\/2018\/03\/14524434_1106112876131411_958039263622046936_o.jpg?resize=525%2C300&ssl=1 1.5x, https:\/\/i0.wp.com\/www.grieta.org.mx\/wp-content\/uploads\/2018\/03\/14524434_1106112876131411_958039263622046936_o.jpg?resize=700%2C400&ssl=1 2x"},"classes":[]},{"id":6211,"url":"https:\/\/www.grieta.org.mx\/index.php\/2015\/09\/06\/aldesa-iniciara-parques-eolicos-en-yucatan\/","url_meta":{"origin":6222,"position":3},"title":"Aldesa iniciar\u00e1 parques e\u00f3licos en Yucat\u00e1n","author":"grieta","date":"6 septiembre, 2015","format":false,"excerpt":"Canc\u00fan, QR. Tras obtener las autorizaciones de la Comisi\u00f3n Reguladora de Energ\u00eda (CRE) y de la Secretar\u00eda de Medio Ambiente y Recursos Naturales (Semarnat), la trasnacional Aldener se alista a arrancar la construcci\u00f3n de los dos primeros parque e\u00f3licos en la pen\u00ednsula de Yucat\u00e1n. Se trata de las plantas eoloel\u00e9ctricas\u2026","rel":"","context":"En &quot;CINTILLO&quot;","block_context":{"text":"CINTILLO","link":"https:\/\/www.grieta.org.mx\/index.php\/category\/cintillo\/"},"img":{"alt_text":"","src":"https:\/\/i0.wp.com\/www.grieta.org.mx\/wp-content\/uploads\/2018\/03\/14524434_1106112876131411_958039263622046936_o.jpg?resize=350%2C200&ssl=1","width":350,"height":200,"srcset":"https:\/\/i0.wp.com\/www.grieta.org.mx\/wp-content\/uploads\/2018\/03\/14524434_1106112876131411_958039263622046936_o.jpg?resize=350%2C200&ssl=1 1x, https:\/\/i0.wp.com\/www.grieta.org.mx\/wp-content\/uploads\/2018\/03\/14524434_1106112876131411_958039263622046936_o.jpg?resize=525%2C300&ssl=1 1.5x, https:\/\/i0.wp.com\/www.grieta.org.mx\/wp-content\/uploads\/2018\/03\/14524434_1106112876131411_958039263622046936_o.jpg?resize=700%2C400&ssl=1 2x"},"classes":[]},{"id":14197,"url":"https:\/\/www.grieta.org.mx\/index.php\/2016\/03\/31\/motul-y-ticul-acaparan-parques-eolicos-y-solares-en-yucatan\/","url_meta":{"origin":6222,"position":4},"title":"Motul y Ticul \u201cacaparan\u201d parques e\u00f3licos y solares en Yucat\u00e1n","author":"grieta","date":"31 marzo, 2016","format":false,"excerpt":"Cinco municipios de Yucat\u00e1n albergar\u00e1n nueve granjas de \u201cenerg\u00eda verde\u201d, abarcando un \u00e1rea que toca pr\u00e1cticamente a todo el estado: en el centro, el sur y el oriente, incluyendo la costa. Se trata de cuatro parques e\u00f3licas y cinco solares. La Secretar\u00eda de Energ\u00eda (Sener) asign\u00f3 a Yucat\u00e1n el 50%\u2026","rel":"","context":"En &quot;CINTILLO&quot;","block_context":{"text":"CINTILLO","link":"https:\/\/www.grieta.org.mx\/index.php\/category\/cintillo\/"},"img":{"alt_text":"","src":"https:\/\/i0.wp.com\/www.grieta.org.mx\/wp-content\/uploads\/2018\/03\/14524434_1106112876131411_958039263622046936_o.jpg?resize=350%2C200&ssl=1","width":350,"height":200,"srcset":"https:\/\/i0.wp.com\/www.grieta.org.mx\/wp-content\/uploads\/2018\/03\/14524434_1106112876131411_958039263622046936_o.jpg?resize=350%2C200&ssl=1 1x, https:\/\/i0.wp.com\/www.grieta.org.mx\/wp-content\/uploads\/2018\/03\/14524434_1106112876131411_958039263622046936_o.jpg?resize=525%2C300&ssl=1 1.5x, https:\/\/i0.wp.com\/www.grieta.org.mx\/wp-content\/uploads\/2018\/03\/14524434_1106112876131411_958039263622046936_o.jpg?resize=700%2C400&ssl=1 2x"},"classes":[]},{"id":55837,"url":"https:\/\/www.grieta.org.mx\/index.php\/2020\/12\/14\/sin-estudio-ambiental-regional-inauguran-parque-eolico-en-tizimin\/","url_meta":{"origin":6222,"position":5},"title":"Sin estudio ambiental regional, inauguran parque e\u00f3lico en Tizim\u00edn","author":"grieta","date":"14 diciembre, 2020","format":false,"excerpt":"Haz Ruido Adem\u00e1s, anunciaron la construcci\u00f3n de otro en esa misma localidad del oriente y Vila presume que est\u00e1n en puerta otros 24 megaproyectos en Yucat\u00e1n. Tizim\u00edn, Yucat\u00e1n, 14 de diciembre de 2020.-El gobernador Mauricio Vila Dosal inaugur\u00f3 oficialmente el Parque E\u00f3lico de Tizim\u00edn, en el que se invirtieron 150\u2026","rel":"","context":"En &quot;CINTILLO&quot;","block_context":{"text":"CINTILLO","link":"https:\/\/www.grieta.org.mx\/index.php\/category\/cintillo\/"},"img":{"alt_text":"","src":"https:\/\/i0.wp.com\/www.grieta.org.mx\/wp-content\/uploads\/2020\/12\/eolico-tizimin-e1608335952388.jpg?resize=350%2C200&ssl=1","width":350,"height":200,"srcset":"https:\/\/i0.wp.com\/www.grieta.org.mx\/wp-content\/uploads\/2020\/12\/eolico-tizimin-e1608335952388.jpg?resize=350%2C200&ssl=1 1x, https:\/\/i0.wp.com\/www.grieta.org.mx\/wp-content\/uploads\/2020\/12\/eolico-tizimin-e1608335952388.jpg?resize=525%2C300&ssl=1 1.5x, https:\/\/i0.wp.com\/www.grieta.org.mx\/wp-content\/uploads\/2020\/12\/eolico-tizimin-e1608335952388.jpg?resize=700%2C400&ssl=1 2x"},"classes":[]}],"_links":{"self":[{"href":"https:\/\/www.grieta.org.mx\/index.php\/wp-json\/wp\/v2\/posts\/6222","targetHints":{"allow":["GET"]}}],"collection":[{"href":"https:\/\/www.grieta.org.mx\/index.php\/wp-json\/wp\/v2\/posts"}],"about":[{"href":"https:\/\/www.grieta.org.mx\/index.php\/wp-json\/wp\/v2\/types\/post"}],"author":[{"embeddable":true,"href":"https:\/\/www.grieta.org.mx\/index.php\/wp-json\/wp\/v2\/users\/2"}],"replies":[{"embeddable":true,"href":"https:\/\/www.grieta.org.mx\/index.php\/wp-json\/wp\/v2\/comments?post=6222"}],"version-history":[{"count":1,"href":"https:\/\/www.grieta.org.mx\/index.php\/wp-json\/wp\/v2\/posts\/6222\/revisions"}],"predecessor-version":[{"id":6223,"href":"https:\/\/www.grieta.org.mx\/index.php\/wp-json\/wp\/v2\/posts\/6222\/revisions\/6223"}],"wp:featuredmedia":[{"embeddable":true,"href":"https:\/\/www.grieta.org.mx\/index.php\/wp-json\/wp\/v2\/media\/21928"}],"wp:attachment":[{"href":"https:\/\/www.grieta.org.mx\/index.php\/wp-json\/wp\/v2\/media?parent=6222"}],"wp:term":[{"taxonomy":"category","embeddable":true,"href":"https:\/\/www.grieta.org.mx\/index.php\/wp-json\/wp\/v2\/categories?post=6222"},{"taxonomy":"post_tag","embeddable":true,"href":"https:\/\/www.grieta.org.mx\/index.php\/wp-json\/wp\/v2\/tags?post=6222"}],"curies":[{"name":"wp","href":"https:\/\/api.w.org\/{rel}","templated":true}]}}