{"id":6220,"date":"2013-09-12T18:48:15","date_gmt":"2013-09-12T18:48:15","guid":{"rendered":"http:\/\/50.22.11.12\/~grietaor\/?p=6220"},"modified":"2018-03-23T15:00:43","modified_gmt":"2018-03-23T21:00:43","slug":"parque-eolico-dzilam-bravo-proyecto-reprobado-por-ambientalistas","status":"publish","type":"post","link":"https:\/\/www.grieta.org.mx\/index.php\/2013\/09\/12\/parque-eolico-dzilam-bravo-proyecto-reprobado-por-ambientalistas\/","title":{"rendered":"Parque E\u00f3lico Dzilam Bravo, proyecto reprobado por ambientalistas"},"content":{"rendered":"<p>En Yucat\u00e1n, a s\u00f3lo 1.28 kil\u00f3metros de la costa, se planea la instalaci\u00f3n de un parque e\u00f3lico. Su Manifestaci\u00f3n de Impacto Ambiental deja entrever la falta de seriedad y responsabilidad con respecto al impacto que generar\u00e1 en la localidad.<\/p>\n<p>En el sur de la Rep\u00fablica Mexicana se planea un desarrollo de energ\u00eda limpia y renovable, bajo el nombre Parque E\u00f3lico Dzilam Bravo. Este proyecto se instalar\u00e1 muy cerca de la costa de Yucat\u00e1n, en el pueblo de Dzilam de Bravo, en un \u00e1rea con enorme riqueza natural. Un \u00e1rea vulnerable en donde el parque podr\u00eda significar un grave peligro para el medio ambiente.<\/p>\n<p>En Centro Mexicano de Derecho Ambiental (CEMDA) reprueba el proyecto de E\u00f3lica del Golfo 1 SAPI de CV, se\u00f1alando las deficiencias en su planeaci\u00f3n. El organismo se\u00f1ala la importancia del desarrollo tecnol\u00f3gico en favor de la diversidad energ\u00e9tica, siempre y cuando esta se haga con responsabilidad y respeto al medio ambiente. Esto es que los beneficios no se vean superados por los da\u00f1os que el proyecto puede acusar.<\/p>\n<p>Todo esto sale a colaci\u00f3n de la Manifestaci\u00f3n de Impacto Ambiental (MIA), presentada por E\u00f3lica del Golfo para solicitar la autorizaci\u00f3n correspondiente a la Secretar\u00eda de Medio Ambiente y Recursos Naturales (Semarnat). En este documento existen lagunas importantes, informaci\u00f3n vital para la correcta planeaci\u00f3n y ejecuci\u00f3n.<\/p>\n<p>El Parque E\u00f3lico Dzilam Bravo contar\u00e1 con 36 aerogeneradores, distribuidos en un espacio de 1,300 hect\u00e1reas. El terreno seleccionado se encuentra a 1.29 kil\u00f3metros de la costo, mismo que se rentar\u00e1 durante el periodo de vida productiva del complejo; se calcula ser\u00e1 de 30 a\u00f1os. Cada uno de estos aerogenerdores tiene una altura de 175 metros y necesitan un \u00e1rea de 20 x 20 metros, con una profundidad m\u00ednima de 2.1 metros, siendo 4 metros lo ideal.<\/p>\n<p>El an\u00e1lisis de CEMDA determina que hace falta informaci\u00f3n vital en el documento entregado a SEMARNAT, para considerar una completa evaluaci\u00f3n en el impacto ambiental.<\/p>\n<p>Afectaci\u00f3n a los habitantes por el ruido de las aspas en constante movimiento.<br \/>\nEl impacto al sistema hidrol\u00f3gico por las cimentaciones de los aerogeneradores.<br \/>\nLa salinidad producida en el humedal que afectar\u00e1 a la alimentaci\u00f3n de los flamencos.<br \/>\nEl impacto visual que afectar\u00e1 al ecoturismo y los \u201ccortes de luz solar\u201d, sombras generadas por las aspas.<br \/>\nLa destrucci\u00f3n del h\u00e1bitat de dos aves, especies en peligro de extinci\u00f3n: la matraca yucateca y el colibr\u00ed tijera mexicana.<br \/>\nLa afectaci\u00f3n en la ruta de las aves migratorias, que ocupan hasta 5 kil\u00f3metros con respecto a la costa.<\/p>\n<p>Para la realizaci\u00f3n del documento, se realiz\u00f3 un monitoreo de 6 horas, tiempo insuficiente reconocer el terreno. Para este tipo de estudios, seg\u00fan rescata CEMDA, \u201cexpertos consultados en el \u00faltimo Simposio sobre la Energ\u00eda E\u00f3lica y la Fauna, efectuado en M\u00e9rida en el 2011, sugieren un monitoreo previo de hasta dos a\u00f1os\u201d.<\/p>\n<p>En el documento tiene otra falla importante: olvida mencionar los beneficios a la localidad. Se desconoce si el parque generar\u00e1 energ\u00eda para el autoabastecimiento, de socios e inversionistas, o beneficiar\u00e1 a los hogares de la regi\u00f3n. Tampoco se conoce el riesgo que traer\u00e1 a la entidad en caso de huracanes; un aspecto muy importante especialmente para esta zona.<\/p>\n<p>El camino hacia el desarrollo de energ\u00edas limpias y renovables ser\u00e1 largo, en un pa\u00eds donde la falta de responsabilidad es una eterna constante. Esperemos que SEMARNAT considere el comentario de CEMDA y apoye sus recomendaciones. As\u00ed los proyectos que vienen en camino deber\u00edan considerar el impacto ambiental; no se trata de decir, va, pongo invierto en energ\u00eda limpia, si no hacerlo de manera responsable, planificando y evaluando sus beneficios.<\/p>\n<p><a href=\"https:\/\/www.veoverde.com\/2013\/09\/parque-eolico-dzilam-bravo-proyecto-reprobado-por-ambientalistas\/\" target=\"_blank\">www.veoverde.com\/2013\/09\/parque-eolico-dzilam-bravo-proyecto-reprobado-por-ambientalistas\/<\/a><\/p>\n","protected":false},"excerpt":{"rendered":"<p>En Yucat\u00e1n, a s\u00f3lo 1.28 kil\u00f3metros de la costa, se planea la instalaci\u00f3n de un parque e\u00f3lico. Su Manifestaci\u00f3n de Impacto Ambiental deja entrever la falta de seriedad y responsabilidad &hellip; <a href=\"https:\/\/www.grieta.org.mx\/index.php\/2013\/09\/12\/parque-eolico-dzilam-bravo-proyecto-reprobado-por-ambientalistas\/\" class=\"more-link\">Leer m\u00e1s<\/a><\/p>\n","protected":false},"author":2,"featured_media":21928,"comment_status":"closed","ping_status":"open","sticky":false,"template":"","format":"standard","meta":{"ngg_post_thumbnail":0,"_jetpack_newsletter_access":"","_jetpack_dont_email_post_to_subs":false,"_jetpack_newsletter_tier_id":0,"_jetpack_memberships_contains_paywalled_content":false,"_jetpack_memberships_contains_paid_content":false,"footnotes":""},"categories":[80,1051,1058,153],"tags":[177],"class_list":["post-6220","post","type-post","status-publish","format-standard","has-post-thumbnail","hentry","category-cintillo","category-parques-eolicos-y-solares-en-yucatan","category-parques-eolicos-y-solares-en-yucatan-mp-yucatan","category-yucatan","tag-parque-eolico","entry"],"jetpack_featured_media_url":"https:\/\/www.grieta.org.mx\/wp-content\/uploads\/2018\/03\/14524434_1106112876131411_958039263622046936_o.jpg","jetpack_sharing_enabled":true,"jetpack_shortlink":"https:\/\/wp.me\/p7ZJR4-1Ck","jetpack_likes_enabled":false,"jetpack-related-posts":[{"id":6189,"url":"https:\/\/www.grieta.org.mx\/index.php\/2016\/08\/29\/avanzan-proyectos-de-parques-eolicos-en-yucatan\/","url_meta":{"origin":6220,"position":0},"title":"Avanzan proyectos de parques e\u00f3licos en Yucat\u00e1n","author":"grieta","date":"29 agosto, 2016","format":false,"excerpt":"29\/08\/16. Sorpresa en obra e\u00f3lica (Yucat\u00e1n) Diario de Yucat\u00e1n 11\/06\/16. En Yucat\u00e1n, empresas de energ\u00eda e\u00f3lica obtendr\u00e1n cr\u00e9ditos hipotecando tierras mayas Mayapolitikon 31\/03\/16. Motul y Ticul \u201cacaparan\u201d parques e\u00f3licos y solares en Yucat\u00e1n Mayapolitikon 03\/12\/15. Pronto nuevo parque e\u00f3lico Diario de Yucat\u00e1n 23\/10\/15. Primer parque e\u00f3lico de Yucat\u00e1n 'alimentar\u00e1' todos\u2026","rel":"","context":"En &quot;16. Pueblo Maya&quot;","block_context":{"text":"16. Pueblo Maya","link":"https:\/\/www.grieta.org.mx\/index.php\/category\/espejos-de-la-resistencia\/16-pueblo-maya\/"},"img":{"alt_text":"","src":"https:\/\/i0.wp.com\/www.grieta.org.mx\/wp-content\/uploads\/2018\/03\/14524434_1106112876131411_958039263622046936_o.jpg?resize=350%2C200&ssl=1","width":350,"height":200,"srcset":"https:\/\/i0.wp.com\/www.grieta.org.mx\/wp-content\/uploads\/2018\/03\/14524434_1106112876131411_958039263622046936_o.jpg?resize=350%2C200&ssl=1 1x, https:\/\/i0.wp.com\/www.grieta.org.mx\/wp-content\/uploads\/2018\/03\/14524434_1106112876131411_958039263622046936_o.jpg?resize=525%2C300&ssl=1 1.5x, https:\/\/i0.wp.com\/www.grieta.org.mx\/wp-content\/uploads\/2018\/03\/14524434_1106112876131411_958039263622046936_o.jpg?resize=700%2C400&ssl=1 2x"},"classes":[]},{"id":6222,"url":"https:\/\/www.grieta.org.mx\/index.php\/2013\/07\/16\/parque-eolico-de-dzilam-bravo-a-segunda-vuelta\/","url_meta":{"origin":6220,"position":1},"title":"Parque e\u00f3lico de Dzilam Bravo, a segunda vuelta","author":"grieta","date":"16 julio, 2013","format":false,"excerpt":"El proyecto plantea 36 aerogeneradores, el doble de la capacidad expuesta en la primera estrategia rechazada en febrero. Canc\u00fan, Qroo. La firma e\u00f3lica del Golfo 1 reingres\u00f3 a la Secretar\u00eda de Medio Ambiente y Recursos Naturales (Semarnat) su proyecto de parque e\u00f3lico para el municipio de Dzilam de Bravo, Yucat\u00e1n.\u2026","rel":"","context":"En &quot;CINTILLO&quot;","block_context":{"text":"CINTILLO","link":"https:\/\/www.grieta.org.mx\/index.php\/category\/cintillo\/"},"img":{"alt_text":"","src":"https:\/\/i0.wp.com\/www.grieta.org.mx\/wp-content\/uploads\/2018\/03\/14524434_1106112876131411_958039263622046936_o.jpg?resize=350%2C200&ssl=1","width":350,"height":200,"srcset":"https:\/\/i0.wp.com\/www.grieta.org.mx\/wp-content\/uploads\/2018\/03\/14524434_1106112876131411_958039263622046936_o.jpg?resize=350%2C200&ssl=1 1x, https:\/\/i0.wp.com\/www.grieta.org.mx\/wp-content\/uploads\/2018\/03\/14524434_1106112876131411_958039263622046936_o.jpg?resize=525%2C300&ssl=1 1.5x, https:\/\/i0.wp.com\/www.grieta.org.mx\/wp-content\/uploads\/2018\/03\/14524434_1106112876131411_958039263622046936_o.jpg?resize=700%2C400&ssl=1 2x"},"classes":[]},{"id":6225,"url":"https:\/\/www.grieta.org.mx\/index.php\/2013\/01\/22\/rechaza-semarnat-proyecto-eolico-para-dzilam-bravo\/","url_meta":{"origin":6220,"position":2},"title":"Rechaza Semarnat proyecto e\u00f3lico para Dzilam Bravo","author":"grieta","date":"22 enero, 2013","format":false,"excerpt":"El parque e\u00f3lico que la empresa Vive Energ\u00eda o E\u00f3lica del Golfo 1 proyectaba para Dzilam de Bravo fue rechazado por la Delegaci\u00f3n de Semarnat en Yucat\u00e1n porque no cumpli\u00f3 con todos los requisitos normativos. Jorge Carlos Berl\u00edn Montero, delegado de esa dependencia en la Entidad, inform\u00f3 que el proyecto\u2026","rel":"","context":"En &quot;CINTILLO&quot;","block_context":{"text":"CINTILLO","link":"https:\/\/www.grieta.org.mx\/index.php\/category\/cintillo\/"},"img":{"alt_text":"","src":"https:\/\/i0.wp.com\/www.grieta.org.mx\/wp-content\/uploads\/2018\/03\/14524434_1106112876131411_958039263622046936_o.jpg?resize=350%2C200&ssl=1","width":350,"height":200,"srcset":"https:\/\/i0.wp.com\/www.grieta.org.mx\/wp-content\/uploads\/2018\/03\/14524434_1106112876131411_958039263622046936_o.jpg?resize=350%2C200&ssl=1 1x, https:\/\/i0.wp.com\/www.grieta.org.mx\/wp-content\/uploads\/2018\/03\/14524434_1106112876131411_958039263622046936_o.jpg?resize=525%2C300&ssl=1 1.5x, https:\/\/i0.wp.com\/www.grieta.org.mx\/wp-content\/uploads\/2018\/03\/14524434_1106112876131411_958039263622046936_o.jpg?resize=700%2C400&ssl=1 2x"},"classes":[]},{"id":6217,"url":"https:\/\/www.grieta.org.mx\/index.php\/2014\/04\/07\/luz-verde-al-parque-eolico-en-yucatan\/","url_meta":{"origin":6220,"position":3},"title":"Luz verde al Parque E\u00f3lico en Yucat\u00e1n","author":"grieta","date":"7 abril, 2014","format":false,"excerpt":"COSTO DE LA OBRA: M\u00e1s de mil 800 millones de pesos UBICACI\u00d3N: A 1.29 kil\u00f3metros de la costa, al sur del municipio EMPRESA RESPONSABLE: Vive Energ\u00eda-E\u00f3lica del Golfo NO. DE AEROGENERADORES: 36 de 175 metros de altura cada uno, con capacidad de 1.95 megawatts BENEFICIOS: Generar\u00e1 el 10 por ciento\u2026","rel":"","context":"En &quot;CINTILLO&quot;","block_context":{"text":"CINTILLO","link":"https:\/\/www.grieta.org.mx\/index.php\/category\/cintillo\/"},"img":{"alt_text":"","src":"https:\/\/i0.wp.com\/www.grieta.org.mx\/wp-content\/uploads\/2018\/03\/14524434_1106112876131411_958039263622046936_o.jpg?resize=350%2C200&ssl=1","width":350,"height":200,"srcset":"https:\/\/i0.wp.com\/www.grieta.org.mx\/wp-content\/uploads\/2018\/03\/14524434_1106112876131411_958039263622046936_o.jpg?resize=350%2C200&ssl=1 1x, https:\/\/i0.wp.com\/www.grieta.org.mx\/wp-content\/uploads\/2018\/03\/14524434_1106112876131411_958039263622046936_o.jpg?resize=525%2C300&ssl=1 1.5x, https:\/\/i0.wp.com\/www.grieta.org.mx\/wp-content\/uploads\/2018\/03\/14524434_1106112876131411_958039263622046936_o.jpg?resize=700%2C400&ssl=1 2x"},"classes":[]},{"id":55837,"url":"https:\/\/www.grieta.org.mx\/index.php\/2020\/12\/14\/sin-estudio-ambiental-regional-inauguran-parque-eolico-en-tizimin\/","url_meta":{"origin":6220,"position":4},"title":"Sin estudio ambiental regional, inauguran parque e\u00f3lico en Tizim\u00edn","author":"grieta","date":"14 diciembre, 2020","format":false,"excerpt":"Haz Ruido Adem\u00e1s, anunciaron la construcci\u00f3n de otro en esa misma localidad del oriente y Vila presume que est\u00e1n en puerta otros 24 megaproyectos en Yucat\u00e1n. Tizim\u00edn, Yucat\u00e1n, 14 de diciembre de 2020.-El gobernador Mauricio Vila Dosal inaugur\u00f3 oficialmente el Parque E\u00f3lico de Tizim\u00edn, en el que se invirtieron 150\u2026","rel":"","context":"En &quot;CINTILLO&quot;","block_context":{"text":"CINTILLO","link":"https:\/\/www.grieta.org.mx\/index.php\/category\/cintillo\/"},"img":{"alt_text":"","src":"https:\/\/i0.wp.com\/www.grieta.org.mx\/wp-content\/uploads\/2020\/12\/eolico-tizimin-e1608335952388.jpg?resize=350%2C200&ssl=1","width":350,"height":200,"srcset":"https:\/\/i0.wp.com\/www.grieta.org.mx\/wp-content\/uploads\/2020\/12\/eolico-tizimin-e1608335952388.jpg?resize=350%2C200&ssl=1 1x, https:\/\/i0.wp.com\/www.grieta.org.mx\/wp-content\/uploads\/2020\/12\/eolico-tizimin-e1608335952388.jpg?resize=525%2C300&ssl=1 1.5x, https:\/\/i0.wp.com\/www.grieta.org.mx\/wp-content\/uploads\/2020\/12\/eolico-tizimin-e1608335952388.jpg?resize=700%2C400&ssl=1 2x"},"classes":[]},{"id":14197,"url":"https:\/\/www.grieta.org.mx\/index.php\/2016\/03\/31\/motul-y-ticul-acaparan-parques-eolicos-y-solares-en-yucatan\/","url_meta":{"origin":6220,"position":5},"title":"Motul y Ticul \u201cacaparan\u201d parques e\u00f3licos y solares en Yucat\u00e1n","author":"grieta","date":"31 marzo, 2016","format":false,"excerpt":"Cinco municipios de Yucat\u00e1n albergar\u00e1n nueve granjas de \u201cenerg\u00eda verde\u201d, abarcando un \u00e1rea que toca pr\u00e1cticamente a todo el estado: en el centro, el sur y el oriente, incluyendo la costa. Se trata de cuatro parques e\u00f3licas y cinco solares. La Secretar\u00eda de Energ\u00eda (Sener) asign\u00f3 a Yucat\u00e1n el 50%\u2026","rel":"","context":"En &quot;CINTILLO&quot;","block_context":{"text":"CINTILLO","link":"https:\/\/www.grieta.org.mx\/index.php\/category\/cintillo\/"},"img":{"alt_text":"","src":"https:\/\/i0.wp.com\/www.grieta.org.mx\/wp-content\/uploads\/2018\/03\/14524434_1106112876131411_958039263622046936_o.jpg?resize=350%2C200&ssl=1","width":350,"height":200,"srcset":"https:\/\/i0.wp.com\/www.grieta.org.mx\/wp-content\/uploads\/2018\/03\/14524434_1106112876131411_958039263622046936_o.jpg?resize=350%2C200&ssl=1 1x, https:\/\/i0.wp.com\/www.grieta.org.mx\/wp-content\/uploads\/2018\/03\/14524434_1106112876131411_958039263622046936_o.jpg?resize=525%2C300&ssl=1 1.5x, https:\/\/i0.wp.com\/www.grieta.org.mx\/wp-content\/uploads\/2018\/03\/14524434_1106112876131411_958039263622046936_o.jpg?resize=700%2C400&ssl=1 2x"},"classes":[]}],"_links":{"self":[{"href":"https:\/\/www.grieta.org.mx\/index.php\/wp-json\/wp\/v2\/posts\/6220","targetHints":{"allow":["GET"]}}],"collection":[{"href":"https:\/\/www.grieta.org.mx\/index.php\/wp-json\/wp\/v2\/posts"}],"about":[{"href":"https:\/\/www.grieta.org.mx\/index.php\/wp-json\/wp\/v2\/types\/post"}],"author":[{"embeddable":true,"href":"https:\/\/www.grieta.org.mx\/index.php\/wp-json\/wp\/v2\/users\/2"}],"replies":[{"embeddable":true,"href":"https:\/\/www.grieta.org.mx\/index.php\/wp-json\/wp\/v2\/comments?post=6220"}],"version-history":[{"count":1,"href":"https:\/\/www.grieta.org.mx\/index.php\/wp-json\/wp\/v2\/posts\/6220\/revisions"}],"predecessor-version":[{"id":6221,"href":"https:\/\/www.grieta.org.mx\/index.php\/wp-json\/wp\/v2\/posts\/6220\/revisions\/6221"}],"wp:featuredmedia":[{"embeddable":true,"href":"https:\/\/www.grieta.org.mx\/index.php\/wp-json\/wp\/v2\/media\/21928"}],"wp:attachment":[{"href":"https:\/\/www.grieta.org.mx\/index.php\/wp-json\/wp\/v2\/media?parent=6220"}],"wp:term":[{"taxonomy":"category","embeddable":true,"href":"https:\/\/www.grieta.org.mx\/index.php\/wp-json\/wp\/v2\/categories?post=6220"},{"taxonomy":"post_tag","embeddable":true,"href":"https:\/\/www.grieta.org.mx\/index.php\/wp-json\/wp\/v2\/tags?post=6220"}],"curies":[{"name":"wp","href":"https:\/\/api.w.org\/{rel}","templated":true}]}}