{"id":62132,"date":"2021-09-24T13:10:24","date_gmt":"2021-09-24T18:10:24","guid":{"rendered":"https:\/\/www.grieta.org.mx\/?p=62132"},"modified":"2021-10-04T13:15:22","modified_gmt":"2021-10-04T18:15:22","slug":"activistas-reactivan-resistencia-contra-minas-en-veracruz","status":"publish","type":"post","link":"https:\/\/www.grieta.org.mx\/index.php\/2021\/09\/24\/activistas-reactivan-resistencia-contra-minas-en-veracruz\/","title":{"rendered":"Activistas reactivan resistencia contra minas en Veracruz"},"content":{"rendered":"<p>Francisco De Luna \/ Hora cero<\/p>\n<p>Xalapa, Ver.-Se reactivar\u00e1n los movimientos de resistencia por parte de activistas ambientales en municipios de Alto Lucero y Actopan, tras el anuncio de la empresa minera \u00abCandelaria Mining Corp\u00bb de continuar con el proyecto de extracci\u00f3n de minerales.<\/p>\n<p>De acuerdo con Guillermo Rodr\u00edguez Curiel de La Asamblea Veracruzana de Iniciativas y Defensa Ambiental (Lavida) la minera vuelve a insistir en la destrucci\u00f3n de las monta\u00f1as para la extracci\u00f3n de oro y plata.<\/p>\n<p>Este jueves, la compa\u00f1\u00eda anunci\u00f3 que la demanda de los inversores, ha aumentado su colocaci\u00f3n privada sin intermediarios con ingresos de hasta 9 millones 300 mil pesos para la reactivaci\u00f3n.<\/p>\n<p>\u00abEs m\u00e1s conocida como Caballo Blanco, La Paila o El Cobre. Los habitantes de Alto Lucero y Actopan cuentan con actas de Asambleas Ejidales donde se oponen tajantemente de estas mineras t\u00f3xicas\u00bb.<\/p>\n<p>Detall\u00f3 que con estas maniobras se destruye la biodiversidad y en caso que sea permitido \u00abacabar\u00eda con las cuencas que ah\u00ed existen y con la alimentaci\u00f3n y la gran diversidad\u00bb.<\/p>\n<p>El activista coment\u00f3 que han sido 13 a\u00f1os de resistencia, de luchas por defender el territorio, lo que llev\u00f3 en dos ocasiones a las empresas canadienses a retirar su Manifiesto de Impacto Ambiental (MIA) donde solicitaban a la Secretar\u00eda de Medio Ambiente y Recursos Naturales (Semarnat) el permiso para la explotaci\u00f3n.<\/p>\n<p>La minera Candelaria Mining es una empresa minera y de exploraci\u00f3n centrada en metales preciosos y avanza en dos proyectos en el pa\u00eds mexicano.<\/p>\n<p>El proyecto Caballo Blanco, est\u00e1 en etapa de exploraci\u00f3n avanzada, ubicado en la zona centro del estado de Veracruz.<\/p>\n<p><a href=\"https:\/\/horacero.mx\/2021\/09\/24\/135990\/?utm_source=pocket_mylist\" rel=\"noopener\" target=\"_blank\">https:\/\/horacero.mx\/2021\/09\/24\/135990\/?utm_source=pocket_mylist<\/a><\/p>\n","protected":false},"excerpt":{"rendered":"<p>Francisco De Luna \/ Hora cero Xalapa, Ver.-Se reactivar\u00e1n los movimientos de resistencia por parte de activistas ambientales en municipios de Alto Lucero y Actopan, tras el anuncio de la &hellip; <a href=\"https:\/\/www.grieta.org.mx\/index.php\/2021\/09\/24\/activistas-reactivan-resistencia-contra-minas-en-veracruz\/\" class=\"more-link\">Leer m\u00e1s<\/a><\/p>\n","protected":false},"author":2,"featured_media":62133,"comment_status":"closed","ping_status":"closed","sticky":false,"template":"","format":"standard","meta":{"ngg_post_thumbnail":0,"_jetpack_newsletter_access":"","_jetpack_dont_email_post_to_subs":false,"_jetpack_newsletter_tier_id":0,"_jetpack_memberships_contains_paywalled_content":false,"_jetpack_memberships_contains_paid_content":false,"footnotes":""},"categories":[80,2592,2,35],"tags":[2846,874,109],"class_list":["post-62132","post","type-post","status-publish","format-standard","has-post-thumbnail","hentry","category-cintillo","category-mineria-en-veracruz","category-noticias-nacionales","category-veracruz","tag-lucha-contra-la-mineria","tag-mineras-canadienses","tag-mineria","entry"],"jetpack_featured_media_url":"https:\/\/www.grieta.org.mx\/wp-content\/uploads\/2021\/10\/https-_horacero.mx_wp-content_uploads_2021_09_mina.jpg","jetpack_sharing_enabled":true,"jetpack_shortlink":"https:\/\/wp.me\/p7ZJR4-ga8","jetpack_likes_enabled":false,"jetpack-related-posts":[{"id":42941,"url":"https:\/\/www.grieta.org.mx\/index.php\/2019\/11\/17\/activistas-acusan-que-cuitlahuac-garcia-les-quedo-a-deber-en-materia-ambiental-veracruz\/","url_meta":{"origin":62132,"position":0},"title":"Activistas acusan que Cuitl\u00e1huac Garc\u00eda &#8220;les qued\u00f3 a deber&#8221; en materia ambiental (Veracruz)","author":"grieta","date":"17 noviembre, 2019","format":false,"excerpt":"Redacci\u00f3n \/ La silla rota Es urgente que se emita un decreto para declarar a Veracruz libre de miner\u00eda t\u00f3xica, se\u00f1al\u00f3 integrante de LaVida El activista de La Asamblea Veracruzana de Iniciativas y Defensa Ambiental (Lavida), Emilio Rodr\u00edguez Almaz\u00e1n, asegur\u00f3 que el gobernador Cuitl\u00e1huac Garc\u00eda Jim\u00e9nez les \"ha quedado a\u2026","rel":"","context":"En &quot;NOTICIAS NACIONALES&quot;","block_context":{"text":"NOTICIAS NACIONALES","link":"https:\/\/www.grieta.org.mx\/index.php\/category\/noticias-nacionales\/"},"img":{"alt_text":"","src":"https:\/\/i0.wp.com\/www.grieta.org.mx\/wp-content\/uploads\/2020\/01\/minerver-focus-0-0-983-557.jpg?resize=350%2C200&ssl=1","width":350,"height":200,"srcset":"https:\/\/i0.wp.com\/www.grieta.org.mx\/wp-content\/uploads\/2020\/01\/minerver-focus-0-0-983-557.jpg?resize=350%2C200&ssl=1 1x, https:\/\/i0.wp.com\/www.grieta.org.mx\/wp-content\/uploads\/2020\/01\/minerver-focus-0-0-983-557.jpg?resize=525%2C300&ssl=1 1.5x, https:\/\/i0.wp.com\/www.grieta.org.mx\/wp-content\/uploads\/2020\/01\/minerver-focus-0-0-983-557.jpg?resize=700%2C400&ssl=1 2x"},"classes":[]},{"id":59002,"url":"https:\/\/www.grieta.org.mx\/index.php\/2021\/04\/24\/piden-activistas-ambientalistas-que-veracruz-sea-declarado-un-estado-libre-de-mineria-toxica\/","url_meta":{"origin":62132,"position":1},"title":"Piden activistas ambientalistas que Veracruz sea declarado un estado libre de miner\u00eda t\u00f3xica","author":"Admin","date":"24 abril, 2021","format":false,"excerpt":"Francisco de Luna \/ Libertad bajo palabra \u00a0 Naolinco, Ver. Los activistas ambientales piden que el estado de Veracruz sea declarado libre de miner\u00eda t\u00f3xica. En el evento informativo realizado en el municipio de Naolinco, indicaron que el proyecto minero utilizar\u00eda 14 toneladas de explosivos a 2.5 kil\u00f3metros de Laguna\u2026","rel":"","context":"En &quot;CINTILLO&quot;","block_context":{"text":"CINTILLO","link":"https:\/\/www.grieta.org.mx\/index.php\/category\/cintillo\/"},"img":{"alt_text":"","src":"https:\/\/i0.wp.com\/www.grieta.org.mx\/wp-content\/uploads\/2021\/04\/Screenshot_2021-04-26-Piden-activistas-ambientalistas-que-Veracruz-sea-declarado-un-estado-libre-de-mineria-toxica-Libert....png?resize=350%2C200&ssl=1","width":350,"height":200,"srcset":"https:\/\/i0.wp.com\/www.grieta.org.mx\/wp-content\/uploads\/2021\/04\/Screenshot_2021-04-26-Piden-activistas-ambientalistas-que-Veracruz-sea-declarado-un-estado-libre-de-mineria-toxica-Libert....png?resize=350%2C200&ssl=1 1x, https:\/\/i0.wp.com\/www.grieta.org.mx\/wp-content\/uploads\/2021\/04\/Screenshot_2021-04-26-Piden-activistas-ambientalistas-que-Veracruz-sea-declarado-un-estado-libre-de-mineria-toxica-Libert....png?resize=525%2C300&ssl=1 1.5x, https:\/\/i0.wp.com\/www.grieta.org.mx\/wp-content\/uploads\/2021\/04\/Screenshot_2021-04-26-Piden-activistas-ambientalistas-que-Veracruz-sea-declarado-un-estado-libre-de-mineria-toxica-Libert....png?resize=700%2C400&ssl=1 2x"},"classes":[]},{"id":20556,"url":"https:\/\/www.grieta.org.mx\/index.php\/2016\/08\/24\/asesinados-de-actopan-eran-activistas\/","url_meta":{"origin":62132,"position":2},"title":"Asesinados de Actopan eran activistas","author":"grieta","date":"24 agosto, 2016","format":false,"excerpt":"Por David Arcos En las comunidades Ojital, San Juan Villa Rica, El Lim\u00f3n y Mesa de 24, donde fueron levantadas y asesinadas las ocho personas, se concentra la mayor resistencia contra la minera El Cobre, antes conocida como \u201cCaballo Blanco\u201d. Las personas asesinadas en la regi\u00f3n de Actopan y Alto\u2026","rel":"","context":"En &quot;CINTILLO&quot;","block_context":{"text":"CINTILLO","link":"https:\/\/www.grieta.org.mx\/index.php\/category\/cintillo\/"},"img":{"alt_text":"","src":"https:\/\/i0.wp.com\/www.grieta.org.mx\/wp-content\/uploads\/2018\/03\/14524434_1106112876131411_958039263622046936_o.jpg?resize=350%2C200&ssl=1","width":350,"height":200,"srcset":"https:\/\/i0.wp.com\/www.grieta.org.mx\/wp-content\/uploads\/2018\/03\/14524434_1106112876131411_958039263622046936_o.jpg?resize=350%2C200&ssl=1 1x, https:\/\/i0.wp.com\/www.grieta.org.mx\/wp-content\/uploads\/2018\/03\/14524434_1106112876131411_958039263622046936_o.jpg?resize=525%2C300&ssl=1 1.5x, https:\/\/i0.wp.com\/www.grieta.org.mx\/wp-content\/uploads\/2018\/03\/14524434_1106112876131411_958039263622046936_o.jpg?resize=700%2C400&ssl=1 2x"},"classes":[]},{"id":36472,"url":"https:\/\/www.grieta.org.mx\/index.php\/2019\/07\/12\/piden-a-titular-de-semarnat-frenar-mineria-en-veracruz\/","url_meta":{"origin":62132,"position":3},"title":"Piden a titular de Semarnat frenar miner\u00eda en Veracruz","author":"grieta","date":"12 julio, 2019","format":false,"excerpt":"Leticia Cruz \/ Imagen del Golfo Activistas ambientales del estado de Veracruz conf\u00edan en que el titular de la Secretar\u00eda de Medio Ambiente y Recursos Naturales (Semarnat), V\u00edctor Toledo, har\u00e1 lo correspondiente para impedir la operaci\u00f3n de mineras t\u00f3xicas en la entidad. Durante la visita a Xalapa, del funcionario federal,\u2026","rel":"","context":"En &quot;CINTILLO&quot;","block_context":{"text":"CINTILLO","link":"https:\/\/www.grieta.org.mx\/index.php\/category\/cintillo\/"},"img":{"alt_text":"","src":"https:\/\/i0.wp.com\/www.grieta.org.mx\/wp-content\/uploads\/2019\/07\/568766_d.jpg?resize=350%2C200&ssl=1","width":350,"height":200,"srcset":"https:\/\/i0.wp.com\/www.grieta.org.mx\/wp-content\/uploads\/2019\/07\/568766_d.jpg?resize=350%2C200&ssl=1 1x, https:\/\/i0.wp.com\/www.grieta.org.mx\/wp-content\/uploads\/2019\/07\/568766_d.jpg?resize=525%2C300&ssl=1 1.5x"},"classes":[]},{"id":44183,"url":"https:\/\/www.grieta.org.mx\/index.php\/2020\/02\/04\/buscan-activistas-evitar-uso-de-aguas-nacionales-para-mineria-toxica-veracruz\/","url_meta":{"origin":62132,"position":4},"title":"Buscan activistas evitar uso de aguas nacionales para miner\u00eda t\u00f3xica (Veracruz)","author":"grieta","date":"4 febrero, 2020","format":false,"excerpt":"Redacci\u00f3n \/ Imagen de Veracruz Organizaciones civiles, investigadores y representantes de pueblos ind\u00edgenas presentaron una Iniciativa de Ley General de Aguas a la Mesa Directiva de la C\u00e1mara de Diputados. Tina Madrigal, vocera de la Asamblea Ciudadana en Defensa del Agua, dijo que m\u00e1s de 400 organizaciones participaron desde 2012\u2026","rel":"","context":"En &quot;CINTILLO&quot;","block_context":{"text":"CINTILLO","link":"https:\/\/www.grieta.org.mx\/index.php\/category\/cintillo\/"},"img":{"alt_text":"","src":"https:\/\/i0.wp.com\/www.grieta.org.mx\/wp-content\/uploads\/2020\/02\/040220-Tina-Madrigal-780x470.jpeg?resize=350%2C200&ssl=1","width":350,"height":200,"srcset":"https:\/\/i0.wp.com\/www.grieta.org.mx\/wp-content\/uploads\/2020\/02\/040220-Tina-Madrigal-780x470.jpeg?resize=350%2C200&ssl=1 1x, https:\/\/i0.wp.com\/www.grieta.org.mx\/wp-content\/uploads\/2020\/02\/040220-Tina-Madrigal-780x470.jpeg?resize=525%2C300&ssl=1 1.5x, https:\/\/i0.wp.com\/www.grieta.org.mx\/wp-content\/uploads\/2020\/02\/040220-Tina-Madrigal-780x470.jpeg?resize=700%2C400&ssl=1 2x"},"classes":[]},{"id":43330,"url":"https:\/\/www.grieta.org.mx\/index.php\/2019\/11\/04\/minera-quiere-establecerse-cerca-de-xalapa-pma\/","url_meta":{"origin":62132,"position":5},"title":"Minera quiere establecerse cerca de Xalapa: PMA","author":"grieta","date":"4 noviembre, 2019","format":false,"excerpt":"Berenice Sandoval \/ Palabras Claras Xalapa.- El subprocurador de Medio Ambiente en el estado, Ernesto Cuevas Hern\u00e1ndez, confirm\u00f3 que una empresa minera busca instalarse cerca de Xalapa, en el municipio de Chiconquiaco. En general, dijo que son 10 las empresas mineras que cuentan con permisos de la Secretar\u00eda de Medio\u2026","rel":"","context":"En &quot;CINTILLO&quot;","block_context":{"text":"CINTILLO","link":"https:\/\/www.grieta.org.mx\/index.php\/category\/cintillo\/"},"img":{"alt_text":"","src":"https:\/\/i0.wp.com\/www.grieta.org.mx\/wp-content\/uploads\/2020\/01\/Miner%C3%ADa.jpg?resize=350%2C200&ssl=1","width":350,"height":200,"srcset":"https:\/\/i0.wp.com\/www.grieta.org.mx\/wp-content\/uploads\/2020\/01\/Miner%C3%ADa.jpg?resize=350%2C200&ssl=1 1x, https:\/\/i0.wp.com\/www.grieta.org.mx\/wp-content\/uploads\/2020\/01\/Miner%C3%ADa.jpg?resize=525%2C300&ssl=1 1.5x, https:\/\/i0.wp.com\/www.grieta.org.mx\/wp-content\/uploads\/2020\/01\/Miner%C3%ADa.jpg?resize=700%2C400&ssl=1 2x, https:\/\/i0.wp.com\/www.grieta.org.mx\/wp-content\/uploads\/2020\/01\/Miner%C3%ADa.jpg?resize=1050%2C600&ssl=1 3x"},"classes":[]}],"_links":{"self":[{"href":"https:\/\/www.grieta.org.mx\/index.php\/wp-json\/wp\/v2\/posts\/62132","targetHints":{"allow":["GET"]}}],"collection":[{"href":"https:\/\/www.grieta.org.mx\/index.php\/wp-json\/wp\/v2\/posts"}],"about":[{"href":"https:\/\/www.grieta.org.mx\/index.php\/wp-json\/wp\/v2\/types\/post"}],"author":[{"embeddable":true,"href":"https:\/\/www.grieta.org.mx\/index.php\/wp-json\/wp\/v2\/users\/2"}],"replies":[{"embeddable":true,"href":"https:\/\/www.grieta.org.mx\/index.php\/wp-json\/wp\/v2\/comments?post=62132"}],"version-history":[{"count":1,"href":"https:\/\/www.grieta.org.mx\/index.php\/wp-json\/wp\/v2\/posts\/62132\/revisions"}],"predecessor-version":[{"id":62135,"href":"https:\/\/www.grieta.org.mx\/index.php\/wp-json\/wp\/v2\/posts\/62132\/revisions\/62135"}],"wp:featuredmedia":[{"embeddable":true,"href":"https:\/\/www.grieta.org.mx\/index.php\/wp-json\/wp\/v2\/media\/62133"}],"wp:attachment":[{"href":"https:\/\/www.grieta.org.mx\/index.php\/wp-json\/wp\/v2\/media?parent=62132"}],"wp:term":[{"taxonomy":"category","embeddable":true,"href":"https:\/\/www.grieta.org.mx\/index.php\/wp-json\/wp\/v2\/categories?post=62132"},{"taxonomy":"post_tag","embeddable":true,"href":"https:\/\/www.grieta.org.mx\/index.php\/wp-json\/wp\/v2\/tags?post=62132"}],"curies":[{"name":"wp","href":"https:\/\/api.w.org\/{rel}","templated":true}]}}