{"id":62100,"date":"2021-09-27T12:48:58","date_gmt":"2021-09-27T17:48:58","guid":{"rendered":"https:\/\/www.grieta.org.mx\/?p=62100"},"modified":"2021-10-02T12:57:13","modified_gmt":"2021-10-02T17:57:13","slug":"ahora-es-cuando-marchan-por-la-despenalizacion-del-aborto-en-jalisco","status":"publish","type":"post","link":"https:\/\/www.grieta.org.mx\/index.php\/2021\/09\/27\/ahora-es-cuando-marchan-por-la-despenalizacion-del-aborto-en-jalisco\/","title":{"rendered":"\u00a1Ahora es cuando! Marchan por la despenalizaci\u00f3n del aborto en Jalisco"},"content":{"rendered":"<p>Foto: Dalia Souza &#8211; Ximena Torres<\/p>\n<p><strong>En medio de una fuerte tormenta, la marea verde en Guadalajara march\u00f3 este domingo 26 de septiembre recorriendo las calles del centro de la capital de Jalisco para decirle a las y los legisladores que el momento de despenalizar el aborto en el estado ha llegado: \u00a1Ahora es cuando!<\/strong><\/p>\n<p><strong>Estas son las postales de la movilizaci\u00f3n que organizaron las colectivas\u00a0<em>Mis Amigas Me Acompa\u00f1an, Me Cuidan Mis Amigas, Red de Maestras Feministas\u00a0<\/em>y dem\u00e1s aliadas del movimiento feminista en el estado, rumbo al 28s,<em>\u00a0D\u00eda de Acci\u00f3n Global por el acceso al Aborto Legal.<\/em><\/strong><\/p>\n<p>Dalia Souza &#8211; Ximena Torres \/ Zona Docs<\/p>\n<p>Recordando que la libertad no se criminaliza, colectivas feministas marcharon este domingo 26 de septiembre en el marco del\u00a0<em>D\u00eda de Acci\u00f3n Global por el acceso al Aborto Legal.<\/em><\/p>\n<p>La lluvia no detuvo su andar y en medio de calles inundadas recorrieron el centro de la ciudad de Guadalajara desde el Monumento a la Madre hasta llegar al Congreso del Estado de Jalisco y despu\u00e9s hacia la Catedral Metropolitana.<\/p>\n<p>Fotogaler\u00eda de la marcha en:<\/p>\n<p><a href=\"https:\/\/www.zonadocs.mx\/2021\/09\/27\/ahora-es-cuando-marchan-por-la-despenalizacion-del-aborto-en-jalisco\/\">https:\/\/www.zonadocs.mx\/2021\/09\/27\/ahora-es-cuando-marchan-por-la-despenalizacion-del-aborto-en-jalisco\/<\/a><\/p>\n","protected":false},"excerpt":{"rendered":"<p>Foto: Dalia Souza &#8211; Ximena Torres En medio de una fuerte tormenta, la marea verde en Guadalajara march\u00f3 este domingo 26 de septiembre recorriendo las calles del centro de la &hellip; <a href=\"https:\/\/www.grieta.org.mx\/index.php\/2021\/09\/27\/ahora-es-cuando-marchan-por-la-despenalizacion-del-aborto-en-jalisco\/\" class=\"more-link\">Leer m\u00e1s<\/a><\/p>\n","protected":false},"author":2,"featured_media":62101,"comment_status":"closed","ping_status":"closed","sticky":false,"template":"","format":"standard","meta":{"ngg_post_thumbnail":0,"_jetpack_newsletter_access":"","_jetpack_dont_email_post_to_subs":false,"_jetpack_newsletter_tier_id":0,"_jetpack_memberships_contains_paywalled_content":false,"_jetpack_memberships_contains_paid_content":false,"footnotes":""},"categories":[80,20,2,2504],"tags":[3042,3148,3715,2248,3099,2317,3208],"class_list":["post-62100","post","type-post","status-publish","format-standard","has-post-thumbnail","hentry","category-cintillo","category-jalisco","category-noticias-nacionales","category-violencia-contra-las-mujeres-en-jalisco","tag-colectivos-feministas","tag-lucha-feminista","tag-lucha-por-legalizacion-del-aborto","tag-luchas-de-las-mujeres","tag-luchas-de-mujeres","tag-manifestaciones-de-mujeres","tag-marcha-de-mujeres","entry"],"jetpack_featured_media_url":"https:\/\/www.grieta.org.mx\/wp-content\/uploads\/2021\/10\/photo5082717964159003119-1068x801-1.jpg","jetpack_sharing_enabled":true,"jetpack_shortlink":"https:\/\/wp.me\/p7ZJR4-g9C","jetpack_likes_enabled":false,"jetpack-related-posts":[{"id":69955,"url":"https:\/\/www.grieta.org.mx\/index.php\/2024\/09\/29\/fuera-el-aborto-del-codigo-penal-de-jalisco-es-el-reclamo-de-quienes-tomaron-el-congreso-del-estado-este-28s\/","url_meta":{"origin":62100,"position":0},"title":"\u201cFuera el aborto del C\u00f3digo Penal de Jalisco\u201d es el reclamo de quienes tomaron el Congreso del Estado este #28S","author":"grieta","date":"29 septiembre, 2024","format":false,"excerpt":"Imagen: Dalia Souza \/ Zona Docs Con la consigna \u201cFuera el aborto del C\u00f3digo Penal\u201d colectivas, mujeres y disidencias accionaron a las afueras del Congreso de Jalisco este s\u00e1bado para reclamar la despenalizaci\u00f3n del aborto en el estado.En el marco del\u00a0D\u00eda de Acci\u00f3n Global por un Aborto Legal y Seguro,\u2026","rel":"","context":"En &quot;CINTILLO&quot;","block_context":{"text":"CINTILLO","link":"https:\/\/www.grieta.org.mx\/index.php\/category\/cintillo\/"},"img":{"alt_text":"","src":"https:\/\/i0.wp.com\/www.grieta.org.mx\/wp-content\/uploads\/2024\/10\/photo_5174790092911389973_y.jpg?resize=350%2C200&ssl=1","width":350,"height":200,"srcset":"https:\/\/i0.wp.com\/www.grieta.org.mx\/wp-content\/uploads\/2024\/10\/photo_5174790092911389973_y.jpg?resize=350%2C200&ssl=1 1x, https:\/\/i0.wp.com\/www.grieta.org.mx\/wp-content\/uploads\/2024\/10\/photo_5174790092911389973_y.jpg?resize=525%2C300&ssl=1 1.5x, https:\/\/i0.wp.com\/www.grieta.org.mx\/wp-content\/uploads\/2024\/10\/photo_5174790092911389973_y.jpg?resize=700%2C400&ssl=1 2x, https:\/\/i0.wp.com\/www.grieta.org.mx\/wp-content\/uploads\/2024\/10\/photo_5174790092911389973_y.jpg?resize=1050%2C600&ssl=1 3x"},"classes":[]},{"id":61594,"url":"https:\/\/www.grieta.org.mx\/index.php\/2021\/09\/05\/una-rodada-por-la-despenalizacion-del-aborto-jalisco\/","url_meta":{"origin":62100,"position":1},"title":"Una rodada por la despenalizaci\u00f3n del aborto (Jalisco)","author":"grieta","date":"5 septiembre, 2021","format":false,"excerpt":"Foto: Zona Docs Camino al D\u00eda de Acci\u00f3n Global por un aborto legal, gratuito y seguro, que se celebra el 18 de septiembre, la colectiva Arp\u00edas GDL organiz\u00f3 \u201cLa Rodada por Derecho a Decidir\u201d, con la que se busc\u00f3 visibilizar que las mujeres y s\u00f3lo ellas pueden decidir sobre su\u2026","rel":"","context":"En &quot;CINTILLO&quot;","block_context":{"text":"CINTILLO","link":"https:\/\/www.grieta.org.mx\/index.php\/category\/cintillo\/"},"img":{"alt_text":"","src":"https:\/\/i0.wp.com\/www.grieta.org.mx\/wp-content\/uploads\/2021\/09\/rodda3.jpg?resize=350%2C200&ssl=1","width":350,"height":200,"srcset":"https:\/\/i0.wp.com\/www.grieta.org.mx\/wp-content\/uploads\/2021\/09\/rodda3.jpg?resize=350%2C200&ssl=1 1x, https:\/\/i0.wp.com\/www.grieta.org.mx\/wp-content\/uploads\/2021\/09\/rodda3.jpg?resize=525%2C300&ssl=1 1.5x, https:\/\/i0.wp.com\/www.grieta.org.mx\/wp-content\/uploads\/2021\/09\/rodda3.jpg?resize=700%2C400&ssl=1 2x, https:\/\/i0.wp.com\/www.grieta.org.mx\/wp-content\/uploads\/2021\/09\/rodda3.jpg?resize=1050%2C600&ssl=1 3x"},"classes":[]},{"id":65435,"url":"https:\/\/www.grieta.org.mx\/index.php\/2022\/09\/29\/aborto-legal-ya-feministas-exigen-su-derecho-a-decidir-en-puerto-vallarta-jalisco\/","url_meta":{"origin":62100,"position":2},"title":"\u201cAborto legal ya\u201d: feministas exigen su derecho a decidir en Puerto Vallarta (Jalisco)","author":"grieta","date":"29 septiembre, 2022","format":false,"excerpt":"Imagen: Zona Docs: Decenas de feministas en Puerto Vallarta, Jalisco se unieron a la marea verde este 28 de septiembre en conmemoraci\u00f3n del\u00a0D\u00eda de Acci\u00f3n Global por un aborto legal, seguro\u00a0y gratuito para exigir que este derecho sea garantizado a las mujeres y personas con capacidad de gestar en la\u2026","rel":"","context":"En &quot;CINTILLO&quot;","block_context":{"text":"CINTILLO","link":"https:\/\/www.grieta.org.mx\/index.php\/category\/cintillo\/"},"img":{"alt_text":"","src":"https:\/\/i0.wp.com\/www.grieta.org.mx\/wp-content\/uploads\/2022\/10\/photo1664426560-1-1068x801-1.jpeg?resize=350%2C200&ssl=1","width":350,"height":200,"srcset":"https:\/\/i0.wp.com\/www.grieta.org.mx\/wp-content\/uploads\/2022\/10\/photo1664426560-1-1068x801-1.jpeg?resize=350%2C200&ssl=1 1x, https:\/\/i0.wp.com\/www.grieta.org.mx\/wp-content\/uploads\/2022\/10\/photo1664426560-1-1068x801-1.jpeg?resize=525%2C300&ssl=1 1.5x, https:\/\/i0.wp.com\/www.grieta.org.mx\/wp-content\/uploads\/2022\/10\/photo1664426560-1-1068x801-1.jpeg?resize=700%2C400&ssl=1 2x, https:\/\/i0.wp.com\/www.grieta.org.mx\/wp-content\/uploads\/2022\/10\/photo1664426560-1-1068x801-1.jpeg?resize=1050%2C600&ssl=1 3x"},"classes":[]},{"id":54080,"url":"https:\/\/www.grieta.org.mx\/index.php\/2020\/09\/29\/ni-muertas-ni-presas-nos-queremos-libres-y-sin-miedo-demandas-del-28s-en-guadalajara-jalisco\/","url_meta":{"origin":62100,"position":3},"title":"\u201cNi muertas, ni presas, nos queremos libres y sin miedo\u201d: Demandas del #28S en Guadalajara (Jalisco)","author":"grieta","date":"29 septiembre, 2020","format":false,"excerpt":"Foto: Mariana Parra El acto fue convocado por diversas colectivas feministas en el estado, entre ellas el\u00a0Aquelarre Radical GDL,\u00a0Mis Amigas Me Cuidan\u00a0y\u00a0Mis Amigas Me Acompa\u00f1an; con un pliego petitorio que ser\u00e1 entregado a las y los diputados del Congreso del Estado de Jalisco, exigieron la despenalizaci\u00f3n del aborto hasta las\u2026","rel":"","context":"En &quot;CINTILLO&quot;","block_context":{"text":"CINTILLO","link":"https:\/\/www.grieta.org.mx\/index.php\/category\/cintillo\/"},"img":{"alt_text":"","src":"https:\/\/i0.wp.com\/www.grieta.org.mx\/wp-content\/uploads\/2020\/10\/Unknown-22.jpeg?resize=350%2C200&ssl=1","width":350,"height":200,"srcset":"https:\/\/i0.wp.com\/www.grieta.org.mx\/wp-content\/uploads\/2020\/10\/Unknown-22.jpeg?resize=350%2C200&ssl=1 1x, https:\/\/i0.wp.com\/www.grieta.org.mx\/wp-content\/uploads\/2020\/10\/Unknown-22.jpeg?resize=525%2C300&ssl=1 1.5x, https:\/\/i0.wp.com\/www.grieta.org.mx\/wp-content\/uploads\/2020\/10\/Unknown-22.jpeg?resize=700%2C400&ssl=1 2x, https:\/\/i0.wp.com\/www.grieta.org.mx\/wp-content\/uploads\/2020\/10\/Unknown-22.jpeg?resize=1050%2C600&ssl=1 3x"},"classes":[]},{"id":64869,"url":"https:\/\/www.grieta.org.mx\/index.php\/2022\/08\/19\/feministas-levantan-la-mano-por-legalizacion-del-aborto-nayarit\/","url_meta":{"origin":62100,"position":4},"title":"Feministas levantan la mano por legalizaci\u00f3n del aborto (Nayarit)","author":"grieta","date":"19 agosto, 2022","format":false,"excerpt":"Imagen: Meridiano.mx Las y los diputados deben actuar con voluntad sobre el tema: \u201cEs una decisi\u00f3n muy personal, pero ninguna mujer se embaraza para abortar, por eso se est\u00e1 promoviendo la legalizaci\u00f3n del aborto para las mujeres que por diferentes razones llegan a tomar esta dif\u00edcil decisi\u00f3n\u201d, apunt\u00f3 Guadalupe Cort\u00e9s,\u2026","rel":"","context":"En &quot;CINTILLO&quot;","block_context":{"text":"CINTILLO","link":"https:\/\/www.grieta.org.mx\/index.php\/category\/cintillo\/"},"img":{"alt_text":"","src":"https:\/\/i0.wp.com\/www.grieta.org.mx\/wp-content\/uploads\/2022\/08\/PAG3-2-FEMINISTAS-A-1024x576-1.jpeg?resize=350%2C200&ssl=1","width":350,"height":200,"srcset":"https:\/\/i0.wp.com\/www.grieta.org.mx\/wp-content\/uploads\/2022\/08\/PAG3-2-FEMINISTAS-A-1024x576-1.jpeg?resize=350%2C200&ssl=1 1x, https:\/\/i0.wp.com\/www.grieta.org.mx\/wp-content\/uploads\/2022\/08\/PAG3-2-FEMINISTAS-A-1024x576-1.jpeg?resize=525%2C300&ssl=1 1.5x, https:\/\/i0.wp.com\/www.grieta.org.mx\/wp-content\/uploads\/2022\/08\/PAG3-2-FEMINISTAS-A-1024x576-1.jpeg?resize=700%2C400&ssl=1 2x"},"classes":[]},{"id":69679,"url":"https:\/\/www.grieta.org.mx\/index.php\/2024\/09\/08\/se-acaba-el-tiempo-colectivas-dan-ultimatum-al-congreso-de-jalisco-para-despenalizar-el-aborto\/","url_meta":{"origin":62100,"position":5},"title":"\u00a1Se acaba el tiempo!: colectivas dan ultim\u00e1tum al Congreso de Jalisco para despenalizar el aborto","author":"grieta","date":"8 septiembre, 2024","format":false,"excerpt":"Imagen: Dalia Souza La despenalizaci\u00f3n del aborto en Jalisco ha permanecido ha permanecido en la congeladora dentro de la agenda politica del Congreso de Jalisco Por lo que, un Tribunal Colegiado le ha exigido que se deroguen los art\u00edculos que prohiben el aborto voluntario.\u00a0 Ante las omisiones y la pr\u00f3xima\u2026","rel":"","context":"En &quot;CINTILLO&quot;","block_context":{"text":"CINTILLO","link":"https:\/\/www.grieta.org.mx\/index.php\/category\/cintillo\/"},"img":{"alt_text":"","src":"https:\/\/i0.wp.com\/www.grieta.org.mx\/wp-content\/uploads\/2024\/09\/IMG_34DB209727E0-25.jpeg?resize=350%2C200&ssl=1","width":350,"height":200,"srcset":"https:\/\/i0.wp.com\/www.grieta.org.mx\/wp-content\/uploads\/2024\/09\/IMG_34DB209727E0-25.jpeg?resize=350%2C200&ssl=1 1x, https:\/\/i0.wp.com\/www.grieta.org.mx\/wp-content\/uploads\/2024\/09\/IMG_34DB209727E0-25.jpeg?resize=525%2C300&ssl=1 1.5x, https:\/\/i0.wp.com\/www.grieta.org.mx\/wp-content\/uploads\/2024\/09\/IMG_34DB209727E0-25.jpeg?resize=700%2C400&ssl=1 2x, https:\/\/i0.wp.com\/www.grieta.org.mx\/wp-content\/uploads\/2024\/09\/IMG_34DB209727E0-25.jpeg?resize=1050%2C600&ssl=1 3x"},"classes":[]}],"_links":{"self":[{"href":"https:\/\/www.grieta.org.mx\/index.php\/wp-json\/wp\/v2\/posts\/62100","targetHints":{"allow":["GET"]}}],"collection":[{"href":"https:\/\/www.grieta.org.mx\/index.php\/wp-json\/wp\/v2\/posts"}],"about":[{"href":"https:\/\/www.grieta.org.mx\/index.php\/wp-json\/wp\/v2\/types\/post"}],"author":[{"embeddable":true,"href":"https:\/\/www.grieta.org.mx\/index.php\/wp-json\/wp\/v2\/users\/2"}],"replies":[{"embeddable":true,"href":"https:\/\/www.grieta.org.mx\/index.php\/wp-json\/wp\/v2\/comments?post=62100"}],"version-history":[{"count":1,"href":"https:\/\/www.grieta.org.mx\/index.php\/wp-json\/wp\/v2\/posts\/62100\/revisions"}],"predecessor-version":[{"id":62102,"href":"https:\/\/www.grieta.org.mx\/index.php\/wp-json\/wp\/v2\/posts\/62100\/revisions\/62102"}],"wp:featuredmedia":[{"embeddable":true,"href":"https:\/\/www.grieta.org.mx\/index.php\/wp-json\/wp\/v2\/media\/62101"}],"wp:attachment":[{"href":"https:\/\/www.grieta.org.mx\/index.php\/wp-json\/wp\/v2\/media?parent=62100"}],"wp:term":[{"taxonomy":"category","embeddable":true,"href":"https:\/\/www.grieta.org.mx\/index.php\/wp-json\/wp\/v2\/categories?post=62100"},{"taxonomy":"post_tag","embeddable":true,"href":"https:\/\/www.grieta.org.mx\/index.php\/wp-json\/wp\/v2\/tags?post=62100"}],"curies":[{"name":"wp","href":"https:\/\/api.w.org\/{rel}","templated":true}]}}