{"id":62080,"date":"2021-10-01T21:24:07","date_gmt":"2021-10-02T02:24:07","guid":{"rendered":"http:\/\/www.grieta.org.mx\/?p=62080"},"modified":"2021-10-01T21:25:17","modified_gmt":"2021-10-02T02:25:17","slug":"mujeres-con-fanny-suman-561-mujeres-asesinadas-en-gobierno-de-murat-en-oaxaca","status":"publish","type":"post","link":"https:\/\/www.grieta.org.mx\/index.php\/2021\/10\/01\/mujeres-con-fanny-suman-561-mujeres-asesinadas-en-gobierno-de-murat-en-oaxaca\/","title":{"rendered":"Mujeres Con Fanny suman 561 mujeres asesinadas en gobierno de Murat en Oaxaca"},"content":{"rendered":"<p>Pi\u00e9 de P\u00e1gina \/ Pedro Mat\u00edas.<\/p>\n<p><img loading=\"lazy\" decoding=\"async\" data-attachment-id=\"62081\" data-permalink=\"https:\/\/www.grieta.org.mx\/index.php\/2021\/10\/01\/mujeres-con-fanny-suman-561-mujeres-asesinadas-en-gobierno-de-murat-en-oaxaca\/m-5\/\" data-orig-file=\"https:\/\/www.grieta.org.mx\/wp-content\/uploads\/2021\/10\/m.jpg\" data-orig-size=\"850,425\" data-comments-opened=\"0\" data-image-meta=\"{&quot;aperture&quot;:&quot;0&quot;,&quot;credit&quot;:&quot;&quot;,&quot;camera&quot;:&quot;&quot;,&quot;caption&quot;:&quot;&quot;,&quot;created_timestamp&quot;:&quot;0&quot;,&quot;copyright&quot;:&quot;&quot;,&quot;focal_length&quot;:&quot;0&quot;,&quot;iso&quot;:&quot;0&quot;,&quot;shutter_speed&quot;:&quot;0&quot;,&quot;title&quot;:&quot;&quot;,&quot;orientation&quot;:&quot;1&quot;}\" data-image-title=\"m\" data-image-description=\"\" data-image-caption=\"\" data-medium-file=\"https:\/\/www.grieta.org.mx\/wp-content\/uploads\/2021\/10\/m-300x150.jpg\" data-large-file=\"https:\/\/www.grieta.org.mx\/wp-content\/uploads\/2021\/10\/m.jpg\" class=\"alignnone wp-image-62081\" src=\"http:\/\/www.grieta.org.mx\/wp-content\/uploads\/2021\/10\/m.jpg\" alt=\"\" width=\"800\" height=\"400\" srcset=\"https:\/\/www.grieta.org.mx\/wp-content\/uploads\/2021\/10\/m.jpg 850w, https:\/\/www.grieta.org.mx\/wp-content\/uploads\/2021\/10\/m-300x150.jpg 300w, https:\/\/www.grieta.org.mx\/wp-content\/uploads\/2021\/10\/m-768x384.jpg 768w\" sizes=\"auto, (max-width: 800px) 100vw, 800px\" \/><\/p>\n<p>OAXACA.- Fanny, adolescente de 16 a\u00f1os, ind\u00edgena mixe v\u00edctima de feminicidio en San Juan Cotzoc\u00f3n y madre de una beb\u00e9 de seis meses, es una de las 561 ni\u00f1as y mujeres que han sido asesinadas en casi cinco a\u00f1os del gobierno del priista Alejandro Murat Hinojosa.<\/p>\n<p>Pero, adem\u00e1s, el caso de Fanny evidencia la suma de negligencias, omisiones y vulnerabilidades que como consecuencia derivan en la falta de resultados ante la violencia feminicida en Oaxaca.<\/p>\n<p>Ang\u00e9lica Ayala Ortiz, presidenta del \u201cGrupo de Estudios sobre la mujer Rosario Castellanos\u201d, detall\u00f3 que este caso ejemplifica la negligencia de quien recibi\u00f3 la denuncia, de quien supervisa los casos de riesgo de violencia feminicida y de quien ten\u00eda a su cargo la ejecuci\u00f3n de las medidas cautelares, lo que finalmente tuvo como resultado un feminicidio.<\/p>\n<p>Fanny, a sus 16 a\u00f1os, tuvo el valor de denunciar ante las instancias de justicia, por lo cual se abri\u00f3 la carpeta de investigaci\u00f3n 23472\/FIST\/CODDI\/Mat\u00edas\/202 y conf\u00edo en que ser\u00eda protegida.<\/p>\n<p>Sin embargo, \u201cFanny, como infinidad de mujeres, enfrent\u00f3 la falta de atenci\u00f3n a pesar de la gravedad de su denuncia; se\u00f1al\u00f3 amenazas de muerte por parte del agente municipal de El Porvenir, Isaac H. G., pero las autoridades no actuaron para proteger su vida\u201d.<\/p>\n<p>Ayala Ortiz denunci\u00f3 que en reiteradas ocasiones las organizaciones feministas han denunciado las barreras que enfrentan las mujeres cuando denuncian violencias.<\/p>\n<p>Y es que \u201cal dar seguimiento a las acciones procedentes tras denunciar violencias, nuestra organizaci\u00f3n ha detectado mensajes \u2018presuntamente\u2019 de la unidad de g\u00e9nero \u2018invitando\u2019 a las mujeres que decidieron abandonar a su agresor a que regresen al hogar y darle otra oportunidad a su pareja violenta, manipul\u00e1ndolas con expresiones como \u201cpiense en sus peques\u201d (hijas e hijos), una acci\u00f3n que las coloca en mayor riesgo de violencia\u201d.<\/p>\n<p>En otros casos, identificar qu\u00e9 acciones acompa\u00f1an la emisi\u00f3n de \u00f3rdenes de protecci\u00f3n y medidas cautelares, se vuelve un verdadero reto. Saber qui\u00e9n o qui\u00e9nes actuar\u00e1n para proteger a las v\u00edctimas implica infinidad de llamadas telef\u00f3nicas a instancias especializadas que solicitan datos, fechas y nombres de personas para poder \u201cubicar\u201d a quien le corresponde dar seguimiento.<\/p>\n<p>En ese tr\u00e1mite las mujeres en situaci\u00f3n de riesgo se quedan a la espera de una comunicaci\u00f3n o de una acci\u00f3n que, por peque\u00f1a que sea, les brinde seguridad.<\/p>\n<p>\u201cHemos exigido una y otra vez qu\u00e9 en las instancias, incluyendo las especializadas en atenci\u00f3n a la violencia, identifiquen los niveles de riesgo feminicida y se act\u00fae de inmediato\u201d, recalc\u00f3 Ayala Ortiz.<\/p>\n<p>Dos fiscales en la presente administraci\u00f3n del gobernador Alejandro Murat, Rub\u00e9n Vasconcelos y Arturo Peimbert con discursos triunfalistas, datos estad\u00edsticos que minimizan la violencia feminicida en sus reportes ante el Secretariado Ejecutivo del Sistema Nacional de Seguridad P\u00fablica sin reconocer que el feminicidio sigue siendo una cruel realidad en Oaxaca.<\/p>\n<p>Fanny fue llamada por la autoridad municipal a petici\u00f3n de su pareja Alexis N., para que hablaran con ella y se \u201cportara bien\u201d, pero lo que recibi\u00f3 fueron amenazas y golpes. Al final fue v\u00edctima de feminicidio.<\/p>\n<p>Mencion\u00f3 que no hay que perder de vista que la uni\u00f3n de una adolescente con un hombre casi diez a\u00f1os mayor que ella es una conducta ampliamente normalizada que se tipifica como el delito que equipara a la violaci\u00f3n y se sanciona de 14 a 20 a\u00f1os de prisi\u00f3n para quien, usando la seducci\u00f3n y el enga\u00f1o, a\u00fan con el \u2018consentimiento\u2019 de la menor, sostenga relaciones sexuales con una persona mayor de 12 a\u00f1os y menor de 18. Fanny fue una madre adolescente.<\/p>\n<p>En Oaxaca, el matrimonio infantil est\u00e1 prohibido desde 2013, pero, de acuerdo con cifras del INEGI, cuatro de cada 10 matrimonios involucran a menores de edad. Fanny refleja la normalizaci\u00f3n de las uniones tempranas y del embarazo adolescente.<\/p>\n<p>Adem\u00e1s, Fanny era v\u00edctima de violencia por parte de su pareja y los abusos eran socialmente conocidos en su entorno, lo que confirma la normalizaci\u00f3n de las uniones tempranas y de las violencias, pero sobre todo de la falta de prevenci\u00f3n, atenci\u00f3n y sanci\u00f3n ante las violaciones a sus derechos humanos que dan como consecuencia la m\u00e1s grave de todas: el feminicidio.<\/p>\n<p>Este trabajo fue realizado por P\u00c1GINA 3, que forma parte de la Alianza de Medios de la Red de Periodistas de a Pie. Aqu\u00ed puedes consultar el original.<\/p>\n<p><a href=\"https:\/\/piedepagina.mx\/con-fanny-suman-561-mujeres-asesinadas-en-gobierno-de-murat-en-oaxaca\/\" target=\"_blank\" rel=\"noopener\">https:\/\/piedepagina.mx\/con-fanny-suman-561-mujeres-asesinadas-en-gobierno-de-murat-en-oaxaca\/<\/a><\/p>\n","protected":false},"excerpt":{"rendered":"<p>Pi\u00e9 de P\u00e1gina \/ Pedro Mat\u00edas. OAXACA.- Fanny, adolescente de 16 a\u00f1os, ind\u00edgena mixe v\u00edctima de feminicidio en San Juan Cotzoc\u00f3n y madre de una beb\u00e9 de seis meses, es &hellip; <a href=\"https:\/\/www.grieta.org.mx\/index.php\/2021\/10\/01\/mujeres-con-fanny-suman-561-mujeres-asesinadas-en-gobierno-de-murat-en-oaxaca\/\" class=\"more-link\">Leer m\u00e1s<\/a><\/p>\n","protected":false},"author":2,"featured_media":62081,"comment_status":"closed","ping_status":"closed","sticky":false,"template":"","format":"standard","meta":{"ngg_post_thumbnail":0,"_jetpack_newsletter_access":"","_jetpack_dont_email_post_to_subs":false,"_jetpack_newsletter_tier_id":0,"_jetpack_memberships_contains_paywalled_content":false,"_jetpack_memberships_contains_paid_content":false,"footnotes":""},"categories":[80,1325,3163,1477,25,83],"tags":[],"class_list":["post-62080","post","type-post","status-publish","format-standard","has-post-thumbnail","hentry","category-cintillo","category-feminicidios-en-oaxaca-oaxaca","category-la-lucha-de-las-mujeres-en-oaxaca","category-la-ninez-en-la-tormenta-en-oaxaca","category-oaxaca","category-temas-nacionales","entry"],"jetpack_featured_media_url":"https:\/\/www.grieta.org.mx\/wp-content\/uploads\/2021\/10\/m.jpg","jetpack_sharing_enabled":true,"jetpack_shortlink":"https:\/\/wp.me\/p7ZJR4-g9i","jetpack_likes_enabled":false,"jetpack-related-posts":[{"id":47704,"url":"https:\/\/www.grieta.org.mx\/index.php\/2020\/04\/10\/suman-419-mujeres-asesinadas-en-oaxaca\/","url_meta":{"origin":62080,"position":0},"title":"Suman 419 mujeres asesinadas en Oaxaca","author":"grieta","date":"10 abril, 2020","format":false,"excerpt":"P\u00e1gina 3 \/ Pedro Mat\u00edas. Del 1 de diciembre de 2016 al 10 de abril de 2020 registran 419 casos de mujeres asesinadas. *Se contabilizan dos feminicidios infantiles: GESMujer Pedro MAT\u00cdAS OAXACA. (pagina3.mx).- Con la ejecuci\u00f3n de cuatro mujeres en las \u00faltimas 24 horas, suman 419 casos de mujeres asesinadas\u2026","rel":"","context":"En &quot;CINTILLO&quot;","block_context":{"text":"CINTILLO","link":"https:\/\/www.grieta.org.mx\/index.php\/category\/cintillo\/"},"img":{"alt_text":"","src":"https:\/\/i0.wp.com\/www.grieta.org.mx\/wp-content\/uploads\/2020\/04\/feminicidio-en-Oaxaca-696x394.jpg?resize=350%2C200&ssl=1","width":350,"height":200,"srcset":"https:\/\/i0.wp.com\/www.grieta.org.mx\/wp-content\/uploads\/2020\/04\/feminicidio-en-Oaxaca-696x394.jpg?resize=350%2C200&ssl=1 1x, https:\/\/i0.wp.com\/www.grieta.org.mx\/wp-content\/uploads\/2020\/04\/feminicidio-en-Oaxaca-696x394.jpg?resize=525%2C300&ssl=1 1.5x"},"classes":[]},{"id":54610,"url":"https:\/\/www.grieta.org.mx\/index.php\/2020\/10\/29\/tres-mujeres-ejecutadas-en-cinco-dias-en-oaxaca-suman-469-en-el-gobierno-de-alejandro-murat\/","url_meta":{"origin":62080,"position":1},"title":"Tres mujeres ejecutadas en cinco d\u00edas en Oaxaca; suman 469 en el gobierno de Alejandro Murat","author":"grieta","date":"29 octubre, 2020","format":false,"excerpt":"P\u00e1gina 3 \/ Pedro Mat\u00edas. OAXACA, Oax.- Con las ejecuciones de Ana D., Bernarda D., y Beatriz H. V., suman 86 mujeres asesinadas en lo que va del 2020 y 469 en el gobierno del priista Alejandro Murat Hinojosa, confirm\u00f3 el Grupo de Estudios sobre la Mujer \u201cRosario Castellanos\u201d (GESMujer).\u2026","rel":"","context":"En &quot;CINTILLO&quot;","block_context":{"text":"CINTILLO","link":"https:\/\/www.grieta.org.mx\/index.php\/category\/cintillo\/"},"img":{"alt_text":"","src":"https:\/\/i0.wp.com\/www.grieta.org.mx\/wp-content\/uploads\/2020\/10\/feminicidio-en-Oaxaca.jpg?resize=350%2C200&ssl=1","width":350,"height":200,"srcset":"https:\/\/i0.wp.com\/www.grieta.org.mx\/wp-content\/uploads\/2020\/10\/feminicidio-en-Oaxaca.jpg?resize=350%2C200&ssl=1 1x, https:\/\/i0.wp.com\/www.grieta.org.mx\/wp-content\/uploads\/2020\/10\/feminicidio-en-Oaxaca.jpg?resize=525%2C300&ssl=1 1.5x, https:\/\/i0.wp.com\/www.grieta.org.mx\/wp-content\/uploads\/2020\/10\/feminicidio-en-Oaxaca.jpg?resize=700%2C400&ssl=1 2x"},"classes":[]},{"id":62077,"url":"https:\/\/www.grieta.org.mx\/index.php\/2021\/09\/30\/amenazan-a-familia-de-fanny-por-exigir-justicia-tras-feminicidio-oaxaca\/","url_meta":{"origin":62080,"position":2},"title":"Amenazan a familia de Fanny por exigir justicia tras feminicidio (Oaxaca)","author":"grieta","date":"30 septiembre, 2021","format":false,"excerpt":"Pi\u00e9 de P\u00e1gina \/ Diana Manzo. . Foto: especial. La familia de Fanny, la joven de 16 a\u00f1os asesinada en Oaxaca en un crimen que se hizo pasar por \u201csuicidio\u201d, ha sufrido amenazas a ra\u00edz de su exigencia de justicia. Amenazas que podr\u00edan venir de parte de un agente municipal\u2026","rel":"","context":"En &quot;CINTILLO&quot;","block_context":{"text":"CINTILLO","link":"https:\/\/www.grieta.org.mx\/index.php\/category\/cintillo\/"},"img":{"alt_text":"","src":"https:\/\/i0.wp.com\/www.grieta.org.mx\/wp-content\/uploads\/2021\/10\/1.jpg?resize=350%2C200&ssl=1","width":350,"height":200,"srcset":"https:\/\/i0.wp.com\/www.grieta.org.mx\/wp-content\/uploads\/2021\/10\/1.jpg?resize=350%2C200&ssl=1 1x, https:\/\/i0.wp.com\/www.grieta.org.mx\/wp-content\/uploads\/2021\/10\/1.jpg?resize=525%2C300&ssl=1 1.5x, https:\/\/i0.wp.com\/www.grieta.org.mx\/wp-content\/uploads\/2021\/10\/1.jpg?resize=700%2C400&ssl=1 2x"},"classes":[]},{"id":40974,"url":"https:\/\/www.grieta.org.mx\/index.php\/2019\/10\/29\/suman-ya-368-las-mujeres-asesinadas-en-oaxaca-en-el-gobierno-de-alejandro-murat\/","url_meta":{"origin":62080,"position":3},"title":"Suman ya 368 las mujeres asesinadas en Oaxaca en el gobierno de Alejandro Murat","author":"grieta","date":"29 octubre, 2019","format":false,"excerpt":"Proceso \/ Pedro Mat\u00edas. Emblema de la organizaci\u00f3n GESMujer. Foto: Facebook Gesmujer Rosario Castellanos. Oaxaca, Oax.- Con la ejecuci\u00f3n de Cecilia Berenice suman 368 mujeres y ni\u00f1as que han sido asesinadas de manera violenta en lo que va de la administraci\u00f3n del gobernador Alejandro Murat Hinojosa, seg\u00fan el seguimiento hemerogr\u00e1fico\u2026","rel":"","context":"En &quot;CINTILLO&quot;","block_context":{"text":"CINTILLO","link":"https:\/\/www.grieta.org.mx\/index.php\/category\/cintillo\/"},"img":{"alt_text":"","src":"https:\/\/i0.wp.com\/www.grieta.org.mx\/wp-content\/uploads\/2019\/11\/1.jpeg?resize=350%2C200&ssl=1","width":350,"height":200,"srcset":"https:\/\/i0.wp.com\/www.grieta.org.mx\/wp-content\/uploads\/2019\/11\/1.jpeg?resize=350%2C200&ssl=1 1x, https:\/\/i0.wp.com\/www.grieta.org.mx\/wp-content\/uploads\/2019\/11\/1.jpeg?resize=525%2C300&ssl=1 1.5x, https:\/\/i0.wp.com\/www.grieta.org.mx\/wp-content\/uploads\/2019\/11\/1.jpeg?resize=700%2C400&ssl=1 2x"},"classes":[]},{"id":63337,"url":"https:\/\/www.grieta.org.mx\/index.php\/2022\/02\/07\/suman-600-mujeres-asesinadas-durante-el-gobierno-de-alejandro-murat-en-oaxaca\/","url_meta":{"origin":62080,"position":4},"title":"Suman 600 mujeres asesinadas durante el gobierno de Alejandro Murat en Oaxaca","author":"grieta","date":"7 febrero, 2022","format":false,"excerpt":"Proceso \/ Pedro Mat\u00edas. Violencia. El fin de semana muri\u00f3 una menor de tres a\u00f1os. Foto: Benjam\u00edn Flores. OAXACA, Oax. (apro).- Con las ejecuciones de Arcenia V. S.., Valentina V. S. y Dayana P. V. de 34, 36 y 3 a\u00f1os de edad, respectivamente, suman 600 las mujeres asesinadas en\u2026","rel":"","context":"En &quot;CINTILLO&quot;","block_context":{"text":"CINTILLO","link":"https:\/\/www.grieta.org.mx\/index.php\/category\/cintillo\/"},"img":{"alt_text":"","src":"https:\/\/i0.wp.com\/www.grieta.org.mx\/wp-content\/uploads\/2022\/02\/1.jpg?resize=350%2C200&ssl=1","width":350,"height":200,"srcset":"https:\/\/i0.wp.com\/www.grieta.org.mx\/wp-content\/uploads\/2022\/02\/1.jpg?resize=350%2C200&ssl=1 1x, https:\/\/i0.wp.com\/www.grieta.org.mx\/wp-content\/uploads\/2022\/02\/1.jpg?resize=525%2C300&ssl=1 1.5x, https:\/\/i0.wp.com\/www.grieta.org.mx\/wp-content\/uploads\/2022\/02\/1.jpg?resize=700%2C400&ssl=1 2x, https:\/\/i0.wp.com\/www.grieta.org.mx\/wp-content\/uploads\/2022\/02\/1.jpg?resize=1050%2C600&ssl=1 3x, https:\/\/i0.wp.com\/www.grieta.org.mx\/wp-content\/uploads\/2022\/02\/1.jpg?resize=1400%2C800&ssl=1 4x"},"classes":[]},{"id":67569,"url":"https:\/\/www.grieta.org.mx\/index.php\/2023\/08\/18\/79-mujeres-asesinadas-en-8-meses-y-medio-del-gobierno-de-salomon-jara-y-el-oaxaca-seguro\/","url_meta":{"origin":62080,"position":5},"title":"79 mujeres asesinadas en 8 meses y medio del gobierno de Salom\u00f3n Jara: \u00bfY el Oaxaca seguro?","author":"grieta","date":"18 agosto, 2023","format":false,"excerpt":"Imagen: P\u00e1gina3 Pedro Mat\u00edas \/ P\u00e1gina3 Oaxaca, Oax\u2013 (p\u00e1gina3.mx).- El Grupo de Estudios sobre la Mujer \u201cRosario Castellanos\u201d (GESMujer) afirm\u00f3 que en lo que va del gobierno de Salom\u00f3n Jara Cruz han sido asesinadas 79 mujeres, situaci\u00f3n que ubican a Oaxaca entre los estados con mas feminicidios en el pa\u00eds.\u2026","rel":"","context":"En &quot;CINTILLO&quot;","block_context":{"text":"CINTILLO","link":"https:\/\/www.grieta.org.mx\/index.php\/category\/cintillo\/"},"img":{"alt_text":"","src":"https:\/\/i0.wp.com\/www.grieta.org.mx\/wp-content\/uploads\/2023\/08\/gesmujer.webp?resize=350%2C200&ssl=1","width":350,"height":200,"srcset":"https:\/\/i0.wp.com\/www.grieta.org.mx\/wp-content\/uploads\/2023\/08\/gesmujer.webp?resize=350%2C200&ssl=1 1x, https:\/\/i0.wp.com\/www.grieta.org.mx\/wp-content\/uploads\/2023\/08\/gesmujer.webp?resize=525%2C300&ssl=1 1.5x"},"classes":[]}],"_links":{"self":[{"href":"https:\/\/www.grieta.org.mx\/index.php\/wp-json\/wp\/v2\/posts\/62080","targetHints":{"allow":["GET"]}}],"collection":[{"href":"https:\/\/www.grieta.org.mx\/index.php\/wp-json\/wp\/v2\/posts"}],"about":[{"href":"https:\/\/www.grieta.org.mx\/index.php\/wp-json\/wp\/v2\/types\/post"}],"author":[{"embeddable":true,"href":"https:\/\/www.grieta.org.mx\/index.php\/wp-json\/wp\/v2\/users\/2"}],"replies":[{"embeddable":true,"href":"https:\/\/www.grieta.org.mx\/index.php\/wp-json\/wp\/v2\/comments?post=62080"}],"version-history":[{"count":1,"href":"https:\/\/www.grieta.org.mx\/index.php\/wp-json\/wp\/v2\/posts\/62080\/revisions"}],"predecessor-version":[{"id":62082,"href":"https:\/\/www.grieta.org.mx\/index.php\/wp-json\/wp\/v2\/posts\/62080\/revisions\/62082"}],"wp:featuredmedia":[{"embeddable":true,"href":"https:\/\/www.grieta.org.mx\/index.php\/wp-json\/wp\/v2\/media\/62081"}],"wp:attachment":[{"href":"https:\/\/www.grieta.org.mx\/index.php\/wp-json\/wp\/v2\/media?parent=62080"}],"wp:term":[{"taxonomy":"category","embeddable":true,"href":"https:\/\/www.grieta.org.mx\/index.php\/wp-json\/wp\/v2\/categories?post=62080"},{"taxonomy":"post_tag","embeddable":true,"href":"https:\/\/www.grieta.org.mx\/index.php\/wp-json\/wp\/v2\/tags?post=62080"}],"curies":[{"name":"wp","href":"https:\/\/api.w.org\/{rel}","templated":true}]}}