{"id":6204,"date":"2015-10-14T18:30:06","date_gmt":"2015-10-14T18:30:06","guid":{"rendered":"http:\/\/50.22.11.12\/~grietaor\/?p=6204"},"modified":"2016-03-28T18:34:34","modified_gmt":"2016-03-28T18:34:34","slug":"eolica-en-yucatan-instalaran-los-primeros-aerogeneradores-2016","status":"publish","type":"post","link":"https:\/\/www.grieta.org.mx\/index.php\/2015\/10\/14\/eolica-en-yucatan-instalaran-los-primeros-aerogeneradores-2016\/","title":{"rendered":"E\u00f3lica en Yucat\u00e1n: instalar\u00e1n los primeros aerogeneradores 2016"},"content":{"rendered":"<p>REVE<\/p>\n<p>En 2016 comenzar\u00e1 la instalaci\u00f3n de las primeras 36 torres e\u00f3licas, entre Dzilam de Brazo y Dzilam Gonz\u00e1lez.<\/p>\n<p>A partir de 2016, Yucat\u00e1n contar\u00e1 con 36 aerogeneradores de energ\u00eda e\u00f3lica, pero est\u00e1n por aprobarse m\u00e1s.<\/p>\n<p>A principios del 2016 comenzar\u00e1n a instalarse entre los municipios de Dzilam de Brazo y Dzilam Gonz\u00e1lez los primeros 36 aerogeneradores de energ\u00eda e\u00f3lica y adem\u00e1s est\u00e1n a punto de ser aprobados dos parques m\u00e1s entre Motul y Cansahcab, con 15 puntos de energ\u00eda limpia que se comercializar\u00e1 con la Comisi\u00f3n Federal de Electricidad (CFE), dijo el delegado de la Semarnat, Jorge Carlos Berl\u00edn Montero.<\/p>\n<p>La inversi\u00f3n del primer parque que realiza la empresa E\u00f3lica del Golfo es de mil 600 millones de pesos, asegur\u00f3 que el proyecto no se ha cancelado, sino que luego de las reformas en materia energ\u00e9tica que aprob\u00f3 el Congreso de la Uni\u00f3n \u201cpar\u00f3 los tiempos\u201d, los inversionistas estaban esperando saber c\u00f3mo ven\u00eda la ley para tener certidumbre en sus aportaciones.<\/p>\n<p>\u201cAfortunadamente  la Reforma energ\u00e9tica considera mucho impulso a las energ\u00edas alternativas por el tema del combate al cambio clim\u00e1tico y eso les gener\u00f3 mucha confianza y a partir de eso ya reanudaron sus tr\u00e1mites, el primer parque que se aprob\u00f3 en Dzilam Gonz\u00e1lez, qued\u00f3 condicionado a que se hagan estudios por cada aerogenerador que se coloque\u201d.<\/p>\n<p>Tambi\u00e9n se estableci\u00f3 c\u00f3mo llevar la energ\u00eda el\u00e9ctrica hasta la estaci\u00f3n de la CFE en la que se har\u00eda la conexi\u00f3n, lo que implicaba cambios de uso del suelo que ya est\u00e1n aprobados, todo ello ha llevado tiempo, pero a principios de a\u00f1o debe arrancar, colocar\u00e1n 36 aerogeneradores.<\/p>\n<p>Ante la capacidad que tiene el estado de energ\u00eda e\u00f3lica, siguen analizando proyectos, est\u00e1n a punto de sacar dos permisos m\u00e1s para establecer igual n\u00famero de parques que estar\u00edan entre los municipios de Motul y Cansacab, cada uno con 15 aerogeneradores; en unas semanas se aprobar\u00e1n los Manifiestos de Impacto Ambiental, se proyecta que producir\u00edan m\u00e1s de 60 Mega Watts.<\/p>\n<p>Conf\u00eda en que una vez que la empresa Eolica del Golfo comience su proyecto,\u201d se encaminen\u201d los otros tambi\u00e9n, porque lo dif\u00edcil fue el trabajo previo, pero ya se tienen los permisos.Esta infraestructura no impedir\u00e1 la realizaci\u00f3n de actividades econ\u00f3micas productivas y los productores obtendr\u00e1n un ingreso por la renta de sus tierras.<\/p>\n<p>Ana Hern\u00e1ndez\/Mileno Novedades<\/p>\n<p><a href=\"http:\/\/www.evwind.com\/2015\/10\/14\/eolica-en-yucatan-instalaran-los-primeros-aerogeneradores-2016\/\" target=\"_blank\">http:\/\/www.evwind.com\/2015\/10\/14\/eolica-en-yucatan-instalaran-los-primeros-aerogeneradores-2016\/<\/a><\/p>\n","protected":false},"excerpt":{"rendered":"<p>REVE En 2016 comenzar\u00e1 la instalaci\u00f3n de las primeras 36 torres e\u00f3licas, entre Dzilam de Brazo y Dzilam Gonz\u00e1lez. A partir de 2016, Yucat\u00e1n contar\u00e1 con 36 aerogeneradores de energ\u00eda &hellip; <a href=\"https:\/\/www.grieta.org.mx\/index.php\/2015\/10\/14\/eolica-en-yucatan-instalaran-los-primeros-aerogeneradores-2016\/\" class=\"more-link\">Leer m\u00e1s<\/a><\/p>\n","protected":false},"author":2,"featured_media":21928,"comment_status":"closed","ping_status":"open","sticky":false,"template":"","format":"standard","meta":{"ngg_post_thumbnail":0,"_jetpack_newsletter_access":"","_jetpack_dont_email_post_to_subs":false,"_jetpack_newsletter_tier_id":0,"_jetpack_memberships_contains_paywalled_content":false,"_jetpack_memberships_contains_paid_content":false,"footnotes":""},"categories":[80,153],"tags":[177],"class_list":["post-6204","post","type-post","status-publish","format-standard","has-post-thumbnail","hentry","category-cintillo","category-yucatan","tag-parque-eolico","entry"],"jetpack_featured_media_url":"https:\/\/www.grieta.org.mx\/wp-content\/uploads\/2018\/03\/14524434_1106112876131411_958039263622046936_o.jpg","jetpack_sharing_enabled":true,"jetpack_shortlink":"https:\/\/wp.me\/p7ZJR4-1C4","jetpack_likes_enabled":false,"jetpack-related-posts":[{"id":6189,"url":"https:\/\/www.grieta.org.mx\/index.php\/2016\/08\/29\/avanzan-proyectos-de-parques-eolicos-en-yucatan\/","url_meta":{"origin":6204,"position":0},"title":"Avanzan proyectos de parques e\u00f3licos en Yucat\u00e1n","author":"grieta","date":"29 agosto, 2016","format":false,"excerpt":"29\/08\/16. Sorpresa en obra e\u00f3lica (Yucat\u00e1n) Diario de Yucat\u00e1n 11\/06\/16. En Yucat\u00e1n, empresas de energ\u00eda e\u00f3lica obtendr\u00e1n cr\u00e9ditos hipotecando tierras mayas Mayapolitikon 31\/03\/16. Motul y Ticul \u201cacaparan\u201d parques e\u00f3licos y solares en Yucat\u00e1n Mayapolitikon 03\/12\/15. Pronto nuevo parque e\u00f3lico Diario de Yucat\u00e1n 23\/10\/15. Primer parque e\u00f3lico de Yucat\u00e1n 'alimentar\u00e1' todos\u2026","rel":"","context":"En &quot;16. Pueblo Maya&quot;","block_context":{"text":"16. Pueblo Maya","link":"https:\/\/www.grieta.org.mx\/index.php\/category\/espejos-de-la-resistencia\/16-pueblo-maya\/"},"img":{"alt_text":"","src":"https:\/\/i0.wp.com\/www.grieta.org.mx\/wp-content\/uploads\/2018\/03\/14524434_1106112876131411_958039263622046936_o.jpg?resize=350%2C200&ssl=1","width":350,"height":200,"srcset":"https:\/\/i0.wp.com\/www.grieta.org.mx\/wp-content\/uploads\/2018\/03\/14524434_1106112876131411_958039263622046936_o.jpg?resize=350%2C200&ssl=1 1x, https:\/\/i0.wp.com\/www.grieta.org.mx\/wp-content\/uploads\/2018\/03\/14524434_1106112876131411_958039263622046936_o.jpg?resize=525%2C300&ssl=1 1.5x, https:\/\/i0.wp.com\/www.grieta.org.mx\/wp-content\/uploads\/2018\/03\/14524434_1106112876131411_958039263622046936_o.jpg?resize=700%2C400&ssl=1 2x"},"classes":[]},{"id":6222,"url":"https:\/\/www.grieta.org.mx\/index.php\/2013\/07\/16\/parque-eolico-de-dzilam-bravo-a-segunda-vuelta\/","url_meta":{"origin":6204,"position":1},"title":"Parque e\u00f3lico de Dzilam Bravo, a segunda vuelta","author":"grieta","date":"16 julio, 2013","format":false,"excerpt":"El proyecto plantea 36 aerogeneradores, el doble de la capacidad expuesta en la primera estrategia rechazada en febrero. Canc\u00fan, Qroo. La firma e\u00f3lica del Golfo 1 reingres\u00f3 a la Secretar\u00eda de Medio Ambiente y Recursos Naturales (Semarnat) su proyecto de parque e\u00f3lico para el municipio de Dzilam de Bravo, Yucat\u00e1n.\u2026","rel":"","context":"En &quot;CINTILLO&quot;","block_context":{"text":"CINTILLO","link":"https:\/\/www.grieta.org.mx\/index.php\/category\/cintillo\/"},"img":{"alt_text":"","src":"https:\/\/i0.wp.com\/www.grieta.org.mx\/wp-content\/uploads\/2018\/03\/14524434_1106112876131411_958039263622046936_o.jpg?resize=350%2C200&ssl=1","width":350,"height":200,"srcset":"https:\/\/i0.wp.com\/www.grieta.org.mx\/wp-content\/uploads\/2018\/03\/14524434_1106112876131411_958039263622046936_o.jpg?resize=350%2C200&ssl=1 1x, https:\/\/i0.wp.com\/www.grieta.org.mx\/wp-content\/uploads\/2018\/03\/14524434_1106112876131411_958039263622046936_o.jpg?resize=525%2C300&ssl=1 1.5x, https:\/\/i0.wp.com\/www.grieta.org.mx\/wp-content\/uploads\/2018\/03\/14524434_1106112876131411_958039263622046936_o.jpg?resize=700%2C400&ssl=1 2x"},"classes":[]},{"id":20587,"url":"https:\/\/www.grieta.org.mx\/index.php\/2016\/08\/29\/sorpresa-en-obra-eolica-yucatan\/","url_meta":{"origin":6204,"position":2},"title":"Sorpresa en obra e\u00f3lica (Yucat\u00e1n)","author":"grieta","date":"29 agosto, 2016","format":false,"excerpt":"HERN\u00c1N CASARES El mismo grupo empresarial al que el gobierno rescindi\u00f3 el contrato para la construcci\u00f3n y operaci\u00f3n del Hospital Regional de Ticul planea abrir un parque de energ\u00eda e\u00f3lica en Dzilam de Bravo, con capacidad para generar 60 megavatios. La promotora del proyecto, Central E\u00f3lica de la Pen\u00ednsula, S.\u2026","rel":"","context":"En &quot;CINTILLO&quot;","block_context":{"text":"CINTILLO","link":"https:\/\/www.grieta.org.mx\/index.php\/category\/cintillo\/"},"img":{"alt_text":"","src":"https:\/\/i0.wp.com\/www.grieta.org.mx\/wp-content\/uploads\/2018\/03\/14524434_1106112876131411_958039263622046936_o.jpg?resize=350%2C200&ssl=1","width":350,"height":200,"srcset":"https:\/\/i0.wp.com\/www.grieta.org.mx\/wp-content\/uploads\/2018\/03\/14524434_1106112876131411_958039263622046936_o.jpg?resize=350%2C200&ssl=1 1x, https:\/\/i0.wp.com\/www.grieta.org.mx\/wp-content\/uploads\/2018\/03\/14524434_1106112876131411_958039263622046936_o.jpg?resize=525%2C300&ssl=1 1.5x, https:\/\/i0.wp.com\/www.grieta.org.mx\/wp-content\/uploads\/2018\/03\/14524434_1106112876131411_958039263622046936_o.jpg?resize=700%2C400&ssl=1 2x"},"classes":[]},{"id":6220,"url":"https:\/\/www.grieta.org.mx\/index.php\/2013\/09\/12\/parque-eolico-dzilam-bravo-proyecto-reprobado-por-ambientalistas\/","url_meta":{"origin":6204,"position":3},"title":"Parque E\u00f3lico Dzilam Bravo, proyecto reprobado por ambientalistas","author":"grieta","date":"12 septiembre, 2013","format":false,"excerpt":"En Yucat\u00e1n, a s\u00f3lo 1.28 kil\u00f3metros de la costa, se planea la instalaci\u00f3n de un parque e\u00f3lico. Su Manifestaci\u00f3n de Impacto Ambiental deja entrever la falta de seriedad y responsabilidad con respecto al impacto que generar\u00e1 en la localidad. En el sur de la Rep\u00fablica Mexicana se planea un desarrollo\u2026","rel":"","context":"En &quot;CINTILLO&quot;","block_context":{"text":"CINTILLO","link":"https:\/\/www.grieta.org.mx\/index.php\/category\/cintillo\/"},"img":{"alt_text":"","src":"https:\/\/i0.wp.com\/www.grieta.org.mx\/wp-content\/uploads\/2018\/03\/14524434_1106112876131411_958039263622046936_o.jpg?resize=350%2C200&ssl=1","width":350,"height":200,"srcset":"https:\/\/i0.wp.com\/www.grieta.org.mx\/wp-content\/uploads\/2018\/03\/14524434_1106112876131411_958039263622046936_o.jpg?resize=350%2C200&ssl=1 1x, https:\/\/i0.wp.com\/www.grieta.org.mx\/wp-content\/uploads\/2018\/03\/14524434_1106112876131411_958039263622046936_o.jpg?resize=525%2C300&ssl=1 1.5x, https:\/\/i0.wp.com\/www.grieta.org.mx\/wp-content\/uploads\/2018\/03\/14524434_1106112876131411_958039263622046936_o.jpg?resize=700%2C400&ssl=1 2x"},"classes":[]},{"id":6217,"url":"https:\/\/www.grieta.org.mx\/index.php\/2014\/04\/07\/luz-verde-al-parque-eolico-en-yucatan\/","url_meta":{"origin":6204,"position":4},"title":"Luz verde al Parque E\u00f3lico en Yucat\u00e1n","author":"grieta","date":"7 abril, 2014","format":false,"excerpt":"COSTO DE LA OBRA: M\u00e1s de mil 800 millones de pesos UBICACI\u00d3N: A 1.29 kil\u00f3metros de la costa, al sur del municipio EMPRESA RESPONSABLE: Vive Energ\u00eda-E\u00f3lica del Golfo NO. DE AEROGENERADORES: 36 de 175 metros de altura cada uno, con capacidad de 1.95 megawatts BENEFICIOS: Generar\u00e1 el 10 por ciento\u2026","rel":"","context":"En &quot;CINTILLO&quot;","block_context":{"text":"CINTILLO","link":"https:\/\/www.grieta.org.mx\/index.php\/category\/cintillo\/"},"img":{"alt_text":"","src":"https:\/\/i0.wp.com\/www.grieta.org.mx\/wp-content\/uploads\/2018\/03\/14524434_1106112876131411_958039263622046936_o.jpg?resize=350%2C200&ssl=1","width":350,"height":200,"srcset":"https:\/\/i0.wp.com\/www.grieta.org.mx\/wp-content\/uploads\/2018\/03\/14524434_1106112876131411_958039263622046936_o.jpg?resize=350%2C200&ssl=1 1x, https:\/\/i0.wp.com\/www.grieta.org.mx\/wp-content\/uploads\/2018\/03\/14524434_1106112876131411_958039263622046936_o.jpg?resize=525%2C300&ssl=1 1.5x, https:\/\/i0.wp.com\/www.grieta.org.mx\/wp-content\/uploads\/2018\/03\/14524434_1106112876131411_958039263622046936_o.jpg?resize=700%2C400&ssl=1 2x"},"classes":[]},{"id":6228,"url":"https:\/\/www.grieta.org.mx\/index.php\/2015\/12\/03\/pronto-nuevo-parque-eolico\/","url_meta":{"origin":6204,"position":5},"title":"Pronto nuevo parque e\u00f3lico","author":"grieta","date":"3 diciembre, 2015","format":false,"excerpt":"Su construcci\u00f3n y puesta en marcha ser\u00e1 en el 2016 3 de diciembre de 2015 A m\u00e1s de dos a\u00f1os de la presentaci\u00f3n del proyecto del primer parque e\u00f3lico en Yucat\u00e1n, se inform\u00f3 que en marzo del pr\u00f3ximo a\u00f1o se iniciar\u00e1 su construcci\u00f3n en terrenos del puerto de Dzilam de\u2026","rel":"","context":"En &quot;CINTILLO&quot;","block_context":{"text":"CINTILLO","link":"https:\/\/www.grieta.org.mx\/index.php\/category\/cintillo\/"},"img":{"alt_text":"","src":"https:\/\/i0.wp.com\/www.grieta.org.mx\/wp-content\/uploads\/2018\/03\/14524434_1106112876131411_958039263622046936_o.jpg?resize=350%2C200&ssl=1","width":350,"height":200,"srcset":"https:\/\/i0.wp.com\/www.grieta.org.mx\/wp-content\/uploads\/2018\/03\/14524434_1106112876131411_958039263622046936_o.jpg?resize=350%2C200&ssl=1 1x, https:\/\/i0.wp.com\/www.grieta.org.mx\/wp-content\/uploads\/2018\/03\/14524434_1106112876131411_958039263622046936_o.jpg?resize=525%2C300&ssl=1 1.5x, https:\/\/i0.wp.com\/www.grieta.org.mx\/wp-content\/uploads\/2018\/03\/14524434_1106112876131411_958039263622046936_o.jpg?resize=700%2C400&ssl=1 2x"},"classes":[]}],"_links":{"self":[{"href":"https:\/\/www.grieta.org.mx\/index.php\/wp-json\/wp\/v2\/posts\/6204","targetHints":{"allow":["GET"]}}],"collection":[{"href":"https:\/\/www.grieta.org.mx\/index.php\/wp-json\/wp\/v2\/posts"}],"about":[{"href":"https:\/\/www.grieta.org.mx\/index.php\/wp-json\/wp\/v2\/types\/post"}],"author":[{"embeddable":true,"href":"https:\/\/www.grieta.org.mx\/index.php\/wp-json\/wp\/v2\/users\/2"}],"replies":[{"embeddable":true,"href":"https:\/\/www.grieta.org.mx\/index.php\/wp-json\/wp\/v2\/comments?post=6204"}],"version-history":[{"count":1,"href":"https:\/\/www.grieta.org.mx\/index.php\/wp-json\/wp\/v2\/posts\/6204\/revisions"}],"predecessor-version":[{"id":6209,"href":"https:\/\/www.grieta.org.mx\/index.php\/wp-json\/wp\/v2\/posts\/6204\/revisions\/6209"}],"wp:featuredmedia":[{"embeddable":true,"href":"https:\/\/www.grieta.org.mx\/index.php\/wp-json\/wp\/v2\/media\/21928"}],"wp:attachment":[{"href":"https:\/\/www.grieta.org.mx\/index.php\/wp-json\/wp\/v2\/media?parent=6204"}],"wp:term":[{"taxonomy":"category","embeddable":true,"href":"https:\/\/www.grieta.org.mx\/index.php\/wp-json\/wp\/v2\/categories?post=6204"},{"taxonomy":"post_tag","embeddable":true,"href":"https:\/\/www.grieta.org.mx\/index.php\/wp-json\/wp\/v2\/tags?post=6204"}],"curies":[{"name":"wp","href":"https:\/\/api.w.org\/{rel}","templated":true}]}}