{"id":62039,"date":"2021-09-15T19:54:37","date_gmt":"2021-09-16T00:54:37","guid":{"rendered":"http:\/\/www.grieta.org.mx\/?p=62039"},"modified":"2021-09-28T20:00:38","modified_gmt":"2021-09-29T01:00:38","slug":"personal-de-salud-protesta-por-el-despido-de-2-mil-100-trabadores-en-oaxaca","status":"publish","type":"post","link":"https:\/\/www.grieta.org.mx\/index.php\/2021\/09\/15\/personal-de-salud-protesta-por-el-despido-de-2-mil-100-trabadores-en-oaxaca\/","title":{"rendered":"Personal de salud protesta por el despido de 2 mil 100 trabadores en Oaxaca"},"content":{"rendered":"<p>Proceso \/ Pedro Mat\u00edas.<\/p>\n<p>Trabajadores de la salud de Oaxaca comenzaron un paro laboral administrativo tras el despido de 2 mil 100 empleados que laboraban en \u00e1reas covid-19 o poblaciones rurales.<\/p>\n<p><img loading=\"lazy\" decoding=\"async\" data-attachment-id=\"62040\" data-permalink=\"https:\/\/www.grieta.org.mx\/index.php\/2021\/09\/15\/personal-de-salud-protesta-por-el-despido-de-2-mil-100-trabadores-en-oaxaca\/1-186\/\" data-orig-file=\"https:\/\/www.grieta.org.mx\/wp-content\/uploads\/2021\/09\/1-2.jpg\" data-orig-size=\"800,450\" data-comments-opened=\"0\" data-image-meta=\"{&quot;aperture&quot;:&quot;0&quot;,&quot;credit&quot;:&quot;&quot;,&quot;camera&quot;:&quot;&quot;,&quot;caption&quot;:&quot;&quot;,&quot;created_timestamp&quot;:&quot;0&quot;,&quot;copyright&quot;:&quot;&quot;,&quot;focal_length&quot;:&quot;0&quot;,&quot;iso&quot;:&quot;0&quot;,&quot;shutter_speed&quot;:&quot;0&quot;,&quot;title&quot;:&quot;&quot;,&quot;orientation&quot;:&quot;0&quot;}\" data-image-title=\"1\" data-image-description=\"\" data-image-caption=\"\" data-medium-file=\"https:\/\/www.grieta.org.mx\/wp-content\/uploads\/2021\/09\/1-2-300x169.jpg\" data-large-file=\"https:\/\/www.grieta.org.mx\/wp-content\/uploads\/2021\/09\/1-2.jpg\" class=\"alignnone wp-image-62040\" src=\"http:\/\/www.grieta.org.mx\/wp-content\/uploads\/2021\/09\/1-2.jpg\" alt=\"\" width=\"800\" height=\"450\" srcset=\"https:\/\/www.grieta.org.mx\/wp-content\/uploads\/2021\/09\/1-2.jpg 800w, https:\/\/www.grieta.org.mx\/wp-content\/uploads\/2021\/09\/1-2-300x169.jpg 300w, https:\/\/www.grieta.org.mx\/wp-content\/uploads\/2021\/09\/1-2-768x432.jpg 768w\" sizes=\"auto, (max-width: 800px) 100vw, 800px\" \/><\/p>\n<p>OAXACA, Oax. (apro).- \u201cAntes h\u00e9roes, ahora desempleados\u201d, rezan las pancartas del personal de salud que este mi\u00e9rcoles empez\u00f3 a ser notificado de sus despidos, justo cuando el gobierno declar\u00f3 el 2021 como \u201ca\u00f1o del reconocimiento al personal de salud, por la lucha contra el virus SARS-COV2, covid-19\u201d.<\/p>\n<p>En respuesta al despido masivo de trabadores de los Servicios de Salud de Oaxaca (SSO) se declar\u00f3 un paro laboral administrativo en las unidades m\u00e9dicas de la entidad y se realiza un bloqueo con camillas frente al Hospital General \u201cAurelio Valdivieso\u201d de esta capital, donde sobresalen las pancartas: \u201cAyer \u00e9ramos h\u00e9roes, hoy somos desempleados\u201d, \u201cNo al despido masivo del personal eventual\u201d.<\/p>\n<p>Luego que los SSO comenz\u00f3 a notificar el despido a 2 mil 100 trabadores de contrato, las protestas se han intensificado en otros centros hospitalarios, porque el despido incluye especialistas, m\u00e9dicos, enfermeras, camilleros y anestesistas que laboran en \u00e1reas covid-19 o en poblaciones rurales, con una antig\u00fcedad que va de los dos a\u00f1os y medio a los seis o m\u00e1s a\u00f1os.<\/p>\n<p>En un video de dos minutos con 49 segundos, personal m\u00e9dico despedido o que est\u00e1 siendo notificado de que termin\u00f3 su relaci\u00f3n laboral mand\u00f3 un mensaje al presidente Andr\u00e9s Manuel L\u00f3pez Obrador.<\/p>\n<blockquote class=\"twitter-tweet\" data-width=\"550\" data-dnt=\"true\">\n<p lang=\"es\" dir=\"ltr\">Mientras realizan una cirug\u00eda, m\u00e9dicos y enfermeras denuncian su despido de los Servicios de Salud de Oaxaca. <br \/>El video fue grabado desde el Hospital comunitario de Santa Cararina Juquila. <a href=\"https:\/\/t.co\/5waXrMLuvG\">pic.twitter.com\/5waXrMLuvG<\/a><\/p>\n<p>&mdash; El P\u00e1jaro Vaquero (@PajaroVaquero) <a href=\"https:\/\/twitter.com\/PajaroVaquero\/status\/1438189104131284999?ref_src=twsrc%5Etfw\">September 15, 2021<\/a><\/p><\/blockquote>\n<p><script async src=\"https:\/\/platform.twitter.com\/widgets.js\" charset=\"utf-8\"><\/script><\/p>\n<p>El video se grab\u00f3 desde un quir\u00f3fano, mientras los m\u00e9dicos, enfermeras y anestesistas realizaban una cirug\u00eda.<\/p>\n<p>\u201cDesde el hospital comunitario de Santa Catarina Juquila, hoy 15 de septiembre, siendo las 9:25 horas en el quir\u00f3fano, en una cirug\u00eda programada con el doctor Luis Boh\u00f3rquez, el doctor \u00c1lvaro Rodr\u00edguez, quir\u00fargicos de la unidad, la enfermera Magda, el doctor Leyva, anestesi\u00f3logo con antig\u00fcedad de dos y medio a cinco o seis a\u00f1os, personal eventual, hoy se nos va a notificar el t\u00e9rmino de la relaci\u00f3n laboral con los Servicios de Oaxaca, somos 20 eventuales en esta unidad que hoy nos vamos a quedar sin empleo\u201d, se\u00f1alan los afectados en el video.<\/p>\n<p>Y m\u00e1s: \u201cLa comunidad de Juquila se quedar\u00e1 sin servicios como cirug\u00eda general, pediatr\u00eda\u2026 El hospital se queda sin este personal. A nivel estatal, enfermeros, camilleros, laboratoristas, m\u00e9dicos generales, especialistas est\u00e1n siendo despedidos de manera injusta. Ojal\u00e1 llegue este video al presidente, porque la poblaci\u00f3n se va a quedar sin servicio m\u00e9dico\u201d.<\/p>\n<p>Ayer, la Secci\u00f3n 35 del Sindicato Nacional de Trabajadores de la Secretar\u00eda de Salud desconoci\u00f3 al titular de los SSO, Juan Carlos M\u00e1rquez Heine, por \u201ctodos los agravios y desinter\u00e9s en la soluci\u00f3n a la problem\u00e1tica de salud actual\u201d.<\/p>\n<p>Y adelant\u00f3 que el comit\u00e9 seccional realizar\u00eda acciones porque existen demandas pendientes del pliego petitorio entregado al gobernador Alejandro Murat el pasado 18 de agosto, donde se se\u00f1alan agravios a los agremiados y trabajadores eventuales, a causa del desv\u00edo de recursos que ha permitido una crisis financiera, as\u00ed como el despido injustificado del personal de salud.<\/p>\n<p>A partir de este mi\u00e9rcoles 15 se declararon en asamblea permanente en todas las unidades m\u00e9dicas y administrativas, y el viernes 17 realizar\u00e1n una marcha para que se garantice la \u201csuficiencia presupuestal\u201d que corresponde trabajadores regularizados y formalizados, y la recontrataci\u00f3n de personal de salud eventual injustamente despedido.<\/p>\n<p><a href=\"https:\/\/www.proceso.com.mx\/nacional\/estados\/2021\/9\/15\/personal-de-salud-protesta-por-el-despido-de-mil-100-trabadores-en-oaxaca-272052.html\" target=\"_blank\" rel=\"noopener\">https:\/\/www.proceso.com.mx\/nacional\/estados\/2021\/9\/15\/personal-de-salud-protesta-por-el-despido-de-mil-100-trabadores-en-oaxaca-272052.html<\/a><\/p>\n","protected":false},"excerpt":{"rendered":"<p>Proceso \/ Pedro Mat\u00edas. Trabajadores de la salud de Oaxaca comenzaron un paro laboral administrativo tras el despido de 2 mil 100 empleados que laboraban en \u00e1reas covid-19 o poblaciones &hellip; <a href=\"https:\/\/www.grieta.org.mx\/index.php\/2021\/09\/15\/personal-de-salud-protesta-por-el-despido-de-2-mil-100-trabadores-en-oaxaca\/\" class=\"more-link\">Leer m\u00e1s<\/a><\/p>\n","protected":false},"author":2,"featured_media":62040,"comment_status":"closed","ping_status":"closed","sticky":false,"template":"","format":"standard","meta":{"ngg_post_thumbnail":0,"_jetpack_newsletter_access":"","_jetpack_dont_email_post_to_subs":false,"_jetpack_newsletter_tier_id":0,"_jetpack_memberships_contains_paywalled_content":false,"_jetpack_memberships_contains_paid_content":false,"footnotes":""},"categories":[80,3262,1728,2,25],"tags":[],"class_list":["post-62039","post","type-post","status-publish","format-standard","has-post-thumbnail","hentry","category-cintillo","category-crisis-covid-19-en-oaxaca","category-crisis-del-sector-salud-en-oaxaca","category-noticias-nacionales","category-oaxaca","entry"],"jetpack_featured_media_url":"https:\/\/www.grieta.org.mx\/wp-content\/uploads\/2021\/09\/1-2.jpg","jetpack_sharing_enabled":true,"jetpack_shortlink":"https:\/\/wp.me\/p7ZJR4-g8D","jetpack_likes_enabled":false,"jetpack-related-posts":[{"id":57320,"url":"https:\/\/www.grieta.org.mx\/index.php\/2021\/03\/05\/trabajadores-de-la-salud-de-oaxaca-bloquean-vias-para-exigir-vacuna-contra-covid-19\/","url_meta":{"origin":62039,"position":0},"title":"Trabajadores de la salud de Oaxaca bloquean v\u00edas para exigir vacuna contra covid-19","author":"grieta","date":"5 marzo, 2021","format":false,"excerpt":"Proceso \/ Pedro Mat\u00edas. Integrantes del Sindicato Nacional de Trabajadores de la Secretar\u00eda de Salud bloquearon seis v\u00edas para exigir que se aplique la vacuna contra el covid-19 a personal administrativo. OAXACA, Oax. (apro).- Con seis bloqueos carreteros en la regi\u00f3n del Istmo de Tehuantepec, integrantes del Sindicato Nacional de\u2026","rel":"","context":"En &quot;CINTILLO&quot;","block_context":{"text":"CINTILLO","link":"https:\/\/www.grieta.org.mx\/index.php\/category\/cintillo\/"},"img":{"alt_text":"","src":"https:\/\/i0.wp.com\/www.grieta.org.mx\/wp-content\/uploads\/2021\/03\/1.jpg?resize=350%2C200&ssl=1","width":350,"height":200,"srcset":"https:\/\/i0.wp.com\/www.grieta.org.mx\/wp-content\/uploads\/2021\/03\/1.jpg?resize=350%2C200&ssl=1 1x, https:\/\/i0.wp.com\/www.grieta.org.mx\/wp-content\/uploads\/2021\/03\/1.jpg?resize=525%2C300&ssl=1 1.5x, https:\/\/i0.wp.com\/www.grieta.org.mx\/wp-content\/uploads\/2021\/03\/1.jpg?resize=700%2C400&ssl=1 2x"},"classes":[]},{"id":71555,"url":"https:\/\/www.grieta.org.mx\/index.php\/2025\/04\/04\/sin-insumos-ni-personal-medico-asi-labora-hospital-imss-bienestar-en-santa-catarina-juquila-oaxaca\/","url_meta":{"origin":62039,"position":1},"title":"Sin insumos ni personal m\u00e9dico, as\u00ed labora Hospital IMSS Bienestar en Santa Catarina Juquila, Oaxaca","author":"grieta","date":"4 abril, 2025","format":false,"excerpt":"Imagen: Istmo Press Diana Manzo \/ Istmo Press Oaxaca, Oax.-Trabajadores no sindicalizados del Hospital IMSS Bienestar de Santa Catarina Juquila, Oaxaca -antes hospital b\u00e1sico comunitario-denunciaron la crisis de salud que enfrenta esta unidad m\u00e9dica, por la falta de insumos y medicinas, pero tambi\u00e9n temen un despido masivo de personal no\u2026","rel":"","context":"En &quot;CINTILLO&quot;","block_context":{"text":"CINTILLO","link":"https:\/\/www.grieta.org.mx\/index.php\/category\/cintillo\/"},"img":{"alt_text":"","src":"https:\/\/i0.wp.com\/www.grieta.org.mx\/wp-content\/uploads\/2025\/04\/37af5b9d-7462-4e43-9a6b-b321ae7909ee-1.jpeg?resize=350%2C200&ssl=1","width":350,"height":200,"srcset":"https:\/\/i0.wp.com\/www.grieta.org.mx\/wp-content\/uploads\/2025\/04\/37af5b9d-7462-4e43-9a6b-b321ae7909ee-1.jpeg?resize=350%2C200&ssl=1 1x, https:\/\/i0.wp.com\/www.grieta.org.mx\/wp-content\/uploads\/2025\/04\/37af5b9d-7462-4e43-9a6b-b321ae7909ee-1.jpeg?resize=525%2C300&ssl=1 1.5x, https:\/\/i0.wp.com\/www.grieta.org.mx\/wp-content\/uploads\/2025\/04\/37af5b9d-7462-4e43-9a6b-b321ae7909ee-1.jpeg?resize=700%2C400&ssl=1 2x, https:\/\/i0.wp.com\/www.grieta.org.mx\/wp-content\/uploads\/2025\/04\/37af5b9d-7462-4e43-9a6b-b321ae7909ee-1.jpeg?resize=1050%2C600&ssl=1 3x"},"classes":[]},{"id":56737,"url":"https:\/\/www.grieta.org.mx\/index.php\/2021\/02\/01\/vacunan-a-burocratas-y-a-cuates-antes-que-a-medicos-denuncian-trabajadores-de-salud-de-oaxaca\/","url_meta":{"origin":62039,"position":2},"title":"Vacunan a bur\u00f3cratas y a &#8220;cuates&#8221; antes que a m\u00e9dicos, denuncian trabajadores de salud de Oaxaca","author":"grieta","date":"1 febrero, 2021","format":false,"excerpt":"Proceso \/ Pedro Mat\u00edas. En redes sociales circulan fotograf\u00edas donde se observa un m\u00f3dulo instalado en el Hospital de la Ni\u00f1ez Oaxaque\u00f1a, lugar en el que se concentraron 20 trabajadores enviados por su jefe inmediato para vacunarse contra el covid-19, sin estar en la primera l\u00ednea de combate al virus.\u2026","rel":"","context":"En &quot;CINTILLO&quot;","block_context":{"text":"CINTILLO","link":"https:\/\/www.grieta.org.mx\/index.php\/category\/cintillo\/"},"img":{"alt_text":"","src":"https:\/\/i0.wp.com\/www.grieta.org.mx\/wp-content\/uploads\/2021\/02\/3.jpeg?resize=350%2C200&ssl=1","width":350,"height":200,"srcset":"https:\/\/i0.wp.com\/www.grieta.org.mx\/wp-content\/uploads\/2021\/02\/3.jpeg?resize=350%2C200&ssl=1 1x, https:\/\/i0.wp.com\/www.grieta.org.mx\/wp-content\/uploads\/2021\/02\/3.jpeg?resize=525%2C300&ssl=1 1.5x, https:\/\/i0.wp.com\/www.grieta.org.mx\/wp-content\/uploads\/2021\/02\/3.jpeg?resize=700%2C400&ssl=1 2x"},"classes":[]},{"id":56078,"url":"https:\/\/www.grieta.org.mx\/index.php\/2020\/12\/28\/covid-19-ha-contagiado-al-13-2-del-personal-de-salud-en-oaxaca\/","url_meta":{"origin":62039,"position":3},"title":"COVID-19 ha contagiado al 13.2% del personal de Salud en Oaxaca","author":"grieta","date":"28 diciembre, 2020","format":false,"excerpt":"Noticias \/ Nadia Altamirano. Enfermeras, principales v\u00edctimas Para quienes est\u00e1n en la atenci\u00f3n en un \u00e1rea COVID-19, el contagio ha sido sin\u00f3nimo de resguardo por 14 o 21 d\u00edas, tiempo en el que despu\u00e9s deben reintegrarse a las labores de cuidados de pacientes en estado cr\u00edtico, como la enfermera Brenda\u2026","rel":"","context":"En &quot;CINTILLO&quot;","block_context":{"text":"CINTILLO","link":"https:\/\/www.grieta.org.mx\/index.php\/category\/cintillo\/"},"img":{"alt_text":"","src":"https:\/\/i0.wp.com\/www.grieta.org.mx\/wp-content\/uploads\/2021\/01\/1.jpg?resize=350%2C200&ssl=1","width":350,"height":200,"srcset":"https:\/\/i0.wp.com\/www.grieta.org.mx\/wp-content\/uploads\/2021\/01\/1.jpg?resize=350%2C200&ssl=1 1x, https:\/\/i0.wp.com\/www.grieta.org.mx\/wp-content\/uploads\/2021\/01\/1.jpg?resize=525%2C300&ssl=1 1.5x, https:\/\/i0.wp.com\/www.grieta.org.mx\/wp-content\/uploads\/2021\/01\/1.jpg?resize=700%2C400&ssl=1 2x, https:\/\/i0.wp.com\/www.grieta.org.mx\/wp-content\/uploads\/2021\/01\/1.jpg?resize=1050%2C600&ssl=1 3x"},"classes":[]},{"id":69948,"url":"https:\/\/www.grieta.org.mx\/index.php\/2024\/09\/13\/con-marcha-trabajadores-de-salud-y-de-educacion-rechazan-al-imss-bienestar-oaxaca\/","url_meta":{"origin":62039,"position":4},"title":"Con marcha, trabajadores de salud y de educaci\u00f3n rechazan al IMSS Bienestar (Oaxaca)","author":"grieta","date":"13 septiembre, 2024","format":false,"excerpt":"Imagen: Itsmopress Diana Manzo \/ Itsmopress #Oaxaca 13 Sep (#Istmopress) \u2013 Con una marcha por las principales calles de la capital de Oaxaca, unos 600 trabajadores sindicalizados de la secci\u00f3n 35 del Sector Salud y de la secci\u00f3n 22 de la CNTE rechazaron el traslado de los Servicios de Salud\u2026","rel":"","context":"En &quot;CINTILLO&quot;","block_context":{"text":"CINTILLO","link":"https:\/\/www.grieta.org.mx\/index.php\/category\/cintillo\/"},"img":{"alt_text":"","src":"https:\/\/i0.wp.com\/www.grieta.org.mx\/wp-content\/uploads\/2024\/09\/1726286512221.jpg?resize=350%2C200&ssl=1","width":350,"height":200,"srcset":"https:\/\/i0.wp.com\/www.grieta.org.mx\/wp-content\/uploads\/2024\/09\/1726286512221.jpg?resize=350%2C200&ssl=1 1x, https:\/\/i0.wp.com\/www.grieta.org.mx\/wp-content\/uploads\/2024\/09\/1726286512221.jpg?resize=525%2C300&ssl=1 1.5x, https:\/\/i0.wp.com\/www.grieta.org.mx\/wp-content\/uploads\/2024\/09\/1726286512221.jpg?resize=700%2C400&ssl=1 2x, https:\/\/i0.wp.com\/www.grieta.org.mx\/wp-content\/uploads\/2024\/09\/1726286512221.jpg?resize=1050%2C600&ssl=1 3x"},"classes":[]},{"id":50628,"url":"https:\/\/www.grieta.org.mx\/index.php\/2020\/06\/10\/trabajadores-del-imss-amagan-con-un-paro-y-los-de-salud-denuncian-ocultamiento-de-casos-de-covid-19-oaxaca\/","url_meta":{"origin":62039,"position":5},"title":"Trabajadores del IMSS amagan con un paro y los de Salud denuncian ocultamiento de casos de covid-19 (Oaxaca)","author":"grieta","date":"10 junio, 2020","format":false,"excerpt":"P\u00e1gina 3 \/ Pedro Mat\u00edas. Delegaci\u00f3n del IMSS-Oaxaca la \u00fanica en el pa\u00eds con infectados en su propia oficina En Servicios de Salud hay infectados en direcci\u00f3n de Promoci\u00f3n y la orden es no subir los casos a plataforma Pedro Mat\u00edas OAXACA, Oax. (pagina3.mx).- Trabajadores del Almac\u00e9n Delegacional del Instituto\u2026","rel":"","context":"En &quot;CINTILLO&quot;","block_context":{"text":"CINTILLO","link":"https:\/\/www.grieta.org.mx\/index.php\/category\/cintillo\/"},"img":{"alt_text":"","src":"https:\/\/i0.wp.com\/www.grieta.org.mx\/wp-content\/uploads\/2020\/06\/imss.jpg?resize=350%2C200&ssl=1","width":350,"height":200,"srcset":"https:\/\/i0.wp.com\/www.grieta.org.mx\/wp-content\/uploads\/2020\/06\/imss.jpg?resize=350%2C200&ssl=1 1x, https:\/\/i0.wp.com\/www.grieta.org.mx\/wp-content\/uploads\/2020\/06\/imss.jpg?resize=525%2C300&ssl=1 1.5x, https:\/\/i0.wp.com\/www.grieta.org.mx\/wp-content\/uploads\/2020\/06\/imss.jpg?resize=700%2C400&ssl=1 2x"},"classes":[]}],"_links":{"self":[{"href":"https:\/\/www.grieta.org.mx\/index.php\/wp-json\/wp\/v2\/posts\/62039","targetHints":{"allow":["GET"]}}],"collection":[{"href":"https:\/\/www.grieta.org.mx\/index.php\/wp-json\/wp\/v2\/posts"}],"about":[{"href":"https:\/\/www.grieta.org.mx\/index.php\/wp-json\/wp\/v2\/types\/post"}],"author":[{"embeddable":true,"href":"https:\/\/www.grieta.org.mx\/index.php\/wp-json\/wp\/v2\/users\/2"}],"replies":[{"embeddable":true,"href":"https:\/\/www.grieta.org.mx\/index.php\/wp-json\/wp\/v2\/comments?post=62039"}],"version-history":[{"count":1,"href":"https:\/\/www.grieta.org.mx\/index.php\/wp-json\/wp\/v2\/posts\/62039\/revisions"}],"predecessor-version":[{"id":62041,"href":"https:\/\/www.grieta.org.mx\/index.php\/wp-json\/wp\/v2\/posts\/62039\/revisions\/62041"}],"wp:featuredmedia":[{"embeddable":true,"href":"https:\/\/www.grieta.org.mx\/index.php\/wp-json\/wp\/v2\/media\/62040"}],"wp:attachment":[{"href":"https:\/\/www.grieta.org.mx\/index.php\/wp-json\/wp\/v2\/media?parent=62039"}],"wp:term":[{"taxonomy":"category","embeddable":true,"href":"https:\/\/www.grieta.org.mx\/index.php\/wp-json\/wp\/v2\/categories?post=62039"},{"taxonomy":"post_tag","embeddable":true,"href":"https:\/\/www.grieta.org.mx\/index.php\/wp-json\/wp\/v2\/tags?post=62039"}],"curies":[{"name":"wp","href":"https:\/\/api.w.org\/{rel}","templated":true}]}}