{"id":62027,"date":"2021-09-22T21:58:05","date_gmt":"2021-09-23T02:58:05","guid":{"rendered":"https:\/\/www.grieta.org.mx\/?p=62027"},"modified":"2021-09-27T22:54:10","modified_gmt":"2021-09-28T03:54:10","slug":"ya-vienen-videoclip-colectivo-de-la-mano-de-horazz-y-suaia-para-dar-la-bienvenida-a-la-gira-zapatista","status":"publish","type":"post","link":"https:\/\/www.grieta.org.mx\/index.php\/2021\/09\/22\/ya-vienen-videoclip-colectivo-de-la-mano-de-horazz-y-suaia-para-dar-la-bienvenida-a-la-gira-zapatista\/","title":{"rendered":"\u201cYa vienen\u201d \u2013 Videoclip colectivo de la mano de Horazz y Suaia para dar la bienvenida a la Gira Zapatista"},"content":{"rendered":"<p><iframe loading=\"lazy\" title=\"YouTube video player\" src=\"https:\/\/www.youtube.com\/embed\/4fKjlyW68E0\" width=\"700\" height=\"394\" frameborder=\"0\" allowfullscreen=\"allowfullscreen\"><\/iframe><\/p>\n<p>RADIO ZAPATISTA<br \/>\n<strong>Castellano (m\u00e1s abajo en euskara)<\/strong><\/p>\n<p>\u201cYA VIENEN\u201d, VIDEOCLIP COLECTIVO DE LA MANO DE HORAZZ Y SUAIA PARA DAR LA BIENVENIDA A LA GIRA ZAPATISTA<\/p>\n<p>Estos dos artistas conectan con su hiphop-reggae Madrid y Bilbao, dos de las paradas de la gira europea que llevar\u00e1 a cabo la delegaci\u00f3n zapatista.<\/p>\n<p>En Bilbao, a 22 de septiembre de 2021.<\/p>\n<p>Con motivo de la llegada a Europa de la Gira por la Vida, Horazz y Suaia han compuesto la canci\u00f3n Ya Vienen para darles la bienvenida y as\u00ed poner banda sonora a su estancia. Esta canci\u00f3n, a su vez, cuenta con un videoclip hecho de manera colectiva a partir de im\u00e1genes grabadas por simpatizantes y colectivos implicados en el acompa\u00f1amiento y organizaci\u00f3n de la gira zapatista.<\/p>\n<p>El pasado 18 de Junio, tras 47 d\u00edas de traves\u00eda cruzando el Oc\u00e9ano Atl\u00e1ntico, lleg\u00f3 a Vigo la primera delegaci\u00f3n zapatista, fue el punto de inicio de la gira europea que se completa ahora con la llegada, el 14 de septiembre a Viena, de m\u00e1s de un centenar de integrantes del Ej\u00e9rcito Zapatista de Liberaci\u00f3n Nacional. El EZLN, que act\u00faa como movimiento pol\u00edtico, social y revolucionario, llevar\u00e1 a cabo la Gira por la vida a lo largo de m\u00e1s de 20 pa\u00edses europeos para compartir experiencias y luchas y tejer redes con los movimientos populares de gran parte del continente.<\/p>\n<p>A modo de recibimiento musical, Horazz y Suaia han compuesto esta canci\u00f3n en clave de hiphop-reggae que nos habla de hacer florecer la semilla de rebeld\u00eda que nos trae el movimiento zapatista, as\u00ed como de hacer nuestros los dolores que sufren, tanto la tierra como todo ser humano, v\u00edctimas del capitalismo. \u201cDesaprender de las ense\u00f1anzas de este sistema\u201d.<\/p>\n<p>Tres idiomas se mezclan en esta canci\u00f3n: rumano, euskera y castellano. Horazz, artista de rap de origen rumano afincado en Madrid, se ha encargado de la producci\u00f3n musical, para la que ha contado con la colaboraci\u00f3n de Ra\u00fal Garc\u00eda Guill\u00e9n a la guitarra. Suaia, cantante del grupo de reggae Suaia eta Ama Rebel, completa el apartado vocal.<\/p>\n<p>La mezcla y masterizaci\u00f3n ha corrido a cargo del ingeniero de sonido Ibon Larruzea en su estudio bilba\u00edno de Euridia. Finalmente, simpatizantes y colectivos implicados en la gira han puesto las im\u00e1genes para confeccionar un videoclip colectivo que sirva como bienvenida a la gira zapatista por Europa.<\/p>\n<p><strong>Euskara<\/strong><\/p>\n<p>\u201cYA VIENEN\u201d, BIDEOKLIP KOLEKTIBOA, HORAZZ ETA SUAIAREN ESKUTIK, BIRA ZAPATISTARI ONGI ETORRIA EMATEKO<\/p>\n<p>Bi artista hauek Madril eta Bilbo batuko dute beraien hiphop-reggaearekin, zapatisten ordezkaritzak Europan egingo dituen birako bi geldialdirekin.<\/p>\n<p>Bilbon, 2021eko irailaren 22an.<\/p>\n<p>Bizitzaren aldeko Biraren Europako etorrera dela eta, Horazzek eta Suaiak Ya Vienen abestia konposatu dute ongietorria eman eta egonaldiari soinu banda jartzeko. Abesti honek, letraz gain modu kolektiboan sortutako bideoklipa ere badauka, zapatisten bizi-birari laguntzen eta hura antolatzen parte hartu duten jarraitzaile eta kolektiboek grabatutako irudietatik abiatuta.<\/p>\n<p>Joan den ekainaren 18an, Ozeano Atlantikoa zeharkatuz 47 eguneko zeharkaldia egin ondoren, Vigora iritsi zen lehen ordezkaritza zapatista, eta orain, irailaren 14an, Ej\u00e9rcito Zapatista de Liberaci\u00f3n Nacionaleko (Askapen Nazionaleko Armada Zapatistako) ehun kide baino gehiago Vienara iritsi dira, Europako Biraren hasiera puntura hain zuzen ere. Mugimendu politiko, sozial eta iraultzaile gisa jarduten duen EZLNk, bizitzaren aldeko bira egingo du Europako 20 herrialde baino gehiagotan, esperientziak eta borrokak partekatzeko eta kontinentearen zati handi bateko herri-mugimenduekin sareak eratzeko helburuarekin.<\/p>\n<p>Harrera musikatu bat emateko asmotan, Horazzek eta Suaiak hiphop-reggae klabean konposatu dute abesti hau. Mugimendu zapatistak ekartzen digun errebeldia hazia lorarazteaz eta kapitalismoaren biktima diren lurrak eta gizaki orok jasaten dituzten minak gure egiteaz hitz egiten digu abesti honek, \u201csistema honen irakaskuntzetatik desikastea\u201d proposatzen digute.<\/p>\n<p>Hiru hizkuntza nahasten dira abesti honetan: errumaniera, euskara eta gaztelania. Madrilen bizi den errumaniar jatorriko rap artista da Horazz, eta musika ekoizpenaz arduratu da, Ra\u00fal Garc\u00edaa Guill\u00e9n gitarraren laguntzarekin. Suaia, Suaia eta Ama Rebel reggae taldeko abeslaria, abestiaren ahotsak osatzen ditu.<\/p>\n<p>Nahasketa eta masterizazioa Ibon Larruzea soinu ingeniariak egin du Bilboko Euridia estudioan. Azkenik, Biran parte hartu duten jarraitzaileek eta kolektiboek bideoklip kolektibo bat egiteko irudiak jarri dituzte, Europako bira zapatistari ongietorria emateko.<\/p>\n<p><a href=\"https:\/\/radiozapatista.org\/?p=39662\" target=\"_blank\" rel=\"noopener\">https:\/\/radiozapatista.org\/?p=39662<\/a><\/p>\n","protected":false},"excerpt":{"rendered":"<p>RADIO ZAPATISTA Castellano (m\u00e1s abajo en euskara) \u201cYA VIENEN\u201d, VIDEOCLIP COLECTIVO DE LA MANO DE HORAZZ Y SUAIA PARA DAR LA BIENVENIDA A LA GIRA ZAPATISTA Estos dos artistas conectan &hellip; <a href=\"https:\/\/www.grieta.org.mx\/index.php\/2021\/09\/22\/ya-vienen-videoclip-colectivo-de-la-mano-de-horazz-y-suaia-para-dar-la-bienvenida-a-la-gira-zapatista\/\" class=\"more-link\">Leer m\u00e1s<\/a><\/p>\n","protected":false},"author":2,"featured_media":62029,"comment_status":"closed","ping_status":"closed","sticky":false,"template":"","format":"standard","meta":{"ngg_post_thumbnail":0,"_jetpack_newsletter_access":"","_jetpack_dont_email_post_to_subs":false,"_jetpack_newsletter_tier_id":0,"_jetpack_memberships_contains_paywalled_content":false,"_jetpack_memberships_contains_paid_content":false,"footnotes":""},"categories":[3674,80,2,2661,3916],"tags":[3987,4055,4056,3934,3995,3961,3917],"class_list":["post-62027","post","type-post","status-publish","format-standard","has-post-thumbnail","hentry","category-contra-la-guerra-al-ezln","category-cintillo","category-noticias-nacionales","category-redes-de-resistencia-y-rebeldia","category-travesia-por-la-vida","tag-artes-por-la-vida","tag-bilbao","tag-bilbo","tag-europa","tag-gira-zapatista","tag-madrid","tag-travesia-por-la-vida","entry"],"jetpack_featured_media_url":"https:\/\/www.grieta.org.mx\/wp-content\/uploads\/2021\/09\/Viena8-1.jpg","jetpack_sharing_enabled":true,"jetpack_shortlink":"https:\/\/wp.me\/p7ZJR4-g8r","jetpack_likes_enabled":false,"jetpack-related-posts":[{"id":61108,"url":"https:\/\/www.grieta.org.mx\/index.php\/2021\/08\/11\/video-del-concierto-bienvenida-gira-zapatista-europea-2021-12-de-agosto-auditorio-pilar-bardem-de-rivas-vaciamadrid-madrid\/","url_meta":{"origin":62027,"position":0},"title":"Video del &#8220;Concierto bienvenida Gira Zapatista Europea 2021&#8221;: 12 de agosto, Auditorio Pilar Bardem de Rivas Vaciamadrid (Madrid)","author":"grieta","date":"11 agosto, 2021","format":false,"excerpt":"LA TERCERA \u00a0 Desde CGT queremos dar la bienvenida a las, los y loas compa\u00f1ero\/as zapatistas, que se encuentran de Gira por Europa, celebrando un concierto el d\u00eda 12 de agosto en Rivas-Vaciamadrid, en el Auditorio Pilar Bardem, a las 18:00 h., la entrada al auditorio ser\u00e1 exclusiva para las\u2026","rel":"","context":"En &quot;CINTILLO&quot;","block_context":{"text":"CINTILLO","link":"https:\/\/www.grieta.org.mx\/index.php\/category\/cintillo\/"},"img":{"alt_text":"","src":"https:\/\/i0.wp.com\/www.grieta.org.mx\/wp-content\/uploads\/2021\/08\/Cartel-concierto-Madrid-12-agosto.jpg?resize=350%2C200&ssl=1","width":350,"height":200,"srcset":"https:\/\/i0.wp.com\/www.grieta.org.mx\/wp-content\/uploads\/2021\/08\/Cartel-concierto-Madrid-12-agosto.jpg?resize=350%2C200&ssl=1 1x, https:\/\/i0.wp.com\/www.grieta.org.mx\/wp-content\/uploads\/2021\/08\/Cartel-concierto-Madrid-12-agosto.jpg?resize=525%2C300&ssl=1 1.5x, https:\/\/i0.wp.com\/www.grieta.org.mx\/wp-content\/uploads\/2021\/08\/Cartel-concierto-Madrid-12-agosto.jpg?resize=700%2C400&ssl=1 2x"},"classes":[]},{"id":61692,"url":"https:\/\/www.grieta.org.mx\/index.php\/2021\/09\/14\/comienza-la-gira-zapatista-por-europa-con-la-llegada-de-170-mujeres-hombres-ninos-y-ninas-de-pueblos-mayas-de-chiapas\/","url_meta":{"origin":62027,"position":1},"title":"Comienza la gira zapatista por Europa con la llegada de 170 mujeres, hombres, ni\u00f1os y ni\u00f1as de pueblos mayas de Chiapas","author":"grieta","date":"14 septiembre, 2021","format":false,"excerpt":"Los, las y loas zapatistas empezaron su viaje hace meses. Despu\u00e9s de m\u00faltiples obst\u00e1culos para obtener sus pasaportes as\u00ed como sortear los problemas para acceder a la vacunaci\u00f3n del covid19, los zapatistas subieron ayer en dos vuelos desde Ciudad de M\u00e9xico que aterrizan hoy en Viena. Susana Albarr\u00e1n M\u00e9ndez\/ EL\u2026","rel":"","context":"En &quot;CINTILLO&quot;","block_context":{"text":"CINTILLO","link":"https:\/\/www.grieta.org.mx\/index.php\/category\/cintillo\/"},"img":{"alt_text":"","src":"https:\/\/i0.wp.com\/www.grieta.org.mx\/wp-content\/uploads\/2021\/09\/Viena3.jpg?resize=350%2C200&ssl=1","width":350,"height":200,"srcset":"https:\/\/i0.wp.com\/www.grieta.org.mx\/wp-content\/uploads\/2021\/09\/Viena3.jpg?resize=350%2C200&ssl=1 1x, https:\/\/i0.wp.com\/www.grieta.org.mx\/wp-content\/uploads\/2021\/09\/Viena3.jpg?resize=525%2C300&ssl=1 1.5x, https:\/\/i0.wp.com\/www.grieta.org.mx\/wp-content\/uploads\/2021\/09\/Viena3.jpg?resize=700%2C400&ssl=1 2x"},"classes":[]},{"id":61679,"url":"https:\/\/www.grieta.org.mx\/index.php\/2021\/09\/14\/cientos-dan-calurosa-bienvenida-a-delegacion-de-zapatistas-en-el-aeropuerto-de-viena\/","url_meta":{"origin":62027,"position":2},"title":"Cientos dan calurosa bienvenida a delegaci\u00f3n de zapatistas en el aeropuerto de Viena","author":"grieta","date":"14 septiembre, 2021","format":false,"excerpt":"EFE\/ SIN EMBARGO Luego de su llegada al aeropuerto de Viena, centenares de simpatizantes, austr\u00edacos y tambi\u00e9n latinoamericanos residentes en Austria recibieron al escuadr\u00f3n zapatista con banderas, pancartas al aire y lemas zapatistas. Viena, 14 de septiembre (EFE).- Cientos de personas ofrecieron hoy una calurosa bienvenida en el aeropuerto de\u2026","rel":"","context":"En &quot;CINTILLO&quot;","block_context":{"text":"CINTILLO","link":"https:\/\/www.grieta.org.mx\/index.php\/category\/cintillo\/"},"img":{"alt_text":"","src":"https:\/\/i0.wp.com\/www.grieta.org.mx\/wp-content\/uploads\/2021\/09\/escuadron-zapatista.jpg?resize=350%2C200&ssl=1","width":350,"height":200,"srcset":"https:\/\/i0.wp.com\/www.grieta.org.mx\/wp-content\/uploads\/2021\/09\/escuadron-zapatista.jpg?resize=350%2C200&ssl=1 1x, https:\/\/i0.wp.com\/www.grieta.org.mx\/wp-content\/uploads\/2021\/09\/escuadron-zapatista.jpg?resize=525%2C300&ssl=1 1.5x, https:\/\/i0.wp.com\/www.grieta.org.mx\/wp-content\/uploads\/2021\/09\/escuadron-zapatista.jpg?resize=700%2C400&ssl=1 2x, https:\/\/i0.wp.com\/www.grieta.org.mx\/wp-content\/uploads\/2021\/09\/escuadron-zapatista.jpg?resize=1050%2C600&ssl=1 3x"},"classes":[]},{"id":61204,"url":"https:\/\/www.grieta.org.mx\/index.php\/2021\/06\/13\/movilizaciones-en-artea-y-zeberio-para-celebrar-la-llegada-a-europa-de-la-gira-zapatista-euskal-herria-pais-vasco\/","url_meta":{"origin":62027,"position":3},"title":"Movilizaciones en Artea y Zeberio para celebrar la llegada a Europa de la gira zapatista (Euskal Herria\/Pa\u00ecs Vasco)","author":"grieta","date":"13 junio, 2021","format":false,"excerpt":"Este fin de semana se han repetido las movilizaciones en diferentes lugares de Europa para celebrar la llegada de la \u00abGira por la vida\u00bb zapatista al continente. En Euskal Herria se han organizado actos en Zeberio y Artea. En Zeberio han pintado un un mural con motivo de la gira\u2026","rel":"","context":"En &quot;CINTILLO&quot;","block_context":{"text":"CINTILLO","link":"https:\/\/www.grieta.org.mx\/index.php\/category\/cintillo\/"},"img":{"alt_text":"","src":"https:\/\/i0.wp.com\/www.grieta.org.mx\/wp-content\/uploads\/2021\/08\/Zeberio.png?resize=350%2C200&ssl=1","width":350,"height":200,"srcset":"https:\/\/i0.wp.com\/www.grieta.org.mx\/wp-content\/uploads\/2021\/08\/Zeberio.png?resize=350%2C200&ssl=1 1x, https:\/\/i0.wp.com\/www.grieta.org.mx\/wp-content\/uploads\/2021\/08\/Zeberio.png?resize=525%2C300&ssl=1 1.5x, https:\/\/i0.wp.com\/www.grieta.org.mx\/wp-content\/uploads\/2021\/08\/Zeberio.png?resize=700%2C400&ssl=1 2x"},"classes":[]},{"id":60587,"url":"https:\/\/www.grieta.org.mx\/index.php\/2021\/05\/18\/numerosas-ciudades-europeas-muestran-su-apoyo-a-la-gira-por-la-vida-zapatista\/","url_meta":{"origin":62027,"position":4},"title":"Numerosas ciudades europeas muestran su apoyo a la \u2018Gira por la vida\u2019 Zapatista","author":"grieta","date":"18 mayo, 2021","format":false,"excerpt":"Se han celebrado diversas acciones ante la inminente llegada a Europa del \u201cvirus\u201d de la resistencia y rebeld\u00eda zapatistas. Redacci\u00f3n LA TERCERA Este fin de semana, varias decenas de ciudades europeas se han manifestado de manera simult\u00e1nea en apoyo a la \u2018Gira por la vida\u2019, como han bautizado las comunidades\u2026","rel":"","context":"En &quot;CINTILLO&quot;","block_context":{"text":"CINTILLO","link":"https:\/\/www.grieta.org.mx\/index.php\/category\/cintillo\/"},"img":{"alt_text":"","src":"https:\/\/i0.wp.com\/www.grieta.org.mx\/wp-content\/uploads\/2021\/07\/4096-2731-max..-1-950x0-c-default.jpg?resize=350%2C200&ssl=1","width":350,"height":200,"srcset":"https:\/\/i0.wp.com\/www.grieta.org.mx\/wp-content\/uploads\/2021\/07\/4096-2731-max..-1-950x0-c-default.jpg?resize=350%2C200&ssl=1 1x, https:\/\/i0.wp.com\/www.grieta.org.mx\/wp-content\/uploads\/2021\/07\/4096-2731-max..-1-950x0-c-default.jpg?resize=525%2C300&ssl=1 1.5x, https:\/\/i0.wp.com\/www.grieta.org.mx\/wp-content\/uploads\/2021\/07\/4096-2731-max..-1-950x0-c-default.jpg?resize=700%2C400&ssl=1 2x"},"classes":[]},{"id":60639,"url":"https:\/\/www.grieta.org.mx\/index.php\/2021\/07\/01\/la-comitiva-zapatista-presento-en-merida-extremadura-su-gira-europea\/","url_meta":{"origin":62027,"position":5},"title":"La comitiva zapatista present\u00f3 en M\u00e9rida, Extremadura, su gira europea","author":"grieta","date":"1 julio, 2021","format":false,"excerpt":"Ayer, en M\u00e9rida, tuvo lugar la primera de las presentaciones de la gira europea zapatista programadas en el Estado espa\u00f1ol. Una nutrida representaci\u00f3n ciudadana y de diversos espacios activistas de Extremadura dio la bienvenida a la comitiva. Redacci\u00f3n EL SALTO EXTREMADURA Este mi\u00e9rcoles, 30 de junio, lleg\u00f3 a Extremadura el\u2026","rel":"","context":"En &quot;CINTILLO&quot;","block_context":{"text":"CINTILLO","link":"https:\/\/www.grieta.org.mx\/index.php\/category\/cintillo\/"},"img":{"alt_text":"","src":"https:\/\/i0.wp.com\/www.grieta.org.mx\/wp-content\/uploads\/2021\/07\/5866_20210630.jpg?resize=350%2C200&ssl=1","width":350,"height":200,"srcset":"https:\/\/i0.wp.com\/www.grieta.org.mx\/wp-content\/uploads\/2021\/07\/5866_20210630.jpg?resize=350%2C200&ssl=1 1x, https:\/\/i0.wp.com\/www.grieta.org.mx\/wp-content\/uploads\/2021\/07\/5866_20210630.jpg?resize=525%2C300&ssl=1 1.5x, https:\/\/i0.wp.com\/www.grieta.org.mx\/wp-content\/uploads\/2021\/07\/5866_20210630.jpg?resize=700%2C400&ssl=1 2x, https:\/\/i0.wp.com\/www.grieta.org.mx\/wp-content\/uploads\/2021\/07\/5866_20210630.jpg?resize=1050%2C600&ssl=1 3x, https:\/\/i0.wp.com\/www.grieta.org.mx\/wp-content\/uploads\/2021\/07\/5866_20210630.jpg?resize=1400%2C800&ssl=1 4x"},"classes":[]}],"_links":{"self":[{"href":"https:\/\/www.grieta.org.mx\/index.php\/wp-json\/wp\/v2\/posts\/62027","targetHints":{"allow":["GET"]}}],"collection":[{"href":"https:\/\/www.grieta.org.mx\/index.php\/wp-json\/wp\/v2\/posts"}],"about":[{"href":"https:\/\/www.grieta.org.mx\/index.php\/wp-json\/wp\/v2\/types\/post"}],"author":[{"embeddable":true,"href":"https:\/\/www.grieta.org.mx\/index.php\/wp-json\/wp\/v2\/users\/2"}],"replies":[{"embeddable":true,"href":"https:\/\/www.grieta.org.mx\/index.php\/wp-json\/wp\/v2\/comments?post=62027"}],"version-history":[{"count":1,"href":"https:\/\/www.grieta.org.mx\/index.php\/wp-json\/wp\/v2\/posts\/62027\/revisions"}],"predecessor-version":[{"id":62028,"href":"https:\/\/www.grieta.org.mx\/index.php\/wp-json\/wp\/v2\/posts\/62027\/revisions\/62028"}],"wp:featuredmedia":[{"embeddable":true,"href":"https:\/\/www.grieta.org.mx\/index.php\/wp-json\/wp\/v2\/media\/62029"}],"wp:attachment":[{"href":"https:\/\/www.grieta.org.mx\/index.php\/wp-json\/wp\/v2\/media?parent=62027"}],"wp:term":[{"taxonomy":"category","embeddable":true,"href":"https:\/\/www.grieta.org.mx\/index.php\/wp-json\/wp\/v2\/categories?post=62027"},{"taxonomy":"post_tag","embeddable":true,"href":"https:\/\/www.grieta.org.mx\/index.php\/wp-json\/wp\/v2\/tags?post=62027"}],"curies":[{"name":"wp","href":"https:\/\/api.w.org\/{rel}","templated":true}]}}