{"id":62012,"date":"2021-09-24T11:24:06","date_gmt":"2021-09-24T16:24:06","guid":{"rendered":"https:\/\/www.grieta.org.mx\/?p=62012"},"modified":"2021-09-27T11:35:52","modified_gmt":"2021-09-27T16:35:52","slug":"comunidad-lgbt-condena-agresion-a-trans-en-nayarit","status":"publish","type":"post","link":"https:\/\/www.grieta.org.mx\/index.php\/2021\/09\/24\/comunidad-lgbt-condena-agresion-a-trans-en-nayarit\/","title":{"rendered":"Comunidad LGBT condena agresi\u00f3n a trans en Nayarit"},"content":{"rendered":"<p>Foto: Crys Ben\u00edtez<\/p>\n<p>Crys Ben\u00edtez \/ El Occidental<\/p>\n<p>TEPIC, Nayarit. (OEM-Informex).- Ante la agresi\u00f3n sexual de la que fuera v\u00edctima en Aticama, San Blas, la chica trans, conocida como &#8220;Marimar&#8221;, la presidente de la asociaci\u00f3n &#8220;Ser Libre&#8221;, Mara Rojo, acept\u00f3 que la comunidad LGBT se encuentra consternada ante este hecho de discriminaci\u00f3n.<\/p>\n<p>Aclar\u00f3 que la homofobia sigue prevaleciendo en Nayarit y casos como la de Marimar, quien se desempe\u00f1aba como velador de la zona de ramadas de la playa antes mencionada, no es el \u00fanico, pues hay varios de este tipo y, ante ello, es necesario que las instancias en la materia hagan su trabajo.<\/p>\n<p>La dirigente acus\u00f3 a los funcionarios de no hacer su trabajo en lo que respecta a los ataques a integrantes de la comunidad LGBT, puesto que muchos de estos no se han atendido como es debido.<\/p>\n<p>Es por eso que exigen a los servidores &#8220;hagan justicia&#8221;, afirmando que no es justo que alguien que no se mete con nadie pueda ser atacada de esta manera tan cobarde.<\/p>\n<p>Advirti\u00f3 que este ataque podr\u00eda afectar tur\u00edsticamente a la zona, dado que nadie quiere ir a un sitio en donde no se est\u00e1 garantizando la seguridad, pues esta es una de las prioridades para cualquier gobierno, por lo que ya se hizo el llamado al alcalde del municipio, Jos\u00e9 Barajas.<\/p>\n<p>A\u00f1adi\u00f3 que, por ahora, Marimar se encuentra hospitalizada, incluso se solicit\u00f3 cooperaci\u00f3n para realizarse una serie de ex\u00e1menes m\u00e9dicos, esperando que cuando logre recuperarse, interponga la denuncia que podr\u00eda ser que no quiera llevarlo a cabo por temor a las represalias.<\/p>\n<p><a href=\"https:\/\/www.eloccidental.com.mx\/local\/noticias-condena-comunidad-lgbt-agresion-a-trans-en-nayarit-7252852.html\">https:\/\/www.eloccidental.com.mx\/local\/noticias-condena-comunidad-lgbt-agresion-a-trans-en-nayarit-7252852.html<\/a><\/p>\n","protected":false},"excerpt":{"rendered":"<p>Foto: Crys Ben\u00edtez Crys Ben\u00edtez \/ El Occidental TEPIC, Nayarit. (OEM-Informex).- Ante la agresi\u00f3n sexual de la que fuera v\u00edctima en Aticama, San Blas, la chica trans, conocida como &#8220;Marimar&#8221;, &hellip; <a href=\"https:\/\/www.grieta.org.mx\/index.php\/2021\/09\/24\/comunidad-lgbt-condena-agresion-a-trans-en-nayarit\/\" class=\"more-link\">Leer m\u00e1s<\/a><\/p>\n","protected":false},"author":2,"featured_media":62013,"comment_status":"closed","ping_status":"closed","sticky":false,"template":"","format":"standard","meta":{"ngg_post_thumbnail":0,"_jetpack_newsletter_access":"","_jetpack_dont_email_post_to_subs":false,"_jetpack_newsletter_tier_id":0,"_jetpack_memberships_contains_paywalled_content":false,"_jetpack_memberships_contains_paid_content":false,"footnotes":""},"categories":[80,23,2,3784],"tags":[1824,3313,3370,408,3394,1226],"class_list":["post-62012","post","type-post","status-publish","format-standard","has-post-thumbnail","hentry","category-cintillo","category-nayarit","category-noticias-nacionales","category-violencia-contra-la-comunidad-lgbtttiq-en-nayarit","tag-acoso-sexual","tag-agresiones","tag-comunidad-trans","tag-derechos-comunidad-lgbttti","tag-transfobia","tag-violencia-contra-la-comunidad-lgbttti","entry"],"jetpack_featured_media_url":"https:\/\/www.grieta.org.mx\/wp-content\/uploads\/2021\/09\/Ser-Libre.jpg","jetpack_sharing_enabled":true,"jetpack_shortlink":"https:\/\/wp.me\/p7ZJR4-g8c","jetpack_likes_enabled":false,"jetpack-related-posts":[{"id":65984,"url":"https:\/\/www.grieta.org.mx\/index.php\/2022\/12\/22\/exige-comunidad-lgbt-justicia-para-cletho-giovanni-nayarit\/","url_meta":{"origin":62012,"position":0},"title":"Exige comunidad LGBT+ justicia para Cletho Giovanni (Nayarit)","author":"grieta","date":"22 diciembre, 2022","format":false,"excerpt":"Imagen: Meridiano.mx Fernando P\u00e9rez Ulloa A trav\u00e9s de las redes sociales la comunidad LGBT+ dio a conocer que el joven Cletho Giovanni, quien era originario del poblado de Amapa, municipio de Santiago Ixcuintla, falleci\u00f3 la madrugada de hoy mi\u00e9rcoles en el Hospital Civil de esta capital. En el breve comunicado\u2026","rel":"","context":"En &quot;CINTILLO&quot;","block_context":{"text":"CINTILLO","link":"https:\/\/www.grieta.org.mx\/index.php\/category\/cintillo\/"},"img":{"alt_text":"","src":"https:\/\/i0.wp.com\/www.grieta.org.mx\/wp-content\/uploads\/2022\/12\/320974441_854085559128233_7353229079492881034_n-696x483-1.jpg?resize=350%2C200&ssl=1","width":350,"height":200,"srcset":"https:\/\/i0.wp.com\/www.grieta.org.mx\/wp-content\/uploads\/2022\/12\/320974441_854085559128233_7353229079492881034_n-696x483-1.jpg?resize=350%2C200&ssl=1 1x, https:\/\/i0.wp.com\/www.grieta.org.mx\/wp-content\/uploads\/2022\/12\/320974441_854085559128233_7353229079492881034_n-696x483-1.jpg?resize=525%2C300&ssl=1 1.5x"},"classes":[]},{"id":56395,"url":"https:\/\/www.grieta.org.mx\/index.php\/2021\/01\/20\/reprueban-transfeminicidio-de-dayanne-scarllett-nayarit\/","url_meta":{"origin":62012,"position":1},"title":"Reprueban transfeminicidio de Dayanne Scarllett (Nayarit)","author":"grieta","date":"20 enero, 2021","format":false,"excerpt":"Foto: Realidades de Nayarit Comunidad LGBTIQ+ se\u00f1ala que no tolerara m\u00e1s violencia hacia aquellas personas que salen de las normatividades corporales, sexuales y de g\u00e9nero Mildra Ben\u00edtez Robledo \/ Realidades de Nayarit Tepic, Nayarit.- 20 de enero del 2021. La ma\u00f1ana del pasado domingo, Dayanne Scarllett, una mujer trans de\u2026","rel":"","context":"En &quot;CINTILLO&quot;","block_context":{"text":"CINTILLO","link":"https:\/\/www.grieta.org.mx\/index.php\/category\/cintillo\/"},"img":{"alt_text":"","src":"https:\/\/i0.wp.com\/www.grieta.org.mx\/wp-content\/uploads\/2021\/01\/Sin-titulo-9-1.jpg?resize=350%2C200&ssl=1","width":350,"height":200,"srcset":"https:\/\/i0.wp.com\/www.grieta.org.mx\/wp-content\/uploads\/2021\/01\/Sin-titulo-9-1.jpg?resize=350%2C200&ssl=1 1x, https:\/\/i0.wp.com\/www.grieta.org.mx\/wp-content\/uploads\/2021\/01\/Sin-titulo-9-1.jpg?resize=525%2C300&ssl=1 1.5x, https:\/\/i0.wp.com\/www.grieta.org.mx\/wp-content\/uploads\/2021\/01\/Sin-titulo-9-1.jpg?resize=700%2C400&ssl=1 2x"},"classes":[]},{"id":65216,"url":"https:\/\/www.grieta.org.mx\/index.php\/2022\/09\/14\/estudiantes-y-egresadas-del-tec-de-tepic-denuncian-ser-victimas-de-acoso-y-machismo-por-parte-de-los-profesores-nayarit\/","url_meta":{"origin":62012,"position":2},"title":"Estudiantes y egresadas del Tec de Tepic denuncian ser v\u00edctimas de acoso y machismo por parte de los profesores (Nayarit)","author":"grieta","date":"14 septiembre, 2022","format":false,"excerpt":"Imagen: Crys Ben\u00edtez Crys Ben\u00edtez \/ El Occidental Tepic, Nayarit.- Este mi\u00e9rcoles por la ma\u00f1ana, estudiantes y egresadas del Tecnol\u00f3gico de Tepic llevaron a cabo una manifestaci\u00f3n frente a la instituci\u00f3n educativa y para ello, bloquearon la calle por corto tiempo, esto como protesta ante la falta de respuesta por\u2026","rel":"","context":"En &quot;CINTILLO&quot;","block_context":{"text":"CINTILLO","link":"https:\/\/www.grieta.org.mx\/index.php\/category\/cintillo\/"},"img":{"alt_text":"","src":"https:\/\/i0.wp.com\/www.grieta.org.mx\/wp-content\/uploads\/2022\/09\/ManifestacionTepic.jpg?resize=350%2C200&ssl=1","width":350,"height":200,"srcset":"https:\/\/i0.wp.com\/www.grieta.org.mx\/wp-content\/uploads\/2022\/09\/ManifestacionTepic.jpg?resize=350%2C200&ssl=1 1x, https:\/\/i0.wp.com\/www.grieta.org.mx\/wp-content\/uploads\/2022\/09\/ManifestacionTepic.jpg?resize=525%2C300&ssl=1 1.5x, https:\/\/i0.wp.com\/www.grieta.org.mx\/wp-content\/uploads\/2022\/09\/ManifestacionTepic.jpg?resize=700%2C400&ssl=1 2x"},"classes":[]},{"id":72001,"url":"https:\/\/www.grieta.org.mx\/index.php\/2025\/06\/17\/nos-quitaron-el-pride-acusan-al-gobierno-de-aduenarse-de-la-marcha-lgbtq-en-sayulita-nayarit\/","url_meta":{"origin":62012,"position":3},"title":"\u00a1Nos quitaron el Pride! Acusan al gobierno de adue\u00f1arse de la marcha LGBTQ+ en Sayulita (Nayarit)","author":"grieta","date":"17 junio, 2025","format":false,"excerpt":"Imagen:\u00a0 Tribuna de la Bah\u00eda Activistas denuncian apropiaci\u00f3n institucional y censura durante el Pride 2025 en Sayulita, Bah\u00eda de Banderas, Nayarit Er\u00e9ndira Rangel \/ Tribuna de la Bah\u00eda El pasado 13 de junio,\u00a0activistas del Movimiento por la Igualdad en M\u00e9xico (MOVii) denunciaron p\u00fablicamente actos de censura,\u00a0apropiaci\u00f3n del Pride LGBTQ+ en\u2026","rel":"","context":"En &quot;CINTILLO&quot;","block_context":{"text":"CINTILLO","link":"https:\/\/www.grieta.org.mx\/index.php\/category\/cintillo\/"},"img":{"alt_text":"","src":"https:\/\/i0.wp.com\/www.grieta.org.mx\/wp-content\/uploads\/2025\/07\/Tribuna-2.jpg.webp?resize=350%2C200&ssl=1","width":350,"height":200,"srcset":"https:\/\/i0.wp.com\/www.grieta.org.mx\/wp-content\/uploads\/2025\/07\/Tribuna-2.jpg.webp?resize=350%2C200&ssl=1 1x, https:\/\/i0.wp.com\/www.grieta.org.mx\/wp-content\/uploads\/2025\/07\/Tribuna-2.jpg.webp?resize=525%2C300&ssl=1 1.5x, https:\/\/i0.wp.com\/www.grieta.org.mx\/wp-content\/uploads\/2025\/07\/Tribuna-2.jpg.webp?resize=700%2C400&ssl=1 2x"},"classes":[]},{"id":66469,"url":"https:\/\/www.grieta.org.mx\/index.php\/2023\/03\/08\/nayarit-colectivos-feministas-marchan-por-la-violencia-que-se-ejerce-contra-ellas\/","url_meta":{"origin":62012,"position":4},"title":"Nayarit: Colectivos feministas marchan por la violencia que se ejerce contra ellas","author":"grieta","date":"8 marzo, 2023","format":false,"excerpt":"Imagen: Crys Ben\u00edtez Crys Ben\u00edtez El Occidental Tepic, Nayarit (OEM- Informex).- Este 8 de Marzo en el marco del \"D\u00eda Internacional de la Mujer\" diversos colectivos feministas marcharon en la capital nayarita con el objetivo de reflexionar en torno a los avances que se han tenido y la deuda que\u2026","rel":"","context":"En &quot;CINTILLO&quot;","block_context":{"text":"CINTILLO","link":"https:\/\/www.grieta.org.mx\/index.php\/category\/cintillo\/"},"img":{"alt_text":"","src":"https:\/\/i0.wp.com\/www.grieta.org.mx\/wp-content\/uploads\/2023\/03\/Manifestantes-Nayarit.jpeg?resize=350%2C200&ssl=1","width":350,"height":200,"srcset":"https:\/\/i0.wp.com\/www.grieta.org.mx\/wp-content\/uploads\/2023\/03\/Manifestantes-Nayarit.jpeg?resize=350%2C200&ssl=1 1x, https:\/\/i0.wp.com\/www.grieta.org.mx\/wp-content\/uploads\/2023\/03\/Manifestantes-Nayarit.jpeg?resize=525%2C300&ssl=1 1.5x, https:\/\/i0.wp.com\/www.grieta.org.mx\/wp-content\/uploads\/2023\/03\/Manifestantes-Nayarit.jpeg?resize=700%2C400&ssl=1 2x"},"classes":[]},{"id":50750,"url":"https:\/\/www.grieta.org.mx\/index.php\/2020\/06\/12\/fracasa-la-nueva-normalidad-en-nayarit-se-disparan-contagios\/","url_meta":{"origin":62012,"position":5},"title":"Fracasa la nueva normalidad en Nayarit, se disparan contagios","author":"grieta","date":"12 junio, 2020","format":false,"excerpt":"Foto: Crys Ben\u00edtez Crys Benitez \/ El Occidental TEPIC, Nayarit (OEM-Informex).- Tras la reapertura de negocios esenciales y el t\u00e9rmino del confinamiento los casos por Covid-19 se han disparado en la entidad, gracias a que la poblaci\u00f3n sali\u00f3 de sus casas sin tomar las medidas pertinentes que marca la \"nueva\u2026","rel":"","context":"En &quot;CINTILLO&quot;","block_context":{"text":"CINTILLO","link":"https:\/\/www.grieta.org.mx\/index.php\/category\/cintillo\/"},"img":{"alt_text":"","src":"https:\/\/i0.wp.com\/www.grieta.org.mx\/wp-content\/uploads\/2018\/03\/14524434_1106112876131411_958039263622046936_o.jpg?resize=350%2C200&ssl=1","width":350,"height":200,"srcset":"https:\/\/i0.wp.com\/www.grieta.org.mx\/wp-content\/uploads\/2018\/03\/14524434_1106112876131411_958039263622046936_o.jpg?resize=350%2C200&ssl=1 1x, https:\/\/i0.wp.com\/www.grieta.org.mx\/wp-content\/uploads\/2018\/03\/14524434_1106112876131411_958039263622046936_o.jpg?resize=525%2C300&ssl=1 1.5x, https:\/\/i0.wp.com\/www.grieta.org.mx\/wp-content\/uploads\/2018\/03\/14524434_1106112876131411_958039263622046936_o.jpg?resize=700%2C400&ssl=1 2x"},"classes":[]}],"_links":{"self":[{"href":"https:\/\/www.grieta.org.mx\/index.php\/wp-json\/wp\/v2\/posts\/62012","targetHints":{"allow":["GET"]}}],"collection":[{"href":"https:\/\/www.grieta.org.mx\/index.php\/wp-json\/wp\/v2\/posts"}],"about":[{"href":"https:\/\/www.grieta.org.mx\/index.php\/wp-json\/wp\/v2\/types\/post"}],"author":[{"embeddable":true,"href":"https:\/\/www.grieta.org.mx\/index.php\/wp-json\/wp\/v2\/users\/2"}],"replies":[{"embeddable":true,"href":"https:\/\/www.grieta.org.mx\/index.php\/wp-json\/wp\/v2\/comments?post=62012"}],"version-history":[{"count":1,"href":"https:\/\/www.grieta.org.mx\/index.php\/wp-json\/wp\/v2\/posts\/62012\/revisions"}],"predecessor-version":[{"id":62014,"href":"https:\/\/www.grieta.org.mx\/index.php\/wp-json\/wp\/v2\/posts\/62012\/revisions\/62014"}],"wp:featuredmedia":[{"embeddable":true,"href":"https:\/\/www.grieta.org.mx\/index.php\/wp-json\/wp\/v2\/media\/62013"}],"wp:attachment":[{"href":"https:\/\/www.grieta.org.mx\/index.php\/wp-json\/wp\/v2\/media?parent=62012"}],"wp:term":[{"taxonomy":"category","embeddable":true,"href":"https:\/\/www.grieta.org.mx\/index.php\/wp-json\/wp\/v2\/categories?post=62012"},{"taxonomy":"post_tag","embeddable":true,"href":"https:\/\/www.grieta.org.mx\/index.php\/wp-json\/wp\/v2\/tags?post=62012"}],"curies":[{"name":"wp","href":"https:\/\/api.w.org\/{rel}","templated":true}]}}