{"id":62008,"date":"2021-09-19T10:55:06","date_gmt":"2021-09-19T15:55:06","guid":{"rendered":"https:\/\/www.grieta.org.mx\/?p=62008"},"modified":"2021-09-27T11:05:57","modified_gmt":"2021-09-27T16:05:57","slug":"a-un-ano-de-la-desaparicion-de-kenia-y-karla-piden-a-autoridades-mas-apertura-jalisco","status":"publish","type":"post","link":"https:\/\/www.grieta.org.mx\/index.php\/2021\/09\/19\/a-un-ano-de-la-desaparicion-de-kenia-y-karla-piden-a-autoridades-mas-apertura-jalisco\/","title":{"rendered":"A un a\u00f1o de la desaparici\u00f3n de Kenia y Karla piden a autoridades m\u00e1s apertura (Jalisco)"},"content":{"rendered":"<p>Foto: El Occidental<\/p>\n<p>Isabel R\u00edos \/ El Occidental<\/p>\n<p>A un a\u00f1o de la desaparici\u00f3n de Kenia Duarte P\u00e9rez y Karla Garc\u00eda Duarte, as\u00ed como de Jaime Adri\u00e1n Ram\u00edrez Sol\u00eds, en el municipio de Zapopan, el colectivo Uni\u00f3n Diversa de Jalisco pidi\u00f3 a las autoridades se garanticen los derechos de los familiares.<\/p>\n<p>El 18 de septiembre de 2020, poco despu\u00e9s de las 23:00 horas, fueron vistos por \u00faltima vez los tres j\u00f3venes en la colonia Mesa Colorada, en el municipio de Zapopan, cuando se dirig\u00edan a una fiesta. Como desde entonces no se ha sabido nada y no se han dado avances para evidenciar su paradero, la agrupaci\u00f3n que defiende los derechos de la comunidad LGBTTTIQ+ no solo se solidariz\u00f3 con las familias, sino que pidi\u00f3 a las autoridades una serie de cosas.<\/p>\n<p>\u201cQue mantengan constante comunicaci\u00f3n con las familias y les presenten de manera oportuna los avances de la investigaci\u00f3n; y que se les permita a las familias y sus representantes legales acceder al expediente de la investigaci\u00f3n\u201d, expresaron en el pronunciamiento emitido.<\/p>\n<p>Tambi\u00e9n exigi\u00f3 a las autoridades que informen con oportunidad sobre los resultados de identificaci\u00f3n o localizaci\u00f3n de restos humanos; que en verdad act\u00faen por llevar a cabo las reparaciones del da\u00f1o correspondiente; y que se apeguen en todo momento a la ley general en materia de desaparici\u00f3n forzada, desaparici\u00f3n cometida por particulares y del sistema nacional de b\u00fasqueda de personas.<\/p>\n<p>\u201cEl estado debe usar todos los medios posibles para garantizar que las investigaciones y procedimientos judiciales sean expeditos. De acuerdo con los protocolos y manuales, que cumplan con los lineamientos establecidos en los instrumentos internacionales de derechos humanos\u201d, a\u00f1adieron.<\/p>\n<p><a href=\"https:\/\/www.eloccidental.com.mx\/local\/noticias-a-un-ano-de-la-desaparicion-de-kenia-y-karla-piden-a-autoridades-mas-apertura-7231282.html\">https:\/\/www.eloccidental.com.mx\/local\/noticias-a-un-ano-de-la-desaparicion-de-kenia-y-karla-piden-a-autoridades-mas-apertura-7231282.html<\/a><\/p>\n","protected":false},"excerpt":{"rendered":"<p>Foto: El Occidental Isabel R\u00edos \/ El Occidental A un a\u00f1o de la desaparici\u00f3n de Kenia Duarte P\u00e9rez y Karla Garc\u00eda Duarte, as\u00ed como de Jaime Adri\u00e1n Ram\u00edrez Sol\u00eds, en &hellip; <a href=\"https:\/\/www.grieta.org.mx\/index.php\/2021\/09\/19\/a-un-ano-de-la-desaparicion-de-kenia-y-karla-piden-a-autoridades-mas-apertura-jalisco\/\" class=\"more-link\">Leer m\u00e1s<\/a><\/p>\n","protected":false},"author":2,"featured_media":62010,"comment_status":"closed","ping_status":"closed","sticky":false,"template":"","format":"standard","meta":{"ngg_post_thumbnail":0,"_jetpack_newsletter_access":"","_jetpack_dont_email_post_to_subs":false,"_jetpack_newsletter_tier_id":0,"_jetpack_memberships_contains_paywalled_content":false,"_jetpack_memberships_contains_paid_content":false,"footnotes":""},"categories":[80,87,1032,20,2,83,3670],"tags":[1828,408,121,1226],"class_list":["post-62008","post","type-post","status-publish","format-standard","has-post-thumbnail","hentry","category-cintillo","category-desaparecidos","category-desaparecidos-en-jalisco","category-jalisco","category-noticias-nacionales","category-temas-nacionales","category-violencia-contra-la-comunidad-lgbtttiq-en-jalisco","tag-busqueda-de-desaparecidos","tag-derechos-comunidad-lgbttti","tag-desaparecidos","tag-violencia-contra-la-comunidad-lgbttti","entry"],"jetpack_featured_media_url":"https:\/\/www.grieta.org.mx\/wp-content\/uploads\/2021\/09\/Nos-siguen-faltando.jpeg","jetpack_sharing_enabled":true,"jetpack_shortlink":"https:\/\/wp.me\/p7ZJR4-g88","jetpack_likes_enabled":false,"jetpack-related-posts":[{"id":59789,"url":"https:\/\/www.grieta.org.mx\/index.php\/2021\/06\/12\/en-marcha-por-sus-derechos-comunidad-lgbtttiq-pugnaron-porque-autoridades-atiendan-a-familiares-de-desaparecidos-jalisco\/","url_meta":{"origin":62008,"position":0},"title":"En marcha por sus derechos comunidad LGBTTTIQ pugnaron porque autoridades atiendan a familiares de desaparecidos (Jalisco)","author":"grieta","date":"12 junio, 2021","format":false,"excerpt":"Foto: Aurelio Maga\u00f1a Elizabeth R\u00edos \/ El Occidental Luego de que el a\u00f1o pasado no se manifestaran por la pandemia, este s\u00e1bado colectivos y ciudadan\u00eda encabezaron la Marcha del Orgullo GDL, con la cual alzaron la voz para exigir el pleno respeto de los derechos de la comunidad LGBTTTIQ+. Aunque\u2026","rel":"","context":"En &quot;CINTILLO&quot;","block_context":{"text":"CINTILLO","link":"https:\/\/www.grieta.org.mx\/index.php\/category\/cintillo\/"},"img":{"alt_text":"","src":"https:\/\/i0.wp.com\/www.grieta.org.mx\/wp-content\/uploads\/2021\/06\/Marcha_GDL-2.jpg?resize=350%2C200&ssl=1","width":350,"height":200,"srcset":"https:\/\/i0.wp.com\/www.grieta.org.mx\/wp-content\/uploads\/2021\/06\/Marcha_GDL-2.jpg?resize=350%2C200&ssl=1 1x, https:\/\/i0.wp.com\/www.grieta.org.mx\/wp-content\/uploads\/2021\/06\/Marcha_GDL-2.jpg?resize=525%2C300&ssl=1 1.5x, https:\/\/i0.wp.com\/www.grieta.org.mx\/wp-content\/uploads\/2021\/06\/Marcha_GDL-2.jpg?resize=700%2C400&ssl=1 2x"},"classes":[]},{"id":57192,"url":"https:\/\/www.grieta.org.mx\/index.php\/2021\/02\/18\/cinco-meses-sin-kenia-y-karla-mujeres-trans-desaparecidas-en-jalisco\/","url_meta":{"origin":62008,"position":1},"title":"Cinco meses sin Kenia y Karla, mujeres trans desaparecidas en Jalisco","author":"grieta","date":"18 febrero, 2021","format":false,"excerpt":"Imagen: Zona Docs Este 18 de febrero se cumplieron cinco meses de la desaparici\u00f3n de Kenia Duarte P\u00e9rez de 20 a\u00f1os y su amiga Karla Garc\u00eda Duarte de 22 a\u00f1os, desaparecidas en septiembre de 2020 en la colonia Mesa Colorada Oriente del municipio de Zapopan, mientras se dirig\u00edan a una\u2026","rel":"","context":"En &quot;CINTILLO&quot;","block_context":{"text":"CINTILLO","link":"https:\/\/www.grieta.org.mx\/index.php\/category\/cintillo\/"},"img":{"alt_text":"","src":"https:\/\/i0.wp.com\/www.grieta.org.mx\/wp-content\/uploads\/2021\/02\/Copia-de-Copia-de-Disenos-portada-2-2.jpg?resize=350%2C200&ssl=1","width":350,"height":200,"srcset":"https:\/\/i0.wp.com\/www.grieta.org.mx\/wp-content\/uploads\/2021\/02\/Copia-de-Copia-de-Disenos-portada-2-2.jpg?resize=350%2C200&ssl=1 1x, https:\/\/i0.wp.com\/www.grieta.org.mx\/wp-content\/uploads\/2021\/02\/Copia-de-Copia-de-Disenos-portada-2-2.jpg?resize=525%2C300&ssl=1 1.5x, https:\/\/i0.wp.com\/www.grieta.org.mx\/wp-content\/uploads\/2021\/02\/Copia-de-Copia-de-Disenos-portada-2-2.jpg?resize=700%2C400&ssl=1 2x, https:\/\/i0.wp.com\/www.grieta.org.mx\/wp-content\/uploads\/2021\/02\/Copia-de-Copia-de-Disenos-portada-2-2.jpg?resize=1050%2C600&ssl=1 3x, https:\/\/i0.wp.com\/www.grieta.org.mx\/wp-content\/uploads\/2021\/02\/Copia-de-Copia-de-Disenos-portada-2-2.jpg?resize=1400%2C800&ssl=1 4x"},"classes":[]},{"id":65295,"url":"https:\/\/www.grieta.org.mx\/index.php\/2022\/09\/21\/a-dos-anos-la-fiscalia-de-jalisco-solo-ha-conseguido-detener-a-una-persona-presuntamente-implicada-en-la-desaparicion-de-kenia-y-karla\/","url_meta":{"origin":62008,"position":2},"title":"A dos a\u00f1os la Fiscal\u00eda de Jalisco s\u00f3lo ha conseguido detener a una persona presuntamente implicada en la desaparici\u00f3n de Kenia y Karla","author":"grieta","date":"21 septiembre, 2022","format":false,"excerpt":"Imagen: Zona Docs M\u00e1s de 700 d\u00edas de exigencia no han sido suficientes para que la Fiscal\u00eda de Jalisco lleve a cabo las acciones necesarias para localizar a Kenia Duarte P\u00e9rez y Karla Garc\u00eda Duarte, mujeres trans desaparecidas en la colonia Mesa Colorada Oriente de Zapopan, Jalisco el 18 de\u2026","rel":"","context":"En &quot;CINTILLO&quot;","block_context":{"text":"CINTILLO","link":"https:\/\/www.grieta.org.mx\/index.php\/category\/cintillo\/"},"img":{"alt_text":"","src":"https:\/\/i0.wp.com\/www.grieta.org.mx\/wp-content\/uploads\/2022\/09\/photo1663786840-1-1068x801-1.jpeg?resize=350%2C200&ssl=1","width":350,"height":200,"srcset":"https:\/\/i0.wp.com\/www.grieta.org.mx\/wp-content\/uploads\/2022\/09\/photo1663786840-1-1068x801-1.jpeg?resize=350%2C200&ssl=1 1x, https:\/\/i0.wp.com\/www.grieta.org.mx\/wp-content\/uploads\/2022\/09\/photo1663786840-1-1068x801-1.jpeg?resize=525%2C300&ssl=1 1.5x, https:\/\/i0.wp.com\/www.grieta.org.mx\/wp-content\/uploads\/2022\/09\/photo1663786840-1-1068x801-1.jpeg?resize=700%2C400&ssl=1 2x, https:\/\/i0.wp.com\/www.grieta.org.mx\/wp-content\/uploads\/2022\/09\/photo1663786840-1-1068x801-1.jpeg?resize=1050%2C600&ssl=1 3x"},"classes":[]},{"id":61518,"url":"https:\/\/www.grieta.org.mx\/index.php\/2021\/08\/29\/nos-siguen-faltando-reclaman-familiares-de-kenia-y-karla-mujeres-trans-desaparecidas-junto-a-familias-buscadoras-en-zapopan-jalisco\/","url_meta":{"origin":62008,"position":3},"title":"\u201cNos siguen faltando\u201d reclaman familiares de Kenia y Karla, mujeres trans desaparecidas junto a familias buscadoras en Zapopan (Jalisco)","author":"grieta","date":"29 agosto, 2021","format":false,"excerpt":"Foto: Christian Cantero Con una acci\u00f3n religiosa familiares de Kenia Duarte P\u00e9rez y Karla Garc\u00eda Duarte, j\u00f3venes trans desaparecidas el 18 de septiembre de 2020 en la colonia Mesa Colorada Oriente de Zapopan, se unieron a la exigencia de aparici\u00f3n con vida de las decenas de personas que tambi\u00e9n han\u2026","rel":"","context":"En &quot;CINTILLO&quot;","block_context":{"text":"CINTILLO","link":"https:\/\/www.grieta.org.mx\/index.php\/category\/cintillo\/"},"img":{"alt_text":"","src":"https:\/\/i0.wp.com\/www.grieta.org.mx\/wp-content\/uploads\/2021\/09\/photo4999207148336556971-1068x802-1.jpg?resize=350%2C200&ssl=1","width":350,"height":200,"srcset":"https:\/\/i0.wp.com\/www.grieta.org.mx\/wp-content\/uploads\/2021\/09\/photo4999207148336556971-1068x802-1.jpg?resize=350%2C200&ssl=1 1x, https:\/\/i0.wp.com\/www.grieta.org.mx\/wp-content\/uploads\/2021\/09\/photo4999207148336556971-1068x802-1.jpg?resize=525%2C300&ssl=1 1.5x, https:\/\/i0.wp.com\/www.grieta.org.mx\/wp-content\/uploads\/2021\/09\/photo4999207148336556971-1068x802-1.jpg?resize=700%2C400&ssl=1 2x, https:\/\/i0.wp.com\/www.grieta.org.mx\/wp-content\/uploads\/2021\/09\/photo4999207148336556971-1068x802-1.jpg?resize=1050%2C600&ssl=1 3x"},"classes":[]},{"id":54090,"url":"https:\/\/www.grieta.org.mx\/index.php\/2020\/10\/08\/mujeres-trans-desaparecen-en-jalisco-colectivos-denuncian-ante-la-onu\/","url_meta":{"origin":62008,"position":4},"title":"Mujeres trans desaparecen en Jalisco, colectivos denuncian ante la ONU","author":"grieta","date":"8 octubre, 2020","format":false,"excerpt":"Foto: Especial Dalia Souza \/ Pie de P\u00e1gina A las 23:24 horas de este mi\u00e9rcoles 7 de octubre, Protocolo Alba inform\u00f3 a trav\u00e9s de sus redes sociales que\u00a0Dafne Anah\u00ed V\u00e1zquez Ben\u00edtez, de 26 a\u00f1os, fue localizada. La joven se encontraba desaparecida desde el 18 de septiembre pasado,\u00a0luego de salir de\u2026","rel":"","context":"En &quot;CINTILLO&quot;","block_context":{"text":"CINTILLO","link":"https:\/\/www.grieta.org.mx\/index.php\/category\/cintillo\/"},"img":{"alt_text":"","src":"https:\/\/i0.wp.com\/www.grieta.org.mx\/wp-content\/uploads\/2020\/10\/photo5186190181655488652.jpg?resize=350%2C200&ssl=1","width":350,"height":200,"srcset":"https:\/\/i0.wp.com\/www.grieta.org.mx\/wp-content\/uploads\/2020\/10\/photo5186190181655488652.jpg?resize=350%2C200&ssl=1 1x, https:\/\/i0.wp.com\/www.grieta.org.mx\/wp-content\/uploads\/2020\/10\/photo5186190181655488652.jpg?resize=525%2C300&ssl=1 1.5x, https:\/\/i0.wp.com\/www.grieta.org.mx\/wp-content\/uploads\/2020\/10\/photo5186190181655488652.jpg?resize=700%2C400&ssl=1 2x, https:\/\/i0.wp.com\/www.grieta.org.mx\/wp-content\/uploads\/2020\/10\/photo5186190181655488652.jpg?resize=1050%2C600&ssl=1 3x"},"classes":[]},{"id":57697,"url":"https:\/\/www.grieta.org.mx\/index.php\/2021\/03\/07\/exigen-politicas-para-detener-violencia-contra-mujeres-de-la-comunidad-lgbtttiq-jalisco\/","url_meta":{"origin":62008,"position":5},"title":"Exigen pol\u00edticas para detener violencia contra mujeres de la comunidad LGBTTTIQ+ (Jalisco)","author":"grieta","date":"7 marzo, 2021","format":false,"excerpt":"Foto: Cuartoscuro Jalisco est\u00e1 entre los primeros 10 estados con mayor n\u00famero de asesinatos de la comunidad gay Elizabeth R\u00edos \/ El Occidental Porque las acciones que se han llevado hasta el momento para abatir el problema no han dado resultado, la agrupaci\u00f3n Uni\u00f3n Diversa de Jalisco exigi\u00f3 a autoridades\u2026","rel":"","context":"En &quot;CINTILLO&quot;","block_context":{"text":"CINTILLO","link":"https:\/\/www.grieta.org.mx\/index.php\/category\/cintillo\/"},"img":{"alt_text":"","src":"https:\/\/i0.wp.com\/www.grieta.org.mx\/wp-content\/uploads\/2021\/03\/comunidad-LGBTTTIQ.jpeg?resize=350%2C200&ssl=1","width":350,"height":200,"srcset":"https:\/\/i0.wp.com\/www.grieta.org.mx\/wp-content\/uploads\/2021\/03\/comunidad-LGBTTTIQ.jpeg?resize=350%2C200&ssl=1 1x, https:\/\/i0.wp.com\/www.grieta.org.mx\/wp-content\/uploads\/2021\/03\/comunidad-LGBTTTIQ.jpeg?resize=525%2C300&ssl=1 1.5x, https:\/\/i0.wp.com\/www.grieta.org.mx\/wp-content\/uploads\/2021\/03\/comunidad-LGBTTTIQ.jpeg?resize=700%2C400&ssl=1 2x"},"classes":[]}],"_links":{"self":[{"href":"https:\/\/www.grieta.org.mx\/index.php\/wp-json\/wp\/v2\/posts\/62008","targetHints":{"allow":["GET"]}}],"collection":[{"href":"https:\/\/www.grieta.org.mx\/index.php\/wp-json\/wp\/v2\/posts"}],"about":[{"href":"https:\/\/www.grieta.org.mx\/index.php\/wp-json\/wp\/v2\/types\/post"}],"author":[{"embeddable":true,"href":"https:\/\/www.grieta.org.mx\/index.php\/wp-json\/wp\/v2\/users\/2"}],"replies":[{"embeddable":true,"href":"https:\/\/www.grieta.org.mx\/index.php\/wp-json\/wp\/v2\/comments?post=62008"}],"version-history":[{"count":1,"href":"https:\/\/www.grieta.org.mx\/index.php\/wp-json\/wp\/v2\/posts\/62008\/revisions"}],"predecessor-version":[{"id":62011,"href":"https:\/\/www.grieta.org.mx\/index.php\/wp-json\/wp\/v2\/posts\/62008\/revisions\/62011"}],"wp:featuredmedia":[{"embeddable":true,"href":"https:\/\/www.grieta.org.mx\/index.php\/wp-json\/wp\/v2\/media\/62010"}],"wp:attachment":[{"href":"https:\/\/www.grieta.org.mx\/index.php\/wp-json\/wp\/v2\/media?parent=62008"}],"wp:term":[{"taxonomy":"category","embeddable":true,"href":"https:\/\/www.grieta.org.mx\/index.php\/wp-json\/wp\/v2\/categories?post=62008"},{"taxonomy":"post_tag","embeddable":true,"href":"https:\/\/www.grieta.org.mx\/index.php\/wp-json\/wp\/v2\/tags?post=62008"}],"curies":[{"name":"wp","href":"https:\/\/api.w.org\/{rel}","templated":true}]}}