{"id":6199,"date":"2015-10-23T18:27:13","date_gmt":"2015-10-23T18:27:13","guid":{"rendered":"http:\/\/50.22.11.12\/~grietaor\/?p=6199"},"modified":"2016-03-28T18:29:30","modified_gmt":"2016-03-28T18:29:30","slug":"primer-parque-eolico-de-yucatan-alimentara-todos-los-cinepolis","status":"publish","type":"post","link":"https:\/\/www.grieta.org.mx\/index.php\/2015\/10\/23\/primer-parque-eolico-de-yucatan-alimentara-todos-los-cinepolis\/","title":{"rendered":"Primer parque e\u00f3lico de Yucat\u00e1n \u2018alimentar\u00e1\u2019 todos los Cin\u00e9polis"},"content":{"rendered":"<p>M\u00c9RIDA, Yuc.- Las mas de 5 mil salas de cine que maneja la empresa Cin\u00e9polis a nivel nacional, ser\u00e1n alimentadas de energ\u00eda el\u00e9ctrica limpia producida por el primer parque e\u00f3lico asentado en el municipio de Dzilam en Yucat\u00e1n, cuyo monto de inversi\u00f3n para su construcci\u00f3n ronda los 90 millones de d\u00f3lares, adelant\u00f3 el Secretario de Fomento Econ\u00f3mico, Ernesto Herrera Novelo.<\/p>\n<p>El funcionario estatal explic\u00f3 que los trabajos del parque e\u00f3lico en ese municipio ya registran un importante avance en sus instalaciones, mismas que ya recibir\u00e1n las primeras torres de m\u00e1s de 150 metros de alto en que se colocar\u00e1n las enormes h\u00e9lices encargadas de la generaci\u00f3n de energ\u00eda.<\/p>\n<p>\u201cToda la energ\u00eda limpia que se inicie a producir en este primer parque e\u00f3lico ubicado en el municipio Dzilam se utilizar\u00e1 para alimentar de energ\u00eda el\u00e9ctrica a todas las salas de cine de la empresa Cin\u00e9polis, misma que ya inicio con su campa\u00f1a de la utilizaci\u00f3n de energ\u00edas renovables en sus instalaciones\u201d, detall\u00f3.<\/p>\n<p>Herrera Novelo, precis\u00f3 que el parque de Dzilam Bravo tendr\u00eda 36 aerogeneradores y se construir\u00eda sobre un predio de mil 345 hect\u00e1reas en el municipio del mismo nombre con capacidad para generar hasta 70 megawatts de potencia.<\/p>\n<p>CFE y Green Energy<br \/>\nLa distribuci\u00f3n de la energ\u00eda el\u00e9ctrica producida en este parque estar\u00e1 a cargo de la Comisi\u00f3n Federal de Electricidad (CFE), a trav\u00e9s de sus redes se encargar\u00e1 de entregarla a los clientes que se le indique. La CFE cobrar\u00e1 una cuota de porteo al parque e\u00f3lico por transportar su energ\u00eda hacia el socio estrat\u00e9gico que se le asigne.<\/p>\n<p>Indic\u00f3 que la empresa encargada de arrancar con este proyecto es Green Energy, de origen norteamericano con socios mexicanos, la que ya solicit\u00f3 los permisos pertinentes de importaci\u00f3n de las torres que soportaran a las h\u00e9lices de los aerogeneradores de energ\u00eda.<\/p>\n<p>Estas piezas necesitan un permiso especial de incorporaci\u00f3n al pa\u00eds, misma que se realizar\u00e1 v\u00eda el puerto de Progreso, por lo enorme de peso y altura de las torres.<\/p>\n<p>\u201cSe le tienen que tramitar unos permisos especiales ante las autoridades aduanales para que se pueda dar entrada a las torres que soportaran a las enormes h\u00e9lices, estos permisos ya est\u00e1n y se esta trabajando con ellos para que antes de fin de a\u00f1o est\u00e9n en tierras locales\u201d, apunt\u00f3.<\/p>\n<p>M\u00e1s proyectos ambientales<br \/>\nErnesto Herrera, adelant\u00f3 que para Yucat\u00e1n se tienen otros dos proyectos de parque e\u00f3licos, los que tambi\u00e9n ya registran avances notables en su desarrollo.<\/p>\n<p>A\u00f1adi\u00f3 que tambi\u00e9n para Yucat\u00e1n hay solicitud de nueve granjas solares de los promoventes American Solar Integrators, Renovable SFP, Desarrollos Fotovoltaicos de M\u00e9xico, Renovable SFV, EERR de Yucat\u00e1n, Defodeme Peninsular, cuya capacidad de generaci\u00f3n sumada alcanza los 196 megawatts de generaci\u00f3n el\u00e9ctrica a partir de la luz solar.<\/p>\n<p>En tanto, la Comisi\u00f3n Reguladora de Energ\u00eda, confirm\u00f3 que para Yucat\u00e1n hay en puerta al menos otro proyecto e\u00f3lico de la firma la firma NotusEnergy, la cual inici\u00f3 la tramitaci\u00f3n de los permisos de factibilidad desde finales de 2011 y es uno de los que ya cuentan con la aprobaci\u00f3n de factibilidad por parte de ese organismo.<\/p>\n<p><a href=\"http:\/\/sipse.com\/milenio\/yucatan-electricidad-cinepolis-mexico-energia-limpia-cfe-175371.html\" target=\"_blank\">sipse.com\/milenio\/yucatan-electricidad-cinepolis-mexico-energia-limpia-cfe-175371.html<\/a><\/p>\n","protected":false},"excerpt":{"rendered":"<p>M\u00c9RIDA, Yuc.- Las mas de 5 mil salas de cine que maneja la empresa Cin\u00e9polis a nivel nacional, ser\u00e1n alimentadas de energ\u00eda el\u00e9ctrica limpia producida por el primer parque e\u00f3lico &hellip; <a href=\"https:\/\/www.grieta.org.mx\/index.php\/2015\/10\/23\/primer-parque-eolico-de-yucatan-alimentara-todos-los-cinepolis\/\" class=\"more-link\">Leer m\u00e1s<\/a><\/p>\n","protected":false},"author":2,"featured_media":21928,"comment_status":"closed","ping_status":"open","sticky":false,"template":"","format":"standard","meta":{"ngg_post_thumbnail":0,"_jetpack_newsletter_access":"","_jetpack_dont_email_post_to_subs":false,"_jetpack_newsletter_tier_id":0,"_jetpack_memberships_contains_paywalled_content":false,"_jetpack_memberships_contains_paid_content":false,"footnotes":""},"categories":[80,153],"tags":[177],"class_list":["post-6199","post","type-post","status-publish","format-standard","has-post-thumbnail","hentry","category-cintillo","category-yucatan","tag-parque-eolico","entry"],"jetpack_featured_media_url":"https:\/\/www.grieta.org.mx\/wp-content\/uploads\/2018\/03\/14524434_1106112876131411_958039263622046936_o.jpg","jetpack_sharing_enabled":true,"jetpack_shortlink":"https:\/\/wp.me\/p7ZJR4-1BZ","jetpack_likes_enabled":false,"jetpack-related-posts":[{"id":6189,"url":"https:\/\/www.grieta.org.mx\/index.php\/2016\/08\/29\/avanzan-proyectos-de-parques-eolicos-en-yucatan\/","url_meta":{"origin":6199,"position":0},"title":"Avanzan proyectos de parques e\u00f3licos en Yucat\u00e1n","author":"grieta","date":"29 agosto, 2016","format":false,"excerpt":"29\/08\/16. Sorpresa en obra e\u00f3lica (Yucat\u00e1n) Diario de Yucat\u00e1n 11\/06\/16. En Yucat\u00e1n, empresas de energ\u00eda e\u00f3lica obtendr\u00e1n cr\u00e9ditos hipotecando tierras mayas Mayapolitikon 31\/03\/16. Motul y Ticul \u201cacaparan\u201d parques e\u00f3licos y solares en Yucat\u00e1n Mayapolitikon 03\/12\/15. Pronto nuevo parque e\u00f3lico Diario de Yucat\u00e1n 23\/10\/15. Primer parque e\u00f3lico de Yucat\u00e1n 'alimentar\u00e1' todos\u2026","rel":"","context":"En &quot;16. Pueblo Maya&quot;","block_context":{"text":"16. Pueblo Maya","link":"https:\/\/www.grieta.org.mx\/index.php\/category\/espejos-de-la-resistencia\/16-pueblo-maya\/"},"img":{"alt_text":"","src":"https:\/\/i0.wp.com\/www.grieta.org.mx\/wp-content\/uploads\/2018\/03\/14524434_1106112876131411_958039263622046936_o.jpg?resize=350%2C200&ssl=1","width":350,"height":200,"srcset":"https:\/\/i0.wp.com\/www.grieta.org.mx\/wp-content\/uploads\/2018\/03\/14524434_1106112876131411_958039263622046936_o.jpg?resize=350%2C200&ssl=1 1x, https:\/\/i0.wp.com\/www.grieta.org.mx\/wp-content\/uploads\/2018\/03\/14524434_1106112876131411_958039263622046936_o.jpg?resize=525%2C300&ssl=1 1.5x, https:\/\/i0.wp.com\/www.grieta.org.mx\/wp-content\/uploads\/2018\/03\/14524434_1106112876131411_958039263622046936_o.jpg?resize=700%2C400&ssl=1 2x"},"classes":[]},{"id":6222,"url":"https:\/\/www.grieta.org.mx\/index.php\/2013\/07\/16\/parque-eolico-de-dzilam-bravo-a-segunda-vuelta\/","url_meta":{"origin":6199,"position":1},"title":"Parque e\u00f3lico de Dzilam Bravo, a segunda vuelta","author":"grieta","date":"16 julio, 2013","format":false,"excerpt":"El proyecto plantea 36 aerogeneradores, el doble de la capacidad expuesta en la primera estrategia rechazada en febrero. Canc\u00fan, Qroo. La firma e\u00f3lica del Golfo 1 reingres\u00f3 a la Secretar\u00eda de Medio Ambiente y Recursos Naturales (Semarnat) su proyecto de parque e\u00f3lico para el municipio de Dzilam de Bravo, Yucat\u00e1n.\u2026","rel":"","context":"En &quot;CINTILLO&quot;","block_context":{"text":"CINTILLO","link":"https:\/\/www.grieta.org.mx\/index.php\/category\/cintillo\/"},"img":{"alt_text":"","src":"https:\/\/i0.wp.com\/www.grieta.org.mx\/wp-content\/uploads\/2018\/03\/14524434_1106112876131411_958039263622046936_o.jpg?resize=350%2C200&ssl=1","width":350,"height":200,"srcset":"https:\/\/i0.wp.com\/www.grieta.org.mx\/wp-content\/uploads\/2018\/03\/14524434_1106112876131411_958039263622046936_o.jpg?resize=350%2C200&ssl=1 1x, https:\/\/i0.wp.com\/www.grieta.org.mx\/wp-content\/uploads\/2018\/03\/14524434_1106112876131411_958039263622046936_o.jpg?resize=525%2C300&ssl=1 1.5x, https:\/\/i0.wp.com\/www.grieta.org.mx\/wp-content\/uploads\/2018\/03\/14524434_1106112876131411_958039263622046936_o.jpg?resize=700%2C400&ssl=1 2x"},"classes":[]},{"id":6228,"url":"https:\/\/www.grieta.org.mx\/index.php\/2015\/12\/03\/pronto-nuevo-parque-eolico\/","url_meta":{"origin":6199,"position":2},"title":"Pronto nuevo parque e\u00f3lico","author":"grieta","date":"3 diciembre, 2015","format":false,"excerpt":"Su construcci\u00f3n y puesta en marcha ser\u00e1 en el 2016 3 de diciembre de 2015 A m\u00e1s de dos a\u00f1os de la presentaci\u00f3n del proyecto del primer parque e\u00f3lico en Yucat\u00e1n, se inform\u00f3 que en marzo del pr\u00f3ximo a\u00f1o se iniciar\u00e1 su construcci\u00f3n en terrenos del puerto de Dzilam de\u2026","rel":"","context":"En &quot;CINTILLO&quot;","block_context":{"text":"CINTILLO","link":"https:\/\/www.grieta.org.mx\/index.php\/category\/cintillo\/"},"img":{"alt_text":"","src":"https:\/\/i0.wp.com\/www.grieta.org.mx\/wp-content\/uploads\/2018\/03\/14524434_1106112876131411_958039263622046936_o.jpg?resize=350%2C200&ssl=1","width":350,"height":200,"srcset":"https:\/\/i0.wp.com\/www.grieta.org.mx\/wp-content\/uploads\/2018\/03\/14524434_1106112876131411_958039263622046936_o.jpg?resize=350%2C200&ssl=1 1x, https:\/\/i0.wp.com\/www.grieta.org.mx\/wp-content\/uploads\/2018\/03\/14524434_1106112876131411_958039263622046936_o.jpg?resize=525%2C300&ssl=1 1.5x, https:\/\/i0.wp.com\/www.grieta.org.mx\/wp-content\/uploads\/2018\/03\/14524434_1106112876131411_958039263622046936_o.jpg?resize=700%2C400&ssl=1 2x"},"classes":[]},{"id":6220,"url":"https:\/\/www.grieta.org.mx\/index.php\/2013\/09\/12\/parque-eolico-dzilam-bravo-proyecto-reprobado-por-ambientalistas\/","url_meta":{"origin":6199,"position":3},"title":"Parque E\u00f3lico Dzilam Bravo, proyecto reprobado por ambientalistas","author":"grieta","date":"12 septiembre, 2013","format":false,"excerpt":"En Yucat\u00e1n, a s\u00f3lo 1.28 kil\u00f3metros de la costa, se planea la instalaci\u00f3n de un parque e\u00f3lico. Su Manifestaci\u00f3n de Impacto Ambiental deja entrever la falta de seriedad y responsabilidad con respecto al impacto que generar\u00e1 en la localidad. En el sur de la Rep\u00fablica Mexicana se planea un desarrollo\u2026","rel":"","context":"En &quot;CINTILLO&quot;","block_context":{"text":"CINTILLO","link":"https:\/\/www.grieta.org.mx\/index.php\/category\/cintillo\/"},"img":{"alt_text":"","src":"https:\/\/i0.wp.com\/www.grieta.org.mx\/wp-content\/uploads\/2018\/03\/14524434_1106112876131411_958039263622046936_o.jpg?resize=350%2C200&ssl=1","width":350,"height":200,"srcset":"https:\/\/i0.wp.com\/www.grieta.org.mx\/wp-content\/uploads\/2018\/03\/14524434_1106112876131411_958039263622046936_o.jpg?resize=350%2C200&ssl=1 1x, https:\/\/i0.wp.com\/www.grieta.org.mx\/wp-content\/uploads\/2018\/03\/14524434_1106112876131411_958039263622046936_o.jpg?resize=525%2C300&ssl=1 1.5x, https:\/\/i0.wp.com\/www.grieta.org.mx\/wp-content\/uploads\/2018\/03\/14524434_1106112876131411_958039263622046936_o.jpg?resize=700%2C400&ssl=1 2x"},"classes":[]},{"id":6225,"url":"https:\/\/www.grieta.org.mx\/index.php\/2013\/01\/22\/rechaza-semarnat-proyecto-eolico-para-dzilam-bravo\/","url_meta":{"origin":6199,"position":4},"title":"Rechaza Semarnat proyecto e\u00f3lico para Dzilam Bravo","author":"grieta","date":"22 enero, 2013","format":false,"excerpt":"El parque e\u00f3lico que la empresa Vive Energ\u00eda o E\u00f3lica del Golfo 1 proyectaba para Dzilam de Bravo fue rechazado por la Delegaci\u00f3n de Semarnat en Yucat\u00e1n porque no cumpli\u00f3 con todos los requisitos normativos. Jorge Carlos Berl\u00edn Montero, delegado de esa dependencia en la Entidad, inform\u00f3 que el proyecto\u2026","rel":"","context":"En &quot;CINTILLO&quot;","block_context":{"text":"CINTILLO","link":"https:\/\/www.grieta.org.mx\/index.php\/category\/cintillo\/"},"img":{"alt_text":"","src":"https:\/\/i0.wp.com\/www.grieta.org.mx\/wp-content\/uploads\/2018\/03\/14524434_1106112876131411_958039263622046936_o.jpg?resize=350%2C200&ssl=1","width":350,"height":200,"srcset":"https:\/\/i0.wp.com\/www.grieta.org.mx\/wp-content\/uploads\/2018\/03\/14524434_1106112876131411_958039263622046936_o.jpg?resize=350%2C200&ssl=1 1x, https:\/\/i0.wp.com\/www.grieta.org.mx\/wp-content\/uploads\/2018\/03\/14524434_1106112876131411_958039263622046936_o.jpg?resize=525%2C300&ssl=1 1.5x, https:\/\/i0.wp.com\/www.grieta.org.mx\/wp-content\/uploads\/2018\/03\/14524434_1106112876131411_958039263622046936_o.jpg?resize=700%2C400&ssl=1 2x"},"classes":[]},{"id":6217,"url":"https:\/\/www.grieta.org.mx\/index.php\/2014\/04\/07\/luz-verde-al-parque-eolico-en-yucatan\/","url_meta":{"origin":6199,"position":5},"title":"Luz verde al Parque E\u00f3lico en Yucat\u00e1n","author":"grieta","date":"7 abril, 2014","format":false,"excerpt":"COSTO DE LA OBRA: M\u00e1s de mil 800 millones de pesos UBICACI\u00d3N: A 1.29 kil\u00f3metros de la costa, al sur del municipio EMPRESA RESPONSABLE: Vive Energ\u00eda-E\u00f3lica del Golfo NO. DE AEROGENERADORES: 36 de 175 metros de altura cada uno, con capacidad de 1.95 megawatts BENEFICIOS: Generar\u00e1 el 10 por ciento\u2026","rel":"","context":"En &quot;CINTILLO&quot;","block_context":{"text":"CINTILLO","link":"https:\/\/www.grieta.org.mx\/index.php\/category\/cintillo\/"},"img":{"alt_text":"","src":"https:\/\/i0.wp.com\/www.grieta.org.mx\/wp-content\/uploads\/2018\/03\/14524434_1106112876131411_958039263622046936_o.jpg?resize=350%2C200&ssl=1","width":350,"height":200,"srcset":"https:\/\/i0.wp.com\/www.grieta.org.mx\/wp-content\/uploads\/2018\/03\/14524434_1106112876131411_958039263622046936_o.jpg?resize=350%2C200&ssl=1 1x, https:\/\/i0.wp.com\/www.grieta.org.mx\/wp-content\/uploads\/2018\/03\/14524434_1106112876131411_958039263622046936_o.jpg?resize=525%2C300&ssl=1 1.5x, https:\/\/i0.wp.com\/www.grieta.org.mx\/wp-content\/uploads\/2018\/03\/14524434_1106112876131411_958039263622046936_o.jpg?resize=700%2C400&ssl=1 2x"},"classes":[]}],"_links":{"self":[{"href":"https:\/\/www.grieta.org.mx\/index.php\/wp-json\/wp\/v2\/posts\/6199","targetHints":{"allow":["GET"]}}],"collection":[{"href":"https:\/\/www.grieta.org.mx\/index.php\/wp-json\/wp\/v2\/posts"}],"about":[{"href":"https:\/\/www.grieta.org.mx\/index.php\/wp-json\/wp\/v2\/types\/post"}],"author":[{"embeddable":true,"href":"https:\/\/www.grieta.org.mx\/index.php\/wp-json\/wp\/v2\/users\/2"}],"replies":[{"embeddable":true,"href":"https:\/\/www.grieta.org.mx\/index.php\/wp-json\/wp\/v2\/comments?post=6199"}],"version-history":[{"count":1,"href":"https:\/\/www.grieta.org.mx\/index.php\/wp-json\/wp\/v2\/posts\/6199\/revisions"}],"predecessor-version":[{"id":6202,"href":"https:\/\/www.grieta.org.mx\/index.php\/wp-json\/wp\/v2\/posts\/6199\/revisions\/6202"}],"wp:featuredmedia":[{"embeddable":true,"href":"https:\/\/www.grieta.org.mx\/index.php\/wp-json\/wp\/v2\/media\/21928"}],"wp:attachment":[{"href":"https:\/\/www.grieta.org.mx\/index.php\/wp-json\/wp\/v2\/media?parent=6199"}],"wp:term":[{"taxonomy":"category","embeddable":true,"href":"https:\/\/www.grieta.org.mx\/index.php\/wp-json\/wp\/v2\/categories?post=6199"},{"taxonomy":"post_tag","embeddable":true,"href":"https:\/\/www.grieta.org.mx\/index.php\/wp-json\/wp\/v2\/tags?post=6199"}],"curies":[{"name":"wp","href":"https:\/\/api.w.org\/{rel}","templated":true}]}}