{"id":61853,"date":"2021-09-23T17:10:49","date_gmt":"2021-09-23T22:10:49","guid":{"rendered":"http:\/\/www.grieta.org.mx\/?p=61853"},"modified":"2021-09-23T17:10:49","modified_gmt":"2021-09-23T22:10:49","slug":"cdmx-diversos-colectivos-redes-e-individuos-convocan-a-movilizarse-este-24-de-septiembre-de-2021","status":"publish","type":"post","link":"https:\/\/www.grieta.org.mx\/index.php\/2021\/09\/23\/cdmx-diversos-colectivos-redes-e-individuos-convocan-a-movilizarse-este-24-de-septiembre-de-2021\/","title":{"rendered":"CDMX, DIVERSOS COLECTIVOS, REDES E INDIVIDUOS CONVOCAN A MOVILIZARSE ESTE 24 DE SEPTIEMBRE DE 2021"},"content":{"rendered":"<p>\u00abLLAMAMOS A LA EUROPA DE ABAJO Y A LA IZQUIERDA Y A LA SEXTA NACIONAL E INTERNACIONAL A MANIFESTARSE FRENTE A LAS EMBAJADAS Y CONSULADOS DE M\u00c9XICO, Y EN LAS CASAS DEL GOBIERNO DEL ESTADO DE CHIAPAS, PARA EXIGIRLES QUE SE DEJEN YA DE PROVOCACIONES Y ABANDONEN EL CULTO A LA MUERTE QUE PROFESAN<strong>\u00ab<\/strong><\/p>\n<p>&nbsp;<\/p>\n<p>DIVERSOS COLECTIVOS, REDES E INDIVIDUOS<br \/>\nDE LA CDMX<br \/>\n<strong>CONVOCAN A MOVILIZARSE <\/strong>ESTE<br \/>\n<strong>24 DE SEPTIEMBRE DE 2021, 16:00 HORAS<br \/>\n<\/strong>INSURGENTES Y REFORMA<br \/>\nPARA CAMINAR HACIA LA SECRETAR\u00cdA DE GOBERNACI\u00d3N<\/p>\n<p><strong><img loading=\"lazy\" decoding=\"async\" class=\"alignnone size-medium wp-image-23331 jetpack-lazy-image jetpack-lazy-image--handled\" src=\"https:\/\/i1.wp.com\/enlacezapatista.ezln.org.mx\/wp-content\/uploads\/2021\/09\/1.jpeg?resize=640%2C414\" sizes=\"auto, (max-width: 640px) 100vw, 640px\" srcset=\"https:\/\/i1.wp.com\/enlacezapatista.ezln.org.mx\/wp-content\/uploads\/2021\/09\/1.jpeg?resize=640%2C414 640w, https:\/\/i1.wp.com\/enlacezapatista.ezln.org.mx\/wp-content\/uploads\/2021\/09\/1.jpeg?resize=1024%2C662 1024w, https:\/\/i1.wp.com\/enlacezapatista.ezln.org.mx\/wp-content\/uploads\/2021\/09\/1.jpeg?resize=768%2C497 768w, https:\/\/i1.wp.com\/enlacezapatista.ezln.org.mx\/wp-content\/uploads\/2021\/09\/1.jpeg?w=1280 1280w\" alt=\"\" width=\"640\" height=\"414\" data-attachment-id=\"23331\" data-permalink=\"http:\/\/enlacezapatista.ezln.org.mx\/2021\/09\/22\/diversos-colectivos-redes-e-individuos-convocan-a-movilizarse-este-24-de-septiembre-de-2021\/1-32\/\" data-orig-file=\"https:\/\/i1.wp.com\/enlacezapatista.ezln.org.mx\/wp-content\/uploads\/2021\/09\/1.jpeg?fit=1280%2C828\" data-orig-size=\"1280,828\" data-comments-opened=\"1\" data-image-meta=\"{&quot;aperture&quot;:&quot;0&quot;,&quot;credit&quot;:&quot;&quot;,&quot;camera&quot;:&quot;&quot;,&quot;caption&quot;:&quot;&quot;,&quot;created_timestamp&quot;:&quot;0&quot;,&quot;copyright&quot;:&quot;&quot;,&quot;focal_length&quot;:&quot;0&quot;,&quot;iso&quot;:&quot;0&quot;,&quot;shutter_speed&quot;:&quot;0&quot;,&quot;title&quot;:&quot;&quot;,&quot;orientation&quot;:&quot;0&quot;}\" data-image-title=\"1\" data-image-description=\"\" data-image-caption=\"\" data-medium-file=\"https:\/\/i1.wp.com\/enlacezapatista.ezln.org.mx\/wp-content\/uploads\/2021\/09\/1.jpeg?fit=640%2C414\" data-large-file=\"https:\/\/i1.wp.com\/enlacezapatista.ezln.org.mx\/wp-content\/uploads\/2021\/09\/1.jpeg?fit=1024%2C662\" data-recalc-dims=\"1\" data-lazy-loaded=\"1\" \/>\u00a0<\/strong><\/p>\n<p><img loading=\"lazy\" decoding=\"async\" class=\"size-medium wp-image-23332 aligncenter jetpack-lazy-image jetpack-lazy-image--handled\" src=\"https:\/\/i0.wp.com\/enlacezapatista.ezln.org.mx\/wp-content\/uploads\/2021\/09\/2.jpeg?resize=414%2C640\" sizes=\"auto, (max-width: 414px) 100vw, 414px\" srcset=\"https:\/\/i0.wp.com\/enlacezapatista.ezln.org.mx\/wp-content\/uploads\/2021\/09\/2.jpeg?resize=414%2C640 414w, https:\/\/i0.wp.com\/enlacezapatista.ezln.org.mx\/wp-content\/uploads\/2021\/09\/2.jpeg?resize=662%2C1024 662w, https:\/\/i0.wp.com\/enlacezapatista.ezln.org.mx\/wp-content\/uploads\/2021\/09\/2.jpeg?resize=768%2C1187 768w, https:\/\/i0.wp.com\/enlacezapatista.ezln.org.mx\/wp-content\/uploads\/2021\/09\/2.jpeg?w=828 828w\" alt=\"\" width=\"414\" height=\"640\" data-attachment-id=\"23332\" data-permalink=\"http:\/\/enlacezapatista.ezln.org.mx\/2021\/09\/22\/diversos-colectivos-redes-e-individuos-convocan-a-movilizarse-este-24-de-septiembre-de-2021\/2-25\/\" data-orig-file=\"https:\/\/i0.wp.com\/enlacezapatista.ezln.org.mx\/wp-content\/uploads\/2021\/09\/2.jpeg?fit=828%2C1280\" data-orig-size=\"828,1280\" data-comments-opened=\"1\" data-image-meta=\"{&quot;aperture&quot;:&quot;0&quot;,&quot;credit&quot;:&quot;&quot;,&quot;camera&quot;:&quot;&quot;,&quot;caption&quot;:&quot;&quot;,&quot;created_timestamp&quot;:&quot;0&quot;,&quot;copyright&quot;:&quot;&quot;,&quot;focal_length&quot;:&quot;0&quot;,&quot;iso&quot;:&quot;0&quot;,&quot;shutter_speed&quot;:&quot;0&quot;,&quot;title&quot;:&quot;&quot;,&quot;orientation&quot;:&quot;0&quot;}\" data-image-title=\"2\" data-image-description=\"\" data-image-caption=\"\" data-medium-file=\"https:\/\/i0.wp.com\/enlacezapatista.ezln.org.mx\/wp-content\/uploads\/2021\/09\/2.jpeg?fit=414%2C640\" data-large-file=\"https:\/\/i0.wp.com\/enlacezapatista.ezln.org.mx\/wp-content\/uploads\/2021\/09\/2.jpeg?fit=662%2C1024\" data-recalc-dims=\"1\" data-lazy-loaded=\"1\" \/><\/p>\n<p><img loading=\"lazy\" decoding=\"async\" class=\"wp-image-23333 aligncenter jetpack-lazy-image jetpack-lazy-image--handled\" src=\"https:\/\/i0.wp.com\/enlacezapatista.ezln.org.mx\/wp-content\/uploads\/2021\/09\/3.jpeg?resize=414%2C537\" sizes=\"auto, (max-width: 414px) 100vw, 414px\" srcset=\"https:\/\/i0.wp.com\/enlacezapatista.ezln.org.mx\/wp-content\/uploads\/2021\/09\/3.jpeg?resize=494%2C640 494w, https:\/\/i0.wp.com\/enlacezapatista.ezln.org.mx\/wp-content\/uploads\/2021\/09\/3.jpeg?resize=790%2C1024 790w, https:\/\/i0.wp.com\/enlacezapatista.ezln.org.mx\/wp-content\/uploads\/2021\/09\/3.jpeg?resize=768%2C996 768w, https:\/\/i0.wp.com\/enlacezapatista.ezln.org.mx\/wp-content\/uploads\/2021\/09\/3.jpeg?resize=1185%2C1536 1185w, https:\/\/i0.wp.com\/enlacezapatista.ezln.org.mx\/wp-content\/uploads\/2021\/09\/3.jpeg?w=1234 1234w\" alt=\"\" width=\"414\" height=\"537\" data-attachment-id=\"23333\" data-permalink=\"http:\/\/enlacezapatista.ezln.org.mx\/2021\/09\/22\/diversos-colectivos-redes-e-individuos-convocan-a-movilizarse-este-24-de-septiembre-de-2021\/3-24\/\" data-orig-file=\"https:\/\/i0.wp.com\/enlacezapatista.ezln.org.mx\/wp-content\/uploads\/2021\/09\/3.jpeg?fit=1234%2C1600\" data-orig-size=\"1234,1600\" data-comments-opened=\"1\" data-image-meta=\"{&quot;aperture&quot;:&quot;0&quot;,&quot;credit&quot;:&quot;&quot;,&quot;camera&quot;:&quot;&quot;,&quot;caption&quot;:&quot;&quot;,&quot;created_timestamp&quot;:&quot;0&quot;,&quot;copyright&quot;:&quot;&quot;,&quot;focal_length&quot;:&quot;0&quot;,&quot;iso&quot;:&quot;0&quot;,&quot;shutter_speed&quot;:&quot;0&quot;,&quot;title&quot;:&quot;&quot;,&quot;orientation&quot;:&quot;0&quot;}\" data-image-title=\"3\" data-image-description=\"\" data-image-caption=\"\" data-medium-file=\"https:\/\/i0.wp.com\/enlacezapatista.ezln.org.mx\/wp-content\/uploads\/2021\/09\/3.jpeg?fit=494%2C640\" data-large-file=\"https:\/\/i0.wp.com\/enlacezapatista.ezln.org.mx\/wp-content\/uploads\/2021\/09\/3.jpeg?fit=790%2C1024\" data-recalc-dims=\"1\" data-lazy-loaded=\"1\" \/><\/p>\n<div class=\"a2a_kit a2a_kit_size_32 addtoany_list\" data-a2a-url=\"http:\/\/enlacezapatista.ezln.org.mx\/2021\/09\/22\/diversos-colectivos-redes-e-individuos-convocan-a-movilizarse-este-24-de-septiembre-de-2021\/\" data-a2a-title=\"CDMX, DIVERSOS COLECTIVOS, REDES E INDIVIDUOS CONVOCAN A MOVILIZARSE ESTE 24 DE SEPTIEMBRE DE 2021\u00a0\"><\/div>\n<p><a href=\"http:\/\/enlacezapatista.ezln.org.mx\/2021\/09\/22\/diversos-colectivos-redes-e-individuos-convocan-a-movilizarse-este-24-de-septiembre-de-2021\/\" rel=\"noopener\" target=\"_blank\">http:\/\/enlacezapatista.ezln.org.mx\/2021\/09\/22\/diversos-colectivos-redes-e-individuos-convocan-a-movilizarse-este-24-de-septiembre-de-2021\/<\/a><\/p>\n","protected":false},"excerpt":{"rendered":"<p>\u00abLLAMAMOS A LA EUROPA DE ABAJO Y A LA IZQUIERDA Y A LA SEXTA NACIONAL E INTERNACIONAL A MANIFESTARSE FRENTE A LAS EMBAJADAS Y CONSULADOS DE M\u00c9XICO, Y EN LAS &hellip; <a href=\"https:\/\/www.grieta.org.mx\/index.php\/2021\/09\/23\/cdmx-diversos-colectivos-redes-e-individuos-convocan-a-movilizarse-este-24-de-septiembre-de-2021\/\" class=\"more-link\">Leer m\u00e1s<\/a><\/p>\n","protected":false},"author":2,"featured_media":61854,"comment_status":"closed","ping_status":"closed","sticky":false,"template":"","format":"standard","meta":{"ngg_post_thumbnail":0,"_jetpack_newsletter_access":"","_jetpack_dont_email_post_to_subs":false,"_jetpack_newsletter_tier_id":0,"_jetpack_memberships_contains_paywalled_content":false,"_jetpack_memberships_contains_paid_content":false,"footnotes":""},"categories":[3674,80,2,2661],"tags":[1812,3782],"class_list":["post-61853","post","type-post","status-publish","format-standard","has-post-thumbnail","hentry","category-contra-la-guerra-al-ezln","category-cintillo","category-noticias-nacionales","category-redes-de-resistencia-y-rebeldia","tag-adherentes-a-la-sexta","tag-redes-de-resistencia-y-rebeldia","entry"],"jetpack_featured_media_url":"https:\/\/www.grieta.org.mx\/wp-content\/uploads\/2021\/09\/Screenshot-2021-09-23-at-17-10-31-CDMX-DIVERSOS-COLECTIVOS-REDES-E-INDIVIDUOS-CONVOCAN-A-MOVILIZARSE-ESTE-24-DE-SEPTIEMBR....png","jetpack_sharing_enabled":true,"jetpack_shortlink":"https:\/\/wp.me\/p7ZJR4-g5D","jetpack_likes_enabled":false,"jetpack-related-posts":[{"id":40891,"url":"https:\/\/www.grieta.org.mx\/index.php\/2019\/10\/10\/12deoctubre-jornada-global-de-lucha-samir-flores-vive\/","url_meta":{"origin":61853,"position":0},"title":"#12deOctubre, Jornada Global de Lucha, Samir Flores Vive","author":"grieta","date":"10 octubre, 2019","format":false,"excerpt":"Redacci\u00f3n \/ La Coperacha Comunidades y colectivos anuncian acciones dislocadas en M\u00e9xico, Espa\u00f1a, Estados Unidos contra megaproyectos. Con un llamado a realizar acciones dislocadas a los largo del pa\u00eds e incluso en el extranjero, diversas organizaciones ind\u00edgenas y colectivos, agrupados en el Congreso Nacional Ind\u00edgena (CNI-CIG), adherentes a la Sexta\u2026","rel":"","context":"En &quot;CINTILLO&quot;","block_context":{"text":"CINTILLO","link":"https:\/\/www.grieta.org.mx\/index.php\/category\/cintillo\/"},"img":{"alt_text":"","src":"https:\/\/i0.wp.com\/www.grieta.org.mx\/wp-content\/uploads\/2019\/11\/Jornada-de-lucha-12-de-octubre.png?resize=350%2C200&ssl=1","width":350,"height":200,"srcset":"https:\/\/i0.wp.com\/www.grieta.org.mx\/wp-content\/uploads\/2019\/11\/Jornada-de-lucha-12-de-octubre.png?resize=350%2C200&ssl=1 1x, https:\/\/i0.wp.com\/www.grieta.org.mx\/wp-content\/uploads\/2019\/11\/Jornada-de-lucha-12-de-octubre.png?resize=525%2C300&ssl=1 1.5x, https:\/\/i0.wp.com\/www.grieta.org.mx\/wp-content\/uploads\/2019\/11\/Jornada-de-lucha-12-de-octubre.png?resize=700%2C400&ssl=1 2x, https:\/\/i0.wp.com\/www.grieta.org.mx\/wp-content\/uploads\/2019\/11\/Jornada-de-lucha-12-de-octubre.png?resize=1050%2C600&ssl=1 3x"},"classes":[]},{"id":53712,"url":"https:\/\/www.grieta.org.mx\/index.php\/2020\/09\/20\/festival-de-las-resistencias-veracruz\/","url_meta":{"origin":61853,"position":1},"title":"\u00a1Festival de las Resistencias! (Veracruz)","author":"Admin","date":"20 septiembre, 2020","format":false,"excerpt":"Jos\u00e9 Juan Garc\u00eda \/ Notiver Integrantes de colectivos de la zona conurbada Veracruz-Boca del R\u00edo se unieron al II Festival de las Resistencias que se convoc\u00f3 a nivel nacional en apoyo al Congreso Nacional Indigenista del Ej\u00e9rcito Zapatista de Liberaci\u00f3n Nacional (EZLN). Los j\u00f3venes activistas se reunieron en la plaza\u2026","rel":"","context":"En &quot;CINTILLO&quot;","block_context":{"text":"CINTILLO","link":"https:\/\/www.grieta.org.mx\/index.php\/category\/cintillo\/"},"img":{"alt_text":"","src":"https:\/\/i0.wp.com\/www.grieta.org.mx\/wp-content\/uploads\/2020\/09\/files.php_.jpg?resize=350%2C200&ssl=1","width":350,"height":200},"classes":[]},{"id":61915,"url":"https:\/\/www.grieta.org.mx\/index.php\/2021\/09\/25\/colectivos-organizaciones-e-individuos-marchan-en-la-cdmx-para-decirle-a-los-pueblos-zapatistas-que-no-estan-solos\/","url_meta":{"origin":61853,"position":2},"title":"Colectivos, organizaciones e individuos marchan en la CDMX para decirle a los pueblos zapatistas que \u00a1No est\u00e1n solos!","author":"grieta","date":"25 septiembre, 2021","format":false,"excerpt":"Colectivo Grieta Ciudad de M\u00e9xico, 24 de septiembre.- El viernes 24 de septiembre m\u00e1s de un millar de manifestantes pertenecientes a diferentes colectivos, organizaciones y personas a t\u00edtulo individual marcharon por avenida Reforma hasta la Secretar\u00eda de Gobernaci\u00f3n para exigir el cese de las agresiones en contra de las comunidades\u2026","rel":"","context":"En &quot;CINTILLO&quot;","block_context":{"text":"CINTILLO","link":"https:\/\/www.grieta.org.mx\/index.php\/category\/cintillo\/"},"img":{"alt_text":"","src":"https:\/\/i0.wp.com\/www.grieta.org.mx\/wp-content\/uploads\/2021\/09\/IMG_0433.jpg?resize=350%2C200&ssl=1","width":350,"height":200,"srcset":"https:\/\/i0.wp.com\/www.grieta.org.mx\/wp-content\/uploads\/2021\/09\/IMG_0433.jpg?resize=350%2C200&ssl=1 1x, https:\/\/i0.wp.com\/www.grieta.org.mx\/wp-content\/uploads\/2021\/09\/IMG_0433.jpg?resize=525%2C300&ssl=1 1.5x, https:\/\/i0.wp.com\/www.grieta.org.mx\/wp-content\/uploads\/2021\/09\/IMG_0433.jpg?resize=700%2C400&ssl=1 2x, https:\/\/i0.wp.com\/www.grieta.org.mx\/wp-content\/uploads\/2021\/09\/IMG_0433.jpg?resize=1050%2C600&ssl=1 3x"},"classes":[]},{"id":38877,"url":"https:\/\/www.grieta.org.mx\/index.php\/2019\/09\/01\/colectivos-se-reunen-en-el-festival-de-la-resistencia-veracruz\/","url_meta":{"origin":61853,"position":3},"title":"Colectivos se re\u00fanen en el Festival de La Resistencia (Veracruz)","author":"grieta","date":"1 septiembre, 2019","format":false,"excerpt":"Fernanda Torres \/ La Silla Rota De manera conjunta, defensores del agua, tierra, los derechos humanos, de g\u00e9nero e ind\u00edgenas se unieron en un di\u00e1logo Veracruz, Ver.- Distintos colectivos veracruzanos se dieron cita este domingo en el Festival de La Resistencia donde a trav\u00e9s de foros y actividades culturales hicieron\u2026","rel":"","context":"En &quot;CINTILLO&quot;","block_context":{"text":"CINTILLO","link":"https:\/\/www.grieta.org.mx\/index.php\/category\/cintillo\/"},"img":{"alt_text":"","src":"https:\/\/i0.wp.com\/www.grieta.org.mx\/wp-content\/uploads\/2019\/09\/whatsappimage20190901at3.13.16pm_1-focus-min0.26-0.65-700-600.jpg?resize=350%2C200&ssl=1","width":350,"height":200,"srcset":"https:\/\/i0.wp.com\/www.grieta.org.mx\/wp-content\/uploads\/2019\/09\/whatsappimage20190901at3.13.16pm_1-focus-min0.26-0.65-700-600.jpg?resize=350%2C200&ssl=1 1x, https:\/\/i0.wp.com\/www.grieta.org.mx\/wp-content\/uploads\/2019\/09\/whatsappimage20190901at3.13.16pm_1-focus-min0.26-0.65-700-600.jpg?resize=525%2C300&ssl=1 1.5x, https:\/\/i0.wp.com\/www.grieta.org.mx\/wp-content\/uploads\/2019\/09\/whatsappimage20190901at3.13.16pm_1-focus-min0.26-0.65-700-600.jpg?resize=700%2C400&ssl=1 2x"},"classes":[]},{"id":39828,"url":"https:\/\/www.grieta.org.mx\/index.php\/2019\/09\/19\/convocan-a-la-jornada-de-lucha-samir-flores-vive-contra-los-megaproyectos-morelos\/","url_meta":{"origin":61853,"position":4},"title":"Convocan a la Jornada de Lucha &#8220;Samir Flores Vive&#8221; contra los megaproyectos (Morelos)","author":"grieta","date":"19 septiembre, 2019","format":false,"excerpt":"Redacci\u00f3n \/ Desinform\u00e9monos Ciudad de M\u00e9xico | Desinform\u00e9monos. El pr\u00f3ximo 12 de octubre iniciar\u00e1 la \u00abJornada global de lucha en defensa de nuestra vida y nuestros territorios \u2018Samir Flores Vive'\u00bb, con la cual se busca llevar a cabo \u00abuna movilizaci\u00f3n dislocada y contundente, en todo el pa\u00eds, contra los megaproyectos\u2026","rel":"","context":"En &quot;CINTILLO&quot;","block_context":{"text":"CINTILLO","link":"https:\/\/www.grieta.org.mx\/index.php\/category\/cintillo\/"},"img":{"alt_text":"","src":"https:\/\/i0.wp.com\/www.grieta.org.mx\/wp-content\/uploads\/2019\/10\/D0DCrJEX4AAn133-2.jpg?resize=350%2C200&ssl=1","width":350,"height":200,"srcset":"https:\/\/i0.wp.com\/www.grieta.org.mx\/wp-content\/uploads\/2019\/10\/D0DCrJEX4AAn133-2.jpg?resize=350%2C200&ssl=1 1x, https:\/\/i0.wp.com\/www.grieta.org.mx\/wp-content\/uploads\/2019\/10\/D0DCrJEX4AAn133-2.jpg?resize=525%2C300&ssl=1 1.5x, https:\/\/i0.wp.com\/www.grieta.org.mx\/wp-content\/uploads\/2019\/10\/D0DCrJEX4AAn133-2.jpg?resize=700%2C400&ssl=1 2x, https:\/\/i0.wp.com\/www.grieta.org.mx\/wp-content\/uploads\/2019\/10\/D0DCrJEX4AAn133-2.jpg?resize=1050%2C600&ssl=1 3x"},"classes":[]},{"id":55080,"url":"https:\/\/www.grieta.org.mx\/index.php\/2020\/11\/14\/accion-en-zacatecas-en-repudio-de-los-ataques-paramilitares-a-comunidades-zapatistas\/","url_meta":{"origin":61853,"position":5},"title":"Acci\u00f3n en Zacatecas en repudio de los ataques paramilitares a comunidades zapatistas","author":"grieta","date":"14 noviembre, 2020","format":false,"excerpt":"Colectivo Grieta Zacatecas, Zac. Mi\u00e9rcoles 11 de noviembre 2020. \u00a0En Zacatecas, colectivos salieron a las calles para movilizarse por la denuncia de la Junta de Buen Gobierno Zapatista \u201cNuevo Amanecer en resistencia y Rebeld\u00eda por la Vida y la Humanidad\u201d, Caracol Patria Nueva. Realizaron pegas de carteles y difusi\u00f3n del\u2026","rel":"","context":"En &quot;Alto a la Guerra contra los pueblos zapatistas&quot;","block_context":{"text":"Alto a la Guerra contra los pueblos zapatistas","link":"https:\/\/www.grieta.org.mx\/index.php\/category\/redes-de-resistencia-y-rebeldia\/contra-la-guerra-al-ezln\/"},"img":{"alt_text":"","src":"https:\/\/i0.wp.com\/www.grieta.org.mx\/wp-content\/uploads\/2020\/11\/photo_2020-11-13_23-57-49.png?resize=350%2C200&ssl=1","width":350,"height":200},"classes":[]}],"_links":{"self":[{"href":"https:\/\/www.grieta.org.mx\/index.php\/wp-json\/wp\/v2\/posts\/61853","targetHints":{"allow":["GET"]}}],"collection":[{"href":"https:\/\/www.grieta.org.mx\/index.php\/wp-json\/wp\/v2\/posts"}],"about":[{"href":"https:\/\/www.grieta.org.mx\/index.php\/wp-json\/wp\/v2\/types\/post"}],"author":[{"embeddable":true,"href":"https:\/\/www.grieta.org.mx\/index.php\/wp-json\/wp\/v2\/users\/2"}],"replies":[{"embeddable":true,"href":"https:\/\/www.grieta.org.mx\/index.php\/wp-json\/wp\/v2\/comments?post=61853"}],"version-history":[{"count":1,"href":"https:\/\/www.grieta.org.mx\/index.php\/wp-json\/wp\/v2\/posts\/61853\/revisions"}],"predecessor-version":[{"id":61855,"href":"https:\/\/www.grieta.org.mx\/index.php\/wp-json\/wp\/v2\/posts\/61853\/revisions\/61855"}],"wp:featuredmedia":[{"embeddable":true,"href":"https:\/\/www.grieta.org.mx\/index.php\/wp-json\/wp\/v2\/media\/61854"}],"wp:attachment":[{"href":"https:\/\/www.grieta.org.mx\/index.php\/wp-json\/wp\/v2\/media?parent=61853"}],"wp:term":[{"taxonomy":"category","embeddable":true,"href":"https:\/\/www.grieta.org.mx\/index.php\/wp-json\/wp\/v2\/categories?post=61853"},{"taxonomy":"post_tag","embeddable":true,"href":"https:\/\/www.grieta.org.mx\/index.php\/wp-json\/wp\/v2\/tags?post=61853"}],"curies":[{"name":"wp","href":"https:\/\/api.w.org\/{rel}","templated":true}]}}