{"id":61780,"date":"2021-09-16T15:31:53","date_gmt":"2021-09-16T20:31:53","guid":{"rendered":"https:\/\/www.grieta.org.mx\/?p=61780"},"modified":"2021-09-19T15:50:07","modified_gmt":"2021-09-19T20:50:07","slug":"gobierno-del-estado-sin-cumplir-con-ley-de-personas-desaparecidas-mas-de-14-mil-personas-desaparecidas-en-la-entidad-jalisco","status":"publish","type":"post","link":"https:\/\/www.grieta.org.mx\/index.php\/2021\/09\/16\/gobierno-del-estado-sin-cumplir-con-ley-de-personas-desaparecidas-mas-de-14-mil-personas-desaparecidas-en-la-entidad-jalisco\/","title":{"rendered":"Gobierno del estado sin cumplir con Ley de Personas Desaparecidas, m\u00e1s de 14 mil personas desaparecidas en la entidad (Jalisco)"},"content":{"rendered":"<p>Foto: Rom\u00e1n Ortega<\/p>\n<p>V\u00edctor Ch\u00e1vez \/ El Occidental<\/p>\n<p>Desde el 14 de julio del 2020 a la fecha, el promedio de personas desaparecidas en Jalisco es de nueve personas por d\u00eda, ya suman tres mil 789. Mientras tanto, de las 14 responsabilidades que tienen las autoridades para consolidar la implementaci\u00f3n de la Ley de Personas Desaparecidas en el Estado de Jalisco, solo han cumplido dos.<\/p>\n<p>Sobre esos compromisos que se echaron a cuestas, han incumplido 10 -de plano ya se les pas\u00f3 el plazo- y solo dos est\u00e1n pendientes en proceso de ejecuci\u00f3n.<\/p>\n<p>As\u00ed lo hizo saber el Centro de Justicia para la Paz y el Desarrollo (Cepad), que puso como par\u00e1metro el 14 de julio del 2020, justo cuando se lanz\u00f3 el Registro Nacional de Personas Desaparecidas y No Localizadas.<\/p>\n<p>Refiere que desde entonces han desaparecido tres mil 789 personas m\u00e1s y Jalisco pas\u00f3 de 10 mil 237 personas desaparecidas a 14 mil 26, que bien pudieran formar un municipio todas juntas, es justo el n\u00famero de habitantes que tiene el municipio de la zona monta\u00f1osa de Jalisco de nombre Mazamitla.<\/p>\n<p>En esos 428 d\u00edas que se han dado esas tres mil 789 desapariciones, el promedio es casi de nueve por d\u00eda y la mayor parte permanecen impunes.<\/p>\n<p>Despu\u00e9s de varios a\u00f1os de debate, el Congreso del Estado aprob\u00f3 la ley de Personas Desaparecidas del Estado de Jalisco, pero no es suficiente con ello y el proceso de implementaci\u00f3n ha fracasado, considerando que de las 14 acciones necesarias solo dos se han cumplido y a decir del Cepad s\u00ed se cre\u00f3 ya el Consejo Estatal Ciudadano y se instal\u00f3 el Comit\u00e9 Coordinador del Sistema Estatal de B\u00fasqueda.<\/p>\n<p>Pero, por otro lado, no se han presentado los lineamientos para la conformaci\u00f3n y funcionamiento de las c\u00e9lulas de b\u00fasqueda municipales; no se han armonizado las leyes estatales para el cumplimiento de la Ley de Personas Desaparecidas del Estado de Jalisco; tampoco se ha emitido el reglamento interno de la Fiscal\u00eda Especial en Personas Desaparecidas; como tampoco se ha emitido el Reglamento Interno de la Comisi\u00f3n de B\u00fasqueda de Personas en el Estado de Jalisco y tampoco se ha otorgado el presupuesto suficiente para hacer ajustes necesarios para el cumplimiento de lo establecido por la Ley de Personas Desaparecidas.<\/p>\n<p>Sigue la lista con la falta de inicio del Registro Estatal de Fosas, consolidar todas las \u00e1reas de la Comisi\u00f3n de B\u00fasqueda de Personas Desaparecidas y que las autoridades municipales implementen la Ley de Personas Desaparecidas y la armonicen con sus marcos jur\u00eddicos.<\/p>\n<p><a href=\"https:\/\/www.eloccidental.com.mx\/local\/por-dia-nueve-personas-desaparecen-en-jalisco-desde-hace-mas-de-un-ano-7221816.html\">https:\/\/www.eloccidental.com.mx\/local\/por-dia-nueve-personas-desaparecen-en-jalisco-desde-hace-mas-de-un-ano-7221816.html<\/a><\/p>\n","protected":false},"excerpt":{"rendered":"<p>Foto: Rom\u00e1n Ortega V\u00edctor Ch\u00e1vez \/ El Occidental Desde el 14 de julio del 2020 a la fecha, el promedio de personas desaparecidas en Jalisco es de nueve personas por &hellip; <a href=\"https:\/\/www.grieta.org.mx\/index.php\/2021\/09\/16\/gobierno-del-estado-sin-cumplir-con-ley-de-personas-desaparecidas-mas-de-14-mil-personas-desaparecidas-en-la-entidad-jalisco\/\" class=\"more-link\">Leer m\u00e1s<\/a><\/p>\n","protected":false},"author":2,"featured_media":61781,"comment_status":"closed","ping_status":"closed","sticky":false,"template":"","format":"standard","meta":{"ngg_post_thumbnail":0,"_jetpack_newsletter_access":"","_jetpack_dont_email_post_to_subs":false,"_jetpack_newsletter_tier_id":0,"_jetpack_memberships_contains_paywalled_content":false,"_jetpack_memberships_contains_paid_content":false,"footnotes":""},"categories":[80,87,1032,20,2,83],"tags":[3700,1828,121,3775,1916,2834,1228],"class_list":["post-61780","post","type-post","status-publish","format-standard","has-post-thumbnail","hentry","category-cintillo","category-desaparecidos","category-desaparecidos-en-jalisco","category-jalisco","category-noticias-nacionales","category-temas-nacionales","tag-aumento-desaparecidos","tag-busqueda-de-desaparecidos","tag-desaparecidos","tag-estadisticas-de-desaparecidos","tag-fosas","tag-ley-de-desaparecidos","tag-protestas-por-desaparecidos","entry"],"jetpack_featured_media_url":"https:\/\/www.grieta.org.mx\/wp-content\/uploads\/2021\/09\/familiares-de-desaparecidos.jpeg","jetpack_sharing_enabled":true,"jetpack_shortlink":"https:\/\/wp.me\/p7ZJR4-g4s","jetpack_likes_enabled":false,"jetpack-related-posts":[{"id":62225,"url":"https:\/\/www.grieta.org.mx\/index.php\/2021\/10\/07\/sin-consultar-a-familiares-de-personas-desaparecidas-fiscalia-de-jalisco-aprueba-reglamento-de-ley-de-desaparicion\/","url_meta":{"origin":61780,"position":0},"title":"Sin consultar a familiares de personas desaparecidas, Fiscal\u00eda de Jalisco aprueba reglamento de Ley de Desaparici\u00f3n","author":"grieta","date":"7 octubre, 2021","format":false,"excerpt":"Foto: Zona Docs Pese a que la Ley de Personas Desaparecidas de Jalisco establec\u00eda que todo reglamento o protocolo debe realizarse de manera conjunta, gobierno-familiares de personas desaparecidas, la Fiscal\u00eda del Estado de Jalisco decidi\u00f3 publicar sin consultar a nadie el reglamento que har\u00e1 operativa la legislaci\u00f3n para buscar a\u2026","rel":"","context":"En &quot;CINTILLO&quot;","block_context":{"text":"CINTILLO","link":"https:\/\/www.grieta.org.mx\/index.php\/category\/cintillo\/"},"img":{"alt_text":"","src":"https:\/\/i0.wp.com\/www.grieta.org.mx\/wp-content\/uploads\/2021\/10\/photo5001271279554243046-1068x712-1.jpg?resize=350%2C200&ssl=1","width":350,"height":200,"srcset":"https:\/\/i0.wp.com\/www.grieta.org.mx\/wp-content\/uploads\/2021\/10\/photo5001271279554243046-1068x712-1.jpg?resize=350%2C200&ssl=1 1x, https:\/\/i0.wp.com\/www.grieta.org.mx\/wp-content\/uploads\/2021\/10\/photo5001271279554243046-1068x712-1.jpg?resize=525%2C300&ssl=1 1.5x, https:\/\/i0.wp.com\/www.grieta.org.mx\/wp-content\/uploads\/2021\/10\/photo5001271279554243046-1068x712-1.jpg?resize=700%2C400&ssl=1 2x, https:\/\/i0.wp.com\/www.grieta.org.mx\/wp-content\/uploads\/2021\/10\/photo5001271279554243046-1068x712-1.jpg?resize=1050%2C600&ssl=1 3x"},"classes":[]},{"id":38483,"url":"https:\/\/www.grieta.org.mx\/index.php\/2019\/08\/26\/el-proyecto-de-ley-de-desaparecidos-en-jalisco-cumple-un-ano-en-congeladora\/","url_meta":{"origin":61780,"position":1},"title":"El proyecto de ley de desaparecidos en Jalisco cumple un a\u00f1o en congeladora","author":"grieta","date":"26 agosto, 2019","format":false,"excerpt":"Los legisladores incumplieron el plazo dado por la C\u00e1mara de Diputados para armonizar las leyes estatales con la Ley General en Materia de Desaparici\u00f3n Forzada de Personas Foto: AP\/ E. Verdugo La aprobaci\u00f3n de la ley estatal sobre personas desaparecidas tiene un a\u00f1o de retraso en el Congreso de Jalisco.\u2026","rel":"","context":"En &quot;CINTILLO&quot;","block_context":{"text":"CINTILLO","link":"https:\/\/www.grieta.org.mx\/index.php\/category\/cintillo\/"},"img":{"alt_text":"","src":"https:\/\/i0.wp.com\/www.grieta.org.mx\/wp-content\/uploads\/2019\/08\/apeverdugo_crop1566812638504.jpg_1970638775.jpg?resize=350%2C200&ssl=1","width":350,"height":200,"srcset":"https:\/\/i0.wp.com\/www.grieta.org.mx\/wp-content\/uploads\/2019\/08\/apeverdugo_crop1566812638504.jpg_1970638775.jpg?resize=350%2C200&ssl=1 1x, https:\/\/i0.wp.com\/www.grieta.org.mx\/wp-content\/uploads\/2019\/08\/apeverdugo_crop1566812638504.jpg_1970638775.jpg?resize=525%2C300&ssl=1 1.5x, https:\/\/i0.wp.com\/www.grieta.org.mx\/wp-content\/uploads\/2019\/08\/apeverdugo_crop1566812638504.jpg_1970638775.jpg?resize=700%2C400&ssl=1 2x"},"classes":[]},{"id":62940,"url":"https:\/\/www.grieta.org.mx\/index.php\/2021\/12\/22\/huellas-de-amor-cuelga-50-fotos-de-desaparecidos-en-arbol-navideno-en-jalisco\/","url_meta":{"origin":61780,"position":2},"title":"Huellas de amor cuelga 50 fotos de desaparecidos en \u00e1rbol navide\u00f1o en Jalisco","author":"grieta","date":"22 diciembre, 2021","format":false,"excerpt":"Foto: Rosario \u00c1lvarez Rosario \u00c1lvarez \/ Telediario En Jalisco 15 mil 148 familias tienen alg\u00fan familiar desaparecido, de acuerdo al \u00faltimo corte del Registro Nacional de Personas Desaparecidas y No Localizadas. Tras este dato, el colectivo Huellas de Amor,\u00a0colg\u00f3 m\u00e1s de 50 fichas de b\u00fasqueda de hombres y mujeres alrededor\u2026","rel":"","context":"En &quot;CINTILLO&quot;","block_context":{"text":"CINTILLO","link":"https:\/\/www.grieta.org.mx\/index.php\/category\/cintillo\/"},"img":{"alt_text":"","src":"https:\/\/i0.wp.com\/www.grieta.org.mx\/wp-content\/uploads\/2021\/12\/arbol-navidad-instalado-plaza-liberacion.jpg?resize=350%2C200&ssl=1","width":350,"height":200,"srcset":"https:\/\/i0.wp.com\/www.grieta.org.mx\/wp-content\/uploads\/2021\/12\/arbol-navidad-instalado-plaza-liberacion.jpg?resize=350%2C200&ssl=1 1x, https:\/\/i0.wp.com\/www.grieta.org.mx\/wp-content\/uploads\/2021\/12\/arbol-navidad-instalado-plaza-liberacion.jpg?resize=525%2C300&ssl=1 1.5x, https:\/\/i0.wp.com\/www.grieta.org.mx\/wp-content\/uploads\/2021\/12\/arbol-navidad-instalado-plaza-liberacion.jpg?resize=700%2C400&ssl=1 2x"},"classes":[]},{"id":64242,"url":"https:\/\/www.grieta.org.mx\/index.php\/2022\/05\/19\/nos-faltan-mas-de-100-mil-personas-desaparecidas-reclaman-en-guadalajara-familiares-a-autoridades-jalisco\/","url_meta":{"origin":61780,"position":3},"title":"\u201cNos faltan m\u00e1s de 100 mil personas desaparecidas: reclaman en Guadalajara familiares a autoridades (Jalisco)","author":"grieta","date":"19 mayo, 2022","format":false,"excerpt":"Foto: Zona Docs En la Glorieta de las y los Desaparecidos de Guadalajara, colectivos de personas desaparecidas se reunieron este mi\u00e9rcoles 18 de mayo, para denunciar que en M\u00e9xico hay m\u00e1s de 100 mil personas desaparecidas. Mario Marlos \/ Zona Docs Acompa\u00f1adas de los retratos de sus seres queridos, los\u2026","rel":"","context":"En &quot;CINTILLO&quot;","block_context":{"text":"CINTILLO","link":"https:\/\/www.grieta.org.mx\/index.php\/category\/cintillo\/"},"img":{"alt_text":"","src":"https:\/\/i0.wp.com\/www.grieta.org.mx\/wp-content\/uploads\/2022\/05\/photo5490347735354812367.jpg?resize=350%2C200&ssl=1","width":350,"height":200,"srcset":"https:\/\/i0.wp.com\/www.grieta.org.mx\/wp-content\/uploads\/2022\/05\/photo5490347735354812367.jpg?resize=350%2C200&ssl=1 1x, https:\/\/i0.wp.com\/www.grieta.org.mx\/wp-content\/uploads\/2022\/05\/photo5490347735354812367.jpg?resize=525%2C300&ssl=1 1.5x, https:\/\/i0.wp.com\/www.grieta.org.mx\/wp-content\/uploads\/2022\/05\/photo5490347735354812367.jpg?resize=700%2C400&ssl=1 2x, https:\/\/i0.wp.com\/www.grieta.org.mx\/wp-content\/uploads\/2022\/05\/photo5490347735354812367.jpg?resize=1050%2C600&ssl=1 3x"},"classes":[]},{"id":62919,"url":"https:\/\/www.grieta.org.mx\/index.php\/2021\/12\/08\/el-tamano-de-la-pesadilla-jalisco-rebasa-los-15-mil-desaparecidos-en-el-rnpdno\/","url_meta":{"origin":61780,"position":4},"title":"El tama\u00f1o de la pesadilla: Jalisco rebasa los 15 mil desaparecidos en el Rnpdno","author":"grieta","date":"8 diciembre, 2021","format":false,"excerpt":"Foto: Archivo NTR Juan Levario \/ El Diario NTR La cantidad de personas desaparecidas y no localizadas en Jalisco\u00a0rebas\u00f3\u00a0las\u00a015 mil\u00a0este martes, seg\u00fan\u00a0datos oficiales del Registro Nacional de Personas Desaparecidas y No Localizadas (Rnpdno). La cifra\u00a0equivale al aforo estimado para la Arena VFG. Los municipios con mayor cantidad de personas desaparecidas\u2026","rel":"","context":"En &quot;CINTILLO&quot;","block_context":{"text":"CINTILLO","link":"https:\/\/www.grieta.org.mx\/index.php\/category\/cintillo\/"},"img":{"alt_text":"","src":"https:\/\/i0.wp.com\/www.grieta.org.mx\/wp-content\/uploads\/2021\/12\/2021-12-07_10-12-42___4592.jpg?resize=350%2C200&ssl=1","width":350,"height":200,"srcset":"https:\/\/i0.wp.com\/www.grieta.org.mx\/wp-content\/uploads\/2021\/12\/2021-12-07_10-12-42___4592.jpg?resize=350%2C200&ssl=1 1x, https:\/\/i0.wp.com\/www.grieta.org.mx\/wp-content\/uploads\/2021\/12\/2021-12-07_10-12-42___4592.jpg?resize=525%2C300&ssl=1 1.5x, https:\/\/i0.wp.com\/www.grieta.org.mx\/wp-content\/uploads\/2021\/12\/2021-12-07_10-12-42___4592.jpg?resize=700%2C400&ssl=1 2x"},"classes":[]},{"id":56175,"url":"https:\/\/www.grieta.org.mx\/index.php\/2021\/01\/08\/una-pandemia-qu-jalisce-no-cesa-la-crisis-de-desapariciones\/","url_meta":{"origin":61780,"position":5},"title":"Una pandemia que no cesa, la crisis de desapariciones (Jalisco)","author":"grieta","date":"8 enero, 2021","format":false,"excerpt":"Imagen: Anuario Independiente Mar\u00eda Fernanda Lattuada y Eric Sandoval \/ Zona Docs En M\u00e9xico, desde los a\u00f1os sesenta a la fecha han desaparecido 73 mil 201 personas*; de esta cifra, el 41% de estas personas son j\u00f3venes entre los 14 y 29 a\u00f1os. Jalisco con 11 mil 267 personas desaparecidas,\u2026","rel":"","context":"En &quot;CINTILLO&quot;","block_context":{"text":"CINTILLO","link":"https:\/\/www.grieta.org.mx\/index.php\/category\/cintillo\/"},"img":{"alt_text":"","src":"https:\/\/i0.wp.com\/www.grieta.org.mx\/wp-content\/uploads\/2021\/01\/Captura-de-Pantalla-2021-01-08-a-las-7.12.41.png?resize=350%2C200&ssl=1","width":350,"height":200,"srcset":"https:\/\/i0.wp.com\/www.grieta.org.mx\/wp-content\/uploads\/2021\/01\/Captura-de-Pantalla-2021-01-08-a-las-7.12.41.png?resize=350%2C200&ssl=1 1x, https:\/\/i0.wp.com\/www.grieta.org.mx\/wp-content\/uploads\/2021\/01\/Captura-de-Pantalla-2021-01-08-a-las-7.12.41.png?resize=525%2C300&ssl=1 1.5x, https:\/\/i0.wp.com\/www.grieta.org.mx\/wp-content\/uploads\/2021\/01\/Captura-de-Pantalla-2021-01-08-a-las-7.12.41.png?resize=700%2C400&ssl=1 2x"},"classes":[]}],"_links":{"self":[{"href":"https:\/\/www.grieta.org.mx\/index.php\/wp-json\/wp\/v2\/posts\/61780","targetHints":{"allow":["GET"]}}],"collection":[{"href":"https:\/\/www.grieta.org.mx\/index.php\/wp-json\/wp\/v2\/posts"}],"about":[{"href":"https:\/\/www.grieta.org.mx\/index.php\/wp-json\/wp\/v2\/types\/post"}],"author":[{"embeddable":true,"href":"https:\/\/www.grieta.org.mx\/index.php\/wp-json\/wp\/v2\/users\/2"}],"replies":[{"embeddable":true,"href":"https:\/\/www.grieta.org.mx\/index.php\/wp-json\/wp\/v2\/comments?post=61780"}],"version-history":[{"count":1,"href":"https:\/\/www.grieta.org.mx\/index.php\/wp-json\/wp\/v2\/posts\/61780\/revisions"}],"predecessor-version":[{"id":61782,"href":"https:\/\/www.grieta.org.mx\/index.php\/wp-json\/wp\/v2\/posts\/61780\/revisions\/61782"}],"wp:featuredmedia":[{"embeddable":true,"href":"https:\/\/www.grieta.org.mx\/index.php\/wp-json\/wp\/v2\/media\/61781"}],"wp:attachment":[{"href":"https:\/\/www.grieta.org.mx\/index.php\/wp-json\/wp\/v2\/media?parent=61780"}],"wp:term":[{"taxonomy":"category","embeddable":true,"href":"https:\/\/www.grieta.org.mx\/index.php\/wp-json\/wp\/v2\/categories?post=61780"},{"taxonomy":"post_tag","embeddable":true,"href":"https:\/\/www.grieta.org.mx\/index.php\/wp-json\/wp\/v2\/tags?post=61780"}],"curies":[{"name":"wp","href":"https:\/\/api.w.org\/{rel}","templated":true}]}}