{"id":61763,"date":"2021-09-16T12:55:21","date_gmt":"2021-09-16T17:55:21","guid":{"rendered":"https:\/\/www.grieta.org.mx\/?p=61763"},"modified":"2021-09-18T13:06:16","modified_gmt":"2021-09-18T18:06:16","slug":"fgr-investiga-cinco-ejecuciones-extrajudiciales-ocurridas-en-agosto-en-nuevo-laredo-tamaulipas","status":"publish","type":"post","link":"https:\/\/www.grieta.org.mx\/index.php\/2021\/09\/16\/fgr-investiga-cinco-ejecuciones-extrajudiciales-ocurridas-en-agosto-en-nuevo-laredo-tamaulipas\/","title":{"rendered":"FGR investiga cinco ejecuciones extrajudiciales ocurridas en agosto en Nuevo Laredo (Tamaulipas)"},"content":{"rendered":"<p>Alberto Pradilla\/Animal Pol\u00edtico<br \/>\n16 septiembre 2021<\/p>\n<p>La Fiscal\u00eda General de la Rep\u00fablica (FGR) tiene abierta una carpeta de investigaci\u00f3n por la presunta ejecuci\u00f3n extrajudicial de cinco personas el pasado 14 de agosto en la colonia Nueva Era de Nuevo Laredo, Tamaulipas. Familiares de las v\u00edctimas interpusieron denuncias tras ser informados de la muerte de sus allegados. Al parecer, se trataba de civiles armados que fueron perseguidos por los elementos castrenses.<\/p>\n<p>Tras un tiroteo, al menos dos de ellos habr\u00edan sido capturados con vida y posteriormente asesinados por los militares. Las v\u00edctimas son Uriel Garcia Lerma, Erik Garc\u00eda Lerma, Marcos Alejandro Moreno, Juan Alberto Luevanos Orona y Juan Jesus Lopez Tinajero.<\/p>\n<p>Los familiares se\u00f1alaron directamente al coronel Miguel \u00c1ngel Ram\u00edrez Canchola, a quien responsabilizan de dar la orden de acabar con la vida de los sobrevivientes. Durante los d\u00edas posteriores a los hechos circularon en redes sociales varios audios en los que, supuestamente, se escucha al militar ordenar las ejecuciones de los heridos. <\/p>\n<p>Los hechos tuvieron lugar el pasado 14 de agosto en la colonia Nueva Era, una zona cercana al aeropuerto internacional de Nuevo Laredo. All\u00ed se produjo una persecuci\u00f3n entre los elementos de Sedena y civiles armados que viajaban en una camioneta. Testigos presentados por el Comit\u00e9 de Derechos Humanos de Nuevo Laredo aseguraron haber visto la persecuci\u00f3n y c\u00f3mo las v\u00edctimas estaban vivas en el momento en el que llegaron los militares. \u201cEstaban vivos. los militares los hincaron, les quitaron las armas y los comenzaron a matar\u201d, dijo una mujer en un video filmado por el comit\u00e9.\u201cLos militares vinieron a mi casa, me amenazaron, me insultaron para que no hablara sobre estos hechos, pero yo no me voy a quedar callada y voy a decir lo que pas\u00f3 y a m\u00ed no  me van a ver la cara de mensa\u201d, a\u00f1adi\u00f3. \u201cLos muchachos ya se hab\u00edan rendido, no llevaban ni armas\u201d, declar\u00f3 otro hombre que presenci\u00f3 los hechos y cuyo testimonio tambi\u00e9n fue aportado por la organizaci\u00f3n de defensa de los derechos humanos.. <\/p>\n<p>Al parecer, los civiles armados chocaron la camioneta en la que viajaban y fueron capturados por los uniformados, que acabaron con la vida de todos ellos. Todos los testimonios coinciden en una misma versi\u00f3n: los j\u00f3venes fueron perseguidos y atrapados por elementos militares. Posteriormente les obligaron a hincarse de rodillas y les dieron un tiro de gracia. <\/p>\n<p>\u201cQuiero justicia. Dicen que los mataron en lugar de detenerlos, yo hubiera preferido que lo hubieran detenido a que lo hubieran matado, ya que \u00e9l era trabajador\u201d, declar\u00f3 Mar\u00eda Guadalupe Tijanero Uribe, abuela de Juan Jes\u00fas L\u00f3pez Tinajero. <\/p>\n<p>Tras las denuncias presentadas por los familiares, la FGR abri\u00f3 la carpeta FED\/TAMP\/NVO.LAR\/0001719\/2021 que busca esclarecer lo ocurrido. <\/p>\n<p>Animal Pol\u00edtico quiso conocer la versi\u00f3n de Sedena y consult\u00f3 a FGR por el avance de las investigaciones, pero al cierre de la edici\u00f3n no hab\u00eda recibido respuesta. <\/p>\n<p>No es la primera ocasi\u00f3n en la que se registran denuncias por ejecuciones extrajudiciales en Nuevo Laredo. En lo que llevamos de a\u00f1o, el comit\u00e9 de Derechos Humanos tiene documentados al menos diez casos de asesinato a manos del ej\u00e9rcito. Esta es la primera ocasi\u00f3n en la que se documenta que las v\u00edctimas eran civiles armados. Habitualmente, la Sedena ofrece una compensaci\u00f3n econ\u00f3mica a las familias de las v\u00edctimas para evitar que ellos presenten denuncias. Ahora, sin embargo, no hay constancia de que el Ej\u00e9rcito haya contactado a los allegados de los fallecidos.<\/p>\n<p><a href=\"https:\/\/www.animalpolitico.com\/2021\/09\/fgr-investiga-cinco-ejecuciones-extrajudiciales-ocurridas-en-agosto-en-nuevo-laredo\/\" rel=\"noopener\" target=\"_blank\">https:\/\/www.animalpolitico.com\/2021\/09\/fgr-investiga-cinco-ejecuciones-extrajudiciales-ocurridas-en-agosto-en-nuevo-laredo\/<\/a><\/p>\n","protected":false},"excerpt":{"rendered":"<p>Alberto Pradilla\/Animal Pol\u00edtico 16 septiembre 2021 La Fiscal\u00eda General de la Rep\u00fablica (FGR) tiene abierta una carpeta de investigaci\u00f3n por la presunta ejecuci\u00f3n extrajudicial de cinco personas el pasado 14 &hellip; <a href=\"https:\/\/www.grieta.org.mx\/index.php\/2021\/09\/16\/fgr-investiga-cinco-ejecuciones-extrajudiciales-ocurridas-en-agosto-en-nuevo-laredo-tamaulipas\/\" class=\"more-link\">Leer m\u00e1s<\/a><\/p>\n","protected":false},"author":2,"featured_media":61764,"comment_status":"closed","ping_status":"closed","sticky":false,"template":"","format":"standard","meta":{"ngg_post_thumbnail":0,"_jetpack_newsletter_access":"","_jetpack_dont_email_post_to_subs":false,"_jetpack_newsletter_tier_id":0,"_jetpack_memberships_contains_paywalled_content":false,"_jetpack_memberships_contains_paid_content":false,"footnotes":""},"categories":[80,1501,912,2009,2,33,83],"tags":[2307,2654,3717,2974,855,614],"class_list":["post-61763","post","type-post","status-publish","format-standard","has-post-thumbnail","hentry","category-cintillo","category-incremento-de-la-violencia-en-tamaulipas","category-militarizacion","category-militarizacion-en-tamaulipas","category-noticias-nacionales","category-tamaulipas","category-temas-nacionales","tag-abusos-de-militares","tag-abusos-de-militares-contra-poblacion-civil","tag-asesinatos-impunes","tag-aumento-de-la-militarizacion","tag-ejecuciones-extrajudiciales","tag-militarizacion","entry"],"jetpack_featured_media_url":"https:\/\/www.grieta.org.mx\/wp-content\/uploads\/2021\/09\/ejercito.png","jetpack_sharing_enabled":true,"jetpack_shortlink":"https:\/\/wp.me\/p7ZJR4-g4b","jetpack_likes_enabled":false,"jetpack-related-posts":[{"id":57922,"url":"https:\/\/www.grieta.org.mx\/index.php\/2021\/03\/24\/cdhnl-denuncia-nueva-ejecucion-arbitraria-a-manos-de-militares-en-nuevo-laredo-tamaulipas\/","url_meta":{"origin":61763,"position":0},"title":"CDHNL denuncia nueva ejecuci\u00f3n arbitraria a manos de militares en Nuevo Laredo (Tamaulipas)","author":"grieta","date":"24 marzo, 2021","format":false,"excerpt":"El Comit\u00e9 de Derechos Humanos de Nuevo Laredo (CDHNL) denunci\u00f3 una nueva ejecuci\u00f3n arbitraria atribuible a miembros de la Sedena, con lo que suman ocho v\u00edctimas de militares en la ciudad fronteriza en este sexenio. Gloria Leticia D\u00edaz\/ PROCESO CIUDAD DE M\u00c9XICO (apro).- El Comit\u00e9 de Derechos Humanos de Nuevo\u2026","rel":"","context":"En &quot;CINTILLO&quot;","block_context":{"text":"CINTILLO","link":"https:\/\/www.grieta.org.mx\/index.php\/category\/cintillo\/"},"img":{"alt_text":"","src":"https:\/\/i0.wp.com\/www.grieta.org.mx\/wp-content\/uploads\/2021\/03\/131103.jpg?resize=350%2C200&ssl=1","width":350,"height":200,"srcset":"https:\/\/i0.wp.com\/www.grieta.org.mx\/wp-content\/uploads\/2021\/03\/131103.jpg?resize=350%2C200&ssl=1 1x, https:\/\/i0.wp.com\/www.grieta.org.mx\/wp-content\/uploads\/2021\/03\/131103.jpg?resize=525%2C300&ssl=1 1.5x, https:\/\/i0.wp.com\/www.grieta.org.mx\/wp-content\/uploads\/2021\/03\/131103.jpg?resize=700%2C400&ssl=1 2x, https:\/\/i0.wp.com\/www.grieta.org.mx\/wp-content\/uploads\/2021\/03\/131103.jpg?resize=1050%2C600&ssl=1 3x"},"classes":[]},{"id":58787,"url":"https:\/\/www.grieta.org.mx\/index.php\/2021\/04\/14\/en-nuevo-laredo-tamaulipas-cada-semana-desaparecian-personas\/","url_meta":{"origin":61763,"position":1},"title":"En Nuevo Laredo, Tamaulipas, &#8216;cada semana desaparec\u00edan personas&#8217;","author":"grieta","date":"14 abril, 2021","format":false,"excerpt":"Redacci\u00f3n\/Aristegui Noticias 14 abril 2021 Cuestionan error de la Marina en comunicado sobre sus 30 elementos detenidos por desapariciones en Nuevo Laredo. La Fiscal\u00eda General de la Rep\u00fablica ejecut\u00f3 las \u00f3rdenes de aprehensi\u00f3n contra los marinos, lo que est\u00e1 relacionado con los hechos ocurridos en 2018 en Nuevo Laredo, Tamaulipas.\u2026","rel":"","context":"En &quot;CINTILLO&quot;","block_context":{"text":"CINTILLO","link":"https:\/\/www.grieta.org.mx\/index.php\/category\/cintillo\/"},"img":{"alt_text":"","src":"https:\/\/i0.wp.com\/www.grieta.org.mx\/wp-content\/uploads\/2021\/04\/marina.jpg?resize=350%2C200&ssl=1","width":350,"height":200,"srcset":"https:\/\/i0.wp.com\/www.grieta.org.mx\/wp-content\/uploads\/2021\/04\/marina.jpg?resize=350%2C200&ssl=1 1x, https:\/\/i0.wp.com\/www.grieta.org.mx\/wp-content\/uploads\/2021\/04\/marina.jpg?resize=525%2C300&ssl=1 1.5x, https:\/\/i0.wp.com\/www.grieta.org.mx\/wp-content\/uploads\/2021\/04\/marina.jpg?resize=700%2C400&ssl=1 2x, https:\/\/i0.wp.com\/www.grieta.org.mx\/wp-content\/uploads\/2021\/04\/marina.jpg?resize=1050%2C600&ssl=1 3x"},"classes":[]},{"id":39468,"url":"https:\/\/www.grieta.org.mx\/index.php\/2019\/09\/17\/soldados-y-policias-se-habrian-coordinado-para-matanza-en-tamaulipas\/","url_meta":{"origin":61763,"position":2},"title":"Soldados y polic\u00edas se habr\u00edan coordinado para matanza en Tamaulipas","author":"grieta","date":"17 septiembre, 2019","format":false,"excerpt":"Redacci\u00f3n \/ Z\u00f3calo Nuevo Laredo, Tamps.- Ante la matanza del jueves 5 de septiembre en Nuevo Laredo, Tamaulipas, en la que murieron ocho personas, el Comit\u00e9 de Derechos Humanos de Nuevo Laredo document\u00f3 que militares y polic\u00edas estatales realizaron un operativo criminal que intentaron disfrazar de enfrentamiento con narcos. Mediante\u2026","rel":"","context":"En &quot;Abuso policiaco y tortura en Tamaulipas&quot;","block_context":{"text":"Abuso policiaco y tortura en Tamaulipas","link":"https:\/\/www.grieta.org.mx\/index.php\/category\/noticias-nacionales\/tamaulipas\/abuso-policiaco-y-tortura-en-tamaulipas\/"},"img":{"alt_text":"","src":"https:\/\/i0.wp.com\/www.grieta.org.mx\/wp-content\/uploads\/2019\/09\/matanza-tamaulipas-621x354.jpg?resize=350%2C200&ssl=1","width":350,"height":200,"srcset":"https:\/\/i0.wp.com\/www.grieta.org.mx\/wp-content\/uploads\/2019\/09\/matanza-tamaulipas-621x354.jpg?resize=350%2C200&ssl=1 1x, https:\/\/i0.wp.com\/www.grieta.org.mx\/wp-content\/uploads\/2019\/09\/matanza-tamaulipas-621x354.jpg?resize=525%2C300&ssl=1 1.5x"},"classes":[]},{"id":31583,"url":"https:\/\/www.grieta.org.mx\/index.php\/2019\/04\/02\/buscaran-desaparecidos-en-cuartel-de-la-marina-en-nuevo-laredo-tamaulipas\/","url_meta":{"origin":61763,"position":3},"title":"Buscar\u00e1n desaparecidos en cuartel de la Marina en Nuevo Laredo (Tamaulipas)","author":"grieta","date":"2 abril, 2019","format":false,"excerpt":"El Bravo El cuartel oper\u00f3 durante varios meses en el cruce de la calle Arteaga y avenida Leona Vicario, en la colonia Victoria. Personal de la Fiscal\u00eda General de Justicia de Tamaulipas (FGJE) realizar\u00e1 una inspecci\u00f3n con un binomio canino en lo que fue un cuartel que us\u00f3 personal de\u2026","rel":"","context":"En &quot;CINTILLO&quot;","block_context":{"text":"CINTILLO","link":"https:\/\/www.grieta.org.mx\/index.php\/category\/cintillo\/"},"img":{"alt_text":"","src":"https:\/\/i0.wp.com\/www.grieta.org.mx\/wp-content\/uploads\/2019\/04\/Buscar%C3%A1n-desaparecidos-en-cuartel-de-la-Marina-en-Nuevo-Laredo-tama-abr.jpg?resize=350%2C200&ssl=1","width":350,"height":200,"srcset":"https:\/\/i0.wp.com\/www.grieta.org.mx\/wp-content\/uploads\/2019\/04\/Buscar%C3%A1n-desaparecidos-en-cuartel-de-la-Marina-en-Nuevo-Laredo-tama-abr.jpg?resize=350%2C200&ssl=1 1x, https:\/\/i0.wp.com\/www.grieta.org.mx\/wp-content\/uploads\/2019\/04\/Buscar%C3%A1n-desaparecidos-en-cuartel-de-la-Marina-en-Nuevo-Laredo-tama-abr.jpg?resize=525%2C300&ssl=1 1.5x"},"classes":[]},{"id":39526,"url":"https:\/\/www.grieta.org.mx\/index.php\/2019\/09\/26\/crece-militarizacion-en-tamaulipas\/","url_meta":{"origin":61763,"position":4},"title":"Crece militarizaci\u00f3n en Tamaulipas","author":"grieta","date":"26 septiembre, 2019","format":false,"excerpt":"Colectivo Grieta Seg\u00fan notas recientes, hay 8000 elementos de las fuerzas federales desplegados en el territorio de Tamaulipas. De estos, 1,500 son miembros de la Guardia Nacional. Sin embargo, tambi\u00e9n hay efectivos del Ej\u00e9rcito Mexicano, la Secretar\u00eda de Marina y la Polic\u00eda Federal. El argumento para este grado de militarizaci\u00f3n\u2026","rel":"","context":"En &quot;CINTILLO&quot;","block_context":{"text":"CINTILLO","link":"https:\/\/www.grieta.org.mx\/index.php\/category\/cintillo\/"},"img":{"alt_text":"","src":"https:\/\/i0.wp.com\/www.grieta.org.mx\/wp-content\/uploads\/2019\/09\/c1.1-6rluxlml1sjkzkbm9xqocbjvo9e00xe1ls1hmti2m5s.jpg?resize=350%2C200&ssl=1","width":350,"height":200,"srcset":"https:\/\/i0.wp.com\/www.grieta.org.mx\/wp-content\/uploads\/2019\/09\/c1.1-6rluxlml1sjkzkbm9xqocbjvo9e00xe1ls1hmti2m5s.jpg?resize=350%2C200&ssl=1 1x, https:\/\/i0.wp.com\/www.grieta.org.mx\/wp-content\/uploads\/2019\/09\/c1.1-6rluxlml1sjkzkbm9xqocbjvo9e00xe1ls1hmti2m5s.jpg?resize=525%2C300&ssl=1 1.5x, https:\/\/i0.wp.com\/www.grieta.org.mx\/wp-content\/uploads\/2019\/09\/c1.1-6rluxlml1sjkzkbm9xqocbjvo9e00xe1ls1hmti2m5s.jpg?resize=700%2C400&ssl=1 2x, https:\/\/i0.wp.com\/www.grieta.org.mx\/wp-content\/uploads\/2019\/09\/c1.1-6rluxlml1sjkzkbm9xqocbjvo9e00xe1ls1hmti2m5s.jpg?resize=1050%2C600&ssl=1 3x"},"classes":[]},{"id":65094,"url":"https:\/\/www.grieta.org.mx\/index.php\/2022\/09\/04\/hospitalizan-a-hermano-de-heidi-pequena-que-murio-por-bala-del-ejercito-en-tamaulipas\/","url_meta":{"origin":61763,"position":5},"title":"Hospitalizan a hermano de Heidi, peque\u00f1a que muri\u00f3 por bala del Ej\u00e9rcito en Tamaulipas","author":"grieta","date":"4 septiembre, 2022","format":false,"excerpt":"Redacci\u00f3n\/El Universal 4 septiembre 2022 Kevin presenci\u00f3 el asesinato de su hermanita, cuando era llevada al hospital del IMSS para ser atendida de dolor estomacal Nuevo Laredo, Tamaulipas.- Kevin, hermano de Heidi Mariana, la peque\u00f1a de 4 a\u00f1os que falleci\u00f3 por una bala perdida a manos del Ej\u00e9rcito Mexicano, fue\u2026","rel":"","context":"En &quot;CINTILLO&quot;","block_context":{"text":"CINTILLO","link":"https:\/\/www.grieta.org.mx\/index.php\/category\/cintillo\/"},"img":{"alt_text":"","src":"https:\/\/i0.wp.com\/www.grieta.org.mx\/wp-content\/uploads\/2022\/09\/hospitalizan_a_hermano_de_heidi_pequena_que_murio_por_bala_perdida_del_ejercito_en_tamaulipas-min.webp?resize=350%2C200&ssl=1","width":350,"height":200,"srcset":"https:\/\/i0.wp.com\/www.grieta.org.mx\/wp-content\/uploads\/2022\/09\/hospitalizan_a_hermano_de_heidi_pequena_que_murio_por_bala_perdida_del_ejercito_en_tamaulipas-min.webp?resize=350%2C200&ssl=1 1x, https:\/\/i0.wp.com\/www.grieta.org.mx\/wp-content\/uploads\/2022\/09\/hospitalizan_a_hermano_de_heidi_pequena_que_murio_por_bala_perdida_del_ejercito_en_tamaulipas-min.webp?resize=525%2C300&ssl=1 1.5x, https:\/\/i0.wp.com\/www.grieta.org.mx\/wp-content\/uploads\/2022\/09\/hospitalizan_a_hermano_de_heidi_pequena_que_murio_por_bala_perdida_del_ejercito_en_tamaulipas-min.webp?resize=700%2C400&ssl=1 2x, https:\/\/i0.wp.com\/www.grieta.org.mx\/wp-content\/uploads\/2022\/09\/hospitalizan_a_hermano_de_heidi_pequena_que_murio_por_bala_perdida_del_ejercito_en_tamaulipas-min.webp?resize=1050%2C600&ssl=1 3x"},"classes":[]}],"_links":{"self":[{"href":"https:\/\/www.grieta.org.mx\/index.php\/wp-json\/wp\/v2\/posts\/61763","targetHints":{"allow":["GET"]}}],"collection":[{"href":"https:\/\/www.grieta.org.mx\/index.php\/wp-json\/wp\/v2\/posts"}],"about":[{"href":"https:\/\/www.grieta.org.mx\/index.php\/wp-json\/wp\/v2\/types\/post"}],"author":[{"embeddable":true,"href":"https:\/\/www.grieta.org.mx\/index.php\/wp-json\/wp\/v2\/users\/2"}],"replies":[{"embeddable":true,"href":"https:\/\/www.grieta.org.mx\/index.php\/wp-json\/wp\/v2\/comments?post=61763"}],"version-history":[{"count":1,"href":"https:\/\/www.grieta.org.mx\/index.php\/wp-json\/wp\/v2\/posts\/61763\/revisions"}],"predecessor-version":[{"id":61765,"href":"https:\/\/www.grieta.org.mx\/index.php\/wp-json\/wp\/v2\/posts\/61763\/revisions\/61765"}],"wp:featuredmedia":[{"embeddable":true,"href":"https:\/\/www.grieta.org.mx\/index.php\/wp-json\/wp\/v2\/media\/61764"}],"wp:attachment":[{"href":"https:\/\/www.grieta.org.mx\/index.php\/wp-json\/wp\/v2\/media?parent=61763"}],"wp:term":[{"taxonomy":"category","embeddable":true,"href":"https:\/\/www.grieta.org.mx\/index.php\/wp-json\/wp\/v2\/categories?post=61763"},{"taxonomy":"post_tag","embeddable":true,"href":"https:\/\/www.grieta.org.mx\/index.php\/wp-json\/wp\/v2\/tags?post=61763"}],"curies":[{"name":"wp","href":"https:\/\/api.w.org\/{rel}","templated":true}]}}