{"id":61750,"date":"2021-09-17T10:10:51","date_gmt":"2021-09-17T15:10:51","guid":{"rendered":"https:\/\/www.grieta.org.mx\/?p=61750"},"modified":"2021-09-18T10:42:04","modified_gmt":"2021-09-18T15:42:04","slug":"vamos-de-asombro-en-asombro-europa-frente-al-ezln","status":"publish","type":"post","link":"https:\/\/www.grieta.org.mx\/index.php\/2021\/09\/17\/vamos-de-asombro-en-asombro-europa-frente-al-ezln\/","title":{"rendered":"\u201cVamos de asombro en asombro\u201d: Europa frente al EZLN"},"content":{"rendered":"<p>Texto y fotos: Daliri Oropeza\/ PIE DE P\u00c1GINA<\/p>\n<p><strong>Lola Sep\u00falveda dirige en Madrid el Centro de Documentaci\u00f3n sobre Zapatismo m\u00e1s importante de Europa; da un diagn\u00f3stico de la traves\u00eda y pone sobre la mesa los aprendizajes y retos que est\u00e1n por venir con la delegaci\u00f3n a\u00e9rea en entrevista.\u00a0<\/strong><\/p>\n<p>MADRID.- Lola Sep\u00falveda es coordinadora del Centro de Documentaci\u00f3n sobre Zapatismo, que tiene su base en Madrid, Estado Espa\u00f1ol. Siempre ha tenido una mirada muy dirigida hacia M\u00e9xico, pues tiene muy presente todo lo que M\u00e9xico signific\u00f3 en la acogida de los exiliados de la guerra Civil Espa\u00f1ola. La tradici\u00f3n de acogida en el pa\u00eds le hizo tener curiosidad de conocerlo. Esa curiosidad la llev\u00f3 despu\u00e9s a solidarizarse con el zapatismo y emprender el Centro de Documentaci\u00f3n sobre la historia del Ej\u00e9rcito Zapatista de Liberaci\u00f3n Nacional m\u00e1s importante en Europa.<\/p>\n<p>Lola, como la llaman sus amistades, es una figura central de las redes europeas de colaboraci\u00f3n y solidaridad con el zapatismo de Chiapas. Es conocida por su disciplina, su generosidad y su entrega a una causa que la apasiona. Ella es, seg\u00fan muchas referencias, una referencia fundamental en la construcci\u00f3n de puentes entre ambos lados del Atl\u00e1ntico. Platicamos en una tasca, cerca de la estaci\u00f3n del metro Artilleros, en Madrid.<\/p>\n<p>Cuenta que la segunda vez que tuvo la posibilidad de viajar en su vida fue a M\u00e9xico; en 1993. \u201cMe apetec\u00eda mucho ir a Chamula porque hab\u00eda le\u00eddo un reportaje en una revista de viajes\u201d. Con esa br\u00fajula, lleg\u00f3 a San Crist\u00f3bal de las Casas a finales de octubre de aquel a\u00f1o y se enamor\u00f3 del lugar. Al regresar a Madrid, ese diciembre vio en la televisi\u00f3n que el pueblo donde hab\u00eda caminado, estaba lleno de ind\u00edgenas armados.<\/p>\n<p>\u201cEn M\u00e9xico me impact\u00f3 mucho el mundo ind\u00edgena. Era algo absolutamente desconocido\u201d, asegura Lola Sep\u00falveda en entrevista.<\/p>\n<p style=\"text-align: right;\"><strong>\u201cYo me regres\u00e9 (de M\u00e9xico) con la sensaci\u00f3n de que hab\u00eda cosas ocultas, como si hubiese ido a un sitio donde hab\u00eda puertas cerradas que yo no pod\u00eda abrir. Me apetec\u00eda mucho saber qu\u00e9 hab\u00eda detr\u00e1s de esas puertas \u2013pero no ten\u00eda con qu\u00e9 ni c\u00f3mo abrirlas\u2013 que era todo el mundo ind\u00edgena. El mundo ind\u00edgena es algo impenetrable\u201d.<\/strong><br \/>\nLola Sep\u00falveda<\/p>\n<p>Entonces ese mundo, detr\u00e1s de las puertas cerradas, de repente se abre. Lola recuerda que esas puertas se abrieron cuando vio esa ciudad de San Crist\u00f3bal que tanto le hab\u00eda gustado, en su casa\u00a0 por la tele, llena de esa gente que tanto me quedaron ganas de conocer. \u201dEl impacto fue bestial\u201d.<\/p>\n<p>En un intercambio de cartas con su amigo Hugo, a quien conoci\u00f3 en M\u00e9xico, \u00e9l le envi\u00f3 un sobre lleno de recortes de peri\u00f3dico de\u00a0<em>La Jornada<\/em>. Involuntariamente, Lola comenz\u00f3 desde ese momento a sistematizar la informaci\u00f3n que surg\u00eda del zapatismo, para derivar en lo que ahora es el esfuerzo colectivo del Centro de Documentaci\u00f3n sobre Zapatismo.<\/p>\n<p>\u201cDurante a\u00f1os nos estuvimos carteando a mano hasta que decidimos pasar al ordenador, pero nos la mand\u00e1bamos por correo cada 15 d\u00edas; nos escrib\u00edamos y \u00e9l me contaba todo lo que estaba ocurriendo, me explic\u00f3 M\u00e9xico\u201d.<\/p>\n<p>Lola se da cuenta de las amplias posibilidades de aprender del zapatismo, por eso comenz\u00f3 a buscar m\u00e1s informaci\u00f3n, a conocer gente, y ella define que as\u00ed entr\u00f3 al mundo zapatista, primero por fascinaci\u00f3n y luego, porque se incorpor\u00f3 \u00a0a la Plataforma de Solidaridad con Chiapas.<\/p>\n<p>Ahora, adem\u00e1s del Colectivo que sostiene CEDOZ, participa en la red que realiz\u00f3 la hist\u00f3rica marcha del 13 de agosto del 2021, encabezada por el Escuadr\u00f3n 421 en Madrid. A 500 a\u00f1os de la invasi\u00f3n de Tenochtitlan, los zapatistas ocuparon la Plaza Col\u00f3n y el Monumento al descubrimiento de Am\u00e9rica con un discurso coral.<\/p>\n<p><strong>La solidaridad con Chiapas y el CEDOZ<\/strong><\/p>\n<p>\u2014\u00bfC\u00f3mo fue la experiencia de crear el CEDOZ?<\/p>\n<p>\u2014\u00c9ramos un grupo de gente que hab\u00edamos estado vinculadas al zapatismo desde, pr\u00e1cticamente, el 94. Participamos primero en la Plataforma de Solidaridad con Chiapas. Despu\u00e9s creamos un grupo que se llam\u00f3 Red de Apoyo Zapatista. Ah\u00ed estuvimos muchos a\u00f1os y una cosa que nos llam\u00f3 la atenci\u00f3n fue que mucha gente acud\u00eda a nosotros a buscar informaci\u00f3n sobre los zapatistas. Estudiantes que estaban haciendo tesis doctorales, tesinas, hasta trabajos en diversos institutos sobre el zapatismo. Y nos ven\u00edan a pedir documentaci\u00f3n. Observamos que la gente solo citaba los textos de otros . Estaba muy bien, libros escritos por Yvon Le Bot, V\u00e1zquez Montalv\u00e1n, Niel Harver. Bien, pero\u2026 la forma que ten\u00edan de llegar al zapatismo era a trav\u00e9s de la interpretaci\u00f3n de otros.<\/p>\n<p><strong>&#8220;Nosotras, pues a pasarles comunicados, pasarles entrevistas. Es importante que se oyera la voz de los zapatistas. \u00bfPor qu\u00e9 era dif\u00edcil acceder a la voz de los zapatistas a pesar de todas las webs que hab\u00eda? Comunicados de la CONAI, comunicados de la COCOPA, los propios comunicados del EZLN, hab\u00eda cosas que se estaban dando a las cuales la gente no ten\u00eda acceso&#8221;.<\/strong><\/p>\n<p>Ahora es mucho m\u00e1s f\u00e1cil porque est\u00e1 la p\u00e1gina de Enlace Zapatista. Antes no exist\u00eda. S\u00ed hab\u00eda mucha informaci\u00f3n en p\u00e1ginas como las del Frayba. Pero en el internet las cosas existen y cambian. Entonces, todos los documentos del principio,con el levantamiento, se iban perdiendo. Nosotros pens\u00e1bamos que era una pena que llegasen al conocimiento de los zapatistas a trav\u00e9s de terceros.<\/p>\n<p>Est\u00e1 bien que lleguen al zapatismo incluso a trav\u00e9s de terceros; porque eso les abr\u00eda las interpretaciones, la mente, pero nosotros sent\u00edamos que faltaba una pata. Entonces nos propusimos organizar un archivo que ponga a disposici\u00f3n de la gente estas historias de manera organizada. Adem\u00e1s, ya hab\u00edamos ido recopilando muchos documentos a lo largo del tiempo, en papel pero tambi\u00e9n cosas en internet .<\/p>\n<p>Fui de las primeras ac\u00e1 en Madrid en tener internet en el 95. Cuando no era lo que es ahora. Ten\u00edamos listas, y est\u00e1bamos en muchas listas que adem\u00e1s ten\u00edan sus sedes en lugares de Estado Unidos. Esas proporcionaban art\u00edculos de La Jornada y otros medios, entonces ten\u00edamos muchas cosas documentadas de primera mano.<\/p>\n<p>Dijimos: vamos a hacer un centro de documentaci\u00f3n en internet. Por varias razones. Era mucho m\u00e1s f\u00e1cil y barato que tener un local. Aparte, si t\u00fa tienes un local con todos los documentos, solamente la gente que va a esos sitios tiene acceso. Mientras que una p\u00e1gina Web en la que pones esos documentos, cualquiera puede llegar.<\/p>\n<p>As\u00ed naci\u00f3 el centro de documentaci\u00f3n. Para poner a disposici\u00f3n textos, documentos s\u00faper interesantes, que se pierden con el paso del tiempo pero que siguen siendo muy interesantes.<\/p>\n<p>\u2014\u00bfEn qu\u00e9 contexto estaba Europa y qu\u00e9 provoc\u00f3 el levantamiento zapatista?<\/p>\n<p>\u2014 Europa estaba en un momento bastante duro. Se hab\u00eda ca\u00eddo el Muro de Berl\u00edn, y con \u00e9l se destaparon muchas verg\u00fcenzas, que s\u00ed sab\u00edamos, pero estaban ah\u00ed tapaditas. Se cayeron muchas esperanzas, en que las cosas pod\u00edan cambiar, parec\u00eda que no hab\u00eda alternativa. Que: \u2018veis, esto es lo que hay. Cualquier otra cosa es peor. Peor que el capitalismo. Y esto es lo que hay\u2019. La gente sent\u00eda una cosa muy extra\u00f1a cuando cae el muro: por una parte una alegr\u00eda muy grande por lo que significaba la ca\u00edda; de apertura, de que la gente oprimida dejara de estarlo. Por otra parte, la conciencia de que eso era una victoria del capitalismo y que iba en contra de nosotros. Era una sensaci\u00f3n que era muy dura y muy contradictoria. Un momento en el que no hay esperanza de luchas.<\/p>\n<p>Aqu\u00ed, adem\u00e1s, en el Estado Espa\u00f1ol, est\u00e1bamos en la bendita transici\u00f3n. En la que todo es estupendo, todo es bonito, todo es maravilloso. Despu\u00e9s de los 40 a\u00f1os de la dictadura de Franco.<\/p>\n<p>Y eso supuso el desencanto de mucha gente. Porque el periodo de la transici\u00f3n, el fin de todo el franquismo, no se dio como nosotros lo hab\u00edamos so\u00f1ado. Para empezar: Franco muere en la cama, nadie termina con \u00e9l. Las estructuras que hay cambian para no cambiar. De hecho las estamos sufriendo todav\u00eda a estas alturas \u00bfno? Eso supone algo muy duro.<\/p>\n<p>Cuando el Partido Comunista de Espa\u00f1a acepta la bandera que tenemos ahora y acepta la monarqu\u00eda, eso supone un mazazo a toda la historia de lucha antifranquista. No solamente de lucha de la guerra civil, no solamente de lucha de los maques, la guerrilla que hubo despu\u00e9s de la Guerra Civil sino tanta gente luchando contra el franquismo en el Partido Comunista y de repente, acepta la bandera roja. Acepta la monarqu\u00eda.<\/p>\n<p>Hay un momento de ebullici\u00f3n muy grande con el SOE gobernando. Cuando el SOE se plantea entrar a la OTAN. Es algo que para la izquierda espa\u00f1ola siempre hab\u00eda sido el Coco, hab\u00eda sido algo imposible. Entonces se monta. Creamos un gran movimiento anti OTAN, muy fuerte, muy potente, muy interesante por todo el pa\u00eds que obliga al gobierno de Felipe Gonz\u00e1lez a hacer un refer\u00e9ndum. Cre\u00edamos que \u00edbamos a ganar. Est\u00e1bamos convencidos. Pero lo perdemos.<\/p>\n<p>Y entramos a la OTAN. Y ya nunca m\u00e1s se ha cuestionado nada. Eso fue una derrota tremenda para el movimiento social. Eso fue el ambiente, sientes que poco puedes hacer porque est\u00e1, como dijo Franco: atado y bien atado de alguna manera.<\/p>\n<p><strong>&#8220;De repente, aparecen los zapatistas. Con un lenguaje nuevo, con un lenguaje distinto, con una forma diferente de hacer las cosas, con algo que nos sorprend\u00eda. Lo que llamo \u2018los asombros\u2019. Vamos de asombro en asombro&#8221;. <\/strong><\/p>\n<p>Es una gente que para empezar hace lo que dice y dice lo que hace. No dice: voy hacer, y luego hace en lo oscurito. Lo hace. Tiene un tipo de democracia muy radical, basada en la gente. Que primero va a ir a consultar a las comunidades, antes que cualquier negociaci\u00f3n. Saben que tienen potestad para dialogar, [mas] para llegar a acuerdos, primero tienen que aprobarlos la gente.<\/p>\n<p>Todas esas cosas nos sorprend\u00edan. Porque claro, nosotros aqu\u00ed est\u00e1bamos acostumbrados a los partidos pol\u00edticos de izquierdas. Con un centralismo democr\u00e1tico absoluto, con decisiones iban de arriba-abajo.<\/p>\n<p>Encontrarte con la posibilidad de que las decisiones pudieran ir de abajo-arriba\u2026 \u00a1Eso era asombroso! Te digo, de asombro en asombro fuimos. Ah\u00ed empezamos a ver otra cosa.<\/p>\n<p>Yo creo que por eso se enganch\u00f3 much\u00edsima gente con el zapatismo. Porque encontramos ese sentido, esas posibilidades de luchar de otra forma, un sentido de la lucha diferente, distinta. Y una raz\u00f3n, s\u00ed podemos cambiar las cosas. Fue tremendo. Fue un impacto asombroso.<\/p>\n<p><img loading=\"lazy\" decoding=\"async\" data-attachment-id=\"61751\" data-permalink=\"https:\/\/www.grieta.org.mx\/index.php\/2021\/09\/17\/vamos-de-asombro-en-asombro-europa-frente-al-ezln\/escuadron_421_travesiaporlavida_europa_zapatistas_daliri_oropeza-salud_himno_motreuil-1200x800\/\" data-orig-file=\"https:\/\/www.grieta.org.mx\/wp-content\/uploads\/2021\/09\/escuadron_421_travesiaporlavida_europa_zapatistas_daliri_oropeza-salud_himno_motreuil-1200x800-1.jpg\" data-orig-size=\"1200,800\" data-comments-opened=\"0\" data-image-meta=\"{&quot;aperture&quot;:&quot;2.8&quot;,&quot;credit&quot;:&quot;&quot;,&quot;camera&quot;:&quot;Canon EOS 5DS&quot;,&quot;caption&quot;:&quot;&quot;,&quot;created_timestamp&quot;:&quot;1625933289&quot;,&quot;copyright&quot;:&quot;&quot;,&quot;focal_length&quot;:&quot;85&quot;,&quot;iso&quot;:&quot;1250&quot;,&quot;shutter_speed&quot;:&quot;0.005&quot;,&quot;title&quot;:&quot;&quot;,&quot;orientation&quot;:&quot;0&quot;}\" data-image-title=\"escuadron_421_travesiaporlavida_europa_zapatistas_daliri_oropeza-salud_himno_motreuil-1200&amp;#215;800\" data-image-description=\"\" data-image-caption=\"\" data-medium-file=\"https:\/\/www.grieta.org.mx\/wp-content\/uploads\/2021\/09\/escuadron_421_travesiaporlavida_europa_zapatistas_daliri_oropeza-salud_himno_motreuil-1200x800-1-300x200.jpg\" data-large-file=\"https:\/\/www.grieta.org.mx\/wp-content\/uploads\/2021\/09\/escuadron_421_travesiaporlavida_europa_zapatistas_daliri_oropeza-salud_himno_motreuil-1200x800-1-1024x683.jpg\" class=\"alignnone wp-image-61751\" src=\"http:\/\/www.grieta.org.mx\/wp-content\/uploads\/2021\/09\/escuadron_421_travesiaporlavida_europa_zapatistas_daliri_oropeza-salud_himno_motreuil-1200x800-1.jpg\" alt=\"\" width=\"800\" height=\"533\" srcset=\"https:\/\/www.grieta.org.mx\/wp-content\/uploads\/2021\/09\/escuadron_421_travesiaporlavida_europa_zapatistas_daliri_oropeza-salud_himno_motreuil-1200x800-1.jpg 1200w, https:\/\/www.grieta.org.mx\/wp-content\/uploads\/2021\/09\/escuadron_421_travesiaporlavida_europa_zapatistas_daliri_oropeza-salud_himno_motreuil-1200x800-1-300x200.jpg 300w, https:\/\/www.grieta.org.mx\/wp-content\/uploads\/2021\/09\/escuadron_421_travesiaporlavida_europa_zapatistas_daliri_oropeza-salud_himno_motreuil-1200x800-1-1024x683.jpg 1024w, https:\/\/www.grieta.org.mx\/wp-content\/uploads\/2021\/09\/escuadron_421_travesiaporlavida_europa_zapatistas_daliri_oropeza-salud_himno_motreuil-1200x800-1-768x512.jpg 768w\" sizes=\"auto, (max-width: 800px) 100vw, 800px\" \/><\/p>\n<p><strong>La memoria y los aprendizajes de la traves\u00eda<\/strong><\/p>\n<p>\u2014\u00bfPor qu\u00e9 es importante la memoria sobre el Zapatismo?<\/p>\n<p>\u2014Somos lo que hemos sido. Cualquiera de nosotros llega al punto donde est\u00e1 porque tiene detr\u00e1s una historia, llena de elecciones y renuncias. Y esa es tambi\u00e9n de los zapatistas. No llegaron a las Juntas del Buen Gobierno as\u00ed porque alguien de repente se despierta y dice hagamos nuestro gobierno.<\/p>\n<p>Llegan a las Juntas de un Buen Gobierno porque tienen una experiencia de gobierno a trav\u00e9s de las comunidades y a trav\u00e9s de los municipios aut\u00f3nomos que en un momento determinado les hace ver que funciona el agruparse en junta.<\/p>\n<p>Es muy importante conocer la historia de los zapatistas porque explica mucho de su relaci\u00f3n o no relaci\u00f3n con el gobierno y con los partidos pol\u00edticos. Hay toda una historia detr\u00e1s de traiciones a los zapatistas, de las cuales damos cuenta y hay que conocer. No es que a los pueblos zapatistas no les gusten los partidos pol\u00edticos, tienen una experiencia acumulada, a lo largo de los a\u00f1os, de traiciones de los partidos.<\/p>\n<p>Han llegado a tener nuevos municipios aut\u00f3nomos, nuevos caracoles por toda una historia de lucha que viene de muy atr\u00e1s; nada es gratuito, nada aparece de la noche a la ma\u00f1ana. Y ahora est\u00e1n en Europa. Todo es porque hay un trabajo y merece la pena rescatarlo. Nos puede dar pautas a los dem\u00e1s. No para imitarlos. Para saberlo: t\u00fa aqu\u00ed no puedes pretender cambiar el mundo de la noche a la ma\u00f1ana, tienes que hacer un trabajo para que se logre.<\/p>\n<p>Y los zapatistas han cambiado su mundo, pero detr\u00e1s de eso hay un trabajo enorme, espectacular, un trabajo tremendo, tremendo de much\u00edsimos a\u00f1os, de much\u00edsimos a\u00f1os y ese trabajo merece ser conocido, y por eso, documentado.<\/p>\n<p>\u2014\u00bfQu\u00e9 trae a los zapatistas a Europa?<\/p>\n<p>\u2014Yo creo que los trae varias cosas. Primero una necesidad de compartir lo que saben y lo han dicho: \u2018no todo el mundo puede ir para all\u00e1\u2019. Hay alg\u00fan comunicado en el que dicen: \u2018cuando alguien de Europa viene y nos cuenta las cosas que se hacen all\u00ed, nosotros no solamente vemos al que nos lo est\u00e1 contando, sino a todos los compa\u00f1eros que est\u00e1n detr\u00e1s. Tambi\u00e9n esa necesidad de conocer a toda esa gente que no puede ir hasta Chiapas a visitarles. Una necesidad de conocer y de que les conozcan. Creo que tambi\u00e9n para ellos es muy importante conocer esa otra realidad que hay fuera.<\/p>\n<p>Recuerdo que dijeron que ven\u00edan. Fue en el 2003, si no me equivoco, un 12 de enero. Hubo una gran marcha en San Crist\u00f3bal que fueron muchos zapatistas. En la noche hablaron. Y uno de los comandantes, hizo un discurso que a m\u00ed me llam\u00f3 much\u00edsimo, la atenci\u00f3n, dec\u00eda: \u201cporque los gobiernos piensan que porque somos ind\u00edgenas, somos ignorantes y no sabemos nada. Pero es que sabemos cosas, que adem\u00e1s nos han ense\u00f1ado la gente que ha venido ac\u00e1. Sabemos hasta donde est\u00e1 Jap\u00f3n, porque han venido compa\u00f1eros y nos han contado c\u00f3mo es Jap\u00f3n.<\/p>\n<p>Eso me llam\u00f3 much\u00edsimo la atenci\u00f3n porque vi esa capacidad de los zapatistas de aprender, de conocer nuevas realidades que est\u00e1n ah\u00ed. Y yo creo que ahora, esta Traves\u00eda, es un paso m\u00e1s en ese conocer. Quieren encontrarse con toda esa gente que saben que est\u00e1 ac\u00e1 resistiendo. \u201cBueno pues hab\u00e9is estado viniendo durante tant\u00edsimos a\u00f1os ac\u00e1, ahora os devolvemos la flor prometida\u201d, la que aquellos dec\u00edan \u201cOs vamos a llevar la flor que os hab\u00edamos prometido, vamos a ir nosotros a visitaros y adem\u00e1s vamos a conoceros\u201d.<\/p>\n<p>&#8220;A m\u00ed esto me parece maravilloso. Es entre tierno y revolucionario. Esa posibilidad de que gente que no ha podido ir a Chiapas, les conozca y que ellos conozcan a los que no han podido ir a Chiapas&#8221;.<\/p>\n<p><img loading=\"lazy\" decoding=\"async\" data-attachment-id=\"61752\" data-permalink=\"https:\/\/www.grieta.org.mx\/index.php\/2021\/09\/17\/vamos-de-asombro-en-asombro-europa-frente-al-ezln\/pdp_zapatistas_madrid_nonosconquistaron_madrid_escuadron421_daliri_oropeza-marchahistorica-1200x800\/\" data-orig-file=\"https:\/\/www.grieta.org.mx\/wp-content\/uploads\/2021\/09\/pdp_zapatistas_madrid_nonosconquistaron_madrid_escuadron421_daliri_oropeza-marchahistorica-1200x800-1.jpg\" data-orig-size=\"1200,800\" data-comments-opened=\"0\" data-image-meta=\"{&quot;aperture&quot;:&quot;6.3&quot;,&quot;credit&quot;:&quot;&quot;,&quot;camera&quot;:&quot;Canon EOS 5DS&quot;,&quot;caption&quot;:&quot;&quot;,&quot;created_timestamp&quot;:&quot;1628885647&quot;,&quot;copyright&quot;:&quot;&quot;,&quot;focal_length&quot;:&quot;16&quot;,&quot;iso&quot;:&quot;100&quot;,&quot;shutter_speed&quot;:&quot;0.005&quot;,&quot;title&quot;:&quot;&quot;,&quot;orientation&quot;:&quot;0&quot;}\" data-image-title=\"pdp_zapatistas_madrid_nonosconquistaron_madrid_escuadron421_daliri_oropeza-marchahistorica-1200&amp;#215;800\" data-image-description=\"\" data-image-caption=\"\" data-medium-file=\"https:\/\/www.grieta.org.mx\/wp-content\/uploads\/2021\/09\/pdp_zapatistas_madrid_nonosconquistaron_madrid_escuadron421_daliri_oropeza-marchahistorica-1200x800-1-300x200.jpg\" data-large-file=\"https:\/\/www.grieta.org.mx\/wp-content\/uploads\/2021\/09\/pdp_zapatistas_madrid_nonosconquistaron_madrid_escuadron421_daliri_oropeza-marchahistorica-1200x800-1-1024x683.jpg\" class=\"alignnone size-full wp-image-61752\" src=\"http:\/\/www.grieta.org.mx\/wp-content\/uploads\/2021\/09\/pdp_zapatistas_madrid_nonosconquistaron_madrid_escuadron421_daliri_oropeza-marchahistorica-1200x800-1.jpg\" alt=\"\" width=\"1200\" height=\"800\" srcset=\"https:\/\/www.grieta.org.mx\/wp-content\/uploads\/2021\/09\/pdp_zapatistas_madrid_nonosconquistaron_madrid_escuadron421_daliri_oropeza-marchahistorica-1200x800-1.jpg 1200w, https:\/\/www.grieta.org.mx\/wp-content\/uploads\/2021\/09\/pdp_zapatistas_madrid_nonosconquistaron_madrid_escuadron421_daliri_oropeza-marchahistorica-1200x800-1-300x200.jpg 300w, https:\/\/www.grieta.org.mx\/wp-content\/uploads\/2021\/09\/pdp_zapatistas_madrid_nonosconquistaron_madrid_escuadron421_daliri_oropeza-marchahistorica-1200x800-1-1024x683.jpg 1024w, https:\/\/www.grieta.org.mx\/wp-content\/uploads\/2021\/09\/pdp_zapatistas_madrid_nonosconquistaron_madrid_escuadron421_daliri_oropeza-marchahistorica-1200x800-1-768x512.jpg 768w\" sizes=\"auto, (max-width: 1200px) 100vw, 1200px\" \/><\/p>\n<p>\u2014\u00bfQu\u00e9 caminos se han abierto con esta traves\u00eda?<\/p>\n<p>\u2014Con esta traves\u00eda, todos los caminos est\u00e1n todav\u00eda por abrirse.<\/p>\n<p>En Europa, se han abierto: un mayor conocimiento entre nosotros, dentro de que somos un desastre, o sea, de que tenemos unas reuniones europeas de 300 personas, en las que no conseguimos llegar a acuerdos. Hemos conseguido que nos conozcamos y se ha movido mucho.<\/p>\n<p>La idea de reunirse con los zapatistas y de recibirlos. El hecho de que no sea solamente gente la que les est\u00e1 esperando. Hemos estado trabajando siempre y apoyando al zapatismo, pero tambi\u00e9n hay otra gente que est\u00e1 apoyando.<\/p>\n<p>Eso es como muy importante porque al final, bueno yo te hablo por la experiencia de Madrid, al final en Madrid hay montones de organizaciones, grupos, colectivos, que trabajan en sus cosas. Nosotros \u00e9ramos un grupito m\u00e1s y seguimos siendo un grupito m\u00e1s.<\/p>\n<p>Pero ante el hecho de que vengan los zapatistas nos ha servido para juntarnos y para conocernos porque est\u00e1bamos muy dispersos. De cara a la visita de los zapatistas se est\u00e1n sentando las bases para seguir esa colaboraci\u00f3n para que estemos juntos.<\/p>\n<p>No se trata de que todos trabajemos todo. Se trata de que todos apoyemos a la gente que est\u00e1 trabajando, que tengamos esa relaci\u00f3n entre nosotros, de confianza. Eso me parece que esta gira lo ha conseguido desde antes de empezar. Solamente prepar\u00e1ndonos, me parece muy, muy importante.<\/p>\n<p>&#8220;Cuando nos avisaron que vendr\u00edan yo pens\u00e9: est\u00e1n locos. Ya lo he pensado tantas veces que tampoco me sorprendi\u00f3, vamos, si hay alguien que pueda hacer locuras son ellos. Aqu\u00ed en Madrid eso ha sido muy potente esa posibilidad de conocernos en el trabajo, en un trabajo real eso ha sido muy importante&#8221;.<\/p>\n<p>\u2014 \u00bfQu\u00e9 experiencias rescatas respecto a la organizaci\u00f3n de la recepci\u00f3n del Escuadr\u00f3n 421 en fechas distintas este proceso? Adem\u00e1s llegan m\u00e1s zapatistas.<\/p>\n<p>\u2014Rescato que ninguna de las dos cosas se hubieran podido hacer sin el trabajo previo que hemos estado haciendo para recibirles. Lo de la marcha del 13 de agosto si lo sab\u00edamos desde el primer comunicado del EZLN. Dijimos \u00a1Ay madre m\u00eda con el calor que hace el 13 de agosto que hace en Madrid!. Pues no solamente el 13 de agosto hace mucho calor en Madrid sino que al Escuadr\u00f3n le toc\u00f3 una ola de calor.<\/p>\n<p>No esper\u00e1bamos recibir al Escuadr\u00f3n antes. Pero fue, en estos dos momentos, sobre todo en el 13 porque fue m\u00e1s trabajo, la prueba de fuego del trabajo de la gente. Llegaron al Teatro del Barrio y a Lavapies.<\/p>\n<p>Despu\u00e9s de Vigo, cuando nos dijeron: viene el Escuadr\u00f3n, pues fue toda la locura de buscar un sitio donde hacerlo; c\u00f3mo organiz\u00e1bamos el acto. Lo del 13 de agosto fue mucho m\u00e1s, ven\u00eda gente de fuera de Madrid, hab\u00eda que recibirles, hab\u00eda que acompa\u00f1arles.<\/p>\n<p>Nos parec\u00eda importante que est\u00e1bamos toda Europa aqu\u00ed, despu\u00e9s de tanto tiempo de vernos las caras a trav\u00e9s de un pl\u00e1stico, de una pantalla, pues encontrarnos, hab\u00eda que dar espacios para que nos encontr\u00e1ramos.<\/p>\n<p>Todo eso no se hubiera podido hacer sin ese trabajo previo. Hemos demostrado que se puede trabajar y que se pueden hacer cosas todos juntos. Ha sido eso como la prueba de fuego; exitosa, yo creo.<\/p>\n<p>Todos los compa\u00f1eros, las compa\u00f1eras se dejaron la piel durante d\u00edas en el trabajo continuo y diario para que eso saliera. Poniendo todo su empe\u00f1o, todo su amor, todo su cari\u00f1o por los zapatistas \u00bfno? grupos diversos de muchas cosas, de muchas geograf\u00edas, eso ha sido fant\u00e1stico.<\/p>\n<p>Nos conocemos y nos reconocemos en el zapatismo, o sea, ese conocernos y reconocernos es fundamental, ha sido fundamental.<\/p>\n<p><img loading=\"lazy\" decoding=\"async\" data-attachment-id=\"61753\" data-permalink=\"https:\/\/www.grieta.org.mx\/index.php\/2021\/09\/17\/vamos-de-asombro-en-asombro-europa-frente-al-ezln\/pdp_lolasepulveda_madrid_travesiaporlavida_europa_zapatistas_daliri_oropeza-2\/\" data-orig-file=\"https:\/\/www.grieta.org.mx\/wp-content\/uploads\/2021\/09\/pdp_lolasepulveda_madrid_travesiaporlavida_europa_zapatistas_daliri_oropeza-2.jpg\" data-orig-size=\"992,661\" data-comments-opened=\"0\" data-image-meta=\"{&quot;aperture&quot;:&quot;2.8&quot;,&quot;credit&quot;:&quot;&quot;,&quot;camera&quot;:&quot;Canon EOS 5DS&quot;,&quot;caption&quot;:&quot;&quot;,&quot;created_timestamp&quot;:&quot;1628712820&quot;,&quot;copyright&quot;:&quot;&quot;,&quot;focal_length&quot;:&quot;16&quot;,&quot;iso&quot;:&quot;100&quot;,&quot;shutter_speed&quot;:&quot;0.033333333333333&quot;,&quot;title&quot;:&quot;&quot;,&quot;orientation&quot;:&quot;1&quot;}\" data-image-title=\"pdp_lolasepulveda_madrid_travesiaporlavida_europa_zapatistas_daliri_oropeza-2\" data-image-description=\"\" data-image-caption=\"\" data-medium-file=\"https:\/\/www.grieta.org.mx\/wp-content\/uploads\/2021\/09\/pdp_lolasepulveda_madrid_travesiaporlavida_europa_zapatistas_daliri_oropeza-2-300x200.jpg\" data-large-file=\"https:\/\/www.grieta.org.mx\/wp-content\/uploads\/2021\/09\/pdp_lolasepulveda_madrid_travesiaporlavida_europa_zapatistas_daliri_oropeza-2.jpg\" class=\"alignnone wp-image-61753\" src=\"http:\/\/www.grieta.org.mx\/wp-content\/uploads\/2021\/09\/pdp_lolasepulveda_madrid_travesiaporlavida_europa_zapatistas_daliri_oropeza-2.jpg\" alt=\"\" width=\"800\" height=\"533\" srcset=\"https:\/\/www.grieta.org.mx\/wp-content\/uploads\/2021\/09\/pdp_lolasepulveda_madrid_travesiaporlavida_europa_zapatistas_daliri_oropeza-2.jpg 992w, https:\/\/www.grieta.org.mx\/wp-content\/uploads\/2021\/09\/pdp_lolasepulveda_madrid_travesiaporlavida_europa_zapatistas_daliri_oropeza-2-300x200.jpg 300w, https:\/\/www.grieta.org.mx\/wp-content\/uploads\/2021\/09\/pdp_lolasepulveda_madrid_travesiaporlavida_europa_zapatistas_daliri_oropeza-2-768x512.jpg 768w\" sizes=\"auto, (max-width: 800px) 100vw, 800px\" \/><\/p>\n<p><a href=\"https:\/\/piedepagina.mx\/vamos-de-asombro-en-asombro-europa-frente-al-ez\/\" target=\"_blank\" rel=\"noopener\">https:\/\/piedepagina.mx\/vamos-de-asombro-en-asombro-europa-frente-al-ez\/<\/a><\/p>\n","protected":false},"excerpt":{"rendered":"<p>Texto y fotos: Daliri Oropeza\/ PIE DE P\u00c1GINA Lola Sep\u00falveda dirige en Madrid el Centro de Documentaci\u00f3n sobre Zapatismo m\u00e1s importante de Europa; da un diagn\u00f3stico de la traves\u00eda y &hellip; <a href=\"https:\/\/www.grieta.org.mx\/index.php\/2021\/09\/17\/vamos-de-asombro-en-asombro-europa-frente-al-ezln\/\" class=\"more-link\">Leer m\u00e1s<\/a><\/p>\n","protected":false},"author":2,"featured_media":61758,"comment_status":"closed","ping_status":"closed","sticky":false,"template":"","format":"standard","meta":{"ngg_post_thumbnail":0,"_jetpack_newsletter_access":"","_jetpack_dont_email_post_to_subs":false,"_jetpack_newsletter_tier_id":0,"_jetpack_memberships_contains_paywalled_content":false,"_jetpack_memberships_contains_paid_content":false,"footnotes":""},"categories":[80,2,2661,3916],"tags":[4030,3950,3934,3995,3961,3917,2249],"class_list":["post-61750","post","type-post","status-publish","format-standard","has-post-thumbnail","hentry","category-cintillo","category-noticias-nacionales","category-redes-de-resistencia-y-rebeldia","category-travesia-por-la-vida","tag-cedoz","tag-estado-espanol","tag-europa","tag-gira-zapatista","tag-madrid","tag-travesia-por-la-vida","tag-zapatistas","entry"],"jetpack_featured_media_url":"https:\/\/www.grieta.org.mx\/wp-content\/uploads\/2021\/09\/cedoz-1-e1631979623926.jpg","jetpack_sharing_enabled":true,"jetpack_shortlink":"https:\/\/wp.me\/p7ZJR4-g3Y","jetpack_likes_enabled":false,"jetpack-related-posts":[{"id":61128,"url":"https:\/\/www.grieta.org.mx\/index.php\/2021\/08\/15\/421-madrid-marcha\/","url_meta":{"origin":61750,"position":0},"title":"&#8220;No nos conquistaron&#8221;: La marcha y la palabra de la Brigada zapatista en Madrid,  13 de agosto (VIDEO)","author":"grieta","date":"15 agosto, 2021","format":false,"excerpt":"VOCESENLUCHA En medio de la Gira por la Vida, el Escuadr\u00f3n 421 del Ej\u00e9rcito Zapatista de Liberaci\u00f3n Nacional, #EZLN, llega a Madrid a 500 a\u00f1os de la invasi\u00f3n de Tenochtitl\u00e1n por parte del imperio espa\u00f1ol. En un evento hist\u00f3rico, el 13 de agosto de 2021 caminamos desde la Puerta del\u2026","rel":"","context":"En &quot;CINTILLO&quot;","block_context":{"text":"CINTILLO","link":"https:\/\/www.grieta.org.mx\/index.php\/category\/cintillo\/"},"img":{"alt_text":"","src":"https:\/\/i0.wp.com\/www.grieta.org.mx\/wp-content\/uploads\/2021\/08\/421-Madrid-13-08-MG_8073.jpg?resize=350%2C200&ssl=1","width":350,"height":200,"srcset":"https:\/\/i0.wp.com\/www.grieta.org.mx\/wp-content\/uploads\/2021\/08\/421-Madrid-13-08-MG_8073.jpg?resize=350%2C200&ssl=1 1x, https:\/\/i0.wp.com\/www.grieta.org.mx\/wp-content\/uploads\/2021\/08\/421-Madrid-13-08-MG_8073.jpg?resize=525%2C300&ssl=1 1.5x, https:\/\/i0.wp.com\/www.grieta.org.mx\/wp-content\/uploads\/2021\/08\/421-Madrid-13-08-MG_8073.jpg?resize=700%2C400&ssl=1 2x"},"classes":[]},{"id":61458,"url":"https:\/\/www.grieta.org.mx\/index.php\/2021\/08\/30\/apenas-500-anos-despues-ecos-desde-la-europa-insumisa\/","url_meta":{"origin":61750,"position":1},"title":"Apenas 500 a\u00f1os despu\u00e9s\u2026 (Ecos desde la Europa Insumisa).","author":"grieta","date":"30 agosto, 2021","format":false,"excerpt":"Por Red Universitaria Anticapitalista Publicado en La Comuna Mx 19 de agosto de 2021. En un ambiente festivo acompa\u00f1ado de la alegre rebeld\u00eda y con una manifestaci\u00f3n en Madrid, fue como se vivieron los 500 a\u00f1os de aquel 13 de agosto de 1521, con la supuesta derrota de Tenochtitlan, aunque\u2026","rel":"","context":"En &quot;CINTILLO&quot;","block_context":{"text":"CINTILLO","link":"https:\/\/www.grieta.org.mx\/index.php\/category\/cintillo\/"},"img":{"alt_text":"","src":"","width":0,"height":0},"classes":[]},{"id":59140,"url":"https:\/\/www.grieta.org.mx\/index.php\/2021\/05\/03\/saludan-en-la-ciudad-de-mexico-el-inicio-de-la-travesia-maritima-zapatista-a-europa\/","url_meta":{"origin":61750,"position":2},"title":"Saludan en la Ciudad de M\u00e9xico el inicio de la traves\u00eda mar\u00edtima zapatista a Europa","author":"grieta","date":"3 mayo, 2021","format":false,"excerpt":"COLECTIVO GRIETA, Ciudad de M\u00e9xico, 2 de mayo.- Para hacer p\u00fablica su adhesi\u00f3n a la reciente iniciativa del Ej\u00e9rcito Zapatista de Liberaci\u00f3n Nacional (EZLN), \"Zapatistas. Una traves\u00eda por la vida\", y desearles buen viaje a los siete ind\u00edgenas mayas (tzotziles, tzeltales, choles y tojolabales) \u00a0integrantes del Escuadr\u00f3n 421 \u00a0que hoy\u2026","rel":"","context":"En &quot;CINTILLO&quot;","block_context":{"text":"CINTILLO","link":"https:\/\/www.grieta.org.mx\/index.php\/category\/cintillo\/"},"img":{"alt_text":"","src":"https:\/\/i0.wp.com\/www.grieta.org.mx\/wp-content\/uploads\/2021\/05\/Screenshot_2021-05-03-Saludan-en-la-Ciudad-de-Mexico-el-inicio-de-la-travesia-maritima-zapatista-a-Europa.png?resize=350%2C200&ssl=1","width":350,"height":200,"srcset":"https:\/\/i0.wp.com\/www.grieta.org.mx\/wp-content\/uploads\/2021\/05\/Screenshot_2021-05-03-Saludan-en-la-Ciudad-de-Mexico-el-inicio-de-la-travesia-maritima-zapatista-a-Europa.png?resize=350%2C200&ssl=1 1x, https:\/\/i0.wp.com\/www.grieta.org.mx\/wp-content\/uploads\/2021\/05\/Screenshot_2021-05-03-Saludan-en-la-Ciudad-de-Mexico-el-inicio-de-la-travesia-maritima-zapatista-a-Europa.png?resize=525%2C300&ssl=1 1.5x, https:\/\/i0.wp.com\/www.grieta.org.mx\/wp-content\/uploads\/2021\/05\/Screenshot_2021-05-03-Saludan-en-la-Ciudad-de-Mexico-el-inicio-de-la-travesia-maritima-zapatista-a-Europa.png?resize=700%2C400&ssl=1 2x"},"classes":[]},{"id":60753,"url":"https:\/\/www.grieta.org.mx\/index.php\/2021\/07\/23\/semana-de-acciones-en-varias-ciudades-europeas-para-pedir-via-libre-para-la-delegacion-zapatista\/","url_meta":{"origin":61750,"position":3},"title":"Semana de acciones en varias ciudades europeas para pedir v\u00eda libre para la delegaci\u00f3n zapatista","author":"grieta","date":"23 julio, 2021","format":false,"excerpt":"Desde el martes pasado se han venido realizando acciones frente a las embajadas y consulados de Francia de Alemania, Italia, B\u00e9lgica, Dinamarca y algunas ciudades francesas. Hoy han sucedido en Pa\u00edses Bajos y Grecia, y en el Estado espa\u00f1ol, se han convocado para este s\u00e1bado en Granada, Barcelona, Bilbao y\u2026","rel":"","context":"En &quot;CINTILLO&quot;","block_context":{"text":"CINTILLO","link":"https:\/\/www.grieta.org.mx\/index.php\/category\/cintillo\/"},"img":{"alt_text":"","src":"https:\/\/i0.wp.com\/www.grieta.org.mx\/wp-content\/uploads\/2021\/07\/pasolibre-Amsterdam.jpg?resize=350%2C200&ssl=1","width":350,"height":200,"srcset":"https:\/\/i0.wp.com\/www.grieta.org.mx\/wp-content\/uploads\/2021\/07\/pasolibre-Amsterdam.jpg?resize=350%2C200&ssl=1 1x, https:\/\/i0.wp.com\/www.grieta.org.mx\/wp-content\/uploads\/2021\/07\/pasolibre-Amsterdam.jpg?resize=525%2C300&ssl=1 1.5x, https:\/\/i0.wp.com\/www.grieta.org.mx\/wp-content\/uploads\/2021\/07\/pasolibre-Amsterdam.jpg?resize=700%2C400&ssl=1 2x, https:\/\/i0.wp.com\/www.grieta.org.mx\/wp-content\/uploads\/2021\/07\/pasolibre-Amsterdam.jpg?resize=1050%2C600&ssl=1 3x, https:\/\/i0.wp.com\/www.grieta.org.mx\/wp-content\/uploads\/2021\/07\/pasolibre-Amsterdam.jpg?resize=1400%2C800&ssl=1 4x"},"classes":[]},{"id":61465,"url":"https:\/\/www.grieta.org.mx\/index.php\/2021\/08\/22\/apenas-500-anos-despues-escuadron-maritimo-zapatista-en-voz-de-lupita-5-7\/","url_meta":{"origin":61750,"position":4},"title":"Apenas 500 a\u00f1os despu\u00e9s | Escuadr\u00f3n Mar\u00edtimo Zapatista \/ En voz de Lupita (5\/7)","author":"grieta","date":"22 agosto, 2021","format":false,"excerpt":"Por Medios Libres o como se llamen Publicado en Camino al Andar 22 de agosto de 2021. Escuchamos las palabras del movimiento zapatista, el 13 de agosto pasado en Madrid, luego de una marcha hist\u00f3rica en las calles de la capital espa\u00f1ola, dos semanas despu\u00e9s del Encuentro de mujeres, personas\u2026","rel":"","context":"En &quot;NOTICIAS NACIONALES&quot;","block_context":{"text":"NOTICIAS NACIONALES","link":"https:\/\/www.grieta.org.mx\/index.php\/category\/noticias-nacionales\/"},"img":{"alt_text":"","src":"","width":0,"height":0},"classes":[]},{"id":61108,"url":"https:\/\/www.grieta.org.mx\/index.php\/2021\/08\/11\/video-del-concierto-bienvenida-gira-zapatista-europea-2021-12-de-agosto-auditorio-pilar-bardem-de-rivas-vaciamadrid-madrid\/","url_meta":{"origin":61750,"position":5},"title":"Video del &#8220;Concierto bienvenida Gira Zapatista Europea 2021&#8221;: 12 de agosto, Auditorio Pilar Bardem de Rivas Vaciamadrid (Madrid)","author":"grieta","date":"11 agosto, 2021","format":false,"excerpt":"LA TERCERA \u00a0 Desde CGT queremos dar la bienvenida a las, los y loas compa\u00f1ero\/as zapatistas, que se encuentran de Gira por Europa, celebrando un concierto el d\u00eda 12 de agosto en Rivas-Vaciamadrid, en el Auditorio Pilar Bardem, a las 18:00 h., la entrada al auditorio ser\u00e1 exclusiva para las\u2026","rel":"","context":"En &quot;CINTILLO&quot;","block_context":{"text":"CINTILLO","link":"https:\/\/www.grieta.org.mx\/index.php\/category\/cintillo\/"},"img":{"alt_text":"","src":"https:\/\/i0.wp.com\/www.grieta.org.mx\/wp-content\/uploads\/2021\/08\/Cartel-concierto-Madrid-12-agosto.jpg?resize=350%2C200&ssl=1","width":350,"height":200,"srcset":"https:\/\/i0.wp.com\/www.grieta.org.mx\/wp-content\/uploads\/2021\/08\/Cartel-concierto-Madrid-12-agosto.jpg?resize=350%2C200&ssl=1 1x, https:\/\/i0.wp.com\/www.grieta.org.mx\/wp-content\/uploads\/2021\/08\/Cartel-concierto-Madrid-12-agosto.jpg?resize=525%2C300&ssl=1 1.5x, https:\/\/i0.wp.com\/www.grieta.org.mx\/wp-content\/uploads\/2021\/08\/Cartel-concierto-Madrid-12-agosto.jpg?resize=700%2C400&ssl=1 2x"},"classes":[]}],"_links":{"self":[{"href":"https:\/\/www.grieta.org.mx\/index.php\/wp-json\/wp\/v2\/posts\/61750","targetHints":{"allow":["GET"]}}],"collection":[{"href":"https:\/\/www.grieta.org.mx\/index.php\/wp-json\/wp\/v2\/posts"}],"about":[{"href":"https:\/\/www.grieta.org.mx\/index.php\/wp-json\/wp\/v2\/types\/post"}],"author":[{"embeddable":true,"href":"https:\/\/www.grieta.org.mx\/index.php\/wp-json\/wp\/v2\/users\/2"}],"replies":[{"embeddable":true,"href":"https:\/\/www.grieta.org.mx\/index.php\/wp-json\/wp\/v2\/comments?post=61750"}],"version-history":[{"count":1,"href":"https:\/\/www.grieta.org.mx\/index.php\/wp-json\/wp\/v2\/posts\/61750\/revisions"}],"predecessor-version":[{"id":61759,"href":"https:\/\/www.grieta.org.mx\/index.php\/wp-json\/wp\/v2\/posts\/61750\/revisions\/61759"}],"wp:featuredmedia":[{"embeddable":true,"href":"https:\/\/www.grieta.org.mx\/index.php\/wp-json\/wp\/v2\/media\/61758"}],"wp:attachment":[{"href":"https:\/\/www.grieta.org.mx\/index.php\/wp-json\/wp\/v2\/media?parent=61750"}],"wp:term":[{"taxonomy":"category","embeddable":true,"href":"https:\/\/www.grieta.org.mx\/index.php\/wp-json\/wp\/v2\/categories?post=61750"},{"taxonomy":"post_tag","embeddable":true,"href":"https:\/\/www.grieta.org.mx\/index.php\/wp-json\/wp\/v2\/tags?post=61750"}],"curies":[{"name":"wp","href":"https:\/\/api.w.org\/{rel}","templated":true}]}}