{"id":61725,"date":"2021-09-16T20:22:40","date_gmt":"2021-09-17T01:22:40","guid":{"rendered":"https:\/\/www.grieta.org.mx\/?p=61725"},"modified":"2021-09-17T20:47:41","modified_gmt":"2021-09-18T01:47:41","slug":"mujeres-zapatistas-participan-en-concentracion-y-marcha-nocturna-contra-feminicidios-en-austria","status":"publish","type":"post","link":"https:\/\/www.grieta.org.mx\/index.php\/2021\/09\/16\/mujeres-zapatistas-participan-en-concentracion-y-marcha-nocturna-contra-feminicidios-en-austria\/","title":{"rendered":"Mujeres zapatistas participan en concentraci\u00f3n y marcha nocturna contra feminicidios en Austria"},"content":{"rendered":"<p>POZOL COLECTIVO<br \/>\nFOTOS: Isabel Mateos y Amehd Coca<\/p>\n<p>Un gran contingente de mujeres mayas zapatistas que llegaron a Europa Central hace dos d\u00edas y medio se uni\u00f3 a las 18 hrs. a una concentraci\u00f3n de protesta para exigir justicia para Shukri y Fadumo, dos mujeres de origen somal\u00ed, asesinadas hace dos d\u00edas en Viena, pidiendo que no quede impune este doble feminicidio. Esta concentraci\u00f3n fue convocada por la colectiva Ni una menos-Austria, la cual agradeci\u00f3 \u00aba las compa\u00f1eras zapatistas por su apoyo en nuestra reuni\u00f3n y marcha en este d\u00eda tan triste\u00bb.<\/p>\n<p>Adelante de la iglesia monumental de Karlsplatz, las compa\u00f1eras escucharon, aplaudieron y filmaron diferentes tomas de palabra de mujeres somal\u00edes y de otros pa\u00edses de Europa y \u00c1frica que se expresaron en sus diferentes lenguas, en especial el somal\u00ed, el \u00e1rabe, el espa\u00f1ol y el alem\u00e1n austriaco. Cientos de j\u00f3venes mujeres feministas e internacionalistas llevaban pancartas y mantas contra el patriarcado y el racismo. Estuvieron gritando consignas y cantaron una versi\u00f3n alemana de Vivir sin miedo de Vivir Quintana, antes de prender en silencio las luces de sus tel\u00e9fonos celulares cuando cay\u00f3 la noche. Despu\u00e9s de escuchar los dolores en lenguas que tampoco medios libres de Slumil K\u2019ajxemk\u2019op pudieron entender, las compa\u00f1eras de la Extempor\u00e1nea siguieron el recorrido de la marcha de mujeres austriacas y migrantas que recorrieron calles anchas rodeadas de edificios imponentes que remontan al imperio austro-h\u00fangaro siglos atr\u00e1s.<\/p>\n<p>El campanazo de la iglesia de Karlsplatz no pudo callar a las voces altas ni los silencios de las mujeres expresando dolores que tal vez lograron captar los celulares de las compa\u00f1eras zapatistas, as\u00ed como la videoc\u00e1mara del compa\u00f1ero Tercio, encargado del registro audiovisual de la delegaci\u00f3n aerotransportada del EZLN, quien fue el \u00fanico var\u00f3n zapatista presente en la concentraci\u00f3n y la marcha nocturna. A lo mejor, la vibra antipatriarcal, antirracista e internacionalista de la primera marcha europea de la Secci\u00f3n Miliciana Ixchel-Ramona se nota en el llamado streaming (video en vivo) de medios libres desde Karslplatz en Viena, con comentarios en espa\u00f1ol de anfitriones de Zapalotta, en especial, el Comit\u00e9 de Solidaridad Mexiko-Salzburg, quienes explican el contexto y el sentido de las acciones de protesta contra los 21 feminicidios que lleva Austria en 2021.<\/p>\n<p>Mucha emoci\u00f3n marcar\u00e1 sin duda la memoria de las compa\u00f1eras milicianas, vestidas de playera rosa, pantal\u00f3n de mezclilla y botas de piel, listas para caminar escuchando, intercambiar y aprender de las luchas de cientos de colectivas europeas insumisas que las invitan y exigen sin descanso \u201c\u00a1Ni una menos!\u201d, \u201c\u00a1Alerta feminista\u201d y \u201cStoppt den femizid !\u201d.<\/p>\n<p>#LaGiraZapatistaVa #Traves\u00edaporlavida<br \/>\n#niunamenos #vivasnosqueremos #stopptfemizide<\/p>\n<p><img loading=\"lazy\" decoding=\"async\" data-attachment-id=\"61727\" data-permalink=\"https:\/\/www.grieta.org.mx\/index.php\/2021\/09\/16\/mujeres-zapatistas-participan-en-concentracion-y-marcha-nocturna-contra-feminicidios-en-austria\/img_2643-768x512\/\" data-orig-file=\"https:\/\/www.grieta.org.mx\/wp-content\/uploads\/2021\/09\/IMG_2643-768x512-1.jpg\" data-orig-size=\"768,512\" data-comments-opened=\"0\" data-image-meta=\"{&quot;aperture&quot;:&quot;8&quot;,&quot;credit&quot;:&quot;&quot;,&quot;camera&quot;:&quot;Canon EOS Rebel T7&quot;,&quot;caption&quot;:&quot;&quot;,&quot;created_timestamp&quot;:&quot;1631788532&quot;,&quot;copyright&quot;:&quot;&quot;,&quot;focal_length&quot;:&quot;44&quot;,&quot;iso&quot;:&quot;800&quot;,&quot;shutter_speed&quot;:&quot;0.005&quot;,&quot;title&quot;:&quot;&quot;,&quot;orientation&quot;:&quot;1&quot;}\" data-image-title=\"IMG_2643-768&amp;#215;512\" data-image-description=\"\" data-image-caption=\"\" data-medium-file=\"https:\/\/www.grieta.org.mx\/wp-content\/uploads\/2021\/09\/IMG_2643-768x512-1-300x200.jpg\" data-large-file=\"https:\/\/www.grieta.org.mx\/wp-content\/uploads\/2021\/09\/IMG_2643-768x512-1.jpg\" class=\"alignnone wp-image-61727\" src=\"http:\/\/www.grieta.org.mx\/wp-content\/uploads\/2021\/09\/IMG_2643-768x512-1.jpg\" alt=\"\" width=\"800\" height=\"533\" srcset=\"https:\/\/www.grieta.org.mx\/wp-content\/uploads\/2021\/09\/IMG_2643-768x512-1.jpg 768w, https:\/\/www.grieta.org.mx\/wp-content\/uploads\/2021\/09\/IMG_2643-768x512-1-300x200.jpg 300w\" sizes=\"auto, (max-width: 800px) 100vw, 800px\" \/><br \/>\n<img loading=\"lazy\" decoding=\"async\" data-attachment-id=\"61728\" data-permalink=\"https:\/\/www.grieta.org.mx\/index.php\/2021\/09\/16\/mujeres-zapatistas-participan-en-concentracion-y-marcha-nocturna-contra-feminicidios-en-austria\/ni-una-menos-viena-ml-1-768x512\/\" data-orig-file=\"https:\/\/www.grieta.org.mx\/wp-content\/uploads\/2021\/09\/Ni-una-Menos-Viena-ML-1-768x512-1.jpg\" data-orig-size=\"768,512\" data-comments-opened=\"0\" data-image-meta=\"{&quot;aperture&quot;:&quot;5.6&quot;,&quot;credit&quot;:&quot;&quot;,&quot;camera&quot;:&quot;X-T30&quot;,&quot;caption&quot;:&quot;&quot;,&quot;created_timestamp&quot;:&quot;1631788468&quot;,&quot;copyright&quot;:&quot;&quot;,&quot;focal_length&quot;:&quot;35&quot;,&quot;iso&quot;:&quot;400&quot;,&quot;shutter_speed&quot;:&quot;0.01&quot;,&quot;title&quot;:&quot;&quot;,&quot;orientation&quot;:&quot;0&quot;}\" data-image-title=\"Ni-una-Menos-Viena-ML-1-768&amp;#215;512\" data-image-description=\"\" data-image-caption=\"\" data-medium-file=\"https:\/\/www.grieta.org.mx\/wp-content\/uploads\/2021\/09\/Ni-una-Menos-Viena-ML-1-768x512-1-300x200.jpg\" data-large-file=\"https:\/\/www.grieta.org.mx\/wp-content\/uploads\/2021\/09\/Ni-una-Menos-Viena-ML-1-768x512-1.jpg\" class=\"alignnone wp-image-61728\" src=\"http:\/\/www.grieta.org.mx\/wp-content\/uploads\/2021\/09\/Ni-una-Menos-Viena-ML-1-768x512-1.jpg\" alt=\"\" width=\"800\" height=\"533\" srcset=\"https:\/\/www.grieta.org.mx\/wp-content\/uploads\/2021\/09\/Ni-una-Menos-Viena-ML-1-768x512-1.jpg 768w, https:\/\/www.grieta.org.mx\/wp-content\/uploads\/2021\/09\/Ni-una-Menos-Viena-ML-1-768x512-1-300x200.jpg 300w\" sizes=\"auto, (max-width: 800px) 100vw, 800px\" \/><br \/>\n<img loading=\"lazy\" decoding=\"async\" data-attachment-id=\"61729\" data-permalink=\"https:\/\/www.grieta.org.mx\/index.php\/2021\/09\/16\/mujeres-zapatistas-participan-en-concentracion-y-marcha-nocturna-contra-feminicidios-en-austria\/img_2671-768x512\/\" data-orig-file=\"https:\/\/www.grieta.org.mx\/wp-content\/uploads\/2021\/09\/IMG_2671-768x512-1.jpg\" data-orig-size=\"768,512\" data-comments-opened=\"0\" data-image-meta=\"{&quot;aperture&quot;:&quot;8&quot;,&quot;credit&quot;:&quot;&quot;,&quot;camera&quot;:&quot;Canon EOS Rebel T7&quot;,&quot;caption&quot;:&quot;&quot;,&quot;created_timestamp&quot;:&quot;1631789991&quot;,&quot;copyright&quot;:&quot;&quot;,&quot;focal_length&quot;:&quot;44&quot;,&quot;iso&quot;:&quot;800&quot;,&quot;shutter_speed&quot;:&quot;0.005&quot;,&quot;title&quot;:&quot;&quot;,&quot;orientation&quot;:&quot;1&quot;}\" data-image-title=\"IMG_2671-768&amp;#215;512\" data-image-description=\"\" data-image-caption=\"\" data-medium-file=\"https:\/\/www.grieta.org.mx\/wp-content\/uploads\/2021\/09\/IMG_2671-768x512-1-300x200.jpg\" data-large-file=\"https:\/\/www.grieta.org.mx\/wp-content\/uploads\/2021\/09\/IMG_2671-768x512-1.jpg\" class=\"alignnone wp-image-61729\" src=\"http:\/\/www.grieta.org.mx\/wp-content\/uploads\/2021\/09\/IMG_2671-768x512-1.jpg\" alt=\"\" width=\"800\" height=\"533\" srcset=\"https:\/\/www.grieta.org.mx\/wp-content\/uploads\/2021\/09\/IMG_2671-768x512-1.jpg 768w, https:\/\/www.grieta.org.mx\/wp-content\/uploads\/2021\/09\/IMG_2671-768x512-1-300x200.jpg 300w\" sizes=\"auto, (max-width: 800px) 100vw, 800px\" \/><br \/>\n<img loading=\"lazy\" decoding=\"async\" data-attachment-id=\"61730\" data-permalink=\"https:\/\/www.grieta.org.mx\/index.php\/2021\/09\/16\/mujeres-zapatistas-participan-en-concentracion-y-marcha-nocturna-contra-feminicidios-en-austria\/img_2704-768x512\/\" data-orig-file=\"https:\/\/www.grieta.org.mx\/wp-content\/uploads\/2021\/09\/IMG_2704-768x512-1.jpg\" data-orig-size=\"768,512\" data-comments-opened=\"0\" data-image-meta=\"{&quot;aperture&quot;:&quot;5.6&quot;,&quot;credit&quot;:&quot;&quot;,&quot;camera&quot;:&quot;Canon EOS Rebel T7&quot;,&quot;caption&quot;:&quot;&quot;,&quot;created_timestamp&quot;:&quot;1631791322&quot;,&quot;copyright&quot;:&quot;&quot;,&quot;focal_length&quot;:&quot;44&quot;,&quot;iso&quot;:&quot;800&quot;,&quot;shutter_speed&quot;:&quot;0.05&quot;,&quot;title&quot;:&quot;&quot;,&quot;orientation&quot;:&quot;1&quot;}\" data-image-title=\"IMG_2704-768&amp;#215;512\" data-image-description=\"\" data-image-caption=\"\" data-medium-file=\"https:\/\/www.grieta.org.mx\/wp-content\/uploads\/2021\/09\/IMG_2704-768x512-1-300x200.jpg\" data-large-file=\"https:\/\/www.grieta.org.mx\/wp-content\/uploads\/2021\/09\/IMG_2704-768x512-1.jpg\" class=\"alignnone wp-image-61730\" src=\"http:\/\/www.grieta.org.mx\/wp-content\/uploads\/2021\/09\/IMG_2704-768x512-1.jpg\" alt=\"\" width=\"800\" height=\"533\" srcset=\"https:\/\/www.grieta.org.mx\/wp-content\/uploads\/2021\/09\/IMG_2704-768x512-1.jpg 768w, https:\/\/www.grieta.org.mx\/wp-content\/uploads\/2021\/09\/IMG_2704-768x512-1-300x200.jpg 300w\" sizes=\"auto, (max-width: 800px) 100vw, 800px\" \/><br \/>\n<img loading=\"lazy\" decoding=\"async\" data-attachment-id=\"61731\" data-permalink=\"https:\/\/www.grieta.org.mx\/index.php\/2021\/09\/16\/mujeres-zapatistas-participan-en-concentracion-y-marcha-nocturna-contra-feminicidios-en-austria\/img_2644-768x512\/\" data-orig-file=\"https:\/\/www.grieta.org.mx\/wp-content\/uploads\/2021\/09\/IMG_2644-768x512-1.jpg\" data-orig-size=\"768,512\" data-comments-opened=\"0\" data-image-meta=\"{&quot;aperture&quot;:&quot;8&quot;,&quot;credit&quot;:&quot;&quot;,&quot;camera&quot;:&quot;Canon EOS Rebel T7&quot;,&quot;caption&quot;:&quot;&quot;,&quot;created_timestamp&quot;:&quot;1631788578&quot;,&quot;copyright&quot;:&quot;&quot;,&quot;focal_length&quot;:&quot;135&quot;,&quot;iso&quot;:&quot;800&quot;,&quot;shutter_speed&quot;:&quot;0.00625&quot;,&quot;title&quot;:&quot;&quot;,&quot;orientation&quot;:&quot;1&quot;}\" data-image-title=\"IMG_2644-768&amp;#215;512\" data-image-description=\"\" data-image-caption=\"\" data-medium-file=\"https:\/\/www.grieta.org.mx\/wp-content\/uploads\/2021\/09\/IMG_2644-768x512-1-300x200.jpg\" data-large-file=\"https:\/\/www.grieta.org.mx\/wp-content\/uploads\/2021\/09\/IMG_2644-768x512-1.jpg\" class=\"alignnone wp-image-61731\" src=\"http:\/\/www.grieta.org.mx\/wp-content\/uploads\/2021\/09\/IMG_2644-768x512-1.jpg\" alt=\"\" width=\"800\" height=\"533\" srcset=\"https:\/\/www.grieta.org.mx\/wp-content\/uploads\/2021\/09\/IMG_2644-768x512-1.jpg 768w, https:\/\/www.grieta.org.mx\/wp-content\/uploads\/2021\/09\/IMG_2644-768x512-1-300x200.jpg 300w\" sizes=\"auto, (max-width: 800px) 100vw, 800px\" \/><br \/>\n<img loading=\"lazy\" decoding=\"async\" data-attachment-id=\"61732\" data-permalink=\"https:\/\/www.grieta.org.mx\/index.php\/2021\/09\/16\/mujeres-zapatistas-participan-en-concentracion-y-marcha-nocturna-contra-feminicidios-en-austria\/ni-una-menos-viena-ml-2-768x512\/\" data-orig-file=\"https:\/\/www.grieta.org.mx\/wp-content\/uploads\/2021\/09\/Ni-una-Menos-Viena-ML-2-768x512-1.jpg\" data-orig-size=\"768,512\" data-comments-opened=\"0\" data-image-meta=\"{&quot;aperture&quot;:&quot;5.6&quot;,&quot;credit&quot;:&quot;&quot;,&quot;camera&quot;:&quot;X-T30&quot;,&quot;caption&quot;:&quot;&quot;,&quot;created_timestamp&quot;:&quot;1631789380&quot;,&quot;copyright&quot;:&quot;&quot;,&quot;focal_length&quot;:&quot;35&quot;,&quot;iso&quot;:&quot;640&quot;,&quot;shutter_speed&quot;:&quot;0.00625&quot;,&quot;title&quot;:&quot;&quot;,&quot;orientation&quot;:&quot;0&quot;}\" data-image-title=\"Ni-una-Menos-Viena-ML-2-768&amp;#215;512\" data-image-description=\"\" data-image-caption=\"\" data-medium-file=\"https:\/\/www.grieta.org.mx\/wp-content\/uploads\/2021\/09\/Ni-una-Menos-Viena-ML-2-768x512-1-300x200.jpg\" data-large-file=\"https:\/\/www.grieta.org.mx\/wp-content\/uploads\/2021\/09\/Ni-una-Menos-Viena-ML-2-768x512-1.jpg\" class=\"alignnone wp-image-61732\" src=\"http:\/\/www.grieta.org.mx\/wp-content\/uploads\/2021\/09\/Ni-una-Menos-Viena-ML-2-768x512-1.jpg\" alt=\"\" width=\"800\" height=\"533\" srcset=\"https:\/\/www.grieta.org.mx\/wp-content\/uploads\/2021\/09\/Ni-una-Menos-Viena-ML-2-768x512-1.jpg 768w, https:\/\/www.grieta.org.mx\/wp-content\/uploads\/2021\/09\/Ni-una-Menos-Viena-ML-2-768x512-1-300x200.jpg 300w\" sizes=\"auto, (max-width: 800px) 100vw, 800px\" \/><br \/>\n<img loading=\"lazy\" decoding=\"async\" data-attachment-id=\"61733\" data-permalink=\"https:\/\/www.grieta.org.mx\/index.php\/2021\/09\/16\/mujeres-zapatistas-participan-en-concentracion-y-marcha-nocturna-contra-feminicidios-en-austria\/ni-una-menos-viena-ml-3-768x512\/\" data-orig-file=\"https:\/\/www.grieta.org.mx\/wp-content\/uploads\/2021\/09\/Ni-una-Menos-Viena-ML-3-768x512-1.jpg\" data-orig-size=\"768,512\" data-comments-opened=\"0\" data-image-meta=\"{&quot;aperture&quot;:&quot;3.2&quot;,&quot;credit&quot;:&quot;&quot;,&quot;camera&quot;:&quot;X-T30&quot;,&quot;caption&quot;:&quot;&quot;,&quot;created_timestamp&quot;:&quot;1631789769&quot;,&quot;copyright&quot;:&quot;&quot;,&quot;focal_length&quot;:&quot;35&quot;,&quot;iso&quot;:&quot;640&quot;,&quot;shutter_speed&quot;:&quot;0.005&quot;,&quot;title&quot;:&quot;&quot;,&quot;orientation&quot;:&quot;0&quot;}\" data-image-title=\"Ni-una-Menos-Viena-ML-3-768&amp;#215;512\" data-image-description=\"\" data-image-caption=\"\" data-medium-file=\"https:\/\/www.grieta.org.mx\/wp-content\/uploads\/2021\/09\/Ni-una-Menos-Viena-ML-3-768x512-1-300x200.jpg\" data-large-file=\"https:\/\/www.grieta.org.mx\/wp-content\/uploads\/2021\/09\/Ni-una-Menos-Viena-ML-3-768x512-1.jpg\" class=\"alignnone wp-image-61733\" src=\"http:\/\/www.grieta.org.mx\/wp-content\/uploads\/2021\/09\/Ni-una-Menos-Viena-ML-3-768x512-1.jpg\" alt=\"\" width=\"800\" height=\"533\" srcset=\"https:\/\/www.grieta.org.mx\/wp-content\/uploads\/2021\/09\/Ni-una-Menos-Viena-ML-3-768x512-1.jpg 768w, https:\/\/www.grieta.org.mx\/wp-content\/uploads\/2021\/09\/Ni-una-Menos-Viena-ML-3-768x512-1-300x200.jpg 300w\" sizes=\"auto, (max-width: 800px) 100vw, 800px\" \/><br \/>\n<img loading=\"lazy\" decoding=\"async\" data-attachment-id=\"61734\" data-permalink=\"https:\/\/www.grieta.org.mx\/index.php\/2021\/09\/16\/mujeres-zapatistas-participan-en-concentracion-y-marcha-nocturna-contra-feminicidios-en-austria\/ni-una-menos-viena-ml-4-768x512\/\" data-orig-file=\"https:\/\/www.grieta.org.mx\/wp-content\/uploads\/2021\/09\/Ni-una-Menos-Viena-ML-4-768x512-1.jpg\" data-orig-size=\"768,512\" data-comments-opened=\"0\" data-image-meta=\"{&quot;aperture&quot;:&quot;3.2&quot;,&quot;credit&quot;:&quot;&quot;,&quot;camera&quot;:&quot;X-T30&quot;,&quot;caption&quot;:&quot;&quot;,&quot;created_timestamp&quot;:&quot;1631789946&quot;,&quot;copyright&quot;:&quot;&quot;,&quot;focal_length&quot;:&quot;35&quot;,&quot;iso&quot;:&quot;640&quot;,&quot;shutter_speed&quot;:&quot;0.0055555555555556&quot;,&quot;title&quot;:&quot;&quot;,&quot;orientation&quot;:&quot;0&quot;}\" data-image-title=\"Ni-una-Menos-Viena-ML-4-768&amp;#215;512\" data-image-description=\"\" data-image-caption=\"\" data-medium-file=\"https:\/\/www.grieta.org.mx\/wp-content\/uploads\/2021\/09\/Ni-una-Menos-Viena-ML-4-768x512-1-300x200.jpg\" data-large-file=\"https:\/\/www.grieta.org.mx\/wp-content\/uploads\/2021\/09\/Ni-una-Menos-Viena-ML-4-768x512-1.jpg\" class=\"alignnone wp-image-61734\" src=\"http:\/\/www.grieta.org.mx\/wp-content\/uploads\/2021\/09\/Ni-una-Menos-Viena-ML-4-768x512-1.jpg\" alt=\"\" width=\"800\" height=\"533\" srcset=\"https:\/\/www.grieta.org.mx\/wp-content\/uploads\/2021\/09\/Ni-una-Menos-Viena-ML-4-768x512-1.jpg 768w, https:\/\/www.grieta.org.mx\/wp-content\/uploads\/2021\/09\/Ni-una-Menos-Viena-ML-4-768x512-1-300x200.jpg 300w\" sizes=\"auto, (max-width: 800px) 100vw, 800px\" \/><br \/>\n<img loading=\"lazy\" decoding=\"async\" data-attachment-id=\"61735\" data-permalink=\"https:\/\/www.grieta.org.mx\/index.php\/2021\/09\/16\/mujeres-zapatistas-participan-en-concentracion-y-marcha-nocturna-contra-feminicidios-en-austria\/ni-una-menos-viena-ml-6-768x512\/\" data-orig-file=\"https:\/\/www.grieta.org.mx\/wp-content\/uploads\/2021\/09\/Ni-una-Menos-Viena-ML-6-768x512-1.jpg\" data-orig-size=\"768,512\" data-comments-opened=\"0\" data-image-meta=\"{&quot;aperture&quot;:&quot;1.4&quot;,&quot;credit&quot;:&quot;&quot;,&quot;camera&quot;:&quot;X-T30&quot;,&quot;caption&quot;:&quot;&quot;,&quot;created_timestamp&quot;:&quot;1631794779&quot;,&quot;copyright&quot;:&quot;&quot;,&quot;focal_length&quot;:&quot;35&quot;,&quot;iso&quot;:&quot;1250&quot;,&quot;shutter_speed&quot;:&quot;0.016666666666667&quot;,&quot;title&quot;:&quot;&quot;,&quot;orientation&quot;:&quot;0&quot;}\" data-image-title=\"Ni-una-Menos-Viena-ML-6-768&amp;#215;512\" data-image-description=\"\" data-image-caption=\"\" data-medium-file=\"https:\/\/www.grieta.org.mx\/wp-content\/uploads\/2021\/09\/Ni-una-Menos-Viena-ML-6-768x512-1-300x200.jpg\" data-large-file=\"https:\/\/www.grieta.org.mx\/wp-content\/uploads\/2021\/09\/Ni-una-Menos-Viena-ML-6-768x512-1.jpg\" class=\"alignnone wp-image-61735\" src=\"http:\/\/www.grieta.org.mx\/wp-content\/uploads\/2021\/09\/Ni-una-Menos-Viena-ML-6-768x512-1.jpg\" alt=\"\" width=\"800\" height=\"533\" srcset=\"https:\/\/www.grieta.org.mx\/wp-content\/uploads\/2021\/09\/Ni-una-Menos-Viena-ML-6-768x512-1.jpg 768w, https:\/\/www.grieta.org.mx\/wp-content\/uploads\/2021\/09\/Ni-una-Menos-Viena-ML-6-768x512-1-300x200.jpg 300w\" sizes=\"auto, (max-width: 800px) 100vw, 800px\" \/><br \/>\n<img loading=\"lazy\" decoding=\"async\" data-attachment-id=\"61736\" data-permalink=\"https:\/\/www.grieta.org.mx\/index.php\/2021\/09\/16\/mujeres-zapatistas-participan-en-concentracion-y-marcha-nocturna-contra-feminicidios-en-austria\/img_2688-768x512\/\" data-orig-file=\"https:\/\/www.grieta.org.mx\/wp-content\/uploads\/2021\/09\/IMG_2688-768x512-1.jpg\" data-orig-size=\"768,512\" data-comments-opened=\"0\" data-image-meta=\"{&quot;aperture&quot;:&quot;5.6&quot;,&quot;credit&quot;:&quot;&quot;,&quot;camera&quot;:&quot;Canon EOS Rebel T7&quot;,&quot;caption&quot;:&quot;&quot;,&quot;created_timestamp&quot;:&quot;1631790779&quot;,&quot;copyright&quot;:&quot;&quot;,&quot;focal_length&quot;:&quot;135&quot;,&quot;iso&quot;:&quot;800&quot;,&quot;shutter_speed&quot;:&quot;0.025&quot;,&quot;title&quot;:&quot;&quot;,&quot;orientation&quot;:&quot;1&quot;}\" data-image-title=\"IMG_2688-768&amp;#215;512\" data-image-description=\"\" data-image-caption=\"\" data-medium-file=\"https:\/\/www.grieta.org.mx\/wp-content\/uploads\/2021\/09\/IMG_2688-768x512-1-300x200.jpg\" data-large-file=\"https:\/\/www.grieta.org.mx\/wp-content\/uploads\/2021\/09\/IMG_2688-768x512-1.jpg\" class=\"alignnone wp-image-61736\" src=\"http:\/\/www.grieta.org.mx\/wp-content\/uploads\/2021\/09\/IMG_2688-768x512-1.jpg\" alt=\"\" width=\"800\" height=\"533\" srcset=\"https:\/\/www.grieta.org.mx\/wp-content\/uploads\/2021\/09\/IMG_2688-768x512-1.jpg 768w, https:\/\/www.grieta.org.mx\/wp-content\/uploads\/2021\/09\/IMG_2688-768x512-1-300x200.jpg 300w\" sizes=\"auto, (max-width: 800px) 100vw, 800px\" \/><br \/>\n<img loading=\"lazy\" decoding=\"async\" data-attachment-id=\"61737\" data-permalink=\"https:\/\/www.grieta.org.mx\/index.php\/2021\/09\/16\/mujeres-zapatistas-participan-en-concentracion-y-marcha-nocturna-contra-feminicidios-en-austria\/ni-una-menos-viena-ml-5-768x512\/\" data-orig-file=\"https:\/\/www.grieta.org.mx\/wp-content\/uploads\/2021\/09\/Ni-una-Menos-Viena-ML-5-768x512-1.jpg\" data-orig-size=\"768,512\" data-comments-opened=\"0\" data-image-meta=\"{&quot;aperture&quot;:&quot;1.4&quot;,&quot;credit&quot;:&quot;&quot;,&quot;camera&quot;:&quot;X-T30&quot;,&quot;caption&quot;:&quot;&quot;,&quot;created_timestamp&quot;:&quot;1631793682&quot;,&quot;copyright&quot;:&quot;&quot;,&quot;focal_length&quot;:&quot;35&quot;,&quot;iso&quot;:&quot;1000&quot;,&quot;shutter_speed&quot;:&quot;0.033333333333333&quot;,&quot;title&quot;:&quot;&quot;,&quot;orientation&quot;:&quot;0&quot;}\" data-image-title=\"Ni-una-Menos-Viena-ML-5-768&amp;#215;512\" data-image-description=\"\" data-image-caption=\"\" data-medium-file=\"https:\/\/www.grieta.org.mx\/wp-content\/uploads\/2021\/09\/Ni-una-Menos-Viena-ML-5-768x512-1-300x200.jpg\" data-large-file=\"https:\/\/www.grieta.org.mx\/wp-content\/uploads\/2021\/09\/Ni-una-Menos-Viena-ML-5-768x512-1.jpg\" class=\"alignnone wp-image-61737\" src=\"http:\/\/www.grieta.org.mx\/wp-content\/uploads\/2021\/09\/Ni-una-Menos-Viena-ML-5-768x512-1.jpg\" alt=\"\" width=\"800\" height=\"533\" srcset=\"https:\/\/www.grieta.org.mx\/wp-content\/uploads\/2021\/09\/Ni-una-Menos-Viena-ML-5-768x512-1.jpg 768w, https:\/\/www.grieta.org.mx\/wp-content\/uploads\/2021\/09\/Ni-una-Menos-Viena-ML-5-768x512-1-300x200.jpg 300w\" sizes=\"auto, (max-width: 800px) 100vw, 800px\" \/><br \/>\n<img loading=\"lazy\" decoding=\"async\" data-attachment-id=\"61738\" data-permalink=\"https:\/\/www.grieta.org.mx\/index.php\/2021\/09\/16\/mujeres-zapatistas-participan-en-concentracion-y-marcha-nocturna-contra-feminicidios-en-austria\/img_2713-768x512\/\" data-orig-file=\"https:\/\/www.grieta.org.mx\/wp-content\/uploads\/2021\/09\/IMG_2713-768x512-1.jpg\" data-orig-size=\"768,512\" data-comments-opened=\"0\" data-image-meta=\"{&quot;aperture&quot;:&quot;5.6&quot;,&quot;credit&quot;:&quot;&quot;,&quot;camera&quot;:&quot;Canon EOS Rebel T7&quot;,&quot;caption&quot;:&quot;&quot;,&quot;created_timestamp&quot;:&quot;1631793645&quot;,&quot;copyright&quot;:&quot;&quot;,&quot;focal_length&quot;:&quot;42&quot;,&quot;iso&quot;:&quot;1600&quot;,&quot;shutter_speed&quot;:&quot;0.016666666666667&quot;,&quot;title&quot;:&quot;&quot;,&quot;orientation&quot;:&quot;1&quot;}\" data-image-title=\"IMG_2713-768&amp;#215;512\" data-image-description=\"\" data-image-caption=\"\" data-medium-file=\"https:\/\/www.grieta.org.mx\/wp-content\/uploads\/2021\/09\/IMG_2713-768x512-1-300x200.jpg\" data-large-file=\"https:\/\/www.grieta.org.mx\/wp-content\/uploads\/2021\/09\/IMG_2713-768x512-1.jpg\" class=\"alignnone wp-image-61738\" src=\"http:\/\/www.grieta.org.mx\/wp-content\/uploads\/2021\/09\/IMG_2713-768x512-1.jpg\" alt=\"\" width=\"800\" height=\"533\" srcset=\"https:\/\/www.grieta.org.mx\/wp-content\/uploads\/2021\/09\/IMG_2713-768x512-1.jpg 768w, https:\/\/www.grieta.org.mx\/wp-content\/uploads\/2021\/09\/IMG_2713-768x512-1-300x200.jpg 300w\" sizes=\"auto, (max-width: 800px) 100vw, 800px\" \/><\/p>\n<p><a href=\"https:\/\/pozol.org\/?p=19556\" rel=\"noopener\" target=\"_blank\">https:\/\/pozol.org\/?p=19556<\/a>&nbsp;<\/p>\n","protected":false},"excerpt":{"rendered":"<p>POZOL COLECTIVO FOTOS: Isabel Mateos y Amehd Coca Un gran contingente de mujeres mayas zapatistas que llegaron a Europa Central hace dos d\u00edas y medio se uni\u00f3 a las 18 &hellip; <a href=\"https:\/\/www.grieta.org.mx\/index.php\/2021\/09\/16\/mujeres-zapatistas-participan-en-concentracion-y-marcha-nocturna-contra-feminicidios-en-austria\/\" class=\"more-link\">Leer m\u00e1s<\/a><\/p>\n","protected":false},"author":2,"featured_media":61726,"comment_status":"closed","ping_status":"closed","sticky":false,"template":"","format":"standard","meta":{"ngg_post_thumbnail":0,"_jetpack_newsletter_access":"","_jetpack_dont_email_post_to_subs":false,"_jetpack_newsletter_tier_id":0,"_jetpack_memberships_contains_paywalled_content":false,"_jetpack_memberships_contains_paid_content":false,"footnotes":""},"categories":[80,2,2661,3916],"tags":[4004,3934,3995,4019,158,3019,4027,3917,4018],"class_list":["post-61725","post","type-post","status-publish","format-standard","has-post-thumbnail","hentry","category-cintillo","category-noticias-nacionales","category-redes-de-resistencia-y-rebeldia","category-travesia-por-la-vida","tag-austria","tag-europa","tag-gira-zapatista","tag-la-extemporanea","tag-migrantes","tag-movilizaciones-contra-feminicidios","tag-mujeres-zapatistas","tag-travesia-por-la-vida","tag-viena","entry"],"jetpack_featured_media_url":"https:\/\/www.grieta.org.mx\/wp-content\/uploads\/2021\/09\/2021-09-17-01.52.52-660x330-1.jpg","jetpack_sharing_enabled":true,"jetpack_shortlink":"https:\/\/wp.me\/p7ZJR4-g3z","jetpack_likes_enabled":false,"jetpack-related-posts":[{"id":61431,"url":"https:\/\/www.grieta.org.mx\/index.php\/2021\/08\/31\/zapatistas-anuncian-salida-de-delegacion-aerea-la-extemporanea-llegara-a-austria\/","url_meta":{"origin":61725,"position":0},"title":"Zapatistas anuncian salida de delegaci\u00f3n a\u00e9rea; \u201cLa Extempor\u00e1nea\u201d llegar\u00e1 a Austria","author":"grieta","date":"31 agosto, 2021","format":false,"excerpt":"Texto y foto: Daliri Oropeza\/ PIE DE P\u00c1GINA El EZLN anuncia la salida de la compa\u00f1\u00eda zapatista aerotransportada nombrada \u201cLa Extempor\u00e1nea\u201d la cual prev\u00e9 llegar a Viena el 14 de septiembre. Colectivas y organizaciones se congratulan. Zapatistas dedican el esfuerzo del viaje a las personas desaparecidas y sus familias que\u2026","rel":"","context":"En &quot;CINTILLO&quot;","block_context":{"text":"CINTILLO","link":"https:\/\/www.grieta.org.mx\/index.php\/category\/cintillo\/"},"img":{"alt_text":"","src":"https:\/\/i0.wp.com\/www.grieta.org.mx\/wp-content\/uploads\/2021\/08\/pdp_zapatistas_madrid_nonosconquistaron_madrid_escuadron421_dalirioropeza.jpg?resize=350%2C200&ssl=1","width":350,"height":200,"srcset":"https:\/\/i0.wp.com\/www.grieta.org.mx\/wp-content\/uploads\/2021\/08\/pdp_zapatistas_madrid_nonosconquistaron_madrid_escuadron421_dalirioropeza.jpg?resize=350%2C200&ssl=1 1x, https:\/\/i0.wp.com\/www.grieta.org.mx\/wp-content\/uploads\/2021\/08\/pdp_zapatistas_madrid_nonosconquistaron_madrid_escuadron421_dalirioropeza.jpg?resize=525%2C300&ssl=1 1.5x, https:\/\/i0.wp.com\/www.grieta.org.mx\/wp-content\/uploads\/2021\/08\/pdp_zapatistas_madrid_nonosconquistaron_madrid_escuadron421_dalirioropeza.jpg?resize=700%2C400&ssl=1 2x, https:\/\/i0.wp.com\/www.grieta.org.mx\/wp-content\/uploads\/2021\/08\/pdp_zapatistas_madrid_nonosconquistaron_madrid_escuadron421_dalirioropeza.jpg?resize=1050%2C600&ssl=1 3x"},"classes":[]},{"id":61692,"url":"https:\/\/www.grieta.org.mx\/index.php\/2021\/09\/14\/comienza-la-gira-zapatista-por-europa-con-la-llegada-de-170-mujeres-hombres-ninos-y-ninas-de-pueblos-mayas-de-chiapas\/","url_meta":{"origin":61725,"position":1},"title":"Comienza la gira zapatista por Europa con la llegada de 170 mujeres, hombres, ni\u00f1os y ni\u00f1as de pueblos mayas de Chiapas","author":"grieta","date":"14 septiembre, 2021","format":false,"excerpt":"Los, las y loas zapatistas empezaron su viaje hace meses. Despu\u00e9s de m\u00faltiples obst\u00e1culos para obtener sus pasaportes as\u00ed como sortear los problemas para acceder a la vacunaci\u00f3n del covid19, los zapatistas subieron ayer en dos vuelos desde Ciudad de M\u00e9xico que aterrizan hoy en Viena. Susana Albarr\u00e1n M\u00e9ndez\/ EL\u2026","rel":"","context":"En &quot;CINTILLO&quot;","block_context":{"text":"CINTILLO","link":"https:\/\/www.grieta.org.mx\/index.php\/category\/cintillo\/"},"img":{"alt_text":"","src":"https:\/\/i0.wp.com\/www.grieta.org.mx\/wp-content\/uploads\/2021\/09\/Viena3.jpg?resize=350%2C200&ssl=1","width":350,"height":200,"srcset":"https:\/\/i0.wp.com\/www.grieta.org.mx\/wp-content\/uploads\/2021\/09\/Viena3.jpg?resize=350%2C200&ssl=1 1x, https:\/\/i0.wp.com\/www.grieta.org.mx\/wp-content\/uploads\/2021\/09\/Viena3.jpg?resize=525%2C300&ssl=1 1.5x, https:\/\/i0.wp.com\/www.grieta.org.mx\/wp-content\/uploads\/2021\/09\/Viena3.jpg?resize=700%2C400&ssl=1 2x"},"classes":[]},{"id":62019,"url":"https:\/\/www.grieta.org.mx\/index.php\/2021\/09\/27\/palabras-de-las-comunidades-zapatistas-en-ocasion-de-la-marcha-contra-la-destruccion-de-la-naturaleza\/","url_meta":{"origin":61725,"position":2},"title":"PALABRAS DE LAS COMUNIDADES ZAPATISTAS EN OCASI\u00d3N DE LA MARCHA CONTRA LA DESTRUCCI\u00d3N DE LA NATURALEZA.","author":"grieta","date":"27 septiembre, 2021","format":false,"excerpt":"PALABRAS DE LAS COMUNIDADES ZAPATISTAS EN OCASI\u00d3N DE LA MARCHA CONTRA LA DESTRUCCI\u00d3N DE LA NATURALEZA. En Viena, Austria.\u00a0 En voz de la compa\u00f1era Libertad, el d\u00eda 24 de septiembre del 2021. Buenas tardes. \u00c9sta es nuestra peque\u00f1a palabra en una peque\u00f1a historia: Hay una mujer. No importa el color\u2026","rel":"","context":"En &quot;CINTILLO&quot;","block_context":{"text":"CINTILLO","link":"https:\/\/www.grieta.org.mx\/index.php\/category\/cintillo\/"},"img":{"alt_text":"","src":"https:\/\/i0.wp.com\/www.grieta.org.mx\/wp-content\/uploads\/2021\/09\/Screenshot-2021-09-27-at-14-23-16-Enlace-Zapatista.png?resize=350%2C200&ssl=1","width":350,"height":200},"classes":[]},{"id":61740,"url":"https:\/\/www.grieta.org.mx\/index.php\/2021\/09\/17\/inician-protestas-en-europa-para-exigir-la-presentacion-con-vida-de-zapatistas-secuestrados-en-chiapas\/","url_meta":{"origin":61725,"position":3},"title":"Inician protestas en Europa para exigir la presentaci\u00f3n con vida de zapatistas secuestrados en Chiapas","author":"grieta","date":"17 septiembre, 2021","format":false,"excerpt":"POZOL COLECTIVO FOTOS: Compas Arriba y Colectivo de Acci\u00f3n Solidaria 17 de septiembre. Bases de Apoyo del EZLN en Viena se unieron a protesta europea ante la embajada de M\u00e9xico en Austria para exigir la reaparici\u00f3n con vida de dos compa\u00f1eros del Caracol 10 secuestrados por la ORCAO cerca de\u2026","rel":"","context":"En &quot;Alto a la Guerra contra los pueblos zapatistas&quot;","block_context":{"text":"Alto a la Guerra contra los pueblos zapatistas","link":"https:\/\/www.grieta.org.mx\/index.php\/category\/redes-de-resistencia-y-rebeldia\/contra-la-guerra-al-ezln\/"},"img":{"alt_text":"","src":"https:\/\/i0.wp.com\/www.grieta.org.mx\/wp-content\/uploads\/2021\/09\/inbound827260503439738100-660x330-1.jpg?resize=350%2C200&ssl=1","width":350,"height":200,"srcset":"https:\/\/i0.wp.com\/www.grieta.org.mx\/wp-content\/uploads\/2021\/09\/inbound827260503439738100-660x330-1.jpg?resize=350%2C200&ssl=1 1x, https:\/\/i0.wp.com\/www.grieta.org.mx\/wp-content\/uploads\/2021\/09\/inbound827260503439738100-660x330-1.jpg?resize=525%2C300&ssl=1 1.5x"},"classes":[]},{"id":61679,"url":"https:\/\/www.grieta.org.mx\/index.php\/2021\/09\/14\/cientos-dan-calurosa-bienvenida-a-delegacion-de-zapatistas-en-el-aeropuerto-de-viena\/","url_meta":{"origin":61725,"position":4},"title":"Cientos dan calurosa bienvenida a delegaci\u00f3n de zapatistas en el aeropuerto de Viena","author":"grieta","date":"14 septiembre, 2021","format":false,"excerpt":"EFE\/ SIN EMBARGO Luego de su llegada al aeropuerto de Viena, centenares de simpatizantes, austr\u00edacos y tambi\u00e9n latinoamericanos residentes en Austria recibieron al escuadr\u00f3n zapatista con banderas, pancartas al aire y lemas zapatistas. Viena, 14 de septiembre (EFE).- Cientos de personas ofrecieron hoy una calurosa bienvenida en el aeropuerto de\u2026","rel":"","context":"En &quot;CINTILLO&quot;","block_context":{"text":"CINTILLO","link":"https:\/\/www.grieta.org.mx\/index.php\/category\/cintillo\/"},"img":{"alt_text":"","src":"https:\/\/i0.wp.com\/www.grieta.org.mx\/wp-content\/uploads\/2021\/09\/escuadron-zapatista.jpg?resize=350%2C200&ssl=1","width":350,"height":200,"srcset":"https:\/\/i0.wp.com\/www.grieta.org.mx\/wp-content\/uploads\/2021\/09\/escuadron-zapatista.jpg?resize=350%2C200&ssl=1 1x, https:\/\/i0.wp.com\/www.grieta.org.mx\/wp-content\/uploads\/2021\/09\/escuadron-zapatista.jpg?resize=525%2C300&ssl=1 1.5x, https:\/\/i0.wp.com\/www.grieta.org.mx\/wp-content\/uploads\/2021\/09\/escuadron-zapatista.jpg?resize=700%2C400&ssl=1 2x, https:\/\/i0.wp.com\/www.grieta.org.mx\/wp-content\/uploads\/2021\/09\/escuadron-zapatista.jpg?resize=1050%2C600&ssl=1 3x"},"classes":[]},{"id":61865,"url":"https:\/\/www.grieta.org.mx\/index.php\/2021\/09\/25\/manifestantes-en-europa-exigen-al-gobierno-mexicano-acabar-con-los-ataques-a-las-comunidades-zapatistas-galeria-de-fotos\/","url_meta":{"origin":61725,"position":5},"title":"Manifestantes en decenas de ciudades de Europa exigen al gobierno mexicano acabar con los ataques a las comunidades zapatistas (galer\u00eda de fotos y videos)","author":"grieta","date":"25 septiembre, 2021","format":false,"excerpt":"COLECTIVO GRIETA FOTOS Y VIDEOS: colectivos y medios libres \u00a0 El 24 de septiembre, d\u00eda de acci\u00f3n global contra la guerra en Chiapas, m\u00e1s de 61 ciudades europeas fueron el escenario de m\u00faltiples movilizaciones en apoyo al Ej\u00e9rcito Zapatista de Liberaci\u00f3n Nacional (EZLN) en el que colectivos y organizaciones de\u2026","rel":"","context":"En &quot;CINTILLO&quot;","block_context":{"text":"CINTILLO","link":"https:\/\/www.grieta.org.mx\/index.php\/category\/cintillo\/"},"img":{"alt_text":"","src":"https:\/\/i0.wp.com\/www.grieta.org.mx\/wp-content\/uploads\/2021\/09\/photo_2021-09-24_14-22-15.jpg?resize=350%2C200&ssl=1","width":350,"height":200,"srcset":"https:\/\/i0.wp.com\/www.grieta.org.mx\/wp-content\/uploads\/2021\/09\/photo_2021-09-24_14-22-15.jpg?resize=350%2C200&ssl=1 1x, https:\/\/i0.wp.com\/www.grieta.org.mx\/wp-content\/uploads\/2021\/09\/photo_2021-09-24_14-22-15.jpg?resize=525%2C300&ssl=1 1.5x, https:\/\/i0.wp.com\/www.grieta.org.mx\/wp-content\/uploads\/2021\/09\/photo_2021-09-24_14-22-15.jpg?resize=700%2C400&ssl=1 2x, https:\/\/i0.wp.com\/www.grieta.org.mx\/wp-content\/uploads\/2021\/09\/photo_2021-09-24_14-22-15.jpg?resize=1050%2C600&ssl=1 3x"},"classes":[]}],"_links":{"self":[{"href":"https:\/\/www.grieta.org.mx\/index.php\/wp-json\/wp\/v2\/posts\/61725","targetHints":{"allow":["GET"]}}],"collection":[{"href":"https:\/\/www.grieta.org.mx\/index.php\/wp-json\/wp\/v2\/posts"}],"about":[{"href":"https:\/\/www.grieta.org.mx\/index.php\/wp-json\/wp\/v2\/types\/post"}],"author":[{"embeddable":true,"href":"https:\/\/www.grieta.org.mx\/index.php\/wp-json\/wp\/v2\/users\/2"}],"replies":[{"embeddable":true,"href":"https:\/\/www.grieta.org.mx\/index.php\/wp-json\/wp\/v2\/comments?post=61725"}],"version-history":[{"count":1,"href":"https:\/\/www.grieta.org.mx\/index.php\/wp-json\/wp\/v2\/posts\/61725\/revisions"}],"predecessor-version":[{"id":61739,"href":"https:\/\/www.grieta.org.mx\/index.php\/wp-json\/wp\/v2\/posts\/61725\/revisions\/61739"}],"wp:featuredmedia":[{"embeddable":true,"href":"https:\/\/www.grieta.org.mx\/index.php\/wp-json\/wp\/v2\/media\/61726"}],"wp:attachment":[{"href":"https:\/\/www.grieta.org.mx\/index.php\/wp-json\/wp\/v2\/media?parent=61725"}],"wp:term":[{"taxonomy":"category","embeddable":true,"href":"https:\/\/www.grieta.org.mx\/index.php\/wp-json\/wp\/v2\/categories?post=61725"},{"taxonomy":"post_tag","embeddable":true,"href":"https:\/\/www.grieta.org.mx\/index.php\/wp-json\/wp\/v2\/tags?post=61725"}],"curies":[{"name":"wp","href":"https:\/\/api.w.org\/{rel}","templated":true}]}}