{"id":61710,"date":"2021-09-14T07:38:18","date_gmt":"2021-09-14T12:38:18","guid":{"rendered":"http:\/\/www.grieta.org.mx\/?p=61710"},"modified":"2021-09-16T12:53:13","modified_gmt":"2021-09-16T17:53:13","slug":"organizaciones-respaldan-autoconsulta-maya-sobre-granjas-de-cerdos-yucatan","status":"publish","type":"post","link":"https:\/\/www.grieta.org.mx\/index.php\/2021\/09\/14\/organizaciones-respaldan-autoconsulta-maya-sobre-granjas-de-cerdos-yucatan\/","title":{"rendered":"Organizaciones respaldan autoconsulta maya sobre granjas de cerdos (Yucat\u00e1n)"},"content":{"rendered":"<p>Sare Frabes \/ Avispa Midia<\/p>\n<p>En portada: Organizador@s y participantes de la autoconsulta maya en Yucat\u00e1n. Foto de la Misi\u00f3n de Observaci\u00f3n<\/p>\n<p>El pasado julio, las comunidades mayas de Kinchil, San Fernando (Maxcan\u00fa) y Celest\u00fan convocaron a la realizaci\u00f3n de una autoconsulta para decidir sobre la presencia y continuidad de labores de las megagranjas de cerdos que operan en el estado de Yucat\u00e1n.<\/p>\n<p>Durante el desarrollo de la autoconsulta estuvieron presentes organizaciones observadoras, tales como la Oficina en M\u00e9xico de Naciones Unidas para los Derechos Humanos y el Programa de Naciones Unidas para el Desarrollo (PNUD), as\u00ed como organizaciones de la sociedad civil como el Centro de Derechos Humanos Miguel Agust\u00edn Pro Juarez (Centro Prodh) y la organizaci\u00f3n ARTICLE 19 M\u00e9xico y Centroam\u00e9rica. <\/p>\n<p>Este lunes (13), dichas organizaciones publicaron un informe de observaci\u00f3n del ejercicio, en el cual enfatizan el proceso de organizaci\u00f3n de las comunidades como un \u201cproceso ejemplar de organizaci\u00f3n, que deber\u00eda gu\u00edar los procesos de consulta que el propio Estado debe realizar de manera previa, libre e informada respecto a las decisiones que impacten en la vida y territorio de los pueblos ind\u00edgenas\u201d. <\/p>\n<p>Seg\u00fan estas organizaciones, dicho proceso reflej\u00f3 un verdadero ejercicio de participaci\u00f3n y de autodeterminaci\u00f3n de los pueblos, pese a un contexto adverso por la polarizaci\u00f3n social, as\u00ed como la pandemia.<\/p>\n<p>Este proceso fue realizado por colectivos pertenecientes a las comunidades, como el Colectivo de atenci\u00f3n comunitaria U Yutzil Kaj (Maxcan\u00fa), del Colectivo Maya del Poniente Chik\u2019in Ja\u2019 (Kinchil) y del Consejo maya del Poniente Chik\u2019in Ja\u2019 (Celest\u00fan), adem\u00e1s de contar con el acompa\u00f1amiento del Equipo Indignaci\u00f3n Promoci\u00f3n y Defensa A.C.<\/p>\n<p>De esta manera se realizaron tres autoconsultas, desde sus etapas organizativas, informativas y deliberativas, en las cuales existi\u00f3 amplia participaci\u00f3n social y que arroj\u00f3 como resultado que dos comunidades, Celest\u00fan y San Fernando, se pronunciaron en contra de la permanencia de la industria porc\u00edcola en sus territorios.<\/p>\n<p>En el informe, contextualizaron que las comunidades de la regi\u00f3n se han organizado para que las autoridades, as\u00ed como la empresa respeten su derecho a la libre determinaci\u00f3n y consentimiento informado, pues la industria porcina opera provocando grandes impactos sociales y ambientales en la pen\u00ednsula, sin que se cuente con informaci\u00f3n completa y pertinente proporcionada por la empresa, \u201clo que se vuelve especialmente relevante cuando la propia empresa ha generado un clima de tensi\u00f3n social, e incluso referido su desconocimiento por la validez de los resultados de la consulta\u201d.<\/p>\n<p>Denuncias<\/p>\n<p><img loading=\"lazy\" decoding=\"async\" data-attachment-id=\"61712\" data-permalink=\"https:\/\/www.grieta.org.mx\/index.php\/2021\/09\/14\/organizaciones-respaldan-autoconsulta-maya-sobre-granjas-de-cerdos-yucatan\/autoconsulta-2\/\" data-orig-file=\"https:\/\/www.grieta.org.mx\/wp-content\/uploads\/2021\/09\/autoconsulta-2.jpg\" data-orig-size=\"728,444\" data-comments-opened=\"0\" data-image-meta=\"{&quot;aperture&quot;:&quot;0&quot;,&quot;credit&quot;:&quot;&quot;,&quot;camera&quot;:&quot;&quot;,&quot;caption&quot;:&quot;&quot;,&quot;created_timestamp&quot;:&quot;0&quot;,&quot;copyright&quot;:&quot;&quot;,&quot;focal_length&quot;:&quot;0&quot;,&quot;iso&quot;:&quot;0&quot;,&quot;shutter_speed&quot;:&quot;0&quot;,&quot;title&quot;:&quot;&quot;,&quot;orientation&quot;:&quot;0&quot;}\" data-image-title=\"autoconsulta-2\" data-image-description=\"\" data-image-caption=\"\" data-medium-file=\"https:\/\/www.grieta.org.mx\/wp-content\/uploads\/2021\/09\/autoconsulta-2-300x183.jpg\" data-large-file=\"https:\/\/www.grieta.org.mx\/wp-content\/uploads\/2021\/09\/autoconsulta-2.jpg\" src=\"http:\/\/www.grieta.org.mx\/wp-content\/uploads\/2021\/09\/autoconsulta-2.jpg\" alt=\"\" width=\"728\" height=\"444\" class=\"alignnone size-full wp-image-61712\" srcset=\"https:\/\/www.grieta.org.mx\/wp-content\/uploads\/2021\/09\/autoconsulta-2.jpg 728w, https:\/\/www.grieta.org.mx\/wp-content\/uploads\/2021\/09\/autoconsulta-2-300x183.jpg 300w\" sizes=\"auto, (max-width: 728px) 100vw, 728px\" \/><br \/>\nParticipante emite su voto en autoconsulta maya. Foto de Misi\u00f3n de Observaci\u00f3n.<\/p>\n<p>Otro punto que destaca el documento es la ejecuci\u00f3n, por parte de la empresa Kek\u00e9n y sus aliados pol\u00edticos, de una estrategia para intimidar y hostigar a l@s organizadores y participantes de la autoconsulta, lo que influy\u00f3 para que en Kinchil la votaci\u00f3n arrojar\u00e1 un S\u00cd a la permanencia de la industria porcina.<\/p>\n<p>En dicho proceso se denunciaron actos en aquella comunidad que vulneraron el derecho a la libre participaci\u00f3n, tanto en la etapa informativa y consultiva. \u201cEl d\u00eda de la consulta, se percibieron personas vinculadas a la empresa que parec\u00edan anotar qui\u00e9nes votaban y que hicieron intentos por ver el sentido de los votos. A pesar de no constituir agresiones, ello gener\u00f3 un entorno no propicio para el voto libre de las personas, m\u00e1s a\u00fan en una comunidad en la que tiene tanta presencia la empresa, pues se trata de una de las principales fuentes de ingresos de la poblaci\u00f3n. Es por ello que las organizaciones observadoras denuncian estos actos de hostigamiento que interfieren en el libre desarrollo del ejercicio de autoconsulta. Al finalizar la etapa consultiva algunas personas del pueblo presentaron mantas a favor de la granja y en contra de organizaciones de la sociedad civil y de algunos de los miembros organizadores de la consulta\u201d, registra el informe.<\/p>\n<p>El documento tambi\u00e9n recoge testimonios an\u00f3nimos los cuales denuncian acciones que podr\u00edan significar condiciones adversas para la libre participaci\u00f3n ciudadana, que se desarrollaron entre la fase informativa y consultiva. \u201cLa empresa desde tres d\u00edas antes se ali\u00f3 con agentes pol\u00edticos y candidatos que operaron dando dinero y trago y tambi\u00e9n eso caus\u00f3 choque y provocaci\u00f3n, adem\u00e1s hab\u00eda lista de los trabajadores que iban a votar\u201d refiere el informe.<\/p>\n<p>Por otro lado, durante la asamblea informativa realizada en San Fernando el 16 de julio, \u201cse presentaron trabajadores de la granja a la asamblea, con la intenci\u00f3n de defender a la empresa, de acuerdo con el comunicado emitido por el Colectivo Yutzil Kaj, el Concejo Maya del Poniente Chik\u2019in Ja\u2019 y el Equipo Indignaci\u00f3n. Al finalizar la asamblea se present\u00f3 el comisario municipal Canul Cocom, quien se neg\u00f3 a responder y brindar informaci\u00f3n a las preguntas planteadas por los integrantes del comit\u00e9 de la asamblea, y emiti\u00f3 un mensaje de amenaza a quienes organizan la consulta: \u2018Escuchen ustedes, van a recibir un escarmiento para que aprendan\u2019\u201d, denuncia el documento elaborado por las organizaciones observadoras.<\/p>\n<p>El informe destaca que estas acciones en San Fernando limitaron el espacio c\u00edvico y crearon un clima de tensi\u00f3n debido a las amenazas contra la organizaci\u00f3n de la autoconsulta. Tambi\u00e9n denuncian la presencia de personas alcoholizadas y de polic\u00edas municipales, quienes incluso realizaron rondines y registraron las identidades de las personas que realizaron el ejercicio.<\/p>\n<p>\u201cDe acuerdo con un testimonio an\u00f3nimo, la consulta fue condicionada para los trabajadores de la empresa y sus familiares, ya que unos d\u00edas antes de la consulta, la propia empresa convoc\u00f3 a una junta brindando informaci\u00f3n sobre los beneficios de los empleos generados por las granjas porcinas y condicionando de esta forma el voto\u201d, resalta el documento.<\/p>\n<p><img loading=\"lazy\" decoding=\"async\" data-attachment-id=\"61713\" data-permalink=\"https:\/\/www.grieta.org.mx\/index.php\/2021\/09\/14\/organizaciones-respaldan-autoconsulta-maya-sobre-granjas-de-cerdos-yucatan\/autoconsulta-3\/\" data-orig-file=\"https:\/\/www.grieta.org.mx\/wp-content\/uploads\/2021\/09\/autoconsulta-3-e1631814442993.jpg\" data-orig-size=\"350,599\" data-comments-opened=\"0\" data-image-meta=\"{&quot;aperture&quot;:&quot;0&quot;,&quot;credit&quot;:&quot;&quot;,&quot;camera&quot;:&quot;&quot;,&quot;caption&quot;:&quot;&quot;,&quot;created_timestamp&quot;:&quot;0&quot;,&quot;copyright&quot;:&quot;&quot;,&quot;focal_length&quot;:&quot;0&quot;,&quot;iso&quot;:&quot;0&quot;,&quot;shutter_speed&quot;:&quot;0&quot;,&quot;title&quot;:&quot;&quot;,&quot;orientation&quot;:&quot;0&quot;}\" data-image-title=\"autoconsulta-3\" data-image-description=\"\" data-image-caption=\"\" data-medium-file=\"https:\/\/www.grieta.org.mx\/wp-content\/uploads\/2021\/09\/autoconsulta-3-175x300.jpg\" data-large-file=\"https:\/\/www.grieta.org.mx\/wp-content\/uploads\/2021\/09\/autoconsulta-3-e1631814442993.jpg\" src=\"http:\/\/www.grieta.org.mx\/wp-content\/uploads\/2021\/09\/autoconsulta-3-e1631814442993.jpg\" alt=\"\" width=\"350\" height=\"599\" class=\"alignnone size-full wp-image-61713\" \/><img loading=\"lazy\" decoding=\"async\" data-attachment-id=\"61714\" data-permalink=\"https:\/\/www.grieta.org.mx\/index.php\/2021\/09\/14\/organizaciones-respaldan-autoconsulta-maya-sobre-granjas-de-cerdos-yucatan\/autoconsulta-4\/\" data-orig-file=\"https:\/\/www.grieta.org.mx\/wp-content\/uploads\/2021\/09\/autoconsulta-4-e1631814481606.jpg\" data-orig-size=\"400,359\" data-comments-opened=\"0\" data-image-meta=\"{&quot;aperture&quot;:&quot;0&quot;,&quot;credit&quot;:&quot;&quot;,&quot;camera&quot;:&quot;&quot;,&quot;caption&quot;:&quot;&quot;,&quot;created_timestamp&quot;:&quot;0&quot;,&quot;copyright&quot;:&quot;&quot;,&quot;focal_length&quot;:&quot;0&quot;,&quot;iso&quot;:&quot;0&quot;,&quot;shutter_speed&quot;:&quot;0&quot;,&quot;title&quot;:&quot;&quot;,&quot;orientation&quot;:&quot;0&quot;}\" data-image-title=\"autoconsulta-4\" data-image-description=\"\" data-image-caption=\"\" data-medium-file=\"https:\/\/www.grieta.org.mx\/wp-content\/uploads\/2021\/09\/autoconsulta-4-300x269.jpg\" data-large-file=\"https:\/\/www.grieta.org.mx\/wp-content\/uploads\/2021\/09\/autoconsulta-4-e1631814481606.jpg\" src=\"http:\/\/www.grieta.org.mx\/wp-content\/uploads\/2021\/09\/autoconsulta-4-e1631814481606.jpg\" alt=\"\" width=\"400\" height=\"359\" class=\"alignnone size-full wp-image-61714\" \/><img loading=\"lazy\" decoding=\"async\" data-attachment-id=\"61715\" data-permalink=\"https:\/\/www.grieta.org.mx\/index.php\/2021\/09\/14\/organizaciones-respaldan-autoconsulta-maya-sobre-granjas-de-cerdos-yucatan\/autoconsulta-1\/\" data-orig-file=\"https:\/\/www.grieta.org.mx\/wp-content\/uploads\/2021\/09\/autoconsulta-1.jpg\" data-orig-size=\"478,427\" data-comments-opened=\"0\" data-image-meta=\"{&quot;aperture&quot;:&quot;0&quot;,&quot;credit&quot;:&quot;&quot;,&quot;camera&quot;:&quot;&quot;,&quot;caption&quot;:&quot;&quot;,&quot;created_timestamp&quot;:&quot;0&quot;,&quot;copyright&quot;:&quot;&quot;,&quot;focal_length&quot;:&quot;0&quot;,&quot;iso&quot;:&quot;0&quot;,&quot;shutter_speed&quot;:&quot;0&quot;,&quot;title&quot;:&quot;&quot;,&quot;orientation&quot;:&quot;0&quot;}\" data-image-title=\"autoconsulta-1\" data-image-description=\"\" data-image-caption=\"\" data-medium-file=\"https:\/\/www.grieta.org.mx\/wp-content\/uploads\/2021\/09\/autoconsulta-1-300x268.jpg\" data-large-file=\"https:\/\/www.grieta.org.mx\/wp-content\/uploads\/2021\/09\/autoconsulta-1.jpg\" src=\"http:\/\/www.grieta.org.mx\/wp-content\/uploads\/2021\/09\/autoconsulta-1.jpg\" alt=\"\" width=\"478\" height=\"427\" class=\"alignnone size-full wp-image-61715\" srcset=\"https:\/\/www.grieta.org.mx\/wp-content\/uploads\/2021\/09\/autoconsulta-1.jpg 478w, https:\/\/www.grieta.org.mx\/wp-content\/uploads\/2021\/09\/autoconsulta-1-300x268.jpg 300w\" sizes=\"auto, (max-width: 478px) 100vw, 478px\" \/><br \/>\nParticipaci\u00f3n en las etapas informativas y deliberativas de la autoconsulta maya. Fotos de Misi\u00f3n de observaci\u00f3n.<\/p>\n<p>\u201cLo que vimos nosotros es que a la gente se le condicion\u00f3 muchas cosas, [antes de la consulta] se brind\u00f3 apoyo al grupo de beisbol, con trajes de b\u00e9isbol, de equipo y todo, les llevaron el mismo d\u00eda una unidad para consultas m\u00e9dicas, m\u00e9dicos y medicamentos en esos tres d\u00edas antes de la asamblea. Se estaba presionando de casa en casa para que se votar\u00e1 el \u201cs\u00ed\u201d [\u2026] La autoridad municipal, lo desconozco, pero lo que sabemos es que estuvo presionando de casa en casa con los l\u00edderes, para que se moviera y todos votaran por el s\u00ed, se lo tomaron como muy pol\u00edtico\u201d, refieren testimonios registrados por las organizaciones observadoras.<\/p>\n<p>No obstante, las organizaciones destacan la notable participaci\u00f3n de las mujeres en San Fernando, quienes lideraron desde la instalaci\u00f3n de la casilla, el transcurso de la jornada y el conteo de votos.<\/p>\n<p>Cabe destacar que en los tres procesos fueron invitados tanto autoridades locales y federales como la Secretar\u00eda de Medio Ambiente y Recursos Naturales, Comisi\u00f3n Nacional del Agua, as\u00ed como las empresas del Grupo Porc\u00edcola Mexicano, las cuales no asistieron.<\/p>\n<p>Por ultimo, el informe enfatiza que \u201clas empresas deben respetar la libre determinaci\u00f3n de las comunidades en su derecho a organizarse para decidir sobre el modelo de desarrollo en su territorio. Conforme lo se\u00f1alado por la Comisi\u00f3n Interamericana de Derechos Humanos1, las empresas tambi\u00e9n deben evitar realizar actos de hostigamiento contra las comunidades en donde realizan actividades (\u2026) Hacemos hincapi\u00e9 y un llamado tanto a las autoridades de los tres niveles, as\u00ed como a la empresa, a respetar los procesos de autonom\u00eda y autodeterminaci\u00f3n del pueblo maya y de las comunidades que llamaron a la consulta.<\/p>\n<p><a href=\"https:\/\/avispa.org\/organizaciones-respaldan-autoconsulta-maya-sobre-granjas-de-cerdos\/?utm_source=rss&#038;utm_medium=rss&#038;utm_campaign=organizaciones-respaldan-autoconsulta-maya-sobre-granjas-de-cerdos\" rel=\"noopener\" target=\"_blank\">https:\/\/avispa.org\/organizaciones-respaldan-autoconsulta-maya-sobre-granjas-de-cerdos\/?utm_source=rss&#038;utm_medium=rss&#038;utm_campaign=organizaciones-respaldan-autoconsulta-maya-sobre-granjas-de-cerdos<\/a><\/p>\n","protected":false},"excerpt":{"rendered":"<p>Sare Frabes \/ Avispa Midia En portada: Organizador@s y participantes de la autoconsulta maya en Yucat\u00e1n. Foto de la Misi\u00f3n de Observaci\u00f3n El pasado julio, las comunidades mayas de Kinchil, &hellip; <a href=\"https:\/\/www.grieta.org.mx\/index.php\/2021\/09\/14\/organizaciones-respaldan-autoconsulta-maya-sobre-granjas-de-cerdos-yucatan\/\" class=\"more-link\">Leer m\u00e1s<\/a><\/p>\n","protected":false},"author":2,"featured_media":61711,"comment_status":"closed","ping_status":"closed","sticky":false,"template":"","format":"standard","meta":{"ngg_post_thumbnail":0,"_jetpack_newsletter_access":"","_jetpack_dont_email_post_to_subs":false,"_jetpack_newsletter_tier_id":0,"_jetpack_memberships_contains_paywalled_content":false,"_jetpack_memberships_contains_paid_content":false,"footnotes":""},"categories":[60,42,80,2943,984,1,954,1020,1023,3,922,952,2,36],"tags":[281,3964,91,2177,1022,3785],"class_list":["post-61710","post","type-post","status-publish","format-standard","has-post-thumbnail","hentry","category-16-pueblo-maya","category-agroindustria","category-cintillo","category-destruccion-y-contaminacion-ambiental-en-yucatan","category-esp-yucatan","category-espejos-de-la-resistencia","category-espejos-estados","category-granja-porcicola","category-lucha-contra-granja-porcicola","category-megaproyectos","category-megaproyectos-estados","category-mp-yucatan","category-noticias-nacionales","category-yucatan","tag-agroindustria","tag-autoconsulta","tag-contaminacion-ambiental","tag-contaminacion-de-acuiferos","tag-granja-porcicola","tag-megagranja","entry"],"jetpack_featured_media_url":"https:\/\/www.grieta.org.mx\/wp-content\/uploads\/2021\/09\/ConsultaGranjas.png","jetpack_sharing_enabled":true,"jetpack_shortlink":"https:\/\/wp.me\/p7ZJR4-g3k","jetpack_likes_enabled":false,"jetpack-related-posts":[{"id":60874,"url":"https:\/\/www.grieta.org.mx\/index.php\/2021\/07\/28\/dos-comunidades-dicen-no-a-la-industria-porcina-en-yucatan\/","url_meta":{"origin":61710,"position":0},"title":"Dos comunidades dicen NO a la industria porcina en Yucat\u00e1n","author":"grieta","date":"28 julio, 2021","format":false,"excerpt":"Itzela Olivarri \/ Avispa Midia El pasado domingo, 25 de julio, los pueblos mayas de Kinchil, Celest\u00fan y San Fernando participaron en el proceso de autoconsulta para decidir sobre la operaci\u00f3n de granjas porcinas en sus territorios. La autoconsulta fue convocada por el Consejo Maya del Poniente Chik\u00b4in Ja\u00b4-Kinchil; el\u2026","rel":"","context":"En &quot;Agroindustria&quot;","block_context":{"text":"Agroindustria","link":"https:\/\/www.grieta.org.mx\/index.php\/category\/megaproyectos\/agroindustria\/"},"img":{"alt_text":"","src":"https:\/\/i0.wp.com\/www.grieta.org.mx\/wp-content\/uploads\/2021\/08\/celestun4-1-e1627933301145.jpg?resize=350%2C200&ssl=1","width":350,"height":200,"srcset":"https:\/\/i0.wp.com\/www.grieta.org.mx\/wp-content\/uploads\/2021\/08\/celestun4-1-e1627933301145.jpg?resize=350%2C200&ssl=1 1x, https:\/\/i0.wp.com\/www.grieta.org.mx\/wp-content\/uploads\/2021\/08\/celestun4-1-e1627933301145.jpg?resize=525%2C300&ssl=1 1.5x, https:\/\/i0.wp.com\/www.grieta.org.mx\/wp-content\/uploads\/2021\/08\/celestun4-1-e1627933301145.jpg?resize=700%2C400&ssl=1 2x"},"classes":[]},{"id":67967,"url":"https:\/\/www.grieta.org.mx\/index.php\/2023\/10\/21\/contaminacion-de-megagranjas-mucho-peor-de-lo-que-pensabamos-yucatan\/","url_meta":{"origin":61710,"position":1},"title":"\u00abContaminaci\u00f3n de megagranjas, mucho peor de lo que pens\u00e1bamos\u00bb (Yucat\u00e1n)","author":"grieta","date":"21 octubre, 2023","format":false,"excerpt":"Haz Ruido El pueblo maya de Hom\u00fan celebr\u00f3 seis a\u00f1os de lucha contra f\u00e1brica de cerdos y exigi\u00f3 al Gobierno federal que informe a las comunidades sobre la situaci\u00f3n de contaminaci\u00f3n que provocan estos megaproyectos en Yucat\u00e1n Hom\u00fan, Yucat\u00e1n, 21 de octubre de 2023.- La contaminaci\u00f3n \u201ces mucho peor de\u2026","rel":"","context":"En &quot;16. Pueblo Maya&quot;","block_context":{"text":"16. Pueblo Maya","link":"https:\/\/www.grieta.org.mx\/index.php\/category\/espejos-de-la-resistencia\/16-pueblo-maya\/"},"img":{"alt_text":"","src":"https:\/\/i0.wp.com\/www.grieta.org.mx\/wp-content\/uploads\/2023\/10\/Homun-1-e1698240521601.jpg?resize=350%2C200&ssl=1","width":350,"height":200,"srcset":"https:\/\/i0.wp.com\/www.grieta.org.mx\/wp-content\/uploads\/2023\/10\/Homun-1-e1698240521601.jpg?resize=350%2C200&ssl=1 1x, https:\/\/i0.wp.com\/www.grieta.org.mx\/wp-content\/uploads\/2023\/10\/Homun-1-e1698240521601.jpg?resize=525%2C300&ssl=1 1.5x, https:\/\/i0.wp.com\/www.grieta.org.mx\/wp-content\/uploads\/2023\/10\/Homun-1-e1698240521601.jpg?resize=700%2C400&ssl=1 2x"},"classes":[]},{"id":66379,"url":"https:\/\/www.grieta.org.mx\/index.php\/2023\/03\/03\/yucatan-antimotines-para-custodiar-alimento-para-cerdos-de-keken-pueblo-maya-de-sitilpech-denuncia-nuevamente-represion-policiaca-por-protesta-contra-mega-granjas-porcicolas\/","url_meta":{"origin":61710,"position":2},"title":"Yucat\u00e1n | Antimotines para custodiar alimento para cerdos de Kek\u00e9n: Pueblo maya de Sitilpech denuncia nuevamente represi\u00f3n policiaca por protesta contra mega granjas porc\u00edcolas","author":"grieta","date":"3 marzo, 2023","format":false,"excerpt":"Noticaribe M\u00c9RIDA, MX.- Una vez m\u00e1s, las y los habitantes de Sitilpech denuncian y exhiben represi\u00f3n policiaca ante el bloqueo que mantienen en una de las granjas porc\u00edcolas en sus tierras. Las personas que mantienen un bloqueo a las afueras de la granja denunciaron que elementos de la Secretar\u00eda de\u2026","rel":"","context":"En &quot;Agroindustria&quot;","block_context":{"text":"Agroindustria","link":"https:\/\/www.grieta.org.mx\/index.php\/category\/megaproyectos\/agroindustria\/"},"img":{"alt_text":"","src":"https:\/\/i0.wp.com\/www.grieta.org.mx\/wp-content\/uploads\/2023\/03\/Antimotines-e1677881381914.jpg?resize=350%2C200&ssl=1","width":350,"height":200,"srcset":"https:\/\/i0.wp.com\/www.grieta.org.mx\/wp-content\/uploads\/2023\/03\/Antimotines-e1677881381914.jpg?resize=350%2C200&ssl=1 1x, https:\/\/i0.wp.com\/www.grieta.org.mx\/wp-content\/uploads\/2023\/03\/Antimotines-e1677881381914.jpg?resize=525%2C300&ssl=1 1.5x, https:\/\/i0.wp.com\/www.grieta.org.mx\/wp-content\/uploads\/2023\/03\/Antimotines-e1677881381914.jpg?resize=700%2C400&ssl=1 2x"},"classes":[]},{"id":64282,"url":"https:\/\/www.grieta.org.mx\/index.php\/2022\/05\/17\/habitantes-de-sitilpech-exigen-cerrar-granjas-porcicolas-en-yucatan-afuera-del-poder-judicial\/","url_meta":{"origin":61710,"position":3},"title":"Habitantes de Sitilpech exigen cerrar granjas porc\u00edcolas en Yucat\u00e1n afuera del Poder Judicial","author":"grieta","date":"17 mayo, 2022","format":false,"excerpt":"Ruben Dar\u00edo Hau \/ Por Esto! Habitantes de Sitilpech, comisar\u00eda de Izamal, se manifiestan frente a la sede del Poder Judicial de la Federal, en M\u00e9rida, para insistir en que el Juez Primero de Distrito conceda la suspensi\u00f3n definitiva de la granja porc\u00edcola, Kancabch\u00e9n II, aparcera de Kek\u00e9n. El pasado\u2026","rel":"","context":"En &quot;16. Pueblo Maya&quot;","block_context":{"text":"16. Pueblo Maya","link":"https:\/\/www.grieta.org.mx\/index.php\/category\/espejos-de-la-resistencia\/16-pueblo-maya\/"},"img":{"alt_text":"","src":"https:\/\/i0.wp.com\/www.grieta.org.mx\/wp-content\/uploads\/2022\/05\/Sitilpech-e1653577169242.png?resize=350%2C200&ssl=1","width":350,"height":200,"srcset":"https:\/\/i0.wp.com\/www.grieta.org.mx\/wp-content\/uploads\/2022\/05\/Sitilpech-e1653577169242.png?resize=350%2C200&ssl=1 1x, https:\/\/i0.wp.com\/www.grieta.org.mx\/wp-content\/uploads\/2022\/05\/Sitilpech-e1653577169242.png?resize=525%2C300&ssl=1 1.5x, https:\/\/i0.wp.com\/www.grieta.org.mx\/wp-content\/uploads\/2022\/05\/Sitilpech-e1653577169242.png?resize=700%2C400&ssl=1 2x"},"classes":[]},{"id":60432,"url":"https:\/\/www.grieta.org.mx\/index.php\/2021\/07\/13\/pueblos-mayas-organizan-sus-propias-consultas-sobre-las-granjas-de-cerdos-yucatan\/","url_meta":{"origin":61710,"position":4},"title":"Pueblos mayas organizan sus propias consultas sobre las granjas de cerdos (Yucat\u00e1n)","author":"grieta","date":"13 julio, 2021","format":false,"excerpt":"Texto: Daniela Pastrana \/ Foto: Alberto Vel\u00e1zquez \/ Pie de P\u00e1gina Tres pueblos mayas de Yucat\u00e1n realizar\u00e1n el 25 de julio sus propias consultas en relaci\u00f3n con las granjas porcinas instaladas en la regi\u00f3n. Un ejercicio similar al que ya han hecho otros pueblos. Los ind\u00edgenas buscan sentar jurisprudencia, para\u2026","rel":"","context":"En &quot;Agroindustria&quot;","block_context":{"text":"Agroindustria","link":"https:\/\/www.grieta.org.mx\/index.php\/category\/megaproyectos\/agroindustria\/"},"img":{"alt_text":"","src":"https:\/\/i0.wp.com\/www.grieta.org.mx\/wp-content\/uploads\/2021\/07\/votacion_contraGranjas_de-cerdos1.jpg?resize=350%2C200&ssl=1","width":350,"height":200,"srcset":"https:\/\/i0.wp.com\/www.grieta.org.mx\/wp-content\/uploads\/2021\/07\/votacion_contraGranjas_de-cerdos1.jpg?resize=350%2C200&ssl=1 1x, https:\/\/i0.wp.com\/www.grieta.org.mx\/wp-content\/uploads\/2021\/07\/votacion_contraGranjas_de-cerdos1.jpg?resize=525%2C300&ssl=1 1.5x, https:\/\/i0.wp.com\/www.grieta.org.mx\/wp-content\/uploads\/2021\/07\/votacion_contraGranjas_de-cerdos1.jpg?resize=700%2C400&ssl=1 2x"},"classes":[]},{"id":61361,"url":"https:\/\/www.grieta.org.mx\/index.php\/2021\/08\/22\/habitantes-de-celestun-yucatan-firmes-en-su-lucha-contra-granjas-porcicolas-de-keken\/","url_meta":{"origin":61710,"position":5},"title":"Habitantes de Celest\u00fan, Yucat\u00e1n, firmes en su lucha contra granjas porc\u00edcolas de Kek\u00e9n","author":"grieta","date":"22 agosto, 2021","format":false,"excerpt":"Edwin Farf\u00e1n Cervantes \/ PorEsto! El vocero del Consejo Maya del poniente Chikin Ja\u2019 Celest\u00fan, Alberto Rodr\u00edguez Pist\u00e9, lament\u00f3 no tener buenas noticias sobre la lucha del pueblo, pero asegur\u00f3 que en las pr\u00f3ximas semanas se volver\u00e1 a escuchar fuerte su demanda, pues en Celest\u00fan la poblaci\u00f3n si est\u00e1 preocupada\u2026","rel":"","context":"En &quot;Agroindustria&quot;","block_context":{"text":"Agroindustria","link":"https:\/\/www.grieta.org.mx\/index.php\/category\/megaproyectos\/agroindustria\/"},"img":{"alt_text":"","src":"https:\/\/i0.wp.com\/www.grieta.org.mx\/wp-content\/uploads\/2021\/08\/CelestunKeken-e1630266917439.png?resize=350%2C200&ssl=1","width":350,"height":200,"srcset":"https:\/\/i0.wp.com\/www.grieta.org.mx\/wp-content\/uploads\/2021\/08\/CelestunKeken-e1630266917439.png?resize=350%2C200&ssl=1 1x, https:\/\/i0.wp.com\/www.grieta.org.mx\/wp-content\/uploads\/2021\/08\/CelestunKeken-e1630266917439.png?resize=525%2C300&ssl=1 1.5x, https:\/\/i0.wp.com\/www.grieta.org.mx\/wp-content\/uploads\/2021\/08\/CelestunKeken-e1630266917439.png?resize=700%2C400&ssl=1 2x"},"classes":[]}],"_links":{"self":[{"href":"https:\/\/www.grieta.org.mx\/index.php\/wp-json\/wp\/v2\/posts\/61710","targetHints":{"allow":["GET"]}}],"collection":[{"href":"https:\/\/www.grieta.org.mx\/index.php\/wp-json\/wp\/v2\/posts"}],"about":[{"href":"https:\/\/www.grieta.org.mx\/index.php\/wp-json\/wp\/v2\/types\/post"}],"author":[{"embeddable":true,"href":"https:\/\/www.grieta.org.mx\/index.php\/wp-json\/wp\/v2\/users\/2"}],"replies":[{"embeddable":true,"href":"https:\/\/www.grieta.org.mx\/index.php\/wp-json\/wp\/v2\/comments?post=61710"}],"version-history":[{"count":1,"href":"https:\/\/www.grieta.org.mx\/index.php\/wp-json\/wp\/v2\/posts\/61710\/revisions"}],"predecessor-version":[{"id":61716,"href":"https:\/\/www.grieta.org.mx\/index.php\/wp-json\/wp\/v2\/posts\/61710\/revisions\/61716"}],"wp:featuredmedia":[{"embeddable":true,"href":"https:\/\/www.grieta.org.mx\/index.php\/wp-json\/wp\/v2\/media\/61711"}],"wp:attachment":[{"href":"https:\/\/www.grieta.org.mx\/index.php\/wp-json\/wp\/v2\/media?parent=61710"}],"wp:term":[{"taxonomy":"category","embeddable":true,"href":"https:\/\/www.grieta.org.mx\/index.php\/wp-json\/wp\/v2\/categories?post=61710"},{"taxonomy":"post_tag","embeddable":true,"href":"https:\/\/www.grieta.org.mx\/index.php\/wp-json\/wp\/v2\/tags?post=61710"}],"curies":[{"name":"wp","href":"https:\/\/api.w.org\/{rel}","templated":true}]}}