{"id":61692,"date":"2021-09-14T11:47:19","date_gmt":"2021-09-14T16:47:19","guid":{"rendered":"https:\/\/www.grieta.org.mx\/?p=61692"},"modified":"2021-09-15T12:11:58","modified_gmt":"2021-09-15T17:11:58","slug":"comienza-la-gira-zapatista-por-europa-con-la-llegada-de-170-mujeres-hombres-ninos-y-ninas-de-pueblos-mayas-de-chiapas","status":"publish","type":"post","link":"https:\/\/www.grieta.org.mx\/index.php\/2021\/09\/14\/comienza-la-gira-zapatista-por-europa-con-la-llegada-de-170-mujeres-hombres-ninos-y-ninas-de-pueblos-mayas-de-chiapas\/","title":{"rendered":"Comienza la gira zapatista por Europa con la llegada de 170 mujeres, hombres, ni\u00f1os y ni\u00f1as de pueblos mayas de Chiapas"},"content":{"rendered":"<p><strong>Los, las y loas zapatistas empezaron su viaje hace meses. Despu\u00e9s de m\u00faltiples obst\u00e1culos para obtener sus pasaportes as\u00ed como sortear los problemas para acceder a la vacunaci\u00f3n del covid19, los zapatistas subieron ayer en dos vuelos desde Ciudad de M\u00e9xico que aterrizan hoy en Viena.<\/strong><\/p>\n<figure id=\"attachment_61693\" aria-describedby=\"caption-attachment-61693\" style=\"width: 800px\" class=\"wp-caption alignnone\"><img loading=\"lazy\" decoding=\"async\" data-attachment-id=\"61693\" data-permalink=\"https:\/\/www.grieta.org.mx\/index.php\/2021\/09\/14\/comienza-la-gira-zapatista-por-europa-con-la-llegada-de-170-mujeres-hombres-ninos-y-ninas-de-pueblos-mayas-de-chiapas\/laextemporanea2\/\" data-orig-file=\"https:\/\/www.grieta.org.mx\/wp-content\/uploads\/2021\/09\/Laextemporanea2.jpg\" data-orig-size=\"1500,1125\" data-comments-opened=\"0\" data-image-meta=\"{&quot;aperture&quot;:&quot;0&quot;,&quot;credit&quot;:&quot;&quot;,&quot;camera&quot;:&quot;&quot;,&quot;caption&quot;:&quot;&quot;,&quot;created_timestamp&quot;:&quot;0&quot;,&quot;copyright&quot;:&quot;&quot;,&quot;focal_length&quot;:&quot;0&quot;,&quot;iso&quot;:&quot;0&quot;,&quot;shutter_speed&quot;:&quot;0&quot;,&quot;title&quot;:&quot;&quot;,&quot;orientation&quot;:&quot;0&quot;}\" data-image-title=\"Laextemporanea2\" data-image-description=\"\" data-image-caption=\"\" data-medium-file=\"https:\/\/www.grieta.org.mx\/wp-content\/uploads\/2021\/09\/Laextemporanea2-300x225.jpg\" data-large-file=\"https:\/\/www.grieta.org.mx\/wp-content\/uploads\/2021\/09\/Laextemporanea2-1024x768.jpg\" class=\"wp-image-61693\" src=\"http:\/\/www.grieta.org.mx\/wp-content\/uploads\/2021\/09\/Laextemporanea2.jpg\" alt=\"\" width=\"800\" height=\"600\" srcset=\"https:\/\/www.grieta.org.mx\/wp-content\/uploads\/2021\/09\/Laextemporanea2.jpg 1500w, https:\/\/www.grieta.org.mx\/wp-content\/uploads\/2021\/09\/Laextemporanea2-300x225.jpg 300w, https:\/\/www.grieta.org.mx\/wp-content\/uploads\/2021\/09\/Laextemporanea2-1024x768.jpg 1024w, https:\/\/www.grieta.org.mx\/wp-content\/uploads\/2021\/09\/Laextemporanea2-768x576.jpg 768w\" sizes=\"auto, (max-width: 800px) 100vw, 800px\" \/><figcaption id=\"caption-attachment-61693\" class=\"wp-caption-text\">Una imagen ins\u00f3lita, decenas de ind\u00edgenas zapatistas en el aeropuerto con su pasaporte mexicano en mano para iniciar la gira zapatista a Europa. FOTO: Daliri Oropeza<\/figcaption><\/figure>\n<p>Susana Albarr\u00e1n M\u00e9ndez\/ EL SALTO DIARIO\/ Con informaci\u00f3n de la Red de Medios Libres, en Viena.<br \/>\nFOTOS\/ Daliri Oropeza y Francisco Noriega<\/p>\n<p><strong>\u201c&#8230; un \u201cD\u00eda Z\u201d para la Europa de abajo, y parecer\u00e1 entonces que del cielo, llueven flores como si Ixchel, diosa madre, diosa arco\u00edris, nos acompa\u00f1ara y, de su mano y con su vuelo, abrir un segundo frente para la invasi\u00f3n\u201d. Comunicado EZLN de junio 2020, Sup Galeano&#8221;.<\/strong><\/p>\n<p>El d\u00eda Z ha llegado. Con el aterrizaje en Viena, Austria, de uno de los dos vuelos procedentes de Ciudad de M\u00e9xico la delegaci\u00f3n a\u00e9rea zapatista \u201cLa Extempor\u00e1nea\u201c compuesta por m\u00e1s de 170 personas iniciar\u00eda, ahora s\u00ed, la gira zapatista anunciada por el EZLN en octubre de 2020. Mujeres, hombres, ni\u00f1os y ni\u00f1as zapatistas todos ind\u00edgenas de ra\u00edz maya de diferentes regiones de Chiapas hacen hoy su arribo a la tierra que renombrara, en julio pasado, el Escuadr\u00f3n 241 como Slumil K&#8217;ajxemp&#8217;op o Europa Insumisa. De hecho, la delegaci\u00f3n aerotransportada zapatista toma el relevo del Escuadr\u00f3n que volvi\u00f3 a M\u00e9xico el pasado domingo.<\/p>\n<p>La gran mayor\u00eda de los y las delgadas, si no es que todos, nunca ha salido de su pa\u00eds, M\u00e9xico, muchas ni siquiera de Chiapas, y vienen a Europa con la misi\u00f3n de \u201cescuchar y aprender de quienes luchan en aqu\u00e9l continente y compartir su propia historia de lucha y de construcci\u00f3n de alternativas de vida ante la enfermedad de nuestro mundo\u201d, como hab\u00edan ya anunciado en uno de sus comunicados.<\/p>\n<figure id=\"attachment_61696\" aria-describedby=\"caption-attachment-61696\" style=\"width: 800px\" class=\"wp-caption alignnone\"><img loading=\"lazy\" decoding=\"async\" data-attachment-id=\"61696\" data-permalink=\"https:\/\/www.grieta.org.mx\/index.php\/2021\/09\/14\/comienza-la-gira-zapatista-por-europa-con-la-llegada-de-170-mujeres-hombres-ninos-y-ninas-de-pueblos-mayas-de-chiapas\/laextemporanea4\/\" data-orig-file=\"https:\/\/www.grieta.org.mx\/wp-content\/uploads\/2021\/09\/Laextemporanea4.jpg\" data-orig-size=\"800,600\" data-comments-opened=\"0\" data-image-meta=\"{&quot;aperture&quot;:&quot;0&quot;,&quot;credit&quot;:&quot;&quot;,&quot;camera&quot;:&quot;&quot;,&quot;caption&quot;:&quot;&quot;,&quot;created_timestamp&quot;:&quot;0&quot;,&quot;copyright&quot;:&quot;&quot;,&quot;focal_length&quot;:&quot;0&quot;,&quot;iso&quot;:&quot;0&quot;,&quot;shutter_speed&quot;:&quot;0&quot;,&quot;title&quot;:&quot;&quot;,&quot;orientation&quot;:&quot;0&quot;}\" data-image-title=\"Laextemporanea4\" data-image-description=\"\" data-image-caption=\"&lt;p&gt;Delegados de la Fuerza Aerotransportada Zapatista viajan por primera vez fuera de sus comunidades en Chiapas.&lt;\/p&gt;\n\" data-medium-file=\"https:\/\/www.grieta.org.mx\/wp-content\/uploads\/2021\/09\/Laextemporanea4-300x225.jpg\" data-large-file=\"https:\/\/www.grieta.org.mx\/wp-content\/uploads\/2021\/09\/Laextemporanea4.jpg\" class=\"wp-image-61696 size-full\" src=\"http:\/\/www.grieta.org.mx\/wp-content\/uploads\/2021\/09\/Laextemporanea4.jpg\" alt=\"\" width=\"800\" height=\"600\" srcset=\"https:\/\/www.grieta.org.mx\/wp-content\/uploads\/2021\/09\/Laextemporanea4.jpg 800w, https:\/\/www.grieta.org.mx\/wp-content\/uploads\/2021\/09\/Laextemporanea4-300x225.jpg 300w, https:\/\/www.grieta.org.mx\/wp-content\/uploads\/2021\/09\/Laextemporanea4-768x576.jpg 768w\" sizes=\"auto, (max-width: 800px) 100vw, 800px\" \/><figcaption id=\"caption-attachment-61696\" class=\"wp-caption-text\">Delegados de la Fuerza Aerotransportada Zapatista viajan por primera vez fuera de sus comunidades en Chiapas. FOTO: Daliri Oropeza<\/figcaption><\/figure>\n<p>Medios libres en M\u00e9xico reportaban el lunes sobre ese momento hist\u00f3rico vivido en el aeropuerto Benito Ju\u00e1rez de la capital mexicana: decenas de ind\u00edgenas de las\u00a0comunidades\u00a0y pueblos zapatistas documentando su equipaje para coger un avi\u00f3n que cruzar\u00eda el Atl\u00e1ntico, cumpliendo as\u00ed con su promesa de visitar la Europa de abajo y a la izquierda.\u00a0<a href=\"https:\/\/radiozapatista.org\/?p=39375%E2%80%9D%20style=\">Radio Zapatista<\/a>\u00a0calificaba de ins\u00f3lita esa imagen de los ind\u00edgenas en el aeropuerto pasaportes y boletos de avi\u00f3n en mano embarcando.<\/p>\n<figure id=\"attachment_61698\" aria-describedby=\"caption-attachment-61698\" style=\"width: 800px\" class=\"wp-caption alignnone\"><img loading=\"lazy\" decoding=\"async\" data-attachment-id=\"61698\" data-permalink=\"https:\/\/www.grieta.org.mx\/index.php\/2021\/09\/14\/comienza-la-gira-zapatista-por-europa-con-la-llegada-de-170-mujeres-hombres-ninos-y-ninas-de-pueblos-mayas-de-chiapas\/laextemporanea3\/\" data-orig-file=\"https:\/\/www.grieta.org.mx\/wp-content\/uploads\/2021\/09\/Laextemporanea3.jpg\" data-orig-size=\"800,600\" data-comments-opened=\"0\" data-image-meta=\"{&quot;aperture&quot;:&quot;0&quot;,&quot;credit&quot;:&quot;&quot;,&quot;camera&quot;:&quot;&quot;,&quot;caption&quot;:&quot;&quot;,&quot;created_timestamp&quot;:&quot;0&quot;,&quot;copyright&quot;:&quot;&quot;,&quot;focal_length&quot;:&quot;0&quot;,&quot;iso&quot;:&quot;0&quot;,&quot;shutter_speed&quot;:&quot;0&quot;,&quot;title&quot;:&quot;&quot;,&quot;orientation&quot;:&quot;0&quot;}\" data-image-title=\"Laextemporanea3\" data-image-description=\"\" data-image-caption=\"&lt;p&gt;Despu\u00e9s de muchos obst\u00e1culos para obtener su pasaporte mexicano, mujeres zapatistas pasaron control migratorio en el aeropuerto de Ciudad de M\u00e9xico.&lt;\/p&gt;\n\" data-medium-file=\"https:\/\/www.grieta.org.mx\/wp-content\/uploads\/2021\/09\/Laextemporanea3-300x225.jpg\" data-large-file=\"https:\/\/www.grieta.org.mx\/wp-content\/uploads\/2021\/09\/Laextemporanea3.jpg\" class=\"wp-image-61698 size-full\" src=\"http:\/\/www.grieta.org.mx\/wp-content\/uploads\/2021\/09\/Laextemporanea3.jpg\" alt=\"\" width=\"800\" height=\"600\" srcset=\"https:\/\/www.grieta.org.mx\/wp-content\/uploads\/2021\/09\/Laextemporanea3.jpg 800w, https:\/\/www.grieta.org.mx\/wp-content\/uploads\/2021\/09\/Laextemporanea3-300x225.jpg 300w, https:\/\/www.grieta.org.mx\/wp-content\/uploads\/2021\/09\/Laextemporanea3-768x576.jpg 768w\" sizes=\"auto, (max-width: 800px) 100vw, 800px\" \/><figcaption id=\"caption-attachment-61698\" class=\"wp-caption-text\">Despu\u00e9s de muchos obst\u00e1culos para obtener su pasaporte mexicano, mujeres zapatistas pasaron control migratorio en el aeropuerto de Ciudad de M\u00e9xico. FOTO: Daliri Oropeza<\/figcaption><\/figure>\n<p>En realidad, los, las zapatistas empezaron su viaje hace meses, primero acuarteladas en el semillero Comandanta Ramona para cumplir cuarentena y formarse para el viaje, luego iniciando ruta en buses el d\u00eda 10 de septiembre hacia el Distrito Federal para coger los vuelos este mismo lunes.<\/p>\n<p>\u201cA pesar de la tardanza de los tr\u00e1mites de pasaporte, obst\u00e1culos, problemas y vacunas, La Extempor\u00e1nea ya est\u00e1 en la ruta de salida\u201d resum\u00eda Daliri Oropeza, periodista de Pie de P\u00e1gina. Ayer mismo en el aeropuerto de Ciudad de M\u00e9xico era testigo del embarque de los 28 equipos de &#8216;Escucha y Palabra&#8217;, uno Coordinador uno de &#8216;Juego y Travesura&#8217; autodenominado Comando Palomitas, formado por ni\u00f1os y ni\u00f1as y un grupo 17 milicianas que adem\u00e1s de formar parte de escucha y palabra y ser las encargadas de la seguridad de la aerotransportada, forman un equipo de f\u00fatbol que promete varios encuentros con equipos femeniles de la geograf\u00eda europea. Al frente de toda la delegaci\u00f3n zapatista est\u00e1 el el Subcomandante Insurgente Mois\u00e9s.<\/p>\n<p><img loading=\"lazy\" decoding=\"async\" data-attachment-id=\"61699\" data-permalink=\"https:\/\/www.grieta.org.mx\/index.php\/2021\/09\/14\/comienza-la-gira-zapatista-por-europa-con-la-llegada-de-170-mujeres-hombres-ninos-y-ninas-de-pueblos-mayas-de-chiapas\/viena1\/\" data-orig-file=\"https:\/\/www.grieta.org.mx\/wp-content\/uploads\/2021\/09\/Viena1.jpg\" data-orig-size=\"800,598\" data-comments-opened=\"0\" data-image-meta=\"{&quot;aperture&quot;:&quot;0&quot;,&quot;credit&quot;:&quot;&quot;,&quot;camera&quot;:&quot;&quot;,&quot;caption&quot;:&quot;&quot;,&quot;created_timestamp&quot;:&quot;0&quot;,&quot;copyright&quot;:&quot;&quot;,&quot;focal_length&quot;:&quot;0&quot;,&quot;iso&quot;:&quot;0&quot;,&quot;shutter_speed&quot;:&quot;0&quot;,&quot;title&quot;:&quot;&quot;,&quot;orientation&quot;:&quot;0&quot;}\" data-image-title=\"Viena1\" data-image-description=\"&lt;p&gt;M\u00e1s de un centenar de personas esperaban al primer grupo de la Fuerza Aerotransportada Zapatista en el aeropuerto de Viena. FOTO: Francisco Noriega&lt;\/p&gt;\n\" data-image-caption=\"\" data-medium-file=\"https:\/\/www.grieta.org.mx\/wp-content\/uploads\/2021\/09\/Viena1-300x224.jpg\" data-large-file=\"https:\/\/www.grieta.org.mx\/wp-content\/uploads\/2021\/09\/Viena1.jpg\" class=\"alignnone size-full wp-image-61699\" src=\"http:\/\/www.grieta.org.mx\/wp-content\/uploads\/2021\/09\/Viena1.jpg\" alt=\"\" width=\"800\" height=\"598\" srcset=\"https:\/\/www.grieta.org.mx\/wp-content\/uploads\/2021\/09\/Viena1.jpg 800w, https:\/\/www.grieta.org.mx\/wp-content\/uploads\/2021\/09\/Viena1-300x224.jpg 300w, https:\/\/www.grieta.org.mx\/wp-content\/uploads\/2021\/09\/Viena1-768x574.jpg 768w\" sizes=\"auto, (max-width: 800px) 100vw, 800px\" \/><\/p>\n<p><strong>Bienvenida en Viena<\/strong><\/p>\n<p>En el aeropuerto les esperaba ya un amplio grupo formado por diversos colectivos de Austria como Compas Zapatistas de Viena, Asamblea latinoamericana, Solidaridad con M\u00e9xico en Salzburgo, Ekh, Frauenzentrum, KomIntern, Ni Una Menos Austria, Zapalotta y Colectivo Acci\u00f3n Solidaria, seg\u00fan informan desde la red de medios libres que hace seguimiento de la gira zapatista desde ambos lados del Atl\u00e1ntico. Afirman tambi\u00e9n que a activistas de Portugal, Grecia, Suiza, Alemania, Francia, Italia, Finlandia, Dinamarca y Estado espa\u00f1ol hab\u00edan confirmado su participaci\u00f3n en la recepci\u00f3n de La Extempor\u00e1nea.<\/p>\n<figure id=\"attachment_61701\" aria-describedby=\"caption-attachment-61701\" style=\"width: 800px\" class=\"wp-caption alignnone\"><img loading=\"lazy\" decoding=\"async\" data-attachment-id=\"61701\" data-permalink=\"https:\/\/www.grieta.org.mx\/index.php\/2021\/09\/14\/comienza-la-gira-zapatista-por-europa-con-la-llegada-de-170-mujeres-hombres-ninos-y-ninas-de-pueblos-mayas-de-chiapas\/viena3\/\" data-orig-file=\"https:\/\/www.grieta.org.mx\/wp-content\/uploads\/2021\/09\/Viena3.jpg\" data-orig-size=\"800,598\" data-comments-opened=\"0\" data-image-meta=\"{&quot;aperture&quot;:&quot;0&quot;,&quot;credit&quot;:&quot;&quot;,&quot;camera&quot;:&quot;&quot;,&quot;caption&quot;:&quot;&quot;,&quot;created_timestamp&quot;:&quot;0&quot;,&quot;copyright&quot;:&quot;&quot;,&quot;focal_length&quot;:&quot;0&quot;,&quot;iso&quot;:&quot;0&quot;,&quot;shutter_speed&quot;:&quot;0&quot;,&quot;title&quot;:&quot;&quot;,&quot;orientation&quot;:&quot;0&quot;}\" data-image-title=\"Viena3\" data-image-description=\"\" data-image-caption=\"&lt;p&gt;Entusiasta bienvenida a los zapatistas en el aeropuerto de Viena. FOTO: Francisco Noriega&lt;\/p&gt;\n\" data-medium-file=\"https:\/\/www.grieta.org.mx\/wp-content\/uploads\/2021\/09\/Viena3-300x224.jpg\" data-large-file=\"https:\/\/www.grieta.org.mx\/wp-content\/uploads\/2021\/09\/Viena3.jpg\" class=\"size-full wp-image-61701\" src=\"http:\/\/www.grieta.org.mx\/wp-content\/uploads\/2021\/09\/Viena3.jpg\" alt=\"\" width=\"800\" height=\"598\" srcset=\"https:\/\/www.grieta.org.mx\/wp-content\/uploads\/2021\/09\/Viena3.jpg 800w, https:\/\/www.grieta.org.mx\/wp-content\/uploads\/2021\/09\/Viena3-300x224.jpg 300w, https:\/\/www.grieta.org.mx\/wp-content\/uploads\/2021\/09\/Viena3-768x574.jpg 768w\" sizes=\"auto, (max-width: 800px) 100vw, 800px\" \/><figcaption id=\"caption-attachment-61701\" class=\"wp-caption-text\">Entusiasta bienvenida a los zapatistas en el aeropuerto de Viena. FOTO: Francisco Noriega<\/figcaption><\/figure>\n<blockquote class=\"twitter-tweet\">\n<p dir=\"ltr\" lang=\"und\"><a href=\"https:\/\/twitter.com\/hashtag\/EZLN?src=hash&amp;ref_src=twsrc%5Etfw\">#EZLN<\/a> <a href=\"https:\/\/twitter.com\/hashtag\/LaGiraZapatista?src=hash&amp;ref_src=twsrc%5Etfw\">#LaGiraZapatista<\/a> <a href=\"https:\/\/twitter.com\/hashtag\/LaExtempor%C3%A1nea?src=hash&amp;ref_src=twsrc%5Etfw\">#LaExtempor\u00e1nea<\/a><a href=\"https:\/\/twitter.com\/hashtag\/YaLlegaron?src=hash&amp;ref_src=twsrc%5Etfw\">#YaLlegaron<\/a> <a href=\"https:\/\/twitter.com\/hashtag\/TheyArrived?src=hash&amp;ref_src=twsrc%5Etfw\">#TheyArrived<\/a> <a href=\"https:\/\/twitter.com\/hashtag\/EZLNenViena?src=hash&amp;ref_src=twsrc%5Etfw\">#EZLNenViena<\/a> <a href=\"https:\/\/twitter.com\/hashtag\/EZLNinWien?src=hash&amp;ref_src=twsrc%5Etfw\">#EZLNinWien<\/a> <a href=\"https:\/\/twitter.com\/hashtag\/AusDerZukunft?src=hash&amp;ref_src=twsrc%5Etfw\">#AusDerZukunft<\/a> <a href=\"https:\/\/twitter.com\/hashtag\/EZLNinVienna?src=hash&amp;ref_src=twsrc%5Etfw\">#EZLNinVienna<\/a> <a href=\"https:\/\/t.co\/g4uZ3j8m4z\">pic.twitter.com\/g4uZ3j8m4z<\/a><\/p>\n<p>\u2014 Compas Zapatistas (@CZapatistas) <a href=\"https:\/\/twitter.com\/CZapatistas\/status\/1437735281562693636?ref_src=twsrc%5Etfw\">September 14, 2021<\/a><\/p><\/blockquote>\n<p><script async src=\"https:\/\/platform.twitter.com\/widgets.js\" charset=\"utf-8\"><\/script><\/p>\n<p>El primer vuelo lleg\u00f3 en hora a Viena esta ma\u00f1ana. Por la tarde, cerca de las 19 horas se esperaba la llegada del vuelo con el segundo grupo. Sin embargo ha trascendido que este grupo, que tomaba un avi\u00f3n m\u00e1s tarde, perdi\u00f3 el vuelo de conexi\u00f3n en Madrid -donde hac\u00eda escala- debido al control migratorio. Aun as\u00ed, los actos de bienvenida previstos siguieron adelante y se emitieron v\u00eda streaming.<\/p>\n<p>\u201cEstamos aqu\u00ed nosotros, las zapatistas y los zapatistas gracias a que hubo compa\u00f1eras y compa\u00f1eros nuestros que cayeron luchando en el amanecer de 1994 cuando salimos a pelear contra el mal gobierno\u201d, expres\u00f3 Mois\u00e9s en el acto de bienvenida que les ofrecieron a su llegada a Viena. \u201cCon nuestra rebeld\u00eda y resistencia es que seguimos gobernando como pueblo. Nosotros no queremos matar, nosotros no queremos morir, el problema es que no nos dan la oportunidad de hacer lo que nosotros pensamos como mujeres y hombres\u201d resalt\u00f3 tambi\u00e9n.<\/p>\n<p>En su alocuci\u00f3n ante los activistas y delegados zapatistas el subcomandante Mois\u00e9s resalt\u00f3 sobre algunas de las razones de la gira por la vida: \u201cVenimos porque sabemos que hay pobres pueblos originarios en otros pa\u00edses del mundo y tambi\u00e9n en las ciudades. Creemos que nuestros hermanos de la ciudad y del campo saben lo que es la explotaci\u00f3n del capitalismo, pero nosotros vemos lo que ha hecho el capitalismo, y es el problema de la vida y de la naturaleza\u201d. A ella, a la naturaleza y al trabajo de la tierra dedic\u00f3 buena parte de su discurso. \u201cLos pueblos originarios lo hemos vivido en carne propia, donde el capitalismo ha destruido con la miner\u00eda. Los gobernantes no van a hacer nada porque son c\u00f3mplices. Ellos son los que se ponen de acuerdo para hacer la destrucci\u00f3n\u201d, reclam\u00f3 el subcomandante.<\/p>\n<p>Apel\u00f3 a la defensa y cuidado de la madre tierra \u201cporque es la que nos da la vida realmente. Para nosotros y nosotras las zapatistas urge hacer algo porque los malos gobernante son van a hacer nada. El cambio que queremos los pobres en el mundo es un cambio real no de como se les antoja a los malos gobernantes y los ricos\u201d insisti\u00f3.<\/p>\n<p>Mois\u00e9s, que esta vez no vest\u00eda su uniforme militar, subray\u00f3 sobre la modesta misi\u00f3n de la delegaci\u00f3n zapatista en Europa: \u201cNo venimos a grandes masas, venimos a hablar con los que quieren hablar con nosotros y nosotros queremos escuchar de c\u00f3mo luchan, c\u00f3mo pelean y c\u00f3mo piensan. Queremos que se abran nuestros ojos, nuestras mentes del campo y la ciudad\u201d.<\/p>\n<p>Se sabe que en los pr\u00f3ximos d\u00edas los zapatistas elaborar\u00e1n la agenda para que en las siguientes semanas se inicie el reparto de los 28 grupos de escucha y palabra por varios pa\u00edses de la geograf\u00eda europea. A pesar de no saber exactamente las fechas exactas cientos de colectivos en todos los territorios contin\u00faan realizando actividades en torno a la gira zapatista, tal y como lo han venido haciendo desde que se anunci\u00f3 &#8216;la gira por la vida&#8217; y que han venido trabajando ya con la visita del Escuadr\u00f3n 421 durante julio, agosto y septiembre. En diversas ciudades y pueblos del Estado espa\u00f1ol se han creado diversas asambleas de trabajo y bienvenida que esperan tambi\u00e9n esa a\u00f1orada visita.<\/p>\n<figure id=\"attachment_61702\" aria-describedby=\"caption-attachment-61702\" style=\"width: 800px\" class=\"wp-caption alignnone\"><img loading=\"lazy\" decoding=\"async\" data-attachment-id=\"61702\" data-permalink=\"https:\/\/www.grieta.org.mx\/index.php\/2021\/09\/14\/comienza-la-gira-zapatista-por-europa-con-la-llegada-de-170-mujeres-hombres-ninos-y-ninas-de-pueblos-mayas-de-chiapas\/viena6\/\" data-orig-file=\"https:\/\/www.grieta.org.mx\/wp-content\/uploads\/2021\/09\/Viena6.jpg\" data-orig-size=\"800,450\" data-comments-opened=\"0\" data-image-meta=\"{&quot;aperture&quot;:&quot;0&quot;,&quot;credit&quot;:&quot;&quot;,&quot;camera&quot;:&quot;&quot;,&quot;caption&quot;:&quot;&quot;,&quot;created_timestamp&quot;:&quot;0&quot;,&quot;copyright&quot;:&quot;&quot;,&quot;focal_length&quot;:&quot;0&quot;,&quot;iso&quot;:&quot;0&quot;,&quot;shutter_speed&quot;:&quot;0&quot;,&quot;title&quot;:&quot;&quot;,&quot;orientation&quot;:&quot;0&quot;}\" data-image-title=\"Viena6\" data-image-description=\"\" data-image-caption=\"&lt;p&gt;Colectivos sociales de varios pa\u00edses europeos prepararon bienvenida a la delegaci\u00f3n zapatistas en las afueras del aeropuerto de Viena. FOTO: Francisco Noriega&lt;\/p&gt;\n\" data-medium-file=\"https:\/\/www.grieta.org.mx\/wp-content\/uploads\/2021\/09\/Viena6-300x169.jpg\" data-large-file=\"https:\/\/www.grieta.org.mx\/wp-content\/uploads\/2021\/09\/Viena6.jpg\" class=\"size-full wp-image-61702\" src=\"http:\/\/www.grieta.org.mx\/wp-content\/uploads\/2021\/09\/Viena6.jpg\" alt=\"\" width=\"800\" height=\"450\" srcset=\"https:\/\/www.grieta.org.mx\/wp-content\/uploads\/2021\/09\/Viena6.jpg 800w, https:\/\/www.grieta.org.mx\/wp-content\/uploads\/2021\/09\/Viena6-300x169.jpg 300w, https:\/\/www.grieta.org.mx\/wp-content\/uploads\/2021\/09\/Viena6-768x432.jpg 768w\" sizes=\"auto, (max-width: 800px) 100vw, 800px\" \/><figcaption id=\"caption-attachment-61702\" class=\"wp-caption-text\">Colectivos sociales de varios pa\u00edses europeos prepararon bienvenida a la delegaci\u00f3n zapatistas en las afueras del aeropuerto de Viena. FOTO: Francisco Noriega<\/figcaption><\/figure>\n<figure id=\"attachment_61703\" aria-describedby=\"caption-attachment-61703\" style=\"width: 800px\" class=\"wp-caption alignnone\"><img loading=\"lazy\" decoding=\"async\" data-attachment-id=\"61703\" data-permalink=\"https:\/\/www.grieta.org.mx\/index.php\/2021\/09\/14\/comienza-la-gira-zapatista-por-europa-con-la-llegada-de-170-mujeres-hombres-ninos-y-ninas-de-pueblos-mayas-de-chiapas\/viena7\/\" data-orig-file=\"https:\/\/www.grieta.org.mx\/wp-content\/uploads\/2021\/09\/Viena7.jpg\" data-orig-size=\"800,450\" data-comments-opened=\"0\" data-image-meta=\"{&quot;aperture&quot;:&quot;0&quot;,&quot;credit&quot;:&quot;&quot;,&quot;camera&quot;:&quot;&quot;,&quot;caption&quot;:&quot;&quot;,&quot;created_timestamp&quot;:&quot;0&quot;,&quot;copyright&quot;:&quot;&quot;,&quot;focal_length&quot;:&quot;0&quot;,&quot;iso&quot;:&quot;0&quot;,&quot;shutter_speed&quot;:&quot;0&quot;,&quot;title&quot;:&quot;&quot;,&quot;orientation&quot;:&quot;0&quot;}\" data-image-title=\"Viena7\" data-image-description=\"\" data-image-caption=\"&lt;p&gt;El &amp;#8216;d\u00eda Z&amp;#8217; para las delegaci\u00f3n zapatista result\u00f3 ser un d\u00eda soleado en Viena, Austria. FOTO: Francisco Noriega&lt;\/p&gt;\n\" data-medium-file=\"https:\/\/www.grieta.org.mx\/wp-content\/uploads\/2021\/09\/Viena7-300x169.jpg\" data-large-file=\"https:\/\/www.grieta.org.mx\/wp-content\/uploads\/2021\/09\/Viena7.jpg\" class=\"size-full wp-image-61703\" src=\"http:\/\/www.grieta.org.mx\/wp-content\/uploads\/2021\/09\/Viena7.jpg\" alt=\"\" width=\"800\" height=\"450\" srcset=\"https:\/\/www.grieta.org.mx\/wp-content\/uploads\/2021\/09\/Viena7.jpg 800w, https:\/\/www.grieta.org.mx\/wp-content\/uploads\/2021\/09\/Viena7-300x169.jpg 300w, https:\/\/www.grieta.org.mx\/wp-content\/uploads\/2021\/09\/Viena7-768x432.jpg 768w\" sizes=\"auto, (max-width: 800px) 100vw, 800px\" \/><figcaption id=\"caption-attachment-61703\" class=\"wp-caption-text\">El &#8216;d\u00eda Z&#8217; para las delegaci\u00f3n zapatista result\u00f3 ser un d\u00eda soleado en Viena, Austria. FOTO: Francisco Noriega<\/figcaption><\/figure>\n<figure id=\"attachment_61704\" aria-describedby=\"caption-attachment-61704\" style=\"width: 800px\" class=\"wp-caption alignnone\"><img loading=\"lazy\" decoding=\"async\" data-attachment-id=\"61704\" data-permalink=\"https:\/\/www.grieta.org.mx\/index.php\/2021\/09\/14\/comienza-la-gira-zapatista-por-europa-con-la-llegada-de-170-mujeres-hombres-ninos-y-ninas-de-pueblos-mayas-de-chiapas\/viena8\/\" data-orig-file=\"https:\/\/www.grieta.org.mx\/wp-content\/uploads\/2021\/09\/Viena8.jpg\" data-orig-size=\"800,450\" data-comments-opened=\"0\" data-image-meta=\"{&quot;aperture&quot;:&quot;0&quot;,&quot;credit&quot;:&quot;&quot;,&quot;camera&quot;:&quot;&quot;,&quot;caption&quot;:&quot;&quot;,&quot;created_timestamp&quot;:&quot;0&quot;,&quot;copyright&quot;:&quot;&quot;,&quot;focal_length&quot;:&quot;0&quot;,&quot;iso&quot;:&quot;0&quot;,&quot;shutter_speed&quot;:&quot;0&quot;,&quot;title&quot;:&quot;&quot;,&quot;orientation&quot;:&quot;0&quot;}\" data-image-title=\"Viena8\" data-image-description=\"\" data-image-caption=\"&lt;p&gt;El primer grupo de zapatista que ha llegado a Viena est\u00e1 integrado mayormente por mujeres, ni\u00f1os y ni\u00f1as.  FOTO: Francisco Noriega&lt;\/p&gt;\n\" data-medium-file=\"https:\/\/www.grieta.org.mx\/wp-content\/uploads\/2021\/09\/Viena8-300x169.jpg\" data-large-file=\"https:\/\/www.grieta.org.mx\/wp-content\/uploads\/2021\/09\/Viena8.jpg\" class=\"size-full wp-image-61704\" src=\"http:\/\/www.grieta.org.mx\/wp-content\/uploads\/2021\/09\/Viena8.jpg\" alt=\"\" width=\"800\" height=\"450\" srcset=\"https:\/\/www.grieta.org.mx\/wp-content\/uploads\/2021\/09\/Viena8.jpg 800w, https:\/\/www.grieta.org.mx\/wp-content\/uploads\/2021\/09\/Viena8-300x169.jpg 300w, https:\/\/www.grieta.org.mx\/wp-content\/uploads\/2021\/09\/Viena8-768x432.jpg 768w\" sizes=\"auto, (max-width: 800px) 100vw, 800px\" \/><figcaption id=\"caption-attachment-61704\" class=\"wp-caption-text\">El primer grupo de zapatista que ha llegado a Viena est\u00e1 integrado mayormente por mujeres, ni\u00f1os y ni\u00f1as. FOTO: Francisco Noriega<\/figcaption><\/figure>\n<p><a href=\"https:\/\/www.elsaltodiario.com\/gira-zapatista\/comienza-gira-zapatista-por-europa-con-llegada-delegacion-170-mujeres-hombres-ninos-y-ninas-zapatistas\" target=\"_blank\" rel=\"noopener\">https:\/\/www.elsaltodiario.com\/gira-zapatista\/comienza-gira-zapatista-por-europa-con-llegada-delegacion-170-mujeres-hombres-ninos-y-ninas-zapatistas<\/a><\/p>\n","protected":false},"excerpt":{"rendered":"<p>Los, las y loas zapatistas empezaron su viaje hace meses. Despu\u00e9s de m\u00faltiples obst\u00e1culos para obtener sus pasaportes as\u00ed como sortear los problemas para acceder a la vacunaci\u00f3n del covid19, &hellip; <a href=\"https:\/\/www.grieta.org.mx\/index.php\/2021\/09\/14\/comienza-la-gira-zapatista-por-europa-con-la-llegada-de-170-mujeres-hombres-ninos-y-ninas-de-pueblos-mayas-de-chiapas\/\" class=\"more-link\">Leer m\u00e1s<\/a><\/p>\n","protected":false},"author":2,"featured_media":61701,"comment_status":"closed","ping_status":"closed","sticky":false,"template":"","format":"standard","meta":{"ngg_post_thumbnail":0,"_jetpack_newsletter_access":"","_jetpack_dont_email_post_to_subs":false,"_jetpack_newsletter_tier_id":0,"_jetpack_memberships_contains_paywalled_content":false,"_jetpack_memberships_contains_paid_content":false,"footnotes":""},"categories":[80,2,2661,3916],"tags":[4004,3950,3934,3995,4019,3917,4018],"class_list":["post-61692","post","type-post","status-publish","format-standard","has-post-thumbnail","hentry","category-cintillo","category-noticias-nacionales","category-redes-de-resistencia-y-rebeldia","category-travesia-por-la-vida","tag-austria","tag-estado-espanol","tag-europa","tag-gira-zapatista","tag-la-extemporanea","tag-travesia-por-la-vida","tag-viena","entry"],"jetpack_featured_media_url":"https:\/\/www.grieta.org.mx\/wp-content\/uploads\/2021\/09\/Viena3.jpg","jetpack_sharing_enabled":true,"jetpack_shortlink":"https:\/\/wp.me\/p7ZJR4-g32","jetpack_likes_enabled":false,"jetpack-related-posts":[{"id":60587,"url":"https:\/\/www.grieta.org.mx\/index.php\/2021\/05\/18\/numerosas-ciudades-europeas-muestran-su-apoyo-a-la-gira-por-la-vida-zapatista\/","url_meta":{"origin":61692,"position":0},"title":"Numerosas ciudades europeas muestran su apoyo a la \u2018Gira por la vida\u2019 Zapatista","author":"grieta","date":"18 mayo, 2021","format":false,"excerpt":"Se han celebrado diversas acciones ante la inminente llegada a Europa del \u201cvirus\u201d de la resistencia y rebeld\u00eda zapatistas. Redacci\u00f3n LA TERCERA Este fin de semana, varias decenas de ciudades europeas se han manifestado de manera simult\u00e1nea en apoyo a la \u2018Gira por la vida\u2019, como han bautizado las comunidades\u2026","rel":"","context":"En &quot;CINTILLO&quot;","block_context":{"text":"CINTILLO","link":"https:\/\/www.grieta.org.mx\/index.php\/category\/cintillo\/"},"img":{"alt_text":"","src":"https:\/\/i0.wp.com\/www.grieta.org.mx\/wp-content\/uploads\/2021\/07\/4096-2731-max..-1-950x0-c-default.jpg?resize=350%2C200&ssl=1","width":350,"height":200,"srcset":"https:\/\/i0.wp.com\/www.grieta.org.mx\/wp-content\/uploads\/2021\/07\/4096-2731-max..-1-950x0-c-default.jpg?resize=350%2C200&ssl=1 1x, https:\/\/i0.wp.com\/www.grieta.org.mx\/wp-content\/uploads\/2021\/07\/4096-2731-max..-1-950x0-c-default.jpg?resize=525%2C300&ssl=1 1.5x, https:\/\/i0.wp.com\/www.grieta.org.mx\/wp-content\/uploads\/2021\/07\/4096-2731-max..-1-950x0-c-default.jpg?resize=700%2C400&ssl=1 2x"},"classes":[]},{"id":61679,"url":"https:\/\/www.grieta.org.mx\/index.php\/2021\/09\/14\/cientos-dan-calurosa-bienvenida-a-delegacion-de-zapatistas-en-el-aeropuerto-de-viena\/","url_meta":{"origin":61692,"position":1},"title":"Cientos dan calurosa bienvenida a delegaci\u00f3n de zapatistas en el aeropuerto de Viena","author":"grieta","date":"14 septiembre, 2021","format":false,"excerpt":"EFE\/ SIN EMBARGO Luego de su llegada al aeropuerto de Viena, centenares de simpatizantes, austr\u00edacos y tambi\u00e9n latinoamericanos residentes en Austria recibieron al escuadr\u00f3n zapatista con banderas, pancartas al aire y lemas zapatistas. Viena, 14 de septiembre (EFE).- Cientos de personas ofrecieron hoy una calurosa bienvenida en el aeropuerto de\u2026","rel":"","context":"En &quot;CINTILLO&quot;","block_context":{"text":"CINTILLO","link":"https:\/\/www.grieta.org.mx\/index.php\/category\/cintillo\/"},"img":{"alt_text":"","src":"https:\/\/i0.wp.com\/www.grieta.org.mx\/wp-content\/uploads\/2021\/09\/escuadron-zapatista.jpg?resize=350%2C200&ssl=1","width":350,"height":200,"srcset":"https:\/\/i0.wp.com\/www.grieta.org.mx\/wp-content\/uploads\/2021\/09\/escuadron-zapatista.jpg?resize=350%2C200&ssl=1 1x, https:\/\/i0.wp.com\/www.grieta.org.mx\/wp-content\/uploads\/2021\/09\/escuadron-zapatista.jpg?resize=525%2C300&ssl=1 1.5x, https:\/\/i0.wp.com\/www.grieta.org.mx\/wp-content\/uploads\/2021\/09\/escuadron-zapatista.jpg?resize=700%2C400&ssl=1 2x, https:\/\/i0.wp.com\/www.grieta.org.mx\/wp-content\/uploads\/2021\/09\/escuadron-zapatista.jpg?resize=1050%2C600&ssl=1 3x"},"classes":[]},{"id":61204,"url":"https:\/\/www.grieta.org.mx\/index.php\/2021\/06\/13\/movilizaciones-en-artea-y-zeberio-para-celebrar-la-llegada-a-europa-de-la-gira-zapatista-euskal-herria-pais-vasco\/","url_meta":{"origin":61692,"position":2},"title":"Movilizaciones en Artea y Zeberio para celebrar la llegada a Europa de la gira zapatista (Euskal Herria\/Pa\u00ecs Vasco)","author":"grieta","date":"13 junio, 2021","format":false,"excerpt":"Este fin de semana se han repetido las movilizaciones en diferentes lugares de Europa para celebrar la llegada de la \u00abGira por la vida\u00bb zapatista al continente. En Euskal Herria se han organizado actos en Zeberio y Artea. En Zeberio han pintado un un mural con motivo de la gira\u2026","rel":"","context":"En &quot;CINTILLO&quot;","block_context":{"text":"CINTILLO","link":"https:\/\/www.grieta.org.mx\/index.php\/category\/cintillo\/"},"img":{"alt_text":"","src":"https:\/\/i0.wp.com\/www.grieta.org.mx\/wp-content\/uploads\/2021\/08\/Zeberio.png?resize=350%2C200&ssl=1","width":350,"height":200,"srcset":"https:\/\/i0.wp.com\/www.grieta.org.mx\/wp-content\/uploads\/2021\/08\/Zeberio.png?resize=350%2C200&ssl=1 1x, https:\/\/i0.wp.com\/www.grieta.org.mx\/wp-content\/uploads\/2021\/08\/Zeberio.png?resize=525%2C300&ssl=1 1.5x, https:\/\/i0.wp.com\/www.grieta.org.mx\/wp-content\/uploads\/2021\/08\/Zeberio.png?resize=700%2C400&ssl=1 2x"},"classes":[]},{"id":61108,"url":"https:\/\/www.grieta.org.mx\/index.php\/2021\/08\/11\/video-del-concierto-bienvenida-gira-zapatista-europea-2021-12-de-agosto-auditorio-pilar-bardem-de-rivas-vaciamadrid-madrid\/","url_meta":{"origin":61692,"position":3},"title":"Video del &#8220;Concierto bienvenida Gira Zapatista Europea 2021&#8221;: 12 de agosto, Auditorio Pilar Bardem de Rivas Vaciamadrid (Madrid)","author":"grieta","date":"11 agosto, 2021","format":false,"excerpt":"LA TERCERA \u00a0 Desde CGT queremos dar la bienvenida a las, los y loas compa\u00f1ero\/as zapatistas, que se encuentran de Gira por Europa, celebrando un concierto el d\u00eda 12 de agosto en Rivas-Vaciamadrid, en el Auditorio Pilar Bardem, a las 18:00 h., la entrada al auditorio ser\u00e1 exclusiva para las\u2026","rel":"","context":"En &quot;CINTILLO&quot;","block_context":{"text":"CINTILLO","link":"https:\/\/www.grieta.org.mx\/index.php\/category\/cintillo\/"},"img":{"alt_text":"","src":"https:\/\/i0.wp.com\/www.grieta.org.mx\/wp-content\/uploads\/2021\/08\/Cartel-concierto-Madrid-12-agosto.jpg?resize=350%2C200&ssl=1","width":350,"height":200,"srcset":"https:\/\/i0.wp.com\/www.grieta.org.mx\/wp-content\/uploads\/2021\/08\/Cartel-concierto-Madrid-12-agosto.jpg?resize=350%2C200&ssl=1 1x, https:\/\/i0.wp.com\/www.grieta.org.mx\/wp-content\/uploads\/2021\/08\/Cartel-concierto-Madrid-12-agosto.jpg?resize=525%2C300&ssl=1 1.5x, https:\/\/i0.wp.com\/www.grieta.org.mx\/wp-content\/uploads\/2021\/08\/Cartel-concierto-Madrid-12-agosto.jpg?resize=700%2C400&ssl=1 2x"},"classes":[]},{"id":61797,"url":"https:\/\/www.grieta.org.mx\/index.php\/2021\/09\/20\/en-euskal-herria-pais-vasco-exigen-la-presentacion-con-vida-de-las-2-autoridades-autonomas-zapatistas-secuestradas-y-se-preparan-para-recibir-a-la-extemporanea\/","url_meta":{"origin":61692,"position":4},"title":"En Euskal Herria (Pa\u00eds Vasco) exigen la presentaci\u00f3n con vida de las 2 autoridades aut\u00f3nomas zapatistas secuestradas y se preparan para recibir a &#8220;La Extempor\u00e1nea&#8221;","author":"grieta","date":"20 septiembre, 2021","format":false,"excerpt":"COLECTIVO GRIETA 18 de septiembre. Reunidos para proseguir con la organizaci\u00f3n y preparativos con miras a recibir a los delegados zapatistas de la compa\u00f1\u00eda \"La Extempor\u00e1nea\", compa\u00f1eros, compa\u00f1eras y colectivos de Guipuzkoa provenientes de Azpeitia, Donosti, Pasaia, Tolosa, Villabona, Irun, Oiartzun, Errenter\u00eda y Hernani, se encontraron en \u00e9sta \u00faltima localidad\u2026","rel":"","context":"En &quot;CINTILLO&quot;","block_context":{"text":"CINTILLO","link":"https:\/\/www.grieta.org.mx\/index.php\/category\/cintillo\/"},"img":{"alt_text":"","src":"https:\/\/i0.wp.com\/www.grieta.org.mx\/wp-content\/uploads\/2021\/09\/E-1-2021-09-18_16-26-07.jpg?resize=350%2C200&ssl=1","width":350,"height":200,"srcset":"https:\/\/i0.wp.com\/www.grieta.org.mx\/wp-content\/uploads\/2021\/09\/E-1-2021-09-18_16-26-07.jpg?resize=350%2C200&ssl=1 1x, https:\/\/i0.wp.com\/www.grieta.org.mx\/wp-content\/uploads\/2021\/09\/E-1-2021-09-18_16-26-07.jpg?resize=525%2C300&ssl=1 1.5x, https:\/\/i0.wp.com\/www.grieta.org.mx\/wp-content\/uploads\/2021\/09\/E-1-2021-09-18_16-26-07.jpg?resize=700%2C400&ssl=1 2x"},"classes":[]},{"id":61740,"url":"https:\/\/www.grieta.org.mx\/index.php\/2021\/09\/17\/inician-protestas-en-europa-para-exigir-la-presentacion-con-vida-de-zapatistas-secuestrados-en-chiapas\/","url_meta":{"origin":61692,"position":5},"title":"Inician protestas en Europa para exigir la presentaci\u00f3n con vida de zapatistas secuestrados en Chiapas","author":"grieta","date":"17 septiembre, 2021","format":false,"excerpt":"POZOL COLECTIVO FOTOS: Compas Arriba y Colectivo de Acci\u00f3n Solidaria 17 de septiembre. Bases de Apoyo del EZLN en Viena se unieron a protesta europea ante la embajada de M\u00e9xico en Austria para exigir la reaparici\u00f3n con vida de dos compa\u00f1eros del Caracol 10 secuestrados por la ORCAO cerca de\u2026","rel":"","context":"En &quot;Alto a la Guerra contra los pueblos zapatistas&quot;","block_context":{"text":"Alto a la Guerra contra los pueblos zapatistas","link":"https:\/\/www.grieta.org.mx\/index.php\/category\/redes-de-resistencia-y-rebeldia\/contra-la-guerra-al-ezln\/"},"img":{"alt_text":"","src":"https:\/\/i0.wp.com\/www.grieta.org.mx\/wp-content\/uploads\/2021\/09\/inbound827260503439738100-660x330-1.jpg?resize=350%2C200&ssl=1","width":350,"height":200,"srcset":"https:\/\/i0.wp.com\/www.grieta.org.mx\/wp-content\/uploads\/2021\/09\/inbound827260503439738100-660x330-1.jpg?resize=350%2C200&ssl=1 1x, https:\/\/i0.wp.com\/www.grieta.org.mx\/wp-content\/uploads\/2021\/09\/inbound827260503439738100-660x330-1.jpg?resize=525%2C300&ssl=1 1.5x"},"classes":[]}],"_links":{"self":[{"href":"https:\/\/www.grieta.org.mx\/index.php\/wp-json\/wp\/v2\/posts\/61692","targetHints":{"allow":["GET"]}}],"collection":[{"href":"https:\/\/www.grieta.org.mx\/index.php\/wp-json\/wp\/v2\/posts"}],"about":[{"href":"https:\/\/www.grieta.org.mx\/index.php\/wp-json\/wp\/v2\/types\/post"}],"author":[{"embeddable":true,"href":"https:\/\/www.grieta.org.mx\/index.php\/wp-json\/wp\/v2\/users\/2"}],"replies":[{"embeddable":true,"href":"https:\/\/www.grieta.org.mx\/index.php\/wp-json\/wp\/v2\/comments?post=61692"}],"version-history":[{"count":1,"href":"https:\/\/www.grieta.org.mx\/index.php\/wp-json\/wp\/v2\/posts\/61692\/revisions"}],"predecessor-version":[{"id":61707,"href":"https:\/\/www.grieta.org.mx\/index.php\/wp-json\/wp\/v2\/posts\/61692\/revisions\/61707"}],"wp:featuredmedia":[{"embeddable":true,"href":"https:\/\/www.grieta.org.mx\/index.php\/wp-json\/wp\/v2\/media\/61701"}],"wp:attachment":[{"href":"https:\/\/www.grieta.org.mx\/index.php\/wp-json\/wp\/v2\/media?parent=61692"}],"wp:term":[{"taxonomy":"category","embeddable":true,"href":"https:\/\/www.grieta.org.mx\/index.php\/wp-json\/wp\/v2\/categories?post=61692"},{"taxonomy":"post_tag","embeddable":true,"href":"https:\/\/www.grieta.org.mx\/index.php\/wp-json\/wp\/v2\/tags?post=61692"}],"curies":[{"name":"wp","href":"https:\/\/api.w.org\/{rel}","templated":true}]}}