{"id":6165,"date":"2015-10-23T17:37:48","date_gmt":"2015-10-23T17:37:48","guid":{"rendered":"http:\/\/50.22.11.12\/~grietaor\/?p=6165"},"modified":"2016-03-28T17:43:20","modified_gmt":"2016-03-28T17:43:20","slug":"invierten-3-mil-200-mdp-para-restauracion-de-vias-ferreas-en-peninsula-de-yucatan","status":"publish","type":"post","link":"https:\/\/www.grieta.org.mx\/index.php\/2015\/10\/23\/invierten-3-mil-200-mdp-para-restauracion-de-vias-ferreas-en-peninsula-de-yucatan\/","title":{"rendered":"Invierten 3 mil 200 mdp para restauraci\u00f3n de v\u00edas f\u00e9rreas en Pen\u00ednsula de Yucat\u00e1n"},"content":{"rendered":"<p>M\u00c9RIDA.- Para restaurar las v\u00edas f\u00e9rreas de la Pen\u00ednsula de Yucat\u00e1n, de San Francisco de Campeche, Campeche, hasta Valladolid, Yucat\u00e1n, se invertir\u00e1n tres mil 200 millones de pesos, para dejarlas en condiciones de operatividad para el transporte de mercanc\u00edas del centro del pa\u00eds a esta zona.<\/p>\n<p>El director General de Ferrocarril del Istmo de Tehuantepec, Gustavo Baca Villanueva, precis\u00f3 que el proyecto tiene como prioridad la rehabilitaci\u00f3n del tramo Campeche-M\u00e9rida, cuyas rieles antes de sustituirlas ten\u00edan 100 a\u00f1os de antig\u00fcedad y su vida \u00fatil est\u00e1 excedida en m\u00e1s de 70 a\u00f1os.<\/p>\n<p>Las nuevas v\u00edas, destac\u00f3, tendr\u00e1n especificaciones de dise\u00f1o que permitir\u00e1n circular hasta 100 kil\u00f3metros por hora, pero para fines comerciales el transporte de mercanc\u00edas de forma eficiente y segura ser\u00e1 a una velocidad de entre 40 y 60 kil\u00f3metros.<\/p>\n<p>El beneficio m\u00e1s representativo ser\u00eda el ahorro en costos de traslado de mercanc\u00edas por ferrocarril en lugar de camiones, lo que permitir\u00e1 a productores y empresas ofrecer bienes y servicios a mejor precios, a favor de la sociedad, anot\u00f3.<\/p>\n<p>Baca Villanueva detall\u00f3 que estas acciones forman parte del Programa Nacional de Infraestructura, en el cual se propuso una inversi\u00f3n de seis mil 58 millones la cual se ejercer\u00e1 gradualmente hasta el 2018 para modernizar las v\u00edas de Chiapas-Mayab, de los cuales tres mil 200 se destinar\u00e1n a mejorar el servicio ferroviario en la Pen\u00ednsula de Yucat\u00e1n.<\/p>\n<p>Este proyecto, asegur\u00f3, permitir\u00e1 mayor conectividad y competitividad al estado, ya que por este medio se acceder\u00e1n a nuevos mercados con sus mercanc\u00edas y traer insumos, y ser\u00e1 un gran detonante para las industrias yucatecas.<\/p>\n<p>Con la rehabilitaci\u00f3n, las v\u00edas tienen una mayor fortaleza para el tr\u00e1fico de trenes y mayor velocidad, pues antes se mov\u00eda 120 toneladas de carga bruta por carro pero la meta es llegar 130 toneladas, apunt\u00f3<\/p>\n<p><a href=\"http:\/\/www.elfinanciero.com.mx\/economia\/inversion-de-mil-200-mdp-para-restauracion-de-vias-ferreas-en-peninsula-de-yucatan.html\" target=\"_blank\">www.elfinanciero.com.mx\/economia\/inversion-de-mil-200-mdp-para-restauracion-de-vias-ferreas-en-peninsula-de-yucatan.html<\/a><\/p>\n","protected":false},"excerpt":{"rendered":"<p>M\u00c9RIDA.- Para restaurar las v\u00edas f\u00e9rreas de la Pen\u00ednsula de Yucat\u00e1n, de San Francisco de Campeche, Campeche, hasta Valladolid, Yucat\u00e1n, se invertir\u00e1n tres mil 200 millones de pesos, para dejarlas &hellip; <a href=\"https:\/\/www.grieta.org.mx\/index.php\/2015\/10\/23\/invierten-3-mil-200-mdp-para-restauracion-de-vias-ferreas-en-peninsula-de-yucatan\/\" class=\"more-link\">Leer m\u00e1s<\/a><\/p>\n","protected":false},"author":2,"featured_media":21928,"comment_status":"closed","ping_status":"open","sticky":false,"template":"","format":"standard","meta":{"ngg_post_thumbnail":0,"_jetpack_newsletter_access":"","_jetpack_dont_email_post_to_subs":false,"_jetpack_newsletter_tier_id":0,"_jetpack_memberships_contains_paywalled_content":false,"_jetpack_memberships_contains_paid_content":false,"footnotes":""},"categories":[80,153],"tags":[97],"class_list":["post-6165","post","type-post","status-publish","format-standard","has-post-thumbnail","hentry","category-cintillo","category-yucatan","tag-comunicaciones-y-transportes","entry"],"jetpack_featured_media_url":"https:\/\/www.grieta.org.mx\/wp-content\/uploads\/2018\/03\/14524434_1106112876131411_958039263622046936_o.jpg","jetpack_sharing_enabled":true,"jetpack_shortlink":"https:\/\/wp.me\/p7ZJR4-1Br","jetpack_likes_enabled":false,"jetpack-related-posts":[{"id":6166,"url":"https:\/\/www.grieta.org.mx\/index.php\/2015\/10\/23\/inversion-millonaria-en-vias-ferreas-para-transporte-de-mercancias-en-yucatan\/","url_meta":{"origin":6165,"position":0},"title":"Inversi\u00f3n millonaria en v\u00edas f\u00e9rreas para transporte de mercanc\u00edas en Yucat\u00e1n","author":"grieta","date":"23 octubre, 2015","format":false,"excerpt":"23\/10\/15. Invierten 3 mil 200 mdp para restauraci\u00f3n de v\u00edas f\u00e9rreas en Pen\u00ednsula de Yucat\u00e1n El Financiero","rel":"","context":"En &quot;Comunicaciones y transportes&quot;","block_context":{"text":"Comunicaciones y transportes","link":"https:\/\/www.grieta.org.mx\/index.php\/category\/megaproyectos\/comunicaciones-y-transportes\/"},"img":{"alt_text":"","src":"https:\/\/i0.wp.com\/www.grieta.org.mx\/wp-content\/uploads\/2018\/03\/14524434_1106112876131411_958039263622046936_o.jpg?resize=350%2C200&ssl=1","width":350,"height":200,"srcset":"https:\/\/i0.wp.com\/www.grieta.org.mx\/wp-content\/uploads\/2018\/03\/14524434_1106112876131411_958039263622046936_o.jpg?resize=350%2C200&ssl=1 1x, https:\/\/i0.wp.com\/www.grieta.org.mx\/wp-content\/uploads\/2018\/03\/14524434_1106112876131411_958039263622046936_o.jpg?resize=525%2C300&ssl=1 1.5x, https:\/\/i0.wp.com\/www.grieta.org.mx\/wp-content\/uploads\/2018\/03\/14524434_1106112876131411_958039263622046936_o.jpg?resize=700%2C400&ssl=1 2x"},"classes":[]},{"id":47874,"url":"https:\/\/www.grieta.org.mx\/index.php\/2020\/04\/13\/las-vias-torcidas-del-tren-maya-video\/","url_meta":{"origin":6165,"position":1},"title":"Las v\u00edas torcidas del tren maya (Video)","author":"grieta","date":"13 abril, 2020","format":false,"excerpt":"https:\/\/www.youtube.com\/watch?v=k8FRX9eT0YY","rel":"","context":"En &quot;16. Pueblo Maya&quot;","block_context":{"text":"16. Pueblo Maya","link":"https:\/\/www.grieta.org.mx\/index.php\/category\/espejos-de-la-resistencia\/16-pueblo-maya\/"},"img":{"alt_text":"","src":"https:\/\/i0.wp.com\/www.grieta.org.mx\/wp-content\/uploads\/2020\/04\/ViasTorcidasTrenMaya.png?resize=350%2C200&ssl=1","width":350,"height":200,"srcset":"https:\/\/i0.wp.com\/www.grieta.org.mx\/wp-content\/uploads\/2020\/04\/ViasTorcidasTrenMaya.png?resize=350%2C200&ssl=1 1x, https:\/\/i0.wp.com\/www.grieta.org.mx\/wp-content\/uploads\/2020\/04\/ViasTorcidasTrenMaya.png?resize=525%2C300&ssl=1 1.5x, https:\/\/i0.wp.com\/www.grieta.org.mx\/wp-content\/uploads\/2020\/04\/ViasTorcidasTrenMaya.png?resize=700%2C400&ssl=1 2x"},"classes":[]},{"id":56895,"url":"https:\/\/www.grieta.org.mx\/index.php\/2021\/02\/08\/confirman-suspension-para-ejecutar-obras-de-tren-maya-en-yucatan\/","url_meta":{"origin":6165,"position":2},"title":"Confirman suspensi\u00f3n para ejecutar obras de Tren Maya en Yucat\u00e1n","author":"grieta","date":"8 febrero, 2021","format":false,"excerpt":"V\u00edctor Fuentes \/ Criterio Hidalgo Un tribunal federal confirm\u00f3 una suspensi\u00f3n provisional que impide ejecutar obras nuevas para el Tren Maya en los municipios de M\u00e9rida, Izamal y Chochol\u00e1, todos en Yucat\u00e1n, al menos hasta el pr\u00f3ximo 19 de febrero. El Tribunal Colegiado en Materias del Trabajo y Administrativa, con\u2026","rel":"","context":"En &quot;Campeche&quot;","block_context":{"text":"Campeche","link":"https:\/\/www.grieta.org.mx\/index.php\/category\/noticias-nacionales\/campeche\/"},"img":{"alt_text":"","src":"https:\/\/i0.wp.com\/www.grieta.org.mx\/wp-content\/uploads\/2021\/02\/ConfirmanSuspension.png?resize=350%2C200&ssl=1","width":350,"height":200,"srcset":"https:\/\/i0.wp.com\/www.grieta.org.mx\/wp-content\/uploads\/2021\/02\/ConfirmanSuspension.png?resize=350%2C200&ssl=1 1x, https:\/\/i0.wp.com\/www.grieta.org.mx\/wp-content\/uploads\/2021\/02\/ConfirmanSuspension.png?resize=525%2C300&ssl=1 1.5x, https:\/\/i0.wp.com\/www.grieta.org.mx\/wp-content\/uploads\/2021\/02\/ConfirmanSuspension.png?resize=700%2C400&ssl=1 2x"},"classes":[]},{"id":53770,"url":"https:\/\/www.grieta.org.mx\/index.php\/2020\/09\/22\/tal-como-advirtieron-arqueologos-tren-maya-podria-danar-vestigios-y-zonas-arqueologicas-detienen-obras-en-campeche-por-hallazgo\/","url_meta":{"origin":6165,"position":3},"title":"Tal como advirtieron arque\u00f3logos, Tren Maya podr\u00eda da\u00f1ar vestigios y zonas arqueol\u00f3gicas; detienen obras en Campeche por hallazgo","author":"grieta","date":"22 septiembre, 2020","format":false,"excerpt":"Itzel Chan \/ Noticaribe M\u00c9RIDA, MX.- Tal como han expuesto m\u00e1s de 100 arque\u00f3logos, acad\u00e9micos e investigadores de M\u00e9xico, Brasil, Canad\u00e1, Estados Unidos y otros pa\u00edses sobre el riesgo que existe de que el Tren Maya podr\u00eda destruir algunos monumentos arqueol\u00f3gicos, recientemente fueron canceladas las obras en Campeche, debido a\u2026","rel":"","context":"En &quot;Campeche&quot;","block_context":{"text":"Campeche","link":"https:\/\/www.grieta.org.mx\/index.php\/category\/noticias-nacionales\/campeche\/"},"img":{"alt_text":"","src":"https:\/\/i0.wp.com\/www.grieta.org.mx\/wp-content\/uploads\/2020\/09\/TrenViasCampeche-e1600970198628.png?resize=350%2C200&ssl=1","width":350,"height":200,"srcset":"https:\/\/i0.wp.com\/www.grieta.org.mx\/wp-content\/uploads\/2020\/09\/TrenViasCampeche-e1600970198628.png?resize=350%2C200&ssl=1 1x, https:\/\/i0.wp.com\/www.grieta.org.mx\/wp-content\/uploads\/2020\/09\/TrenViasCampeche-e1600970198628.png?resize=525%2C300&ssl=1 1.5x, https:\/\/i0.wp.com\/www.grieta.org.mx\/wp-content\/uploads\/2020\/09\/TrenViasCampeche-e1600970198628.png?resize=700%2C400&ssl=1 2x"},"classes":[]},{"id":68957,"url":"https:\/\/www.grieta.org.mx\/index.php\/2024\/05\/14\/en-cuatro-anos-se-han-perdido-285-mil-hectareas-de-selva-en-la-peninsula-campeche-quintana-roo-yucatan\/","url_meta":{"origin":6165,"position":4},"title":"En cuatro a\u00f1os, se han perdido 285 mil hect\u00e1reas de selva en la Pen\u00ednsula (Campeche, Quintana Roo, Yucat\u00e1n)","author":"grieta","date":"14 mayo, 2024","format":false,"excerpt":"Itzel Chan \/ Haz Ruido La zona tiene una tasa anual de p\u00e9rdida de 0.4% y es la m\u00e1s alta en las \u00faltimas d\u00e9cadas, incluso por encima de la media nacional que es de 0.1%. M\u00e9rida, Yucat\u00e1n, 14 de mayo de 2024.- Cada d\u00eda, entre Campeche, Quintana Roo y Yucat\u00e1n\u2026","rel":"","context":"En &quot;Agroindustria&quot;","block_context":{"text":"Agroindustria","link":"https:\/\/www.grieta.org.mx\/index.php\/category\/megaproyectos\/agroindustria\/"},"img":{"alt_text":"","src":"https:\/\/i0.wp.com\/www.grieta.org.mx\/wp-content\/uploads\/2024\/05\/Deforestacion-e1716423920624.jpg?resize=350%2C200&ssl=1","width":350,"height":200,"srcset":"https:\/\/i0.wp.com\/www.grieta.org.mx\/wp-content\/uploads\/2024\/05\/Deforestacion-e1716423920624.jpg?resize=350%2C200&ssl=1 1x, https:\/\/i0.wp.com\/www.grieta.org.mx\/wp-content\/uploads\/2024\/05\/Deforestacion-e1716423920624.jpg?resize=525%2C300&ssl=1 1.5x, https:\/\/i0.wp.com\/www.grieta.org.mx\/wp-content\/uploads\/2024\/05\/Deforestacion-e1716423920624.jpg?resize=700%2C400&ssl=1 2x"},"classes":[]},{"id":38955,"url":"https:\/\/www.grieta.org.mx\/index.php\/2019\/09\/08\/familias-de-campeche-rechazan-reubicacion-por-tren-maya\/","url_meta":{"origin":6165,"position":5},"title":"Familias de Campeche rechazan reubicaci\u00f3n por Tren Maya","author":"grieta","date":"8 septiembre, 2019","format":false,"excerpt":"Jairo Maga\u00f1a\/Foto: Notimex\/La Jornada Maya San Francisco de Campeche.- Con el estandarte que respetar\u00e1n el espacio y el derecho de los pobladores campechanos que tengan sus viviendas cerca de las v\u00edas f\u00e9rreas que ser\u00e1n utilizadas para el Tren Maya, el enlace federal para el tramo Esc\u00e1rcega-Calkin\u00ed del Tren, Xavier Garc\u00eda\u2026","rel":"","context":"En &quot;Campeche&quot;","block_context":{"text":"Campeche","link":"https:\/\/www.grieta.org.mx\/index.php\/category\/noticias-nacionales\/campeche\/"},"img":{"alt_text":"","src":"https:\/\/i0.wp.com\/www.grieta.org.mx\/wp-content\/uploads\/2019\/09\/TrenMallaCampeche-e1568000158428.png?resize=350%2C200&ssl=1","width":350,"height":200,"srcset":"https:\/\/i0.wp.com\/www.grieta.org.mx\/wp-content\/uploads\/2019\/09\/TrenMallaCampeche-e1568000158428.png?resize=350%2C200&ssl=1 1x, https:\/\/i0.wp.com\/www.grieta.org.mx\/wp-content\/uploads\/2019\/09\/TrenMallaCampeche-e1568000158428.png?resize=525%2C300&ssl=1 1.5x, https:\/\/i0.wp.com\/www.grieta.org.mx\/wp-content\/uploads\/2019\/09\/TrenMallaCampeche-e1568000158428.png?resize=700%2C400&ssl=1 2x"},"classes":[]}],"_links":{"self":[{"href":"https:\/\/www.grieta.org.mx\/index.php\/wp-json\/wp\/v2\/posts\/6165","targetHints":{"allow":["GET"]}}],"collection":[{"href":"https:\/\/www.grieta.org.mx\/index.php\/wp-json\/wp\/v2\/posts"}],"about":[{"href":"https:\/\/www.grieta.org.mx\/index.php\/wp-json\/wp\/v2\/types\/post"}],"author":[{"embeddable":true,"href":"https:\/\/www.grieta.org.mx\/index.php\/wp-json\/wp\/v2\/users\/2"}],"replies":[{"embeddable":true,"href":"https:\/\/www.grieta.org.mx\/index.php\/wp-json\/wp\/v2\/comments?post=6165"}],"version-history":[{"count":1,"href":"https:\/\/www.grieta.org.mx\/index.php\/wp-json\/wp\/v2\/posts\/6165\/revisions"}],"predecessor-version":[{"id":6167,"href":"https:\/\/www.grieta.org.mx\/index.php\/wp-json\/wp\/v2\/posts\/6165\/revisions\/6167"}],"wp:featuredmedia":[{"embeddable":true,"href":"https:\/\/www.grieta.org.mx\/index.php\/wp-json\/wp\/v2\/media\/21928"}],"wp:attachment":[{"href":"https:\/\/www.grieta.org.mx\/index.php\/wp-json\/wp\/v2\/media?parent=6165"}],"wp:term":[{"taxonomy":"category","embeddable":true,"href":"https:\/\/www.grieta.org.mx\/index.php\/wp-json\/wp\/v2\/categories?post=6165"},{"taxonomy":"post_tag","embeddable":true,"href":"https:\/\/www.grieta.org.mx\/index.php\/wp-json\/wp\/v2\/tags?post=6165"}],"curies":[{"name":"wp","href":"https:\/\/api.w.org\/{rel}","templated":true}]}}