{"id":61572,"date":"2021-09-10T14:39:08","date_gmt":"2021-09-10T19:39:08","guid":{"rendered":"http:\/\/www.grieta.org.mx\/?p=61572"},"modified":"2021-09-10T14:40:04","modified_gmt":"2021-09-10T19:40:04","slug":"comando-palomitas","status":"publish","type":"post","link":"https:\/\/www.grieta.org.mx\/index.php\/2021\/09\/10\/comando-palomitas\/","title":{"rendered":"Comando Palomitas."},"content":{"rendered":"<p>Septiembre del 2021.<\/p>\n<p>&nbsp; Yo no lo s\u00e9 de cierto, pero la leyenda ubica la gestaci\u00f3n de esta unidad de \u00e9lite del ezetaelene hace algunas lunas.<\/p>\n<p>&nbsp; Aunque la comandancia general zapatista ha negado una y otra vez su existencia, y clasifica esas maledicencias en la carpeta de \u201cMitos Geniales y No\u201d (junto con las leyendas del Sombrer\u00f3n, la Xpakint\u00e9 y las recetas gastron\u00f3micas del finado SupMarcos), los rumores ubican el nacimiento del ahora famoso <strong><em>Comando Palomitas<\/em><\/strong> en el Caracol de Tulan Kaw, a finales del a\u00f1o del 2019.<\/p>\n<p>&nbsp; Seg\u00fan esto, el autodenominado SupGaleano hab\u00eda acaparado todo el ma\u00edz palomero del suroriental estado mexicano de Chiapas.&nbsp; Y, aunque el susodicho aleg\u00f3 despu\u00e9s que su plan era sabotear las grandes cadenas de cine y obligarlas a reducir el precio de tan preciado art\u00edculo -as\u00ed como que se prohibieran las absurdas variaciones que ofrecen palomitas con sabor a frituras rancias-, investigaciones posteriores abundaron en la hip\u00f3tesis planteada por el fiscal (un ser extraordinariamente parecido a un escarabajo), quien en el juicio plante\u00f3 el m\u00f3vil del crimen: el SupGaleano quer\u00eda atascarse de palomitas \u00e9l solo.&nbsp; La s\u00fabita e incomprensible escasez de salsa picante aumentaba las sospechas.<\/p>\n<p>&nbsp; El fiscal llamado Don Durito \u2013que se vest\u00eda como el Fiscal de Hierro de los hermanos Almohada (no confundir con los Almada, \u00e9sos son otros)-, despleg\u00f3 una brillante pieza de oratoria llena de referencias cinematogr\u00e1ficas que, hay que reconocerlo, a ratos recordaban a Al Pacino, a Tom Cruise, a John Travolta, y a Matthew McConaughey (<em>cfr<\/em>. las pel\u00edculas de estos actores y tem\u00e1tica de jurisprudencia).&nbsp; El acusado, fungiendo como su propio abogado, no fue menos y, adem\u00e1s, agreg\u00f3 referencias al arte dram\u00e1tico.&nbsp; Estaba el susodicho argumentando como <em>Shui Ta <\/em>\/ <em>Shen Te<\/em> frente a los dioses <strong>(\u201cLa Honesta Persona de Sechuan\u201d. Bertold Brecht<\/strong>), cuando lleg\u00f3 la hora del pozol y el jurado en pleno se ausent\u00f3.<\/p>\n<p>&nbsp; Viendo que no se har\u00eda justicia y el malvado SupGaleano se saldr\u00eda con la suya, la banda de Defensa Zapatista, con la colaboraci\u00f3n del Gato-Perro, tom\u00f3 por asalto la champa del SupGaleano y \u201cexpropi\u00f3\u201d no s\u00f3lo varios costales de ma\u00edz palomero, tambi\u00e9n no pocos cartones de salsa picante.&nbsp; El amado Amado hac\u00eda entonces sus primeras incursiones en la banda de Defensa Zapatista (aunque ya hab\u00eda debutado en Oventik en 2018, en el primer festival de cine, cuando le rob\u00f3 c\u00e1mara a Gael Garc\u00eda Bernal), as\u00ed que form\u00f3, con su amigo Chinto, una especie de sucursal de la horda de Defensa Zapatista.<\/p>\n<p>&nbsp; En la nueva pandilla se auto reclut\u00f3 la Ver\u00f3nica, hermanita del Amado y de quien se dice es el \u201cala radical\u201d del Comando (suele llevar tatuajes hasta en los labios cuando le toca el caramelo agridulce que los contiene).&nbsp; El Chuy y la Cintia fueron reclutados despu\u00e9s.&nbsp; Durante un tiempo, la Esperanza dirigi\u00f3 a la tropa, pero no tard\u00f3 en incorporarse, junto con Defensa, al equipo de f\u00fatbol femenil de las milicianas.&nbsp; Entonces el amado Amado qued\u00f3 como mando.<\/p>\n<p><strong>-*-<\/strong><\/p>\n<p>&nbsp; Corr\u00edan los meses de abril y mayo.&nbsp; La unidad que despu\u00e9s ser\u00eda bautizada como \u201cLa Extempor\u00e1nea\u201d, se preparaba por centenares en el Semillero \u201cComandanta Ramona\u201d.<\/p>\n<p>&nbsp; El SupGaleano recibi\u00f3 entonces la orden de evitar que los ni\u00f1os molestaran a sus <em>mamaces<\/em> mientras tomaban el curso de Escucha y Palabra.&nbsp; El susodicho enfrent\u00f3 ese nuevo reto organizativo y dise\u00f1\u00f3 una reforma a la inexistente ley org\u00e1nica del ezetaelene.&nbsp; Su objetivo: darles una estructura militar e instruirles en el dif\u00edcil arte del sabotaje, la destrucci\u00f3n indiscriminada y los chillidos coordinados y secuenciados.<\/p>\n<p>&nbsp; Les llam\u00f3 y, con voz marcial, as\u00ed les dijo: \u201c<em>Ya escucharon que el SubMoy explic\u00f3 que hay que estar organizados.&nbsp; Entonces tienen que entender que hasta para hacer travesuras hay que organizarse.&nbsp; Desde ahora son una unidad militar y quien no obedezca las \u00f3rdenes sufrir\u00e1 el castigo de que le cortemos la cabeza con un machete, sin filo para que tarde, y oxidado para que se infecte y tienen que inyectar<\/em>\u201d.<\/p>\n<p>&nbsp; Sobra decir que la amenaza no surti\u00f3 el efecto deseado.&nbsp; La Cintia \u201cbarri\u00f3\u201d al Sup de arriba a abajo con la mirada y se dio media vuelta.&nbsp; El Chuy pregunt\u00f3 si iba a buscar un machete.&nbsp; El Chinto pareci\u00f3 evaluar los riesgos.&nbsp; El amado Amado se subi\u00f3 el cuello de la camisa y la Ver\u00f3nica decidi\u00f3 que era un buen momento para chillar a todo pulm\u00f3n.&nbsp; En <strong><em>cho\u00b4ol<\/em><\/strong>, otra vez.<\/p>\n<p>&nbsp; Nuestro h\u00e9roe (ojo: yo soy \u201cnuestro h\u00e9roe\u201d) no se desanim\u00f3 frente a ese contratiempo y, haciendo alarde de sus amplios conocimientos en psicolog\u00eda, lleg\u00f3 con una cubeta de 20 litros, llena de palomitas.&nbsp; La banda se congreg\u00f3 y presionaron al SupGaleano con el cl\u00e1sico \u201ctienes que compartir\u201d.&nbsp; Pero el Sup s\u00f3lo respondi\u00f3: \u201cno puedo, es s\u00f3lo para comandos\u201d.&nbsp; Tod@s se dieron de alta inmediatamente.&nbsp; Ese fue el nacimiento oficial del Comando Palomitas como tal.<\/p>\n<p>&nbsp; El Sup, previsor, ten\u00eda unos ositos de peluche y unas poderosas pistolas de agua.&nbsp; Les dio a elegir.&nbsp; El Amado y el Chinto eligieron pistolas de agua; la Cintia tom\u00f3 el osito de peluche que, adem\u00e1s, era de su estatura; el Chuy \u2013como ya es su costumbre-, escogi\u00f3 un caballito de pl\u00e1stico que, dicho sea de paso, no estaba contemplado en la repartici\u00f3n.<\/p>\n<p>&nbsp; Cuando todos esperaban que la Ver\u00f3nica eligiera el otro osito de peluche, lo rechaz\u00f3, tom\u00f3 una de las pistolas de agua, fue y le quit\u00f3 al Chuy su caballito despu\u00e9s de mojarlo (a la Cintia no le pudo quitar el oso de peluche porque ya lo hab\u00eda guardado \u201cpara que no se mojara\u201d), y atac\u00f3 al Amado y al Chinto.&nbsp; Empapada en el fragor de la batalla, la Ver\u00f3nica fue con su mam\u00e1 a que la cambiara, pero no hubo reposo y se lanz\u00f3 contra los pinches hombres \u2013que se hab\u00edan quedado sin parque, o sea sin agua-, y los derrot\u00f3 en una acci\u00f3n fulminante, misma que fue aplaudida por la Defensa y la Esperanza en lo que llamaron \u201cvictoria de g\u00e9nero\u201d.&nbsp; Nuestro h\u00e9roe vio el potencial b\u00e9lico de la Ver\u00f3nica y le dio un rifle <em>lanzaglobos<\/em> de agua (de \u00faltima generaci\u00f3n).<\/p>\n<p>&nbsp; Como dice el sabio proverbio -que invent\u00f3 nuestro h\u00e9roe en ese momento-: \u201c<em>no s\u00f3lo de palomitas se vive, tambi\u00e9n hay paletas y dulces de chamoy<\/em>\u201d; se surti\u00f3 al Comando de toda clase de elementos para su f\u00e9rrea formaci\u00f3n.&nbsp; Fue as\u00ed como llegaron unos caramelos agridulces que ten\u00edan de regalo unas calcoman\u00edas tipo tatuaje.&nbsp; La Ver\u00f3nica fue la \u00fanica que se los puso sin titubear.&nbsp; Y, claro, tambi\u00e9n la \u00fanica que, por lamer la calcoman\u00eda porque ten\u00eda un poco de polvo de chamoy, se tatu\u00f3 la lengua.&nbsp; Fue as\u00ed como la Ver\u00f3nica, a sus tres a\u00f1os, obtuvo, adem\u00e1s del cho\u00b4ol y la castilla, la lengua chino-japonesa-coreana.<\/p>\n<p>&nbsp; El temible Comando Palomitas est\u00e1 integrado actualmente por el amado Amado (10 a\u00f1os y responsable del comando), el Chinto (10 a\u00f1os y coordinador operativo), la Cintia (3 a\u00f1os y la doctora del grupo), el Chuy (3 a\u00f1os, demoliciones controladas) y la Ver\u00f3nica (3 a\u00f1os, demoliciones sin control alguno).<\/p>\n<p><a href=\"http:\/\/www.grieta.org.mx\/wp-content\/uploads\/2021\/09\/cp01.jpeg\"><img loading=\"lazy\" decoding=\"async\" data-attachment-id=\"61573\" data-permalink=\"https:\/\/www.grieta.org.mx\/index.php\/2021\/09\/10\/comando-palomitas\/cp01\/\" data-orig-file=\"https:\/\/www.grieta.org.mx\/wp-content\/uploads\/2021\/09\/cp01.jpeg\" data-orig-size=\"980,678\" data-comments-opened=\"0\" data-image-meta=\"{&quot;aperture&quot;:&quot;0&quot;,&quot;credit&quot;:&quot;&quot;,&quot;camera&quot;:&quot;&quot;,&quot;caption&quot;:&quot;&quot;,&quot;created_timestamp&quot;:&quot;0&quot;,&quot;copyright&quot;:&quot;&quot;,&quot;focal_length&quot;:&quot;0&quot;,&quot;iso&quot;:&quot;0&quot;,&quot;shutter_speed&quot;:&quot;0&quot;,&quot;title&quot;:&quot;&quot;,&quot;orientation&quot;:&quot;0&quot;}\" data-image-title=\"cp01\" data-image-description=\"\" data-image-caption=\"\" data-medium-file=\"https:\/\/www.grieta.org.mx\/wp-content\/uploads\/2021\/09\/cp01-300x208.jpeg\" data-large-file=\"https:\/\/www.grieta.org.mx\/wp-content\/uploads\/2021\/09\/cp01.jpeg\" class=\"aligncenter size-full wp-image-61573\" src=\"http:\/\/www.grieta.org.mx\/wp-content\/uploads\/2021\/09\/cp01.jpeg\" alt=\"\" width=\"980\" height=\"678\" srcset=\"https:\/\/www.grieta.org.mx\/wp-content\/uploads\/2021\/09\/cp01.jpeg 980w, https:\/\/www.grieta.org.mx\/wp-content\/uploads\/2021\/09\/cp01-300x208.jpeg 300w, https:\/\/www.grieta.org.mx\/wp-content\/uploads\/2021\/09\/cp01-768x531.jpeg 768w\" sizes=\"auto, (max-width: 980px) 100vw, 980px\" \/><\/a><\/p>\n<p><strong>-*-<\/strong><\/p>\n<p>&nbsp; El primer operativo del CP fue en la despedida del Escuadr\u00f3n 421.&nbsp; Mientras las bases de apoyo gritaban vivas al Escuadr\u00f3n y el concejo de ancianos proteg\u00eda con el humo de copal a los futuros marineros, el CP se dedicaba a gritar consignas absurdas, incitado por un individuo de dudosa reputaci\u00f3n, como \u201c\u00a1Queremos palomitas!\u201d, \u201c\u00a1Luchamos por palomitas!\u201d, \u201c\u00a1Para todos, todo. Para nosotros las palomitas!\u201d.<\/p>\n<p>&nbsp; Por supuesto que hubo quejas y hasta una acusaci\u00f3n formal, pero la Ver\u00f3nica empez\u00f3 a llorar en <strong><em>ch\u00b4ol<\/em><\/strong> y el SubMois\u00e9s se desesper\u00f3 y dijo \u201cya callen a esa ni\u00f1a\u201d.&nbsp; El SupGaleano, haciendo alarde de sus maestr\u00edas y doctorados en pedagog\u00eda infantil, present\u00f3 dos opciones: o coserle los labios a la chiquilla o darle palomitas -porque con la boca llena de palomitas no podr\u00eda chillar-.&nbsp; Como no encontraron hilo y aguja, le dieron una bolsa de palomitas.&nbsp; El llanto ces\u00f3 inmediatamente.&nbsp; Pero, oh sorpresa, al darse cuenta del resultado, el resto de la banda empez\u00f3 a llorar tambi\u00e9n.&nbsp; Conclusi\u00f3n: la subteniente Angelina tuvo que hacer palomitas para darles a todos.<\/p>\n<p>&nbsp; La historia de los <em>moto<\/em>\u2013<em>sierristas<\/em> es parecida.&nbsp; Cuando los ni\u00f1os vieron a los insurgentes cortar las maderas para labrar los cayucos, empezaron a jugar a la moto-sierra con unas tablas.&nbsp; Es decir, la tabla era la moto-sierra.&nbsp; Su optimismo era elogiable: con la tabla-moto-sierra pretend\u00edan derribar los postes de metal de los tableros de baloncesto.&nbsp; Pero, cuando empezaron a \u201cjugar\u201d a ver qui\u00e9n aserraba al otro, el SupGaleano se dio cuenta, con profunda satisfacci\u00f3n, que la banda podr\u00eda enfrentar con \u00e9xito un apocalipsis zombi.<\/p>\n<p><a href=\"http:\/\/www.grieta.org.mx\/wp-content\/uploads\/2021\/09\/cp02.jpeg\"><img loading=\"lazy\" decoding=\"async\" data-attachment-id=\"61574\" data-permalink=\"https:\/\/www.grieta.org.mx\/index.php\/2021\/09\/10\/comando-palomitas\/cp02\/\" data-orig-file=\"https:\/\/www.grieta.org.mx\/wp-content\/uploads\/2021\/09\/cp02.jpeg\" data-orig-size=\"819,702\" data-comments-opened=\"0\" data-image-meta=\"{&quot;aperture&quot;:&quot;0&quot;,&quot;credit&quot;:&quot;&quot;,&quot;camera&quot;:&quot;&quot;,&quot;caption&quot;:&quot;&quot;,&quot;created_timestamp&quot;:&quot;0&quot;,&quot;copyright&quot;:&quot;&quot;,&quot;focal_length&quot;:&quot;0&quot;,&quot;iso&quot;:&quot;0&quot;,&quot;shutter_speed&quot;:&quot;0&quot;,&quot;title&quot;:&quot;&quot;,&quot;orientation&quot;:&quot;0&quot;}\" data-image-title=\"cp02\" data-image-description=\"\" data-image-caption=\"\" data-medium-file=\"https:\/\/www.grieta.org.mx\/wp-content\/uploads\/2021\/09\/cp02-300x257.jpeg\" data-large-file=\"https:\/\/www.grieta.org.mx\/wp-content\/uploads\/2021\/09\/cp02.jpeg\" class=\"aligncenter size-full wp-image-61574\" src=\"http:\/\/www.grieta.org.mx\/wp-content\/uploads\/2021\/09\/cp02.jpeg\" alt=\"\" width=\"819\" height=\"702\" srcset=\"https:\/\/www.grieta.org.mx\/wp-content\/uploads\/2021\/09\/cp02.jpeg 819w, https:\/\/www.grieta.org.mx\/wp-content\/uploads\/2021\/09\/cp02-300x257.jpeg 300w, https:\/\/www.grieta.org.mx\/wp-content\/uploads\/2021\/09\/cp02-768x658.jpeg 768w\" sizes=\"auto, (max-width: 819px) 100vw, 819px\" \/><\/a><\/p>\n<p>&nbsp; Cuando el amado Amado se lastim\u00f3 el pie con un clavo, la Ver\u00f3nica pens\u00f3 que era buena idea \u201ccurarle\u201d el pie y pidi\u00f3 ayuda con el Chuy.&nbsp; Con sendas tablas intentaron aserrarle el pie al Amado.&nbsp; Fue ah\u00ed donde la Cintia le inform\u00f3 al SupGaleano que el Amado \u201cse clav\u00f3 un clavito\u201d.&nbsp; El Sup le aconsej\u00f3 que, para ver si era cierto, le dijera que lo iba a inyectar.&nbsp; Si el Amado corr\u00eda, quer\u00eda decir que se estaba haciendo pato y no estaba mal herido.&nbsp; Fue la Cintia y al poco rato regres\u00f3 e inform\u00f3: el Amado segu\u00eda postrado (ojo <em>centennials<\/em> \u2013o como se diga-, dijo \u201cpostrado\u201d).&nbsp; El Sup puso su mejor cara de <em>Doctor House<\/em> y dijo \u201cEs grave, hay que operar\u201d.&nbsp; Y le aconsej\u00f3 a la Cintia que le cortara los pies\u2026 y la cabeza porque \u201cqu\u00e9 tal y duele su cabeza\u201d.&nbsp; La Cintia estuvo de acuerdo.&nbsp; La historia hubiera culminado con un triunfo de la ciencia m\u00e9dica, con una cirug\u00eda mayor ejecutada a 4 manos y dos tablas en modo <em>moto-sierras<\/em>, si no es porque llegaron los promotores de salud y se llevaron al Amado a la cl\u00ednica en una camilla, le pusieron vendas y no s\u00e9 qu\u00e9 ung\u00fcentos.<\/p>\n<p>&nbsp; Pero, ante la frustraci\u00f3n, la Cintia no se arredr\u00f3 y eligi\u00f3 ser la doctora del Comando.&nbsp; Como el Sup no consigui\u00f3 un equipo de doctora de juguete y s\u00f3lo encontr\u00f3 uno de veterinaria, con \u00e9se la Cintia se present\u00f3 como la m\u00e9dica de la tropa.<\/p>\n<p>&nbsp; Viendo la loable vocaci\u00f3n por la demolici\u00f3n de la Ver\u00f3nica y el Chuy, se les consiguieron dos moto sierras de pl\u00e1stico y un estuche de mec\u00e1nico, con taladro, pinzas, segueta, c\u00fater, desarmador, martillo y llave perica (todo de pl\u00e1stico), que ten\u00edan la ventaja de poder usarse, tanto para las operaciones m\u00e9dico quir\u00fargicas, como para reparar las moto-sierras que, por supuesto, \u201cse descompusieron\u201d desde el primer d\u00eda.<\/p>\n<p>&nbsp; Llegaron entonces las bicicletas.&nbsp; Todos saben que un comando sin bicicletas no puede desplegarse con rapidez y eficacia.&nbsp; El problema es que no sab\u00edan andar en bicicleta.&nbsp; El Sup no les ense\u00f1\u00f3 argumentando que \u201c\u00bf<em>Acaso alguien te ense\u00f1a a vivir?&nbsp; No, aprendes a las ca\u00eddas<\/em>\u201d.&nbsp; Y tal cual: el Comando se llen\u00f3 de raspones, moretones y cortaduras, pero, a los pocos d\u00edas, ya recorr\u00edan sin dificultad la cancha de baloncesto.<\/p>\n<p><strong>-*-<\/strong><\/p>\n<p>&nbsp; Cuando se inform\u00f3 a La Extempor\u00e1nea que, al fin, se hab\u00edan conseguido los vuelos y, lo m\u00e1s importante, un lugar donde aterrizar en Europa, nuestro aclamado h\u00e9roe (yo mero) convoc\u00f3 al Comando Palomitas y les dijo: \u201c<em>Ya se van a ir en unos d\u00edas.&nbsp; Est\u00e1 prohibido enfermarse y lastimarse.&nbsp; Tienen que cuidarse, porque el que llegue con raspones, no tendr\u00e1 palomitas.&nbsp; \u00bfEst\u00e1 claro?<\/em>\u201d&nbsp;<\/p>\n<p>Para demostrar que estaba todo claro, el Chuy acus\u00f3 a la Cintia de que se hab\u00eda ca\u00eddo de la bicicleta.&nbsp; La Cintia dijo que era su mentira del Chuy, que la Ver\u00f3nica la hab\u00eda empujado.&nbsp; El amado Amado explic\u00f3 que se pelean por cualquier cosa, que basta que una tenga un juguete, para que se peleen.&nbsp; Nuestro admirado palad\u00edn refut\u00f3: \u201cpero si les di un juguete a cada quien e iguales, para que no se pelearan\u201d.&nbsp; El Chinto puso cara de \u201cel Sup no entiende que no entiende\u201d y el amado Amado sentenci\u00f3: \u201cAcaso les importa, quieren el juguete que tiene la otra\u201d.<\/p>\n<p>&nbsp; El incomparable e idolatrado h\u00e9roe (yo de nuevo, pero m\u00e1s modesto si posible fuera) les advirti\u00f3: \u201c<em>Bueno, ya les avis\u00e9, si se lastiman o enferman entonces no van a ir y sus mamaces van a quedar llorando porque tampoco van a ir, por su culpa de ustedes.&nbsp; \u00bfEntendieron?<\/em>\u201d&nbsp; Tod@s respondieron afirmativamente.<\/p>\n<p>&nbsp; En cuanto el gallardo Sup se dio la vuelta, el Chuy empez\u00f3 a llorar.&nbsp; Resulta que la Ver\u00f3nica le dio un zape por andar de chismoso.&nbsp; Se le pregunt\u00f3 a la Ver\u00f3nica si era cierto y confes\u00f3 que s\u00ed, sin la menor se\u00f1al de arrepentimiento.<\/p>\n<p>&nbsp; Desconsolado, el Sup fue a su champa.&nbsp; Lejos de darse por derrotado, revis\u00f3 su amplia biblioteca de tratados de psicolog\u00eda, geograf\u00eda, ciencias ocultas y su colecci\u00f3n de historietas de <em>Mem\u00edn<\/em> <em>Ping\u00fc\u00edn<\/em>, y regres\u00f3 de nuevo.&nbsp; Convoc\u00f3 al CP y en un mapa les mostr\u00f3 donde est\u00e1n el caracol y el semillero.&nbsp; Luego les mostr\u00f3 d\u00f3nde queda Madrid y d\u00f3nde Viena.&nbsp; Posteriormente traz\u00f3 una elegante l\u00ednea para describir el vuelo por venir.<\/p>\n<p>&nbsp; Despu\u00e9s de una larga explicaci\u00f3n, el Sup se retir\u00f3 satisfecho: hab\u00eda logrado convencer al Comando Palomitas.&nbsp; En el aire resonaban las \u00faltimas palabras de nuestro h\u00e9roe: \u201c<em>\u00bfPor qu\u00e9 conformarse con hacer travesuras y estropicios en un caracol, si puedes destruir todo un continente?<\/em>\u201d.<\/p>\n<p><strong>-*-<\/strong><\/p>\n<p>&nbsp; La toma de la c\u00e1mara se aleja.&nbsp; El Comando Palomitas contempla el mapamundi mientras chupa \u00e1vido sus paletas de chamoy.&nbsp; El Tzotz, el Trag\u00f3n y la Pelusa, tres perritos que suelen acompa\u00f1ar al CP en sus incursiones, llegan y destrozan la cartulina.&nbsp; Una r\u00e1faga de viento levanta y hace volar un fragmento en el que se lee \u201cTraves\u00eda por la Vida\u201d.<\/p>\n<p>&nbsp; Un final \u00e9pico\u2026 y, bueno, s\u00ed, un poco parad\u00f3jico.<\/p>\n<p><strong><em>Warning<\/em><\/strong>: el Comando Palomitas lleva dos meses sin probar la raz\u00f3n de su existencia.&nbsp; Un Comando Palomitas sin ma\u00edz palomero es como un vampiro consol\u00e1ndose con salsa de tomate, as\u00ed que es de esperar que, al llegar a Europa\u2026 bueno, pues\u2026 \u00bfpor qu\u00e9 ser\u00e1 que el SupGaleano ensaya una y otra vez el \u201c<em>\u00bfAl\u00f3? \u00bfBrennen Wien und Berl\u00edn?<\/em>\u201d, en dos viejos <em>walkie-talkies,<\/em> con el Amado, que est\u00e1 a s\u00f3lo 10 metros y dice que no oye.&nbsp; Claro, tal vez si le pusieran pilas a los aparatos\u2026<\/p>\n<p>Doy fe.<\/p>\n<p>El SupGaleano.<br \/>\nJefe Supremo, M\u00e1ximo L\u00edder, Destacado Dirigente, Gran Gu\u00eda, Hist\u00f3rico Historiador, Sabio Infalible, Luz Perenne al Final del T\u00fanel, Alfa y Omega \u2013y Delta y Lambda-, Faro de las Generaciones Presentes y Futuras, Palad\u00edn de la Modestia, e Instructor del Comando Palomitas.<br \/>\n(y, bueno, tambi\u00e9n \u201cNuestro h\u00e9roe\u201d en este relato \u00e9pico, digno de ser ampliado por las plumas de Mart\u00edn Luis Guzm\u00e1n y Le\u00f3n Tolstoi)<\/p>\n<p>&nbsp;<br \/>\n<iframe loading=\"lazy\" src=\"https:\/\/player.vimeo.com\/video\/599879721\" allowfullscreen=\"allowfullscreen\" data-mce-fragment=\"1\" width=\"640\" height=\"380\" frameborder=\"0\"><\/iframe><\/p>\n<p>M\u00fasica: Amanda Ventura-\u00abThe Way\u00bb (Harmonica Blues Solo), Led Zeppelin-\u00abImmigrante Song\u00bb, Creedence Clearwater Revival-\u00abFortunate Son\u00bb<\/p>\n<p><a href=\"http:\/\/enlacezapatista.ezln.org.mx\/2021\/09\/10\/comando-palomitas\/\">http:\/\/enlacezapatista.ezln.org.mx\/2021\/09\/10\/comando-palomitas\/<\/a><\/p>\n","protected":false},"excerpt":{"rendered":"<p>Septiembre del 2021. &nbsp; Yo no lo s\u00e9 de cierto, pero la leyenda ubica la gestaci\u00f3n de esta unidad de \u00e9lite del ezetaelene hace algunas lunas. &nbsp; Aunque la comandancia &hellip; <a href=\"https:\/\/www.grieta.org.mx\/index.php\/2021\/09\/10\/comando-palomitas\/\" class=\"more-link\">Leer m\u00e1s<\/a><\/p>\n","protected":false},"author":1,"featured_media":61573,"comment_status":"closed","ping_status":"closed","sticky":false,"template":"","format":"standard","meta":{"ngg_post_thumbnail":0,"_jetpack_newsletter_access":"","_jetpack_dont_email_post_to_subs":false,"_jetpack_newsletter_tier_id":0,"_jetpack_memberships_contains_paywalled_content":false,"_jetpack_memberships_contains_paid_content":false,"footnotes":""},"categories":[80,74,907,2,3916],"tags":[2362,3917],"class_list":["post-61572","post","type-post","status-publish","format-standard","has-post-thumbnail","hentry","category-cintillo","category-ezln","category-ezln-2","category-noticias-nacionales","category-travesia-por-la-vida","tag-la-ninez-en-la-tormenta","tag-travesia-por-la-vida","entry"],"jetpack_featured_media_url":"https:\/\/www.grieta.org.mx\/wp-content\/uploads\/2021\/09\/cp01.jpeg","jetpack_sharing_enabled":true,"jetpack_shortlink":"https:\/\/wp.me\/p7ZJR4-g16","jetpack_likes_enabled":false,"jetpack-related-posts":[{"id":61580,"url":"https:\/\/www.grieta.org.mx\/index.php\/2021\/09\/11\/llega-ezln-a-la-cdmx-fotos\/","url_meta":{"origin":61572,"position":0},"title":"LLEGA EZLN A LA CDMX (FOTOS)","author":"grieta","date":"11 septiembre, 2021","format":false,"excerpt":"REGENERACI\u00d3N RADIO Una comisi\u00f3n de alrededor de 160 zapatistas arrib\u00f3 el viernes 10 de septiembre por la noche a la Ciudad de M\u00e9xico para viajar a Europa en tres d\u00edas m\u00e1s. \u201cLa extempor\u00e1nea\u201d se autodenominaron despu\u00e9s de que la Secretar\u00eda De Relaciones Exteriores (SRE) les neg\u00f3 los pasaportes en el\u2026","rel":"","context":"En &quot;CINTILLO&quot;","block_context":{"text":"CINTILLO","link":"https:\/\/www.grieta.org.mx\/index.php\/category\/cintillo\/"},"img":{"alt_text":"","src":"https:\/\/i0.wp.com\/www.grieta.org.mx\/wp-content\/uploads\/2021\/09\/Llega-EZLN-a-la-CDMX.jpg?resize=350%2C200&ssl=1","width":350,"height":200,"srcset":"https:\/\/i0.wp.com\/www.grieta.org.mx\/wp-content\/uploads\/2021\/09\/Llega-EZLN-a-la-CDMX.jpg?resize=350%2C200&ssl=1 1x, https:\/\/i0.wp.com\/www.grieta.org.mx\/wp-content\/uploads\/2021\/09\/Llega-EZLN-a-la-CDMX.jpg?resize=525%2C300&ssl=1 1.5x, https:\/\/i0.wp.com\/www.grieta.org.mx\/wp-content\/uploads\/2021\/09\/Llega-EZLN-a-la-CDMX.jpg?resize=700%2C400&ssl=1 2x, https:\/\/i0.wp.com\/www.grieta.org.mx\/wp-content\/uploads\/2021\/09\/Llega-EZLN-a-la-CDMX.jpg?resize=1050%2C600&ssl=1 3x, https:\/\/i0.wp.com\/www.grieta.org.mx\/wp-content\/uploads\/2021\/09\/Llega-EZLN-a-la-CDMX.jpg?resize=1400%2C800&ssl=1 4x"},"classes":[]},{"id":61684,"url":"https:\/\/www.grieta.org.mx\/index.php\/2021\/09\/14\/nosotros-queremos-la-vida-subcomandante-moises-en-viena-austria\/","url_meta":{"origin":61572,"position":1},"title":"\u00abNosotros queremos la vida\u00bb, Subcomandante Mois\u00e9s en Viena Austria","author":"grieta","date":"14 septiembre, 2021","format":false,"excerpt":"POZOL COLECTIVO Viena, Austria. 14 de septiembre. \u00abEstamos aqu\u00ed nosotros, las zapatista y los zapatistas gracias a que hubo compa\u00f1eras y compa\u00f1eros nuestros que calleron luchando en el amanecer de 1994 cuando salimos a pelear contra el mal gobierno\u00bb, expres\u00f3 el Subcomandante Insurgente Mois\u00e9s a su llegada a Viena a\u2026","rel":"","context":"En &quot;CINTILLO&quot;","block_context":{"text":"CINTILLO","link":"https:\/\/www.grieta.org.mx\/index.php\/category\/cintillo\/"},"img":{"alt_text":"","src":"https:\/\/i0.wp.com\/www.grieta.org.mx\/wp-content\/uploads\/2021\/09\/inbound4904877775943678593-660x330-1.jpg?resize=350%2C200&ssl=1","width":350,"height":200,"srcset":"https:\/\/i0.wp.com\/www.grieta.org.mx\/wp-content\/uploads\/2021\/09\/inbound4904877775943678593-660x330-1.jpg?resize=350%2C200&ssl=1 1x, https:\/\/i0.wp.com\/www.grieta.org.mx\/wp-content\/uploads\/2021\/09\/inbound4904877775943678593-660x330-1.jpg?resize=525%2C300&ssl=1 1.5x"},"classes":[]},{"id":68160,"url":"https:\/\/www.grieta.org.mx\/index.php\/2023\/11\/23\/treceava-parte-dos-partidos-de-futbol-y-una-misma-rebeldia-el-futbol-es-la-continuacion-de-la-politica-por-otros-medios\/","url_meta":{"origin":61572,"position":2},"title":"Treceava Parte: DOS PARTIDOS DE F\u00daTBOL Y UNA MISMA REBELD\u00cdA. \u201cEl f\u00fatbol es la continuaci\u00f3n de la pol\u00edtica por otros medios\u201d","author":"grieta","date":"23 noviembre, 2023","format":false,"excerpt":"Treceava Parte: DOS PARTIDOS DE F\u00daTBOL Y UNA MISMA REBELD\u00cdA. \u201cEl f\u00fatbol es la continuaci\u00f3n de la pol\u00edtica por otros medios\u201d. Don Durito de La Lacandona (\u201cDD\u201d, para efectos legales). Noviembre del 2023. I.- V\u00edsperas de la Traves\u00eda por la Vida-cap\u00edtulo Europa. Se ha recibido un reto futbol\u00edstico de un\u2026","rel":"","context":"En &quot;CINTILLO&quot;","block_context":{"text":"CINTILLO","link":"https:\/\/www.grieta.org.mx\/index.php\/category\/cintillo\/"},"img":{"alt_text":"","src":"https:\/\/i0.wp.com\/www.grieta.org.mx\/wp-content\/uploads\/2023\/11\/Diapositiva1.jpeg?resize=350%2C200&ssl=1","width":350,"height":200,"srcset":"https:\/\/i0.wp.com\/www.grieta.org.mx\/wp-content\/uploads\/2023\/11\/Diapositiva1.jpeg?resize=350%2C200&ssl=1 1x, https:\/\/i0.wp.com\/www.grieta.org.mx\/wp-content\/uploads\/2023\/11\/Diapositiva1.jpeg?resize=525%2C300&ssl=1 1.5x, https:\/\/i0.wp.com\/www.grieta.org.mx\/wp-content\/uploads\/2023\/11\/Diapositiva1.jpeg?resize=700%2C400&ssl=1 2x"},"classes":[]},{"id":69450,"url":"https:\/\/www.grieta.org.mx\/index.php\/2024\/08\/23\/el-aleph-maya\/","url_meta":{"origin":61572,"position":3},"title":"\u00bfEL ALEPH MAYA?","author":"grieta","date":"23 agosto, 2024","format":false,"excerpt":"Agosto del 2024. La tolvanera que levantaban se pod\u00eda ver desde lejos.\u00a0 Como esas trombas donde el viento se persigue a s\u00ed mismo e, incapaz de lograrlo, arrasa con lo que encuentra, lo alza a las nubes y lo arroja de nuevo al suelo. \u201cLa tormenta\u201d, pens\u00e9.\u00a0 \u201cO algo peor\u201d,\u2026","rel":"","context":"En &quot;CINTILLO&quot;","block_context":{"text":"CINTILLO","link":"https:\/\/www.grieta.org.mx\/index.php\/category\/cintillo\/"},"img":{"alt_text":"","src":"https:\/\/i0.wp.com\/www.grieta.org.mx\/wp-content\/uploads\/2024\/08\/Screenshot-2024-08-23-at-16-33-11-Enlace-Zapatista.png?resize=350%2C200&ssl=1","width":350,"height":200,"srcset":"https:\/\/i0.wp.com\/www.grieta.org.mx\/wp-content\/uploads\/2024\/08\/Screenshot-2024-08-23-at-16-33-11-Enlace-Zapatista.png?resize=350%2C200&ssl=1 1x, https:\/\/i0.wp.com\/www.grieta.org.mx\/wp-content\/uploads\/2024\/08\/Screenshot-2024-08-23-at-16-33-11-Enlace-Zapatista.png?resize=525%2C300&ssl=1 1.5x, https:\/\/i0.wp.com\/www.grieta.org.mx\/wp-content\/uploads\/2024\/08\/Screenshot-2024-08-23-at-16-33-11-Enlace-Zapatista.png?resize=700%2C400&ssl=1 2x, https:\/\/i0.wp.com\/www.grieta.org.mx\/wp-content\/uploads\/2024\/08\/Screenshot-2024-08-23-at-16-33-11-Enlace-Zapatista.png?resize=1050%2C600&ssl=1 3x"},"classes":[]},{"id":59197,"url":"https:\/\/www.grieta.org.mx\/index.php\/2021\/05\/03\/un-barco-llamado-la-montana-su-travesia-en-defensa-de-la-vida\/","url_meta":{"origin":61572,"position":4},"title":"Un barco llamado \u201cLa Monta\u00f1a\u201d su traves\u00eda en defensa de la vida","author":"Admin","date":"3 mayo, 2021","format":false,"excerpt":"Por Mayvelin Flores \/ SOMOS EL MEDIO * Este texto es parte del trabajo colectivo de la Red Universitaria Anticapitalista. El 17 de noviembre de 1983 lleg\u00f3 a las monta\u00f1as del sureste mexicano un n\u00facleo guerrillero integrado por cinco varones y una mujer, fundaron el Ejercito Zapatista de Liberaci\u00f3n Nacional.\u2026","rel":"","context":"En &quot;CINTILLO&quot;","block_context":{"text":"CINTILLO","link":"https:\/\/www.grieta.org.mx\/index.php\/category\/cintillo\/"},"img":{"alt_text":"","src":"https:\/\/i0.wp.com\/www.grieta.org.mx\/wp-content\/uploads\/2021\/05\/Screenshot_2021-05-03-Un-barco-llamado-La-Montana-su-travesia-en-defensa-de-la-vida-Periodismo-independiente.png?resize=350%2C200&ssl=1","width":350,"height":200,"srcset":"https:\/\/i0.wp.com\/www.grieta.org.mx\/wp-content\/uploads\/2021\/05\/Screenshot_2021-05-03-Un-barco-llamado-La-Montana-su-travesia-en-defensa-de-la-vida-Periodismo-independiente.png?resize=350%2C200&ssl=1 1x, https:\/\/i0.wp.com\/www.grieta.org.mx\/wp-content\/uploads\/2021\/05\/Screenshot_2021-05-03-Un-barco-llamado-La-Montana-su-travesia-en-defensa-de-la-vida-Periodismo-independiente.png?resize=525%2C300&ssl=1 1.5x, https:\/\/i0.wp.com\/www.grieta.org.mx\/wp-content\/uploads\/2021\/05\/Screenshot_2021-05-03-Un-barco-llamado-La-Montana-su-travesia-en-defensa-de-la-vida-Periodismo-independiente.png?resize=700%2C400&ssl=1 2x, https:\/\/i0.wp.com\/www.grieta.org.mx\/wp-content\/uploads\/2021\/05\/Screenshot_2021-05-03-Un-barco-llamado-La-Montana-su-travesia-en-defensa-de-la-vida-Periodismo-independiente.png?resize=1050%2C600&ssl=1 3x"},"classes":[]},{"id":61458,"url":"https:\/\/www.grieta.org.mx\/index.php\/2021\/08\/30\/apenas-500-anos-despues-ecos-desde-la-europa-insumisa\/","url_meta":{"origin":61572,"position":5},"title":"Apenas 500 a\u00f1os despu\u00e9s\u2026 (Ecos desde la Europa Insumisa).","author":"grieta","date":"30 agosto, 2021","format":false,"excerpt":"Por Red Universitaria Anticapitalista Publicado en La Comuna Mx 19 de agosto de 2021. En un ambiente festivo acompa\u00f1ado de la alegre rebeld\u00eda y con una manifestaci\u00f3n en Madrid, fue como se vivieron los 500 a\u00f1os de aquel 13 de agosto de 1521, con la supuesta derrota de Tenochtitlan, aunque\u2026","rel":"","context":"En &quot;CINTILLO&quot;","block_context":{"text":"CINTILLO","link":"https:\/\/www.grieta.org.mx\/index.php\/category\/cintillo\/"},"img":{"alt_text":"","src":"","width":0,"height":0},"classes":[]}],"_links":{"self":[{"href":"https:\/\/www.grieta.org.mx\/index.php\/wp-json\/wp\/v2\/posts\/61572","targetHints":{"allow":["GET"]}}],"collection":[{"href":"https:\/\/www.grieta.org.mx\/index.php\/wp-json\/wp\/v2\/posts"}],"about":[{"href":"https:\/\/www.grieta.org.mx\/index.php\/wp-json\/wp\/v2\/types\/post"}],"author":[{"embeddable":true,"href":"https:\/\/www.grieta.org.mx\/index.php\/wp-json\/wp\/v2\/users\/1"}],"replies":[{"embeddable":true,"href":"https:\/\/www.grieta.org.mx\/index.php\/wp-json\/wp\/v2\/comments?post=61572"}],"version-history":[{"count":1,"href":"https:\/\/www.grieta.org.mx\/index.php\/wp-json\/wp\/v2\/posts\/61572\/revisions"}],"predecessor-version":[{"id":61576,"href":"https:\/\/www.grieta.org.mx\/index.php\/wp-json\/wp\/v2\/posts\/61572\/revisions\/61576"}],"wp:featuredmedia":[{"embeddable":true,"href":"https:\/\/www.grieta.org.mx\/index.php\/wp-json\/wp\/v2\/media\/61573"}],"wp:attachment":[{"href":"https:\/\/www.grieta.org.mx\/index.php\/wp-json\/wp\/v2\/media?parent=61572"}],"wp:term":[{"taxonomy":"category","embeddable":true,"href":"https:\/\/www.grieta.org.mx\/index.php\/wp-json\/wp\/v2\/categories?post=61572"},{"taxonomy":"post_tag","embeddable":true,"href":"https:\/\/www.grieta.org.mx\/index.php\/wp-json\/wp\/v2\/tags?post=61572"}],"curies":[{"name":"wp","href":"https:\/\/api.w.org\/{rel}","templated":true}]}}