{"id":61549,"date":"2021-08-26T22:22:16","date_gmt":"2021-08-27T03:22:16","guid":{"rendered":"https:\/\/www.grieta.org.mx\/?p=61549"},"modified":"2021-09-10T13:49:59","modified_gmt":"2021-09-10T18:49:59","slug":"comerciantes-inconformes-por-reordenamiento-frente-a-mercado-hidalgo-en-celaya-guanajuato","status":"publish","type":"post","link":"https:\/\/www.grieta.org.mx\/index.php\/2021\/08\/26\/comerciantes-inconformes-por-reordenamiento-frente-a-mercado-hidalgo-en-celaya-guanajuato\/","title":{"rendered":"Comerciantes, inconformes por reordenamiento frente a Mercado Hidalgo, en Celaya (Guanajuato)"},"content":{"rendered":"<p>Ricardo Aguilar, Zona Franca<br \/>\nagosto 26, 2021<br \/>\nCelaya; Gto.- El reordenamiento de los comerciantes ambulantes lleg\u00f3 ahora a la zona frente al Mercado Hidalgo en el Boulevard Adolfo L\u00f3pez Mateos, donde se tiene detectados 24 puestos, de los cuales 12 no tienen permiso y los otros exceden su metraje.<\/p>\n<p>Lograr reordenarlos es tambi\u00e9n para delimitar el paradero del transporte p\u00fablico, el cual, pr\u00e1cticamente desapareci\u00f3 con los puestos que invaden la banqueta y deja solo medio metro para circulaci\u00f3n del peat\u00f3n.<\/p>\n<p>Sin embargo, el reordenamiento que intenta la Direcci\u00f3n de Fiscalizaci\u00f3n caus\u00f3 molestia en los locatarios del mercado Hidalgo, quienes desde 1987 tienen permiso de sacar puestos al frente y acusan que no ceden su espacio para los comerciantes ambulantes los d\u00edas viernes, s\u00e1bado y domingo.<\/p>\n<p>La determinaci\u00f3n de los locatarios es que se permita la colocaci\u00f3n de todos o que todos sean retirados, bajo el argumento que la mesa directiva del Mercado Hidalgo paga por el barrido e incluso el alumbrado p\u00fablico, debe darse preferencia a sus locatarios, no a los ambulantes con menos de dos a\u00f1os que se colocaron.<\/p>\n<p>Mientras que la Direcci\u00f3n de Movilidad colocar\u00e1 dos paraderos, en el espacio que ser\u00e1 liberado y sin comerciantes, para evitar que los pasajeros invadan el arroyo vehicular al no tener un lugar para esperar el transporte p\u00fablico.<\/p>\n<figure id=\"attachment_61566\" aria-describedby=\"caption-attachment-61566\" style=\"width: 512px\" class=\"wp-caption alignnone\"><img loading=\"lazy\" decoding=\"async\" data-attachment-id=\"61566\" data-permalink=\"https:\/\/www.grieta.org.mx\/index.php\/2021\/08\/26\/comerciantes-inconformes-por-reordenamiento-frente-a-mercado-hidalgo-en-celaya-guanajuato\/unnamed-3-9\/\" data-orig-file=\"https:\/\/www.grieta.org.mx\/wp-content\/uploads\/2021\/09\/unnamed-3-9.jpg\" data-orig-size=\"512,294\" data-comments-opened=\"0\" data-image-meta=\"{&quot;aperture&quot;:&quot;0&quot;,&quot;credit&quot;:&quot;&quot;,&quot;camera&quot;:&quot;&quot;,&quot;caption&quot;:&quot;&quot;,&quot;created_timestamp&quot;:&quot;0&quot;,&quot;copyright&quot;:&quot;&quot;,&quot;focal_length&quot;:&quot;0&quot;,&quot;iso&quot;:&quot;0&quot;,&quot;shutter_speed&quot;:&quot;0&quot;,&quot;title&quot;:&quot;&quot;,&quot;orientation&quot;:&quot;0&quot;}\" data-image-title=\"unnamed-3-9\" data-image-description=\"\" data-image-caption=\"&lt;p&gt;Foto: Especial&lt;\/p&gt;\n\" data-medium-file=\"https:\/\/www.grieta.org.mx\/wp-content\/uploads\/2021\/09\/unnamed-3-9-300x172.jpg\" data-large-file=\"https:\/\/www.grieta.org.mx\/wp-content\/uploads\/2021\/09\/unnamed-3-9.jpg\" class=\"wp-image-61566 size-full\" src=\"http:\/\/www.grieta.org.mx\/wp-content\/uploads\/2021\/09\/unnamed-3-9.jpg\" alt=\"\" width=\"512\" height=\"294\" srcset=\"https:\/\/www.grieta.org.mx\/wp-content\/uploads\/2021\/09\/unnamed-3-9.jpg 512w, https:\/\/www.grieta.org.mx\/wp-content\/uploads\/2021\/09\/unnamed-3-9-300x172.jpg 300w\" sizes=\"auto, (max-width: 512px) 100vw, 512px\" \/><figcaption id=\"caption-attachment-61566\" class=\"wp-caption-text\">Foto: Especial<\/figcaption><\/figure>\n<p>Justamente este paradero es el de mayor afluencia en la ciudad, dado que convergen cada 40 segundo unidades suburbanas, intermunicipales y una urbana como: Ruta 3, San Jos\u00e9 de Guanajuato, Elguera, Gasca, Roque, San El\u00edas, Santa Teresa, San Cayetano, Tener\u00eda, Plancarte, adem\u00e1s de las intermunicipales con destino a Villagr\u00e1n.<\/p>\n<p>Mientras que la Direcci\u00f3n de Tr\u00e1nsito y Vialidad se encargar\u00e1 de evitar que taxis, personas que carguen y descarguen, veh\u00edculos particulares que se estacionen y auxiliar para que el transporte p\u00fablico no demore varios minutos, solo ascienda y descienda el pasaje.<\/p>\n<p><a href=\"https:\/\/zonafranca.mx\/politica-sociedad\/comerciantes-inconformes-por-reordenamiento-frente-a-mercado-hidalgo-en-celaya\/\">https:\/\/zonafranca.mx\/politica-sociedad\/comerciantes-inconformes-por-reordenamiento-frente-a-mercado-hidalgo-en-celaya\/<\/a><\/p>\n","protected":false},"excerpt":{"rendered":"<p>Ricardo Aguilar, Zona Franca agosto 26, 2021 Celaya; Gto.- El reordenamiento de los comerciantes ambulantes lleg\u00f3 ahora a la zona frente al Mercado Hidalgo en el Boulevard Adolfo L\u00f3pez Mateos, &hellip; <a href=\"https:\/\/www.grieta.org.mx\/index.php\/2021\/08\/26\/comerciantes-inconformes-por-reordenamiento-frente-a-mercado-hidalgo-en-celaya-guanajuato\/\" class=\"more-link\">Leer m\u00e1s<\/a><\/p>\n","protected":false},"author":2,"featured_media":61568,"comment_status":"closed","ping_status":"closed","sticky":false,"template":"","format":"standard","meta":{"ngg_post_thumbnail":0,"_jetpack_newsletter_access":"","_jetpack_dont_email_post_to_subs":false,"_jetpack_newsletter_tier_id":0,"_jetpack_memberships_contains_paywalled_content":false,"_jetpack_memberships_contains_paid_content":false,"footnotes":""},"categories":[80,17,3316],"tags":[1996],"class_list":["post-61549","post","type-post","status-publish","format-standard","has-post-thumbnail","hentry","category-cintillo","category-guanajuato","category-privatizacion-del-espacio-publico-en-guanajuato","tag-transporte-publico","entry"],"jetpack_featured_media_url":"https:\/\/www.grieta.org.mx\/wp-content\/uploads\/2021\/09\/unnamed-2-10.jpg","jetpack_sharing_enabled":true,"jetpack_shortlink":"https:\/\/wp.me\/p7ZJR4-g0J","jetpack_likes_enabled":false,"jetpack-related-posts":[{"id":17781,"url":"https:\/\/www.grieta.org.mx\/index.php\/2016\/03\/14\/conflictos-y-protestas-por-transporte-publico-en-guanajuato\/","url_meta":{"origin":61549,"position":0},"title":"Conflictos y protestas por transporte p\u00fablico en Guanajuato","author":"grieta","date":"14 marzo, 2016","format":false,"excerpt":"14\/03\/2016. Contin\u00faan las protestas contra aumento al pasaje en el transporte p\u00fablico en Le\u00f3n Peri\u00f3dico Correo 03\/03\/2016. Protestan contra aumento al pasaje en el transporte p\u00fablico en Le\u00f3n AM 20\/11\/2015. Agreden a manifestantes que exigen mantener gratuidad del transporte para ancianos en Le\u00f3nZona Franca 26\/10\/2015. Siguen las manifestaciones para exigir\u2026","rel":"","context":"En &quot;Guanajuato&quot;","block_context":{"text":"Guanajuato","link":"https:\/\/www.grieta.org.mx\/index.php\/category\/noticias-nacionales\/guanajuato\/"},"img":{"alt_text":"","src":"https:\/\/i0.wp.com\/www.grieta.org.mx\/wp-content\/uploads\/2018\/03\/14524434_1106112876131411_958039263622046936_o.jpg?resize=350%2C200&ssl=1","width":350,"height":200,"srcset":"https:\/\/i0.wp.com\/www.grieta.org.mx\/wp-content\/uploads\/2018\/03\/14524434_1106112876131411_958039263622046936_o.jpg?resize=350%2C200&ssl=1 1x, https:\/\/i0.wp.com\/www.grieta.org.mx\/wp-content\/uploads\/2018\/03\/14524434_1106112876131411_958039263622046936_o.jpg?resize=525%2C300&ssl=1 1.5x, https:\/\/i0.wp.com\/www.grieta.org.mx\/wp-content\/uploads\/2018\/03\/14524434_1106112876131411_958039263622046936_o.jpg?resize=700%2C400&ssl=1 2x"},"classes":[]},{"id":67975,"url":"https:\/\/www.grieta.org.mx\/index.php\/2023\/07\/18\/agrupaciones-protestan-contra-explotacion-del-cerro-del-gallo-en-dolores-hidalgo-por-minera-canadiense-guanajuato\/","url_meta":{"origin":61549,"position":1},"title":"Agrupaciones protestan contra explotaci\u00f3n del cerro del Gallo en Dolores Hidalgo por minera canadiense (Guanajuato)","author":"grieta","date":"18 julio, 2023","format":false,"excerpt":"Roberto L\u00f3pez Martes, Peri\u00f3dico Correo, 18 Julio, 2023 Dolores Hidalgo, Guanajuato.- A prop\u00f3sito del d\u00eda mundial contra la miner\u00eda a cielo abierto, el pr\u00f3ximo 22 de julio, tres agrupaciones se reunieron para dar a conocer que se mantienen en lucha contra la explotaci\u00f3n del cerro del Gallo, en San Ant\u00f3n\u2026","rel":"","context":"En &quot;CINTILLO&quot;","block_context":{"text":"CINTILLO","link":"https:\/\/www.grieta.org.mx\/index.php\/category\/cintillo\/"},"img":{"alt_text":"","src":"https:\/\/i0.wp.com\/www.grieta.org.mx\/wp-content\/uploads\/2023\/10\/cerro-610432957.jpg?resize=350%2C200&ssl=1","width":350,"height":200,"srcset":"https:\/\/i0.wp.com\/www.grieta.org.mx\/wp-content\/uploads\/2023\/10\/cerro-610432957.jpg?resize=350%2C200&ssl=1 1x, https:\/\/i0.wp.com\/www.grieta.org.mx\/wp-content\/uploads\/2023\/10\/cerro-610432957.jpg?resize=525%2C300&ssl=1 1.5x, https:\/\/i0.wp.com\/www.grieta.org.mx\/wp-content\/uploads\/2023\/10\/cerro-610432957.jpg?resize=700%2C400&ssl=1 2x, https:\/\/i0.wp.com\/www.grieta.org.mx\/wp-content\/uploads\/2023\/10\/cerro-610432957.jpg?resize=1050%2C600&ssl=1 3x"},"classes":[]},{"id":52689,"url":"https:\/\/www.grieta.org.mx\/index.php\/2020\/07\/22\/manifestacion-virtual-no-a-la-mina-en-dolores-hidalgo-guanajuato\/","url_meta":{"origin":61549,"position":2},"title":"Manifestaci\u00f3n Virtual \u201cNo a la Mina\u201d En Dolores Hidalgo  (Guanajuato)","author":"grieta","date":"22 julio, 2020","format":false,"excerpt":"En conmemoraci\u00f3n del \u201cDia Mundial Contra la Miner\u00eda a Cielo Abierto\u201d, activistas se manifestaron virtualmente para reiterar su inconformidad por la pretensi\u00f3n de explotaci\u00f3n que tiene la minera canadiense Argonaut Gold, sobre la mina en el Cerro Del Gallo, en la comunidad de San Ant\u00f3n de las minas, en Dolores\u2026","rel":"","context":"En &quot;CINTILLO&quot;","block_context":{"text":"CINTILLO","link":"https:\/\/www.grieta.org.mx\/index.php\/category\/cintillo\/"},"img":{"alt_text":"","src":"https:\/\/i0.wp.com\/www.grieta.org.mx\/wp-content\/uploads\/2020\/08\/0p.jpg?resize=350%2C200&ssl=1","width":350,"height":200,"srcset":"https:\/\/i0.wp.com\/www.grieta.org.mx\/wp-content\/uploads\/2020\/08\/0p.jpg?resize=350%2C200&ssl=1 1x, https:\/\/i0.wp.com\/www.grieta.org.mx\/wp-content\/uploads\/2020\/08\/0p.jpg?resize=525%2C300&ssl=1 1.5x, https:\/\/i0.wp.com\/www.grieta.org.mx\/wp-content\/uploads\/2020\/08\/0p.jpg?resize=700%2C400&ssl=1 2x, https:\/\/i0.wp.com\/www.grieta.org.mx\/wp-content\/uploads\/2020\/08\/0p.jpg?resize=1050%2C600&ssl=1 3x"},"classes":[]},{"id":10739,"url":"https:\/\/www.grieta.org.mx\/index.php\/2016\/05\/31\/desalojo-de-puestos-de-trabajo-de-comerciantes-en-la-ciudad-de-mexico\/","url_meta":{"origin":61549,"position":3},"title":"Desalojos de comerciantes en la Ciudad de M\u00e9xico","author":"grieta","date":"31 mayo, 2016","format":false,"excerpt":"31\/05\/16. Denuncian comerciantes cacer\u00eda para quitarlos del paradero de CULa Jornada 11\/05\/16. Crean frente contra obras en paradero ChapultepecEl Universal 04\/05\/16. Se enfrentan granaderos y comerciantes frente al Z\u00f3calo (CDMX)Cr\u00f3nica del Poder 03\/05\/16. Retiran ambulantes del paradero Metro Chapultepec; SSP-CDMX vigila la zona24 Horas 28\/04\/16. Represi\u00f3n contra locatarios del mercado\u2026","rel":"","context":"En &quot;Ciudad de M\u00e9xico&quot;","block_context":{"text":"Ciudad de M\u00e9xico","link":"https:\/\/www.grieta.org.mx\/index.php\/category\/noticias-nacionales\/ciudad-de-mexico\/"},"img":{"alt_text":"","src":"https:\/\/i0.wp.com\/www.grieta.org.mx\/wp-content\/uploads\/2018\/03\/14524434_1106112876131411_958039263622046936_o.jpg?resize=350%2C200&ssl=1","width":350,"height":200,"srcset":"https:\/\/i0.wp.com\/www.grieta.org.mx\/wp-content\/uploads\/2018\/03\/14524434_1106112876131411_958039263622046936_o.jpg?resize=350%2C200&ssl=1 1x, https:\/\/i0.wp.com\/www.grieta.org.mx\/wp-content\/uploads\/2018\/03\/14524434_1106112876131411_958039263622046936_o.jpg?resize=525%2C300&ssl=1 1.5x, https:\/\/i0.wp.com\/www.grieta.org.mx\/wp-content\/uploads\/2018\/03\/14524434_1106112876131411_958039263622046936_o.jpg?resize=700%2C400&ssl=1 2x"},"classes":[]},{"id":63202,"url":"https:\/\/www.grieta.org.mx\/index.php\/2021\/12\/07\/niega-semarnat-permiso-para-explotar-mina-en-dolores-hidalgo-guanajuato\/","url_meta":{"origin":61549,"position":4},"title":"Niega Semarnat permiso para explotar mina en Dolores Hidalgo (Guanajuato)","author":"grieta","date":"7 diciembre, 2021","format":false,"excerpt":"OSCAR REYES. EL SOL DEL BAJ\u00cdO, 07 de diciembre 2021 Celebran integrantes de la Red Mexicana de Afectados por la Miner\u00eda resolutivo federal. IRAPUATO, Guanajuato. (OEM-Informex). Es oficial: la mina canadiense Argonaut Gold no podr\u00e1 realizar ning\u00fan tipo de explotaci\u00f3n en el Cerro del Gallo, en Dolores Hidalgo, pues la\u2026","rel":"","context":"En &quot;CINTILLO&quot;","block_context":{"text":"CINTILLO","link":"https:\/\/www.grieta.org.mx\/index.php\/category\/cintillo\/"},"img":{"alt_text":"","src":"https:\/\/i0.wp.com\/www.grieta.org.mx\/wp-content\/uploads\/2022\/01\/En-todo-momento-660x330-1.jpg?resize=350%2C200&ssl=1","width":350,"height":200,"srcset":"https:\/\/i0.wp.com\/www.grieta.org.mx\/wp-content\/uploads\/2022\/01\/En-todo-momento-660x330-1.jpg?resize=350%2C200&ssl=1 1x, https:\/\/i0.wp.com\/www.grieta.org.mx\/wp-content\/uploads\/2022\/01\/En-todo-momento-660x330-1.jpg?resize=525%2C300&ssl=1 1.5x"},"classes":[]},{"id":30546,"url":"https:\/\/www.grieta.org.mx\/index.php\/2019\/03\/12\/mujeres-toman-las-calles-de-guanajuato-capital-y-celaya-exigen-respeto-a-sus-derechos\/","url_meta":{"origin":61549,"position":5},"title":"Mujeres toman las calles de Guanajuato capital y Celaya, exigen respeto a sus derechos","author":"grieta","date":"12 marzo, 2019","format":false,"excerpt":"Decenas de mujeres en Guanajuato capital y Celaya tomaron las calles para manifestarse en conmemoraci\u00f3n del D\u00eda Internacional de la Mujer. Tere Segura\/Luis Garc\u00eda\/ Zona Franca, 08 de marzo de 2019 Guanajuato\/Celaya, Gto. Decenas de mujeres marcharon por las principales calles de la capital del estado, para exigir el respeto\u2026","rel":"","context":"En &quot;CINTILLO&quot;","block_context":{"text":"CINTILLO","link":"https:\/\/www.grieta.org.mx\/index.php\/category\/cintillo\/"},"img":{"alt_text":"","src":"https:\/\/i0.wp.com\/www.grieta.org.mx\/wp-content\/uploads\/2019\/03\/manifestacion-3-1.jpg?resize=350%2C200&ssl=1","width":350,"height":200,"srcset":"https:\/\/i0.wp.com\/www.grieta.org.mx\/wp-content\/uploads\/2019\/03\/manifestacion-3-1.jpg?resize=350%2C200&ssl=1 1x, https:\/\/i0.wp.com\/www.grieta.org.mx\/wp-content\/uploads\/2019\/03\/manifestacion-3-1.jpg?resize=525%2C300&ssl=1 1.5x, https:\/\/i0.wp.com\/www.grieta.org.mx\/wp-content\/uploads\/2019\/03\/manifestacion-3-1.jpg?resize=700%2C400&ssl=1 2x"},"classes":[]}],"_links":{"self":[{"href":"https:\/\/www.grieta.org.mx\/index.php\/wp-json\/wp\/v2\/posts\/61549","targetHints":{"allow":["GET"]}}],"collection":[{"href":"https:\/\/www.grieta.org.mx\/index.php\/wp-json\/wp\/v2\/posts"}],"about":[{"href":"https:\/\/www.grieta.org.mx\/index.php\/wp-json\/wp\/v2\/types\/post"}],"author":[{"embeddable":true,"href":"https:\/\/www.grieta.org.mx\/index.php\/wp-json\/wp\/v2\/users\/2"}],"replies":[{"embeddable":true,"href":"https:\/\/www.grieta.org.mx\/index.php\/wp-json\/wp\/v2\/comments?post=61549"}],"version-history":[{"count":1,"href":"https:\/\/www.grieta.org.mx\/index.php\/wp-json\/wp\/v2\/posts\/61549\/revisions"}],"predecessor-version":[{"id":61570,"href":"https:\/\/www.grieta.org.mx\/index.php\/wp-json\/wp\/v2\/posts\/61549\/revisions\/61570"}],"wp:featuredmedia":[{"embeddable":true,"href":"https:\/\/www.grieta.org.mx\/index.php\/wp-json\/wp\/v2\/media\/61568"}],"wp:attachment":[{"href":"https:\/\/www.grieta.org.mx\/index.php\/wp-json\/wp\/v2\/media?parent=61549"}],"wp:term":[{"taxonomy":"category","embeddable":true,"href":"https:\/\/www.grieta.org.mx\/index.php\/wp-json\/wp\/v2\/categories?post=61549"},{"taxonomy":"post_tag","embeddable":true,"href":"https:\/\/www.grieta.org.mx\/index.php\/wp-json\/wp\/v2\/tags?post=61549"}],"curies":[{"name":"wp","href":"https:\/\/api.w.org\/{rel}","templated":true}]}}