{"id":61530,"date":"2021-08-23T20:34:37","date_gmt":"2021-08-24T01:34:37","guid":{"rendered":"https:\/\/www.grieta.org.mx\/?p=61530"},"modified":"2021-09-05T20:48:05","modified_gmt":"2021-09-06T01:48:05","slug":"ostula-se-mantiene-en-la-lucha-por-la-defensa-y-reconocimiento-de-su-territorio","status":"publish","type":"post","link":"https:\/\/www.grieta.org.mx\/index.php\/2021\/08\/23\/ostula-se-mantiene-en-la-lucha-por-la-defensa-y-reconocimiento-de-su-territorio\/","title":{"rendered":"Ostula se mantiene en la lucha por la defensa y reconocimiento de su territorio"},"content":{"rendered":"<blockquote><p><strong>Desde el siglo pasado, los pobladores de Ostula buscan el reconocimiento de sus tierras, las cuales son amenazas por la riqueza natural que poseen.<\/strong><\/p><\/blockquote>\n<p>Jos\u00e9 Luis Ceja \/ Colaborador La Voz de Michoac\u00e1n, 23 de agosto de 2021<\/p>\n<p>Jiquilpan, Michoac\u00e1n. El tema de Ostula no solamente es importante para el estado de Michoac\u00e1n, sino para el pa\u00eds y muchos pueblos ind\u00edgenas, porque es una comunidad que est\u00e1 en proceso de defensa de su territorio: \u201cAlgunas est\u00e1n por su reconocimiento, ellos est\u00e1n no solamente por la defensa de su territorio si no por su reconocimiento ante las instancias estatales del territorio del que son propietarios y han pose\u00eddo desde tiempos coloniales\u201d destac\u00f3 la doctora Carmen Ventura del Colegio de Michoac\u00e1n (Colmich).<\/p>\n<p>Se\u00f1al\u00f3 que la solicitud emitida por los integrantes de esta comunidad a la Suprema Corte de Justicia de la Naci\u00f3n es que atraiga su caso y pueda resolverse en su favor el reconocimiento de su territorio; se\u00f1al\u00f3 que durante la \u00e9poca de la Colonia, Ostula y comunidades aleda\u00f1as fueron consideradas como \u2018Rep\u00fablica de Indios\u2019 lo que les permiti\u00f3 mantener su territorio, sin embargo, a principios del Siglo XX, el asunto se fue haciendo m\u00e1s complejo con los vecinos de la parte poniente de esta localidad. \u201cUna serie de peque\u00f1os propietarios que se fueron apropiando indebidamente del territorio; durante todo el Siglo XX solicitaron a las autoridades agrarias este reconocimiento\u201d, lo anterior no fue posible, seg\u00fan la investigadora debido a la omisi\u00f3n de las propias autoridades agrarias que no atendieron la solicitud hasta por 12 a\u00f1os a m\u00e1s de acciones indebidas como la realizaci\u00f3n de planos en gabinete y no en base a levantamientos de campo y la falta de atenci\u00f3n a los requerimientos de las autoridades comunales respecto a la ubicaci\u00f3n de los linderos: \u201cEllos se la pasaban de fiesta en el poblado denominado \u2018La Placita\u2019 donde est\u00e1n estos peque\u00f1os propietarios\u201d.<\/p>\n<p>Carmen Ventura Pati\u00f1o destac\u00f3 que, desde el siglo pasado, los pobladores de Ostula han venido demandando a las autoridades agrarias correspondientes el reconocimiento de sus tierras; la resoluci\u00f3n de este conflicto, dijo, es importante porque junto a esto muchas otras comunidades en el pa\u00eds viven situaciones similares.<\/p>\n<figure id=\"attachment_61531\" aria-describedby=\"caption-attachment-61531\" style=\"width: 700px\" class=\"wp-caption alignnone\"><img loading=\"lazy\" decoding=\"async\" data-attachment-id=\"61531\" data-permalink=\"https:\/\/www.grieta.org.mx\/index.php\/2021\/08\/23\/ostula-se-mantiene-en-la-lucha-por-la-defensa-y-reconocimiento-de-su-territorio\/ostula-2\/\" data-orig-file=\"https:\/\/www.grieta.org.mx\/wp-content\/uploads\/2021\/09\/Ostula-2.jpg\" data-orig-size=\"700,466\" data-comments-opened=\"0\" data-image-meta=\"{&quot;aperture&quot;:&quot;0&quot;,&quot;credit&quot;:&quot;&quot;,&quot;camera&quot;:&quot;&quot;,&quot;caption&quot;:&quot;&quot;,&quot;created_timestamp&quot;:&quot;0&quot;,&quot;copyright&quot;:&quot;&quot;,&quot;focal_length&quot;:&quot;0&quot;,&quot;iso&quot;:&quot;0&quot;,&quot;shutter_speed&quot;:&quot;0&quot;,&quot;title&quot;:&quot;&quot;,&quot;orientation&quot;:&quot;0&quot;}\" data-image-title=\"Ostula-2\" data-image-description=\"\" data-image-caption=\"&lt;p&gt;Foto: Facebook Orgullosamente Ostula&lt;\/p&gt;\n\" data-medium-file=\"https:\/\/www.grieta.org.mx\/wp-content\/uploads\/2021\/09\/Ostula-2-300x200.jpg\" data-large-file=\"https:\/\/www.grieta.org.mx\/wp-content\/uploads\/2021\/09\/Ostula-2.jpg\" class=\"size-full wp-image-61531\" src=\"http:\/\/www.grieta.org.mx\/wp-content\/uploads\/2021\/09\/Ostula-2.jpg\" alt=\"\" width=\"700\" height=\"466\" srcset=\"https:\/\/www.grieta.org.mx\/wp-content\/uploads\/2021\/09\/Ostula-2.jpg 700w, https:\/\/www.grieta.org.mx\/wp-content\/uploads\/2021\/09\/Ostula-2-300x200.jpg 300w\" sizes=\"auto, (max-width: 700px) 100vw, 700px\" \/><figcaption id=\"caption-attachment-61531\" class=\"wp-caption-text\">Foto: Facebook Orgullosamente Ostula<\/figcaption><\/figure>\n<p>\u201cEn el caso de Ostula el tema no es solamente un conflicto agrario si no tambi\u00e9n un conflicto social y pol\u00edtico, estos a\u00f1os de lucha, en particular del 2009 para ac\u00e1, que fue el a\u00f1o en que recuperaron su territorio e instalaron el campamento denominado \u2018El Chayancalan\u2019 que ahora tiene el reconocimiento de encargatura del orden y viven decenas de familias ah\u00ed\u201d esto, dijo, ha representado ya un alto costo social debido al asesinato de 35 comuneros y cinco m\u00e1s desaparecidos as\u00ed como el \u00e9xodo de varias familias de este lugar en aras de su seguridad.<\/p>\n<p><strong>INTERESES INTERNACIONALES<\/strong><\/p>\n<p>\u201cOstula es importante porque ah\u00ed hay muchos recursos naturales estrat\u00e9gicos minerales como el oro, hierro, plata adem\u00e1s de maderas preciosas; hay distintos capitales interesados en esos territorios para la explotaci\u00f3n\u201d, indic\u00f3 la integrante del Colegio de Michoac\u00e1n.<\/p>\n<p>Se\u00f1al\u00f3 que en la comunidad colindante a Ostula, Aquila, se viene realizando la explotaci\u00f3n del mineral de hierro desde hace varios a\u00f1os y la empresa minera Ternium, una de las mineras m\u00e1s importantes a nivel mundial pretende extender su zona de explotaci\u00f3n a las otras comunidades.<\/p>\n<blockquote><p><em>&#8220;Sobre Ostula hay muchos intereses, no solamente el capital minero, el tur\u00edstico y, en ese sentido, la defensa que tienen los comuneros sobre sus territorios es un impedimento para que estos grandes capitales puedan apropiarse de estos recursos naturales y aprovecharlos en su beneficio\u201d.<br \/>\nCarmen Ventura, doctora del Colmich <\/em><\/p><\/blockquote>\n<p>De acuerdo con la investigadora, los comuneros de Santa Mar\u00eda Ostula han organizado guardias comunales en la intenci\u00f3n de resguardar su territorio e impedir a estas empresas trasnacionales el extender sus \u00e1reas de operaci\u00f3n en el caso de la explotaci\u00f3n minera y en el caso del capital tur\u00edstico la instalaci\u00f3n de cadenas hoteleras que operan ya en las costas de Jalisco y Colima y que se interrumpe en la costa de Michoac\u00e1n: \u201cEn manos de los Nahuas est\u00e1 poco m\u00e1s de la mitad del litoral michoacano\u201d.<\/p>\n<p>De manera concreta, a juicio de la investigadora, lo que ocurre en Santa Mar\u00eda Ostula es una violaci\u00f3n a los derechos, humanos, agrarios e ind\u00edgenas ya que el Estado\/Naci\u00f3n, est\u00e1 obligado a respetar los derechos que ya han sido reconocidos por el marco jur\u00eddico internacional.<\/p>\n<p>Record\u00f3 que en 1989 se aprob\u00f3 el Convenio 169 en el que se reconoce la tierra y territorio de esta comunidad, as\u00ed como la reforma al art\u00edculo primero constitucional en el 2011 que reconoce a los tratados internacionales con rango constitucional \u201cLo que se est\u00e1 exigiendo es el respeto a esos derechos como el de reconocer su territorio que en realidad es su h\u00e1bitat que implica todo lo que es su espacio geogr\u00e1fico\u201d.<\/p>\n<p><a href=\"https:\/\/www.lavozdemichoacan.com.mx\/michoacan\/pueblos-originarios\/ostula-se-mantiene-en-la-lucha-por-la-defensa-y-reconocimiento-de-su-territorio\/?utm_source=pocket_mylist\">https:\/\/www.lavozdemichoacan.com.mx\/michoacan\/pueblos-originarios\/ostula-se-mantiene-en-la-lucha-por-la-defensa-y-reconocimiento-de-su-territorio\/?utm_source=pocket_mylist<\/a><\/p>\n","protected":false},"excerpt":{"rendered":"<p>Desde el siglo pasado, los pobladores de Ostula buscan el reconocimiento de sus tierras, las cuales son amenazas por la riqueza natural que poseen. Jos\u00e9 Luis Ceja \/ Colaborador La &hellip; <a href=\"https:\/\/www.grieta.org.mx\/index.php\/2021\/08\/23\/ostula-se-mantiene-en-la-lucha-por-la-defensa-y-reconocimiento-de-su-territorio\/\" class=\"more-link\">Leer m\u00e1s<\/a><\/p>\n","protected":false},"author":2,"featured_media":61532,"comment_status":"closed","ping_status":"closed","sticky":false,"template":"","format":"standard","meta":{"ngg_post_thumbnail":0,"_jetpack_newsletter_access":"","_jetpack_dont_email_post_to_subs":false,"_jetpack_newsletter_tier_id":0,"_jetpack_memberships_contains_paywalled_content":false,"_jetpack_memberships_contains_paid_content":false,"footnotes":""},"categories":[8,80,1278,1,989,21,995,2934],"tags":[3918,628,2688,2466],"class_list":["post-61530","post","type-post","status-publish","format-standard","has-post-thumbnail","hentry","category-1-ostula","category-cintillo","category-despojo-de-tierras-y-territorios","category-espejos-de-la-resistencia","category-lucha-y-resistencia-del-pueblo-de-santa-maria-ostula","category-michoacan","category-resistencia-y-construccion-de-autonomia-de-las-comunidades-rurales-en-michoacan","category-resistencias-en-michoacan","tag-defensa-de-la-naturaleza","tag-defensa-del-territorio","tag-defensa-lengua-y-cultura","tag-luchas-y-resistencias-de-pueblos-originarios","entry"],"jetpack_featured_media_url":"https:\/\/www.grieta.org.mx\/wp-content\/uploads\/2021\/09\/Ostula-1.jpg","jetpack_sharing_enabled":true,"jetpack_shortlink":"https:\/\/wp.me\/p7ZJR4-g0q","jetpack_likes_enabled":false,"jetpack-related-posts":[{"id":15886,"url":"https:\/\/www.grieta.org.mx\/index.php\/2016\/06\/28\/ostula-michoacan-siete-anos-en-defensa-de-la-madre-tierra\/","url_meta":{"origin":61530,"position":0},"title":"Ostula Michoac\u00e1n, siete a\u00f1os en defensa de la Madre Tierra","author":"Admin","date":"28 junio, 2016","format":false,"excerpt":"En el marco del s\u00e9ptimo aniversario de recuperaci\u00f3n de 1200 hect\u00e1reas de tierras comunales donde la comunidad ind\u00edgena de Santa Mar\u00eda Ostula, municipio de Aquila, Michoac\u00e1n, fund\u00f3 la encargatura de Xayakalan, como parte de su organizaci\u00f3n en defensa de su territorio y autonom\u00eda. El Centro de Derechos Humanos Fray Bartolom\u00e9\u2026","rel":"","context":"En &quot;CINTILLO&quot;","block_context":{"text":"CINTILLO","link":"https:\/\/www.grieta.org.mx\/index.php\/category\/cintillo\/"},"img":{"alt_text":"","src":"https:\/\/i0.wp.com\/www.grieta.org.mx\/wp-content\/uploads\/2018\/03\/14524434_1106112876131411_958039263622046936_o.jpg?resize=350%2C200&ssl=1","width":350,"height":200,"srcset":"https:\/\/i0.wp.com\/www.grieta.org.mx\/wp-content\/uploads\/2018\/03\/14524434_1106112876131411_958039263622046936_o.jpg?resize=350%2C200&ssl=1 1x, https:\/\/i0.wp.com\/www.grieta.org.mx\/wp-content\/uploads\/2018\/03\/14524434_1106112876131411_958039263622046936_o.jpg?resize=525%2C300&ssl=1 1.5x, https:\/\/i0.wp.com\/www.grieta.org.mx\/wp-content\/uploads\/2018\/03\/14524434_1106112876131411_958039263622046936_o.jpg?resize=700%2C400&ssl=1 2x"},"classes":[]},{"id":41062,"url":"https:\/\/www.grieta.org.mx\/index.php\/2019\/11\/03\/pobladores-de-ostula-michoacan-instalan-revisiones-vehiculares-tras-emboscada-a-guardia-local-michoacan\/","url_meta":{"origin":61530,"position":1},"title":"Pobladores de Ostula, Michoac\u00e1n, instalan revisiones vehiculares tras emboscada a Guardia Local (Michoac\u00e1n)","author":"grieta","date":"3 noviembre, 2019","format":false,"excerpt":"Por:Redacci\u00f3n \/ Noventa Grados, 03 de noviembre de 2019 Aquila, Michoac\u00e1n; a 03 de noviembre de 2019.- Ante la agresi\u00f3n armada que sufri\u00f3 esta tarde la Guardia Comunal de Aquila, el pueblo nahua de Ostula, que forma parte de este municipio, activ\u00f3 sus protocolos de seguridad e instal\u00f3 un filtro\u2026","rel":"","context":"En &quot;1. Ostula&quot;","block_context":{"text":"1. Ostula","link":"https:\/\/www.grieta.org.mx\/index.php\/category\/espejos-de-la-resistencia\/1-ostula\/"},"img":{"alt_text":"","src":"https:\/\/i0.wp.com\/www.grieta.org.mx\/wp-content\/uploads\/2019\/11\/0-grande.jpg?resize=350%2C200&ssl=1","width":350,"height":200,"srcset":"https:\/\/i0.wp.com\/www.grieta.org.mx\/wp-content\/uploads\/2019\/11\/0-grande.jpg?resize=350%2C200&ssl=1 1x, https:\/\/i0.wp.com\/www.grieta.org.mx\/wp-content\/uploads\/2019\/11\/0-grande.jpg?resize=525%2C300&ssl=1 1.5x, https:\/\/i0.wp.com\/www.grieta.org.mx\/wp-content\/uploads\/2019\/11\/0-grande.jpg?resize=700%2C400&ssl=1 2x"},"classes":[]},{"id":69748,"url":"https:\/\/www.grieta.org.mx\/index.php\/2024\/08\/09\/habitantes-de-santa-maria-ostula-realizan-jornada-de-protestas-en-defensa-de-su-territorio-michoacan\/","url_meta":{"origin":61530,"position":2},"title":"Habitantes de Santa Mar\u00eda Ostula realizan jornada de protestas en defensa de su territorio (Michoac\u00e1n)","author":"grieta","date":"9 agosto, 2024","format":false,"excerpt":"Pobladores de la comunidad ind\u00edgena nahua enfrentan el riesgo de perder alrededor de 3 mil hect\u00e1reas de su territorio mediante un juicio iniciado hace dos d\u00e9cadas. Proceso Por Pedro Zamora Brise\u00f1o viernes, 9 de agosto de 2024 MORELIA, Mich. (apro).- La ma\u00f1ana de este viernes, habitantes de la comunidad ind\u00edgena\u2026","rel":"","context":"En &quot;CINTILLO&quot;","block_context":{"text":"CINTILLO","link":"https:\/\/www.grieta.org.mx\/index.php\/category\/cintillo\/"},"img":{"alt_text":"","src":"https:\/\/i0.wp.com\/www.grieta.org.mx\/wp-content\/uploads\/2024\/09\/f685x385-205051_242744_4965.jpg?resize=350%2C200&ssl=1","width":350,"height":200,"srcset":"https:\/\/i0.wp.com\/www.grieta.org.mx\/wp-content\/uploads\/2024\/09\/f685x385-205051_242744_4965.jpg?resize=350%2C200&ssl=1 1x, https:\/\/i0.wp.com\/www.grieta.org.mx\/wp-content\/uploads\/2024\/09\/f685x385-205051_242744_4965.jpg?resize=525%2C300&ssl=1 1.5x"},"classes":[]},{"id":36911,"url":"https:\/\/www.grieta.org.mx\/index.php\/2019\/07\/19\/ostula-el-pueblo-nahua-que-expulso-al-narco-michoacan\/","url_meta":{"origin":61530,"position":3},"title":"Ostula: el pueblo nahua que expuls\u00f3 al narco (Michoac\u00e1n)","author":"grieta","date":"19 julio, 2019","format":false,"excerpt":"Ostula cumple diez a\u00f1os de haber expulsado al crimen organizado de su territorio. Ubicado en las costas de Michoac\u00e1n, de cara al Pac\u00edfico, este pueblo celebra en esta ocasi\u00f3n diez a\u00f1os de haber impedido la invasi\u00f3n y el despojo. Plumas at\u00f3micas Editor\/ 19 de julio de 2019 A diferencia de\u2026","rel":"","context":"En &quot;CINTILLO&quot;","block_context":{"text":"CINTILLO","link":"https:\/\/www.grieta.org.mx\/index.php\/category\/cintillo\/"},"img":{"alt_text":"","src":"https:\/\/i0.wp.com\/www.grieta.org.mx\/wp-content\/uploads\/2019\/07\/9.jpg?resize=350%2C200&ssl=1","width":350,"height":200,"srcset":"https:\/\/i0.wp.com\/www.grieta.org.mx\/wp-content\/uploads\/2019\/07\/9.jpg?resize=350%2C200&ssl=1 1x, https:\/\/i0.wp.com\/www.grieta.org.mx\/wp-content\/uploads\/2019\/07\/9.jpg?resize=525%2C300&ssl=1 1.5x, https:\/\/i0.wp.com\/www.grieta.org.mx\/wp-content\/uploads\/2019\/07\/9.jpg?resize=700%2C400&ssl=1 2x, https:\/\/i0.wp.com\/www.grieta.org.mx\/wp-content\/uploads\/2019\/07\/9.jpg?resize=1050%2C600&ssl=1 3x"},"classes":[]},{"id":70969,"url":"https:\/\/www.grieta.org.mx\/index.php\/2025\/02\/15\/insuficiente-fallo-a-favor-de-ostula-michoacan\/","url_meta":{"origin":61530,"position":4},"title":"Insuficiente, fallo a favor de Ostula (Michoac\u00e1n)","author":"grieta","date":"15 febrero, 2025","format":false,"excerpt":"La justicia federal reconoci\u00f3 violaci\u00f3n de derechos a la comunidad nahua en el juicio sobre la posesi\u00f3n de Xayakalan, pero no resolvi\u00f3 de fondo el asunto regla de tres 13\/02\/2025 Patricia Monreal La comunidad ind\u00edgena de Santa Mar\u00eda Ostula logr\u00f3 este jueves una resoluci\u00f3n a favor en el amparo directo\u2026","rel":"","context":"En &quot;1. Ostula&quot;","block_context":{"text":"1. Ostula","link":"https:\/\/www.grieta.org.mx\/index.php\/category\/espejos-de-la-resistencia\/1-ostula\/"},"img":{"alt_text":"","src":"https:\/\/i0.wp.com\/www.grieta.org.mx\/wp-content\/uploads\/2025\/02\/Insuficiente-fallo-a-favor-de-Ostula-01-scaled-1.webp?resize=350%2C200&ssl=1","width":350,"height":200,"srcset":"https:\/\/i0.wp.com\/www.grieta.org.mx\/wp-content\/uploads\/2025\/02\/Insuficiente-fallo-a-favor-de-Ostula-01-scaled-1.webp?resize=350%2C200&ssl=1 1x, https:\/\/i0.wp.com\/www.grieta.org.mx\/wp-content\/uploads\/2025\/02\/Insuficiente-fallo-a-favor-de-Ostula-01-scaled-1.webp?resize=525%2C300&ssl=1 1.5x, https:\/\/i0.wp.com\/www.grieta.org.mx\/wp-content\/uploads\/2025\/02\/Insuficiente-fallo-a-favor-de-Ostula-01-scaled-1.webp?resize=700%2C400&ssl=1 2x, https:\/\/i0.wp.com\/www.grieta.org.mx\/wp-content\/uploads\/2025\/02\/Insuficiente-fallo-a-favor-de-Ostula-01-scaled-1.webp?resize=1050%2C600&ssl=1 3x, https:\/\/i0.wp.com\/www.grieta.org.mx\/wp-content\/uploads\/2025\/02\/Insuficiente-fallo-a-favor-de-Ostula-01-scaled-1.webp?resize=1400%2C800&ssl=1 4x"},"classes":[]},{"id":68449,"url":"https:\/\/www.grieta.org.mx\/index.php\/2024\/02\/08\/la-comunidad-nahua-de-santa-maria-ostula-denuncia-ataque-de-un-comando-armado-del-cjng\/","url_meta":{"origin":61530,"position":5},"title":"La comunidad Nahua de Santa Mar\u00eda Ostula denuncia ataque de un Comando Armado del CJNG","author":"grieta","date":"8 febrero, 2024","format":false,"excerpt":"Colectivo Grieta 04 de febrero de 2024. En un comunicado publicado por el Congreso Nacional Ind\u00edgena, la Comunidad Nahua de Santa Mar\u00eda Ostula denunci\u00f3 el ataque de un comando armado de unas 50 personas que incursionaron a bordo de camionetas en el territorio comunal de La Cofrad\u00eda. Los comuneros reportan\u2026","rel":"","context":"En &quot;1. Ostula&quot;","block_context":{"text":"1. Ostula","link":"https:\/\/www.grieta.org.mx\/index.php\/category\/espejos-de-la-resistencia\/1-ostula\/"},"img":{"alt_text":"","src":"https:\/\/i0.wp.com\/www.grieta.org.mx\/wp-content\/uploads\/2024\/02\/PRONUNCIAMIENTO-POR-LA-DESAPARICION-FORZADA-DE-LORENZO-FROYLAN-DE-LA-CRUZ-R_20240202_202519_0000.png?resize=350%2C200&ssl=1","width":350,"height":200,"srcset":"https:\/\/i0.wp.com\/www.grieta.org.mx\/wp-content\/uploads\/2024\/02\/PRONUNCIAMIENTO-POR-LA-DESAPARICION-FORZADA-DE-LORENZO-FROYLAN-DE-LA-CRUZ-R_20240202_202519_0000.png?resize=350%2C200&ssl=1 1x, https:\/\/i0.wp.com\/www.grieta.org.mx\/wp-content\/uploads\/2024\/02\/PRONUNCIAMIENTO-POR-LA-DESAPARICION-FORZADA-DE-LORENZO-FROYLAN-DE-LA-CRUZ-R_20240202_202519_0000.png?resize=525%2C300&ssl=1 1.5x, https:\/\/i0.wp.com\/www.grieta.org.mx\/wp-content\/uploads\/2024\/02\/PRONUNCIAMIENTO-POR-LA-DESAPARICION-FORZADA-DE-LORENZO-FROYLAN-DE-LA-CRUZ-R_20240202_202519_0000.png?resize=700%2C400&ssl=1 2x"},"classes":[]}],"_links":{"self":[{"href":"https:\/\/www.grieta.org.mx\/index.php\/wp-json\/wp\/v2\/posts\/61530","targetHints":{"allow":["GET"]}}],"collection":[{"href":"https:\/\/www.grieta.org.mx\/index.php\/wp-json\/wp\/v2\/posts"}],"about":[{"href":"https:\/\/www.grieta.org.mx\/index.php\/wp-json\/wp\/v2\/types\/post"}],"author":[{"embeddable":true,"href":"https:\/\/www.grieta.org.mx\/index.php\/wp-json\/wp\/v2\/users\/2"}],"replies":[{"embeddable":true,"href":"https:\/\/www.grieta.org.mx\/index.php\/wp-json\/wp\/v2\/comments?post=61530"}],"version-history":[{"count":1,"href":"https:\/\/www.grieta.org.mx\/index.php\/wp-json\/wp\/v2\/posts\/61530\/revisions"}],"predecessor-version":[{"id":61533,"href":"https:\/\/www.grieta.org.mx\/index.php\/wp-json\/wp\/v2\/posts\/61530\/revisions\/61533"}],"wp:featuredmedia":[{"embeddable":true,"href":"https:\/\/www.grieta.org.mx\/index.php\/wp-json\/wp\/v2\/media\/61532"}],"wp:attachment":[{"href":"https:\/\/www.grieta.org.mx\/index.php\/wp-json\/wp\/v2\/media?parent=61530"}],"wp:term":[{"taxonomy":"category","embeddable":true,"href":"https:\/\/www.grieta.org.mx\/index.php\/wp-json\/wp\/v2\/categories?post=61530"},{"taxonomy":"post_tag","embeddable":true,"href":"https:\/\/www.grieta.org.mx\/index.php\/wp-json\/wp\/v2\/tags?post=61530"}],"curies":[{"name":"wp","href":"https:\/\/api.w.org\/{rel}","templated":true}]}}