{"id":61527,"date":"2021-08-30T18:13:05","date_gmt":"2021-08-30T23:13:05","guid":{"rendered":"https:\/\/www.grieta.org.mx\/?p=61527"},"modified":"2021-09-05T18:34:05","modified_gmt":"2021-09-05T23:34:05","slug":"feministas-protestan-por-feminicidio-de-la-maestra-erendira-nayarit","status":"publish","type":"post","link":"https:\/\/www.grieta.org.mx\/index.php\/2021\/08\/30\/feministas-protestan-por-feminicidio-de-la-maestra-erendira-nayarit\/","title":{"rendered":"Feministas protestan por feminicidio de la maestra Er\u00e9ndira (Nayarit)"},"content":{"rendered":"<p>Foto: El Sol de Nayarit<\/p>\n<p>Redacci\u00f3n \/ El Sol de Nayarit<\/p>\n<p>Un nutrido grupo de mujeres salieron este lunes a las calles de Tepic para exigir justicia por el reciente feminicidio de la maestra de secundaria, Mireya Er\u00e9ndira Castill\u00f3n Langarica.<\/p>\n<p>Las feministas que tambi\u00e9n eran acompa\u00f1adas por algunos hombres, dieron comienzo a la marcha sobre la Avenida M\u00e9xico, pasando por Palacio de Gobierno, y posteriormente, continuaron rumbo al Congreso del Estado donde hicieron una pausa.<\/p>\n<p>Al grito de &#8211; ni una m\u00e1s, ni una m\u00e1s, mujer escucha, esta es tu lucha-, continuaron recorriendo la avenida hasta llegar a la catedral donde colocaron velas en memoria de la profesora, quien fue asesinada dentro de su domicilio.<\/p>\n<p>Hacen un llamado urgente al gobierno estatal a\u00fan encabezado por Antonio Echevarr\u00eda Garcia, para que tome cartas en el asunto y castigue a el o los presuntos responsables de privar de la vida a Er\u00e9ndira.<\/p>\n<p><a href=\"http:\/\/www.elsoldenayarit.mx\/nota-roja\/79628-feministas-protestan-por-feminicidio-de-la-maestra-erendira\">http:\/\/www.elsoldenayarit.mx\/nota-roja\/79628-feministas-protestan-por-feminicidio-de-la-maestra-erendira<\/a><\/p>\n","protected":false},"excerpt":{"rendered":"<p>Foto: El Sol de Nayarit Redacci\u00f3n \/ El Sol de Nayarit Un nutrido grupo de mujeres salieron este lunes a las calles de Tepic para exigir justicia por el reciente &hellip; <a href=\"https:\/\/www.grieta.org.mx\/index.php\/2021\/08\/30\/feministas-protestan-por-feminicidio-de-la-maestra-erendira-nayarit\/\" class=\"more-link\">Leer m\u00e1s<\/a><\/p>\n","protected":false},"author":2,"featured_media":61528,"comment_status":"closed","ping_status":"closed","sticky":false,"template":"","format":"standard","meta":{"ngg_post_thumbnail":0,"_jetpack_newsletter_access":"","_jetpack_dont_email_post_to_subs":false,"_jetpack_newsletter_tier_id":0,"_jetpack_memberships_contains_paywalled_content":false,"_jetpack_memberships_contains_paid_content":false,"footnotes":""},"categories":[80,84,2268,23,2,83],"tags":[3042,2999,81,3019],"class_list":["post-61527","post","type-post","status-publish","format-standard","has-post-thumbnail","hentry","category-cintillo","category-feminicidios","category-feminicidios-en-nayarit","category-nayarit","category-noticias-nacionales","category-temas-nacionales","tag-colectivos-feministas","tag-feminicidio-violencia-contra-las-mujeres","tag-feminicidios","tag-movilizaciones-contra-feminicidios","entry"],"jetpack_featured_media_url":"https:\/\/www.grieta.org.mx\/wp-content\/uploads\/2021\/09\/79628_17_20210830214936_4177fde8610-e06a-4378-86e6-fffab8df21d0.jpeg","jetpack_sharing_enabled":true,"jetpack_shortlink":"https:\/\/wp.me\/p7ZJR4-g0n","jetpack_likes_enabled":false,"jetpack-related-posts":[{"id":66469,"url":"https:\/\/www.grieta.org.mx\/index.php\/2023\/03\/08\/nayarit-colectivos-feministas-marchan-por-la-violencia-que-se-ejerce-contra-ellas\/","url_meta":{"origin":61527,"position":0},"title":"Nayarit: Colectivos feministas marchan por la violencia que se ejerce contra ellas","author":"grieta","date":"8 marzo, 2023","format":false,"excerpt":"Imagen: Crys Ben\u00edtez Crys Ben\u00edtez El Occidental Tepic, Nayarit (OEM- Informex).- Este 8 de Marzo en el marco del \"D\u00eda Internacional de la Mujer\" diversos colectivos feministas marcharon en la capital nayarita con el objetivo de reflexionar en torno a los avances que se han tenido y la deuda que\u2026","rel":"","context":"En &quot;CINTILLO&quot;","block_context":{"text":"CINTILLO","link":"https:\/\/www.grieta.org.mx\/index.php\/category\/cintillo\/"},"img":{"alt_text":"","src":"https:\/\/i0.wp.com\/www.grieta.org.mx\/wp-content\/uploads\/2023\/03\/Manifestantes-Nayarit.jpeg?resize=350%2C200&ssl=1","width":350,"height":200,"srcset":"https:\/\/i0.wp.com\/www.grieta.org.mx\/wp-content\/uploads\/2023\/03\/Manifestantes-Nayarit.jpeg?resize=350%2C200&ssl=1 1x, https:\/\/i0.wp.com\/www.grieta.org.mx\/wp-content\/uploads\/2023\/03\/Manifestantes-Nayarit.jpeg?resize=525%2C300&ssl=1 1.5x, https:\/\/i0.wp.com\/www.grieta.org.mx\/wp-content\/uploads\/2023\/03\/Manifestantes-Nayarit.jpeg?resize=700%2C400&ssl=1 2x"},"classes":[]},{"id":53620,"url":"https:\/\/www.grieta.org.mx\/index.php\/2020\/09\/17\/colectivos-feministas-se-manifiestan-en-el-edificio-de-la-cddh-nayarit\/","url_meta":{"origin":61527,"position":1},"title":"Colectivos feministas se manifiestan en el edificio de la CDDH (Nayarit)","author":"grieta","date":"17 septiembre, 2020","format":false,"excerpt":"Foto: Meridiano.MX Paola Cervantes -\u00a0 Alberto Fern\u00e1ndez \/ Meridiano.MX El pasado 16 de septiembre un grupo de mujeres arribaron a las instalaciones de la Comisi\u00f3n de Defensa de los Derechos Humanos para el Estado de Nayarit donde realizaron una manifestaci\u00f3n tanto al exterior y al interior del lugar donde plasmaron\u2026","rel":"","context":"En &quot;CINTILLO&quot;","block_context":{"text":"CINTILLO","link":"https:\/\/www.grieta.org.mx\/index.php\/category\/cintillo\/"},"img":{"alt_text":"","src":"https:\/\/i0.wp.com\/www.grieta.org.mx\/wp-content\/uploads\/2020\/09\/1600382374_cddh__1_.jpeg?resize=350%2C200&ssl=1","width":350,"height":200,"srcset":"https:\/\/i0.wp.com\/www.grieta.org.mx\/wp-content\/uploads\/2020\/09\/1600382374_cddh__1_.jpeg?resize=350%2C200&ssl=1 1x, https:\/\/i0.wp.com\/www.grieta.org.mx\/wp-content\/uploads\/2020\/09\/1600382374_cddh__1_.jpeg?resize=525%2C300&ssl=1 1.5x, https:\/\/i0.wp.com\/www.grieta.org.mx\/wp-content\/uploads\/2020\/09\/1600382374_cddh__1_.jpeg?resize=700%2C400&ssl=1 2x"},"classes":[]},{"id":65754,"url":"https:\/\/www.grieta.org.mx\/index.php\/2022\/11\/02\/con-ofrenda-piden-justicia-para-victimas-de-feminicidio-en-oaxaca\/","url_meta":{"origin":61527,"position":2},"title":"Con ofrenda piden justicia para v\u00edctimas de feminicidio en Oaxaca","author":"grieta","date":"2 noviembre, 2022","format":false,"excerpt":"Imagen: El Solo de Nayarit Redacci\u00f3n \/ El Sol de Nayarit Integrantes de la colectiva \"las nietas de Lilith Oaxaca\", instalaron un altar en memoria de las mujeres que fueron v\u00edctimas de feminicidio en Oaxaca. El altar est\u00e1 ubicado a un costado del atrio de Santo Domingo de Guzm\u00e1n, en\u2026","rel":"","context":"En &quot;CINTILLO&quot;","block_context":{"text":"CINTILLO","link":"https:\/\/www.grieta.org.mx\/index.php\/category\/cintillo\/"},"img":{"alt_text":"","src":"https:\/\/i0.wp.com\/www.grieta.org.mx\/wp-content\/uploads\/2022\/11\/87688_17_20221102213731_117captura_de_pantalla_2022-11-02_a_la_s__2.47.41_p.m.png?resize=350%2C200&ssl=1","width":350,"height":200,"srcset":"https:\/\/i0.wp.com\/www.grieta.org.mx\/wp-content\/uploads\/2022\/11\/87688_17_20221102213731_117captura_de_pantalla_2022-11-02_a_la_s__2.47.41_p.m.png?resize=350%2C200&ssl=1 1x, https:\/\/i0.wp.com\/www.grieta.org.mx\/wp-content\/uploads\/2022\/11\/87688_17_20221102213731_117captura_de_pantalla_2022-11-02_a_la_s__2.47.41_p.m.png?resize=525%2C300&ssl=1 1.5x"},"classes":[]},{"id":58150,"url":"https:\/\/www.grieta.org.mx\/index.php\/2021\/04\/04\/crecen-en-nayarit-delitos-de-lesiones-violacion-y-feminicidio-denuncia-colectivo-feminista\/","url_meta":{"origin":61527,"position":3},"title":"Crecen en Nayarit delitos de lesiones, violaci\u00f3n y feminicidio denuncia colectivo feminista","author":"grieta","date":"4 abril, 2021","format":false,"excerpt":"Foto: Cuartoscuro Crys Ben\u00edtez \/ El Occidental TEPIC, Nayarit (OEM-Informex).- Ante el actual escenario de pandemia, la violencia contra las mujeres y su carga de trabajo de cuidados ha reportado un incremento en Am\u00e9rica latina. As\u00ed lo inform\u00f3 la integrante del colectivo feminista, quien se identific\u00f3 como G. Cort\u00e9s, que\u2026","rel":"","context":"En &quot;CINTILLO&quot;","block_context":{"text":"CINTILLO","link":"https:\/\/www.grieta.org.mx\/index.php\/category\/cintillo\/"},"img":{"alt_text":"","src":"https:\/\/i0.wp.com\/www.grieta.org.mx\/wp-content\/uploads\/2021\/04\/Violencia-contra-las-mujeres-Cuartoscuro.jpg?resize=350%2C200&ssl=1","width":350,"height":200,"srcset":"https:\/\/i0.wp.com\/www.grieta.org.mx\/wp-content\/uploads\/2021\/04\/Violencia-contra-las-mujeres-Cuartoscuro.jpg?resize=350%2C200&ssl=1 1x, https:\/\/i0.wp.com\/www.grieta.org.mx\/wp-content\/uploads\/2021\/04\/Violencia-contra-las-mujeres-Cuartoscuro.jpg?resize=525%2C300&ssl=1 1.5x, https:\/\/i0.wp.com\/www.grieta.org.mx\/wp-content\/uploads\/2021\/04\/Violencia-contra-las-mujeres-Cuartoscuro.jpg?resize=700%2C400&ssl=1 2x"},"classes":[]},{"id":62115,"url":"https:\/\/www.grieta.org.mx\/index.php\/2021\/09\/27\/se-manifiestan-nayaritas-para-exigir-justica-por-la-muerte-de-sajhaidy-nayarit\/","url_meta":{"origin":61527,"position":4},"title":"Se manifiestan nayaritas para exigir justica por la muerte de Sajhaidy (Nayarit)","author":"grieta","date":"27 septiembre, 2021","format":false,"excerpt":"Foto: El Sol de Nayarit Un nutrido grupo de personas salieron este lunes 27 de Septiembre a las calles de la ciudad de Tepic para exigir justicia por la muerte de la joven Sajhaidy Delgado de 27 a\u00f1os. Mediante una manifestaci\u00f3n pacifica que inici\u00f3 en avenida M\u00e9xico y continu\u00f3 a\u2026","rel":"","context":"En &quot;CINTILLO&quot;","block_context":{"text":"CINTILLO","link":"https:\/\/www.grieta.org.mx\/index.php\/category\/cintillo\/"},"img":{"alt_text":"","src":"https:\/\/i0.wp.com\/www.grieta.org.mx\/wp-content\/uploads\/2021\/10\/temp_nota_01_80164_17_20210927224804_117niuu.jpg?resize=350%2C200&ssl=1","width":350,"height":200,"srcset":"https:\/\/i0.wp.com\/www.grieta.org.mx\/wp-content\/uploads\/2021\/10\/temp_nota_01_80164_17_20210927224804_117niuu.jpg?resize=350%2C200&ssl=1 1x, https:\/\/i0.wp.com\/www.grieta.org.mx\/wp-content\/uploads\/2021\/10\/temp_nota_01_80164_17_20210927224804_117niuu.jpg?resize=525%2C300&ssl=1 1.5x"},"classes":[]},{"id":65817,"url":"https:\/\/www.grieta.org.mx\/index.php\/2022\/11\/24\/marcha-en-bahia-por-el-dia-de-erradicacion-de-violencia-contra-la-mujer-nayarit\/","url_meta":{"origin":61527,"position":5},"title":"Marcha en Bah\u00eda por el d\u00eda de Erradicaci\u00f3n de Violencia contra la Mujer (Nayarit)","author":"grieta","date":"24 noviembre, 2022","format":false,"excerpt":"Imagen: Tribuna de la Bah\u00eda Israel Torres \/ Tribuna de la Bah\u00eda Colectivos feministas y familiares de\u00a0mujeres desaparecidas\u00a0de\u00a0Bah\u00eda de Banderas, realizar\u00e1n este\u00a0viernes 25 de noviembre,\u00a0en punto de las 05:00 p.m, una\u00a0marcha conmemorativa al D\u00eda Internacional de la Eliminaci\u00f3n de la Violencia contra la Mujer, con el \u00e1nimo de visibilizar los\u2026","rel":"","context":"En &quot;CINTILLO&quot;","block_context":{"text":"CINTILLO","link":"https:\/\/www.grieta.org.mx\/index.php\/category\/cintillo\/"},"img":{"alt_text":"","src":"https:\/\/i0.wp.com\/www.grieta.org.mx\/wp-content\/uploads\/2022\/11\/marcha-bahia-violencia-cover.jpg?resize=350%2C200&ssl=1","width":350,"height":200,"srcset":"https:\/\/i0.wp.com\/www.grieta.org.mx\/wp-content\/uploads\/2022\/11\/marcha-bahia-violencia-cover.jpg?resize=350%2C200&ssl=1 1x, https:\/\/i0.wp.com\/www.grieta.org.mx\/wp-content\/uploads\/2022\/11\/marcha-bahia-violencia-cover.jpg?resize=525%2C300&ssl=1 1.5x, https:\/\/i0.wp.com\/www.grieta.org.mx\/wp-content\/uploads\/2022\/11\/marcha-bahia-violencia-cover.jpg?resize=700%2C400&ssl=1 2x"},"classes":[]}],"_links":{"self":[{"href":"https:\/\/www.grieta.org.mx\/index.php\/wp-json\/wp\/v2\/posts\/61527","targetHints":{"allow":["GET"]}}],"collection":[{"href":"https:\/\/www.grieta.org.mx\/index.php\/wp-json\/wp\/v2\/posts"}],"about":[{"href":"https:\/\/www.grieta.org.mx\/index.php\/wp-json\/wp\/v2\/types\/post"}],"author":[{"embeddable":true,"href":"https:\/\/www.grieta.org.mx\/index.php\/wp-json\/wp\/v2\/users\/2"}],"replies":[{"embeddable":true,"href":"https:\/\/www.grieta.org.mx\/index.php\/wp-json\/wp\/v2\/comments?post=61527"}],"version-history":[{"count":1,"href":"https:\/\/www.grieta.org.mx\/index.php\/wp-json\/wp\/v2\/posts\/61527\/revisions"}],"predecessor-version":[{"id":61529,"href":"https:\/\/www.grieta.org.mx\/index.php\/wp-json\/wp\/v2\/posts\/61527\/revisions\/61529"}],"wp:featuredmedia":[{"embeddable":true,"href":"https:\/\/www.grieta.org.mx\/index.php\/wp-json\/wp\/v2\/media\/61528"}],"wp:attachment":[{"href":"https:\/\/www.grieta.org.mx\/index.php\/wp-json\/wp\/v2\/media?parent=61527"}],"wp:term":[{"taxonomy":"category","embeddable":true,"href":"https:\/\/www.grieta.org.mx\/index.php\/wp-json\/wp\/v2\/categories?post=61527"},{"taxonomy":"post_tag","embeddable":true,"href":"https:\/\/www.grieta.org.mx\/index.php\/wp-json\/wp\/v2\/tags?post=61527"}],"curies":[{"name":"wp","href":"https:\/\/api.w.org\/{rel}","templated":true}]}}