{"id":61521,"date":"2021-08-29T17:10:51","date_gmt":"2021-08-29T22:10:51","guid":{"rendered":"https:\/\/www.grieta.org.mx\/?p=61521"},"modified":"2021-09-05T17:19:58","modified_gmt":"2021-09-05T22:19:58","slug":"exigimos-justicia-que-no-queden-impunes-todos-los-casos-colectivos-entre-cielo-y-tierra-y-huellas-de-amor-jalisco","status":"publish","type":"post","link":"https:\/\/www.grieta.org.mx\/index.php\/2021\/08\/29\/exigimos-justicia-que-no-queden-impunes-todos-los-casos-colectivos-entre-cielo-y-tierra-y-huellas-de-amor-jalisco\/","title":{"rendered":"\u201cExigimos justicia, que no queden impunes todos los casos\u201d: colectivos Entre Cielo y Tierra y Huellas de Amor (Jalisco)"},"content":{"rendered":"<p>Foto: Leslie Zepeda<\/p>\n<p><strong>Las y los familiares de las m\u00e1s de 13 mil personas desaparecidas en Jalisco iniciaron este domingo 29 de agosto las actividades conmemorativas y de exigencia por el\u00a0<em>D\u00eda Internacional de las V\u00edctimas de Desapariciones Forzadas.<\/em><\/strong><\/p>\n<p><strong>Integrantes de los colectivos\u00a0<em>Huellas de amor<\/em>\u00a0y\u00a0<em>Entre Cielo y Tierra<\/em>\u00a0colocaron losetas de con fichas de b\u00fasqueda en la Glorieta de las y los desaparecidos. Despu\u00e9s de colocar cerca de 20 losetas lanzaron al cielo globos blancos con mensajes para sus hijos, hijas, t\u00edos, padres, madres, sobrinos y cada uno de sus seres queridos ausentes.<\/strong><\/p>\n<p>Leslie Zepeda \/ Zona Docs<\/p>\n<p>Las y los familiares coincidieron en que las autoridades en Jalisco\u00a0<strong>no generan ning\u00fan esfuerzo por encontrar con vida a sus familiares.<\/strong>\u00a0Melissa, t\u00eda de\u00a0<strong>Edson Javier Zaragoza Garc\u00eda<\/strong>\u00a0de 20 a\u00f1os, quien fue desaparecido desde el 19 de febrero de 2020 en la Colonia San Juan de Dios de Guadalajara, Jalisco, asegur\u00f3 que\u00a0<strong>ni siquiera al darles la informaci\u00f3n completa de quienes se llevaron a su sobrino tomaron acciones para dar con los responsables:<\/strong><\/p>\n<p>\u201cTenemos un a\u00f1o y siete meses que no sabemos nada de \u00e9l y la Fiscal\u00eda no nos ayuda. Ya les pusimos en charola de plata a los testigos principales, a los responsables y no hacen nada. Hay total impunidad en todos los casos de desaparecidos; no tienen al personal capacitado para buscar a tanta gente porque es demasiada gente la que est\u00e1 desaparecida\u201d, comparti\u00f3.<\/p>\n<p>\u201cExigimos justicia, que no queden impunes todos los casos, que busquen a gente capacitada. Creo que solamente dos personas para buscar a tantos desaparecidos que hay en Jalisco, no pueden, es mucho el trabajo que hay Es una espera muy fuerte, es estar muerto en vida, no saber d\u00f3nde est\u00e1n, si comen, si tienen fr\u00edo, no se lo deseo a nadie\u201d, extern\u00f3 en medio de la acci\u00f3n de memoria.<\/p>\n<p>Melissa asegura que desea que la sociedad se integre a la b\u00fasqueda,\u00a0<strong>a la lucha que realizan continuamente como familiares de personas desaparecidas.<\/strong>\u00a0Para ella, la situaci\u00f3n es tan cr\u00edtica que cualquiera puede vivir lo que ellas. De no hacerlo solamente pide que\u00a0<strong>no les estigmaticen y mucho menos a sus seres queridos<\/strong>.<\/p>\n<p>Asimismo, Yolanda integrante del colectivo\u00a0<em>Huellas de amor<\/em>\u00a0y madre de\u00a0<strong>Juan Manuel Leal Cabrera,<\/strong>\u00a0desaparecido desde el 2013, coincidi\u00f3 en que\u00a0<strong>no hay autoridad que haga su trabajo:<\/strong><\/p>\n<p>\u201cLas autoridades no han dado informes, no avanzan, no hacen nada, ya van 8 a\u00f1os y desgraciadamente no. No veo que se muevan, cada que voy nunca est\u00e1n los de la Fiscal\u00eda.\u201d<\/p>\n<p>Yolanda se ha movilizado en conjunto con su hija y con otros familiares para realizar diversas acciones de b\u00fasqueda, porque dice que\u00a0<strong>\u201clas autoridades no hacen su trabajo\u201d;<\/strong>\u00a0m\u00ednimamente exige que\u00a0<strong>polic\u00edas y elementos de b\u00fasqueda est\u00e9n presentes cuando ella y otras mujeres y\/o familiares realizan b\u00fasquedas de campo.<\/strong><\/p>\n<p>\u201cVenimos a aventarles un globo a nuestros desaparecidos. Me gustar\u00eda decirle que lo extra\u00f1o mucho y que espero regrese pronto. Si ya no est\u00e1 conmigo que nos mande una se\u00f1al de d\u00f3nde est\u00e1,\u201d ese y otros deseos estuvieron presentes durante la acci\u00f3n.<\/p>\n<p><a href=\"https:\/\/www.zonadocs.mx\/2021\/08\/29\/exigimos-justicia-que-no-queden-impunes-todos-los-casos-colectivos-entre-cielo-y-tierra-y-huellas-de-amor\/\">https:\/\/www.zonadocs.mx\/2021\/08\/29\/exigimos-justicia-que-no-queden-impunes-todos-los-casos-colectivos-entre-cielo-y-tierra-y-huellas-de-amor\/<\/a><\/p>\n","protected":false},"excerpt":{"rendered":"<p>Foto: Leslie Zepeda Las y los familiares de las m\u00e1s de 13 mil personas desaparecidas en Jalisco iniciaron este domingo 29 de agosto las actividades conmemorativas y de exigencia por &hellip; <a href=\"https:\/\/www.grieta.org.mx\/index.php\/2021\/08\/29\/exigimos-justicia-que-no-queden-impunes-todos-los-casos-colectivos-entre-cielo-y-tierra-y-huellas-de-amor-jalisco\/\" class=\"more-link\">Leer m\u00e1s<\/a><\/p>\n","protected":false},"author":2,"featured_media":61522,"comment_status":"closed","ping_status":"closed","sticky":false,"template":"","format":"standard","meta":{"ngg_post_thumbnail":0,"_jetpack_newsletter_access":"","_jetpack_dont_email_post_to_subs":false,"_jetpack_newsletter_tier_id":0,"_jetpack_memberships_contains_paywalled_content":false,"_jetpack_memberships_contains_paid_content":false,"footnotes":""},"categories":[80,87,1032,20,2,83],"tags":[3791,1828,3018,121,1668,2549,1228],"class_list":["post-61521","post","type-post","status-publish","format-standard","has-post-thumbnail","hentry","category-cintillo","category-desaparecidos","category-desaparecidos-en-jalisco","category-jalisco","category-noticias-nacionales","category-temas-nacionales","tag-acciones-por-desaparecidos","tag-busqueda-de-desaparecidos","tag-colectivos-de-busqueda-de-desaparecidos","tag-desaparecidos","tag-familiares-de-desaparecidos","tag-marcha-por-los-desaparecidos","tag-protestas-por-desaparecidos","entry"],"jetpack_featured_media_url":"https:\/\/www.grieta.org.mx\/wp-content\/uploads\/2021\/09\/photo5001685374531119638.jpg","jetpack_sharing_enabled":true,"jetpack_shortlink":"https:\/\/wp.me\/p7ZJR4-g0h","jetpack_likes_enabled":false,"jetpack-related-posts":[{"id":57828,"url":"https:\/\/www.grieta.org.mx\/index.php\/2021\/03\/20\/nos-faltara-glorieta-accion-memorial-y-colocacion-de-losetas-de-busqueda-jalisco\/","url_meta":{"origin":61521,"position":0},"title":"\u00abNos faltar\u00e1 Glorieta\u00bb: acci\u00f3n memorial y colocaci\u00f3n de losetas de b\u00fasqueda (Jalisco)","author":"grieta","date":"20 marzo, 2021","format":false,"excerpt":"Foto: Zona Docs Christian Cantero \/ Zona Docs Decenas de familias se congregaron en la Glorieta de las y los desaparecidos de Jalisco para colocar ah\u00ed las losetas de b\u00fasqueda que, de a poco, ir\u00e1n sustituyendo a las lonas que han sido colocadas por quienes buscan a una de las\u2026","rel":"","context":"En &quot;CINTILLO&quot;","block_context":{"text":"CINTILLO","link":"https:\/\/www.grieta.org.mx\/index.php\/category\/cintillo\/"},"img":{"alt_text":"","src":"https:\/\/i0.wp.com\/www.grieta.org.mx\/wp-content\/uploads\/2021\/03\/Unknown-24-1.jpeg?resize=350%2C200&ssl=1","width":350,"height":200,"srcset":"https:\/\/i0.wp.com\/www.grieta.org.mx\/wp-content\/uploads\/2021\/03\/Unknown-24-1.jpeg?resize=350%2C200&ssl=1 1x, https:\/\/i0.wp.com\/www.grieta.org.mx\/wp-content\/uploads\/2021\/03\/Unknown-24-1.jpeg?resize=525%2C300&ssl=1 1.5x, https:\/\/i0.wp.com\/www.grieta.org.mx\/wp-content\/uploads\/2021\/03\/Unknown-24-1.jpeg?resize=700%2C400&ssl=1 2x"},"classes":[]},{"id":41969,"url":"https:\/\/www.grieta.org.mx\/index.php\/2019\/12\/03\/familiares-de-desaparecidos-reclamaron-la-falta-de-trabajos-y-de-resultados-jalisco\/","url_meta":{"origin":61521,"position":1},"title":"Familiares de desaparecidos reclamaron la falta de trabajos y de resultados (Jalisco)","author":"grieta","date":"3 diciembre, 2019","format":false,"excerpt":"Foto: Especial Juan Levario \/ El Diario NTR Durante la presentaci\u00f3n de un proyecto de colaboraci\u00f3n con expertos guatemaltecos para b\u00fasqueda de personas\u00a0en Jalisco, familiares de desaparecidos reclamaron a Enrique Ibarra Pedroza, secretario general de Gobierno,\u00a0y a otros funcionarios la falta de trabajos y de resultados. Representantes de los colectivos\u2026","rel":"","context":"En &quot;CINTILLO&quot;","block_context":{"text":"CINTILLO","link":"https:\/\/www.grieta.org.mx\/index.php\/category\/cintillo\/"},"img":{"alt_text":"","src":"https:\/\/i0.wp.com\/www.grieta.org.mx\/wp-content\/uploads\/2019\/12\/2019-12-02_11-12-13___5378.jpg?resize=350%2C200&ssl=1","width":350,"height":200,"srcset":"https:\/\/i0.wp.com\/www.grieta.org.mx\/wp-content\/uploads\/2019\/12\/2019-12-02_11-12-13___5378.jpg?resize=350%2C200&ssl=1 1x, https:\/\/i0.wp.com\/www.grieta.org.mx\/wp-content\/uploads\/2019\/12\/2019-12-02_11-12-13___5378.jpg?resize=525%2C300&ssl=1 1.5x, https:\/\/i0.wp.com\/www.grieta.org.mx\/wp-content\/uploads\/2019\/12\/2019-12-02_11-12-13___5378.jpg?resize=700%2C400&ssl=1 2x"},"classes":[]},{"id":65139,"url":"https:\/\/www.grieta.org.mx\/index.php\/2022\/09\/04\/necesitamos-que-nos-traten-con-respeto-y-dignidad-colectivos-de-busqueda-de-jalisco\/","url_meta":{"origin":61521,"position":2},"title":"\u201cNecesitamos que nos traten con respeto y dignidad\u201d: colectivos de b\u00fasqueda de Jalisco","author":"grieta","date":"4 septiembre, 2022","format":false,"excerpt":"Imagen: Aletse Torres Flores El colectivo\u00a0Luz de Esperanza\u00a0realiz\u00f3, este 4 de septiembre, una serie de acciones de protesta y exigencia de aparici\u00f3n con vida de sus familiares desaparecidos en Jalisco; entre ellas estuvieron la pega de losetas de b\u00fasqueda en la Glorieta de las y los Desaparecidos de Jalisco, as\u00ed\u2026","rel":"","context":"En &quot;CINTILLO&quot;","block_context":{"text":"CINTILLO","link":"https:\/\/www.grieta.org.mx\/index.php\/category\/cintillo\/"},"img":{"alt_text":"","src":"https:\/\/i0.wp.com\/www.grieta.org.mx\/wp-content\/uploads\/2022\/09\/photo5523966381410854845-1068x789-1.jpg?resize=350%2C200&ssl=1","width":350,"height":200,"srcset":"https:\/\/i0.wp.com\/www.grieta.org.mx\/wp-content\/uploads\/2022\/09\/photo5523966381410854845-1068x789-1.jpg?resize=350%2C200&ssl=1 1x, https:\/\/i0.wp.com\/www.grieta.org.mx\/wp-content\/uploads\/2022\/09\/photo5523966381410854845-1068x789-1.jpg?resize=525%2C300&ssl=1 1.5x, https:\/\/i0.wp.com\/www.grieta.org.mx\/wp-content\/uploads\/2022\/09\/photo5523966381410854845-1068x789-1.jpg?resize=700%2C400&ssl=1 2x, https:\/\/i0.wp.com\/www.grieta.org.mx\/wp-content\/uploads\/2022\/09\/photo5523966381410854845-1068x789-1.jpg?resize=1050%2C600&ssl=1 3x"},"classes":[]},{"id":49685,"url":"https:\/\/www.grieta.org.mx\/index.php\/2020\/05\/22\/colectivos-exigen-al-gobernador-no-cortar-recursos-a-busqueda-de-desaparecidos-jalsico\/","url_meta":{"origin":61521,"position":3},"title":"Colectivos exigen al gobernador no cortar recursos a b\u00fasqueda de desaparecidos (Jalisco)","author":"grieta","date":"22 mayo, 2020","format":false,"excerpt":"Foto: Francisco Guasco \/ EFE \/ Archivo Guadalajara, Jalisco. Colectivos ciudadanos dedicados a la defensa de los derechos humanos\u00a0emitieron este viernes un pronunciamiento en donde rechazan la iniciativa del gobernador Enrique Alfaro, enviada al Congreso de Jalisco, que adem\u00e1s de la deuda por 6 mil 200 millones de pesos contempla\u2026","rel":"","context":"En &quot;CINTILLO&quot;","block_context":{"text":"CINTILLO","link":"https:\/\/www.grieta.org.mx\/index.php\/category\/cintillo\/"},"img":{"alt_text":"","src":"https:\/\/i0.wp.com\/www.grieta.org.mx\/wp-content\/uploads\/2020\/05\/B%C3%BAsqueda-de-desaparecidos-EFE-656x420.jpg?resize=350%2C200&ssl=1","width":350,"height":200,"srcset":"https:\/\/i0.wp.com\/www.grieta.org.mx\/wp-content\/uploads\/2020\/05\/B%C3%BAsqueda-de-desaparecidos-EFE-656x420.jpg?resize=350%2C200&ssl=1 1x, https:\/\/i0.wp.com\/www.grieta.org.mx\/wp-content\/uploads\/2020\/05\/B%C3%BAsqueda-de-desaparecidos-EFE-656x420.jpg?resize=525%2C300&ssl=1 1.5x"},"classes":[]},{"id":59154,"url":"https:\/\/www.grieta.org.mx\/index.php\/2021\/04\/29\/coinciden-colectivos-de-desaparecidos-en-que-prevalece-crisis-forense-en-jalisco\/","url_meta":{"origin":61521,"position":4},"title":"Coinciden colectivos de desaparecidos en que prevalece crisis forense en Jalisco","author":"grieta","date":"29 abril, 2021","format":false,"excerpt":"Foto: EFE -\u00a0 Francisco Guasco F\u00e1tima Aguilar \/ UDGTV Jalisco arrastra una crisis forense desde 2018, cuando fue evidenciada por primera vez con el deambular de\u00a0dos tr\u00e1ileres que almacenaban cuerpos sin las condiciones adecuadas\u00a0de preservaci\u00f3n,\u00a0manifestaron familiares de desaparecidos. Pese a la negativa del gobierno actual de que existe una crisis\u2026","rel":"","context":"En &quot;CINTILLO&quot;","block_context":{"text":"CINTILLO","link":"https:\/\/www.grieta.org.mx\/index.php\/category\/cintillo\/"},"img":{"alt_text":"","src":"https:\/\/i0.wp.com\/www.grieta.org.mx\/wp-content\/uploads\/2021\/05\/Busqueda-de-desaparecidos-EFE-656x420-1.jpg?resize=350%2C200&ssl=1","width":350,"height":200,"srcset":"https:\/\/i0.wp.com\/www.grieta.org.mx\/wp-content\/uploads\/2021\/05\/Busqueda-de-desaparecidos-EFE-656x420-1.jpg?resize=350%2C200&ssl=1 1x, https:\/\/i0.wp.com\/www.grieta.org.mx\/wp-content\/uploads\/2021\/05\/Busqueda-de-desaparecidos-EFE-656x420-1.jpg?resize=525%2C300&ssl=1 1.5x"},"classes":[]},{"id":62940,"url":"https:\/\/www.grieta.org.mx\/index.php\/2021\/12\/22\/huellas-de-amor-cuelga-50-fotos-de-desaparecidos-en-arbol-navideno-en-jalisco\/","url_meta":{"origin":61521,"position":5},"title":"Huellas de amor cuelga 50 fotos de desaparecidos en \u00e1rbol navide\u00f1o en Jalisco","author":"grieta","date":"22 diciembre, 2021","format":false,"excerpt":"Foto: Rosario \u00c1lvarez Rosario \u00c1lvarez \/ Telediario En Jalisco 15 mil 148 familias tienen alg\u00fan familiar desaparecido, de acuerdo al \u00faltimo corte del Registro Nacional de Personas Desaparecidas y No Localizadas. Tras este dato, el colectivo Huellas de Amor,\u00a0colg\u00f3 m\u00e1s de 50 fichas de b\u00fasqueda de hombres y mujeres alrededor\u2026","rel":"","context":"En &quot;CINTILLO&quot;","block_context":{"text":"CINTILLO","link":"https:\/\/www.grieta.org.mx\/index.php\/category\/cintillo\/"},"img":{"alt_text":"","src":"https:\/\/i0.wp.com\/www.grieta.org.mx\/wp-content\/uploads\/2021\/12\/arbol-navidad-instalado-plaza-liberacion.jpg?resize=350%2C200&ssl=1","width":350,"height":200,"srcset":"https:\/\/i0.wp.com\/www.grieta.org.mx\/wp-content\/uploads\/2021\/12\/arbol-navidad-instalado-plaza-liberacion.jpg?resize=350%2C200&ssl=1 1x, https:\/\/i0.wp.com\/www.grieta.org.mx\/wp-content\/uploads\/2021\/12\/arbol-navidad-instalado-plaza-liberacion.jpg?resize=525%2C300&ssl=1 1.5x, https:\/\/i0.wp.com\/www.grieta.org.mx\/wp-content\/uploads\/2021\/12\/arbol-navidad-instalado-plaza-liberacion.jpg?resize=700%2C400&ssl=1 2x"},"classes":[]}],"_links":{"self":[{"href":"https:\/\/www.grieta.org.mx\/index.php\/wp-json\/wp\/v2\/posts\/61521","targetHints":{"allow":["GET"]}}],"collection":[{"href":"https:\/\/www.grieta.org.mx\/index.php\/wp-json\/wp\/v2\/posts"}],"about":[{"href":"https:\/\/www.grieta.org.mx\/index.php\/wp-json\/wp\/v2\/types\/post"}],"author":[{"embeddable":true,"href":"https:\/\/www.grieta.org.mx\/index.php\/wp-json\/wp\/v2\/users\/2"}],"replies":[{"embeddable":true,"href":"https:\/\/www.grieta.org.mx\/index.php\/wp-json\/wp\/v2\/comments?post=61521"}],"version-history":[{"count":1,"href":"https:\/\/www.grieta.org.mx\/index.php\/wp-json\/wp\/v2\/posts\/61521\/revisions"}],"predecessor-version":[{"id":61523,"href":"https:\/\/www.grieta.org.mx\/index.php\/wp-json\/wp\/v2\/posts\/61521\/revisions\/61523"}],"wp:featuredmedia":[{"embeddable":true,"href":"https:\/\/www.grieta.org.mx\/index.php\/wp-json\/wp\/v2\/media\/61522"}],"wp:attachment":[{"href":"https:\/\/www.grieta.org.mx\/index.php\/wp-json\/wp\/v2\/media?parent=61521"}],"wp:term":[{"taxonomy":"category","embeddable":true,"href":"https:\/\/www.grieta.org.mx\/index.php\/wp-json\/wp\/v2\/categories?post=61521"},{"taxonomy":"post_tag","embeddable":true,"href":"https:\/\/www.grieta.org.mx\/index.php\/wp-json\/wp\/v2\/tags?post=61521"}],"curies":[{"name":"wp","href":"https:\/\/api.w.org\/{rel}","templated":true}]}}