{"id":61518,"date":"2021-08-29T15:57:14","date_gmt":"2021-08-29T20:57:14","guid":{"rendered":"https:\/\/www.grieta.org.mx\/?p=61518"},"modified":"2021-09-05T17:03:30","modified_gmt":"2021-09-05T22:03:30","slug":"nos-siguen-faltando-reclaman-familiares-de-kenia-y-karla-mujeres-trans-desaparecidas-junto-a-familias-buscadoras-en-zapopan-jalisco","status":"publish","type":"post","link":"https:\/\/www.grieta.org.mx\/index.php\/2021\/08\/29\/nos-siguen-faltando-reclaman-familiares-de-kenia-y-karla-mujeres-trans-desaparecidas-junto-a-familias-buscadoras-en-zapopan-jalisco\/","title":{"rendered":"\u201cNos siguen faltando\u201d reclaman familiares de Kenia y Karla, mujeres trans desaparecidas junto a familias buscadoras en Zapopan (Jalisco)"},"content":{"rendered":"<p>Foto: Christian Cantero<\/p>\n<p><strong>Con una acci\u00f3n religiosa familiares de Kenia Duarte P\u00e9rez y Karla Garc\u00eda Duarte, j\u00f3venes trans desaparecidas el 18 de septiembre de 2020 en la colonia Mesa Colorada Oriente de Zapopan, se unieron a la exigencia de aparici\u00f3n con vida de las decenas de personas que tambi\u00e9n han sido desaparecidas en esta zona perif\u00e9rica del \u00c1rea Metropolitana de Guadalajara.<\/strong><\/p>\n<p><strong>Al menos 16 nombres de personas desaparecidas fueron escritos y colocados por sus familiares en una lona de pell\u00f3n a las afueras de la iglesia El Se\u00f1or de los Rayos, donde adem\u00e1s de orar por sus seres queridos, lanzaron globos blancos al cielo mientras reafirmaron su compromiso de encontrarles y traerles de regreso.<\/strong><\/p>\n<p><strong>A la acci\u00f3n se sum\u00f3 la familia de Jaime Adri\u00e1n Rodr\u00edguez Sol\u00eds, joven de 29 a\u00f1os que desapareci\u00f3 junto a Kenia y Karla y del cual todav\u00eda se desconoce su paradero.<\/strong><\/p>\n<p>Dalia Souza y Darwin Franco \/ Zona Docs<\/p>\n<p><strong>Kenia Duarte P\u00e9rez y Karla Garc\u00eda Duarte<\/strong>\u00a0se encuentran desaparecidas desde el pasado\u00a0<strong>18 de septiembre de 2020<\/strong>; las j\u00f3venes trans fueron vistas por \u00faltima vez a las 11:15 p.m. cuando se dirig\u00edan a una fiesta en la colonia Mesa Colorada Oriente en Zapopan.<\/p>\n<p>A casi un a\u00f1o de su desaparici\u00f3n y en el marco del\u00a0<em>D\u00eda Internacional de las V\u00edctimas de Desapariciones Forzadas<\/em>, sus familiares llevaron a cabo una acci\u00f3n religiosa para pedirle a su Dios que\u00a0<strong>\u201cles d\u00e9 paz, tranquilidad y justicia divina de que aparezcan\u201d<\/strong>, se\u00f1al\u00f3 la se\u00f1ora Ana, madre de Kenia.<\/p>\n<p>\u201cHay una tristeza en mi coraz\u00f3n muy enorme, una agon\u00eda que el no tenerla ya casi un a\u00f1o es muy dif\u00edcil. De verdad le pido a las autoridades que me ayuden, que me ayuden a localizarla porque ya casi es un a\u00f1o\u201d exclam\u00f3.<\/p>\n<p>Y es que, precis\u00f3 que\u00a0<strong>\u201c<\/strong><strong>desgraciadamente todav\u00eda no hay avances\u201d<\/strong>, incluso, cuando el Comit\u00e9 contra las Desapariciones Forzadas (Comit\u00e9 CED) de las Naciones Unidas, -tras una petici\u00f3n de Acci\u00f3n Urgente- haya demandado al Estado Mexicano a trav\u00e9s de sus tres niveles de gobierno a que\u00a0<strong>emprenda acciones inmediatas para la b\u00fasqueda y localizaci\u00f3n de estas dos j\u00f3venes desaparecidas<\/strong>.<\/p>\n<p>Seg\u00fan explic\u00f3 esta madre buscadora,\u00a0<strong>el Comit\u00e9 CED les ha asignado una abogada para que lleve su caso.\u00a0<\/strong>Esperan que el accionar de una persona externa e independiente\u00a0<strong>agilice el proceso de b\u00fasqueda, investigaci\u00f3n y localizaci\u00f3n de ambas j\u00f3venes<\/strong>, ya que hasta el momento la Fiscal\u00eda del Estado de Jalisco ha sido omisa en ofrecerles respuestas\u00a0<strong>\u201cpara saber qu\u00e9 pas\u00f3, d\u00f3nde est\u00e1n\u201d,<\/strong>\u00a0pues asegura la se\u00f1ora Ana\u00a0<strong>\u201c\u00a1no se las pudo haber tragado la tierra!\u201d<\/strong><\/p>\n<p>\u201cLa ONU ahorita nos est\u00e1 apoyando con la licenciada particular pero desgraciadamente no hay avances, no hay informaci\u00f3n, no hay localizaci\u00f3n de Karla y Kenia, que es lo m\u00e1s importante\u201d.<\/p>\n<p>Al acto religioso que se llev\u00f3 a cabo en la iglesia de\u00a0<strong>El Se\u00f1or de los Rayos<\/strong>, ubicada en la misma colonia donde presuntamente ocurrieron los hechos que terminaron en la desaparici\u00f3n de las j\u00f3venes,\u00a0<strong>acudieron otras familias con seres queridos desaparecidos.<\/strong><\/p>\n<p>Entre ellas, ah\u00ed estaba Mar\u00eda de Jes\u00fas Sol\u00eds Aguilar, madre de J<strong>aime Adri\u00e1n Rodr\u00edguez Sol\u00eds<\/strong>, joven de 29 a\u00f1os que fue desaparecido junto a Kenia y Karla el d\u00eda 18 de septiembre de 2020.<\/p>\n<p>De acuerdo con la se\u00f1ora Mar\u00eda,\u00a0<strong>las dos j\u00f3venes y Jaime son amigos desde la infancia<\/strong>, por lo que, ese d\u00eda iban juntos a sus casas despu\u00e9s de la fiesta a la que acudieron, pero de la que no consiguieron regresar.<\/p>\n<p>Denunci\u00f3, adem\u00e1s, sentir que su caso\u00a0<strong>ha sido invisibilizado y minimizado por las autoridades<\/strong>, quienes, pareciera que han puesto mayor inter\u00e9s en la b\u00fasqueda de Kenia y Karla, aun cuando la mayor\u00eda de las informaciones que se encuentran contenidas en sus carpetas de investigaci\u00f3n\u00a0<strong>han sido proporcionadas por su familia<\/strong>.<\/p>\n<p>Ahora mismo, gracias a su insistencia y tenacidad\u00a0<strong>ha conseguido que la carpeta de investigaci\u00f3n de su hijo sea integrada a la de ambas j\u00f3venes<\/strong>, esperando que esto signifique un avance en su proceso y en la pronta localizaci\u00f3n de su hijo. Incluso, advirti\u00f3 que junto a los tres fue desaparecido\u00a0<strong>otro joven de quien solo se sabe que su caso est\u00e1 en el \u00e1rea de secuestros.<\/strong><\/p>\n<p>\u201cYo quiero justicia, yo quiero que me lo busquen igual que como se busca a las mujeres, igual que como se busca a los ni\u00f1os cuando desaparecen, porque los hombres est\u00e1n olvidados. Son demasiados hombres los que est\u00e1n desaparecidos y se les busca menos. Entonces, exigimos justicia, yo quiero que mi hijo regrese y que tambi\u00e9n se le busque igual que como a cualquier persona\u201d reclam\u00f3 la madre de Jaime.<\/p>\n<p>En el patio que antecede a la iglesia de El Se\u00f1or de los Rayos una lona de pell\u00f3n pende de una de sus paredes, en esta puede leerse con letras grandes y may\u00fasculas\u00a0<strong>\u201cDESAPARECIDOS\u201d<\/strong>\u00a0y en otras m\u00e1s peque\u00f1as las frases\u00a0<strong>\u201cHasta Encontrarlos\u201d y \u201cD\u00f3nde est\u00e1n\u201d<\/strong>.\u00a0<strong>Ocho fotograf\u00edas y 16 nombres<\/strong>\u00a0tambi\u00e9n destacan en el cartel, se trata de los seres queridos desaparecidos de las familias que\u00a0<strong>decidieron unirse a esta acci\u00f3n<\/strong>\u00a0y que habitan en los alrededores de la colonia\u00a0<strong>Mesa Colorada Oriente en Zapopan:<\/strong><\/p>\n<p><em>Christian Ernesto Galindo Grajeda; Ricardo Alonso Jim\u00e9nez; Alexis Eduardo L\u00f3pez Ruiz; Martha Elena Aguilar; V\u00edctor Roberto Murillo; Jaime Adri\u00e1n Ram\u00edrez; Ra\u00fal S\u00e1nchez Medina; C\u00e9sar Eduardo Castro; Mauricio Cruz N\u00fa\u00f1ez; Kenia P\u00e9rez Duarte; Karla Garc\u00eda Duarte; Eduardo Osbaldo Soria Mendoza; Juan Carlos Arellano; Juan Manuel S\u00e1nchez; y Roberto Aguilar Mart\u00ednez.<\/em><\/p>\n<p><strong>Christian Ernesto Galindo Grajeda<\/strong><\/p>\n<p><strong>Christian Ernesto Galindo Grajeda<\/strong>\u00a0fue desaparecido a los 24 a\u00f1os el\u00a0<strong>14 de mayo de 2021<\/strong>; su madre Sandra, explica que todo sucedi\u00f3 en las inmediaciones de su casa en la colonia Jardines de la Esperanza, ah\u00ed mismo en Zapopan. El joven viv\u00eda con su pareja y, por lo tanto,\u00a0<strong>la \u00faltima que lo vio fue ella.<\/strong><\/p>\n<p>Narra que, en palabras de esta mujer ambos fueron \u201clevantados\u201d y s\u00f3lo ella consigui\u00f3 \u201csalir viva\u201d de aquel momento:<\/p>\n<p>\u201cAl parecer sali\u00f3 de la casa en la que viv\u00eda con su pareja, fue ah\u00ed en Jard\u00ednes de la Esperanza y la persona con la que \u00e9l viv\u00eda dice que salieron juntos y que los levantaron y que a ella la soltaron y que a \u00e9l lo mataron delante de ella\u201d.<\/p>\n<p>La denuncia por la desaparici\u00f3n de Christian fue levanta el\u00a0<strong>20 de mayo de 2021<\/strong>, en \u00e9sta advirti\u00f3 a su ministerio p\u00fablico y a su polic\u00eda investigador lo dicho por la pareja de su hijo y, si bien, la mujer fue llamada a declarar tiempo despu\u00e9s<strong>, esta acci\u00f3n s\u00f3lo se tradujo en estigma y revictimizaci\u00f3n para el joven y su familia<\/strong>:<\/p>\n<p>\u201cElla da una declaraci\u00f3n muy fuerte de mi hijo, donde ella dice que \u00e9l estaba involucrado con un grupo delictivo, la verdad yo desconozco si en realidad fue cierto o no fue cierto, as\u00ed que le dije a los de Fiscal\u00eda \u201caqu\u00ed no estamos para juzgar, estamos para ayudar y en este caso yo estoy buscando a mi desaparecido, que es mi hijo. Ya lo que haya \u00e9l hecho en vida, \u00e9l ya lo pag\u00f3 con su muerte y si no, pues yo hago responsable a estas dos personas de su desaparici\u00f3n de \u00e9l\u201d.<\/p>\n<p>Y es que para Sandra est\u00e1 claro que\u00a0<strong>lo m\u00e1s importante es localizar a su hijo.<\/strong><\/p>\n<p>Sus exigencias, como la mayor\u00eda de estas mujeres buscadoras es que la Fiscal\u00eda del Estado de Jalisco\u00a0<strong>\u201cse ponga a trabajar\u201d,<\/strong>\u00a0ya que, le queda claro que encontrar a las y los desaparecidos no es su prioridad:<\/p>\n<p>\u201cYo les he dicho \u201cdime t\u00fa qu\u00e9 has investigado para yo ver c\u00f3mo va la averiguaci\u00f3n\u201d. Yo ya les he llevado todo. Yo exijo que trabajen o nada m\u00e1s. Nom\u00e1s quiero recuperar a mi hijo, muerto, vivo, pero saber d\u00f3nde est\u00e1, por qu\u00e9, porque ya son tres meses y medio y yo no s\u00e9 nada de \u00e9l\u201d.<\/p>\n<p><strong>Roberto Aguilar Mart\u00ednez<\/strong><\/p>\n<p>Patricia busca a su esposo,\u00a0<strong>Roberto Aguilar Mart\u00ednez<\/strong>\u00a0quien fue desaparecido a los 49 a\u00f1os el 15 de diciembre de 2015, sali\u00f3 de su trabajo en una f\u00e1brica ubicada en la Zona Industrial de Guadalajara,\u00a0<strong>pero ya no regres\u00f3 a su hogar.<\/strong><\/p>\n<p>Ella, asegura que durante estos \u00faltimos 6 a\u00f1os\u00a0<strong>la Fiscal\u00eda del Estado de Jalisco s\u00f3lo ha acudido una vez a realizar diligencias de b\u00fasqueda<\/strong>\u00a0en las inmediaciones del lugar en el que fue desaparecido Roberto, por lo que, considera que\u00a0<strong>no ha habido avances sustanciales en su carpeta de investigaci\u00f3n<\/strong>:<\/p>\n<p>\u201cLa verdad no me dicen que hay solo avance. Una sola vez me dijeron que fueron a preguntar a la f\u00e1brica en la que trabajaba, pero en lo que respecta a m\u00ed no me han dicho si han ido a buscar a otras partes\u201d.<\/p>\n<p>Ya que en ese momento Roberto ten\u00eda que trasladarse desde Guadalajara hasta el municipio de Tala, lugar donde radicaba su familia,\u00a0<strong>Patricia cree que su desaparici\u00f3n pudo haber ocurrido en el trayecto a su hogar;<\/strong>\u00a0sin embargo, la pregunta a esta respuesta contin\u00faa sin ser respondida por las autoridades obligadas a hacerlo.<\/p>\n<p><strong>\u201cYo puse todo en manos de Dios\u201d,<\/strong>\u00a0dice a seis a\u00f1os de la desaparici\u00f3n de su esposo, mientras mantiene intacta la esperanza de volverle a ver:<\/p>\n<p>\u201cAunque ya van a ser seis a\u00f1os y todo el mundo me dice que si todav\u00eda tengo esperanzas, que, si todav\u00eda tengo algo, pues la verdad \u00a1s\u00ed, yo s\u00ed tengo esperanzas! Y vivo, muerto, como sea, pero m\u00e1s que nada tener una noticia porque es muy desgastante estar pensando qu\u00e9 pas\u00f3\u2026 pues para nosotros es como si se lo hubiera tragado la tierra porque no sabemos absolutamente nada\u201d.<\/p>\n<p><strong>\u201cNo exijo justicia, no busco culpables, no busco qui\u00e9n fue, yo busco a mi hija, yo latra quiero a ella, como Dios quiera, pero s\u00ed encontrarla ya\u201d<\/strong>\u00a0dice la madre de Kenia quien exige a las autoridades del estado de Jalisco que pongan todo en sus manos para traer de vuelta a su hija, a su amiga Karla, a su amigo Jaime y a cada ser querido ausente que hace falta en sus hogares:<\/p>\n<p>\u201cJaime es un desaparecido m\u00e1s que desapareci\u00f3 con Karla y Kenia porque se fueron los tres juntos\u2026 estamos en busca tambi\u00e9n de \u00e9l y no nom\u00e1s de \u00e9l, de muchos desaparecidos que hay y que no hallamos respuestas y porque pasa el tiempo y pasa el tiempo y no sabemos nada\u201d, finaliz\u00f3.<\/p>\n<p><a href=\"https:\/\/www.zonadocs.mx\/2021\/08\/29\/nos-siguen-faltando-reclaman-familiares-de-kenia-y-karla-mujeres-trans-desaparecidas-junto-a-familias-buscadoras-en-zapopan\/\">https:\/\/www.zonadocs.mx\/2021\/08\/29\/nos-siguen-faltando-reclaman-familiares-de-kenia-y-karla-mujeres-trans-desaparecidas-junto-a-familias-buscadoras-en-zapopan\/<\/a><\/p>\n","protected":false},"excerpt":{"rendered":"<p>Foto: Christian Cantero Con una acci\u00f3n religiosa familiares de Kenia Duarte P\u00e9rez y Karla Garc\u00eda Duarte, j\u00f3venes trans desaparecidas el 18 de septiembre de 2020 en la colonia Mesa Colorada &hellip; <a href=\"https:\/\/www.grieta.org.mx\/index.php\/2021\/08\/29\/nos-siguen-faltando-reclaman-familiares-de-kenia-y-karla-mujeres-trans-desaparecidas-junto-a-familias-buscadoras-en-zapopan-jalisco\/\" class=\"more-link\">Leer m\u00e1s<\/a><\/p>\n","protected":false},"author":2,"featured_media":61519,"comment_status":"closed","ping_status":"closed","sticky":false,"template":"","format":"standard","meta":{"ngg_post_thumbnail":0,"_jetpack_newsletter_access":"","_jetpack_dont_email_post_to_subs":false,"_jetpack_newsletter_tier_id":0,"_jetpack_memberships_contains_paywalled_content":false,"_jetpack_memberships_contains_paid_content":false,"footnotes":""},"categories":[80,87,1032,20,2,83,3670],"tags":[2484,1828,3370,121,1668,1226],"class_list":["post-61518","post","type-post","status-publish","format-standard","has-post-thumbnail","hentry","category-cintillo","category-desaparecidos","category-desaparecidos-en-jalisco","category-jalisco","category-noticias-nacionales","category-temas-nacionales","category-violencia-contra-la-comunidad-lgbtttiq-en-jalisco","tag-buscadoras","tag-busqueda-de-desaparecidos","tag-comunidad-trans","tag-desaparecidos","tag-familiares-de-desaparecidos","tag-violencia-contra-la-comunidad-lgbttti","entry"],"jetpack_featured_media_url":"https:\/\/www.grieta.org.mx\/wp-content\/uploads\/2021\/09\/photo4999207148336556971-1068x802-1.jpg","jetpack_sharing_enabled":true,"jetpack_shortlink":"https:\/\/wp.me\/p7ZJR4-g0e","jetpack_likes_enabled":false,"jetpack-related-posts":[{"id":57192,"url":"https:\/\/www.grieta.org.mx\/index.php\/2021\/02\/18\/cinco-meses-sin-kenia-y-karla-mujeres-trans-desaparecidas-en-jalisco\/","url_meta":{"origin":61518,"position":0},"title":"Cinco meses sin Kenia y Karla, mujeres trans desaparecidas en Jalisco","author":"grieta","date":"18 febrero, 2021","format":false,"excerpt":"Imagen: Zona Docs Este 18 de febrero se cumplieron cinco meses de la desaparici\u00f3n de Kenia Duarte P\u00e9rez de 20 a\u00f1os y su amiga Karla Garc\u00eda Duarte de 22 a\u00f1os, desaparecidas en septiembre de 2020 en la colonia Mesa Colorada Oriente del municipio de Zapopan, mientras se dirig\u00edan a una\u2026","rel":"","context":"En &quot;CINTILLO&quot;","block_context":{"text":"CINTILLO","link":"https:\/\/www.grieta.org.mx\/index.php\/category\/cintillo\/"},"img":{"alt_text":"","src":"https:\/\/i0.wp.com\/www.grieta.org.mx\/wp-content\/uploads\/2021\/02\/Copia-de-Copia-de-Disenos-portada-2-2.jpg?resize=350%2C200&ssl=1","width":350,"height":200,"srcset":"https:\/\/i0.wp.com\/www.grieta.org.mx\/wp-content\/uploads\/2021\/02\/Copia-de-Copia-de-Disenos-portada-2-2.jpg?resize=350%2C200&ssl=1 1x, https:\/\/i0.wp.com\/www.grieta.org.mx\/wp-content\/uploads\/2021\/02\/Copia-de-Copia-de-Disenos-portada-2-2.jpg?resize=525%2C300&ssl=1 1.5x, https:\/\/i0.wp.com\/www.grieta.org.mx\/wp-content\/uploads\/2021\/02\/Copia-de-Copia-de-Disenos-portada-2-2.jpg?resize=700%2C400&ssl=1 2x, https:\/\/i0.wp.com\/www.grieta.org.mx\/wp-content\/uploads\/2021\/02\/Copia-de-Copia-de-Disenos-portada-2-2.jpg?resize=1050%2C600&ssl=1 3x, https:\/\/i0.wp.com\/www.grieta.org.mx\/wp-content\/uploads\/2021\/02\/Copia-de-Copia-de-Disenos-portada-2-2.jpg?resize=1400%2C800&ssl=1 4x"},"classes":[]},{"id":62008,"url":"https:\/\/www.grieta.org.mx\/index.php\/2021\/09\/19\/a-un-ano-de-la-desaparicion-de-kenia-y-karla-piden-a-autoridades-mas-apertura-jalisco\/","url_meta":{"origin":61518,"position":1},"title":"A un a\u00f1o de la desaparici\u00f3n de Kenia y Karla piden a autoridades m\u00e1s apertura (Jalisco)","author":"grieta","date":"19 septiembre, 2021","format":false,"excerpt":"Foto: El Occidental Isabel R\u00edos \/ El Occidental A un a\u00f1o de la desaparici\u00f3n de Kenia Duarte P\u00e9rez y Karla Garc\u00eda Duarte, as\u00ed como de Jaime Adri\u00e1n Ram\u00edrez Sol\u00eds, en el municipio de Zapopan, el colectivo Uni\u00f3n Diversa de Jalisco pidi\u00f3 a las autoridades se garanticen los derechos de los\u2026","rel":"","context":"En &quot;CINTILLO&quot;","block_context":{"text":"CINTILLO","link":"https:\/\/www.grieta.org.mx\/index.php\/category\/cintillo\/"},"img":{"alt_text":"","src":"https:\/\/i0.wp.com\/www.grieta.org.mx\/wp-content\/uploads\/2021\/09\/Nos-siguen-faltando.jpeg?resize=350%2C200&ssl=1","width":350,"height":200,"srcset":"https:\/\/i0.wp.com\/www.grieta.org.mx\/wp-content\/uploads\/2021\/09\/Nos-siguen-faltando.jpeg?resize=350%2C200&ssl=1 1x, https:\/\/i0.wp.com\/www.grieta.org.mx\/wp-content\/uploads\/2021\/09\/Nos-siguen-faltando.jpeg?resize=525%2C300&ssl=1 1.5x, https:\/\/i0.wp.com\/www.grieta.org.mx\/wp-content\/uploads\/2021\/09\/Nos-siguen-faltando.jpeg?resize=700%2C400&ssl=1 2x"},"classes":[]},{"id":65295,"url":"https:\/\/www.grieta.org.mx\/index.php\/2022\/09\/21\/a-dos-anos-la-fiscalia-de-jalisco-solo-ha-conseguido-detener-a-una-persona-presuntamente-implicada-en-la-desaparicion-de-kenia-y-karla\/","url_meta":{"origin":61518,"position":2},"title":"A dos a\u00f1os la Fiscal\u00eda de Jalisco s\u00f3lo ha conseguido detener a una persona presuntamente implicada en la desaparici\u00f3n de Kenia y Karla","author":"grieta","date":"21 septiembre, 2022","format":false,"excerpt":"Imagen: Zona Docs M\u00e1s de 700 d\u00edas de exigencia no han sido suficientes para que la Fiscal\u00eda de Jalisco lleve a cabo las acciones necesarias para localizar a Kenia Duarte P\u00e9rez y Karla Garc\u00eda Duarte, mujeres trans desaparecidas en la colonia Mesa Colorada Oriente de Zapopan, Jalisco el 18 de\u2026","rel":"","context":"En &quot;CINTILLO&quot;","block_context":{"text":"CINTILLO","link":"https:\/\/www.grieta.org.mx\/index.php\/category\/cintillo\/"},"img":{"alt_text":"","src":"https:\/\/i0.wp.com\/www.grieta.org.mx\/wp-content\/uploads\/2022\/09\/photo1663786840-1-1068x801-1.jpeg?resize=350%2C200&ssl=1","width":350,"height":200,"srcset":"https:\/\/i0.wp.com\/www.grieta.org.mx\/wp-content\/uploads\/2022\/09\/photo1663786840-1-1068x801-1.jpeg?resize=350%2C200&ssl=1 1x, https:\/\/i0.wp.com\/www.grieta.org.mx\/wp-content\/uploads\/2022\/09\/photo1663786840-1-1068x801-1.jpeg?resize=525%2C300&ssl=1 1.5x, https:\/\/i0.wp.com\/www.grieta.org.mx\/wp-content\/uploads\/2022\/09\/photo1663786840-1-1068x801-1.jpeg?resize=700%2C400&ssl=1 2x, https:\/\/i0.wp.com\/www.grieta.org.mx\/wp-content\/uploads\/2022\/09\/photo1663786840-1-1068x801-1.jpeg?resize=1050%2C600&ssl=1 3x"},"classes":[]},{"id":71015,"url":"https:\/\/www.grieta.org.mx\/index.php\/2025\/02\/13\/familias-colocan-carteles-de-busqueda-en-zapopan-para-visibilizar-a-sus-desaparecidos-jalisco\/","url_meta":{"origin":61518,"position":3},"title":"Familias colocan carteles de b\u00fasqueda en Zapopan para visibilizar a sus desaparecidos (Jalisco)","author":"grieta","date":"13 febrero, 2025","format":false,"excerpt":"Imagen: Somos El Medio Redacci\u00f3n \/ Somos El Medio Zapopan, Jalisco, 13 de febrero 2025.-\u00a0 Con el objetivo de mantener viva la memoria de sus seres queridos y exigir justicia, integrantes del Colectivo Luz de Esperanza realizaron la intervenci\u00f3n\u00a0\u201cVentanas de Esperanza\u201d\u00a0este jueves en el Parque Villa Fantas\u00eda de Zapopan. En\u2026","rel":"","context":"En &quot;CINTILLO&quot;","block_context":{"text":"CINTILLO","link":"https:\/\/www.grieta.org.mx\/index.php\/category\/cintillo\/"},"img":{"alt_text":"","src":"https:\/\/i0.wp.com\/www.grieta.org.mx\/wp-content\/uploads\/2025\/02\/479517367_945272564446087_1865366007512027755_n.jpg?resize=350%2C200&ssl=1","width":350,"height":200,"srcset":"https:\/\/i0.wp.com\/www.grieta.org.mx\/wp-content\/uploads\/2025\/02\/479517367_945272564446087_1865366007512027755_n.jpg?resize=350%2C200&ssl=1 1x, https:\/\/i0.wp.com\/www.grieta.org.mx\/wp-content\/uploads\/2025\/02\/479517367_945272564446087_1865366007512027755_n.jpg?resize=525%2C300&ssl=1 1.5x, https:\/\/i0.wp.com\/www.grieta.org.mx\/wp-content\/uploads\/2025\/02\/479517367_945272564446087_1865366007512027755_n.jpg?resize=700%2C400&ssl=1 2x, https:\/\/i0.wp.com\/www.grieta.org.mx\/wp-content\/uploads\/2025\/02\/479517367_945272564446087_1865366007512027755_n.jpg?resize=1050%2C600&ssl=1 3x"},"classes":[]},{"id":54090,"url":"https:\/\/www.grieta.org.mx\/index.php\/2020\/10\/08\/mujeres-trans-desaparecen-en-jalisco-colectivos-denuncian-ante-la-onu\/","url_meta":{"origin":61518,"position":4},"title":"Mujeres trans desaparecen en Jalisco, colectivos denuncian ante la ONU","author":"grieta","date":"8 octubre, 2020","format":false,"excerpt":"Foto: Especial Dalia Souza \/ Pie de P\u00e1gina A las 23:24 horas de este mi\u00e9rcoles 7 de octubre, Protocolo Alba inform\u00f3 a trav\u00e9s de sus redes sociales que\u00a0Dafne Anah\u00ed V\u00e1zquez Ben\u00edtez, de 26 a\u00f1os, fue localizada. La joven se encontraba desaparecida desde el 18 de septiembre pasado,\u00a0luego de salir de\u2026","rel":"","context":"En &quot;CINTILLO&quot;","block_context":{"text":"CINTILLO","link":"https:\/\/www.grieta.org.mx\/index.php\/category\/cintillo\/"},"img":{"alt_text":"","src":"https:\/\/i0.wp.com\/www.grieta.org.mx\/wp-content\/uploads\/2020\/10\/photo5186190181655488652.jpg?resize=350%2C200&ssl=1","width":350,"height":200,"srcset":"https:\/\/i0.wp.com\/www.grieta.org.mx\/wp-content\/uploads\/2020\/10\/photo5186190181655488652.jpg?resize=350%2C200&ssl=1 1x, https:\/\/i0.wp.com\/www.grieta.org.mx\/wp-content\/uploads\/2020\/10\/photo5186190181655488652.jpg?resize=525%2C300&ssl=1 1.5x, https:\/\/i0.wp.com\/www.grieta.org.mx\/wp-content\/uploads\/2020\/10\/photo5186190181655488652.jpg?resize=700%2C400&ssl=1 2x, https:\/\/i0.wp.com\/www.grieta.org.mx\/wp-content\/uploads\/2020\/10\/photo5186190181655488652.jpg?resize=1050%2C600&ssl=1 3x"},"classes":[]},{"id":43156,"url":"https:\/\/www.grieta.org.mx\/index.php\/2020\/01\/13\/familiares-en-jalisco-convocan-a-primera-marcha-por-desaparecidos-en-el-estado\/","url_meta":{"origin":61518,"position":5},"title":"Familiares en Jalisco convocan a primera marcha por desaparecidos en el estado","author":"grieta","date":"13 enero, 2020","format":false,"excerpt":"Imagen: Zona Docs Con el lema \u201cporque cada d\u00eda que pasa su ausencia duele\u201d familiares de personas desaparecidas en Jalisco convocaron a la primera marcha pac\u00edfica del a\u00f1o para demandar el regreso de sus seres queridos. La caminata se llevar\u00e1 a cabo el pr\u00f3ximo domingo 26 de enero a las\u2026","rel":"","context":"En &quot;CINTILLO&quot;","block_context":{"text":"CINTILLO","link":"https:\/\/www.grieta.org.mx\/index.php\/category\/cintillo\/"},"img":{"alt_text":"","src":"https:\/\/i0.wp.com\/www.grieta.org.mx\/wp-content\/uploads\/2020\/01\/Unknown-8-2-1200x640.jpeg?resize=350%2C200&ssl=1","width":350,"height":200,"srcset":"https:\/\/i0.wp.com\/www.grieta.org.mx\/wp-content\/uploads\/2020\/01\/Unknown-8-2-1200x640.jpeg?resize=350%2C200&ssl=1 1x, https:\/\/i0.wp.com\/www.grieta.org.mx\/wp-content\/uploads\/2020\/01\/Unknown-8-2-1200x640.jpeg?resize=525%2C300&ssl=1 1.5x, https:\/\/i0.wp.com\/www.grieta.org.mx\/wp-content\/uploads\/2020\/01\/Unknown-8-2-1200x640.jpeg?resize=700%2C400&ssl=1 2x, https:\/\/i0.wp.com\/www.grieta.org.mx\/wp-content\/uploads\/2020\/01\/Unknown-8-2-1200x640.jpeg?resize=1050%2C600&ssl=1 3x"},"classes":[]}],"_links":{"self":[{"href":"https:\/\/www.grieta.org.mx\/index.php\/wp-json\/wp\/v2\/posts\/61518","targetHints":{"allow":["GET"]}}],"collection":[{"href":"https:\/\/www.grieta.org.mx\/index.php\/wp-json\/wp\/v2\/posts"}],"about":[{"href":"https:\/\/www.grieta.org.mx\/index.php\/wp-json\/wp\/v2\/types\/post"}],"author":[{"embeddable":true,"href":"https:\/\/www.grieta.org.mx\/index.php\/wp-json\/wp\/v2\/users\/2"}],"replies":[{"embeddable":true,"href":"https:\/\/www.grieta.org.mx\/index.php\/wp-json\/wp\/v2\/comments?post=61518"}],"version-history":[{"count":1,"href":"https:\/\/www.grieta.org.mx\/index.php\/wp-json\/wp\/v2\/posts\/61518\/revisions"}],"predecessor-version":[{"id":61520,"href":"https:\/\/www.grieta.org.mx\/index.php\/wp-json\/wp\/v2\/posts\/61518\/revisions\/61520"}],"wp:featuredmedia":[{"embeddable":true,"href":"https:\/\/www.grieta.org.mx\/index.php\/wp-json\/wp\/v2\/media\/61519"}],"wp:attachment":[{"href":"https:\/\/www.grieta.org.mx\/index.php\/wp-json\/wp\/v2\/media?parent=61518"}],"wp:term":[{"taxonomy":"category","embeddable":true,"href":"https:\/\/www.grieta.org.mx\/index.php\/wp-json\/wp\/v2\/categories?post=61518"},{"taxonomy":"post_tag","embeddable":true,"href":"https:\/\/www.grieta.org.mx\/index.php\/wp-json\/wp\/v2\/tags?post=61518"}],"curies":[{"name":"wp","href":"https:\/\/api.w.org\/{rel}","templated":true}]}}