{"id":61509,"date":"2021-08-30T14:46:57","date_gmt":"2021-08-30T19:46:57","guid":{"rendered":"https:\/\/www.grieta.org.mx\/?p=61509"},"modified":"2021-09-05T15:03:45","modified_gmt":"2021-09-05T20:03:45","slug":"exige-red-a-diputados-que-aprueben-leyes-que-eviten-desapariciones-en-colima","status":"publish","type":"post","link":"https:\/\/www.grieta.org.mx\/index.php\/2021\/08\/30\/exige-red-a-diputados-que-aprueben-leyes-que-eviten-desapariciones-en-colima\/","title":{"rendered":"Exige Red a diputados que aprueben leyes que eviten desapariciones en Colima"},"content":{"rendered":"<p>Foto: El Comentario<\/p>\n<p>Varias decenas de integrantes de la\u00a0<strong>Red Desaparecidos en Colima A.C.<\/strong>, marcharon por varias avenidas de la ciudad de\u00a0<strong>Colima<\/strong>, a fin de exigir a las autoridades que encuentren a sus familiares, algunos de los cuales cumplen ya 10 a\u00f1os en paradero desconocido y sin tener ninguna respuesta o apoyo gubernamental.<\/p>\n<p>La manifestaci\u00f3n parti\u00f3 del cruce de las avenidas\u00a0<strong>Camino Real<\/strong>\u00a0y\u00a0<strong>Sevilla del R\u00edo<\/strong>\u00a0rumbo a\u00a0<strong>Palacio de Gobierno<\/strong>, en el centro de la capital. Los participantes fueron acompa\u00f1ados de una patrulla de la\u00a0<strong>Direcci\u00f3n de Vialidad<\/strong>\u00a0del\u00a0<strong>Ayuntamiento de Colima<\/strong>\u00a0y de varios elementos de esa corporaci\u00f3n que circulan en bicicletas, todo ello a fin de garantizar la seguridad de los manifestantes.<\/p>\n<p>Durante la marcha, los manifestantes se detuvieron frente al\u00a0<strong>Congreso del estado<\/strong>, donde la se\u00f1ora\u00a0<strong>Carmen Sep\u00falveda G\u00f3mez<\/strong>, presidenta de la\u00a0<strong>Red Desaparecidos en Colima<\/strong>, exigi\u00f3 a los legisladores locales \u201cque no se olviden de nuestras familias que est\u00e1n pasando por un momento muy dif\u00edcil y que no llevan un d\u00eda, ni dos, ni un mes, hay familias que llevan 10 o 12 a\u00f1os viviendo sin vivir\u201d.<\/p>\n<p><strong>Sep\u00falveda G\u00f3mez<\/strong>\u00a0dijo: \u201cEsto tiene que cambiar, hay que modificar las leyes porque no puede seguir pasando esto, no podemos seguir sumando m\u00e1s familias a esta Red de Desaparecidos; algo se tiene que hacer, las instituciones gubernamentales tienen que hacer algo para que esto termine\u201d.<\/p>\n<p>La presidenta de la\u00a0<strong>Red de Desaparecidos en Colima<\/strong>\u00a0se\u00f1al\u00f3 que debe haber nuevas reformas, \u201cnuevas leyes para que esto ya no siga sucediendo, y si esto va a seguir as\u00ed, pues entonces hay que dotar a las instituciones de m\u00e1s elementos, porque les recordamos que tambi\u00e9n a ellos les pasa, entonces hay que ver que no solamente la sociedad civil es la que est\u00e1 mal\u201d.<\/p>\n<p>En su intervenci\u00f3n, indic\u00f3 que \u201cya no se puede seguir diciendo que los muchachos son delincuentes y que las muchachas son prostitutas, se oye muy feo, pero esto es lo que realmente est\u00e1 pasando\u201d.<\/p>\n<p>Mencion\u00f3 que se tiene que buscar entre todos, sociedad civil y\u00a0<strong>Gobierno<\/strong>, \u201chacer algo para que esto cambie. Si ustedes nos ayudan, nosotros ayudamos. Los valores existen, uno los da en nuestras casas, pero a veces esas personas que est\u00e1n mal, no les importa si los j\u00f3venes son buenos o son malos, o son ellos, o son ellos, nada m\u00e1s\u201d.<\/p>\n<p><strong>Carmen Sep\u00falveda G\u00f3mez<\/strong>\u00a0insisti\u00f3 en el llamado a los legisladores para modificar las leyes: \u201cSe\u00f1ores legisladores, necesitamos de su apoyo como\u00a0<strong>Gobierno<\/strong>. Ustedes est\u00e1n por nosotros, est\u00e1n para nosotros y para cumplirle al pueblo lo que el pueblo decide y lo que el pueblo exige, y el pueblo exige solamente justicia y que no haya m\u00e1s mujeres desaparecidas ni j\u00f3venes desaparecidos, ni tampoco m\u00e1s acusaciones falsas ni contra mujeres ni contra los j\u00f3venes\u201d.<\/p>\n<p>Les exigi\u00f3 a los legisladores que \u201chagan su trabajo, el que tienen que hacer, nada m\u00e1s eso pedimos, no pedimos dinero ni nada, solamente que localicen a nuestros desaparecidos, por eso les pedimos el apoyo para todos nosotros y que ustedes hagan su trabajo\u201d.<\/p>\n<p>Luego de esa parada, los manifestantes reanudaron la marcha y volvieron a realizar otro alto en las instalaciones de la\u00a0<strong>Rotonda de las Personas Ilustres<\/strong>, a la que ellos han rebautizado como la\u00a0<strong>Plaza de los Desaparecidos<\/strong>\u00a0y de ah\u00ed reanudaron rumbo al centro de la ciudad de\u00a0<strong>Colima<\/strong>.<\/p>\n<p><a href=\"https:\/\/elcomentario.ucol.mx\/exige-red-a-diputados-que-aprueben-leyes-que-eviten-desapariciones-en-colima\/\">https:\/\/elcomentario.ucol.mx\/exige-red-a-diputados-que-aprueben-leyes-que-eviten-desapariciones-en-colima\/<\/a><\/p>\n","protected":false},"excerpt":{"rendered":"<p>Foto: El Comentario Varias decenas de integrantes de la\u00a0Red Desaparecidos en Colima A.C., marcharon por varias avenidas de la ciudad de\u00a0Colima, a fin de exigir a las autoridades que encuentren &hellip; <a href=\"https:\/\/www.grieta.org.mx\/index.php\/2021\/08\/30\/exige-red-a-diputados-que-aprueben-leyes-que-eviten-desapariciones-en-colima\/\" class=\"more-link\">Leer m\u00e1s<\/a><\/p>\n","protected":false},"author":2,"featured_media":61510,"comment_status":"closed","ping_status":"closed","sticky":false,"template":"","format":"standard","meta":{"ngg_post_thumbnail":0,"_jetpack_newsletter_access":"","_jetpack_dont_email_post_to_subs":false,"_jetpack_newsletter_tier_id":0,"_jetpack_memberships_contains_paywalled_content":false,"_jetpack_memberships_contains_paid_content":false,"footnotes":""},"categories":[80,13,87,1829,2,83],"tags":[3791,1828,121,1668,1074,1228,3509],"class_list":["post-61509","post","type-post","status-publish","format-standard","has-post-thumbnail","hentry","category-cintillo","category-colima","category-desaparecidos","category-desaparecidos-en-colima","category-noticias-nacionales","category-temas-nacionales","tag-acciones-por-desaparecidos","tag-busqueda-de-desaparecidos","tag-desaparecidos","tag-familiares-de-desaparecidos","tag-protestas-contra-la-desaparicion-de-personas","tag-protestas-por-desaparecidos","tag-red-de-desaparecidos","entry"],"jetpack_featured_media_url":"https:\/\/www.grieta.org.mx\/wp-content\/uploads\/2021\/09\/ae92689352b5a3cfc9373a9bd401eee7.jpeg","jetpack_sharing_enabled":true,"jetpack_shortlink":"https:\/\/wp.me\/p7ZJR4-g05","jetpack_likes_enabled":false,"jetpack-related-posts":[{"id":60398,"url":"https:\/\/www.grieta.org.mx\/index.php\/2021\/07\/06\/familias-de-colima-recorren-jalisco-buscando-a-sus-desaparecidos\/","url_meta":{"origin":61509,"position":0},"title":"Familias de Colima recorren Jalisco buscando a sus desaparecidos","author":"grieta","date":"6 julio, 2021","format":false,"excerpt":"Foto:\u00a0 Diario Avanzada Heidi de Le\u00f3n Guti\u00e9rrez \/ Diario Avanzada Colima, M\u00e9xico, Avanzada (06\/07\/2021).- Integrantes de la Red de Personas Desaparecidas en Colima se encuentran en Jalisco para buscar a sus familiares \u00a0en hospitales, albergues,\u00a0 centros penitenciarios \u00a0y en distintos puntos de esa entidad como parte de la Jornada Nacional\u2026","rel":"","context":"En &quot;CINTILLO&quot;","block_context":{"text":"CINTILLO","link":"https:\/\/www.grieta.org.mx\/index.php\/category\/cintillo\/"},"img":{"alt_text":"","src":"https:\/\/i0.wp.com\/www.grieta.org.mx\/wp-content\/uploads\/2021\/07\/Des.png?resize=350%2C200&ssl=1","width":350,"height":200},"classes":[]},{"id":71951,"url":"https:\/\/www.grieta.org.mx\/index.php\/2025\/07\/03\/sospecha-red-de-desaparecidos-de-colima-que-en-jalisco-se-encuentran-sus-familiares\/","url_meta":{"origin":61509,"position":1},"title":"Sospecha Red de Desaparecidos de Colima que en Jalisco se encuentran sus familiares","author":"grieta","date":"3 julio, 2025","format":false,"excerpt":"Imagen: Tomada de Redes Sociales C\u00e9sar Barrera \/ El Comentario, Colima a\u00a0Red de Desaparecidos del Estado de Colima\u00a0expres\u00f3 su preocupaci\u00f3n por la posibilidad de que\u00a0personas desaparecidas\u00a0en territorio colimense est\u00e9n siendo trasladadas a Jalisco, estado al que apuntan diversos indicios recabados por integrantes del colectivo. Blanca Estela Ram\u00edrez, vocera de la\u2026","rel":"","context":"En &quot;CINTILLO&quot;","block_context":{"text":"CINTILLO","link":"https:\/\/www.grieta.org.mx\/index.php\/category\/cintillo\/"},"img":{"alt_text":"","src":"https:\/\/i0.wp.com\/www.grieta.org.mx\/wp-content\/uploads\/2025\/07\/desaparecidos.webp?resize=350%2C200&ssl=1","width":350,"height":200,"srcset":"https:\/\/i0.wp.com\/www.grieta.org.mx\/wp-content\/uploads\/2025\/07\/desaparecidos.webp?resize=350%2C200&ssl=1 1x, https:\/\/i0.wp.com\/www.grieta.org.mx\/wp-content\/uploads\/2025\/07\/desaparecidos.webp?resize=525%2C300&ssl=1 1.5x, https:\/\/i0.wp.com\/www.grieta.org.mx\/wp-content\/uploads\/2025\/07\/desaparecidos.webp?resize=700%2C400&ssl=1 2x"},"classes":[]},{"id":51305,"url":"https:\/\/www.grieta.org.mx\/index.php\/2020\/06\/26\/busqueda-de-desaparecidos-da-preferencia-a-personajes-colima\/","url_meta":{"origin":61509,"position":2},"title":"B\u00fasqueda de desaparecidos da preferencia a personajes (Colima)","author":"grieta","date":"26 junio, 2020","format":false,"excerpt":"Foto: El Diario de Colima Hugo Vel\u00e1zquez Roque \/ El Diario de Colima El colectivo Red de Desaparecidos en Colima acus\u00f3 que el trabajo de investigaci\u00f3n y b\u00fasqueda de personas desaparecidas en la entidad, por parte de autoridades estatales o federales, tiene un sesgo por la importancia del personaje. La\u2026","rel":"","context":"En &quot;CINTILLO&quot;","block_context":{"text":"CINTILLO","link":"https:\/\/www.grieta.org.mx\/index.php\/category\/cintillo\/"},"img":{"alt_text":"","src":"https:\/\/i0.wp.com\/www.grieta.org.mx\/wp-content\/uploads\/2020\/06\/6.6_.6_._._2.jpg?resize=350%2C200&ssl=1","width":350,"height":200,"srcset":"https:\/\/i0.wp.com\/www.grieta.org.mx\/wp-content\/uploads\/2020\/06\/6.6_.6_._._2.jpg?resize=350%2C200&ssl=1 1x, https:\/\/i0.wp.com\/www.grieta.org.mx\/wp-content\/uploads\/2020\/06\/6.6_.6_._._2.jpg?resize=525%2C300&ssl=1 1.5x, https:\/\/i0.wp.com\/www.grieta.org.mx\/wp-content\/uploads\/2020\/06\/6.6_.6_._._2.jpg?resize=700%2C400&ssl=1 2x"},"classes":[]},{"id":64406,"url":"https:\/\/www.grieta.org.mx\/index.php\/2022\/06\/19\/exigen-poner-fin-a-desapariciones-colima\/","url_meta":{"origin":61509,"position":3},"title":"Exigen poner fin a desapariciones (Colima)","author":"grieta","date":"19 junio, 2022","format":false,"excerpt":"Imagen: Diario de Colima Martha de la Torre \/ El Diario de Colima Mientras contin\u00fae la inseguridad y la violencia, seguir\u00e1n desapareciendo personas en Colima y en todo el pa\u00eds, as\u00ed lo considera la presidenta de la Red de Desaparecidos de Colima, Carmen Sep\u00falveda G\u00f3mez. Explic\u00f3 que la apat\u00eda del\u2026","rel":"","context":"En &quot;CINTILLO&quot;","block_context":{"text":"CINTILLO","link":"https:\/\/www.grieta.org.mx\/index.php\/category\/cintillo\/"},"img":{"alt_text":"","src":"https:\/\/i0.wp.com\/www.grieta.org.mx\/wp-content\/uploads\/2022\/06\/fgfdgsdf.jpg?resize=350%2C200&ssl=1","width":350,"height":200,"srcset":"https:\/\/i0.wp.com\/www.grieta.org.mx\/wp-content\/uploads\/2022\/06\/fgfdgsdf.jpg?resize=350%2C200&ssl=1 1x, https:\/\/i0.wp.com\/www.grieta.org.mx\/wp-content\/uploads\/2022\/06\/fgfdgsdf.jpg?resize=525%2C300&ssl=1 1.5x, https:\/\/i0.wp.com\/www.grieta.org.mx\/wp-content\/uploads\/2022\/06\/fgfdgsdf.jpg?resize=700%2C400&ssl=1 2x"},"classes":[]},{"id":67523,"url":"https:\/\/www.grieta.org.mx\/index.php\/2023\/08\/19\/se-manifestaran-por-la-aparicion-con-vida-de-carlos-donaldo-colima\/","url_meta":{"origin":61509,"position":4},"title":"Se manifestar\u00e1n por la aparici\u00f3n con vida de Carlos Donaldo (Colima)","author":"grieta","date":"19 agosto, 2023","format":false,"excerpt":"Imagen: Diario Avanzada Heidi de Le\u00f3n Guti\u00e9rrez \/ Diario Avanzada Colima, M\u00e9xico, Avanzada (19\/08\/2023).- La Red de Desaparecidos en Colima convoc\u00f3 a la sociedad en general a sumarse a la marcha\u00a0por la aparici\u00f3n con vida de Carlos Donaldo Campos Sep\u00falveda, quien fue privado de su libertad el 20 de agosto\u2026","rel":"","context":"En &quot;CINTILLO&quot;","block_context":{"text":"CINTILLO","link":"https:\/\/www.grieta.org.mx\/index.php\/category\/cintillo\/"},"img":{"alt_text":"","src":"https:\/\/i0.wp.com\/www.grieta.org.mx\/wp-content\/uploads\/2023\/08\/Carlos-Donaldo.webp?resize=350%2C200&ssl=1","width":350,"height":200},"classes":[]},{"id":51296,"url":"https:\/\/www.grieta.org.mx\/index.php\/2020\/06\/23\/colocan-lonas-con-imagenes-de-personas-desaparecidas-en-colima\/","url_meta":{"origin":61509,"position":5},"title":"Colocan lonas con im\u00e1genes de personas desaparecidas en Colima","author":"grieta","date":"23 junio, 2020","format":false,"excerpt":"Foto: El Comentario Redacci\u00f3n \/ El Comentario Un grupo de integrantes de la\u00a0Red de Desaparecidos de Colima\u00a0colocaron\u00a0lonas con im\u00e1genes y datos\u00a0de\u00a0personas que permanecen desaparecidas. El objetivo es\u00a0visibilizar a las v\u00edctimas\u00a0y para que la ciudadan\u00eda pueda colaborar en la localizaci\u00f3n de esas personas. Las im\u00e1genes fueron colocadas en el espacio conocido\u2026","rel":"","context":"En &quot;CINTILLO&quot;","block_context":{"text":"CINTILLO","link":"https:\/\/www.grieta.org.mx\/index.php\/category\/cintillo\/"},"img":{"alt_text":"","src":"https:\/\/i0.wp.com\/www.grieta.org.mx\/wp-content\/uploads\/2020\/06\/ceedc46492c4bce492ca06ce9bce77a7.jpeg?resize=350%2C200&ssl=1","width":350,"height":200,"srcset":"https:\/\/i0.wp.com\/www.grieta.org.mx\/wp-content\/uploads\/2020\/06\/ceedc46492c4bce492ca06ce9bce77a7.jpeg?resize=350%2C200&ssl=1 1x, https:\/\/i0.wp.com\/www.grieta.org.mx\/wp-content\/uploads\/2020\/06\/ceedc46492c4bce492ca06ce9bce77a7.jpeg?resize=525%2C300&ssl=1 1.5x, https:\/\/i0.wp.com\/www.grieta.org.mx\/wp-content\/uploads\/2020\/06\/ceedc46492c4bce492ca06ce9bce77a7.jpeg?resize=700%2C400&ssl=1 2x, https:\/\/i0.wp.com\/www.grieta.org.mx\/wp-content\/uploads\/2020\/06\/ceedc46492c4bce492ca06ce9bce77a7.jpeg?resize=1050%2C600&ssl=1 3x"},"classes":[]}],"_links":{"self":[{"href":"https:\/\/www.grieta.org.mx\/index.php\/wp-json\/wp\/v2\/posts\/61509","targetHints":{"allow":["GET"]}}],"collection":[{"href":"https:\/\/www.grieta.org.mx\/index.php\/wp-json\/wp\/v2\/posts"}],"about":[{"href":"https:\/\/www.grieta.org.mx\/index.php\/wp-json\/wp\/v2\/types\/post"}],"author":[{"embeddable":true,"href":"https:\/\/www.grieta.org.mx\/index.php\/wp-json\/wp\/v2\/users\/2"}],"replies":[{"embeddable":true,"href":"https:\/\/www.grieta.org.mx\/index.php\/wp-json\/wp\/v2\/comments?post=61509"}],"version-history":[{"count":1,"href":"https:\/\/www.grieta.org.mx\/index.php\/wp-json\/wp\/v2\/posts\/61509\/revisions"}],"predecessor-version":[{"id":61511,"href":"https:\/\/www.grieta.org.mx\/index.php\/wp-json\/wp\/v2\/posts\/61509\/revisions\/61511"}],"wp:featuredmedia":[{"embeddable":true,"href":"https:\/\/www.grieta.org.mx\/index.php\/wp-json\/wp\/v2\/media\/61510"}],"wp:attachment":[{"href":"https:\/\/www.grieta.org.mx\/index.php\/wp-json\/wp\/v2\/media?parent=61509"}],"wp:term":[{"taxonomy":"category","embeddable":true,"href":"https:\/\/www.grieta.org.mx\/index.php\/wp-json\/wp\/v2\/categories?post=61509"},{"taxonomy":"post_tag","embeddable":true,"href":"https:\/\/www.grieta.org.mx\/index.php\/wp-json\/wp\/v2\/tags?post=61509"}],"curies":[{"name":"wp","href":"https:\/\/api.w.org\/{rel}","templated":true}]}}