{"id":61465,"date":"2021-08-22T13:09:41","date_gmt":"2021-08-22T18:09:41","guid":{"rendered":"https:\/\/www.grieta.org.mx\/?p=61465"},"modified":"2021-09-01T13:15:10","modified_gmt":"2021-09-01T18:15:10","slug":"apenas-500-anos-despues-escuadron-maritimo-zapatista-en-voz-de-lupita-5-7","status":"publish","type":"post","link":"https:\/\/www.grieta.org.mx\/index.php\/2021\/08\/22\/apenas-500-anos-despues-escuadron-maritimo-zapatista-en-voz-de-lupita-5-7\/","title":{"rendered":"Apenas 500 a\u00f1os despu\u00e9s | Escuadr\u00f3n Mar\u00edtimo Zapatista \/ En voz de Lupita (5\/7)"},"content":{"rendered":"<div class=\"_1AZWZ\">\n<div class=\"_1KJEZ _1Zljb\" tabindex=\"-1\" data-hook=\"post-title\">\n<h1 class=\"_2zPFV _3hhFM blog-post-title-font blog-post-title-color blog-text-color post-title blog-hover-container-element-color _3DFPj blog-post-page-title-font\" data-hook=\"post-title\"><span style=\"color: #636363; font-family: Lato, 'Helvetica Neue', helvetica, arial, sans-serif; font-size: 15px;\">Por Medios Libres o como se llamen Publicado en Camino al Andar<\/span><\/h1>\n<\/div>\n<\/div>\n<div class=\"_6SyeS\" data-hook=\"post-description\">\n<article class=\"blog-post-page-font\">\n<div class=\"post-content__body\">\n<div class=\"_2cDMG\">\n<div class=\"_2cDMG\">\n<div class=\"bVAkx _3777I _1dQP3\" data-rce-version=\"8.50.2\">\n<div class=\"kcuBq _2msPJ _189VQ uatYj\" dir=\"ltr\" data-id=\"rich-content-viewer\">\n<div class=\"kaqlz _2S8BH\">\n<div data-hook=\"rcv-block1\"><\/div>\n<p id=\"viewer-95dnn\" class=\"XzvDs _208Ie _1atvN _2QAo- _25MYV _2WrB- _1atvN public-DraftStyleDefault-block-depth0 public-DraftStyleDefault-text-ltr\"><span class=\"vkIF2 public-DraftStyleDefault-ltr\">22 de agosto de 2021. <\/span><\/p>\n<div data-hook=\"rcv-block2\"><\/div>\n<div data-hook=\"rcv-block3\">\n<p id=\"viewer-95dnn\" class=\"XzvDs _208Ie _1atvN _2QAo- _25MYV _2WrB- _1atvN public-DraftStyleDefault-block-depth0 public-DraftStyleDefault-text-ltr\">\n<div data-hook=\"rcv-block2\"><\/div>\n<div id=\"viewer-6tifo\" class=\"q2uC4 _208vH\">\n<div class=\"c-Mgr dhpWm dhpWm _7gPc2\">\n<div class=\"F25pT _3l8wu\">\n<div class=\"o56NN\" data-loaded=\"true\">\n<div data-vimeo-initialized=\"true\"><iframe loading=\"lazy\" title=\"Apenas 500 a&amp;ntilde;os despu&amp;eacute;s | Escuadr&amp;oacute;n Mar&amp;iacute;timo Zapatista \/ En voz de Lupita (5\/7)\" src=\"https:\/\/player.vimeo.com\/video\/590706036?title=0&amp;byline=0&amp;portrait=0&amp;playsinline=0&amp;autopause=0&amp;app_id=122963&amp;h=f367deabc6\" width=\"640\" height=\"360\" frameborder=\"0\" allowfullscreen=\"allowfullscreen\" data-ready=\"true\"><\/iframe><\/div>\n<\/div>\n<\/div>\n<\/div>\n<\/div>\n<div data-hook=\"rcv-block3\"><\/div>\n<p id=\"viewer-5uknq\" class=\"XzvDs _208Ie _1atvN _2QAo- _1iXso _3_La3 _1atvN public-DraftStyleDefault-block-depth0 public-DraftStyleDefault-text-ltr\">\n<\/div>\n<p id=\"viewer-5uknq\" class=\"XzvDs _208Ie _1atvN _2QAo- _1iXso _3_La3 _1atvN public-DraftStyleDefault-block-depth0 public-DraftStyleDefault-text-ltr\"><span class=\"vkIF2 public-DraftStyleDefault-ltr\">Escuchamos las palabras del movimiento zapatista, el 13 de agosto pasado en Madrid, luego de una marcha hist\u00f3rica en las calles de la capital espa\u00f1ola, dos semanas despu\u00e9s del Encuentro de mujeres, personas trans, inter y no binarias de la otra Europa, en la Zona a Defender de Notre-Dame-des-Landes. La compa\u00f1era Lupita habla la lengua tsotsil y el espa\u00f1ol con fluidez. Es base de apoyo del EZLN y ha sido coordinadora regional de j\u00f3venes y administradora local de trabajo colectivo en el Caracol de Oventik. Se prepar\u00f3 durante seis meses para ser delegada de la Traves\u00eda por la Vida y fue voluntaria para viajar en barco a Europa con el Escuadr\u00f3n 421. Naveg\u00f3 a bordo del velero La Monta\u00f1a que parti\u00f3 el 2 de mayo de Isla Mujeres en la pen\u00ednsula yucateca y desembarc\u00f3 en Vigo, Galicia, el 22 de junio, donde se desempe\u00f1\u00f3 como Tercia Compa. Lupita camina escuchando, desde Madrid en la geograf\u00eda que se llama Espa\u00f1a y desde la Zona a defender en la geograf\u00eda que se llama Francia, en estos suelos y bajos estos cielos renombrados como Slumil K\u2019ajxemk\u2019op, o tierra insumisa.<\/span><\/p>\n<div data-hook=\"rcv-block4\"><\/div>\n<div id=\"viewer-6er2s\" class=\"XzvDs _208Ie _1atvN _2QAo- _1iXso _3_La3 _1atvN public-DraftStyleDefault-block-depth0 public-DraftStyleDefault-text-ltr\"><span class=\"vkIF2 public-DraftStyleDefault-ltr\">\u00a0<\/span><\/div>\n<div data-hook=\"rcv-block5\"><\/div>\n<p id=\"viewer-dn03b\" class=\"XzvDs _208Ie _1atvN _2QAo- _1iXso _3_La3 _1atvN public-DraftStyleDefault-block-depth0 public-DraftStyleDefault-text-ltr\"><span class=\"vkIF2 public-DraftStyleDefault-ltr\">#NoNosConquistaron#LaGiraZapatistaVa#MediosLibres<\/span><\/p>\n<div data-hook=\"rcv-block6\"><\/div>\n<div id=\"viewer-1adk9\" class=\"XzvDs _208Ie _1atvN _2QAo- _1iXso _3_La3 _1atvN public-DraftStyleDefault-block-depth0 public-DraftStyleDefault-text-ltr\"><span class=\"vkIF2 public-DraftStyleDefault-ltr\">\u00a0<\/span><\/div>\n<div data-hook=\"rcv-block7\"><\/div>\n<p id=\"viewer-6deqf\" class=\"XzvDs _208Ie _1atvN _2QAo- _1iXso _3_La3 _1atvN public-DraftStyleDefault-block-depth0 public-DraftStyleDefault-text-ltr\"><span class=\"vkIF2 public-DraftStyleDefault-ltr\">Apenas 500 a\u00f1os despu\u00e9s | Escuadr\u00f3n Mar\u00edtimo Zapatista \/ En voz de Lupita (5\/7)<\/span><\/p>\n<div data-hook=\"rcv-block8\"><\/div>\n<p id=\"viewer-fi09a\" class=\"XzvDs _208Ie _1atvN _2QAo- _1iXso _3_La3 _1atvN public-DraftStyleDefault-block-depth0 public-DraftStyleDefault-text-ltr\"><span class=\"vkIF2 public-DraftStyleDefault-ltr\">SERIE AUDIOVISUAL DE MEDIOS LIBRES O COMO SE LLAMEN, EN VOZ DE LUPITA DEL #ESCUADR\u00d3N421 EN LA PLAZA COL\u00d3N EN MADRID, ESPA\u00d1A, EL 13 DE AGOSTO 2021. <\/span><\/p>\n<div data-hook=\"rcv-block9\"><\/div>\n<p id=\"viewer-9pq73\" class=\"XzvDs _208Ie _1atvN _2QAo- _1iXso _3_La3 _1atvN public-DraftStyleDefault-block-depth0 public-DraftStyleDefault-text-ltr\"><span class=\"vkIF2 public-DraftStyleDefault-ltr\">EN VOZ DE LUPITA (5\/7): enlacezapatista.ezln.org.mx\/2021\/08\/13\/apenas-500-anos-despues\/<\/span><\/p>\n<div data-hook=\"rcv-block10\"><\/div>\n<p id=\"viewer-900t6\" class=\"XzvDs _208Ie _1atvN _2QAo- _1iXso _3_La3 _1atvN public-DraftStyleDefault-block-depth0 public-DraftStyleDefault-text-ltr\"><span class=\"vkIF2 public-DraftStyleDefault-ltr\">\u2022 Comunicados del EZLN y videos de Enlace Zapatista \u2022 Web europea en doce lenguas: Viaje Zapatista: viajezapatista.eu\/ \u2022 Redes sociales Medios Libres Chiapas pozol.org\/radiozapatista.org\/ \u2022 Canal Anartist Coordinaci\u00f3n Europea para el \u201cViaje por la vida\u201d, canal Vimeo \u00a1Compas Arriba! y canal YouTube Tejemedixs \u2022 Noticias en Camino Al Andar: caminoalandar.org\/<\/span><\/p>\n<\/div>\n<p><a href=\"https:\/\/www.caminoalandar.org\/post\/apenas-500-a%C3%B1os-despu%C3%A9s-escuadr%C3%B3n-mar%C3%ADtimo-zapatista-en-voz-de-lupita-5-7\">https:\/\/www.caminoalandar.org\/post\/apenas-500-a%C3%B1os-despu%C3%A9s-escuadr%C3%B3n-mar%C3%ADtimo-zapatista-en-voz-de-lupita-5-7<\/a><\/p>\n<\/div>\n<\/div>\n<\/div>\n<\/div>\n<\/div>\n<\/article>\n<\/div>\n","protected":false},"excerpt":{"rendered":"<p>Por Medios Libres o como se llamen Publicado en Camino al Andar 22 de agosto de 2021. Escuchamos las palabras del movimiento zapatista, el 13 de agosto pasado en Madrid, &hellip; <a href=\"https:\/\/www.grieta.org.mx\/index.php\/2021\/08\/22\/apenas-500-anos-despues-escuadron-maritimo-zapatista-en-voz-de-lupita-5-7\/\" class=\"more-link\">Leer m\u00e1s<\/a><\/p>\n","protected":false},"author":2,"featured_media":61466,"comment_status":"closed","ping_status":"closed","sticky":false,"template":"","format":"standard","meta":{"ngg_post_thumbnail":0,"_jetpack_newsletter_access":"","_jetpack_dont_email_post_to_subs":false,"_jetpack_newsletter_tier_id":0,"_jetpack_memberships_contains_paywalled_content":false,"_jetpack_memberships_contains_paid_content":false,"footnotes":""},"categories":[2,3916],"tags":[3925,466,3917],"class_list":["post-61465","post","type-post","status-publish","format-standard","has-post-thumbnail","hentry","category-noticias-nacionales","category-travesia-por-la-vida","tag-escuadron-421","tag-ezln","tag-travesia-por-la-vida","entry"],"jetpack_featured_media_url":"https:\/\/www.grieta.org.mx\/wp-content\/uploads\/2021\/09\/fggd.png","jetpack_sharing_enabled":true,"jetpack_shortlink":"https:\/\/wp.me\/p7ZJR4-fZn","jetpack_likes_enabled":false,"jetpack-related-posts":[{"id":59134,"url":"https:\/\/www.grieta.org.mx\/index.php\/2021\/05\/01\/cartas-nauticas-ii-escuadron-421-aborda-el-navio-la-montana\/","url_meta":{"origin":61465,"position":0},"title":"Cartas n\u00e1uticas II: Escuadr\u00f3n 421 aborda el nav\u00edo La Monta\u00f1a","author":"grieta","date":"1 mayo, 2021","format":false,"excerpt":"Radio Zapatista\/Radio Zapatista 1 mayo 2021 Isla Mujeres, 1 de mayo de 2021 La delegaci\u00f3n mar\u00edtima zapatista \u2013el\u00a0Escuadr\u00f3n 421\u00ad\u2013 abord\u00f3 ayer el nav\u00edo La Monta\u00f1a en tierras sagradas de la diosa maya Ixchel, en Isla Mujeres, Quintana Roo. Larga fue la traves\u00eda que la llev\u00f3 hasta aqu\u00ed \u00ady mucho m\u00e1s\u2026","rel":"","context":"En &quot;CINTILLO&quot;","block_context":{"text":"CINTILLO","link":"https:\/\/www.grieta.org.mx\/index.php\/category\/cintillo\/"},"img":{"alt_text":"","src":"https:\/\/i0.wp.com\/radiozapatista.org\/wp-content\/uploads\/2021\/05\/IMG_20210430_120913-350x197.jpg?resize=350%2C200&ssl=1","width":350,"height":200},"classes":[]},{"id":59140,"url":"https:\/\/www.grieta.org.mx\/index.php\/2021\/05\/03\/saludan-en-la-ciudad-de-mexico-el-inicio-de-la-travesia-maritima-zapatista-a-europa\/","url_meta":{"origin":61465,"position":1},"title":"Saludan en la Ciudad de M\u00e9xico el inicio de la traves\u00eda mar\u00edtima zapatista a Europa","author":"grieta","date":"3 mayo, 2021","format":false,"excerpt":"COLECTIVO GRIETA, Ciudad de M\u00e9xico, 2 de mayo.- Para hacer p\u00fablica su adhesi\u00f3n a la reciente iniciativa del Ej\u00e9rcito Zapatista de Liberaci\u00f3n Nacional (EZLN), \"Zapatistas. Una traves\u00eda por la vida\", y desearles buen viaje a los siete ind\u00edgenas mayas (tzotziles, tzeltales, choles y tojolabales) \u00a0integrantes del Escuadr\u00f3n 421 \u00a0que hoy\u2026","rel":"","context":"En &quot;CINTILLO&quot;","block_context":{"text":"CINTILLO","link":"https:\/\/www.grieta.org.mx\/index.php\/category\/cintillo\/"},"img":{"alt_text":"","src":"https:\/\/i0.wp.com\/www.grieta.org.mx\/wp-content\/uploads\/2021\/05\/Screenshot_2021-05-03-Saludan-en-la-Ciudad-de-Mexico-el-inicio-de-la-travesia-maritima-zapatista-a-Europa.png?resize=350%2C200&ssl=1","width":350,"height":200,"srcset":"https:\/\/i0.wp.com\/www.grieta.org.mx\/wp-content\/uploads\/2021\/05\/Screenshot_2021-05-03-Saludan-en-la-Ciudad-de-Mexico-el-inicio-de-la-travesia-maritima-zapatista-a-Europa.png?resize=350%2C200&ssl=1 1x, https:\/\/i0.wp.com\/www.grieta.org.mx\/wp-content\/uploads\/2021\/05\/Screenshot_2021-05-03-Saludan-en-la-Ciudad-de-Mexico-el-inicio-de-la-travesia-maritima-zapatista-a-Europa.png?resize=525%2C300&ssl=1 1.5x, https:\/\/i0.wp.com\/www.grieta.org.mx\/wp-content\/uploads\/2021\/05\/Screenshot_2021-05-03-Saludan-en-la-Ciudad-de-Mexico-el-inicio-de-la-travesia-maritima-zapatista-a-Europa.png?resize=700%2C400&ssl=1 2x"},"classes":[]},{"id":61128,"url":"https:\/\/www.grieta.org.mx\/index.php\/2021\/08\/15\/421-madrid-marcha\/","url_meta":{"origin":61465,"position":2},"title":"&#8220;No nos conquistaron&#8221;: La marcha y la palabra de la Brigada zapatista en Madrid,  13 de agosto (VIDEO)","author":"grieta","date":"15 agosto, 2021","format":false,"excerpt":"VOCESENLUCHA En medio de la Gira por la Vida, el Escuadr\u00f3n 421 del Ej\u00e9rcito Zapatista de Liberaci\u00f3n Nacional, #EZLN, llega a Madrid a 500 a\u00f1os de la invasi\u00f3n de Tenochtitl\u00e1n por parte del imperio espa\u00f1ol. En un evento hist\u00f3rico, el 13 de agosto de 2021 caminamos desde la Puerta del\u2026","rel":"","context":"En &quot;CINTILLO&quot;","block_context":{"text":"CINTILLO","link":"https:\/\/www.grieta.org.mx\/index.php\/category\/cintillo\/"},"img":{"alt_text":"","src":"https:\/\/i0.wp.com\/www.grieta.org.mx\/wp-content\/uploads\/2021\/08\/421-Madrid-13-08-MG_8073.jpg?resize=350%2C200&ssl=1","width":350,"height":200,"srcset":"https:\/\/i0.wp.com\/www.grieta.org.mx\/wp-content\/uploads\/2021\/08\/421-Madrid-13-08-MG_8073.jpg?resize=350%2C200&ssl=1 1x, https:\/\/i0.wp.com\/www.grieta.org.mx\/wp-content\/uploads\/2021\/08\/421-Madrid-13-08-MG_8073.jpg?resize=525%2C300&ssl=1 1.5x, https:\/\/i0.wp.com\/www.grieta.org.mx\/wp-content\/uploads\/2021\/08\/421-Madrid-13-08-MG_8073.jpg?resize=700%2C400&ssl=1 2x"},"classes":[]},{"id":61611,"url":"https:\/\/www.grieta.org.mx\/index.php\/2021\/09\/11\/escuadron-zapatista-regresa-a-mexico-despues-de-cuatro-meses-de-gira-por-europa\/","url_meta":{"origin":61465,"position":3},"title":"Escuadr\u00f3n zapatista regresa a M\u00e9xico despu\u00e9s de cuatro meses de gira por Europa","author":"grieta","date":"11 septiembre, 2021","format":false,"excerpt":"Foto: Cuartoscuro EFE\/ SIN EMBARGO Tras cuatro meses de una gira por Europa, el Escuadr\u00f3n 421 del Ej\u00e9rcito Zapatista de Liberaci\u00f3n Nacional regres\u00f3 a la Ciudad de M\u00e9xico. Ciudad de M\u00e9xico, 11 de septiembre (EFE).- El Escuadr\u00f3n 421, un grupo de ind\u00edgenas zapatistas mexicanos, volvi\u00f3 este s\u00e1bado a territorio mexicano\u2026","rel":"","context":"En &quot;CINTILLO&quot;","block_context":{"text":"CINTILLO","link":"https:\/\/www.grieta.org.mx\/index.php\/category\/cintillo\/"},"img":{"alt_text":"","src":"https:\/\/i0.wp.com\/www.grieta.org.mx\/wp-content\/uploads\/2021\/09\/FB_IMG_1631482770128.jpg?resize=350%2C200&ssl=1","width":350,"height":200,"srcset":"https:\/\/i0.wp.com\/www.grieta.org.mx\/wp-content\/uploads\/2021\/09\/FB_IMG_1631482770128.jpg?resize=350%2C200&ssl=1 1x, https:\/\/i0.wp.com\/www.grieta.org.mx\/wp-content\/uploads\/2021\/09\/FB_IMG_1631482770128.jpg?resize=525%2C300&ssl=1 1.5x, https:\/\/i0.wp.com\/www.grieta.org.mx\/wp-content\/uploads\/2021\/09\/FB_IMG_1631482770128.jpg?resize=700%2C400&ssl=1 2x"},"classes":[]},{"id":59433,"url":"https:\/\/www.grieta.org.mx\/index.php\/2021\/05\/22\/preparativos-en-la-otra-europa-para-recibir-a-la-travesia-zapatista-por-la-vida-videos-y-fotos\/","url_meta":{"origin":61465,"position":4},"title":"Preparativos en la Otra Europa para recibir a la &#8220;Traves\u00eda zapatista por la vida&#8221; (VIDEOS y FOTOS)","author":"grieta","date":"22 mayo, 2021","format":false,"excerpt":"Los pasados 15 y 16 de mayo, distintos colectivos y organizaciones europeas de abajo y a la izquierda realizaron actividades en preparaci\u00f3n de la llegada de parte de la delegaci\u00f3n del Ej\u00e9rcito Zapatista de Liberaci\u00f3n Nacional (EZLN) que navega hacia el Viejo Continente.\u00a0 Se comparten las im\u00e1genes de algunas de\u2026","rel":"","context":"En &quot;CINTILLO&quot;","block_context":{"text":"CINTILLO","link":"https:\/\/www.grieta.org.mx\/index.php\/category\/cintillo\/"},"img":{"alt_text":"","src":"https:\/\/i0.wp.com\/www.grieta.org.mx\/wp-content\/uploads\/2021\/05\/photo_2021-05-19_23-45-27.jpg?resize=350%2C200&ssl=1","width":350,"height":200,"srcset":"https:\/\/i0.wp.com\/www.grieta.org.mx\/wp-content\/uploads\/2021\/05\/photo_2021-05-19_23-45-27.jpg?resize=350%2C200&ssl=1 1x, https:\/\/i0.wp.com\/www.grieta.org.mx\/wp-content\/uploads\/2021\/05\/photo_2021-05-19_23-45-27.jpg?resize=525%2C300&ssl=1 1.5x, https:\/\/i0.wp.com\/www.grieta.org.mx\/wp-content\/uploads\/2021\/05\/photo_2021-05-19_23-45-27.jpg?resize=700%2C400&ssl=1 2x, https:\/\/i0.wp.com\/www.grieta.org.mx\/wp-content\/uploads\/2021\/05\/photo_2021-05-19_23-45-27.jpg?resize=1050%2C600&ssl=1 3x"},"classes":[]},{"id":60659,"url":"https:\/\/www.grieta.org.mx\/index.php\/2021\/07\/20\/travesia-por-la-vida-colectivos-realizan-en-paris-la-primera-asamblea-popular-en-espera-de-la-llegada-del-ezln-video\/","url_meta":{"origin":61465,"position":5},"title":"Traves\u00eda por la Vida: Colectivos realizan en Par\u00eds la primera asamblea popular en espera de recibir al EZLN (VIDEO)","author":"grieta","date":"20 julio, 2021","format":false,"excerpt":"Asamblea popular recibimiento Zapatistas.mp4 from RESISTENCIA CULTURAL on Vimeo. VIDEO:\u00a0TOKAPU FILMS ILUSTRACIONES:\u00a0 TALLER DE SERIGRAF\u00cdA DE SAINT OUEN REDACCI\u00d3N: COLECTIVO GRIETA El domingo 4 de julio los colectivos de Place des F\u00eates y des M\u00e8res Combattantes (de las Madres Combatientes)\u00a0 junto con muchos otras organizaciones que conforman la Coordinaci\u00f3n Ile\u2026","rel":"","context":"En &quot;CINTILLO&quot;","block_context":{"text":"CINTILLO","link":"https:\/\/www.grieta.org.mx\/index.php\/category\/cintillo\/"},"img":{"alt_text":"","src":"https:\/\/i0.wp.com\/www.grieta.org.mx\/wp-content\/uploads\/2021\/07\/photo_2021-07-20_03-25-10.jpg?resize=350%2C200&ssl=1","width":350,"height":200,"srcset":"https:\/\/i0.wp.com\/www.grieta.org.mx\/wp-content\/uploads\/2021\/07\/photo_2021-07-20_03-25-10.jpg?resize=350%2C200&ssl=1 1x, https:\/\/i0.wp.com\/www.grieta.org.mx\/wp-content\/uploads\/2021\/07\/photo_2021-07-20_03-25-10.jpg?resize=525%2C300&ssl=1 1.5x, https:\/\/i0.wp.com\/www.grieta.org.mx\/wp-content\/uploads\/2021\/07\/photo_2021-07-20_03-25-10.jpg?resize=700%2C400&ssl=1 2x"},"classes":[]}],"_links":{"self":[{"href":"https:\/\/www.grieta.org.mx\/index.php\/wp-json\/wp\/v2\/posts\/61465","targetHints":{"allow":["GET"]}}],"collection":[{"href":"https:\/\/www.grieta.org.mx\/index.php\/wp-json\/wp\/v2\/posts"}],"about":[{"href":"https:\/\/www.grieta.org.mx\/index.php\/wp-json\/wp\/v2\/types\/post"}],"author":[{"embeddable":true,"href":"https:\/\/www.grieta.org.mx\/index.php\/wp-json\/wp\/v2\/users\/2"}],"replies":[{"embeddable":true,"href":"https:\/\/www.grieta.org.mx\/index.php\/wp-json\/wp\/v2\/comments?post=61465"}],"version-history":[{"count":1,"href":"https:\/\/www.grieta.org.mx\/index.php\/wp-json\/wp\/v2\/posts\/61465\/revisions"}],"predecessor-version":[{"id":61468,"href":"https:\/\/www.grieta.org.mx\/index.php\/wp-json\/wp\/v2\/posts\/61465\/revisions\/61468"}],"wp:featuredmedia":[{"embeddable":true,"href":"https:\/\/www.grieta.org.mx\/index.php\/wp-json\/wp\/v2\/media\/61466"}],"wp:attachment":[{"href":"https:\/\/www.grieta.org.mx\/index.php\/wp-json\/wp\/v2\/media?parent=61465"}],"wp:term":[{"taxonomy":"category","embeddable":true,"href":"https:\/\/www.grieta.org.mx\/index.php\/wp-json\/wp\/v2\/categories?post=61465"},{"taxonomy":"post_tag","embeddable":true,"href":"https:\/\/www.grieta.org.mx\/index.php\/wp-json\/wp\/v2\/tags?post=61465"}],"curies":[{"name":"wp","href":"https:\/\/api.w.org\/{rel}","templated":true}]}}